{"id":999,"date":"2018-09-23T11:42:41","date_gmt":"2018-09-23T11:42:41","guid":{"rendered":"https:\/\/www.ahmadiyya-islam.org\/si\/?p=999"},"modified":"2018-09-27T19:59:06","modified_gmt":"2018-09-27T19:59:06","slug":"muslimani-ramadan-kuhali-brezdomce","status":"publish","type":"post","link":"https:\/\/www.ahmadiyya-islam.org\/si\/odmevi-v-medijih\/muslimani-ramadan-kuhali-brezdomce\/","title":{"rendered":"Muslimani ob ramadanu kuhali za brezdomce"},"content":{"rendered":"<div class=\"field field--name-field-podnaslov\">\n<div class=\"field__item\">\u010clani Dru\u0161tva za informiranje o islamu so minuli konec tedna ob ramadanu, islamskem mesecu postenja, kuhali ve\u010derjo za 25 brezdomcev.<\/div>\n<div><a href=\"https:\/\/www.ahmadiyya-islam.org\/si\/wp-content\/uploads\/sites\/11\/2018\/09\/Muslimani-ob-ramadanu-kuhali-za-brezdomce.jpg\"><img loading=\"lazy\" decoding=\"async\" class=\" wp-image-1196 aligncenter\" src=\"https:\/\/www.ahmadiyya-islam.org\/si\/wp-content\/uploads\/sites\/11\/2018\/09\/Muslimani-ob-ramadanu-kuhali-za-brezdomce.jpg\" alt=\"\" width=\"419\" height=\"558\" srcset=\"https:\/\/www.ahmadiyya-islam.org\/si\/wp-content\/uploads\/sites\/11\/2018\/09\/Muslimani-ob-ramadanu-kuhali-za-brezdomce.jpg 720w, https:\/\/www.ahmadiyya-islam.org\/si\/wp-content\/uploads\/sites\/11\/2018\/09\/Muslimani-ob-ramadanu-kuhali-za-brezdomce-225x300.jpg 225w\" sizes=\"auto, (max-width: 419px) 100vw, 419px\" \/><\/a><\/div>\n<\/div>\n<div class=\"field field--name-field-strukturirana-vsebina\">\n<div class=\"paragraph paragraph--besedilo paragraph--view-mode-default\">\n<div class=\"field field--name-field-besedilo\">\n<div class=\"field__item\">\n<p>Ramadan je deveti mesec v muslimanskem letu, ko je predpisan strog\u00a0post od zore do mraka. To je za pripadnike islama tudi \u010das duhovnosti in o\u010di\u0161\u010devanja, zato so se ti v Mariboru odlo\u010dili, da prisko\u010dijo na pomo\u010d tistim, ki so v socialni stiski. Za 25 mariborskih brezdomcev so pripravili ve\u010derjo.<\/p>\n<blockquote><p>\u00bbKer nas na\u0161a religija to u\u010di. So\u010dutje in prijaznost do ljudi je del vere. Posebej do ljudi, ki so revni ali manj sre\u010dni. \u010ce so muslimani ali ne muslimani, to ni pomembno. Vsi smo eno \u010dlove\u0161tvo in slu\u017eenje \u010dlove\u0161tvu je del islama,\u00ab nam je v lu\u010di dobrodelne ve\u010derje zaupal\u00a0Talha Ahmad, predsednik Dru\u0161tva za informiranje o islamu.<\/p><\/blockquote>\n<p>Ve\u010derjo, me\u0161anico pakistanske in slovenske kuhinje, so pripravili doma in jo pripeljali do zaveti\u0161\u010da za brezdomce na \u0160entiljski. Na jedilniku je bil ri\u017e s \u010de\u010deriko, zelenjavna omaka, pe\u010den pi\u0161\u010danec in solata.<\/p>\n<blockquote><p>\u00bbNamen ramadana ni samo post, ampak da postanemo bolj\u0161i ljudje zase in za druge. Zato ramadan in post promovirata donacijo in pomo\u010d do drugih \u0161e posebej manj sre\u010dnih ljudi,\u00ab \u0161e dodaja Ahmad.<\/p><\/blockquote>\n<\/div>\n<\/div>\n<\/div>\n<\/div>\n","protected":false},"excerpt":{"rendered":"<p>\u010clani Dru\u0161tva za informiranje o islamu so minuli konec tedna ob ramadanu, islamskem mesecu postenja, kuhali ve\u010derjo za 25 brezdomcev. Ramadan je deveti mesec v muslimanskem letu, ko je predpisan strog\u00a0post od zore do mraka. To je za pripadnike islama tudi \u010das duhovnosti in o\u010di\u0161\u010devanja, zato so se ti v Mariboru odlo\u010dili, da prisko\u010dijo na<\/p>\n","protected":false},"author":23,"featured_media":1197,"comment_status":"closed","ping_status":"closed","sticky":false,"template":"","format":"standard","meta":{"_acf_changed":false,"footnotes":""},"categories":[68],"tags":[158,112,159,18],"authors":[],"content_source":[],"class_list":["post-999","post","type-post","status-publish","format-standard","has-post-thumbnail","hentry","category-odmevi-v-medijih","tag-dobrodelnost","tag-maribor","tag-ramadan","tag-slovenija","topics-ramadan"],"acf":[],"yoast_head":"<!-- This site is optimized with the Yoast SEO Premium plugin v21.1 (Yoast SEO v27.4) - https:\/\/yoast.com\/product\/yoast-seo-premium-wordpress\/ -->\n<title>Muslimani ob ramadanu kuhali za brezdomce<\/title>\n<meta name=\"description\" content=\"Namen ramadana ni samo post, ampak da postanemo bolj\u0161i ljudje zase in za druge. Zato ramadan in post promovirata donacijo in pomo\u010d do drugih \u0161e posebej manj sre\u010dnih ljudi\" \/>\n<meta name=\"robots\" content=\"index, follow, max-snippet:-1, max-image-preview:large, max-video-preview:-1\" \/>\n<link rel=\"canonical\" href=\"https:\/\/www.ahmadiyya-islam.org\/si\/odmevi-v-medijih\/muslimani-ramadan-kuhali-brezdomce\/\" \/>\n<meta property=\"og:locale\" content=\"sl_SI\" \/>\n<meta property=\"og:type\" content=\"article\" \/>\n<meta property=\"og:title\" content=\"Muslimani ob ramadanu kuhali za brezdomce\" \/>\n<meta property=\"og:description\" content=\"Namen ramadana ni samo post, ampak da postanemo bolj\u0161i ljudje zase in za druge. Zato ramadan in post promovirata donacijo in pomo\u010d do drugih \u0161e posebej manj sre\u010dnih ljudi\" \/>\n<meta property=\"og:url\" content=\"https:\/\/www.ahmadiyya-islam.org\/si\/odmevi-v-medijih\/muslimani-ramadan-kuhali-brezdomce\/\" \/>\n<meta property=\"og:site_name\" content=\"Muslimanska skupnost Ahmadija\" \/>\n<meta property=\"article:published_time\" content=\"2018-09-23T11:42:41+00:00\" \/>\n<meta property=\"article:modified_time\" content=\"2018-09-27T19:59:06+00:00\" \/>\n<meta property=\"og:image\" content=\"https:\/\/www.ahmadiyya-islam.org\/si\/wp-content\/uploads\/sites\/11\/2018\/09\/Muslimani-ob-ramadanu-kuhali-za-brezdomce-2.jpg\" \/>\n\t<meta property=\"og:image:width\" content=\"880\" \/>\n\t<meta property=\"og:image:height\" content=\"550\" \/>\n\t<meta property=\"og:image:type\" content=\"image\/jpeg\" \/>\n<meta name=\"author\" content=\"sitalha1\" \/>\n<meta name=\"twitter:card\" content=\"summary_large_image\" \/>\n<meta name=\"twitter:label1\" content=\"Written by\" \/>\n\t<meta name=\"twitter:data1\" content=\"sitalha1\" \/>\n\t<meta name=\"twitter:label2\" content=\"Est. reading time\" \/>\n\t<meta name=\"twitter:data2\" content=\"1 minuta\" \/>\n<script type=\"application\/ld+json\" class=\"yoast-schema-graph\">{\"@context\":\"https:\\\/\\\/schema.org\",\"@graph\":[{\"@type\":\"Article\",\"@id\":\"https:\\\/\\\/www.ahmadiyya-islam.org\\\/si\\\/odmevi-v-medijih\\\/muslimani-ramadan-kuhali-brezdomce\\\/#article\",\"isPartOf\":{\"@id\":\"https:\\\/\\\/www.ahmadiyya-islam.org\\\/si\\\/odmevi-v-medijih\\\/muslimani-ramadan-kuhali-brezdomce\\\/\"},\"author\":{\"name\":\"sitalha1\",\"@id\":\"https:\\\/\\\/www.ahmadiyya-islam.org\\\/si\\\/#\\\/schema\\\/person\\\/261015785b9fe95bf26b5389e464b11a\"},\"headline\":\"Muslimani ob ramadanu kuhali za brezdomce\",\"datePublished\":\"2018-09-23T11:42:41+00:00\",\"dateModified\":\"2018-09-27T19:59:06+00:00\",\"mainEntityOfPage\":{\"@id\":\"https:\\\/\\\/www.ahmadiyya-islam.org\\\/si\\\/odmevi-v-medijih\\\/muslimani-ramadan-kuhali-brezdomce\\\/\"},\"wordCount\":219,\"image\":{\"@id\":\"https:\\\/\\\/www.ahmadiyya-islam.org\\\/si\\\/odmevi-v-medijih\\\/muslimani-ramadan-kuhali-brezdomce\\\/#primaryimage\"},\"thumbnailUrl\":\"https:\\\/\\\/www.ahmadiyya-islam.org\\\/si\\\/wp-content\\\/uploads\\\/sites\\\/11\\\/2018\\\/09\\\/Muslimani-ob-ramadanu-kuhali-za-brezdomce-2.jpg\",\"keywords\":[\"Dobrodelnost\",\"Maribor\",\"Ramadan\",\"Slovenija\"],\"articleSection\":[\"Odmevi v medijih\"],\"inLanguage\":\"sl-SI\"},{\"@type\":\"WebPage\",\"@id\":\"https:\\\/\\\/www.ahmadiyya-islam.org\\\/si\\\/odmevi-v-medijih\\\/muslimani-ramadan-kuhali-brezdomce\\\/\",\"url\":\"https:\\\/\\\/www.ahmadiyya-islam.org\\\/si\\\/odmevi-v-medijih\\\/muslimani-ramadan-kuhali-brezdomce\\\/\",\"name\":\"Muslimani ob ramadanu kuhali za brezdomce\",\"isPartOf\":{\"@id\":\"https:\\\/\\\/www.ahmadiyya-islam.org\\\/si\\\/#website\"},\"primaryImageOfPage\":{\"@id\":\"https:\\\/\\\/www.ahmadiyya-islam.org\\\/si\\\/odmevi-v-medijih\\\/muslimani-ramadan-kuhali-brezdomce\\\/#primaryimage\"},\"image\":{\"@id\":\"https:\\\/\\\/www.ahmadiyya-islam.org\\\/si\\\/odmevi-v-medijih\\\/muslimani-ramadan-kuhali-brezdomce\\\/#primaryimage\"},\"thumbnailUrl\":\"https:\\\/\\\/www.ahmadiyya-islam.org\\\/si\\\/wp-content\\\/uploads\\\/sites\\\/11\\\/2018\\\/09\\\/Muslimani-ob-ramadanu-kuhali-za-brezdomce-2.jpg\",\"datePublished\":\"2018-09-23T11:42:41+00:00\",\"dateModified\":\"2018-09-27T19:59:06+00:00\",\"author\":{\"@id\":\"https:\\\/\\\/www.ahmadiyya-islam.org\\\/si\\\/#\\\/schema\\\/person\\\/261015785b9fe95bf26b5389e464b11a\"},\"description\":\"Namen ramadana ni samo post, ampak da postanemo bolj\u0161i ljudje zase in za druge. Zato ramadan in post promovirata donacijo in pomo\u010d do drugih \u0161e posebej manj sre\u010dnih ljudi\",\"breadcrumb\":{\"@id\":\"https:\\\/\\\/www.ahmadiyya-islam.org\\\/si\\\/odmevi-v-medijih\\\/muslimani-ramadan-kuhali-brezdomce\\\/#breadcrumb\"},\"inLanguage\":\"sl-SI\",\"potentialAction\":[{\"@type\":\"ReadAction\",\"target\":[\"https:\\\/\\\/www.ahmadiyya-islam.org\\\/si\\\/odmevi-v-medijih\\\/muslimani-ramadan-kuhali-brezdomce\\\/\"]}]},{\"@type\":\"ImageObject\",\"inLanguage\":\"sl-SI\",\"@id\":\"https:\\\/\\\/www.ahmadiyya-islam.org\\\/si\\\/odmevi-v-medijih\\\/muslimani-ramadan-kuhali-brezdomce\\\/#primaryimage\",\"url\":\"https:\\\/\\\/www.ahmadiyya-islam.org\\\/si\\\/wp-content\\\/uploads\\\/sites\\\/11\\\/2018\\\/09\\\/Muslimani-ob-ramadanu-kuhali-za-brezdomce-2.jpg\",\"contentUrl\":\"https:\\\/\\\/www.ahmadiyya-islam.org\\\/si\\\/wp-content\\\/uploads\\\/sites\\\/11\\\/2018\\\/09\\\/Muslimani-ob-ramadanu-kuhali-za-brezdomce-2.jpg\",\"width\":880,\"height\":550,\"caption\":\"Ramadan\"},{\"@type\":\"BreadcrumbList\",\"@id\":\"https:\\\/\\\/www.ahmadiyya-islam.org\\\/si\\\/odmevi-v-medijih\\\/muslimani-ramadan-kuhali-brezdomce\\\/#breadcrumb\",\"itemListElement\":[{\"@type\":\"ListItem\",\"position\":1,\"name\":\"Home\",\"item\":\"https:\\\/\\\/www.ahmadiyya-islam.org\\\/si\\\/\"},{\"@type\":\"ListItem\",\"position\":2,\"name\":\"Muslimani ob ramadanu kuhali za brezdomce\"}]},{\"@type\":\"WebSite\",\"@id\":\"https:\\\/\\\/www.ahmadiyya-islam.org\\\/si\\\/#website\",\"url\":\"https:\\\/\\\/www.ahmadiyya-islam.org\\\/si\\\/\",\"name\":\"Muslimanska skupnost Ahmadija\",\"description\":\"Slovenija\",\"potentialAction\":[{\"@type\":\"SearchAction\",\"target\":{\"@type\":\"EntryPoint\",\"urlTemplate\":\"https:\\\/\\\/www.ahmadiyya-islam.org\\\/si\\\/?s={search_term_string}\"},\"query-input\":{\"@type\":\"PropertyValueSpecification\",\"valueRequired\":true,\"valueName\":\"search_term_string\"}}],\"inLanguage\":\"sl-SI\"},{\"@type\":\"Person\",\"@id\":\"https:\\\/\\\/www.ahmadiyya-islam.org\\\/si\\\/#\\\/schema\\\/person\\\/261015785b9fe95bf26b5389e464b11a\",\"name\":\"sitalha1\",\"url\":\"https:\\\/\\\/www.ahmadiyya-islam.org\\\/si\\\/author\\\/sitalha1\\\/\"}]}<\/script>\n<!-- \/ Yoast SEO Premium plugin. -->","yoast_head_json":{"title":"Muslimani ob ramadanu kuhali za brezdomce","description":"Namen ramadana ni samo post, ampak da postanemo bolj\u0161i ljudje zase in za druge. Zato ramadan in post promovirata donacijo in pomo\u010d do drugih \u0161e posebej manj sre\u010dnih ljudi","robots":{"index":"index","follow":"follow","max-snippet":"max-snippet:-1","max-image-preview":"max-image-preview:large","max-video-preview":"max-video-preview:-1"},"canonical":"https:\/\/www.ahmadiyya-islam.org\/si\/odmevi-v-medijih\/muslimani-ramadan-kuhali-brezdomce\/","og_locale":"sl_SI","og_type":"article","og_title":"Muslimani ob ramadanu kuhali za brezdomce","og_description":"Namen ramadana ni samo post, ampak da postanemo bolj\u0161i ljudje zase in za druge. Zato ramadan in post promovirata donacijo in pomo\u010d do drugih \u0161e posebej manj sre\u010dnih ljudi","og_url":"https:\/\/www.ahmadiyya-islam.org\/si\/odmevi-v-medijih\/muslimani-ramadan-kuhali-brezdomce\/","og_site_name":"Muslimanska skupnost Ahmadija","article_published_time":"2018-09-23T11:42:41+00:00","article_modified_time":"2018-09-27T19:59:06+00:00","og_image":[{"width":880,"height":550,"url":"https:\/\/www.ahmadiyya-islam.org\/si\/wp-content\/uploads\/sites\/11\/2018\/09\/Muslimani-ob-ramadanu-kuhali-za-brezdomce-2.jpg","type":"image\/jpeg"}],"author":"sitalha1","twitter_card":"summary_large_image","twitter_misc":{"Written by":"sitalha1","Est. reading time":"1 minuta"},"schema":{"@context":"https:\/\/schema.org","@graph":[{"@type":"Article","@id":"https:\/\/www.ahmadiyya-islam.org\/si\/odmevi-v-medijih\/muslimani-ramadan-kuhali-brezdomce\/#article","isPartOf":{"@id":"https:\/\/www.ahmadiyya-islam.org\/si\/odmevi-v-medijih\/muslimani-ramadan-kuhali-brezdomce\/"},"author":{"name":"sitalha1","@id":"https:\/\/www.ahmadiyya-islam.org\/si\/#\/schema\/person\/261015785b9fe95bf26b5389e464b11a"},"headline":"Muslimani ob ramadanu kuhali za brezdomce","datePublished":"2018-09-23T11:42:41+00:00","dateModified":"2018-09-27T19:59:06+00:00","mainEntityOfPage":{"@id":"https:\/\/www.ahmadiyya-islam.org\/si\/odmevi-v-medijih\/muslimani-ramadan-kuhali-brezdomce\/"},"wordCount":219,"image":{"@id":"https:\/\/www.ahmadiyya-islam.org\/si\/odmevi-v-medijih\/muslimani-ramadan-kuhali-brezdomce\/#primaryimage"},"thumbnailUrl":"https:\/\/www.ahmadiyya-islam.org\/si\/wp-content\/uploads\/sites\/11\/2018\/09\/Muslimani-ob-ramadanu-kuhali-za-brezdomce-2.jpg","keywords":["Dobrodelnost","Maribor","Ramadan","Slovenija"],"articleSection":["Odmevi v medijih"],"inLanguage":"sl-SI"},{"@type":"WebPage","@id":"https:\/\/www.ahmadiyya-islam.org\/si\/odmevi-v-medijih\/muslimani-ramadan-kuhali-brezdomce\/","url":"https:\/\/www.ahmadiyya-islam.org\/si\/odmevi-v-medijih\/muslimani-ramadan-kuhali-brezdomce\/","name":"Muslimani ob ramadanu kuhali za brezdomce","isPartOf":{"@id":"https:\/\/www.ahmadiyya-islam.org\/si\/#website"},"primaryImageOfPage":{"@id":"https:\/\/www.ahmadiyya-islam.org\/si\/odmevi-v-medijih\/muslimani-ramadan-kuhali-brezdomce\/#primaryimage"},"image":{"@id":"https:\/\/www.ahmadiyya-islam.org\/si\/odmevi-v-medijih\/muslimani-ramadan-kuhali-brezdomce\/#primaryimage"},"thumbnailUrl":"https:\/\/www.ahmadiyya-islam.org\/si\/wp-content\/uploads\/sites\/11\/2018\/09\/Muslimani-ob-ramadanu-kuhali-za-brezdomce-2.jpg","datePublished":"2018-09-23T11:42:41+00:00","dateModified":"2018-09-27T19:59:06+00:00","author":{"@id":"https:\/\/www.ahmadiyya-islam.org\/si\/#\/schema\/person\/261015785b9fe95bf26b5389e464b11a"},"description":"Namen ramadana ni samo post, ampak da postanemo bolj\u0161i ljudje zase in za druge. Zato ramadan in post promovirata donacijo in pomo\u010d do drugih \u0161e posebej manj sre\u010dnih ljudi","breadcrumb":{"@id":"https:\/\/www.ahmadiyya-islam.org\/si\/odmevi-v-medijih\/muslimani-ramadan-kuhali-brezdomce\/#breadcrumb"},"inLanguage":"sl-SI","potentialAction":[{"@type":"ReadAction","target":["https:\/\/www.ahmadiyya-islam.org\/si\/odmevi-v-medijih\/muslimani-ramadan-kuhali-brezdomce\/"]}]},{"@type":"ImageObject","inLanguage":"sl-SI","@id":"https:\/\/www.ahmadiyya-islam.org\/si\/odmevi-v-medijih\/muslimani-ramadan-kuhali-brezdomce\/#primaryimage","url":"https:\/\/www.ahmadiyya-islam.org\/si\/wp-content\/uploads\/sites\/11\/2018\/09\/Muslimani-ob-ramadanu-kuhali-za-brezdomce-2.jpg","contentUrl":"https:\/\/www.ahmadiyya-islam.org\/si\/wp-content\/uploads\/sites\/11\/2018\/09\/Muslimani-ob-ramadanu-kuhali-za-brezdomce-2.jpg","width":880,"height":550,"caption":"Ramadan"},{"@type":"BreadcrumbList","@id":"https:\/\/www.ahmadiyya-islam.org\/si\/odmevi-v-medijih\/muslimani-ramadan-kuhali-brezdomce\/#breadcrumb","itemListElement":[{"@type":"ListItem","position":1,"name":"Home","item":"https:\/\/www.ahmadiyya-islam.org\/si\/"},{"@type":"ListItem","position":2,"name":"Muslimani ob ramadanu kuhali za brezdomce"}]},{"@type":"WebSite","@id":"https:\/\/www.ahmadiyya-islam.org\/si\/#website","url":"https:\/\/www.ahmadiyya-islam.org\/si\/","name":"Muslimanska skupnost Ahmadija","description":"Slovenija","potentialAction":[{"@type":"SearchAction","target":{"@type":"EntryPoint","urlTemplate":"https:\/\/www.ahmadiyya-islam.org\/si\/?s={search_term_string}"},"query-input":{"@type":"PropertyValueSpecification","valueRequired":true,"valueName":"search_term_string"}}],"inLanguage":"sl-SI"},{"@type":"Person","@id":"https:\/\/www.ahmadiyya-islam.org\/si\/#\/schema\/person\/261015785b9fe95bf26b5389e464b11a","name":"sitalha1","url":"https:\/\/www.ahmadiyya-islam.org\/si\/author\/sitalha1\/"}]}},"_links":{"self":[{"href":"https:\/\/www.ahmadiyya-islam.org\/si\/wp-json\/wp\/v2\/posts\/999","targetHints":{"allow":["GET"]}}],"collection":[{"href":"https:\/\/www.ahmadiyya-islam.org\/si\/wp-json\/wp\/v2\/posts"}],"about":[{"href":"https:\/\/www.ahmadiyya-islam.org\/si\/wp-json\/wp\/v2\/types\/post"}],"author":[{"embeddable":true,"href":"https:\/\/www.ahmadiyya-islam.org\/si\/wp-json\/wp\/v2\/users\/23"}],"replies":[{"embeddable":true,"href":"https:\/\/www.ahmadiyya-islam.org\/si\/wp-json\/wp\/v2\/comments?post=999"}],"version-history":[{"count":0,"href":"https:\/\/www.ahmadiyya-islam.org\/si\/wp-json\/wp\/v2\/posts\/999\/revisions"}],"wp:featuredmedia":[{"embeddable":true,"href":"https:\/\/www.ahmadiyya-islam.org\/si\/wp-json\/wp\/v2\/media\/1197"}],"wp:attachment":[{"href":"https:\/\/www.ahmadiyya-islam.org\/si\/wp-json\/wp\/v2\/media?parent=999"}],"wp:term":[{"taxonomy":"category","embeddable":true,"href":"https:\/\/www.ahmadiyya-islam.org\/si\/wp-json\/wp\/v2\/categories?post=999"},{"taxonomy":"post_tag","embeddable":true,"href":"https:\/\/www.ahmadiyya-islam.org\/si\/wp-json\/wp\/v2\/tags?post=999"},{"taxonomy":"authors","embeddable":true,"href":"https:\/\/www.ahmadiyya-islam.org\/si\/wp-json\/wp\/v2\/authors?post=999"},{"taxonomy":"content_source","embeddable":true,"href":"https:\/\/www.ahmadiyya-islam.org\/si\/wp-json\/wp\/v2\/content_source?post=999"}],"curies":[{"name":"wp","href":"https:\/\/api.w.org\/{rel}","templated":true}]}}