{"id":997,"date":"2018-09-23T11:37:58","date_gmt":"2018-09-23T11:37:58","guid":{"rendered":"https:\/\/www.ahmadiyya-islam.org\/si\/?p=997"},"modified":"2018-09-27T20:01:57","modified_gmt":"2018-09-27T20:01:57","slug":"dan-zena","status":"publish","type":"post","link":"https:\/\/www.ahmadiyya-islam.org\/si\/odmevi-v-medijih\/dan-zena\/","title":{"rendered":"Muslimani ob dnevu \u017eena: \u00bb\u017delimo povedati in pokazati, da spo\u0161tujemo \u017eenske\u00ab"},"content":{"rendered":"<div class=\"field field--name-field-podnaslov\">\n<div class=\"field__item\">Na Trgu svobode smo se ustavili ob stojnici Dru\u0161tva za informiranje o islamu, ki je bila na dana\u0161nji dan postavljena z namenom informiranja ljudi o \u017eenskah v islamu.<\/div>\n<\/div>\n<div class=\"field field--name-field-strukturirana-vsebina\">\n<div class=\"paragraph paragraph--besedilo paragraph--view-mode-default\">\n<div class=\"field field--name-field-besedilo\">\n<div class=\"field__item\">\n<p>Ob dana\u0161njem\u00a0mednarodnem dnevu \u017eena\u00a0je\u00a0Dru\u0161tvo za informiranje o\u00a0islamu\u00a0v ta namen postavilo stojnico. Glavni cilj je bil informirati in izobraziti ljudi o napa\u010dno razumljenem pojmu \u017eensk v islamu, pravijo.<\/p>\n<blockquote><p>\u00bbKer je danes dan \u017eena po celem svetu, moram povedati, da tudi mi spo\u0161tujemo \u017eenske. V Sloveniji je veliko negativnih in napa\u010dnih informacij o tretiranju \u017eensk v islamu. Ob tej prilo\u017enosti \u017eelimo povedati in pokazati, da mi kot muslimani, tujci in begunci spo\u0161tujemo \u017eenske,\u00ab nam je v pogovoru zaupal\u00a0<strong>Talha Ahmad<\/strong>\u00a0iz Dru\u0161tva za informiranje o islamu.<\/p><\/blockquote>\n<\/div>\n<\/div>\n<\/div>\n<div class=\"paragraph paragraph--fotografija paragraph--view-mode-default\">\n<div class=\"field field--name-field-fotografija\">\n<div class=\"field__item\"><img loading=\"lazy\" decoding=\"async\" class=\"image-style--vsebina-fotogra aligncenter\" src=\"https:\/\/mariborinfo.com\/sites\/mariborinfo\/files\/styles\/vsebina_fotogra\/public\/slike\/paragraph-fotografija\/img_5449.jpg\" alt=\"\" width=\"640\" height=\"480\" \/><\/div>\n<\/div>\n<\/div>\n<div class=\"paragraph paragraph--besedilo paragraph--view-mode-default\">\n<div class=\"field field--name-field-besedilo\">\n<div class=\"field__item\">\n<p>Na Trgu svobode so tako danes od 11.00 do 15.00 \u017eenskam delili cvetje, mimoido\u010de so lahko\u00a0preizkusile muslimanske rute \u2013 hid\u017eabe,\u00a0delili so tudi bro\u0161ure o \u017eenskah v islamu.<\/p>\n<\/div>\n<\/div>\n<\/div>\n<div class=\"paragraph paragraph--fotografija paragraph--view-mode-default\">\n<div class=\"field field--name-field-fotografija\">\n<div class=\"field__item\"><a href=\"https:\/\/www.ahmadiyya-islam.org\/si\/wp-content\/uploads\/sites\/11\/2018\/09\/Muslimani-ob-dnevu-\u017eena-\u00bb\u017delimo-povedati-in-pokazati-da-spo\u0161tujemo-\u017eenske\u00ab.jpg\"><img loading=\"lazy\" decoding=\"async\" class=\" wp-image-1184 aligncenter\" src=\"https:\/\/www.ahmadiyya-islam.org\/si\/wp-content\/uploads\/sites\/11\/2018\/09\/Muslimani-ob-dnevu-\u017eena-\u00bb\u017delimo-povedati-in-pokazati-da-spo\u0161tujemo-\u017eenske\u00ab.jpg\" alt=\"\" width=\"690\" height=\"517\" srcset=\"https:\/\/www.ahmadiyya-islam.org\/si\/wp-content\/uploads\/sites\/11\/2018\/09\/Muslimani-ob-dnevu-\u017eena-\u00bb\u017delimo-povedati-in-pokazati-da-spo\u0161tujemo-\u017eenske\u00ab.jpg 1200w, https:\/\/www.ahmadiyya-islam.org\/si\/wp-content\/uploads\/sites\/11\/2018\/09\/Muslimani-ob-dnevu-\u017eena-\u00bb\u017delimo-povedati-in-pokazati-da-spo\u0161tujemo-\u017eenske\u00ab-300x225.jpg 300w, https:\/\/www.ahmadiyya-islam.org\/si\/wp-content\/uploads\/sites\/11\/2018\/09\/Muslimani-ob-dnevu-\u017eena-\u00bb\u017delimo-povedati-in-pokazati-da-spo\u0161tujemo-\u017eenske\u00ab-768x576.jpg 768w, https:\/\/www.ahmadiyya-islam.org\/si\/wp-content\/uploads\/sites\/11\/2018\/09\/Muslimani-ob-dnevu-\u017eena-\u00bb\u017delimo-povedati-in-pokazati-da-spo\u0161tujemo-\u017eenske\u00ab-1024x768.jpg 1024w\" sizes=\"auto, (max-width: 690px) 100vw, 690px\" \/><\/a><\/div>\n<\/div>\n<\/div>\n<div class=\"paragraph paragraph--besedilo paragraph--view-mode-default\">\n<div class=\"field field--name-field-besedilo\">\n<div class=\"field__item\">\n<blockquote><p>\u00bbLjudje imajo veliko napa\u010dnih informacij glede \u017eensk v islamu. Nekateri mislijo, da \u017eenske nimajo pravice do izobra\u017eevanja ali ekonomske pravice, vendar to ni res. Pravice, ki jih imamo v Evropi, imamo tudi mi v islamu, dobili smo jih ve\u010d kot\u00a0<strong>1400 let nazaj<\/strong>. Mnogi tudi mislijo, da so hid\u017eabi, muslimanske rute, za zatiranje in da jih morajo \u017eenske obvezno nositi. To nikakor ne dr\u017ei. V religiji islam ni sile, \u010de se \u017eenska \u017eeli pokriti s hid\u017eabom se lahko, \u010de ne \u017eeli ni potrebno. To so samo smernice, ki jim lahko sledijo in je odvisno od vsakega \u010dloveka,\u00ab pove Talha.<\/p><\/blockquote>\n<h3>Ljudje sprejeli pozitivno<\/h3>\n<p>Ahmad nam je \u0161e zaupal, da so mimoido\u010di njihovo stojnico sprejeli zelo pozitivno, ustavljali so se in spra\u0161evali kaj ponujajo. Sicer so dobili tudi tri negativne odzive, vendar je njihov namen, da \u0161irijo mir in spo\u0161tovanje.<\/p>\n<\/div>\n<\/div>\n<\/div>\n<div class=\"paragraph paragraph--besedilo paragraph--view-mode-default\">\n<div class=\"field field--name-field-besedilo\">\n<div class=\"field__item\">\n<blockquote><p>\u00bb\u010ceprav je danes mednarodni dan \u017eena, \u017eelim, da je tak dan vsak dan,\u00ab \u0161e zaklju\u010di Ahmad.<\/p><\/blockquote>\n<\/div>\n<\/div>\n<\/div>\n<\/div>\n","protected":false},"excerpt":{"rendered":"<p>Na Trgu svobode smo se ustavili ob stojnici Dru\u0161tva za informiranje o islamu, ki je bila na dana\u0161nji dan postavljena z namenom informiranja ljudi o \u017eenskah v islamu. Ob dana\u0161njem\u00a0mednarodnem dnevu \u017eena\u00a0je\u00a0Dru\u0161tvo za informiranje o\u00a0islamu\u00a0v ta namen postavilo stojnico. Glavni cilj je bil informirati in izobraziti ljudi o napa\u010dno razumljenem pojmu \u017eensk v islamu, pravijo.<\/p>\n","protected":false},"author":23,"featured_media":1186,"comment_status":"closed","ping_status":"closed","sticky":false,"template":"","format":"standard","meta":{"_acf_changed":false,"footnotes":""},"categories":[68],"tags":[60,112],"authors":[],"content_source":[],"class_list":["post-997","post","type-post","status-publish","format-standard","has-post-thumbnail","hentry","category-odmevi-v-medijih","tag-hidzab","tag-maribor","topics-zenske"],"acf":[],"yoast_head":"<!-- This site is optimized with the Yoast SEO Premium plugin v21.1 (Yoast SEO v27.4) - https:\/\/yoast.com\/product\/yoast-seo-premium-wordpress\/ -->\n<title>Muslimani ob dnevu \u017eena: \u00bb\u017delimo povedati in pokazati, da spo\u0161tujemo \u017eenske\u00ab<\/title>\n<meta name=\"description\" content=\"Ob dnevu \u017eena\u00a0je\u00a0Dru\u0161tvo za informiranje o\u00a0islamu postavilo stojnico. Glavni cilj je bil izobraziti ljudi o napa\u010dno razumljenem pojmu \u017eensk v islamu.\" \/>\n<meta name=\"robots\" content=\"index, follow, max-snippet:-1, max-image-preview:large, max-video-preview:-1\" \/>\n<link rel=\"canonical\" href=\"https:\/\/www.ahmadiyya-islam.org\/si\/odmevi-v-medijih\/dan-zena\/\" \/>\n<meta property=\"og:locale\" content=\"sl_SI\" \/>\n<meta property=\"og:type\" content=\"article\" \/>\n<meta property=\"og:title\" content=\"Muslimani ob dnevu \u017eena: \u00bb\u017delimo povedati in pokazati, da spo\u0161tujemo \u017eenske\u00ab\" \/>\n<meta property=\"og:description\" content=\"Ob dnevu \u017eena\u00a0je\u00a0Dru\u0161tvo za informiranje o\u00a0islamu postavilo stojnico. Glavni cilj je bil izobraziti ljudi o napa\u010dno razumljenem pojmu \u017eensk v islamu.\" \/>\n<meta property=\"og:url\" content=\"https:\/\/www.ahmadiyya-islam.org\/si\/odmevi-v-medijih\/dan-zena\/\" \/>\n<meta property=\"og:site_name\" content=\"Muslimanska skupnost Ahmadija\" \/>\n<meta property=\"article:published_time\" content=\"2018-09-23T11:37:58+00:00\" \/>\n<meta property=\"article:modified_time\" content=\"2018-09-27T20:01:57+00:00\" \/>\n<meta property=\"og:image\" content=\"https:\/\/www.ahmadiyya-islam.org\/si\/wp-content\/uploads\/sites\/11\/2018\/09\/Muslimani-ob-dnevu-\u017eena-\u00bb\u017delimo-povedati-in-pokazati-da-spo\u0161tujemo-\u017eenske\u00ab-3.jpg\" \/>\n\t<meta property=\"og:image:width\" content=\"1200\" \/>\n\t<meta property=\"og:image:height\" content=\"900\" \/>\n\t<meta property=\"og:image:type\" content=\"image\/jpeg\" \/>\n<meta name=\"author\" content=\"sitalha1\" \/>\n<meta name=\"twitter:card\" content=\"summary_large_image\" \/>\n<meta name=\"twitter:label1\" content=\"Written by\" \/>\n\t<meta name=\"twitter:data1\" content=\"sitalha1\" \/>\n\t<meta name=\"twitter:label2\" content=\"Est. reading time\" \/>\n\t<meta name=\"twitter:data2\" content=\"2 minuti\" \/>\n<script type=\"application\/ld+json\" class=\"yoast-schema-graph\">{\"@context\":\"https:\\\/\\\/schema.org\",\"@graph\":[{\"@type\":\"Article\",\"@id\":\"https:\\\/\\\/www.ahmadiyya-islam.org\\\/si\\\/odmevi-v-medijih\\\/dan-zena\\\/#article\",\"isPartOf\":{\"@id\":\"https:\\\/\\\/www.ahmadiyya-islam.org\\\/si\\\/odmevi-v-medijih\\\/dan-zena\\\/\"},\"author\":{\"name\":\"sitalha1\",\"@id\":\"https:\\\/\\\/www.ahmadiyya-islam.org\\\/si\\\/#\\\/schema\\\/person\\\/261015785b9fe95bf26b5389e464b11a\"},\"headline\":\"Muslimani ob dnevu \u017eena: \u00bb\u017delimo povedati in pokazati, da spo\u0161tujemo \u017eenske\u00ab\",\"datePublished\":\"2018-09-23T11:37:58+00:00\",\"dateModified\":\"2018-09-27T20:01:57+00:00\",\"mainEntityOfPage\":{\"@id\":\"https:\\\/\\\/www.ahmadiyya-islam.org\\\/si\\\/odmevi-v-medijih\\\/dan-zena\\\/\"},\"wordCount\":330,\"image\":{\"@id\":\"https:\\\/\\\/www.ahmadiyya-islam.org\\\/si\\\/odmevi-v-medijih\\\/dan-zena\\\/#primaryimage\"},\"thumbnailUrl\":\"https:\\\/\\\/www.ahmadiyya-islam.org\\\/si\\\/wp-content\\\/uploads\\\/sites\\\/11\\\/2018\\\/09\\\/Muslimani-ob-dnevu-\u017eena-\u00bb\u017delimo-povedati-in-pokazati-da-spo\u0161tujemo-\u017eenske\u00ab-3.jpg\",\"keywords\":[\"Hid\u017eab\",\"Maribor\"],\"articleSection\":[\"Odmevi v medijih\"],\"inLanguage\":\"sl-SI\"},{\"@type\":\"WebPage\",\"@id\":\"https:\\\/\\\/www.ahmadiyya-islam.org\\\/si\\\/odmevi-v-medijih\\\/dan-zena\\\/\",\"url\":\"https:\\\/\\\/www.ahmadiyya-islam.org\\\/si\\\/odmevi-v-medijih\\\/dan-zena\\\/\",\"name\":\"Muslimani ob dnevu \u017eena: \u00bb\u017delimo povedati in pokazati, da spo\u0161tujemo \u017eenske\u00ab\",\"isPartOf\":{\"@id\":\"https:\\\/\\\/www.ahmadiyya-islam.org\\\/si\\\/#website\"},\"primaryImageOfPage\":{\"@id\":\"https:\\\/\\\/www.ahmadiyya-islam.org\\\/si\\\/odmevi-v-medijih\\\/dan-zena\\\/#primaryimage\"},\"image\":{\"@id\":\"https:\\\/\\\/www.ahmadiyya-islam.org\\\/si\\\/odmevi-v-medijih\\\/dan-zena\\\/#primaryimage\"},\"thumbnailUrl\":\"https:\\\/\\\/www.ahmadiyya-islam.org\\\/si\\\/wp-content\\\/uploads\\\/sites\\\/11\\\/2018\\\/09\\\/Muslimani-ob-dnevu-\u017eena-\u00bb\u017delimo-povedati-in-pokazati-da-spo\u0161tujemo-\u017eenske\u00ab-3.jpg\",\"datePublished\":\"2018-09-23T11:37:58+00:00\",\"dateModified\":\"2018-09-27T20:01:57+00:00\",\"author\":{\"@id\":\"https:\\\/\\\/www.ahmadiyya-islam.org\\\/si\\\/#\\\/schema\\\/person\\\/261015785b9fe95bf26b5389e464b11a\"},\"description\":\"Ob dnevu \u017eena\u00a0je\u00a0Dru\u0161tvo za informiranje o\u00a0islamu postavilo stojnico. Glavni cilj je bil izobraziti ljudi o napa\u010dno razumljenem pojmu \u017eensk v islamu.\",\"breadcrumb\":{\"@id\":\"https:\\\/\\\/www.ahmadiyya-islam.org\\\/si\\\/odmevi-v-medijih\\\/dan-zena\\\/#breadcrumb\"},\"inLanguage\":\"sl-SI\",\"potentialAction\":[{\"@type\":\"ReadAction\",\"target\":[\"https:\\\/\\\/www.ahmadiyya-islam.org\\\/si\\\/odmevi-v-medijih\\\/dan-zena\\\/\"]}]},{\"@type\":\"ImageObject\",\"inLanguage\":\"sl-SI\",\"@id\":\"https:\\\/\\\/www.ahmadiyya-islam.org\\\/si\\\/odmevi-v-medijih\\\/dan-zena\\\/#primaryimage\",\"url\":\"https:\\\/\\\/www.ahmadiyya-islam.org\\\/si\\\/wp-content\\\/uploads\\\/sites\\\/11\\\/2018\\\/09\\\/Muslimani-ob-dnevu-\u017eena-\u00bb\u017delimo-povedati-in-pokazati-da-spo\u0161tujemo-\u017eenske\u00ab-3.jpg\",\"contentUrl\":\"https:\\\/\\\/www.ahmadiyya-islam.org\\\/si\\\/wp-content\\\/uploads\\\/sites\\\/11\\\/2018\\\/09\\\/Muslimani-ob-dnevu-\u017eena-\u00bb\u017delimo-povedati-in-pokazati-da-spo\u0161tujemo-\u017eenske\u00ab-3.jpg\",\"width\":1200,\"height\":900,\"caption\":\"Dan \u017eena\"},{\"@type\":\"BreadcrumbList\",\"@id\":\"https:\\\/\\\/www.ahmadiyya-islam.org\\\/si\\\/odmevi-v-medijih\\\/dan-zena\\\/#breadcrumb\",\"itemListElement\":[{\"@type\":\"ListItem\",\"position\":1,\"name\":\"Home\",\"item\":\"https:\\\/\\\/www.ahmadiyya-islam.org\\\/si\\\/\"},{\"@type\":\"ListItem\",\"position\":2,\"name\":\"Muslimani ob dnevu \u017eena: \u00bb\u017delimo povedati in pokazati, da spo\u0161tujemo \u017eenske\u00ab\"}]},{\"@type\":\"WebSite\",\"@id\":\"https:\\\/\\\/www.ahmadiyya-islam.org\\\/si\\\/#website\",\"url\":\"https:\\\/\\\/www.ahmadiyya-islam.org\\\/si\\\/\",\"name\":\"Muslimanska skupnost Ahmadija\",\"description\":\"Slovenija\",\"potentialAction\":[{\"@type\":\"SearchAction\",\"target\":{\"@type\":\"EntryPoint\",\"urlTemplate\":\"https:\\\/\\\/www.ahmadiyya-islam.org\\\/si\\\/?s={search_term_string}\"},\"query-input\":{\"@type\":\"PropertyValueSpecification\",\"valueRequired\":true,\"valueName\":\"search_term_string\"}}],\"inLanguage\":\"sl-SI\"},{\"@type\":\"Person\",\"@id\":\"https:\\\/\\\/www.ahmadiyya-islam.org\\\/si\\\/#\\\/schema\\\/person\\\/261015785b9fe95bf26b5389e464b11a\",\"name\":\"sitalha1\",\"url\":\"https:\\\/\\\/www.ahmadiyya-islam.org\\\/si\\\/author\\\/sitalha1\\\/\"}]}<\/script>\n<!-- \/ Yoast SEO Premium plugin. -->","yoast_head_json":{"title":"Muslimani ob dnevu \u017eena: \u00bb\u017delimo povedati in pokazati, da spo\u0161tujemo \u017eenske\u00ab","description":"Ob dnevu \u017eena\u00a0je\u00a0Dru\u0161tvo za informiranje o\u00a0islamu postavilo stojnico. Glavni cilj je bil izobraziti ljudi o napa\u010dno razumljenem pojmu \u017eensk v islamu.","robots":{"index":"index","follow":"follow","max-snippet":"max-snippet:-1","max-image-preview":"max-image-preview:large","max-video-preview":"max-video-preview:-1"},"canonical":"https:\/\/www.ahmadiyya-islam.org\/si\/odmevi-v-medijih\/dan-zena\/","og_locale":"sl_SI","og_type":"article","og_title":"Muslimani ob dnevu \u017eena: \u00bb\u017delimo povedati in pokazati, da spo\u0161tujemo \u017eenske\u00ab","og_description":"Ob dnevu \u017eena\u00a0je\u00a0Dru\u0161tvo za informiranje o\u00a0islamu postavilo stojnico. Glavni cilj je bil izobraziti ljudi o napa\u010dno razumljenem pojmu \u017eensk v islamu.","og_url":"https:\/\/www.ahmadiyya-islam.org\/si\/odmevi-v-medijih\/dan-zena\/","og_site_name":"Muslimanska skupnost Ahmadija","article_published_time":"2018-09-23T11:37:58+00:00","article_modified_time":"2018-09-27T20:01:57+00:00","og_image":[{"width":1200,"height":900,"url":"https:\/\/www.ahmadiyya-islam.org\/si\/wp-content\/uploads\/sites\/11\/2018\/09\/Muslimani-ob-dnevu-\u017eena-\u00bb\u017delimo-povedati-in-pokazati-da-spo\u0161tujemo-\u017eenske\u00ab-3.jpg","type":"image\/jpeg"}],"author":"sitalha1","twitter_card":"summary_large_image","twitter_misc":{"Written by":"sitalha1","Est. reading time":"2 minuti"},"schema":{"@context":"https:\/\/schema.org","@graph":[{"@type":"Article","@id":"https:\/\/www.ahmadiyya-islam.org\/si\/odmevi-v-medijih\/dan-zena\/#article","isPartOf":{"@id":"https:\/\/www.ahmadiyya-islam.org\/si\/odmevi-v-medijih\/dan-zena\/"},"author":{"name":"sitalha1","@id":"https:\/\/www.ahmadiyya-islam.org\/si\/#\/schema\/person\/261015785b9fe95bf26b5389e464b11a"},"headline":"Muslimani ob dnevu \u017eena: \u00bb\u017delimo povedati in pokazati, da spo\u0161tujemo \u017eenske\u00ab","datePublished":"2018-09-23T11:37:58+00:00","dateModified":"2018-09-27T20:01:57+00:00","mainEntityOfPage":{"@id":"https:\/\/www.ahmadiyya-islam.org\/si\/odmevi-v-medijih\/dan-zena\/"},"wordCount":330,"image":{"@id":"https:\/\/www.ahmadiyya-islam.org\/si\/odmevi-v-medijih\/dan-zena\/#primaryimage"},"thumbnailUrl":"https:\/\/www.ahmadiyya-islam.org\/si\/wp-content\/uploads\/sites\/11\/2018\/09\/Muslimani-ob-dnevu-\u017eena-\u00bb\u017delimo-povedati-in-pokazati-da-spo\u0161tujemo-\u017eenske\u00ab-3.jpg","keywords":["Hid\u017eab","Maribor"],"articleSection":["Odmevi v medijih"],"inLanguage":"sl-SI"},{"@type":"WebPage","@id":"https:\/\/www.ahmadiyya-islam.org\/si\/odmevi-v-medijih\/dan-zena\/","url":"https:\/\/www.ahmadiyya-islam.org\/si\/odmevi-v-medijih\/dan-zena\/","name":"Muslimani ob dnevu \u017eena: \u00bb\u017delimo povedati in pokazati, da spo\u0161tujemo \u017eenske\u00ab","isPartOf":{"@id":"https:\/\/www.ahmadiyya-islam.org\/si\/#website"},"primaryImageOfPage":{"@id":"https:\/\/www.ahmadiyya-islam.org\/si\/odmevi-v-medijih\/dan-zena\/#primaryimage"},"image":{"@id":"https:\/\/www.ahmadiyya-islam.org\/si\/odmevi-v-medijih\/dan-zena\/#primaryimage"},"thumbnailUrl":"https:\/\/www.ahmadiyya-islam.org\/si\/wp-content\/uploads\/sites\/11\/2018\/09\/Muslimani-ob-dnevu-\u017eena-\u00bb\u017delimo-povedati-in-pokazati-da-spo\u0161tujemo-\u017eenske\u00ab-3.jpg","datePublished":"2018-09-23T11:37:58+00:00","dateModified":"2018-09-27T20:01:57+00:00","author":{"@id":"https:\/\/www.ahmadiyya-islam.org\/si\/#\/schema\/person\/261015785b9fe95bf26b5389e464b11a"},"description":"Ob dnevu \u017eena\u00a0je\u00a0Dru\u0161tvo za informiranje o\u00a0islamu postavilo stojnico. Glavni cilj je bil izobraziti ljudi o napa\u010dno razumljenem pojmu \u017eensk v islamu.","breadcrumb":{"@id":"https:\/\/www.ahmadiyya-islam.org\/si\/odmevi-v-medijih\/dan-zena\/#breadcrumb"},"inLanguage":"sl-SI","potentialAction":[{"@type":"ReadAction","target":["https:\/\/www.ahmadiyya-islam.org\/si\/odmevi-v-medijih\/dan-zena\/"]}]},{"@type":"ImageObject","inLanguage":"sl-SI","@id":"https:\/\/www.ahmadiyya-islam.org\/si\/odmevi-v-medijih\/dan-zena\/#primaryimage","url":"https:\/\/www.ahmadiyya-islam.org\/si\/wp-content\/uploads\/sites\/11\/2018\/09\/Muslimani-ob-dnevu-\u017eena-\u00bb\u017delimo-povedati-in-pokazati-da-spo\u0161tujemo-\u017eenske\u00ab-3.jpg","contentUrl":"https:\/\/www.ahmadiyya-islam.org\/si\/wp-content\/uploads\/sites\/11\/2018\/09\/Muslimani-ob-dnevu-\u017eena-\u00bb\u017delimo-povedati-in-pokazati-da-spo\u0161tujemo-\u017eenske\u00ab-3.jpg","width":1200,"height":900,"caption":"Dan \u017eena"},{"@type":"BreadcrumbList","@id":"https:\/\/www.ahmadiyya-islam.org\/si\/odmevi-v-medijih\/dan-zena\/#breadcrumb","itemListElement":[{"@type":"ListItem","position":1,"name":"Home","item":"https:\/\/www.ahmadiyya-islam.org\/si\/"},{"@type":"ListItem","position":2,"name":"Muslimani ob dnevu \u017eena: \u00bb\u017delimo povedati in pokazati, da spo\u0161tujemo \u017eenske\u00ab"}]},{"@type":"WebSite","@id":"https:\/\/www.ahmadiyya-islam.org\/si\/#website","url":"https:\/\/www.ahmadiyya-islam.org\/si\/","name":"Muslimanska skupnost Ahmadija","description":"Slovenija","potentialAction":[{"@type":"SearchAction","target":{"@type":"EntryPoint","urlTemplate":"https:\/\/www.ahmadiyya-islam.org\/si\/?s={search_term_string}"},"query-input":{"@type":"PropertyValueSpecification","valueRequired":true,"valueName":"search_term_string"}}],"inLanguage":"sl-SI"},{"@type":"Person","@id":"https:\/\/www.ahmadiyya-islam.org\/si\/#\/schema\/person\/261015785b9fe95bf26b5389e464b11a","name":"sitalha1","url":"https:\/\/www.ahmadiyya-islam.org\/si\/author\/sitalha1\/"}]}},"_links":{"self":[{"href":"https:\/\/www.ahmadiyya-islam.org\/si\/wp-json\/wp\/v2\/posts\/997","targetHints":{"allow":["GET"]}}],"collection":[{"href":"https:\/\/www.ahmadiyya-islam.org\/si\/wp-json\/wp\/v2\/posts"}],"about":[{"href":"https:\/\/www.ahmadiyya-islam.org\/si\/wp-json\/wp\/v2\/types\/post"}],"author":[{"embeddable":true,"href":"https:\/\/www.ahmadiyya-islam.org\/si\/wp-json\/wp\/v2\/users\/23"}],"replies":[{"embeddable":true,"href":"https:\/\/www.ahmadiyya-islam.org\/si\/wp-json\/wp\/v2\/comments?post=997"}],"version-history":[{"count":0,"href":"https:\/\/www.ahmadiyya-islam.org\/si\/wp-json\/wp\/v2\/posts\/997\/revisions"}],"wp:featuredmedia":[{"embeddable":true,"href":"https:\/\/www.ahmadiyya-islam.org\/si\/wp-json\/wp\/v2\/media\/1186"}],"wp:attachment":[{"href":"https:\/\/www.ahmadiyya-islam.org\/si\/wp-json\/wp\/v2\/media?parent=997"}],"wp:term":[{"taxonomy":"category","embeddable":true,"href":"https:\/\/www.ahmadiyya-islam.org\/si\/wp-json\/wp\/v2\/categories?post=997"},{"taxonomy":"post_tag","embeddable":true,"href":"https:\/\/www.ahmadiyya-islam.org\/si\/wp-json\/wp\/v2\/tags?post=997"},{"taxonomy":"authors","embeddable":true,"href":"https:\/\/www.ahmadiyya-islam.org\/si\/wp-json\/wp\/v2\/authors?post=997"},{"taxonomy":"content_source","embeddable":true,"href":"https:\/\/www.ahmadiyya-islam.org\/si\/wp-json\/wp\/v2\/content_source?post=997"}],"curies":[{"name":"wp","href":"https:\/\/api.w.org\/{rel}","templated":true}]}}