{"id":685,"date":"2016-12-11T13:01:09","date_gmt":"2016-12-11T13:01:09","guid":{"rendered":"http:\/\/www.ahmadiyya-islam.org\/si\/?p=685"},"modified":"2017-03-18T19:51:07","modified_gmt":"2017-03-18T19:51:07","slug":"nosenje-hidzaba-v-sloveniji","status":"publish","type":"post","link":"https:\/\/www.ahmadiyya-islam.org\/si\/odmevi-v-medijih\/nosenje-hidzaba-v-sloveniji\/","title":{"rendered":"No\u0161enje hid\u017eaba v Sloveniji"},"content":{"rendered":"<p style=\"text-align: left\"><span lang=\"SL\"><span style=\"color: #000000;font-family: Calibri\">Kak\u0161en odnos pa imamo do no\u0161enja \u017eenskih muslimanskih pokrival Slovenci? Maha Ahmed iz Jemna, ki \u017eivi v Mariboru od leta 2014, mi je zaupala svojo izku\u0161njo. V Sloveniji se po\u010duti zelo dobro. Vse dni v tednu dela, ob koncu tedna pa pou\u010duje arab\u0161\u010dino. Nau\u010dila se je govoriti slovensko, da se lahko znajde v vsakdanjem \u017eivljenju. Spoznala je veliko ljudi in med njimi je na\u0161la tudi prijatelje.<\/span><\/span><\/p>\n<p><span lang=\"SL\"><span style=\"color: #000000;font-family: Calibri\">Na vpra\u0161anje, ali jo ljudje gledajo druga\u010de, ker nosi hid\u017eab, mi pritrdi, vendar se ji to ne zdi ni\u010d neobi\u010dajnega. <\/span><\/span><\/p>\n<blockquote><p><span lang=\"SL\"><span style=\"color: #000000;font-family: Calibri\">\u00bbTo me ne moti. Toda kadar ljudje strmijo vame in \u0161epetajo za mojim hrbtom, kot da sem iz drugega planeta, se po\u010dutim neprijetno. Veliko ljudi me spra\u0161uje o no\u0161enju hid\u017eaba. Ne moti me, \u010de mi ljudje zastavljajo vpra\u0161anja, saj to vodi do medsebojnega razumevanja, ki je pomembno, \u010de \u017eelimo sobivati, vendar so bila nekatera vpra\u0161anja nesramna in nevljudna.\u00ab<br \/>\n<\/span><\/span><\/p><\/blockquote>\n<p><span lang=\"SL\"><span style=\"color: #000000;font-family: Calibri\">Maha je do\u017eivela neprijetno izku\u0161njo, ko se je nekega ve\u010dera z mo\u017eem sprehajala po Mariboru. <\/span><\/span><\/p>\n<blockquote><p><span lang=\"SL\"><span style=\"color: #000000;font-family: Calibri\">\u00bbNekdo je za nama nesramno vzklikal: <\/span><i><span style=\"color: #000000;font-family: Calibri\">Allahu akbar<\/span><\/i><span style=\"color: #000000;font-family: Calibri\">. S tem izrazom nimam te\u017eav, saj pomeni <\/span><i><span style=\"color: #000000;font-family: Calibri\">Bog je velik<\/span><\/i><span style=\"color: #000000;font-family: Calibri\">. Toda kadar nemuslimani kri\u010dijo <\/span><i><span style=\"color: #000000;font-family: Calibri\">Allahu akbar<\/span><\/i><span style=\"color: #000000;font-family: Calibri\"> na negativen na\u010din, lahko pomeni nor\u010devanje iz na\u0161e vere ali pa gre za namigovanje, da nismo za\u017eeleni tukaj.\u00ab<br \/>\n<\/span><\/span><\/p><\/blockquote>\n<p><span lang=\"SL\"><span style=\"color: #000000;font-family: Calibri\">To ni bila edina negativna izku\u0161nja.<\/span><\/span><\/p>\n<blockquote><p><span lang=\"SL\"><span style=\"color: #000000;font-family: Calibri\">\u00bbNeko\u010d sva z mo\u017eem \u017eelela sosedom izro\u010diti novoletne \u010destitke, vendar eden od sosedov ni \u017eelel odpreti vrat in nama je rekel, naj izgineva. Nekateri odzivi Slovencev so me razo\u010darali, saj si kot tujka prizadevam za vklju\u010ditev v novo okolje in sku\u0161am pozitivno prispevati k dru\u017ebi. Toda kadar te doma\u010dini ne sprejmejo, je te\u017eko postati del dru\u017ebe. \u017de eno leto delam v \u0160entilju in Ljubljani kot prevajalka za begunce in pogosto so me policisti, vojska in drugi ljudje zamenjali za begunsko in celo kri\u010dali name. Toda obstajajo tudi ljudje, ki so me pohvalili zaradi no\u0161enja hid\u017eaba in mi rekli, da je zelo lepo.\u00ab<\/span><\/span><\/p><\/blockquote>\n<p><span lang=\"SL\"><span style=\"color: #000000;font-family: Calibri\">Maha si \u017eeli, da bi bili Slovenci bolj odprti za sprejemanje drugih kultur, in verjame, da je to mogo\u010de. \u00bbS prepoznavanjem dobrih zna\u010dilnosti druge kulture se namre\u010d u\u010dimo. Vsaka kultura ima dobre in slabe zna\u010dilnosti. V slovenski dru\u017ebi sem opazila veliko dobrih lastnosti, ki sem jih vklju\u010dila v svoje \u017eivljenje, in verjamem, da lahko Slovenci ravnajo podobno, saj bi s sprejemanjem drugih kultur obogatili svojo dr\u017eavo. Za prepre\u010devanje \u0161irjenja predsodkov pred no\u0161enjem muslimanskih obla\u010dil je pomembno ozave\u0161\u010danje o tem, zakaj \u017eenske nosijo obla\u010dila, ki prekrivajo telo. Podobe, ki jih vidimo v medijih, so namre\u010d zavajajo\u010de. Muslimane se pogosto sodi po dolo\u010denih dr\u017eavah, kjer veljajo strogi zakoni kot sta Savdska Arabija in Iran, kjer morajo biti tudi nemuslimanske \u017eenske pokrite. Veliko ljudje razume no\u0161enje rute in drugih muslimanskih obla\u010dil kot na\u010din zatiranja in omejevanje svobode \u017eensk. Toda prekrivanje telesa ni obveza, ampak svobodna izbira. Pomembno je razlikovati med islamskimi dr\u017eavami in islamsko religijo, saj ne smemo soditi vere po obna\u0161anju, pravilnih in ljudeh iz dolo\u010denih dr\u017eav. Za odpravljanje predsodkov je pomembno da se ljudje pogovarjajo z muslimani, saj veliko Slovencev \u0161e sploh ni sre\u010dalo ali govorilo z osebo muslimanskega rodu. Izobra\u017eevanje, komunikacija in razumevanje so temeljnega pomena za povezovanje razli\u010dnih kultur v Sloveniji,\u00ab pravi Maha.<\/span><\/span><\/p>\n<p><span lang=\"SL\"><span style=\"color: #000000;font-family: Calibri\">Dodaja, da si podobno kot drugi tujci ne \u017eeli biti obravnavana druga\u010de, ampak \u017eeli biti del slovenske dru\u017ebe. <\/span><\/span><\/p>\n<blockquote><p><span lang=\"SL\"><span style=\"color: #000000;font-family: Calibri\">\u00bbTo pa je mogo\u010de dose\u010di tako, da ustvarjamo prijateljstva ne glede na to, kak\u0161na obla\u010dila nosimo.\u00ab<\/span><\/span><\/p><\/blockquote>\n","protected":false},"excerpt":{"rendered":"<p>Kak\u0161en odnos pa imamo do no\u0161enja \u017eenskih muslimanskih pokrival Slovenci? Maha Ahmed iz Jemna, ki \u017eivi v Mariboru od leta 2014, mi je zaupala svojo izku\u0161njo. V Sloveniji se po\u010duti zelo dobro. Vse dni v tednu dela, ob koncu tedna pa pou\u010duje arab\u0161\u010dino. Nau\u010dila se je govoriti slovensko, da se lahko znajde v vsakdanjem \u017eivljenju.<\/p>\n","protected":false},"author":23,"featured_media":687,"comment_status":"open","ping_status":"closed","sticky":false,"template":"","format":"standard","meta":{"_acf_changed":false,"footnotes":""},"categories":[68],"tags":[60,112,111],"authors":[],"content_source":[],"class_list":["post-685","post","type-post","status-publish","format-standard","has-post-thumbnail","hentry","category-odmevi-v-medijih","tag-hidzab","tag-maribor","tag-ruta","topics-slovenija"],"acf":[],"yoast_head":"<!-- This site is optimized with the Yoast SEO Premium plugin v21.1 (Yoast SEO v27.4) - https:\/\/yoast.com\/product\/yoast-seo-premium-wordpress\/ -->\n<title>No\u0161enje hid\u017eaba v Sloveniji<\/title>\n<meta name=\"description\" content=\"Za odpravljanje predsodkov je pomembno da se ljudje pogovarjajo z muslimani, saj veliko Slovencev \u0161e sploh ni sre\u010dalo z osebo muslimanskega rodu.\" \/>\n<meta name=\"robots\" content=\"index, follow, max-snippet:-1, max-image-preview:large, max-video-preview:-1\" \/>\n<link rel=\"canonical\" href=\"https:\/\/www.ahmadiyya-islam.org\/si\/odmevi-v-medijih\/nosenje-hidzaba-v-sloveniji\/\" \/>\n<meta property=\"og:locale\" content=\"sl_SI\" \/>\n<meta property=\"og:type\" content=\"article\" \/>\n<meta property=\"og:title\" content=\"No\u0161enje hid\u017eaba v Sloveniji\" \/>\n<meta property=\"og:description\" content=\"Za odpravljanje predsodkov je pomembno da se ljudje pogovarjajo z muslimani, saj veliko Slovencev \u0161e sploh ni sre\u010dalo z osebo muslimanskega rodu.\" \/>\n<meta property=\"og:url\" content=\"https:\/\/www.ahmadiyya-islam.org\/si\/odmevi-v-medijih\/nosenje-hidzaba-v-sloveniji\/\" \/>\n<meta property=\"og:site_name\" content=\"Muslimanska skupnost Ahmadija\" \/>\n<meta property=\"article:published_time\" content=\"2016-12-11T13:01:09+00:00\" \/>\n<meta property=\"article:modified_time\" content=\"2017-03-18T19:51:07+00:00\" \/>\n<meta property=\"og:image\" content=\"https:\/\/www.ahmadiyya-islam.org\/si\/wp-content\/uploads\/sites\/11\/2016\/12\/No\u0161enje-hid\u017eaba-v-Sloveniji.jpg\" \/>\n\t<meta property=\"og:image:width\" content=\"802\" \/>\n\t<meta property=\"og:image:height\" content=\"379\" \/>\n\t<meta property=\"og:image:type\" content=\"image\/jpeg\" \/>\n<meta name=\"author\" content=\"sitalha1\" \/>\n<meta name=\"twitter:card\" content=\"summary_large_image\" \/>\n<meta name=\"twitter:label1\" content=\"Written by\" \/>\n\t<meta name=\"twitter:data1\" content=\"sitalha1\" \/>\n\t<meta name=\"twitter:label2\" content=\"Est. reading time\" \/>\n\t<meta name=\"twitter:data2\" content=\"3 minute\" \/>\n<script type=\"application\/ld+json\" class=\"yoast-schema-graph\">{\"@context\":\"https:\\\/\\\/schema.org\",\"@graph\":[{\"@type\":\"Article\",\"@id\":\"https:\\\/\\\/www.ahmadiyya-islam.org\\\/si\\\/odmevi-v-medijih\\\/nosenje-hidzaba-v-sloveniji\\\/#article\",\"isPartOf\":{\"@id\":\"https:\\\/\\\/www.ahmadiyya-islam.org\\\/si\\\/odmevi-v-medijih\\\/nosenje-hidzaba-v-sloveniji\\\/\"},\"author\":{\"name\":\"sitalha1\",\"@id\":\"https:\\\/\\\/www.ahmadiyya-islam.org\\\/si\\\/#\\\/schema\\\/person\\\/261015785b9fe95bf26b5389e464b11a\"},\"headline\":\"No\u0161enje hid\u017eaba v Sloveniji\",\"datePublished\":\"2016-12-11T13:01:09+00:00\",\"dateModified\":\"2017-03-18T19:51:07+00:00\",\"mainEntityOfPage\":{\"@id\":\"https:\\\/\\\/www.ahmadiyya-islam.org\\\/si\\\/odmevi-v-medijih\\\/nosenje-hidzaba-v-sloveniji\\\/\"},\"wordCount\":624,\"commentCount\":0,\"image\":{\"@id\":\"https:\\\/\\\/www.ahmadiyya-islam.org\\\/si\\\/odmevi-v-medijih\\\/nosenje-hidzaba-v-sloveniji\\\/#primaryimage\"},\"thumbnailUrl\":\"https:\\\/\\\/www.ahmadiyya-islam.org\\\/si\\\/wp-content\\\/uploads\\\/sites\\\/11\\\/2016\\\/12\\\/No\u0161enje-hid\u017eaba-v-Sloveniji.jpg\",\"keywords\":[\"Hid\u017eab\",\"Maribor\",\"Ruta\"],\"articleSection\":[\"Odmevi v medijih\"],\"inLanguage\":\"sl-SI\"},{\"@type\":\"WebPage\",\"@id\":\"https:\\\/\\\/www.ahmadiyya-islam.org\\\/si\\\/odmevi-v-medijih\\\/nosenje-hidzaba-v-sloveniji\\\/\",\"url\":\"https:\\\/\\\/www.ahmadiyya-islam.org\\\/si\\\/odmevi-v-medijih\\\/nosenje-hidzaba-v-sloveniji\\\/\",\"name\":\"No\u0161enje hid\u017eaba v Sloveniji\",\"isPartOf\":{\"@id\":\"https:\\\/\\\/www.ahmadiyya-islam.org\\\/si\\\/#website\"},\"primaryImageOfPage\":{\"@id\":\"https:\\\/\\\/www.ahmadiyya-islam.org\\\/si\\\/odmevi-v-medijih\\\/nosenje-hidzaba-v-sloveniji\\\/#primaryimage\"},\"image\":{\"@id\":\"https:\\\/\\\/www.ahmadiyya-islam.org\\\/si\\\/odmevi-v-medijih\\\/nosenje-hidzaba-v-sloveniji\\\/#primaryimage\"},\"thumbnailUrl\":\"https:\\\/\\\/www.ahmadiyya-islam.org\\\/si\\\/wp-content\\\/uploads\\\/sites\\\/11\\\/2016\\\/12\\\/No\u0161enje-hid\u017eaba-v-Sloveniji.jpg\",\"datePublished\":\"2016-12-11T13:01:09+00:00\",\"dateModified\":\"2017-03-18T19:51:07+00:00\",\"author\":{\"@id\":\"https:\\\/\\\/www.ahmadiyya-islam.org\\\/si\\\/#\\\/schema\\\/person\\\/261015785b9fe95bf26b5389e464b11a\"},\"description\":\"Za odpravljanje predsodkov je pomembno da se ljudje pogovarjajo z muslimani, saj veliko Slovencev \u0161e sploh ni sre\u010dalo z osebo muslimanskega rodu.\",\"breadcrumb\":{\"@id\":\"https:\\\/\\\/www.ahmadiyya-islam.org\\\/si\\\/odmevi-v-medijih\\\/nosenje-hidzaba-v-sloveniji\\\/#breadcrumb\"},\"inLanguage\":\"sl-SI\",\"potentialAction\":[{\"@type\":\"ReadAction\",\"target\":[\"https:\\\/\\\/www.ahmadiyya-islam.org\\\/si\\\/odmevi-v-medijih\\\/nosenje-hidzaba-v-sloveniji\\\/\"]}]},{\"@type\":\"ImageObject\",\"inLanguage\":\"sl-SI\",\"@id\":\"https:\\\/\\\/www.ahmadiyya-islam.org\\\/si\\\/odmevi-v-medijih\\\/nosenje-hidzaba-v-sloveniji\\\/#primaryimage\",\"url\":\"https:\\\/\\\/www.ahmadiyya-islam.org\\\/si\\\/wp-content\\\/uploads\\\/sites\\\/11\\\/2016\\\/12\\\/No\u0161enje-hid\u017eaba-v-Sloveniji.jpg\",\"contentUrl\":\"https:\\\/\\\/www.ahmadiyya-islam.org\\\/si\\\/wp-content\\\/uploads\\\/sites\\\/11\\\/2016\\\/12\\\/No\u0161enje-hid\u017eaba-v-Sloveniji.jpg\",\"width\":802,\"height\":379,\"caption\":\"No\u0161enje hid\u017eaba\"},{\"@type\":\"BreadcrumbList\",\"@id\":\"https:\\\/\\\/www.ahmadiyya-islam.org\\\/si\\\/odmevi-v-medijih\\\/nosenje-hidzaba-v-sloveniji\\\/#breadcrumb\",\"itemListElement\":[{\"@type\":\"ListItem\",\"position\":1,\"name\":\"Home\",\"item\":\"https:\\\/\\\/www.ahmadiyya-islam.org\\\/si\\\/\"},{\"@type\":\"ListItem\",\"position\":2,\"name\":\"No\u0161enje hid\u017eaba v Sloveniji\"}]},{\"@type\":\"WebSite\",\"@id\":\"https:\\\/\\\/www.ahmadiyya-islam.org\\\/si\\\/#website\",\"url\":\"https:\\\/\\\/www.ahmadiyya-islam.org\\\/si\\\/\",\"name\":\"Muslimanska skupnost Ahmadija\",\"description\":\"Slovenija\",\"potentialAction\":[{\"@type\":\"SearchAction\",\"target\":{\"@type\":\"EntryPoint\",\"urlTemplate\":\"https:\\\/\\\/www.ahmadiyya-islam.org\\\/si\\\/?s={search_term_string}\"},\"query-input\":{\"@type\":\"PropertyValueSpecification\",\"valueRequired\":true,\"valueName\":\"search_term_string\"}}],\"inLanguage\":\"sl-SI\"},{\"@type\":\"Person\",\"@id\":\"https:\\\/\\\/www.ahmadiyya-islam.org\\\/si\\\/#\\\/schema\\\/person\\\/261015785b9fe95bf26b5389e464b11a\",\"name\":\"sitalha1\",\"url\":\"https:\\\/\\\/www.ahmadiyya-islam.org\\\/si\\\/author\\\/sitalha1\\\/\"}]}<\/script>\n<!-- \/ Yoast SEO Premium plugin. -->","yoast_head_json":{"title":"No\u0161enje hid\u017eaba v Sloveniji","description":"Za odpravljanje predsodkov je pomembno da se ljudje pogovarjajo z muslimani, saj veliko Slovencev \u0161e sploh ni sre\u010dalo z osebo muslimanskega rodu.","robots":{"index":"index","follow":"follow","max-snippet":"max-snippet:-1","max-image-preview":"max-image-preview:large","max-video-preview":"max-video-preview:-1"},"canonical":"https:\/\/www.ahmadiyya-islam.org\/si\/odmevi-v-medijih\/nosenje-hidzaba-v-sloveniji\/","og_locale":"sl_SI","og_type":"article","og_title":"No\u0161enje hid\u017eaba v Sloveniji","og_description":"Za odpravljanje predsodkov je pomembno da se ljudje pogovarjajo z muslimani, saj veliko Slovencev \u0161e sploh ni sre\u010dalo z osebo muslimanskega rodu.","og_url":"https:\/\/www.ahmadiyya-islam.org\/si\/odmevi-v-medijih\/nosenje-hidzaba-v-sloveniji\/","og_site_name":"Muslimanska skupnost Ahmadija","article_published_time":"2016-12-11T13:01:09+00:00","article_modified_time":"2017-03-18T19:51:07+00:00","og_image":[{"width":802,"height":379,"url":"https:\/\/www.ahmadiyya-islam.org\/si\/wp-content\/uploads\/sites\/11\/2016\/12\/No\u0161enje-hid\u017eaba-v-Sloveniji.jpg","type":"image\/jpeg"}],"author":"sitalha1","twitter_card":"summary_large_image","twitter_misc":{"Written by":"sitalha1","Est. reading time":"3 minute"},"schema":{"@context":"https:\/\/schema.org","@graph":[{"@type":"Article","@id":"https:\/\/www.ahmadiyya-islam.org\/si\/odmevi-v-medijih\/nosenje-hidzaba-v-sloveniji\/#article","isPartOf":{"@id":"https:\/\/www.ahmadiyya-islam.org\/si\/odmevi-v-medijih\/nosenje-hidzaba-v-sloveniji\/"},"author":{"name":"sitalha1","@id":"https:\/\/www.ahmadiyya-islam.org\/si\/#\/schema\/person\/261015785b9fe95bf26b5389e464b11a"},"headline":"No\u0161enje hid\u017eaba v Sloveniji","datePublished":"2016-12-11T13:01:09+00:00","dateModified":"2017-03-18T19:51:07+00:00","mainEntityOfPage":{"@id":"https:\/\/www.ahmadiyya-islam.org\/si\/odmevi-v-medijih\/nosenje-hidzaba-v-sloveniji\/"},"wordCount":624,"commentCount":0,"image":{"@id":"https:\/\/www.ahmadiyya-islam.org\/si\/odmevi-v-medijih\/nosenje-hidzaba-v-sloveniji\/#primaryimage"},"thumbnailUrl":"https:\/\/www.ahmadiyya-islam.org\/si\/wp-content\/uploads\/sites\/11\/2016\/12\/No\u0161enje-hid\u017eaba-v-Sloveniji.jpg","keywords":["Hid\u017eab","Maribor","Ruta"],"articleSection":["Odmevi v medijih"],"inLanguage":"sl-SI"},{"@type":"WebPage","@id":"https:\/\/www.ahmadiyya-islam.org\/si\/odmevi-v-medijih\/nosenje-hidzaba-v-sloveniji\/","url":"https:\/\/www.ahmadiyya-islam.org\/si\/odmevi-v-medijih\/nosenje-hidzaba-v-sloveniji\/","name":"No\u0161enje hid\u017eaba v Sloveniji","isPartOf":{"@id":"https:\/\/www.ahmadiyya-islam.org\/si\/#website"},"primaryImageOfPage":{"@id":"https:\/\/www.ahmadiyya-islam.org\/si\/odmevi-v-medijih\/nosenje-hidzaba-v-sloveniji\/#primaryimage"},"image":{"@id":"https:\/\/www.ahmadiyya-islam.org\/si\/odmevi-v-medijih\/nosenje-hidzaba-v-sloveniji\/#primaryimage"},"thumbnailUrl":"https:\/\/www.ahmadiyya-islam.org\/si\/wp-content\/uploads\/sites\/11\/2016\/12\/No\u0161enje-hid\u017eaba-v-Sloveniji.jpg","datePublished":"2016-12-11T13:01:09+00:00","dateModified":"2017-03-18T19:51:07+00:00","author":{"@id":"https:\/\/www.ahmadiyya-islam.org\/si\/#\/schema\/person\/261015785b9fe95bf26b5389e464b11a"},"description":"Za odpravljanje predsodkov je pomembno da se ljudje pogovarjajo z muslimani, saj veliko Slovencev \u0161e sploh ni sre\u010dalo z osebo muslimanskega rodu.","breadcrumb":{"@id":"https:\/\/www.ahmadiyya-islam.org\/si\/odmevi-v-medijih\/nosenje-hidzaba-v-sloveniji\/#breadcrumb"},"inLanguage":"sl-SI","potentialAction":[{"@type":"ReadAction","target":["https:\/\/www.ahmadiyya-islam.org\/si\/odmevi-v-medijih\/nosenje-hidzaba-v-sloveniji\/"]}]},{"@type":"ImageObject","inLanguage":"sl-SI","@id":"https:\/\/www.ahmadiyya-islam.org\/si\/odmevi-v-medijih\/nosenje-hidzaba-v-sloveniji\/#primaryimage","url":"https:\/\/www.ahmadiyya-islam.org\/si\/wp-content\/uploads\/sites\/11\/2016\/12\/No\u0161enje-hid\u017eaba-v-Sloveniji.jpg","contentUrl":"https:\/\/www.ahmadiyya-islam.org\/si\/wp-content\/uploads\/sites\/11\/2016\/12\/No\u0161enje-hid\u017eaba-v-Sloveniji.jpg","width":802,"height":379,"caption":"No\u0161enje hid\u017eaba"},{"@type":"BreadcrumbList","@id":"https:\/\/www.ahmadiyya-islam.org\/si\/odmevi-v-medijih\/nosenje-hidzaba-v-sloveniji\/#breadcrumb","itemListElement":[{"@type":"ListItem","position":1,"name":"Home","item":"https:\/\/www.ahmadiyya-islam.org\/si\/"},{"@type":"ListItem","position":2,"name":"No\u0161enje hid\u017eaba v Sloveniji"}]},{"@type":"WebSite","@id":"https:\/\/www.ahmadiyya-islam.org\/si\/#website","url":"https:\/\/www.ahmadiyya-islam.org\/si\/","name":"Muslimanska skupnost Ahmadija","description":"Slovenija","potentialAction":[{"@type":"SearchAction","target":{"@type":"EntryPoint","urlTemplate":"https:\/\/www.ahmadiyya-islam.org\/si\/?s={search_term_string}"},"query-input":{"@type":"PropertyValueSpecification","valueRequired":true,"valueName":"search_term_string"}}],"inLanguage":"sl-SI"},{"@type":"Person","@id":"https:\/\/www.ahmadiyya-islam.org\/si\/#\/schema\/person\/261015785b9fe95bf26b5389e464b11a","name":"sitalha1","url":"https:\/\/www.ahmadiyya-islam.org\/si\/author\/sitalha1\/"}]}},"_links":{"self":[{"href":"https:\/\/www.ahmadiyya-islam.org\/si\/wp-json\/wp\/v2\/posts\/685","targetHints":{"allow":["GET"]}}],"collection":[{"href":"https:\/\/www.ahmadiyya-islam.org\/si\/wp-json\/wp\/v2\/posts"}],"about":[{"href":"https:\/\/www.ahmadiyya-islam.org\/si\/wp-json\/wp\/v2\/types\/post"}],"author":[{"embeddable":true,"href":"https:\/\/www.ahmadiyya-islam.org\/si\/wp-json\/wp\/v2\/users\/23"}],"replies":[{"embeddable":true,"href":"https:\/\/www.ahmadiyya-islam.org\/si\/wp-json\/wp\/v2\/comments?post=685"}],"version-history":[{"count":0,"href":"https:\/\/www.ahmadiyya-islam.org\/si\/wp-json\/wp\/v2\/posts\/685\/revisions"}],"wp:featuredmedia":[{"embeddable":true,"href":"https:\/\/www.ahmadiyya-islam.org\/si\/wp-json\/wp\/v2\/media\/687"}],"wp:attachment":[{"href":"https:\/\/www.ahmadiyya-islam.org\/si\/wp-json\/wp\/v2\/media?parent=685"}],"wp:term":[{"taxonomy":"category","embeddable":true,"href":"https:\/\/www.ahmadiyya-islam.org\/si\/wp-json\/wp\/v2\/categories?post=685"},{"taxonomy":"post_tag","embeddable":true,"href":"https:\/\/www.ahmadiyya-islam.org\/si\/wp-json\/wp\/v2\/tags?post=685"},{"taxonomy":"authors","embeddable":true,"href":"https:\/\/www.ahmadiyya-islam.org\/si\/wp-json\/wp\/v2\/authors?post=685"},{"taxonomy":"content_source","embeddable":true,"href":"https:\/\/www.ahmadiyya-islam.org\/si\/wp-json\/wp\/v2\/content_source?post=685"}],"curies":[{"name":"wp","href":"https:\/\/api.w.org\/{rel}","templated":true}]}}