{"id":623,"date":"2016-12-07T19:21:59","date_gmt":"2016-12-07T19:21:59","guid":{"rendered":"http:\/\/www.ahmadiyya-islam.org\/si\/?p=623"},"modified":"2016-12-11T13:17:11","modified_gmt":"2016-12-11T13:17:11","slug":"smo-v-mariboru-prevec-nestrpni-do-tujcev","status":"publish","type":"post","link":"https:\/\/www.ahmadiyya-islam.org\/si\/odmevi-v-medijih\/smo-v-mariboru-prevec-nestrpni-do-tujcev\/","title":{"rendered":"Smo v Mariboru preve\u010d nestrpni do tujcev?"},"content":{"rendered":"<p style=\"text-align: justify\">Potem ko so v spletnem prispevku manjvredno pisali o tujcih v Mariboru in jih fotografirali brez dovoljenja, se je v javnem pismu oglasila \u017eenska na fotografiji: \u00bbAvtor med me\u0161\u010dani seje strah in sovra\u0161tvo.\u00ab<\/p>\n<p style=\"text-align: justify\">Pred dnevi se je na enem spletnem portalu\u00a0pojavil \u010dlanek o migrantih, ki naj bi se sprehajali po Lentu, glasno zabavali, lizali sladoled in fotografirali. Na prvi pogled ni\u010d kaj spornega, \u010de ne bi bil napisan na obsojajo\u010d na\u010din, navajal la\u017enih podatkov in vseboval tudi dve fotografiji domnevnih migrantov. Sovra\u017eni govor iz prispevka in spodnjih komentarjev je na socialnem omre\u017eju Facebook naslovila prav ena izmed sprehajalk, ki se je prepoznala na fotografiji avtorja \u010dlanka.<\/p>\n<blockquote><p>\u00bbDanes, ko je\u00a0v Mariboru bil son\u010den dan s prijaznimi temperaturami do 18 stopinj Celzija, so Maribor\u010dani bili nemalo za\u010dudeni, ko je ve\u010d skupin migrantov (po\u00a0deset ali celo petnajst ljudi)\u00a0hodilo po mestu in po obdravski promenadi Lentu, se glasno zabavalo, jedlo sladoled\u00a0in vse naokoli fotografiralo.\u00ab Takole se pri\u010dne \u010dlanek, ki je bralki padel v o\u010di.<\/p><\/blockquote>\n<p style=\"text-align: justify\"><strong>\u00bbMigranti, ki \u017eivijo na ra\u010dun ljudstva\u00ab<\/strong><\/p>\n<p style=\"text-align: justify\">Nadalje podaja \u0161e nekaj informacij, ki jih je obsodila bralka prispevka, Maha Ahmed, Maribor\u010danka, ki \u017ee dve\u00a0leti\u00a0\u017eivi pri nas, sicer pa izvira iz Jemna. Je davkopla\u010devalka, pri nas zaposlena kot prevajalka za nevladno organizacijo, ki se ukvarja z migranti. Zelo se trudi integrirati v na\u0161o dru\u017ebo in nau\u010diti jezika.<\/p>\n<p style=\"text-align: justify\">\u010cetudi za to avtor prispevka ni imel nikakr\u0161nih indic, je sprehajalce ozna\u010dil z migranti, ki da morda prebivajo v mariborski integracijski hi\u0161i ali pa v zasebnih stanovanjih, zanje drago pla\u010danih s strani Ministrstva za notranje zadeve. Bralce je neznani avtor podu\u010dil tudi o nerealni vsoti stro\u0161kov nastanitve in hrane za enega begunca, ta naj bi zna\u0161ala 833 evrov mese\u010dno. Piko na i sta pridodali dve fotografiji, ki sta nastali brez soglasja sprehajalcev in na katerih se je nevede zna\u0161la tudi Maha, \u010digar naglavna ruta je avtorju predstavljala razlog za skrb.<\/p>\n<p style=\"text-align: justify\"><strong>Mahin odgovor na \u0161irjenje la\u017ei, strahu in sovra\u0161tva<\/strong><\/p>\n<blockquote><p>\u00bbKo sem \u010dlanek videla prvi\u010d, sem bila \u0161okirana\u00ab, pravi Maha in nadaljuje:\u00a0<em>\u00bb<\/em>Oni so uporabili svojo svobodo govora, tako da so se poslu\u017eili la\u017ei in s tem \u017eeleli sejati strah in sovra\u0161tvo med ljudmi. A jaz sem \u017eelela reagirati druga\u010de \u2013 svojo svobodo govora sem uporabila na spo\u0161tljiv na\u010din, da bi ljudi pou\u010dila o resnici \u010dlanka.\u00ab<\/p><\/blockquote>\n<p style=\"text-align: justify\">Sprehajalci namre\u010d niso bili nikakr\u0161ni migranti, za katere ob\u010dina drago pla\u010duje, pa\u010d pa so bili za namene la\u017eje integracije v Sloveniji na turisti\u010dnem ogledu mesta, ki sta ga vodila sama Maha in njen sodelavec. Zlasti so jo prizadeli komentarji pod \u010dlankom, v katerih so sprehajalce, katerih edini zlo\u010din je bil sladoled in naglavna ruta, imenovali za vojne dezerterje, teroriste, prina\u0161alce rodomora Slovencev in podobno.<\/p>\n<p style=\"text-align: justify\"><strong>Se tujci ob na\u0161ih pogledih po\u010dutijo nelagodno?<\/strong><\/p>\n<p style=\"text-align: justify\">Z Maho smo se pogovorili in jo povpra\u0161ali o njenem vtisu glede strpnosti Maribor\u010danov. Pravi, da ima v glavnem pozitivne izku\u0161nje, je pa seveda tudi nekaj grenkih. \u010cetudi je tega \u017ee vajena, se ljudje pogosto obregnejo ob njeno ruto oziroma hid\u017eab in ka\u017eejo s prsti, spet drugi jo spra\u0161ujejo neprimerna vpra\u0161anja, ki ka\u017eejo na nepou\u010denost, spet tretji pa jo znajo tudi pohvaliti.<\/p>\n<p style=\"text-align: justify\"><strong>Slovenci smo nestrpni do Islama, ker ga ne poznamo<\/strong><\/p>\n<p style=\"text-align: justify\">Maha, ki je med drugim tudi aktivna \u010dlanica <strong>Dru\u0161tva za informiranje o islamu<\/strong>, opa\u017ea, da Slovenci nismo primerno pou\u010deni o tej religiji, zato imamo tudi precej predsodkov. Recimo, besedo d\u017eihad ljudje ve\u010dinoma povezujejo s terorizmom in boji, resni\u010den pomen te besede pa je &#8216;potruditi se po najve\u010djih mo\u010deh, da bi postali bolj\u0161i \u010dlovek&#8217;.\u00a0Tudi arabska beseda <em>muslim<\/em> v osnovi pomeni varovati ljudi, vsekakor pa nima nobene negativne konotacije. \u017dal pa to nekateri zlorabljajo in slabo lu\u010d me\u010dejo na vse.<\/p>\n<p style=\"text-align: justify\"><strong>Zakaj ne ljubezni\u00a0namesto sovra\u0161tva?<\/strong><\/p>\n<p style=\"text-align: justify\">Maha meni, da \u00bbse moramo Maribor\u010dani dvigniti nad nivo netolerance in medsebojno spo\u0161tovati, namesto da se razmejujemo\u00ab.\u00a0Podala je nekaj primerov, zaradi katerih je pri\u0161la do sklepa, da morda nismo najbolj tolerantni. V eni situaciji se ji je ob mirnem sprehodu z mo\u017eem po mestu nekdo zadrl \u201cAllah akbar\u201d, kar samo po sebi ni sporno, medtem ko lahko s strani nemuslimanskega me\u0161\u010dana zveni \u017ealjivo in vsebuje elemente posmeha. Za \u010dasa novega leta sta se z mo\u017eem odlo\u010dila sosedom razdeliti nekaj prazni\u010dnih vo\u0161\u010dilnic. Pri tem jima en sosed ni \u017eelel odpreti vrat in velel, naj odideta.<\/p>\n<div class=\"panel-pane pane-entity-field pane-node-field-strukturirana-vsebina\">\n<div class=\"paragraphs-items paragraphs-items-field-strukturirana-vsebina paragraphs-items-field-strukturirana-vsebina-full paragraphs-items-full\">\n<div class=\"field field-name-field-strukturirana-vsebina field-type-paragraphs field-label-hidden\">\n<div class=\"field-items\">\n<div class=\"field-item even\">\n<div class=\"entity entity-paragraphs-item paragraphs-item-citat\">\n<div class=\"content\">\n<div class=\"field field-name-field-paragraph-citat field-type-text-long field-label-hidden\">\n<div class=\"field-items\">\n<div class=\"field-item even\" style=\"text-align: justify\">\n<blockquote><p>\u00bbOdnos nekaterih Slovencev me je zelo razo\u010daral. Kot tujka se trudim po najbolj\u0161ih mo\u010deh, da bi sovpadala s svojim novim okoljem in pozitivno vplivala na tukaj\u0161njo dru\u017ebo. Toda \u010de me lokalni prebivalci \u017ee a priori ne sprejmejo, za nas tujce postati del neke dru\u017ebe postane te\u017eavno.\u00ab<\/p><\/blockquote>\n<\/div>\n<p style=\"text-align: justify\">Vir: http:\/\/mariborinfo.com\/novica\/lokalno\/smo-slovenci-prevec-nestrpni-do-tujcev\/126205<\/p>\n<\/div>\n<\/div>\n<\/div>\n<\/div>\n<\/div>\n<\/div>\n<\/div>\n<\/div>\n<\/div>\n","protected":false},"excerpt":{"rendered":"<p>Potem ko so v spletnem prispevku manjvredno pisali o tujcih v Mariboru in jih fotografirali brez dovoljenja, se je v javnem pismu oglasila \u017eenska na fotografiji: \u00bbAvtor med me\u0161\u010dani seje strah in sovra\u0161tvo.\u00ab Pred dnevi se je na enem spletnem portalu\u00a0pojavil \u010dlanek o migrantih, ki naj bi se sprehajali po Lentu, glasno zabavali, lizali sladoled<\/p>\n","protected":false},"author":23,"featured_media":692,"comment_status":"open","ping_status":"closed","sticky":false,"template":"","format":"standard","meta":{"_acf_changed":false,"footnotes":""},"categories":[68],"tags":[114,65,27,112],"authors":[],"content_source":[],"class_list":["post-623","post","type-post","status-publish","format-standard","has-post-thumbnail","hentry","category-odmevi-v-medijih","tag-begunci","tag-drustvo-za-informiranje-o-islamu","tag-dzihad","tag-maribor","topics-slovenija","topics-tujci"],"acf":[],"yoast_head":"<!-- This site is optimized with the Yoast SEO Premium plugin v21.1 (Yoast SEO v27.4) - https:\/\/yoast.com\/product\/yoast-seo-premium-wordpress\/ -->\n<title>Smo v Mariboru preve\u010d nestrpni do tujcev?<\/title>\n<meta name=\"description\" content=\"Maha meni, da \u00bbse moramo Maribor\u010dani dvigniti nad nivo netolerance in medsebojno spo\u0161tovati, namesto da se razmejujemo\u00ab.\" \/>\n<meta name=\"robots\" content=\"index, follow, max-snippet:-1, max-image-preview:large, max-video-preview:-1\" \/>\n<link rel=\"canonical\" href=\"https:\/\/www.ahmadiyya-islam.org\/si\/odmevi-v-medijih\/smo-v-mariboru-prevec-nestrpni-do-tujcev\/\" \/>\n<meta property=\"og:locale\" content=\"sl_SI\" \/>\n<meta property=\"og:type\" content=\"article\" \/>\n<meta property=\"og:title\" content=\"Smo v Mariboru preve\u010d nestrpni do tujcev?\" \/>\n<meta property=\"og:description\" content=\"Maha meni, da \u00bbse moramo Maribor\u010dani dvigniti nad nivo netolerance in medsebojno spo\u0161tovati, namesto da se razmejujemo\u00ab.\" \/>\n<meta property=\"og:url\" content=\"https:\/\/www.ahmadiyya-islam.org\/si\/odmevi-v-medijih\/smo-v-mariboru-prevec-nestrpni-do-tujcev\/\" \/>\n<meta property=\"og:site_name\" content=\"Muslimanska skupnost Ahmadija\" \/>\n<meta property=\"article:published_time\" content=\"2016-12-07T19:21:59+00:00\" \/>\n<meta property=\"article:modified_time\" content=\"2016-12-11T13:17:11+00:00\" \/>\n<meta property=\"og:image\" content=\"https:\/\/www.ahmadiyya-islam.org\/si\/wp-content\/uploads\/sites\/11\/2016\/12\/Smo-v-Mariboru-preve\u010d-nestrpni-do-tujcev.jpg\" \/>\n\t<meta property=\"og:image:width\" content=\"1200\" \/>\n\t<meta property=\"og:image:height\" content=\"570\" \/>\n\t<meta property=\"og:image:type\" content=\"image\/jpeg\" \/>\n<meta name=\"author\" content=\"sitalha1\" \/>\n<meta name=\"twitter:card\" content=\"summary_large_image\" \/>\n<meta name=\"twitter:label1\" content=\"Written by\" \/>\n\t<meta name=\"twitter:data1\" content=\"sitalha1\" \/>\n\t<meta name=\"twitter:label2\" content=\"Est. reading time\" \/>\n\t<meta name=\"twitter:data2\" content=\"4 minute\" \/>\n<script type=\"application\/ld+json\" class=\"yoast-schema-graph\">{\"@context\":\"https:\\\/\\\/schema.org\",\"@graph\":[{\"@type\":\"Article\",\"@id\":\"https:\\\/\\\/www.ahmadiyya-islam.org\\\/si\\\/odmevi-v-medijih\\\/smo-v-mariboru-prevec-nestrpni-do-tujcev\\\/#article\",\"isPartOf\":{\"@id\":\"https:\\\/\\\/www.ahmadiyya-islam.org\\\/si\\\/odmevi-v-medijih\\\/smo-v-mariboru-prevec-nestrpni-do-tujcev\\\/\"},\"author\":{\"name\":\"sitalha1\",\"@id\":\"https:\\\/\\\/www.ahmadiyya-islam.org\\\/si\\\/#\\\/schema\\\/person\\\/261015785b9fe95bf26b5389e464b11a\"},\"headline\":\"Smo v Mariboru preve\u010d nestrpni do tujcev?\",\"datePublished\":\"2016-12-07T19:21:59+00:00\",\"dateModified\":\"2016-12-11T13:17:11+00:00\",\"mainEntityOfPage\":{\"@id\":\"https:\\\/\\\/www.ahmadiyya-islam.org\\\/si\\\/odmevi-v-medijih\\\/smo-v-mariboru-prevec-nestrpni-do-tujcev\\\/\"},\"wordCount\":834,\"commentCount\":0,\"image\":{\"@id\":\"https:\\\/\\\/www.ahmadiyya-islam.org\\\/si\\\/odmevi-v-medijih\\\/smo-v-mariboru-prevec-nestrpni-do-tujcev\\\/#primaryimage\"},\"thumbnailUrl\":\"https:\\\/\\\/www.ahmadiyya-islam.org\\\/si\\\/wp-content\\\/uploads\\\/sites\\\/11\\\/2016\\\/12\\\/Smo-v-Mariboru-preve\u010d-nestrpni-do-tujcev.jpg\",\"keywords\":[\"Begunci\",\"Dru\u0161tvo za informiranje o islamu\",\"D\u017eihad\",\"Maribor\"],\"articleSection\":[\"Odmevi v medijih\"],\"inLanguage\":\"sl-SI\"},{\"@type\":\"WebPage\",\"@id\":\"https:\\\/\\\/www.ahmadiyya-islam.org\\\/si\\\/odmevi-v-medijih\\\/smo-v-mariboru-prevec-nestrpni-do-tujcev\\\/\",\"url\":\"https:\\\/\\\/www.ahmadiyya-islam.org\\\/si\\\/odmevi-v-medijih\\\/smo-v-mariboru-prevec-nestrpni-do-tujcev\\\/\",\"name\":\"Smo v Mariboru preve\u010d nestrpni do tujcev?\",\"isPartOf\":{\"@id\":\"https:\\\/\\\/www.ahmadiyya-islam.org\\\/si\\\/#website\"},\"primaryImageOfPage\":{\"@id\":\"https:\\\/\\\/www.ahmadiyya-islam.org\\\/si\\\/odmevi-v-medijih\\\/smo-v-mariboru-prevec-nestrpni-do-tujcev\\\/#primaryimage\"},\"image\":{\"@id\":\"https:\\\/\\\/www.ahmadiyya-islam.org\\\/si\\\/odmevi-v-medijih\\\/smo-v-mariboru-prevec-nestrpni-do-tujcev\\\/#primaryimage\"},\"thumbnailUrl\":\"https:\\\/\\\/www.ahmadiyya-islam.org\\\/si\\\/wp-content\\\/uploads\\\/sites\\\/11\\\/2016\\\/12\\\/Smo-v-Mariboru-preve\u010d-nestrpni-do-tujcev.jpg\",\"datePublished\":\"2016-12-07T19:21:59+00:00\",\"dateModified\":\"2016-12-11T13:17:11+00:00\",\"author\":{\"@id\":\"https:\\\/\\\/www.ahmadiyya-islam.org\\\/si\\\/#\\\/schema\\\/person\\\/261015785b9fe95bf26b5389e464b11a\"},\"description\":\"Maha meni, da \u00bbse moramo Maribor\u010dani dvigniti nad nivo netolerance in medsebojno spo\u0161tovati, namesto da se razmejujemo\u00ab.\",\"breadcrumb\":{\"@id\":\"https:\\\/\\\/www.ahmadiyya-islam.org\\\/si\\\/odmevi-v-medijih\\\/smo-v-mariboru-prevec-nestrpni-do-tujcev\\\/#breadcrumb\"},\"inLanguage\":\"sl-SI\",\"potentialAction\":[{\"@type\":\"ReadAction\",\"target\":[\"https:\\\/\\\/www.ahmadiyya-islam.org\\\/si\\\/odmevi-v-medijih\\\/smo-v-mariboru-prevec-nestrpni-do-tujcev\\\/\"]}]},{\"@type\":\"ImageObject\",\"inLanguage\":\"sl-SI\",\"@id\":\"https:\\\/\\\/www.ahmadiyya-islam.org\\\/si\\\/odmevi-v-medijih\\\/smo-v-mariboru-prevec-nestrpni-do-tujcev\\\/#primaryimage\",\"url\":\"https:\\\/\\\/www.ahmadiyya-islam.org\\\/si\\\/wp-content\\\/uploads\\\/sites\\\/11\\\/2016\\\/12\\\/Smo-v-Mariboru-preve\u010d-nestrpni-do-tujcev.jpg\",\"contentUrl\":\"https:\\\/\\\/www.ahmadiyya-islam.org\\\/si\\\/wp-content\\\/uploads\\\/sites\\\/11\\\/2016\\\/12\\\/Smo-v-Mariboru-preve\u010d-nestrpni-do-tujcev.jpg\",\"width\":1200,\"height\":570,\"caption\":\"tujcev\"},{\"@type\":\"BreadcrumbList\",\"@id\":\"https:\\\/\\\/www.ahmadiyya-islam.org\\\/si\\\/odmevi-v-medijih\\\/smo-v-mariboru-prevec-nestrpni-do-tujcev\\\/#breadcrumb\",\"itemListElement\":[{\"@type\":\"ListItem\",\"position\":1,\"name\":\"Home\",\"item\":\"https:\\\/\\\/www.ahmadiyya-islam.org\\\/si\\\/\"},{\"@type\":\"ListItem\",\"position\":2,\"name\":\"Smo v Mariboru preve\u010d nestrpni do tujcev?\"}]},{\"@type\":\"WebSite\",\"@id\":\"https:\\\/\\\/www.ahmadiyya-islam.org\\\/si\\\/#website\",\"url\":\"https:\\\/\\\/www.ahmadiyya-islam.org\\\/si\\\/\",\"name\":\"Muslimanska skupnost Ahmadija\",\"description\":\"Slovenija\",\"potentialAction\":[{\"@type\":\"SearchAction\",\"target\":{\"@type\":\"EntryPoint\",\"urlTemplate\":\"https:\\\/\\\/www.ahmadiyya-islam.org\\\/si\\\/?s={search_term_string}\"},\"query-input\":{\"@type\":\"PropertyValueSpecification\",\"valueRequired\":true,\"valueName\":\"search_term_string\"}}],\"inLanguage\":\"sl-SI\"},{\"@type\":\"Person\",\"@id\":\"https:\\\/\\\/www.ahmadiyya-islam.org\\\/si\\\/#\\\/schema\\\/person\\\/261015785b9fe95bf26b5389e464b11a\",\"name\":\"sitalha1\",\"url\":\"https:\\\/\\\/www.ahmadiyya-islam.org\\\/si\\\/author\\\/sitalha1\\\/\"}]}<\/script>\n<!-- \/ Yoast SEO Premium plugin. -->","yoast_head_json":{"title":"Smo v Mariboru preve\u010d nestrpni do tujcev?","description":"Maha meni, da \u00bbse moramo Maribor\u010dani dvigniti nad nivo netolerance in medsebojno spo\u0161tovati, namesto da se razmejujemo\u00ab.","robots":{"index":"index","follow":"follow","max-snippet":"max-snippet:-1","max-image-preview":"max-image-preview:large","max-video-preview":"max-video-preview:-1"},"canonical":"https:\/\/www.ahmadiyya-islam.org\/si\/odmevi-v-medijih\/smo-v-mariboru-prevec-nestrpni-do-tujcev\/","og_locale":"sl_SI","og_type":"article","og_title":"Smo v Mariboru preve\u010d nestrpni do tujcev?","og_description":"Maha meni, da \u00bbse moramo Maribor\u010dani dvigniti nad nivo netolerance in medsebojno spo\u0161tovati, namesto da se razmejujemo\u00ab.","og_url":"https:\/\/www.ahmadiyya-islam.org\/si\/odmevi-v-medijih\/smo-v-mariboru-prevec-nestrpni-do-tujcev\/","og_site_name":"Muslimanska skupnost Ahmadija","article_published_time":"2016-12-07T19:21:59+00:00","article_modified_time":"2016-12-11T13:17:11+00:00","og_image":[{"width":1200,"height":570,"url":"https:\/\/www.ahmadiyya-islam.org\/si\/wp-content\/uploads\/sites\/11\/2016\/12\/Smo-v-Mariboru-preve\u010d-nestrpni-do-tujcev.jpg","type":"image\/jpeg"}],"author":"sitalha1","twitter_card":"summary_large_image","twitter_misc":{"Written by":"sitalha1","Est. reading time":"4 minute"},"schema":{"@context":"https:\/\/schema.org","@graph":[{"@type":"Article","@id":"https:\/\/www.ahmadiyya-islam.org\/si\/odmevi-v-medijih\/smo-v-mariboru-prevec-nestrpni-do-tujcev\/#article","isPartOf":{"@id":"https:\/\/www.ahmadiyya-islam.org\/si\/odmevi-v-medijih\/smo-v-mariboru-prevec-nestrpni-do-tujcev\/"},"author":{"name":"sitalha1","@id":"https:\/\/www.ahmadiyya-islam.org\/si\/#\/schema\/person\/261015785b9fe95bf26b5389e464b11a"},"headline":"Smo v Mariboru preve\u010d nestrpni do tujcev?","datePublished":"2016-12-07T19:21:59+00:00","dateModified":"2016-12-11T13:17:11+00:00","mainEntityOfPage":{"@id":"https:\/\/www.ahmadiyya-islam.org\/si\/odmevi-v-medijih\/smo-v-mariboru-prevec-nestrpni-do-tujcev\/"},"wordCount":834,"commentCount":0,"image":{"@id":"https:\/\/www.ahmadiyya-islam.org\/si\/odmevi-v-medijih\/smo-v-mariboru-prevec-nestrpni-do-tujcev\/#primaryimage"},"thumbnailUrl":"https:\/\/www.ahmadiyya-islam.org\/si\/wp-content\/uploads\/sites\/11\/2016\/12\/Smo-v-Mariboru-preve\u010d-nestrpni-do-tujcev.jpg","keywords":["Begunci","Dru\u0161tvo za informiranje o islamu","D\u017eihad","Maribor"],"articleSection":["Odmevi v medijih"],"inLanguage":"sl-SI"},{"@type":"WebPage","@id":"https:\/\/www.ahmadiyya-islam.org\/si\/odmevi-v-medijih\/smo-v-mariboru-prevec-nestrpni-do-tujcev\/","url":"https:\/\/www.ahmadiyya-islam.org\/si\/odmevi-v-medijih\/smo-v-mariboru-prevec-nestrpni-do-tujcev\/","name":"Smo v Mariboru preve\u010d nestrpni do tujcev?","isPartOf":{"@id":"https:\/\/www.ahmadiyya-islam.org\/si\/#website"},"primaryImageOfPage":{"@id":"https:\/\/www.ahmadiyya-islam.org\/si\/odmevi-v-medijih\/smo-v-mariboru-prevec-nestrpni-do-tujcev\/#primaryimage"},"image":{"@id":"https:\/\/www.ahmadiyya-islam.org\/si\/odmevi-v-medijih\/smo-v-mariboru-prevec-nestrpni-do-tujcev\/#primaryimage"},"thumbnailUrl":"https:\/\/www.ahmadiyya-islam.org\/si\/wp-content\/uploads\/sites\/11\/2016\/12\/Smo-v-Mariboru-preve\u010d-nestrpni-do-tujcev.jpg","datePublished":"2016-12-07T19:21:59+00:00","dateModified":"2016-12-11T13:17:11+00:00","author":{"@id":"https:\/\/www.ahmadiyya-islam.org\/si\/#\/schema\/person\/261015785b9fe95bf26b5389e464b11a"},"description":"Maha meni, da \u00bbse moramo Maribor\u010dani dvigniti nad nivo netolerance in medsebojno spo\u0161tovati, namesto da se razmejujemo\u00ab.","breadcrumb":{"@id":"https:\/\/www.ahmadiyya-islam.org\/si\/odmevi-v-medijih\/smo-v-mariboru-prevec-nestrpni-do-tujcev\/#breadcrumb"},"inLanguage":"sl-SI","potentialAction":[{"@type":"ReadAction","target":["https:\/\/www.ahmadiyya-islam.org\/si\/odmevi-v-medijih\/smo-v-mariboru-prevec-nestrpni-do-tujcev\/"]}]},{"@type":"ImageObject","inLanguage":"sl-SI","@id":"https:\/\/www.ahmadiyya-islam.org\/si\/odmevi-v-medijih\/smo-v-mariboru-prevec-nestrpni-do-tujcev\/#primaryimage","url":"https:\/\/www.ahmadiyya-islam.org\/si\/wp-content\/uploads\/sites\/11\/2016\/12\/Smo-v-Mariboru-preve\u010d-nestrpni-do-tujcev.jpg","contentUrl":"https:\/\/www.ahmadiyya-islam.org\/si\/wp-content\/uploads\/sites\/11\/2016\/12\/Smo-v-Mariboru-preve\u010d-nestrpni-do-tujcev.jpg","width":1200,"height":570,"caption":"tujcev"},{"@type":"BreadcrumbList","@id":"https:\/\/www.ahmadiyya-islam.org\/si\/odmevi-v-medijih\/smo-v-mariboru-prevec-nestrpni-do-tujcev\/#breadcrumb","itemListElement":[{"@type":"ListItem","position":1,"name":"Home","item":"https:\/\/www.ahmadiyya-islam.org\/si\/"},{"@type":"ListItem","position":2,"name":"Smo v Mariboru preve\u010d nestrpni do tujcev?"}]},{"@type":"WebSite","@id":"https:\/\/www.ahmadiyya-islam.org\/si\/#website","url":"https:\/\/www.ahmadiyya-islam.org\/si\/","name":"Muslimanska skupnost Ahmadija","description":"Slovenija","potentialAction":[{"@type":"SearchAction","target":{"@type":"EntryPoint","urlTemplate":"https:\/\/www.ahmadiyya-islam.org\/si\/?s={search_term_string}"},"query-input":{"@type":"PropertyValueSpecification","valueRequired":true,"valueName":"search_term_string"}}],"inLanguage":"sl-SI"},{"@type":"Person","@id":"https:\/\/www.ahmadiyya-islam.org\/si\/#\/schema\/person\/261015785b9fe95bf26b5389e464b11a","name":"sitalha1","url":"https:\/\/www.ahmadiyya-islam.org\/si\/author\/sitalha1\/"}]}},"_links":{"self":[{"href":"https:\/\/www.ahmadiyya-islam.org\/si\/wp-json\/wp\/v2\/posts\/623","targetHints":{"allow":["GET"]}}],"collection":[{"href":"https:\/\/www.ahmadiyya-islam.org\/si\/wp-json\/wp\/v2\/posts"}],"about":[{"href":"https:\/\/www.ahmadiyya-islam.org\/si\/wp-json\/wp\/v2\/types\/post"}],"author":[{"embeddable":true,"href":"https:\/\/www.ahmadiyya-islam.org\/si\/wp-json\/wp\/v2\/users\/23"}],"replies":[{"embeddable":true,"href":"https:\/\/www.ahmadiyya-islam.org\/si\/wp-json\/wp\/v2\/comments?post=623"}],"version-history":[{"count":0,"href":"https:\/\/www.ahmadiyya-islam.org\/si\/wp-json\/wp\/v2\/posts\/623\/revisions"}],"wp:featuredmedia":[{"embeddable":true,"href":"https:\/\/www.ahmadiyya-islam.org\/si\/wp-json\/wp\/v2\/media\/692"}],"wp:attachment":[{"href":"https:\/\/www.ahmadiyya-islam.org\/si\/wp-json\/wp\/v2\/media?parent=623"}],"wp:term":[{"taxonomy":"category","embeddable":true,"href":"https:\/\/www.ahmadiyya-islam.org\/si\/wp-json\/wp\/v2\/categories?post=623"},{"taxonomy":"post_tag","embeddable":true,"href":"https:\/\/www.ahmadiyya-islam.org\/si\/wp-json\/wp\/v2\/tags?post=623"},{"taxonomy":"authors","embeddable":true,"href":"https:\/\/www.ahmadiyya-islam.org\/si\/wp-json\/wp\/v2\/authors?post=623"},{"taxonomy":"content_source","embeddable":true,"href":"https:\/\/www.ahmadiyya-islam.org\/si\/wp-json\/wp\/v2\/content_source?post=623"}],"curies":[{"name":"wp","href":"https:\/\/api.w.org\/{rel}","templated":true}]}}