{"id":2468,"date":"2026-02-23T08:52:25","date_gmt":"2026-02-23T08:52:25","guid":{"rendered":"https:\/\/www.ahmadiyya-islam.org\/si\/?p=2468"},"modified":"2026-02-23T08:52:25","modified_gmt":"2026-02-23T08:52:25","slug":"muslimanska-skupnost-ahmadija-obdarila-120-posameznikov-v-mariboru","status":"publish","type":"post","link":"https:\/\/www.ahmadiyya-islam.org\/si\/odmevi-v-medijih\/muslimanska-skupnost-ahmadija-obdarila-120-posameznikov-v-mariboru\/","title":{"rendered":"Muslimanska skupnost Ahmadija obdarila 120 posameznikov v Mariboru"},"content":{"rendered":"<p>Muslimanska skupnost Ahmadija &#8211; Dru\u0161tvo za informiranje o islamu je v zadnjih dveh tednih izvedla obse\u017eno dobrodelno akcijo, v kateri so s prazni\u010dnimi darili polep\u0161ali dni \u0161tevilnim posameznikom.<\/p>\n<p>Skupno so v Mariboru razdelili\u00a0<strong>120 darilnih paketov<\/strong>, namenjenih uporabnikom razli\u010dnih dru\u0161tev in zavodov, svojo dobrodelnost pa so raz\u0161irili tudi v Ljubljano, kjer so obdarili \u0161e\u00a0<strong>150 posameznikov<\/strong>.<\/p>\n<p>Kot je za na\u0161 medij pojasnil koordinator dru\u0161tva<strong>\u00a0Talha Ahmad<\/strong>, so v okviru akcije obiskali\u00a0<strong>pet razli\u010dnih zavodov in centrov<\/strong>. V Mariboru so svojo pozornost namenili predvsem ranljivim skupinam in invalidom, darila pa so osebno dostavili v\u00a0Center Naprej, Center Son\u010dek, storitveno in invalidsko podjetje Ozara in Zaveti\u0161\u010de za brezdomce Maribor.<\/p>\n<p><strong>Priseljenci, ki si prizadevajo pozitivno prispevati k slovenski dru\u017ebi<\/strong><\/p>\n<p>Kot je pojasnil, so \u010dlani omenjenega dru\u0161tva muslimanski priseljenci, ki si prizadevajo pozitivno prispevati k slovenski dru\u017ebi in aktivno pomagati tistim, ki so v stiski. &#8220;<em>Novo leto je \u010das sre\u010de in veselja in na\u0161 glavni cilj je, da to sre\u010do delimo z\u00a0ljudmi, ki se soo\u010dajo s te\u017ekimi \u017eivljenjskimi okoli\u0161\u010dinami. Je pa to seveda dobro tudi za na\u0161e dru\u0161tvo &#8211; da lahko na\u0161i \u010dlani postanejo pozitiven del slovenske dru\u017ebe. \u010ceprav v osnovi ne praznujemo bo\u017ei\u010da, je to obdobje tudi za nas nekaj novega in zanimivega, saj vendarle \u017eivimo v Sloveniji in se trudimo biti del dru\u017ebe<\/em>,&#8221; je pokomentiral Ahmad.<\/p>\n<blockquote><p>&#8220;\u017dal je islam pogosto napa\u010dno predstavljen kot vera sovra\u0161tva ali nestrpnosti. Trdno verjamemo, da na sovra\u0161tvo ni mogo\u010de odgovoriti s sovra\u0161tvom. V islamu vera ni omejena zgolj na molitev, temve\u010d poudarja tudi slu\u017eenje \u010dlove\u0161tvu.&#8221;<\/p><\/blockquote>\n<p><strong>Za donacije so v celoti poskrbeli \u010dlani dru\u0161tva<\/strong><\/p>\n<p>Ob tem je dodal, da so za donacije v celoti finan\u010dno poskrbeli \u010dlani dru\u0161tva, za skupno 270 paketov so porabili pribli\u017eno\u00a0<strong>1.500 evrov<\/strong>. V paketih je bila kava, \u010daj, \u010dokolada in pi\u0161koti.<\/p>\n<p>&#8220;<em>To ni bila na\u0161a prva tovrstna pobuda. Podobne dejavnosti smo izvajali \u017ee v preteklosti, vsaka pa na\u0161e \u010dlane spodbuja k dejavnemu so\u010dutju in odgovornemu prispevanju dru\u017ebi, v kateri \u017eivimo,<\/em>&#8221; je zaklju\u010dil sogovornik.<\/p>\n<p><strong>Obdaritev je bila organizirana v sodelovanju z lokalnim humanitarnim dru\u0161tvom<\/strong><\/p>\n<p>Obdaritev je bila organizirana v sodelovanju s\u00a0<strong>Humanitarnim dru\u0161tvom Ni-Lu<\/strong>.\u00a0<strong>Barbara Novak<\/strong>, predsednica dru\u0161tva, je ob tem poudarila, da so bili ljudje, kljub temu, da so prazniki mimo, presene\u010deni.<\/p>\n<p>&#8220;<em>Izbrala sem tak\u0161ne zavode, za katere mislim, da se ljudje redkeje (oziroma sploh ne) spomnijo na njih.\u00a0Tudi teh ljudi se je potrebno spomniti, ne sme se pozabiti na njih, saj smo jim prav mi morda edina vez, edina roka,<\/em>&#8221; je pokomentirala Novakova.<\/p>\n","protected":false},"excerpt":{"rendered":"<p>Muslimanska skupnost Ahmadija &#8211; Dru\u0161tvo za informiranje o islamu je v zadnjih dveh tednih izvedla obse\u017eno dobrodelno akcijo, v kateri so s prazni\u010dnimi darili polep\u0161ali dni \u0161tevilnim posameznikom. Skupno so v Mariboru razdelili\u00a0120 darilnih paketov, namenjenih uporabnikom razli\u010dnih dru\u0161tev in zavodov, svojo dobrodelnost pa so raz\u0161irili tudi v Ljubljano, kjer so obdarili \u0161e\u00a0150 posameznikov. Kot<\/p>\n","protected":false},"author":23,"featured_media":2469,"comment_status":"closed","ping_status":"closed","sticky":false,"template":"","format":"standard","meta":{"_acf_changed":false,"footnotes":""},"categories":[68],"tags":[],"authors":[],"content_source":[],"class_list":["post-2468","post","type-post","status-publish","format-standard","has-post-thumbnail","hentry","category-odmevi-v-medijih","topics-dobrodelnost"],"acf":[],"yoast_head":"<!-- This site is optimized with the Yoast SEO Premium plugin v21.1 (Yoast SEO v27.4) - https:\/\/yoast.com\/product\/yoast-seo-premium-wordpress\/ -->\n<title>Muslimanska skupnost Ahmadija obdarila 120 posameznikov v Mariboru<\/title>\n<meta name=\"description\" content=\"Muslimanska skupnost Ahmadija je izvedla obse\u017eno dobrodelno akcijo, v kateri so s prazni\u010dnimi darili polep\u0161ali dni \u0161tevilnim posameznikom.\" \/>\n<meta name=\"robots\" content=\"index, follow, max-snippet:-1, max-image-preview:large, max-video-preview:-1\" \/>\n<link rel=\"canonical\" href=\"https:\/\/www.ahmadiyya-islam.org\/si\/odmevi-v-medijih\/muslimanska-skupnost-ahmadija-obdarila-120-posameznikov-v-mariboru\/\" \/>\n<meta property=\"og:locale\" content=\"sl_SI\" \/>\n<meta property=\"og:type\" content=\"article\" \/>\n<meta property=\"og:title\" content=\"Muslimanska skupnost Ahmadija obdarila 120 posameznikov v Mariboru\" \/>\n<meta property=\"og:description\" content=\"Muslimanska skupnost Ahmadija je izvedla obse\u017eno dobrodelno akcijo, v kateri so s prazni\u010dnimi darili polep\u0161ali dni \u0161tevilnim posameznikom.\" \/>\n<meta property=\"og:url\" content=\"https:\/\/www.ahmadiyya-islam.org\/si\/odmevi-v-medijih\/muslimanska-skupnost-ahmadija-obdarila-120-posameznikov-v-mariboru\/\" \/>\n<meta property=\"og:site_name\" content=\"Muslimanska skupnost Ahmadija\" \/>\n<meta property=\"article:published_time\" content=\"2026-02-23T08:52:25+00:00\" \/>\n<meta property=\"og:image\" content=\"https:\/\/www.ahmadiyya-islam.org\/si\/wp-content\/uploads\/sites\/11\/2026\/02\/Obdaritev-Ahmadija.jpg\" \/>\n\t<meta property=\"og:image:width\" content=\"1600\" \/>\n\t<meta property=\"og:image:height\" content=\"901\" \/>\n\t<meta property=\"og:image:type\" content=\"image\/jpeg\" \/>\n<meta name=\"author\" content=\"sitalha1\" \/>\n<meta name=\"twitter:card\" content=\"summary_large_image\" \/>\n<meta name=\"twitter:label1\" content=\"Written by\" \/>\n\t<meta name=\"twitter:data1\" content=\"sitalha1\" \/>\n\t<meta name=\"twitter:label2\" content=\"Est. reading time\" \/>\n\t<meta name=\"twitter:data2\" content=\"3 minute\" \/>\n<script type=\"application\/ld+json\" class=\"yoast-schema-graph\">{\"@context\":\"https:\\\/\\\/schema.org\",\"@graph\":[{\"@type\":\"Article\",\"@id\":\"https:\\\/\\\/www.ahmadiyya-islam.org\\\/si\\\/odmevi-v-medijih\\\/muslimanska-skupnost-ahmadija-obdarila-120-posameznikov-v-mariboru\\\/#article\",\"isPartOf\":{\"@id\":\"https:\\\/\\\/www.ahmadiyya-islam.org\\\/si\\\/odmevi-v-medijih\\\/muslimanska-skupnost-ahmadija-obdarila-120-posameznikov-v-mariboru\\\/\"},\"author\":{\"name\":\"sitalha1\",\"@id\":\"https:\\\/\\\/www.ahmadiyya-islam.org\\\/si\\\/#\\\/schema\\\/person\\\/261015785b9fe95bf26b5389e464b11a\"},\"headline\":\"Muslimanska skupnost Ahmadija obdarila 120 posameznikov v Mariboru\",\"datePublished\":\"2026-02-23T08:52:25+00:00\",\"mainEntityOfPage\":{\"@id\":\"https:\\\/\\\/www.ahmadiyya-islam.org\\\/si\\\/odmevi-v-medijih\\\/muslimanska-skupnost-ahmadija-obdarila-120-posameznikov-v-mariboru\\\/\"},\"wordCount\":454,\"image\":{\"@id\":\"https:\\\/\\\/www.ahmadiyya-islam.org\\\/si\\\/odmevi-v-medijih\\\/muslimanska-skupnost-ahmadija-obdarila-120-posameznikov-v-mariboru\\\/#primaryimage\"},\"thumbnailUrl\":\"https:\\\/\\\/www.ahmadiyya-islam.org\\\/si\\\/wp-content\\\/uploads\\\/sites\\\/11\\\/2026\\\/02\\\/Obdaritev-Ahmadija.jpg\",\"articleSection\":[\"Odmevi v medijih\"],\"inLanguage\":\"sl-SI\"},{\"@type\":\"WebPage\",\"@id\":\"https:\\\/\\\/www.ahmadiyya-islam.org\\\/si\\\/odmevi-v-medijih\\\/muslimanska-skupnost-ahmadija-obdarila-120-posameznikov-v-mariboru\\\/\",\"url\":\"https:\\\/\\\/www.ahmadiyya-islam.org\\\/si\\\/odmevi-v-medijih\\\/muslimanska-skupnost-ahmadija-obdarila-120-posameznikov-v-mariboru\\\/\",\"name\":\"Muslimanska skupnost Ahmadija obdarila 120 posameznikov v Mariboru\",\"isPartOf\":{\"@id\":\"https:\\\/\\\/www.ahmadiyya-islam.org\\\/si\\\/#website\"},\"primaryImageOfPage\":{\"@id\":\"https:\\\/\\\/www.ahmadiyya-islam.org\\\/si\\\/odmevi-v-medijih\\\/muslimanska-skupnost-ahmadija-obdarila-120-posameznikov-v-mariboru\\\/#primaryimage\"},\"image\":{\"@id\":\"https:\\\/\\\/www.ahmadiyya-islam.org\\\/si\\\/odmevi-v-medijih\\\/muslimanska-skupnost-ahmadija-obdarila-120-posameznikov-v-mariboru\\\/#primaryimage\"},\"thumbnailUrl\":\"https:\\\/\\\/www.ahmadiyya-islam.org\\\/si\\\/wp-content\\\/uploads\\\/sites\\\/11\\\/2026\\\/02\\\/Obdaritev-Ahmadija.jpg\",\"datePublished\":\"2026-02-23T08:52:25+00:00\",\"author\":{\"@id\":\"https:\\\/\\\/www.ahmadiyya-islam.org\\\/si\\\/#\\\/schema\\\/person\\\/261015785b9fe95bf26b5389e464b11a\"},\"description\":\"Muslimanska skupnost Ahmadija je izvedla obse\u017eno dobrodelno akcijo, v kateri so s prazni\u010dnimi darili polep\u0161ali dni \u0161tevilnim posameznikom.\",\"breadcrumb\":{\"@id\":\"https:\\\/\\\/www.ahmadiyya-islam.org\\\/si\\\/odmevi-v-medijih\\\/muslimanska-skupnost-ahmadija-obdarila-120-posameznikov-v-mariboru\\\/#breadcrumb\"},\"inLanguage\":\"sl-SI\",\"potentialAction\":[{\"@type\":\"ReadAction\",\"target\":[\"https:\\\/\\\/www.ahmadiyya-islam.org\\\/si\\\/odmevi-v-medijih\\\/muslimanska-skupnost-ahmadija-obdarila-120-posameznikov-v-mariboru\\\/\"]}]},{\"@type\":\"ImageObject\",\"inLanguage\":\"sl-SI\",\"@id\":\"https:\\\/\\\/www.ahmadiyya-islam.org\\\/si\\\/odmevi-v-medijih\\\/muslimanska-skupnost-ahmadija-obdarila-120-posameznikov-v-mariboru\\\/#primaryimage\",\"url\":\"https:\\\/\\\/www.ahmadiyya-islam.org\\\/si\\\/wp-content\\\/uploads\\\/sites\\\/11\\\/2026\\\/02\\\/Obdaritev-Ahmadija.jpg\",\"contentUrl\":\"https:\\\/\\\/www.ahmadiyya-islam.org\\\/si\\\/wp-content\\\/uploads\\\/sites\\\/11\\\/2026\\\/02\\\/Obdaritev-Ahmadija.jpg\",\"width\":1600,\"height\":901},{\"@type\":\"BreadcrumbList\",\"@id\":\"https:\\\/\\\/www.ahmadiyya-islam.org\\\/si\\\/odmevi-v-medijih\\\/muslimanska-skupnost-ahmadija-obdarila-120-posameznikov-v-mariboru\\\/#breadcrumb\",\"itemListElement\":[{\"@type\":\"ListItem\",\"position\":1,\"name\":\"Home\",\"item\":\"https:\\\/\\\/www.ahmadiyya-islam.org\\\/si\\\/\"},{\"@type\":\"ListItem\",\"position\":2,\"name\":\"Muslimanska skupnost Ahmadija obdarila 120 posameznikov v Mariboru\"}]},{\"@type\":\"WebSite\",\"@id\":\"https:\\\/\\\/www.ahmadiyya-islam.org\\\/si\\\/#website\",\"url\":\"https:\\\/\\\/www.ahmadiyya-islam.org\\\/si\\\/\",\"name\":\"Muslimanska skupnost Ahmadija\",\"description\":\"Slovenija\",\"potentialAction\":[{\"@type\":\"SearchAction\",\"target\":{\"@type\":\"EntryPoint\",\"urlTemplate\":\"https:\\\/\\\/www.ahmadiyya-islam.org\\\/si\\\/?s={search_term_string}\"},\"query-input\":{\"@type\":\"PropertyValueSpecification\",\"valueRequired\":true,\"valueName\":\"search_term_string\"}}],\"inLanguage\":\"sl-SI\"},{\"@type\":\"Person\",\"@id\":\"https:\\\/\\\/www.ahmadiyya-islam.org\\\/si\\\/#\\\/schema\\\/person\\\/261015785b9fe95bf26b5389e464b11a\",\"name\":\"sitalha1\",\"url\":\"https:\\\/\\\/www.ahmadiyya-islam.org\\\/si\\\/author\\\/sitalha1\\\/\"}]}<\/script>\n<!-- \/ Yoast SEO Premium plugin. -->","yoast_head_json":{"title":"Muslimanska skupnost Ahmadija obdarila 120 posameznikov v Mariboru","description":"Muslimanska skupnost Ahmadija je izvedla obse\u017eno dobrodelno akcijo, v kateri so s prazni\u010dnimi darili polep\u0161ali dni \u0161tevilnim posameznikom.","robots":{"index":"index","follow":"follow","max-snippet":"max-snippet:-1","max-image-preview":"max-image-preview:large","max-video-preview":"max-video-preview:-1"},"canonical":"https:\/\/www.ahmadiyya-islam.org\/si\/odmevi-v-medijih\/muslimanska-skupnost-ahmadija-obdarila-120-posameznikov-v-mariboru\/","og_locale":"sl_SI","og_type":"article","og_title":"Muslimanska skupnost Ahmadija obdarila 120 posameznikov v Mariboru","og_description":"Muslimanska skupnost Ahmadija je izvedla obse\u017eno dobrodelno akcijo, v kateri so s prazni\u010dnimi darili polep\u0161ali dni \u0161tevilnim posameznikom.","og_url":"https:\/\/www.ahmadiyya-islam.org\/si\/odmevi-v-medijih\/muslimanska-skupnost-ahmadija-obdarila-120-posameznikov-v-mariboru\/","og_site_name":"Muslimanska skupnost Ahmadija","article_published_time":"2026-02-23T08:52:25+00:00","og_image":[{"width":1600,"height":901,"url":"https:\/\/www.ahmadiyya-islam.org\/si\/wp-content\/uploads\/sites\/11\/2026\/02\/Obdaritev-Ahmadija.jpg","type":"image\/jpeg"}],"author":"sitalha1","twitter_card":"summary_large_image","twitter_misc":{"Written by":"sitalha1","Est. reading time":"3 minute"},"schema":{"@context":"https:\/\/schema.org","@graph":[{"@type":"Article","@id":"https:\/\/www.ahmadiyya-islam.org\/si\/odmevi-v-medijih\/muslimanska-skupnost-ahmadija-obdarila-120-posameznikov-v-mariboru\/#article","isPartOf":{"@id":"https:\/\/www.ahmadiyya-islam.org\/si\/odmevi-v-medijih\/muslimanska-skupnost-ahmadija-obdarila-120-posameznikov-v-mariboru\/"},"author":{"name":"sitalha1","@id":"https:\/\/www.ahmadiyya-islam.org\/si\/#\/schema\/person\/261015785b9fe95bf26b5389e464b11a"},"headline":"Muslimanska skupnost Ahmadija obdarila 120 posameznikov v Mariboru","datePublished":"2026-02-23T08:52:25+00:00","mainEntityOfPage":{"@id":"https:\/\/www.ahmadiyya-islam.org\/si\/odmevi-v-medijih\/muslimanska-skupnost-ahmadija-obdarila-120-posameznikov-v-mariboru\/"},"wordCount":454,"image":{"@id":"https:\/\/www.ahmadiyya-islam.org\/si\/odmevi-v-medijih\/muslimanska-skupnost-ahmadija-obdarila-120-posameznikov-v-mariboru\/#primaryimage"},"thumbnailUrl":"https:\/\/www.ahmadiyya-islam.org\/si\/wp-content\/uploads\/sites\/11\/2026\/02\/Obdaritev-Ahmadija.jpg","articleSection":["Odmevi v medijih"],"inLanguage":"sl-SI"},{"@type":"WebPage","@id":"https:\/\/www.ahmadiyya-islam.org\/si\/odmevi-v-medijih\/muslimanska-skupnost-ahmadija-obdarila-120-posameznikov-v-mariboru\/","url":"https:\/\/www.ahmadiyya-islam.org\/si\/odmevi-v-medijih\/muslimanska-skupnost-ahmadija-obdarila-120-posameznikov-v-mariboru\/","name":"Muslimanska skupnost Ahmadija obdarila 120 posameznikov v Mariboru","isPartOf":{"@id":"https:\/\/www.ahmadiyya-islam.org\/si\/#website"},"primaryImageOfPage":{"@id":"https:\/\/www.ahmadiyya-islam.org\/si\/odmevi-v-medijih\/muslimanska-skupnost-ahmadija-obdarila-120-posameznikov-v-mariboru\/#primaryimage"},"image":{"@id":"https:\/\/www.ahmadiyya-islam.org\/si\/odmevi-v-medijih\/muslimanska-skupnost-ahmadija-obdarila-120-posameznikov-v-mariboru\/#primaryimage"},"thumbnailUrl":"https:\/\/www.ahmadiyya-islam.org\/si\/wp-content\/uploads\/sites\/11\/2026\/02\/Obdaritev-Ahmadija.jpg","datePublished":"2026-02-23T08:52:25+00:00","author":{"@id":"https:\/\/www.ahmadiyya-islam.org\/si\/#\/schema\/person\/261015785b9fe95bf26b5389e464b11a"},"description":"Muslimanska skupnost Ahmadija je izvedla obse\u017eno dobrodelno akcijo, v kateri so s prazni\u010dnimi darili polep\u0161ali dni \u0161tevilnim posameznikom.","breadcrumb":{"@id":"https:\/\/www.ahmadiyya-islam.org\/si\/odmevi-v-medijih\/muslimanska-skupnost-ahmadija-obdarila-120-posameznikov-v-mariboru\/#breadcrumb"},"inLanguage":"sl-SI","potentialAction":[{"@type":"ReadAction","target":["https:\/\/www.ahmadiyya-islam.org\/si\/odmevi-v-medijih\/muslimanska-skupnost-ahmadija-obdarila-120-posameznikov-v-mariboru\/"]}]},{"@type":"ImageObject","inLanguage":"sl-SI","@id":"https:\/\/www.ahmadiyya-islam.org\/si\/odmevi-v-medijih\/muslimanska-skupnost-ahmadija-obdarila-120-posameznikov-v-mariboru\/#primaryimage","url":"https:\/\/www.ahmadiyya-islam.org\/si\/wp-content\/uploads\/sites\/11\/2026\/02\/Obdaritev-Ahmadija.jpg","contentUrl":"https:\/\/www.ahmadiyya-islam.org\/si\/wp-content\/uploads\/sites\/11\/2026\/02\/Obdaritev-Ahmadija.jpg","width":1600,"height":901},{"@type":"BreadcrumbList","@id":"https:\/\/www.ahmadiyya-islam.org\/si\/odmevi-v-medijih\/muslimanska-skupnost-ahmadija-obdarila-120-posameznikov-v-mariboru\/#breadcrumb","itemListElement":[{"@type":"ListItem","position":1,"name":"Home","item":"https:\/\/www.ahmadiyya-islam.org\/si\/"},{"@type":"ListItem","position":2,"name":"Muslimanska skupnost Ahmadija obdarila 120 posameznikov v Mariboru"}]},{"@type":"WebSite","@id":"https:\/\/www.ahmadiyya-islam.org\/si\/#website","url":"https:\/\/www.ahmadiyya-islam.org\/si\/","name":"Muslimanska skupnost Ahmadija","description":"Slovenija","potentialAction":[{"@type":"SearchAction","target":{"@type":"EntryPoint","urlTemplate":"https:\/\/www.ahmadiyya-islam.org\/si\/?s={search_term_string}"},"query-input":{"@type":"PropertyValueSpecification","valueRequired":true,"valueName":"search_term_string"}}],"inLanguage":"sl-SI"},{"@type":"Person","@id":"https:\/\/www.ahmadiyya-islam.org\/si\/#\/schema\/person\/261015785b9fe95bf26b5389e464b11a","name":"sitalha1","url":"https:\/\/www.ahmadiyya-islam.org\/si\/author\/sitalha1\/"}]}},"_links":{"self":[{"href":"https:\/\/www.ahmadiyya-islam.org\/si\/wp-json\/wp\/v2\/posts\/2468","targetHints":{"allow":["GET"]}}],"collection":[{"href":"https:\/\/www.ahmadiyya-islam.org\/si\/wp-json\/wp\/v2\/posts"}],"about":[{"href":"https:\/\/www.ahmadiyya-islam.org\/si\/wp-json\/wp\/v2\/types\/post"}],"author":[{"embeddable":true,"href":"https:\/\/www.ahmadiyya-islam.org\/si\/wp-json\/wp\/v2\/users\/23"}],"replies":[{"embeddable":true,"href":"https:\/\/www.ahmadiyya-islam.org\/si\/wp-json\/wp\/v2\/comments?post=2468"}],"version-history":[{"count":1,"href":"https:\/\/www.ahmadiyya-islam.org\/si\/wp-json\/wp\/v2\/posts\/2468\/revisions"}],"predecessor-version":[{"id":2470,"href":"https:\/\/www.ahmadiyya-islam.org\/si\/wp-json\/wp\/v2\/posts\/2468\/revisions\/2470"}],"wp:featuredmedia":[{"embeddable":true,"href":"https:\/\/www.ahmadiyya-islam.org\/si\/wp-json\/wp\/v2\/media\/2469"}],"wp:attachment":[{"href":"https:\/\/www.ahmadiyya-islam.org\/si\/wp-json\/wp\/v2\/media?parent=2468"}],"wp:term":[{"taxonomy":"category","embeddable":true,"href":"https:\/\/www.ahmadiyya-islam.org\/si\/wp-json\/wp\/v2\/categories?post=2468"},{"taxonomy":"post_tag","embeddable":true,"href":"https:\/\/www.ahmadiyya-islam.org\/si\/wp-json\/wp\/v2\/tags?post=2468"},{"taxonomy":"authors","embeddable":true,"href":"https:\/\/www.ahmadiyya-islam.org\/si\/wp-json\/wp\/v2\/authors?post=2468"},{"taxonomy":"content_source","embeddable":true,"href":"https:\/\/www.ahmadiyya-islam.org\/si\/wp-json\/wp\/v2\/content_source?post=2468"}],"curies":[{"name":"wp","href":"https:\/\/api.w.org\/{rel}","templated":true}]}}