{"id":2453,"date":"2025-04-14T07:33:47","date_gmt":"2025-04-14T07:33:47","guid":{"rendered":"https:\/\/www.ahmadiyya-islam.org\/si\/?p=2453"},"modified":"2025-04-14T07:33:47","modified_gmt":"2025-04-14T07:33:47","slug":"talha-ahmad","status":"publish","type":"post","link":"https:\/\/www.ahmadiyya-islam.org\/si\/odmevi-v-medijih\/talha-ahmad\/","title":{"rendered":"Talha Ahmad o svoji vlogi in delu v Dru\u0161tvu za informiranje o islamu"},"content":{"rendered":"<p><strong>V Medkulturnem blogu \u0161e naprej raziskujemo, kako \u017eivljenje v Mariboru do\u017eivljajo ljudje, ki so se k nam preselili iz bli\u017enjih ali daljnih krajev, kaj jim je tukaj najbolj v\u0161e\u010d, na kak\u0161ne ovire so naleteli pri selitvi v Maribor in zakaj je bilo vredno vztrajati si boste lahko prebrali v obliki Medkulturnega bloga. Tokrat predstavljamo Talho Ahmada, ki ga je v \u0161tajersko prestolnico pripeljalo delo v Dru\u0161tvu za informiranje o islamu Ahmadija .<\/strong><\/p>\n<p><strong>Talha Ahmad <\/strong>je predsednik Muslimanske skupnosti <strong>Ahmadija<\/strong>, dinami\u010dne organizacije znotraj islama, ki si prizadeva za informiranje ljudi z namenom doseganja miru in medsebojnega so\u017eitja. Navdu\u0161en nad slovensko kulturo, Talha skoraj teko\u010de obvlada slovenski jezik, v Mariboru, kjer \u017eivi \u017ee ve\u010d kot \u0161est let, pa si nesebi\u010dno prizadeva za doseganje miru med ljudmi tudi med igranjem nogometa in z veliko mero vere v skupno prihodnost gradi mostove, ki bodo neko\u010d presegli nestrpnost in sovra\u0161tvo.<\/p>\n<p><strong>Kje ste se nau\u010dili slovensko?<\/strong><\/p>\n<p>Sloven\u0161\u010dina je zelo te\u017eek jezik, saj je precej druga\u010dna kot angle\u0161\u010dina. Bil sem rojen na Nizozemskem, zato znam nizozemsko in angle\u0161ko, oba jezika sta si namre\u010d zelo podobna. Sloven\u0161\u010dina ima sicer skoraj enake \u010drke, vendar je slovnica povsem druga\u010dna, prav tako se je te\u017eko nau\u010diti dvojine. Po prihodu v Slovenijo sem obiskoval razli\u010dne te\u010daje, celo invidivualne ure u\u010denja jezika, vendar sem se z vsakodnevnim branjem in pogovorom privadil jezika. Nekoliko te\u017eav mi \u0161e vedno predstavlja pravilna raba kon\u010dnic.<\/p>\n<p><strong>Se vam kak\u0161na slovenska beseda zdi \u0161e posebej zanimiva?<\/strong><\/p>\n<p>Obstaja beseda, ki mi zmeraj predstavlja izziv pri izgovorjavi. To je beseda \u00bbsla\u0161\u010di\u010darna\u00ab, ki jo zelo redko uporabljam. Obstaja \u0161e zanimiva anekdota s slovensko besedo \u00bb\u0161ola\u00ab. Ko sem pri\u0161el v Slovenijo, sem na cestah opazil napise \u00bb\u0161ola\u00ab, vendar sem mislil, da pomeni enako kot \u00bbslow down\u00ab, kar v angle\u0161\u010dini pomeni po\u010dasi. \u0160ele kasneje sem ugotovil, da sem sklepal napa\u010dno.<\/p>\n<p><strong>Kaj je bil va\u0161 razlog, da ste pri\u0161li v Slovenijo?<\/strong><\/p>\n<p>Delam za mednarodno muslimansko skupnost Ahmadija, ki ima svoje predstavni\u0161tvo tudi v Sloveniji. Na\u0161a skupnost v Sloveniji deluje kot Dru\u0161tvo za informiranje o islamu Ahmadija, in sicer je na\u0161a primarna dejavnost informiranje o islamu. Delam kot koordinator dru\u0161tva, saj organiziram razli\u010dne aktivnosti.<\/p>\n<p><strong>Kak\u0161ni so cilji dru\u0161tva Ahmadija?<\/strong><\/p>\n<p>V Sloveniji obstaja veliko napa\u010dnih interpretacij in negativnih informacij o islamu in muslimanih, zato \u017eelimo ponuditi mo\u017enosti za razumevanje, izobra\u017eevanje in sobivanje med seboj. Trudimo se podati prave informacije o islamu, saj vsakodnevno opa\u017eamo kopice negativnih informacij, kot je terorizem, d\u017eihad, diskriminacija \u017eensk in podobno v povezavi z islamom. V ta namen organiziramo razli\u010dne aktivnosti, kot so predavanja, razstave, okrogle mize, objavljamo literarna dela, da bi ljudi seznanili z resni\u010dnimi dejstvi o islamu.<\/p>\n<p><strong>So aktivnosti dru\u0161tva dobro obiskane?<\/strong><\/p>\n<p>Aktivnosti so namenjene vsem, tako Slovencem, kot tudi muslimanom, saj \u017eelimo ljudem omogo\u010diti, da se spoznajo med seboj. Jaz sem musliman, vendar to ne pomeni, da sem druga\u010den kot ostali Slovenci, tudi jaz \u017eivim v Mariboru, govorim slovensko, imam dru\u017eino.<\/p>\n<p><strong>Ali dru\u0161tvo po va\u0161em mnenju deluje uspe\u0161no?<\/strong><\/p>\n<p>Ljudje, s katerimi sodelujem, imajo o dru\u0161tvu samo pozitivno mnenje. Nekdo mi je rekel, da so prav informacije, ki jih nudimo v dru\u0161tvu, to, kar ljudje potrebujejo v tem \u010dasu. Rekel bi, da na\u0161e delo ni enostavno, saj je potrebno veliko \u010dasa, da se nekaj spremeni. Nikakor ne \u017eelim, da nekdo privzame islamsko vero, saj zame in na\u0161e dru\u0161tvo velja, da je religija v domeni posameznikove intime. Na\u0161 cilj je izobra\u017eevanje in informiranje.<\/p>\n<p><strong>Se znotraj dru\u0161tva sre\u010dujete s kak\u0161nimi izzivi?<\/strong><\/p>\n<p>\u017dal smo prek socialnih omre\u017eij in spletne po\u0161te prejeli veliko sporo\u010dil ljudi, ki izra\u017eajo nasprotovanje do na\u0161ega dela. V odgovor vsem ljudem, ki delujejo sovra\u017eno, bi \u017eelel podati slogan na\u0161ega dru\u0161tva, ki pravi \u00bbljubezen vsem, sovra\u0161tvo nikomur\u00ab. Neko\u010d sem na\u0161e delo predstavljal na stojnici v centru mesta in je neznanec vame vrgel knjigo, reko\u010d, da sem terorist. Tak\u0161ne ljudi je mogo\u010de najti povsod, za nas je pomembno samo, da vemo, kako jim odgovoriti. Na\u0161ega dela ne zaznamuje nasilje ali slaba dejanja, ampak \u0161e na tak\u0161ne in druga\u010dne provokacije vedno odgovorimo z ljubeznijo in mirom.<\/p>\n<p><strong>Kako re\u0161ujete financiranje? <\/strong><\/p>\n<p>Mednarodna muslimanska skupnost Ahmadija ima po vsem svetu 15 milijonov \u010dlanov. Sredstva za na\u0161e delovanje dobivamo od \u010dlanov z vsega sveta, ki nas podpirajo in nam pomagajo, da lahko izvajamo razli\u010dne aktivnosti. Na\u0161 prora\u010dun sicer ni tako velik, da bi lahko vsak teden organizirali novo aktivnost, vendar smo samozadostni. Vladni sistemi in organizacije za nas ne predstavljajo nobenega vira financiranja. Neko\u010d sem organiziral te\u010daj arab\u0161\u010dine in sem ponujena sredstva zavrnil, saj gre za eno klju\u010dnih na\u010del Ahmadije. Strogo spo\u0161tujemo pravilo, da denar pridobivamo samo od \u010dlanov skupnosti.<\/p>\n<p><strong>Koliko \u010dlanov ima dru\u0161tvo Ahmadija? <\/strong><\/p>\n<p>V slovenski skupnosti, ki je nekoliko manj\u0161a, imamo sedem \u010dlanov, ki so pripadniki verske skupnosti Ahmadija. Med \u010dlani pa je tudi nekaj Slovencev, saj bistvo na\u0161e skupnosti ni verska pripadnost.<\/p>\n<p><strong>Ste imeli pred prihodom v Slovenijo kak\u0161na pri\u010dakovanja?<\/strong><\/p>\n<p>Prvi\u010d sem o Sloveniji sli\u0161al leta 2000, ko je sodelovala na evropskem nogometnem prvenstvu. Pred prihodom nisem vedel ni\u010desar o slovenskih mestih, le to, da je Slovenija dr\u017eava v Evropi. Ko mi je organizacija sporo\u010dila, da potrebujejo predstavnika v Sloveniji, sem natan\u010dno preveril, kje se nahaja Slovenija, kak\u0161en jezik govorijo, kak\u0161na je kultura in podobno. Nisem vedel niti, da je bila Slovenija del nekdanje Jugoslavije. Poznal sem Hrva\u0161ko in Bosno, Slovenije pa ne.<\/p>\n<p><strong>Kako se vam zdi \u017eivljenje v Sloveniji in Mariboru?<\/strong><\/p>\n<p>Rojen sem na Nizozemskem, moji star\u0161i prihajajo iz Pakistana. Slovenija je moj dom, tukaj imam dru\u017eino in slu\u017ebo, znam jezik, imam veliko prijateljev in po\u010dutim se kot da je moj dom v Sloveniji. Vsako leto obi\u0161\u010dem star\u0161e na Nizozemskem, vendar se tam po\u010dutim kot gost. Vedno moram vpra\u0161ati, kje so pi\u0161koti, kje je kruh, kako deluje TV, saj se ne po\u010dutim doma\u010de. Dvakrat sem bil v Pakistanu, vendar se ne po\u010dutim, da bi \u017eivel tam. Moj dom je Slovenija, \u010deprav ne poznam veliko dejstev o kulturi ali tradiciji, vendar me zanimajo in jih raziskujem. Ko sem pri\u0161el iz Nizozemske v Slovenijo, sem opazil glavno razliko. Stavbe in ceste v Sloveniji so starej\u0161e, vendar neurejene. Na Nizozemskem obstaja zakon, da mora biti fasada vedno renovirana, v Sloveniji pa je poleg hi\u0161e z lepo fasado druga z razpadajo\u010do. Arhitektura mi je zelo v\u0161e\u010d, saj je precej stavb v Mariboru ohranjenih izpred 2. svet. Vojne, kar mi je zelo v\u0161e\u010d. Slovenija je majhna, Maribor pa je majhno mesto, mirno, \u010disto in prijetno za bivanje.<\/p>\n<p><strong>Kako se razumete s Slovenci?<\/strong><\/p>\n<p>Imam veliko prijateljev iz razli\u010dnih dr\u017eav, tudi med begunci, ki prihajajo iz Pakistana, Sirije in drugod. S Slovenci imam dober odnos, prav tako tudi moja celotna dru\u017eina. Neko\u010d je \u0161la slovenska dru\u017eina na dopust in prosili so nas, da jim zalivamo ro\u017ee. To je dokaz, da obstaja zaupanje med nami in na\u0161imi prijatelji, kar zelo cenim.<\/p>\n<p><strong>Kaj menite o slovenski kulinariki?<\/strong><\/p>\n<p>Ko sem bil na Nizozemskem nisem nikoli preve\u010d maral juhe. V Sloveniji pa imam rad juho in spoznal sem, da je lahko juha polnovreden obrok za celoten dan, tudi \u010de ne je\u0161 ni\u010desar drugega. Poskusil sem gola\u017e, ki sicer ni slovenska nacionalna jed, prav tako tudi prekmursko gibanico, vendar mi ni\u010d od tega ni preve\u010d di\u0161alo. Potica pa se mi je zdela zelo okusna. Nekdo mi je celo rekel, da ima Ljubljana najbolj\u0161o pico na svetu. Poskusil sem jo in res je bila odli\u010dna, mislim, da na to pomembno vpliva bli\u017eina Italije.<\/p>\n<p><strong>Ali kaj pogre\u0161ate v Mariboru ?<\/strong><\/p>\n<p>Doma z \u017eeno kuhava pakistansko hrano. Zanjo potrebujeva posebne za\u010dimbe in sestavine, ki jih v Sloveniji ne dobiva, zato moram vedno v Graz po nakupih. Ko sem pri\u0161el v Slovenijo, nekateri ljudje na ob\u010dini niso znali angle\u0161ko, zato je bila to zame velika te\u017eava pri prijavi. Opazil sem, da mladi ljudje znajo dobro angle\u0161ko, starej\u0161i pa ne. To je edina stvar, ki me je motila ob prihodu, vendar sedaj, ko znam slovensko, ne nameravam oditi iz Maribora.<\/p>\n<p><strong>\u010ce prav vem, ste tudi nogometni vratar. \u0160e vedno igrate?<\/strong><\/p>\n<p>Trenutno imam te\u017eavo s kolenom, ampak igram, ko imam mo\u017enost. Na Pobre\u017eju je igri\u0161\u010de, kjer sem lani igral skoraj vsak dan. Ko je pri\u0161el eden, so se mi pridru\u017eili \u0161e ostali, pri\u0161li so otroci, starej\u0161i, Bosanci, Slovenci, Sirci, pripadniki najrazli\u010dnej\u0161ih narodnosti in smo igrali skupaj. Nogomet je stvar, ki povezuje ljudi, saj smo v nekem trenutku dobili ob\u010dutek, da lahko \u017eivimo skupaj.<\/p>\n<p><strong>Kako ocenjujete doprinos dru\u0161tva k izbolj\u0161anju integracije v Mariboru?<\/strong><\/p>\n<p>Ena izmed na\u0161ih aktivnosti je tudi zagotavljanje humanitarne pomo\u010di, kjer smo veliko sodelovali z begunci. Vsem migrantom, ki pridejo v Slovenijo vedno govorim, da obstaja rek, da je zgornja roka vedno bolj\u0161a kot spodnja roka. Pomeni, da smo kot tujci, migranti ali begunci, ko pridemo v Slovenijo, dele\u017eni veliko pravic, zaprosimo lahko za socialno pomo\u010d, stanovanje, izobra\u017eevanje in to je na\u0161a spodnja roka, saj prejemamo. Hkrati imamo kot tujci tudi odgovornost, da to povrnemo in ponudimo nekaj v zameno, kar pa je na\u0161a zgornja roka. Menim, da integracija pomeni zvestobo do dr\u017eave, spo\u0161tovanje zakonov, vlade, u\u010denje jezika in pomo\u010d na\u0161im soprebivalcem v Sloveniji. V imenu dru\u0161tva smo organizirali ve\u010d humanitarnih dogodkov in aktivnosti, z namenom da bi pokazali, da smo sicer tujci, smo muslimani, vendar \u017eelimo postati del slovenske dru\u017ebe.<\/p>\n<p><strong>Sodelujete tudi z drugimi dru\u0161tvi v Sloveniji?<\/strong><\/p>\n<p>Ni jih veliko, vendar smo pripravljeni na sodelovanje, \u010de \u017eelijo sodelovati z nami. Pripravljeni smo tudi sodelovati z razli\u010dnimi verskimi skupnostmi. Imam dobre izku\u0161nje z njimi, smo v stiku, vendar nismo sodelovali pri dogodkih ali aktivnostih. Tudi z razli\u010dnimi organizacijami nismo veliko sodelovali.<\/p>\n<p><strong>Kako si predstavljate svoje osebno \u017eivljenje in delovanje dru\u0161tva \u010dez pet let?<\/strong><\/p>\n<p>\u017delim si, da bi bil bolj aktiven \u010dlan v slovenski dru\u017ebi in da bo tudi moja sloven\u0161\u010dina bolj\u0161a. Upam, da bomo z delovanjem dru\u0161tva \u0161irili pozitiven odnos in informacije do ljudi. Ne le verske informacije, ampak vse informacije, ki so pomembne za sobivanje med seboj. Veliko Slovencev ne pozna muslimanov in ne \u017eelijo imeti stika z njimi, zato je na\u0161 cilj, da gradimo mostove med ljudmi. Ni pomembno, kdo je, ali je musliman, kristjan, ateist, kak\u0161no ozadje ima, upam, da bomo lahko z na\u0161im delovanjem in aktivnostmi dosegli ve\u010d ljudi.<\/p>\n<p><strong>Intervju je pripravila in izvedla: <\/strong><em>Sara Jagodi\u010d.<\/em><\/p>\n","protected":false},"excerpt":{"rendered":"<p>V Medkulturnem blogu \u0161e naprej raziskujemo, kako \u017eivljenje v Mariboru do\u017eivljajo ljudje, ki so se k nam preselili iz bli\u017enjih ali daljnih krajev, kaj jim je tukaj najbolj v\u0161e\u010d, na kak\u0161ne ovire so naleteli pri selitvi v Maribor in zakaj je bilo vredno vztrajati si boste lahko prebrali v obliki Medkulturnega bloga. Tokrat predstavljamo Talho<\/p>\n","protected":false},"author":23,"featured_media":2454,"comment_status":"closed","ping_status":"closed","sticky":false,"template":"","format":"standard","meta":{"_acf_changed":false,"footnotes":""},"categories":[68],"tags":[],"authors":[],"content_source":[],"class_list":["post-2453","post","type-post","status-publish","format-standard","has-post-thumbnail","hentry","category-odmevi-v-medijih","topics-ahmadija"],"acf":[],"yoast_head":"<!-- This site is optimized with the Yoast SEO Premium plugin v21.1 (Yoast SEO v27.4) - https:\/\/yoast.com\/product\/yoast-seo-premium-wordpress\/ -->\n<title>Talha Ahmad o svoji vlogi in delu v Dru\u0161tvu za informiranje o islamu<\/title>\n<meta name=\"description\" content=\"Talha Ahmad je predsednik in imam Muslimanske skupnosti Ahmadija - Dru\u0161tva za informiranje o islamu.\" \/>\n<meta name=\"robots\" content=\"index, follow, max-snippet:-1, max-image-preview:large, max-video-preview:-1\" \/>\n<link rel=\"canonical\" href=\"https:\/\/www.ahmadiyya-islam.org\/si\/odmevi-v-medijih\/talha-ahmad\/\" \/>\n<meta property=\"og:locale\" content=\"sl_SI\" \/>\n<meta property=\"og:type\" content=\"article\" \/>\n<meta property=\"og:title\" content=\"Talha Ahmad o svoji vlogi in delu v Dru\u0161tvu za informiranje o islamu\" \/>\n<meta property=\"og:description\" content=\"Talha Ahmad je predsednik in imam Muslimanske skupnosti Ahmadija - Dru\u0161tva za informiranje o islamu.\" \/>\n<meta property=\"og:url\" content=\"https:\/\/www.ahmadiyya-islam.org\/si\/odmevi-v-medijih\/talha-ahmad\/\" \/>\n<meta property=\"og:site_name\" content=\"Muslimanska skupnost Ahmadija\" \/>\n<meta property=\"article:published_time\" content=\"2025-04-14T07:33:47+00:00\" \/>\n<meta property=\"og:image\" content=\"https:\/\/www.ahmadiyya-islam.org\/si\/wp-content\/uploads\/sites\/11\/2025\/04\/IMG_6959.jpg\" \/>\n\t<meta property=\"og:image:width\" content=\"2048\" \/>\n\t<meta property=\"og:image:height\" content=\"1365\" \/>\n\t<meta property=\"og:image:type\" content=\"image\/jpeg\" \/>\n<meta name=\"author\" content=\"sitalha1\" \/>\n<meta name=\"twitter:card\" content=\"summary_large_image\" \/>\n<meta name=\"twitter:label1\" content=\"Written by\" \/>\n\t<meta name=\"twitter:data1\" content=\"sitalha1\" \/>\n\t<meta name=\"twitter:label2\" content=\"Est. reading time\" \/>\n\t<meta name=\"twitter:data2\" content=\"10 minut\" \/>\n<script type=\"application\/ld+json\" class=\"yoast-schema-graph\">{\"@context\":\"https:\\\/\\\/schema.org\",\"@graph\":[{\"@type\":\"Article\",\"@id\":\"https:\\\/\\\/www.ahmadiyya-islam.org\\\/si\\\/odmevi-v-medijih\\\/talha-ahmad\\\/#article\",\"isPartOf\":{\"@id\":\"https:\\\/\\\/www.ahmadiyya-islam.org\\\/si\\\/odmevi-v-medijih\\\/talha-ahmad\\\/\"},\"author\":{\"name\":\"sitalha1\",\"@id\":\"https:\\\/\\\/www.ahmadiyya-islam.org\\\/si\\\/#\\\/schema\\\/person\\\/261015785b9fe95bf26b5389e464b11a\"},\"headline\":\"Talha Ahmad o svoji vlogi in delu v Dru\u0161tvu za informiranje o islamu\",\"datePublished\":\"2025-04-14T07:33:47+00:00\",\"mainEntityOfPage\":{\"@id\":\"https:\\\/\\\/www.ahmadiyya-islam.org\\\/si\\\/odmevi-v-medijih\\\/talha-ahmad\\\/\"},\"wordCount\":1834,\"image\":{\"@id\":\"https:\\\/\\\/www.ahmadiyya-islam.org\\\/si\\\/odmevi-v-medijih\\\/talha-ahmad\\\/#primaryimage\"},\"thumbnailUrl\":\"https:\\\/\\\/www.ahmadiyya-islam.org\\\/si\\\/wp-content\\\/uploads\\\/sites\\\/11\\\/2025\\\/04\\\/IMG_6959.jpg\",\"articleSection\":[\"Odmevi v medijih\"],\"inLanguage\":\"sl-SI\"},{\"@type\":\"WebPage\",\"@id\":\"https:\\\/\\\/www.ahmadiyya-islam.org\\\/si\\\/odmevi-v-medijih\\\/talha-ahmad\\\/\",\"url\":\"https:\\\/\\\/www.ahmadiyya-islam.org\\\/si\\\/odmevi-v-medijih\\\/talha-ahmad\\\/\",\"name\":\"Talha Ahmad o svoji vlogi in delu v Dru\u0161tvu za informiranje o islamu\",\"isPartOf\":{\"@id\":\"https:\\\/\\\/www.ahmadiyya-islam.org\\\/si\\\/#website\"},\"primaryImageOfPage\":{\"@id\":\"https:\\\/\\\/www.ahmadiyya-islam.org\\\/si\\\/odmevi-v-medijih\\\/talha-ahmad\\\/#primaryimage\"},\"image\":{\"@id\":\"https:\\\/\\\/www.ahmadiyya-islam.org\\\/si\\\/odmevi-v-medijih\\\/talha-ahmad\\\/#primaryimage\"},\"thumbnailUrl\":\"https:\\\/\\\/www.ahmadiyya-islam.org\\\/si\\\/wp-content\\\/uploads\\\/sites\\\/11\\\/2025\\\/04\\\/IMG_6959.jpg\",\"datePublished\":\"2025-04-14T07:33:47+00:00\",\"author\":{\"@id\":\"https:\\\/\\\/www.ahmadiyya-islam.org\\\/si\\\/#\\\/schema\\\/person\\\/261015785b9fe95bf26b5389e464b11a\"},\"description\":\"Talha Ahmad je predsednik in imam Muslimanske skupnosti Ahmadija - Dru\u0161tva za informiranje o islamu.\",\"breadcrumb\":{\"@id\":\"https:\\\/\\\/www.ahmadiyya-islam.org\\\/si\\\/odmevi-v-medijih\\\/talha-ahmad\\\/#breadcrumb\"},\"inLanguage\":\"sl-SI\",\"potentialAction\":[{\"@type\":\"ReadAction\",\"target\":[\"https:\\\/\\\/www.ahmadiyya-islam.org\\\/si\\\/odmevi-v-medijih\\\/talha-ahmad\\\/\"]}]},{\"@type\":\"ImageObject\",\"inLanguage\":\"sl-SI\",\"@id\":\"https:\\\/\\\/www.ahmadiyya-islam.org\\\/si\\\/odmevi-v-medijih\\\/talha-ahmad\\\/#primaryimage\",\"url\":\"https:\\\/\\\/www.ahmadiyya-islam.org\\\/si\\\/wp-content\\\/uploads\\\/sites\\\/11\\\/2025\\\/04\\\/IMG_6959.jpg\",\"contentUrl\":\"https:\\\/\\\/www.ahmadiyya-islam.org\\\/si\\\/wp-content\\\/uploads\\\/sites\\\/11\\\/2025\\\/04\\\/IMG_6959.jpg\",\"width\":2048,\"height\":1365,\"caption\":\"Talha Ahmad\"},{\"@type\":\"BreadcrumbList\",\"@id\":\"https:\\\/\\\/www.ahmadiyya-islam.org\\\/si\\\/odmevi-v-medijih\\\/talha-ahmad\\\/#breadcrumb\",\"itemListElement\":[{\"@type\":\"ListItem\",\"position\":1,\"name\":\"Home\",\"item\":\"https:\\\/\\\/www.ahmadiyya-islam.org\\\/si\\\/\"},{\"@type\":\"ListItem\",\"position\":2,\"name\":\"Talha Ahmad o svoji vlogi in delu v Dru\u0161tvu za informiranje o islamu\"}]},{\"@type\":\"WebSite\",\"@id\":\"https:\\\/\\\/www.ahmadiyya-islam.org\\\/si\\\/#website\",\"url\":\"https:\\\/\\\/www.ahmadiyya-islam.org\\\/si\\\/\",\"name\":\"Muslimanska skupnost Ahmadija\",\"description\":\"Slovenija\",\"potentialAction\":[{\"@type\":\"SearchAction\",\"target\":{\"@type\":\"EntryPoint\",\"urlTemplate\":\"https:\\\/\\\/www.ahmadiyya-islam.org\\\/si\\\/?s={search_term_string}\"},\"query-input\":{\"@type\":\"PropertyValueSpecification\",\"valueRequired\":true,\"valueName\":\"search_term_string\"}}],\"inLanguage\":\"sl-SI\"},{\"@type\":\"Person\",\"@id\":\"https:\\\/\\\/www.ahmadiyya-islam.org\\\/si\\\/#\\\/schema\\\/person\\\/261015785b9fe95bf26b5389e464b11a\",\"name\":\"sitalha1\",\"url\":\"https:\\\/\\\/www.ahmadiyya-islam.org\\\/si\\\/author\\\/sitalha1\\\/\"}]}<\/script>\n<!-- \/ Yoast SEO Premium plugin. -->","yoast_head_json":{"title":"Talha Ahmad o svoji vlogi in delu v Dru\u0161tvu za informiranje o islamu","description":"Talha Ahmad je predsednik in imam Muslimanske skupnosti Ahmadija - Dru\u0161tva za informiranje o islamu.","robots":{"index":"index","follow":"follow","max-snippet":"max-snippet:-1","max-image-preview":"max-image-preview:large","max-video-preview":"max-video-preview:-1"},"canonical":"https:\/\/www.ahmadiyya-islam.org\/si\/odmevi-v-medijih\/talha-ahmad\/","og_locale":"sl_SI","og_type":"article","og_title":"Talha Ahmad o svoji vlogi in delu v Dru\u0161tvu za informiranje o islamu","og_description":"Talha Ahmad je predsednik in imam Muslimanske skupnosti Ahmadija - Dru\u0161tva za informiranje o islamu.","og_url":"https:\/\/www.ahmadiyya-islam.org\/si\/odmevi-v-medijih\/talha-ahmad\/","og_site_name":"Muslimanska skupnost Ahmadija","article_published_time":"2025-04-14T07:33:47+00:00","og_image":[{"width":2048,"height":1365,"url":"https:\/\/www.ahmadiyya-islam.org\/si\/wp-content\/uploads\/sites\/11\/2025\/04\/IMG_6959.jpg","type":"image\/jpeg"}],"author":"sitalha1","twitter_card":"summary_large_image","twitter_misc":{"Written by":"sitalha1","Est. reading time":"10 minut"},"schema":{"@context":"https:\/\/schema.org","@graph":[{"@type":"Article","@id":"https:\/\/www.ahmadiyya-islam.org\/si\/odmevi-v-medijih\/talha-ahmad\/#article","isPartOf":{"@id":"https:\/\/www.ahmadiyya-islam.org\/si\/odmevi-v-medijih\/talha-ahmad\/"},"author":{"name":"sitalha1","@id":"https:\/\/www.ahmadiyya-islam.org\/si\/#\/schema\/person\/261015785b9fe95bf26b5389e464b11a"},"headline":"Talha Ahmad o svoji vlogi in delu v Dru\u0161tvu za informiranje o islamu","datePublished":"2025-04-14T07:33:47+00:00","mainEntityOfPage":{"@id":"https:\/\/www.ahmadiyya-islam.org\/si\/odmevi-v-medijih\/talha-ahmad\/"},"wordCount":1834,"image":{"@id":"https:\/\/www.ahmadiyya-islam.org\/si\/odmevi-v-medijih\/talha-ahmad\/#primaryimage"},"thumbnailUrl":"https:\/\/www.ahmadiyya-islam.org\/si\/wp-content\/uploads\/sites\/11\/2025\/04\/IMG_6959.jpg","articleSection":["Odmevi v medijih"],"inLanguage":"sl-SI"},{"@type":"WebPage","@id":"https:\/\/www.ahmadiyya-islam.org\/si\/odmevi-v-medijih\/talha-ahmad\/","url":"https:\/\/www.ahmadiyya-islam.org\/si\/odmevi-v-medijih\/talha-ahmad\/","name":"Talha Ahmad o svoji vlogi in delu v Dru\u0161tvu za informiranje o islamu","isPartOf":{"@id":"https:\/\/www.ahmadiyya-islam.org\/si\/#website"},"primaryImageOfPage":{"@id":"https:\/\/www.ahmadiyya-islam.org\/si\/odmevi-v-medijih\/talha-ahmad\/#primaryimage"},"image":{"@id":"https:\/\/www.ahmadiyya-islam.org\/si\/odmevi-v-medijih\/talha-ahmad\/#primaryimage"},"thumbnailUrl":"https:\/\/www.ahmadiyya-islam.org\/si\/wp-content\/uploads\/sites\/11\/2025\/04\/IMG_6959.jpg","datePublished":"2025-04-14T07:33:47+00:00","author":{"@id":"https:\/\/www.ahmadiyya-islam.org\/si\/#\/schema\/person\/261015785b9fe95bf26b5389e464b11a"},"description":"Talha Ahmad je predsednik in imam Muslimanske skupnosti Ahmadija - Dru\u0161tva za informiranje o islamu.","breadcrumb":{"@id":"https:\/\/www.ahmadiyya-islam.org\/si\/odmevi-v-medijih\/talha-ahmad\/#breadcrumb"},"inLanguage":"sl-SI","potentialAction":[{"@type":"ReadAction","target":["https:\/\/www.ahmadiyya-islam.org\/si\/odmevi-v-medijih\/talha-ahmad\/"]}]},{"@type":"ImageObject","inLanguage":"sl-SI","@id":"https:\/\/www.ahmadiyya-islam.org\/si\/odmevi-v-medijih\/talha-ahmad\/#primaryimage","url":"https:\/\/www.ahmadiyya-islam.org\/si\/wp-content\/uploads\/sites\/11\/2025\/04\/IMG_6959.jpg","contentUrl":"https:\/\/www.ahmadiyya-islam.org\/si\/wp-content\/uploads\/sites\/11\/2025\/04\/IMG_6959.jpg","width":2048,"height":1365,"caption":"Talha Ahmad"},{"@type":"BreadcrumbList","@id":"https:\/\/www.ahmadiyya-islam.org\/si\/odmevi-v-medijih\/talha-ahmad\/#breadcrumb","itemListElement":[{"@type":"ListItem","position":1,"name":"Home","item":"https:\/\/www.ahmadiyya-islam.org\/si\/"},{"@type":"ListItem","position":2,"name":"Talha Ahmad o svoji vlogi in delu v Dru\u0161tvu za informiranje o islamu"}]},{"@type":"WebSite","@id":"https:\/\/www.ahmadiyya-islam.org\/si\/#website","url":"https:\/\/www.ahmadiyya-islam.org\/si\/","name":"Muslimanska skupnost Ahmadija","description":"Slovenija","potentialAction":[{"@type":"SearchAction","target":{"@type":"EntryPoint","urlTemplate":"https:\/\/www.ahmadiyya-islam.org\/si\/?s={search_term_string}"},"query-input":{"@type":"PropertyValueSpecification","valueRequired":true,"valueName":"search_term_string"}}],"inLanguage":"sl-SI"},{"@type":"Person","@id":"https:\/\/www.ahmadiyya-islam.org\/si\/#\/schema\/person\/261015785b9fe95bf26b5389e464b11a","name":"sitalha1","url":"https:\/\/www.ahmadiyya-islam.org\/si\/author\/sitalha1\/"}]}},"_links":{"self":[{"href":"https:\/\/www.ahmadiyya-islam.org\/si\/wp-json\/wp\/v2\/posts\/2453","targetHints":{"allow":["GET"]}}],"collection":[{"href":"https:\/\/www.ahmadiyya-islam.org\/si\/wp-json\/wp\/v2\/posts"}],"about":[{"href":"https:\/\/www.ahmadiyya-islam.org\/si\/wp-json\/wp\/v2\/types\/post"}],"author":[{"embeddable":true,"href":"https:\/\/www.ahmadiyya-islam.org\/si\/wp-json\/wp\/v2\/users\/23"}],"replies":[{"embeddable":true,"href":"https:\/\/www.ahmadiyya-islam.org\/si\/wp-json\/wp\/v2\/comments?post=2453"}],"version-history":[{"count":1,"href":"https:\/\/www.ahmadiyya-islam.org\/si\/wp-json\/wp\/v2\/posts\/2453\/revisions"}],"predecessor-version":[{"id":2455,"href":"https:\/\/www.ahmadiyya-islam.org\/si\/wp-json\/wp\/v2\/posts\/2453\/revisions\/2455"}],"wp:featuredmedia":[{"embeddable":true,"href":"https:\/\/www.ahmadiyya-islam.org\/si\/wp-json\/wp\/v2\/media\/2454"}],"wp:attachment":[{"href":"https:\/\/www.ahmadiyya-islam.org\/si\/wp-json\/wp\/v2\/media?parent=2453"}],"wp:term":[{"taxonomy":"category","embeddable":true,"href":"https:\/\/www.ahmadiyya-islam.org\/si\/wp-json\/wp\/v2\/categories?post=2453"},{"taxonomy":"post_tag","embeddable":true,"href":"https:\/\/www.ahmadiyya-islam.org\/si\/wp-json\/wp\/v2\/tags?post=2453"},{"taxonomy":"authors","embeddable":true,"href":"https:\/\/www.ahmadiyya-islam.org\/si\/wp-json\/wp\/v2\/authors?post=2453"},{"taxonomy":"content_source","embeddable":true,"href":"https:\/\/www.ahmadiyya-islam.org\/si\/wp-json\/wp\/v2\/content_source?post=2453"}],"curies":[{"name":"wp","href":"https:\/\/api.w.org\/{rel}","templated":true}]}}