{"id":1885,"date":"2019-08-23T12:29:41","date_gmt":"2019-08-23T12:29:41","guid":{"rendered":"https:\/\/www.ahmadiyya-islam.org\/si\/?p=1885"},"modified":"2019-08-23T22:15:01","modified_gmt":"2019-08-23T22:15:01","slug":"brezplacni-tecaj-arabscine-ljubljana","status":"publish","type":"post","link":"https:\/\/www.ahmadiyya-islam.org\/si\/dogodki\/brezplacni-tecaj-arabscine-ljubljana\/","title":{"rendered":"Brezpla\u010dni te\u010daj arab\u0161\u010dine v Ljubljani"},"content":{"rendered":"<p>Dru\u0161tvo za informiranje o islamu v Ljubljani organizira brezpla\u010dni te\u010daj arab\u0161\u010dine za za\u010detnike. V njem boste spoznali arabski jezik in pridobili znanje in razumevanje pomembnih vidikov jezika, kot je arabska abeceda, izgovorjava in branje ter razumevanje preprostih arabskih besed. Spoznali boste tudi osnovno besedi\u0161\u010de, kot so dnevi v tednu, \u0161tevilke in barve. Prav tako boste usvojili osnovne besedne zveze in jezikovne spretnosti.<\/p>\n<p>Arabski jezik vsebuje veliko zgodovino in dedi\u0161\u010dino literature, teologije in znanosti. Govori ga ve\u010d kot 400 milijonov ljudi, tako da je peti najbolj raz\u0161irjen na svetu. \u0160tudij jezika pripomore k razumevanju ljudi iz razli\u010dnih kultur in daje vpogled v kulturne razlike in podobnosti.<\/p>\n<p>Te\u010daj bo potekal enkrat tedensko, od 18. septembra 2019 do 12. decembra 2019. Udele\u017eenci bodo razdeljeni v \u0161tiri skupine, vsaka skupina bo imela 15 udele\u017eencev.<\/p>\n<p>Skupina 1: vsako sredo ob 16.00<br \/>\nSkupina 2: vsako sredo ob 18.00<br \/>\nSkupina 3: vsak \u010detrtek ob 16.00<br \/>\nSkupina 4: vsak \u010detrtek ob 18.00<br \/>\n<a href=\"https:\/\/www.ahmadiyya-islam.org\/si\/wp-content\/uploads\/sites\/11\/2019\/08\/Tecaj_arabscine.jpg\"><img loading=\"lazy\" decoding=\"async\" class=\" wp-image-1887 aligncenter\" src=\"https:\/\/www.ahmadiyya-islam.org\/si\/wp-content\/uploads\/sites\/11\/2019\/08\/Tecaj_arabscine-257x300.jpg\" alt=\"\" width=\"390\" height=\"453\" \/><\/a><\/p>\n<p>\u010ce vas te\u010daj zanima, vas vabimo, da se prijavite po elektronski po\u0161ti, ki naj vsebuje va\u0161e ime in \u017eeleno \u0161tevilko skupine. Udele\u017eenci bodo razdeljeni v skupine po na\u010delu \u00bbprvi prispe, prvi dobi\u00ab. \u010ce bo \u0161tevilo udele\u017eencev presegalo omejitve, bodo dodane nove skupine.<\/p>\n<p>Te\u010daj bo potekal v lokalu 29 v Ledina centru, Kotnikova ulica 5, Ljubljana. Vodil ga bo Talha Ahmad, ki je Nearabec, vendar ima diplomo iz arab\u0161\u010dine. Te\u010daj bo potekal v sloven\u0161\u010dini.<\/p>\n<p>Nekaj dejstev o arab\u0161\u010dini:<\/p>\n<ul>\n<li>pi\u0161e se od desne proti levi,<\/li>\n<li>enako kakor sloven\u0161\u010dina pozna dvojino tudi arab\u0161\u010dina,<\/li>\n<li>iz nje izvirajo besede kot so algebra, alkohol, \u017eirafa, gazela, kava, masa\u017ea,<\/li>\n<li>arab\u0161\u010dina je izvirni jezik Korana, svete knjige islama.<\/li>\n<\/ul>\n<p>Kontakt: info@alislam.si<\/p>\n","protected":false},"excerpt":{"rendered":"<p>Dru\u0161tvo za informiranje o islamu v Ljubljani organizira brezpla\u010dni te\u010daj arab\u0161\u010dine za za\u010detnike. V njem boste spoznali arabski jezik in pridobili znanje in razumevanje pomembnih vidikov jezika, kot je arabska abeceda, izgovorjava in branje ter razumevanje preprostih arabskih besed. Spoznali boste tudi osnovno besedi\u0161\u010de, kot so dnevi v tednu, \u0161tevilke in barve. Prav tako boste<\/p>\n","protected":false},"author":23,"featured_media":1889,"comment_status":"closed","ping_status":"closed","sticky":false,"template":"","format":"standard","meta":{"_acf_changed":false,"footnotes":""},"categories":[125],"tags":[71],"authors":[],"content_source":[],"class_list":["post-1885","post","type-post","status-publish","format-standard","has-post-thumbnail","hentry","category-dogodki","tag-tecaj","topics-arabscina"],"acf":[],"yoast_head":"<!-- This site is optimized with the Yoast SEO Premium plugin v21.1 (Yoast SEO v27.4) - https:\/\/yoast.com\/product\/yoast-seo-premium-wordpress\/ -->\n<title>Brezpla\u010dni te\u010daj arab\u0161\u010dine v Ljubljani<\/title>\n<meta name=\"description\" content=\"Te\u010daj bo potekal enkrat tedensko, od 18. septembra do 12. decembra. Udele\u017eenci bodo razdeljeni v \u0161tiri skupine, vsaka skupina bo imela 15 udele\u017eencev.\" \/>\n<meta name=\"robots\" content=\"index, follow, max-snippet:-1, max-image-preview:large, max-video-preview:-1\" \/>\n<link rel=\"canonical\" href=\"https:\/\/www.ahmadiyya-islam.org\/si\/dogodki\/brezplacni-tecaj-arabscine-ljubljana\/\" \/>\n<meta property=\"og:locale\" content=\"sl_SI\" \/>\n<meta property=\"og:type\" content=\"article\" \/>\n<meta property=\"og:title\" content=\"Brezpla\u010dni te\u010daj arab\u0161\u010dine v Ljubljani\" \/>\n<meta property=\"og:description\" content=\"Te\u010daj bo potekal enkrat tedensko, od 18. septembra do 12. decembra. Udele\u017eenci bodo razdeljeni v \u0161tiri skupine, vsaka skupina bo imela 15 udele\u017eencev.\" \/>\n<meta property=\"og:url\" content=\"https:\/\/www.ahmadiyya-islam.org\/si\/dogodki\/brezplacni-tecaj-arabscine-ljubljana\/\" \/>\n<meta property=\"og:site_name\" content=\"Muslimanska skupnost Ahmadija\" \/>\n<meta property=\"article:published_time\" content=\"2019-08-23T12:29:41+00:00\" \/>\n<meta property=\"article:modified_time\" content=\"2019-08-23T22:15:01+00:00\" \/>\n<meta property=\"og:image\" content=\"https:\/\/www.ahmadiyya-islam.org\/si\/wp-content\/uploads\/sites\/11\/2019\/08\/Tecaj_arabscine1.jpg\" \/>\n\t<meta property=\"og:image:width\" content=\"1152\" \/>\n\t<meta property=\"og:image:height\" content=\"713\" \/>\n\t<meta property=\"og:image:type\" content=\"image\/jpeg\" \/>\n<meta name=\"author\" content=\"sitalha1\" \/>\n<meta name=\"twitter:card\" content=\"summary_large_image\" \/>\n<meta name=\"twitter:label1\" content=\"Written by\" \/>\n\t<meta name=\"twitter:data1\" content=\"sitalha1\" \/>\n\t<meta name=\"twitter:label2\" content=\"Est. reading time\" \/>\n\t<meta name=\"twitter:data2\" content=\"1 minuta\" \/>\n<script type=\"application\/ld+json\" class=\"yoast-schema-graph\">{\"@context\":\"https:\\\/\\\/schema.org\",\"@graph\":[{\"@type\":\"Article\",\"@id\":\"https:\\\/\\\/www.ahmadiyya-islam.org\\\/si\\\/dogodki\\\/brezplacni-tecaj-arabscine-ljubljana\\\/#article\",\"isPartOf\":{\"@id\":\"https:\\\/\\\/www.ahmadiyya-islam.org\\\/si\\\/dogodki\\\/brezplacni-tecaj-arabscine-ljubljana\\\/\"},\"author\":{\"name\":\"sitalha1\",\"@id\":\"https:\\\/\\\/www.ahmadiyya-islam.org\\\/si\\\/#\\\/schema\\\/person\\\/261015785b9fe95bf26b5389e464b11a\"},\"headline\":\"Brezpla\u010dni te\u010daj arab\u0161\u010dine v Ljubljani\",\"datePublished\":\"2019-08-23T12:29:41+00:00\",\"dateModified\":\"2019-08-23T22:15:01+00:00\",\"mainEntityOfPage\":{\"@id\":\"https:\\\/\\\/www.ahmadiyya-islam.org\\\/si\\\/dogodki\\\/brezplacni-tecaj-arabscine-ljubljana\\\/\"},\"wordCount\":288,\"image\":{\"@id\":\"https:\\\/\\\/www.ahmadiyya-islam.org\\\/si\\\/dogodki\\\/brezplacni-tecaj-arabscine-ljubljana\\\/#primaryimage\"},\"thumbnailUrl\":\"https:\\\/\\\/www.ahmadiyya-islam.org\\\/si\\\/wp-content\\\/uploads\\\/sites\\\/11\\\/2019\\\/08\\\/Tecaj_arabscine1.jpg\",\"keywords\":[\"Te\u010daj\"],\"articleSection\":[\"Dogodki\"],\"inLanguage\":\"sl-SI\"},{\"@type\":\"WebPage\",\"@id\":\"https:\\\/\\\/www.ahmadiyya-islam.org\\\/si\\\/dogodki\\\/brezplacni-tecaj-arabscine-ljubljana\\\/\",\"url\":\"https:\\\/\\\/www.ahmadiyya-islam.org\\\/si\\\/dogodki\\\/brezplacni-tecaj-arabscine-ljubljana\\\/\",\"name\":\"Brezpla\u010dni te\u010daj arab\u0161\u010dine v Ljubljani\",\"isPartOf\":{\"@id\":\"https:\\\/\\\/www.ahmadiyya-islam.org\\\/si\\\/#website\"},\"primaryImageOfPage\":{\"@id\":\"https:\\\/\\\/www.ahmadiyya-islam.org\\\/si\\\/dogodki\\\/brezplacni-tecaj-arabscine-ljubljana\\\/#primaryimage\"},\"image\":{\"@id\":\"https:\\\/\\\/www.ahmadiyya-islam.org\\\/si\\\/dogodki\\\/brezplacni-tecaj-arabscine-ljubljana\\\/#primaryimage\"},\"thumbnailUrl\":\"https:\\\/\\\/www.ahmadiyya-islam.org\\\/si\\\/wp-content\\\/uploads\\\/sites\\\/11\\\/2019\\\/08\\\/Tecaj_arabscine1.jpg\",\"datePublished\":\"2019-08-23T12:29:41+00:00\",\"dateModified\":\"2019-08-23T22:15:01+00:00\",\"author\":{\"@id\":\"https:\\\/\\\/www.ahmadiyya-islam.org\\\/si\\\/#\\\/schema\\\/person\\\/261015785b9fe95bf26b5389e464b11a\"},\"description\":\"Te\u010daj bo potekal enkrat tedensko, od 18. septembra do 12. decembra. Udele\u017eenci bodo razdeljeni v \u0161tiri skupine, vsaka skupina bo imela 15 udele\u017eencev.\",\"breadcrumb\":{\"@id\":\"https:\\\/\\\/www.ahmadiyya-islam.org\\\/si\\\/dogodki\\\/brezplacni-tecaj-arabscine-ljubljana\\\/#breadcrumb\"},\"inLanguage\":\"sl-SI\",\"potentialAction\":[{\"@type\":\"ReadAction\",\"target\":[\"https:\\\/\\\/www.ahmadiyya-islam.org\\\/si\\\/dogodki\\\/brezplacni-tecaj-arabscine-ljubljana\\\/\"]}]},{\"@type\":\"ImageObject\",\"inLanguage\":\"sl-SI\",\"@id\":\"https:\\\/\\\/www.ahmadiyya-islam.org\\\/si\\\/dogodki\\\/brezplacni-tecaj-arabscine-ljubljana\\\/#primaryimage\",\"url\":\"https:\\\/\\\/www.ahmadiyya-islam.org\\\/si\\\/wp-content\\\/uploads\\\/sites\\\/11\\\/2019\\\/08\\\/Tecaj_arabscine1.jpg\",\"contentUrl\":\"https:\\\/\\\/www.ahmadiyya-islam.org\\\/si\\\/wp-content\\\/uploads\\\/sites\\\/11\\\/2019\\\/08\\\/Tecaj_arabscine1.jpg\",\"width\":1152,\"height\":713},{\"@type\":\"BreadcrumbList\",\"@id\":\"https:\\\/\\\/www.ahmadiyya-islam.org\\\/si\\\/dogodki\\\/brezplacni-tecaj-arabscine-ljubljana\\\/#breadcrumb\",\"itemListElement\":[{\"@type\":\"ListItem\",\"position\":1,\"name\":\"Home\",\"item\":\"https:\\\/\\\/www.ahmadiyya-islam.org\\\/si\\\/\"},{\"@type\":\"ListItem\",\"position\":2,\"name\":\"Brezpla\u010dni te\u010daj arab\u0161\u010dine v Ljubljani\"}]},{\"@type\":\"WebSite\",\"@id\":\"https:\\\/\\\/www.ahmadiyya-islam.org\\\/si\\\/#website\",\"url\":\"https:\\\/\\\/www.ahmadiyya-islam.org\\\/si\\\/\",\"name\":\"Muslimanska skupnost Ahmadija\",\"description\":\"Slovenija\",\"potentialAction\":[{\"@type\":\"SearchAction\",\"target\":{\"@type\":\"EntryPoint\",\"urlTemplate\":\"https:\\\/\\\/www.ahmadiyya-islam.org\\\/si\\\/?s={search_term_string}\"},\"query-input\":{\"@type\":\"PropertyValueSpecification\",\"valueRequired\":true,\"valueName\":\"search_term_string\"}}],\"inLanguage\":\"sl-SI\"},{\"@type\":\"Person\",\"@id\":\"https:\\\/\\\/www.ahmadiyya-islam.org\\\/si\\\/#\\\/schema\\\/person\\\/261015785b9fe95bf26b5389e464b11a\",\"name\":\"sitalha1\",\"url\":\"https:\\\/\\\/www.ahmadiyya-islam.org\\\/si\\\/author\\\/sitalha1\\\/\"}]}<\/script>\n<!-- \/ Yoast SEO Premium plugin. -->","yoast_head_json":{"title":"Brezpla\u010dni te\u010daj arab\u0161\u010dine v Ljubljani","description":"Te\u010daj bo potekal enkrat tedensko, od 18. septembra do 12. decembra. Udele\u017eenci bodo razdeljeni v \u0161tiri skupine, vsaka skupina bo imela 15 udele\u017eencev.","robots":{"index":"index","follow":"follow","max-snippet":"max-snippet:-1","max-image-preview":"max-image-preview:large","max-video-preview":"max-video-preview:-1"},"canonical":"https:\/\/www.ahmadiyya-islam.org\/si\/dogodki\/brezplacni-tecaj-arabscine-ljubljana\/","og_locale":"sl_SI","og_type":"article","og_title":"Brezpla\u010dni te\u010daj arab\u0161\u010dine v Ljubljani","og_description":"Te\u010daj bo potekal enkrat tedensko, od 18. septembra do 12. decembra. Udele\u017eenci bodo razdeljeni v \u0161tiri skupine, vsaka skupina bo imela 15 udele\u017eencev.","og_url":"https:\/\/www.ahmadiyya-islam.org\/si\/dogodki\/brezplacni-tecaj-arabscine-ljubljana\/","og_site_name":"Muslimanska skupnost Ahmadija","article_published_time":"2019-08-23T12:29:41+00:00","article_modified_time":"2019-08-23T22:15:01+00:00","og_image":[{"width":1152,"height":713,"url":"https:\/\/www.ahmadiyya-islam.org\/si\/wp-content\/uploads\/sites\/11\/2019\/08\/Tecaj_arabscine1.jpg","type":"image\/jpeg"}],"author":"sitalha1","twitter_card":"summary_large_image","twitter_misc":{"Written by":"sitalha1","Est. reading time":"1 minuta"},"schema":{"@context":"https:\/\/schema.org","@graph":[{"@type":"Article","@id":"https:\/\/www.ahmadiyya-islam.org\/si\/dogodki\/brezplacni-tecaj-arabscine-ljubljana\/#article","isPartOf":{"@id":"https:\/\/www.ahmadiyya-islam.org\/si\/dogodki\/brezplacni-tecaj-arabscine-ljubljana\/"},"author":{"name":"sitalha1","@id":"https:\/\/www.ahmadiyya-islam.org\/si\/#\/schema\/person\/261015785b9fe95bf26b5389e464b11a"},"headline":"Brezpla\u010dni te\u010daj arab\u0161\u010dine v Ljubljani","datePublished":"2019-08-23T12:29:41+00:00","dateModified":"2019-08-23T22:15:01+00:00","mainEntityOfPage":{"@id":"https:\/\/www.ahmadiyya-islam.org\/si\/dogodki\/brezplacni-tecaj-arabscine-ljubljana\/"},"wordCount":288,"image":{"@id":"https:\/\/www.ahmadiyya-islam.org\/si\/dogodki\/brezplacni-tecaj-arabscine-ljubljana\/#primaryimage"},"thumbnailUrl":"https:\/\/www.ahmadiyya-islam.org\/si\/wp-content\/uploads\/sites\/11\/2019\/08\/Tecaj_arabscine1.jpg","keywords":["Te\u010daj"],"articleSection":["Dogodki"],"inLanguage":"sl-SI"},{"@type":"WebPage","@id":"https:\/\/www.ahmadiyya-islam.org\/si\/dogodki\/brezplacni-tecaj-arabscine-ljubljana\/","url":"https:\/\/www.ahmadiyya-islam.org\/si\/dogodki\/brezplacni-tecaj-arabscine-ljubljana\/","name":"Brezpla\u010dni te\u010daj arab\u0161\u010dine v Ljubljani","isPartOf":{"@id":"https:\/\/www.ahmadiyya-islam.org\/si\/#website"},"primaryImageOfPage":{"@id":"https:\/\/www.ahmadiyya-islam.org\/si\/dogodki\/brezplacni-tecaj-arabscine-ljubljana\/#primaryimage"},"image":{"@id":"https:\/\/www.ahmadiyya-islam.org\/si\/dogodki\/brezplacni-tecaj-arabscine-ljubljana\/#primaryimage"},"thumbnailUrl":"https:\/\/www.ahmadiyya-islam.org\/si\/wp-content\/uploads\/sites\/11\/2019\/08\/Tecaj_arabscine1.jpg","datePublished":"2019-08-23T12:29:41+00:00","dateModified":"2019-08-23T22:15:01+00:00","author":{"@id":"https:\/\/www.ahmadiyya-islam.org\/si\/#\/schema\/person\/261015785b9fe95bf26b5389e464b11a"},"description":"Te\u010daj bo potekal enkrat tedensko, od 18. septembra do 12. decembra. Udele\u017eenci bodo razdeljeni v \u0161tiri skupine, vsaka skupina bo imela 15 udele\u017eencev.","breadcrumb":{"@id":"https:\/\/www.ahmadiyya-islam.org\/si\/dogodki\/brezplacni-tecaj-arabscine-ljubljana\/#breadcrumb"},"inLanguage":"sl-SI","potentialAction":[{"@type":"ReadAction","target":["https:\/\/www.ahmadiyya-islam.org\/si\/dogodki\/brezplacni-tecaj-arabscine-ljubljana\/"]}]},{"@type":"ImageObject","inLanguage":"sl-SI","@id":"https:\/\/www.ahmadiyya-islam.org\/si\/dogodki\/brezplacni-tecaj-arabscine-ljubljana\/#primaryimage","url":"https:\/\/www.ahmadiyya-islam.org\/si\/wp-content\/uploads\/sites\/11\/2019\/08\/Tecaj_arabscine1.jpg","contentUrl":"https:\/\/www.ahmadiyya-islam.org\/si\/wp-content\/uploads\/sites\/11\/2019\/08\/Tecaj_arabscine1.jpg","width":1152,"height":713},{"@type":"BreadcrumbList","@id":"https:\/\/www.ahmadiyya-islam.org\/si\/dogodki\/brezplacni-tecaj-arabscine-ljubljana\/#breadcrumb","itemListElement":[{"@type":"ListItem","position":1,"name":"Home","item":"https:\/\/www.ahmadiyya-islam.org\/si\/"},{"@type":"ListItem","position":2,"name":"Brezpla\u010dni te\u010daj arab\u0161\u010dine v Ljubljani"}]},{"@type":"WebSite","@id":"https:\/\/www.ahmadiyya-islam.org\/si\/#website","url":"https:\/\/www.ahmadiyya-islam.org\/si\/","name":"Muslimanska skupnost Ahmadija","description":"Slovenija","potentialAction":[{"@type":"SearchAction","target":{"@type":"EntryPoint","urlTemplate":"https:\/\/www.ahmadiyya-islam.org\/si\/?s={search_term_string}"},"query-input":{"@type":"PropertyValueSpecification","valueRequired":true,"valueName":"search_term_string"}}],"inLanguage":"sl-SI"},{"@type":"Person","@id":"https:\/\/www.ahmadiyya-islam.org\/si\/#\/schema\/person\/261015785b9fe95bf26b5389e464b11a","name":"sitalha1","url":"https:\/\/www.ahmadiyya-islam.org\/si\/author\/sitalha1\/"}]}},"_links":{"self":[{"href":"https:\/\/www.ahmadiyya-islam.org\/si\/wp-json\/wp\/v2\/posts\/1885","targetHints":{"allow":["GET"]}}],"collection":[{"href":"https:\/\/www.ahmadiyya-islam.org\/si\/wp-json\/wp\/v2\/posts"}],"about":[{"href":"https:\/\/www.ahmadiyya-islam.org\/si\/wp-json\/wp\/v2\/types\/post"}],"author":[{"embeddable":true,"href":"https:\/\/www.ahmadiyya-islam.org\/si\/wp-json\/wp\/v2\/users\/23"}],"replies":[{"embeddable":true,"href":"https:\/\/www.ahmadiyya-islam.org\/si\/wp-json\/wp\/v2\/comments?post=1885"}],"version-history":[{"count":0,"href":"https:\/\/www.ahmadiyya-islam.org\/si\/wp-json\/wp\/v2\/posts\/1885\/revisions"}],"wp:featuredmedia":[{"embeddable":true,"href":"https:\/\/www.ahmadiyya-islam.org\/si\/wp-json\/wp\/v2\/media\/1889"}],"wp:attachment":[{"href":"https:\/\/www.ahmadiyya-islam.org\/si\/wp-json\/wp\/v2\/media?parent=1885"}],"wp:term":[{"taxonomy":"category","embeddable":true,"href":"https:\/\/www.ahmadiyya-islam.org\/si\/wp-json\/wp\/v2\/categories?post=1885"},{"taxonomy":"post_tag","embeddable":true,"href":"https:\/\/www.ahmadiyya-islam.org\/si\/wp-json\/wp\/v2\/tags?post=1885"},{"taxonomy":"authors","embeddable":true,"href":"https:\/\/www.ahmadiyya-islam.org\/si\/wp-json\/wp\/v2\/authors?post=1885"},{"taxonomy":"content_source","embeddable":true,"href":"https:\/\/www.ahmadiyya-islam.org\/si\/wp-json\/wp\/v2\/content_source?post=1885"}],"curies":[{"name":"wp","href":"https:\/\/api.w.org\/{rel}","templated":true}]}}