{"id":1844,"date":"2019-06-23T17:12:01","date_gmt":"2019-06-23T17:12:01","guid":{"rendered":"https:\/\/www.ahmadiyya-islam.org\/si\/?p=1844"},"modified":"2019-06-23T17:12:01","modified_gmt":"2019-06-23T17:12:01","slug":"muslimani-maribor-kuhali-za-brezdomce","status":"publish","type":"post","link":"https:\/\/www.ahmadiyya-islam.org\/si\/odmevi-v-medijih\/muslimani-maribor-kuhali-za-brezdomce\/","title":{"rendered":"Muslimani tudi v Mariboru kuhali za brezdomce"},"content":{"rendered":"<p><strong>Muslimani in \u010dlani Dru\u0161tva za informiranje o islamu so minuli konec tedna ob ramadanu, islamskemu mesecu postenja, kuhali ve\u010derjo za brezdomce.<\/strong><\/p>\n<p>Ob praznovanju\u00a0bajrama, ki ozna\u010duje konec meseca ramadana, je\u00a0Muslimanska skupnost Ahmadija &#8211; Dru\u0161tvo za informiranje o islamu\u00a0obiskala\u00a0razli\u010dne dnevne centre in pripravila tople obroke in sladice za ve\u010d kot 180 brezdomcev in brezposlenih po Sloveniji.<\/p>\n<p>Ramadan\u00a0je deveti mesec v muslimanskem letu, ko je predpisan strog\u00a0post od zore do mraka. To je za pripadnike islama tudi \u010das duhovnosti in o\u010di\u0161\u010devanja, zato so se ti v Mariboru odlo\u010dili, da prisko\u010dijo na pomo\u010d tistim, ki so v socialni stiski.\u00a0Postni mesec ramadan in islamski praznik bajram pripomoreta tudi k temu, da se razvije so\u010dutje do revnih, hkrati pa izpolnjuje zapoved, ki spodbuja darovanje.<\/p>\n<p>Za pripravo malic za\u00a0Dnevna centra Avantus\u00a0v Mariboru in Lenartu so\u00a0sodelovali z restavracijo\u00a0Mr. Falafel\u00a0in\u00a0Gosti\u0161\u010de Jul\u010di.<\/p>\n","protected":false},"excerpt":{"rendered":"<p>Muslimani in \u010dlani Dru\u0161tva za informiranje o islamu so minuli konec tedna ob ramadanu, islamskemu mesecu postenja, kuhali ve\u010derjo za brezdomce. Ob praznovanju\u00a0bajrama, ki ozna\u010duje konec meseca ramadana, je\u00a0Muslimanska skupnost Ahmadija &#8211; Dru\u0161tvo za informiranje o islamu\u00a0obiskala\u00a0razli\u010dne dnevne centre in pripravila tople obroke in sladice za ve\u010d kot 180 brezdomcev in brezposlenih po Sloveniji. Ramadan\u00a0je<\/p>\n","protected":false},"author":23,"featured_media":1845,"comment_status":"closed","ping_status":"closed","sticky":false,"template":"","format":"standard","meta":{"_acf_changed":false,"footnotes":""},"categories":[68],"tags":[221,158,112],"authors":[],"content_source":[],"class_list":["post-1844","post","type-post","status-publish","format-standard","has-post-thumbnail","hentry","category-odmevi-v-medijih","tag-bajram","tag-dobrodelnost","tag-maribor","topics-muslimani","topics-post","topics-ramadan"],"acf":[],"yoast_head":"<!-- This site is optimized with the Yoast SEO Premium plugin v21.1 (Yoast SEO v27.4) - https:\/\/yoast.com\/product\/yoast-seo-premium-wordpress\/ -->\n<title>Muslimani tudi v Mariboru kuhali za brezdomce<\/title>\n<meta name=\"description\" content=\"Muslimani in \u010dlani Dru\u0161tva za informiranje o islamu so minuli konec tedna ob ramadanu, islamskemu mesecu postenja, kuhali ve\u010derjo za brezdomce.\" \/>\n<meta name=\"robots\" content=\"index, follow, max-snippet:-1, max-image-preview:large, max-video-preview:-1\" \/>\n<link rel=\"canonical\" href=\"https:\/\/www.ahmadiyya-islam.org\/si\/odmevi-v-medijih\/muslimani-maribor-kuhali-za-brezdomce\/\" \/>\n<meta property=\"og:locale\" content=\"sl_SI\" \/>\n<meta property=\"og:type\" content=\"article\" \/>\n<meta property=\"og:title\" content=\"Muslimani tudi v Mariboru kuhali za brezdomce\" \/>\n<meta property=\"og:description\" content=\"Muslimani in \u010dlani Dru\u0161tva za informiranje o islamu so minuli konec tedna ob ramadanu, islamskemu mesecu postenja, kuhali ve\u010derjo za brezdomce.\" \/>\n<meta property=\"og:url\" content=\"https:\/\/www.ahmadiyya-islam.org\/si\/odmevi-v-medijih\/muslimani-maribor-kuhali-za-brezdomce\/\" \/>\n<meta property=\"og:site_name\" content=\"Muslimanska skupnost Ahmadija\" \/>\n<meta property=\"article:published_time\" content=\"2019-06-23T17:12:01+00:00\" \/>\n<meta property=\"og:image\" content=\"https:\/\/www.ahmadiyya-islam.org\/si\/wp-content\/uploads\/sites\/11\/2019\/06\/Muslimani-v-Mariboru-kuhali-za-brezdomce.jpg\" \/>\n\t<meta property=\"og:image:width\" content=\"880\" \/>\n\t<meta property=\"og:image:height\" content=\"550\" \/>\n\t<meta property=\"og:image:type\" content=\"image\/jpeg\" \/>\n<meta name=\"author\" content=\"sitalha1\" \/>\n<meta name=\"twitter:card\" content=\"summary_large_image\" \/>\n<meta name=\"twitter:label1\" content=\"Written by\" \/>\n\t<meta name=\"twitter:data1\" content=\"sitalha1\" \/>\n\t<meta name=\"twitter:label2\" content=\"Est. reading time\" \/>\n\t<meta name=\"twitter:data2\" content=\"1 minuta\" \/>\n<script type=\"application\/ld+json\" class=\"yoast-schema-graph\">{\"@context\":\"https:\\\/\\\/schema.org\",\"@graph\":[{\"@type\":\"Article\",\"@id\":\"https:\\\/\\\/www.ahmadiyya-islam.org\\\/si\\\/odmevi-v-medijih\\\/muslimani-maribor-kuhali-za-brezdomce\\\/#article\",\"isPartOf\":{\"@id\":\"https:\\\/\\\/www.ahmadiyya-islam.org\\\/si\\\/odmevi-v-medijih\\\/muslimani-maribor-kuhali-za-brezdomce\\\/\"},\"author\":{\"name\":\"sitalha1\",\"@id\":\"https:\\\/\\\/www.ahmadiyya-islam.org\\\/si\\\/#\\\/schema\\\/person\\\/261015785b9fe95bf26b5389e464b11a\"},\"headline\":\"Muslimani tudi v Mariboru kuhali za brezdomce\",\"datePublished\":\"2019-06-23T17:12:01+00:00\",\"mainEntityOfPage\":{\"@id\":\"https:\\\/\\\/www.ahmadiyya-islam.org\\\/si\\\/odmevi-v-medijih\\\/muslimani-maribor-kuhali-za-brezdomce\\\/\"},\"wordCount\":163,\"image\":{\"@id\":\"https:\\\/\\\/www.ahmadiyya-islam.org\\\/si\\\/odmevi-v-medijih\\\/muslimani-maribor-kuhali-za-brezdomce\\\/#primaryimage\"},\"thumbnailUrl\":\"https:\\\/\\\/www.ahmadiyya-islam.org\\\/si\\\/wp-content\\\/uploads\\\/sites\\\/11\\\/2019\\\/06\\\/Muslimani-v-Mariboru-kuhali-za-brezdomce.jpg\",\"keywords\":[\"Bajram\",\"Dobrodelnost\",\"Maribor\"],\"articleSection\":[\"Odmevi v medijih\"],\"inLanguage\":\"sl-SI\"},{\"@type\":\"WebPage\",\"@id\":\"https:\\\/\\\/www.ahmadiyya-islam.org\\\/si\\\/odmevi-v-medijih\\\/muslimani-maribor-kuhali-za-brezdomce\\\/\",\"url\":\"https:\\\/\\\/www.ahmadiyya-islam.org\\\/si\\\/odmevi-v-medijih\\\/muslimani-maribor-kuhali-za-brezdomce\\\/\",\"name\":\"Muslimani tudi v Mariboru kuhali za brezdomce\",\"isPartOf\":{\"@id\":\"https:\\\/\\\/www.ahmadiyya-islam.org\\\/si\\\/#website\"},\"primaryImageOfPage\":{\"@id\":\"https:\\\/\\\/www.ahmadiyya-islam.org\\\/si\\\/odmevi-v-medijih\\\/muslimani-maribor-kuhali-za-brezdomce\\\/#primaryimage\"},\"image\":{\"@id\":\"https:\\\/\\\/www.ahmadiyya-islam.org\\\/si\\\/odmevi-v-medijih\\\/muslimani-maribor-kuhali-za-brezdomce\\\/#primaryimage\"},\"thumbnailUrl\":\"https:\\\/\\\/www.ahmadiyya-islam.org\\\/si\\\/wp-content\\\/uploads\\\/sites\\\/11\\\/2019\\\/06\\\/Muslimani-v-Mariboru-kuhali-za-brezdomce.jpg\",\"datePublished\":\"2019-06-23T17:12:01+00:00\",\"author\":{\"@id\":\"https:\\\/\\\/www.ahmadiyya-islam.org\\\/si\\\/#\\\/schema\\\/person\\\/261015785b9fe95bf26b5389e464b11a\"},\"description\":\"Muslimani in \u010dlani Dru\u0161tva za informiranje o islamu so minuli konec tedna ob ramadanu, islamskemu mesecu postenja, kuhali ve\u010derjo za brezdomce.\",\"breadcrumb\":{\"@id\":\"https:\\\/\\\/www.ahmadiyya-islam.org\\\/si\\\/odmevi-v-medijih\\\/muslimani-maribor-kuhali-za-brezdomce\\\/#breadcrumb\"},\"inLanguage\":\"sl-SI\",\"potentialAction\":[{\"@type\":\"ReadAction\",\"target\":[\"https:\\\/\\\/www.ahmadiyya-islam.org\\\/si\\\/odmevi-v-medijih\\\/muslimani-maribor-kuhali-za-brezdomce\\\/\"]}]},{\"@type\":\"ImageObject\",\"inLanguage\":\"sl-SI\",\"@id\":\"https:\\\/\\\/www.ahmadiyya-islam.org\\\/si\\\/odmevi-v-medijih\\\/muslimani-maribor-kuhali-za-brezdomce\\\/#primaryimage\",\"url\":\"https:\\\/\\\/www.ahmadiyya-islam.org\\\/si\\\/wp-content\\\/uploads\\\/sites\\\/11\\\/2019\\\/06\\\/Muslimani-v-Mariboru-kuhali-za-brezdomce.jpg\",\"contentUrl\":\"https:\\\/\\\/www.ahmadiyya-islam.org\\\/si\\\/wp-content\\\/uploads\\\/sites\\\/11\\\/2019\\\/06\\\/Muslimani-v-Mariboru-kuhali-za-brezdomce.jpg\",\"width\":880,\"height\":550,\"caption\":\"muslimani\"},{\"@type\":\"BreadcrumbList\",\"@id\":\"https:\\\/\\\/www.ahmadiyya-islam.org\\\/si\\\/odmevi-v-medijih\\\/muslimani-maribor-kuhali-za-brezdomce\\\/#breadcrumb\",\"itemListElement\":[{\"@type\":\"ListItem\",\"position\":1,\"name\":\"Home\",\"item\":\"https:\\\/\\\/www.ahmadiyya-islam.org\\\/si\\\/\"},{\"@type\":\"ListItem\",\"position\":2,\"name\":\"Muslimani tudi v Mariboru kuhali za brezdomce\"}]},{\"@type\":\"WebSite\",\"@id\":\"https:\\\/\\\/www.ahmadiyya-islam.org\\\/si\\\/#website\",\"url\":\"https:\\\/\\\/www.ahmadiyya-islam.org\\\/si\\\/\",\"name\":\"Muslimanska skupnost Ahmadija\",\"description\":\"Slovenija\",\"potentialAction\":[{\"@type\":\"SearchAction\",\"target\":{\"@type\":\"EntryPoint\",\"urlTemplate\":\"https:\\\/\\\/www.ahmadiyya-islam.org\\\/si\\\/?s={search_term_string}\"},\"query-input\":{\"@type\":\"PropertyValueSpecification\",\"valueRequired\":true,\"valueName\":\"search_term_string\"}}],\"inLanguage\":\"sl-SI\"},{\"@type\":\"Person\",\"@id\":\"https:\\\/\\\/www.ahmadiyya-islam.org\\\/si\\\/#\\\/schema\\\/person\\\/261015785b9fe95bf26b5389e464b11a\",\"name\":\"sitalha1\",\"url\":\"https:\\\/\\\/www.ahmadiyya-islam.org\\\/si\\\/author\\\/sitalha1\\\/\"}]}<\/script>\n<!-- \/ Yoast SEO Premium plugin. -->","yoast_head_json":{"title":"Muslimani tudi v Mariboru kuhali za brezdomce","description":"Muslimani in \u010dlani Dru\u0161tva za informiranje o islamu so minuli konec tedna ob ramadanu, islamskemu mesecu postenja, kuhali ve\u010derjo za brezdomce.","robots":{"index":"index","follow":"follow","max-snippet":"max-snippet:-1","max-image-preview":"max-image-preview:large","max-video-preview":"max-video-preview:-1"},"canonical":"https:\/\/www.ahmadiyya-islam.org\/si\/odmevi-v-medijih\/muslimani-maribor-kuhali-za-brezdomce\/","og_locale":"sl_SI","og_type":"article","og_title":"Muslimani tudi v Mariboru kuhali za brezdomce","og_description":"Muslimani in \u010dlani Dru\u0161tva za informiranje o islamu so minuli konec tedna ob ramadanu, islamskemu mesecu postenja, kuhali ve\u010derjo za brezdomce.","og_url":"https:\/\/www.ahmadiyya-islam.org\/si\/odmevi-v-medijih\/muslimani-maribor-kuhali-za-brezdomce\/","og_site_name":"Muslimanska skupnost Ahmadija","article_published_time":"2019-06-23T17:12:01+00:00","og_image":[{"width":880,"height":550,"url":"https:\/\/www.ahmadiyya-islam.org\/si\/wp-content\/uploads\/sites\/11\/2019\/06\/Muslimani-v-Mariboru-kuhali-za-brezdomce.jpg","type":"image\/jpeg"}],"author":"sitalha1","twitter_card":"summary_large_image","twitter_misc":{"Written by":"sitalha1","Est. reading time":"1 minuta"},"schema":{"@context":"https:\/\/schema.org","@graph":[{"@type":"Article","@id":"https:\/\/www.ahmadiyya-islam.org\/si\/odmevi-v-medijih\/muslimani-maribor-kuhali-za-brezdomce\/#article","isPartOf":{"@id":"https:\/\/www.ahmadiyya-islam.org\/si\/odmevi-v-medijih\/muslimani-maribor-kuhali-za-brezdomce\/"},"author":{"name":"sitalha1","@id":"https:\/\/www.ahmadiyya-islam.org\/si\/#\/schema\/person\/261015785b9fe95bf26b5389e464b11a"},"headline":"Muslimani tudi v Mariboru kuhali za brezdomce","datePublished":"2019-06-23T17:12:01+00:00","mainEntityOfPage":{"@id":"https:\/\/www.ahmadiyya-islam.org\/si\/odmevi-v-medijih\/muslimani-maribor-kuhali-za-brezdomce\/"},"wordCount":163,"image":{"@id":"https:\/\/www.ahmadiyya-islam.org\/si\/odmevi-v-medijih\/muslimani-maribor-kuhali-za-brezdomce\/#primaryimage"},"thumbnailUrl":"https:\/\/www.ahmadiyya-islam.org\/si\/wp-content\/uploads\/sites\/11\/2019\/06\/Muslimani-v-Mariboru-kuhali-za-brezdomce.jpg","keywords":["Bajram","Dobrodelnost","Maribor"],"articleSection":["Odmevi v medijih"],"inLanguage":"sl-SI"},{"@type":"WebPage","@id":"https:\/\/www.ahmadiyya-islam.org\/si\/odmevi-v-medijih\/muslimani-maribor-kuhali-za-brezdomce\/","url":"https:\/\/www.ahmadiyya-islam.org\/si\/odmevi-v-medijih\/muslimani-maribor-kuhali-za-brezdomce\/","name":"Muslimani tudi v Mariboru kuhali za brezdomce","isPartOf":{"@id":"https:\/\/www.ahmadiyya-islam.org\/si\/#website"},"primaryImageOfPage":{"@id":"https:\/\/www.ahmadiyya-islam.org\/si\/odmevi-v-medijih\/muslimani-maribor-kuhali-za-brezdomce\/#primaryimage"},"image":{"@id":"https:\/\/www.ahmadiyya-islam.org\/si\/odmevi-v-medijih\/muslimani-maribor-kuhali-za-brezdomce\/#primaryimage"},"thumbnailUrl":"https:\/\/www.ahmadiyya-islam.org\/si\/wp-content\/uploads\/sites\/11\/2019\/06\/Muslimani-v-Mariboru-kuhali-za-brezdomce.jpg","datePublished":"2019-06-23T17:12:01+00:00","author":{"@id":"https:\/\/www.ahmadiyya-islam.org\/si\/#\/schema\/person\/261015785b9fe95bf26b5389e464b11a"},"description":"Muslimani in \u010dlani Dru\u0161tva za informiranje o islamu so minuli konec tedna ob ramadanu, islamskemu mesecu postenja, kuhali ve\u010derjo za brezdomce.","breadcrumb":{"@id":"https:\/\/www.ahmadiyya-islam.org\/si\/odmevi-v-medijih\/muslimani-maribor-kuhali-za-brezdomce\/#breadcrumb"},"inLanguage":"sl-SI","potentialAction":[{"@type":"ReadAction","target":["https:\/\/www.ahmadiyya-islam.org\/si\/odmevi-v-medijih\/muslimani-maribor-kuhali-za-brezdomce\/"]}]},{"@type":"ImageObject","inLanguage":"sl-SI","@id":"https:\/\/www.ahmadiyya-islam.org\/si\/odmevi-v-medijih\/muslimani-maribor-kuhali-za-brezdomce\/#primaryimage","url":"https:\/\/www.ahmadiyya-islam.org\/si\/wp-content\/uploads\/sites\/11\/2019\/06\/Muslimani-v-Mariboru-kuhali-za-brezdomce.jpg","contentUrl":"https:\/\/www.ahmadiyya-islam.org\/si\/wp-content\/uploads\/sites\/11\/2019\/06\/Muslimani-v-Mariboru-kuhali-za-brezdomce.jpg","width":880,"height":550,"caption":"muslimani"},{"@type":"BreadcrumbList","@id":"https:\/\/www.ahmadiyya-islam.org\/si\/odmevi-v-medijih\/muslimani-maribor-kuhali-za-brezdomce\/#breadcrumb","itemListElement":[{"@type":"ListItem","position":1,"name":"Home","item":"https:\/\/www.ahmadiyya-islam.org\/si\/"},{"@type":"ListItem","position":2,"name":"Muslimani tudi v Mariboru kuhali za brezdomce"}]},{"@type":"WebSite","@id":"https:\/\/www.ahmadiyya-islam.org\/si\/#website","url":"https:\/\/www.ahmadiyya-islam.org\/si\/","name":"Muslimanska skupnost Ahmadija","description":"Slovenija","potentialAction":[{"@type":"SearchAction","target":{"@type":"EntryPoint","urlTemplate":"https:\/\/www.ahmadiyya-islam.org\/si\/?s={search_term_string}"},"query-input":{"@type":"PropertyValueSpecification","valueRequired":true,"valueName":"search_term_string"}}],"inLanguage":"sl-SI"},{"@type":"Person","@id":"https:\/\/www.ahmadiyya-islam.org\/si\/#\/schema\/person\/261015785b9fe95bf26b5389e464b11a","name":"sitalha1","url":"https:\/\/www.ahmadiyya-islam.org\/si\/author\/sitalha1\/"}]}},"_links":{"self":[{"href":"https:\/\/www.ahmadiyya-islam.org\/si\/wp-json\/wp\/v2\/posts\/1844","targetHints":{"allow":["GET"]}}],"collection":[{"href":"https:\/\/www.ahmadiyya-islam.org\/si\/wp-json\/wp\/v2\/posts"}],"about":[{"href":"https:\/\/www.ahmadiyya-islam.org\/si\/wp-json\/wp\/v2\/types\/post"}],"author":[{"embeddable":true,"href":"https:\/\/www.ahmadiyya-islam.org\/si\/wp-json\/wp\/v2\/users\/23"}],"replies":[{"embeddable":true,"href":"https:\/\/www.ahmadiyya-islam.org\/si\/wp-json\/wp\/v2\/comments?post=1844"}],"version-history":[{"count":0,"href":"https:\/\/www.ahmadiyya-islam.org\/si\/wp-json\/wp\/v2\/posts\/1844\/revisions"}],"wp:featuredmedia":[{"embeddable":true,"href":"https:\/\/www.ahmadiyya-islam.org\/si\/wp-json\/wp\/v2\/media\/1845"}],"wp:attachment":[{"href":"https:\/\/www.ahmadiyya-islam.org\/si\/wp-json\/wp\/v2\/media?parent=1844"}],"wp:term":[{"taxonomy":"category","embeddable":true,"href":"https:\/\/www.ahmadiyya-islam.org\/si\/wp-json\/wp\/v2\/categories?post=1844"},{"taxonomy":"post_tag","embeddable":true,"href":"https:\/\/www.ahmadiyya-islam.org\/si\/wp-json\/wp\/v2\/tags?post=1844"},{"taxonomy":"authors","embeddable":true,"href":"https:\/\/www.ahmadiyya-islam.org\/si\/wp-json\/wp\/v2\/authors?post=1844"},{"taxonomy":"content_source","embeddable":true,"href":"https:\/\/www.ahmadiyya-islam.org\/si\/wp-json\/wp\/v2\/content_source?post=1844"}],"curies":[{"name":"wp","href":"https:\/\/api.w.org\/{rel}","templated":true}]}}