{"id":1037,"date":"2018-09-23T20:41:40","date_gmt":"2018-09-23T20:41:40","guid":{"rendered":"https:\/\/www.ahmadiyya-islam.org\/si\/?p=1037"},"modified":"2018-09-25T21:40:39","modified_gmt":"2018-09-25T21:40:39","slug":"pomagajte-begunci-ekstremizem","status":"publish","type":"post","link":"https:\/\/www.ahmadiyya-islam.org\/si\/porocila\/pomagajte-begunci-ekstremizem\/","title":{"rendered":"\u00bbPomagajte pristnim beguncem, vendar bodite pozorni na gro\u017enjo ekstremizma\u00ab"},"content":{"rendered":"<p><strong>Komentar Hazretija Mirze Masroorja Ahmada<sup>at<\/sup> med intervjujem za \u010dasopis <em>Reformatorisch Dagblad<\/em><\/strong><\/p>\n<p>\u010casopis Reformatorisch Dagblad je 6. oktobra 2015 objavil intervju s svetovnim vodjo muslimanske skupnosti Ahmadija, petim kalifom, Njegovo svetostjo Mirzo Masroorjem Ahmadom,<sup>at<\/sup> ki je bil opravljen v mo\u0161eji Bait-un-Nur v Nunspeetu na Nizozemskem.<\/p>\n<p>Na vpra\u0161anje o odnosu ahmadijskih muslimanov z drugimi muslimani je Hazreti Mirza Masroor Ahmad<sup>at<\/sup> dejal:<\/p>\n<blockquote><p><strong>\u00bbNe \u010dutimo sovra\u0161tva do drugih muslimanov, temve\u010d na\u0161e sporo\u010dilo pridigamo in prena\u0161amo zaradi na\u0161e ljubezni za njih.\u00ab<\/strong><\/p><\/blockquote>\n<p>Glede verske strpnosti je Njegova svetost<sup>at<\/sup> rekel, da islam u\u010di, naj se ljudje razli\u010dnih ver in prepri\u010danj osredoto\u010dijo na njihove skupne zna\u010dilnosti in ne na vpra\u0161anja, ki jih lo\u010dujejo.<\/p>\n<p>Hazreti Mirza Masroor Ahmad<sup>at<\/sup> je dejal:<\/p>\n<blockquote><p><strong>\u00bbVsi ljudje, ne glede na vero ali prepri\u010danje, bi morali delovati skupaj za izbolj\u0161anje \u010dlove\u0161tva. Koran u\u010di, da v religiji ne sme biti prisile, zato ahmadijski muslimani spo\u0161tujejo vse religije, vse preroke in vse ljudi.\u00ab <\/strong><\/p><\/blockquote>\n<p>Ko je bil vpra\u0161an po nasvetu za nizozemsko vlado v zvezi s sirijsko begunsko krizo, je Hazreti Mirza Masroor Ahmad<sup>at<\/sup> dejal:<\/p>\n<blockquote><p><strong>\u00bbVsem pristnim beguncem bi morale pomagati vlade in mednarodne organizacije. Morali bi jim omogo\u010diti ustalitev, dokler se ne vzpostavi mir v njihovih mati\u010dnih dr\u017eavah &#8230; Vendar pa je pomembno tudi, da oblasti ostanejo pozorne in spremljajo begunce, da se ekstremisti ne bi pritihotapili pod krinko iskanja azila.\u00ab <\/strong><\/p><\/blockquote>\n<p>Dopisnik Reformatorisch Dagblada je opozoril, da \u0161tevilni skrajne\u017ei sku\u0161ajo upravi\u010diti svoja gnusna dejanja v imenu islama in uporabljajo verze iz Korana, da bi jih podprli.<\/p>\n<p>V odgovor je Hazreti Mirza Masroor Ahmad<sup>at<\/sup> dejal:<\/p>\n<blockquote><p><strong>\u00bbPrav tako lahko jaz citiram veliko verzov iz Korana, ki v celoti oporekajo njihovi napa\u010dni razlagi. Popolnoma napa\u010dno si razlagajo verze iz Korana.\u00ab <\/strong><\/p><\/blockquote>\n<p>Kar se ti\u010de verskega odpadni\u0161tva v islamu, je Hazreti Mirza Masroor Ahmad<sup>at<\/sup> dejal, da islam ne dovoljuje nobene oblike kazni za apostazijo. Njegova svetost<sup>at<\/sup> je dejala, da zadeva ostaja v celoti med posameznikom in vsemogo\u010dnim Bogom in nih\u010de drug nima pravice, da se vme\u0161ava.<\/p>\n<p>Ob razmi\u0161ljanju o nara\u0161\u010dajo\u010dih konfliktih na Bli\u017enjem vzhodu je Njegova svetost<sup>at<\/sup> zavrnil trditev, da Zahod vodi vojno proti islamu. Namesto tega je dejal, da so dana\u0161nji konflikti <strong>\u00bbgeopoliti\u010dne\u00ab<\/strong> narave.<\/p>\n<p>Vpra\u0161an po sporo\u010dilu za nizozemske politike je Hazreti Mirza Masroor Ahmad<sup>at<\/sup> dejal:<\/p>\n<blockquote><p><strong>\u00bb\u017de vrsto let opozarjam, da se premikamo proti novi svetovni vojni in danes smo na prepadu. In tako je moje sporo\u010dilo, da si moramo se\u010di v roke in ustvariti mir na svetu, ker je to nujna potreba dana\u0161njega \u010dasa.\u00ab<\/strong><\/p><\/blockquote>\n","protected":false},"excerpt":{"rendered":"<p>Komentar Hazretija Mirze Masroorja Ahmadaat med intervjujem za \u010dasopis Reformatorisch Dagblad \u010casopis Reformatorisch Dagblad je 6. oktobra 2015 objavil intervju s svetovnim vodjo muslimanske skupnosti Ahmadija, petim kalifom, Njegovo svetostjo Mirzo Masroorjem Ahmadom,at ki je bil opravljen v mo\u0161eji Bait-un-Nur v Nunspeetu na Nizozemskem. Na vpra\u0161anje o odnosu ahmadijskih muslimanov z drugimi muslimani je Hazreti<\/p>\n","protected":false},"author":23,"featured_media":1154,"comment_status":"closed","ping_status":"closed","sticky":false,"template":"","format":"standard","meta":{"_acf_changed":false,"footnotes":""},"categories":[69],"tags":[144,156,114,72,118],"authors":[],"content_source":[],"class_list":["post-1037","post","type-post","status-publish","format-standard","has-post-thumbnail","hentry","category-porocila","tag-ahmadija","tag-ahmadijski-muslimani","tag-begunci","tag-isis","tag-kalif"],"acf":[],"yoast_head":"<!-- This site is optimized with the Yoast SEO Premium plugin v21.1 (Yoast SEO v27.4) - https:\/\/yoast.com\/product\/yoast-seo-premium-wordpress\/ -->\n<title>\u00bbPomagajte pristnim beguncem, vendar bodite pozorni na gro\u017enjo ekstremizma\u00ab<\/title>\n<meta name=\"description\" content=\"\u010casopis Reformatorisch Dagblad je 6. oktobra 2015 objavil intervju z vodjo skupnosti Ahmadija, ki je bil opravljen v mo\u0161eji Bait-un-Nur na Nizozemskem.\" \/>\n<meta name=\"robots\" content=\"index, follow, max-snippet:-1, max-image-preview:large, max-video-preview:-1\" \/>\n<link rel=\"canonical\" href=\"https:\/\/www.ahmadiyya-islam.org\/si\/porocila\/pomagajte-begunci-ekstremizem\/\" \/>\n<meta property=\"og:locale\" content=\"sl_SI\" \/>\n<meta property=\"og:type\" content=\"article\" \/>\n<meta property=\"og:title\" content=\"\u00bbPomagajte pristnim beguncem, vendar bodite pozorni na gro\u017enjo ekstremizma\u00ab\" \/>\n<meta property=\"og:description\" content=\"\u010casopis Reformatorisch Dagblad je 6. oktobra 2015 objavil intervju z vodjo skupnosti Ahmadija, ki je bil opravljen v mo\u0161eji Bait-un-Nur na Nizozemskem.\" \/>\n<meta property=\"og:url\" content=\"https:\/\/www.ahmadiyya-islam.org\/si\/porocila\/pomagajte-begunci-ekstremizem\/\" \/>\n<meta property=\"og:site_name\" content=\"Muslimanska skupnost Ahmadija\" \/>\n<meta property=\"article:published_time\" content=\"2018-09-23T20:41:40+00:00\" \/>\n<meta property=\"article:modified_time\" content=\"2018-09-25T21:40:39+00:00\" \/>\n<meta property=\"og:image\" content=\"https:\/\/www.ahmadiyya-islam.org\/si\/wp-content\/uploads\/sites\/11\/2018\/09\/\u00bbPomagajte-pristnim-beguncem-vendar-bodite-pozorni-na-gro\u017enjo-ekstremizma\u00ab.png\" \/>\n\t<meta property=\"og:image:width\" content=\"1000\" \/>\n\t<meta property=\"og:image:height\" content=\"581\" \/>\n\t<meta property=\"og:image:type\" content=\"image\/png\" \/>\n<meta name=\"author\" content=\"sitalha1\" \/>\n<meta name=\"twitter:card\" content=\"summary_large_image\" \/>\n<meta name=\"twitter:label1\" content=\"Written by\" \/>\n\t<meta name=\"twitter:data1\" content=\"sitalha1\" \/>\n\t<meta name=\"twitter:label2\" content=\"Est. reading time\" \/>\n\t<meta name=\"twitter:data2\" content=\"2 minuti\" \/>\n<script type=\"application\/ld+json\" class=\"yoast-schema-graph\">{\"@context\":\"https:\\\/\\\/schema.org\",\"@graph\":[{\"@type\":\"Article\",\"@id\":\"https:\\\/\\\/www.ahmadiyya-islam.org\\\/si\\\/porocila\\\/pomagajte-begunci-ekstremizem\\\/#article\",\"isPartOf\":{\"@id\":\"https:\\\/\\\/www.ahmadiyya-islam.org\\\/si\\\/porocila\\\/pomagajte-begunci-ekstremizem\\\/\"},\"author\":{\"name\":\"sitalha1\",\"@id\":\"https:\\\/\\\/www.ahmadiyya-islam.org\\\/si\\\/#\\\/schema\\\/person\\\/261015785b9fe95bf26b5389e464b11a\"},\"headline\":\"\u00bbPomagajte pristnim beguncem, vendar bodite pozorni na gro\u017enjo ekstremizma\u00ab\",\"datePublished\":\"2018-09-23T20:41:40+00:00\",\"dateModified\":\"2018-09-25T21:40:39+00:00\",\"mainEntityOfPage\":{\"@id\":\"https:\\\/\\\/www.ahmadiyya-islam.org\\\/si\\\/porocila\\\/pomagajte-begunci-ekstremizem\\\/\"},\"wordCount\":446,\"image\":{\"@id\":\"https:\\\/\\\/www.ahmadiyya-islam.org\\\/si\\\/porocila\\\/pomagajte-begunci-ekstremizem\\\/#primaryimage\"},\"thumbnailUrl\":\"https:\\\/\\\/www.ahmadiyya-islam.org\\\/si\\\/wp-content\\\/uploads\\\/sites\\\/11\\\/2018\\\/09\\\/\u00bbPomagajte-pristnim-beguncem-vendar-bodite-pozorni-na-gro\u017enjo-ekstremizma\u00ab.png\",\"keywords\":[\"Ahmadija\",\"Ahmadijski muslimani\",\"Begunci\",\"ISIS\",\"Kalif\"],\"articleSection\":[\"Poro\u010dila\"],\"inLanguage\":\"sl-SI\"},{\"@type\":\"WebPage\",\"@id\":\"https:\\\/\\\/www.ahmadiyya-islam.org\\\/si\\\/porocila\\\/pomagajte-begunci-ekstremizem\\\/\",\"url\":\"https:\\\/\\\/www.ahmadiyya-islam.org\\\/si\\\/porocila\\\/pomagajte-begunci-ekstremizem\\\/\",\"name\":\"\u00bbPomagajte pristnim beguncem, vendar bodite pozorni na gro\u017enjo ekstremizma\u00ab\",\"isPartOf\":{\"@id\":\"https:\\\/\\\/www.ahmadiyya-islam.org\\\/si\\\/#website\"},\"primaryImageOfPage\":{\"@id\":\"https:\\\/\\\/www.ahmadiyya-islam.org\\\/si\\\/porocila\\\/pomagajte-begunci-ekstremizem\\\/#primaryimage\"},\"image\":{\"@id\":\"https:\\\/\\\/www.ahmadiyya-islam.org\\\/si\\\/porocila\\\/pomagajte-begunci-ekstremizem\\\/#primaryimage\"},\"thumbnailUrl\":\"https:\\\/\\\/www.ahmadiyya-islam.org\\\/si\\\/wp-content\\\/uploads\\\/sites\\\/11\\\/2018\\\/09\\\/\u00bbPomagajte-pristnim-beguncem-vendar-bodite-pozorni-na-gro\u017enjo-ekstremizma\u00ab.png\",\"datePublished\":\"2018-09-23T20:41:40+00:00\",\"dateModified\":\"2018-09-25T21:40:39+00:00\",\"author\":{\"@id\":\"https:\\\/\\\/www.ahmadiyya-islam.org\\\/si\\\/#\\\/schema\\\/person\\\/261015785b9fe95bf26b5389e464b11a\"},\"description\":\"\u010casopis Reformatorisch Dagblad je 6. oktobra 2015 objavil intervju z vodjo skupnosti Ahmadija, ki je bil opravljen v mo\u0161eji Bait-un-Nur na Nizozemskem.\",\"breadcrumb\":{\"@id\":\"https:\\\/\\\/www.ahmadiyya-islam.org\\\/si\\\/porocila\\\/pomagajte-begunci-ekstremizem\\\/#breadcrumb\"},\"inLanguage\":\"sl-SI\",\"potentialAction\":[{\"@type\":\"ReadAction\",\"target\":[\"https:\\\/\\\/www.ahmadiyya-islam.org\\\/si\\\/porocila\\\/pomagajte-begunci-ekstremizem\\\/\"]}]},{\"@type\":\"ImageObject\",\"inLanguage\":\"sl-SI\",\"@id\":\"https:\\\/\\\/www.ahmadiyya-islam.org\\\/si\\\/porocila\\\/pomagajte-begunci-ekstremizem\\\/#primaryimage\",\"url\":\"https:\\\/\\\/www.ahmadiyya-islam.org\\\/si\\\/wp-content\\\/uploads\\\/sites\\\/11\\\/2018\\\/09\\\/\u00bbPomagajte-pristnim-beguncem-vendar-bodite-pozorni-na-gro\u017enjo-ekstremizma\u00ab.png\",\"contentUrl\":\"https:\\\/\\\/www.ahmadiyya-islam.org\\\/si\\\/wp-content\\\/uploads\\\/sites\\\/11\\\/2018\\\/09\\\/\u00bbPomagajte-pristnim-beguncem-vendar-bodite-pozorni-na-gro\u017enjo-ekstremizma\u00ab.png\",\"width\":1000,\"height\":581,\"caption\":\"Begunci\"},{\"@type\":\"BreadcrumbList\",\"@id\":\"https:\\\/\\\/www.ahmadiyya-islam.org\\\/si\\\/porocila\\\/pomagajte-begunci-ekstremizem\\\/#breadcrumb\",\"itemListElement\":[{\"@type\":\"ListItem\",\"position\":1,\"name\":\"Home\",\"item\":\"https:\\\/\\\/www.ahmadiyya-islam.org\\\/si\\\/\"},{\"@type\":\"ListItem\",\"position\":2,\"name\":\"\u00bbPomagajte pristnim beguncem, vendar bodite pozorni na gro\u017enjo ekstremizma\u00ab\"}]},{\"@type\":\"WebSite\",\"@id\":\"https:\\\/\\\/www.ahmadiyya-islam.org\\\/si\\\/#website\",\"url\":\"https:\\\/\\\/www.ahmadiyya-islam.org\\\/si\\\/\",\"name\":\"Muslimanska skupnost Ahmadija\",\"description\":\"Slovenija\",\"potentialAction\":[{\"@type\":\"SearchAction\",\"target\":{\"@type\":\"EntryPoint\",\"urlTemplate\":\"https:\\\/\\\/www.ahmadiyya-islam.org\\\/si\\\/?s={search_term_string}\"},\"query-input\":{\"@type\":\"PropertyValueSpecification\",\"valueRequired\":true,\"valueName\":\"search_term_string\"}}],\"inLanguage\":\"sl-SI\"},{\"@type\":\"Person\",\"@id\":\"https:\\\/\\\/www.ahmadiyya-islam.org\\\/si\\\/#\\\/schema\\\/person\\\/261015785b9fe95bf26b5389e464b11a\",\"name\":\"sitalha1\",\"url\":\"https:\\\/\\\/www.ahmadiyya-islam.org\\\/si\\\/author\\\/sitalha1\\\/\"}]}<\/script>\n<!-- \/ Yoast SEO Premium plugin. -->","yoast_head_json":{"title":"\u00bbPomagajte pristnim beguncem, vendar bodite pozorni na gro\u017enjo ekstremizma\u00ab","description":"\u010casopis Reformatorisch Dagblad je 6. oktobra 2015 objavil intervju z vodjo skupnosti Ahmadija, ki je bil opravljen v mo\u0161eji Bait-un-Nur na Nizozemskem.","robots":{"index":"index","follow":"follow","max-snippet":"max-snippet:-1","max-image-preview":"max-image-preview:large","max-video-preview":"max-video-preview:-1"},"canonical":"https:\/\/www.ahmadiyya-islam.org\/si\/porocila\/pomagajte-begunci-ekstremizem\/","og_locale":"sl_SI","og_type":"article","og_title":"\u00bbPomagajte pristnim beguncem, vendar bodite pozorni na gro\u017enjo ekstremizma\u00ab","og_description":"\u010casopis Reformatorisch Dagblad je 6. oktobra 2015 objavil intervju z vodjo skupnosti Ahmadija, ki je bil opravljen v mo\u0161eji Bait-un-Nur na Nizozemskem.","og_url":"https:\/\/www.ahmadiyya-islam.org\/si\/porocila\/pomagajte-begunci-ekstremizem\/","og_site_name":"Muslimanska skupnost Ahmadija","article_published_time":"2018-09-23T20:41:40+00:00","article_modified_time":"2018-09-25T21:40:39+00:00","og_image":[{"width":1000,"height":581,"url":"https:\/\/www.ahmadiyya-islam.org\/si\/wp-content\/uploads\/sites\/11\/2018\/09\/\u00bbPomagajte-pristnim-beguncem-vendar-bodite-pozorni-na-gro\u017enjo-ekstremizma\u00ab.png","type":"image\/png"}],"author":"sitalha1","twitter_card":"summary_large_image","twitter_misc":{"Written by":"sitalha1","Est. reading time":"2 minuti"},"schema":{"@context":"https:\/\/schema.org","@graph":[{"@type":"Article","@id":"https:\/\/www.ahmadiyya-islam.org\/si\/porocila\/pomagajte-begunci-ekstremizem\/#article","isPartOf":{"@id":"https:\/\/www.ahmadiyya-islam.org\/si\/porocila\/pomagajte-begunci-ekstremizem\/"},"author":{"name":"sitalha1","@id":"https:\/\/www.ahmadiyya-islam.org\/si\/#\/schema\/person\/261015785b9fe95bf26b5389e464b11a"},"headline":"\u00bbPomagajte pristnim beguncem, vendar bodite pozorni na gro\u017enjo ekstremizma\u00ab","datePublished":"2018-09-23T20:41:40+00:00","dateModified":"2018-09-25T21:40:39+00:00","mainEntityOfPage":{"@id":"https:\/\/www.ahmadiyya-islam.org\/si\/porocila\/pomagajte-begunci-ekstremizem\/"},"wordCount":446,"image":{"@id":"https:\/\/www.ahmadiyya-islam.org\/si\/porocila\/pomagajte-begunci-ekstremizem\/#primaryimage"},"thumbnailUrl":"https:\/\/www.ahmadiyya-islam.org\/si\/wp-content\/uploads\/sites\/11\/2018\/09\/\u00bbPomagajte-pristnim-beguncem-vendar-bodite-pozorni-na-gro\u017enjo-ekstremizma\u00ab.png","keywords":["Ahmadija","Ahmadijski muslimani","Begunci","ISIS","Kalif"],"articleSection":["Poro\u010dila"],"inLanguage":"sl-SI"},{"@type":"WebPage","@id":"https:\/\/www.ahmadiyya-islam.org\/si\/porocila\/pomagajte-begunci-ekstremizem\/","url":"https:\/\/www.ahmadiyya-islam.org\/si\/porocila\/pomagajte-begunci-ekstremizem\/","name":"\u00bbPomagajte pristnim beguncem, vendar bodite pozorni na gro\u017enjo ekstremizma\u00ab","isPartOf":{"@id":"https:\/\/www.ahmadiyya-islam.org\/si\/#website"},"primaryImageOfPage":{"@id":"https:\/\/www.ahmadiyya-islam.org\/si\/porocila\/pomagajte-begunci-ekstremizem\/#primaryimage"},"image":{"@id":"https:\/\/www.ahmadiyya-islam.org\/si\/porocila\/pomagajte-begunci-ekstremizem\/#primaryimage"},"thumbnailUrl":"https:\/\/www.ahmadiyya-islam.org\/si\/wp-content\/uploads\/sites\/11\/2018\/09\/\u00bbPomagajte-pristnim-beguncem-vendar-bodite-pozorni-na-gro\u017enjo-ekstremizma\u00ab.png","datePublished":"2018-09-23T20:41:40+00:00","dateModified":"2018-09-25T21:40:39+00:00","author":{"@id":"https:\/\/www.ahmadiyya-islam.org\/si\/#\/schema\/person\/261015785b9fe95bf26b5389e464b11a"},"description":"\u010casopis Reformatorisch Dagblad je 6. oktobra 2015 objavil intervju z vodjo skupnosti Ahmadija, ki je bil opravljen v mo\u0161eji Bait-un-Nur na Nizozemskem.","breadcrumb":{"@id":"https:\/\/www.ahmadiyya-islam.org\/si\/porocila\/pomagajte-begunci-ekstremizem\/#breadcrumb"},"inLanguage":"sl-SI","potentialAction":[{"@type":"ReadAction","target":["https:\/\/www.ahmadiyya-islam.org\/si\/porocila\/pomagajte-begunci-ekstremizem\/"]}]},{"@type":"ImageObject","inLanguage":"sl-SI","@id":"https:\/\/www.ahmadiyya-islam.org\/si\/porocila\/pomagajte-begunci-ekstremizem\/#primaryimage","url":"https:\/\/www.ahmadiyya-islam.org\/si\/wp-content\/uploads\/sites\/11\/2018\/09\/\u00bbPomagajte-pristnim-beguncem-vendar-bodite-pozorni-na-gro\u017enjo-ekstremizma\u00ab.png","contentUrl":"https:\/\/www.ahmadiyya-islam.org\/si\/wp-content\/uploads\/sites\/11\/2018\/09\/\u00bbPomagajte-pristnim-beguncem-vendar-bodite-pozorni-na-gro\u017enjo-ekstremizma\u00ab.png","width":1000,"height":581,"caption":"Begunci"},{"@type":"BreadcrumbList","@id":"https:\/\/www.ahmadiyya-islam.org\/si\/porocila\/pomagajte-begunci-ekstremizem\/#breadcrumb","itemListElement":[{"@type":"ListItem","position":1,"name":"Home","item":"https:\/\/www.ahmadiyya-islam.org\/si\/"},{"@type":"ListItem","position":2,"name":"\u00bbPomagajte pristnim beguncem, vendar bodite pozorni na gro\u017enjo ekstremizma\u00ab"}]},{"@type":"WebSite","@id":"https:\/\/www.ahmadiyya-islam.org\/si\/#website","url":"https:\/\/www.ahmadiyya-islam.org\/si\/","name":"Muslimanska skupnost Ahmadija","description":"Slovenija","potentialAction":[{"@type":"SearchAction","target":{"@type":"EntryPoint","urlTemplate":"https:\/\/www.ahmadiyya-islam.org\/si\/?s={search_term_string}"},"query-input":{"@type":"PropertyValueSpecification","valueRequired":true,"valueName":"search_term_string"}}],"inLanguage":"sl-SI"},{"@type":"Person","@id":"https:\/\/www.ahmadiyya-islam.org\/si\/#\/schema\/person\/261015785b9fe95bf26b5389e464b11a","name":"sitalha1","url":"https:\/\/www.ahmadiyya-islam.org\/si\/author\/sitalha1\/"}]}},"_links":{"self":[{"href":"https:\/\/www.ahmadiyya-islam.org\/si\/wp-json\/wp\/v2\/posts\/1037","targetHints":{"allow":["GET"]}}],"collection":[{"href":"https:\/\/www.ahmadiyya-islam.org\/si\/wp-json\/wp\/v2\/posts"}],"about":[{"href":"https:\/\/www.ahmadiyya-islam.org\/si\/wp-json\/wp\/v2\/types\/post"}],"author":[{"embeddable":true,"href":"https:\/\/www.ahmadiyya-islam.org\/si\/wp-json\/wp\/v2\/users\/23"}],"replies":[{"embeddable":true,"href":"https:\/\/www.ahmadiyya-islam.org\/si\/wp-json\/wp\/v2\/comments?post=1037"}],"version-history":[{"count":0,"href":"https:\/\/www.ahmadiyya-islam.org\/si\/wp-json\/wp\/v2\/posts\/1037\/revisions"}],"wp:featuredmedia":[{"embeddable":true,"href":"https:\/\/www.ahmadiyya-islam.org\/si\/wp-json\/wp\/v2\/media\/1154"}],"wp:attachment":[{"href":"https:\/\/www.ahmadiyya-islam.org\/si\/wp-json\/wp\/v2\/media?parent=1037"}],"wp:term":[{"taxonomy":"category","embeddable":true,"href":"https:\/\/www.ahmadiyya-islam.org\/si\/wp-json\/wp\/v2\/categories?post=1037"},{"taxonomy":"post_tag","embeddable":true,"href":"https:\/\/www.ahmadiyya-islam.org\/si\/wp-json\/wp\/v2\/tags?post=1037"},{"taxonomy":"authors","embeddable":true,"href":"https:\/\/www.ahmadiyya-islam.org\/si\/wp-json\/wp\/v2\/authors?post=1037"},{"taxonomy":"content_source","embeddable":true,"href":"https:\/\/www.ahmadiyya-islam.org\/si\/wp-json\/wp\/v2\/content_source?post=1037"}],"curies":[{"name":"wp","href":"https:\/\/api.w.org\/{rel}","templated":true}]}}