{"id":1001,"date":"2018-09-23T11:59:10","date_gmt":"2018-09-23T11:59:10","guid":{"rendered":"https:\/\/www.ahmadiyya-islam.org\/si\/?p=1001"},"modified":"2020-04-10T12:24:47","modified_gmt":"2020-04-10T12:24:47","slug":"muslimani-starostniki-obdarovanje-del-integracija","status":"publish","type":"post","link":"https:\/\/www.ahmadiyya-islam.org\/si\/odmevi-v-medijih\/muslimani-starostniki-obdarovanje-del-integracija\/","title":{"rendered":"Muslimani pri starostnikih: Obdarovanje kot del integracije"},"content":{"rendered":"<div class=\"col-md-6 col-md-push-2\">\n<div class=\"ArticleContent\">\n<p>Muslimani za mir je sporo\u010dilo, ki so ga te dni na svojih obiskih pri brezdomcih, starostnikih in pri oskrbovancih Centra Son\u010dek \u0161irili muslimani in begunci. &#8220;To je dobro tudi za na\u0161o integracijo. Slu\u017eenje \u010dlove\u0161tvu je del islama in zato \u017eelimo s tak\u0161nimi aktivnostmi to \u0161iriti,&#8221; je ob v\u010deraj\u0161njem obisku muslimanov in beguncev v Domu starej\u0161ih Idila v Jarenini dejal\u00a0Talha Ahmad,\u00a0predstavnik mednarodne muslimanske skupnosti Ahmadija.<\/p>\n<div class=\"ArticleImage-Infografika\">\n<div class=\"infografika\"><a class=\"image-popup-vertical-fit\" style=\"background-color: transparent;color: #fb7701;text-decoration: none\" title=\"&lt;span class='ArticleImage-source'&gt;&lt;i class='fa fa-camera'&gt;&lt;\/i&gt;Sa\u0161o Bizjak&lt;\/span&gt;&lt;span class='desc'&gt;&lt;\/span&gt;\" href=\"https:\/\/static.vecer.com\/images\/slike\/2017\/12\/27\/3868802.jpg\"><img loading=\"lazy\" decoding=\"async\" class=\"alignleft\" src=\"https:\/\/static.vecer.com\/images\/slike\/2017\/12\/27\/3868802.jpg\" alt=\"image\" width=\"610\" height=\"205\" \/><\/a><\/div>\n<\/div>\n<p>Ljubezen vsem, sovra\u0161tva nikomur, je sicer slogan Ahmadije, ki je v Sloveniji registrirana kot Dru\u0161tvo za informiranje o islamu. In s tem poslanstvom so muslimani in begunci \u017ee v soboto obiskali in obdarili brezdomce v Mariboru, z enako gesto so v\u010deraj razveselili oskrbovance in stanovalce Doma starej\u0161ih Idila v Jarenini. Danes bodo obiskali \u0161e Center Son\u010dek, dru\u0161tvo za cerebralno paralizo. V tem prazni\u010dnem \u010dasu se \u017eelijo predvsem sre\u010dati z drugimi prebivalci, je dejala\u00a0Maha Ahmed, \u010dlanica Dru\u0161tva za informiranje o islamu, ki \u017ee tri leta \u017eivi v Sloveniji.<\/p>\n<div class=\"ArticleImage-Infografika\">\n<div class=\"infografika\">\n<p><a class=\"image-popup-vertical-fit\" style=\"background-color: transparent;color: #fb7701;text-decoration: none\" title=\"&lt;span class='ArticleImage-source'&gt;&lt;i class='fa fa-camera'&gt;&lt;\/i&gt;Sa\u0161o Bizjak&lt;\/span&gt;&lt;span class='desc'&gt;Dobre \u017eelje v tem prazni\u010dnemu \u010dasu so prinesli muslimani in begunci.\u00a0&lt;\/span&gt;\" href=\"https:\/\/static.vecer.com\/images\/slike\/2017\/12\/27\/3868810.jpg\"><img loading=\"lazy\" decoding=\"async\" class=\"alignleft\" src=\"https:\/\/static.vecer.com\/images\/slike\/2017\/12\/27\/3868810.jpg\" alt=\"image\" width=\"610\" height=\"205\" \/><\/a><\/p>\n<div class=\"ArticleImage-description\" style=\"text-align: center\"><i class=\"fa fa-camera\"><\/i><em>Dobre \u017eelje v tem prazni\u010dnemu \u010dasu so prinesli muslimani in begunci.<\/em><\/div>\n<\/div>\n<\/div>\n<p>\u200b\u010ceprav muslimani ne praznujejo bo\u017ei\u010da, pa, tako Talha Ahmad, &#8220;\u017eivimo tukaj, Slovenija je na\u0161a dr\u017eava in to je tudi dr\u017eavni praznik&#8221;, zato gesta z obiskom in obdarovanjem. Muslimanska skupnost Ahmadija s tak\u0161nimi in podobnimi dogodki sku\u0161a integrirati begunce tudi v drugih dr\u017eavah, kjer je prisotna, je \u0161e dejal Ahmad, za njihovo mlado dru\u0161tvo v Sloveniji pa, da je to prva, a nikakor ne zadnja akcija. &#8220;Za nas je to dobro, ker \u017eelimo postati del slovenske dru\u017ebe,&#8221; je \u0161e pojasnil.<\/p>\n<p class=\"GrayBox\"><strong>Proti negativnim informacijam o islamu<\/strong><br \/>\nMuslimanska skupnost Ahmadija je prisotna v ve\u010d kot 200 dr\u017eavah sveta, z Dru\u0161tvom za informiranje o islamu tudi v Sloveniji. Da si prizadeva za preporod islama, pravijo ahmadijci, ki so v Sloveniji aktivno prisotni od leta 2014, najpogosteje s projekti, izobra\u017eevalnimi razstavami, predavanji, tudi z objavo in izadjanjem knjig. &#8220;Nismo tukaj zato, da bi ljudje postali muslimani, ampak predvsem za informiranje, ker obstaja veliko negativnih informacij o islamu,&#8221; pravi predsednik Dru\u0161tva za informiranje o islamu\u00a0Talha Ahmad.<\/p>\n<p class=\"GrayBox\"><a href=\"https:\/\/www.ahmadiyya-islam.org\/si\/wp-content\/uploads\/sites\/11\/2018\/09\/Muslimani-in-begunci-pri-starostnikih-Obdarovanje-kot-del-integracije-2.jpg\"><img loading=\"lazy\" decoding=\"async\" class=\"wp-image-1175 alignleft\" src=\"https:\/\/www.ahmadiyya-islam.org\/si\/wp-content\/uploads\/sites\/11\/2018\/09\/Muslimani-in-begunci-pri-starostnikih-Obdarovanje-kot-del-integracije-2.jpg\" alt=\"\" width=\"614\" height=\"460\" srcset=\"https:\/\/www.ahmadiyya-islam.org\/si\/wp-content\/uploads\/sites\/11\/2018\/09\/Muslimani-in-begunci-pri-starostnikih-Obdarovanje-kot-del-integracije-2.jpg 960w, https:\/\/www.ahmadiyya-islam.org\/si\/wp-content\/uploads\/sites\/11\/2018\/09\/Muslimani-in-begunci-pri-starostnikih-Obdarovanje-kot-del-integracije-2-300x225.jpg 300w, https:\/\/www.ahmadiyya-islam.org\/si\/wp-content\/uploads\/sites\/11\/2018\/09\/Muslimani-in-begunci-pri-starostnikih-Obdarovanje-kot-del-integracije-2-768x576.jpg 768w\" sizes=\"auto, (max-width: 614px) 100vw, 614px\" \/><\/a><\/p>\n<p>Odziv pri brezdomcih je bil odli\u010den, stekel je tudi pogovor med obdarovanci in obdarovalci, edina ovira je bil jezik, je dejala Barbara Novak, ki sodeluje z Dru\u0161tvom za informiranje o islamu. \u0160tirje begunci so bili v\u010deraj v Idili, u\u010dijo se tudi \u017ee slovenskega jezika, tako da so starostnikom vo\u0161\u010dili sre\u010dno novo leto v sloven\u0161\u010dini.<\/p>\n<p>Obiska in pozornosti sta se izjemno razveselili Rozika in Silva, Milena je dejala: &#8220;To je lep\u0161e kot kakr\u0161enkoli denar. Izredno sem vesela.&#8221; In se ob pogledu na mo\u017ee iz Jemna spomnila pape\u017eevih besed, ki je dejal, da je treba begunce sprejeti medse.<\/p>\n<\/div>\n<\/div>\n<div class=\"col-md-3 col-md-push-2 col-sm-12\">\n<div>\n<div class=\"banner-right-2\">\n<div class=\"kocka-32 banner\">\n<div class=\"moduletable DFPBanner DFP_Clanek_RIGHT_2\">\n<div id=\"div-gpt-ad-1526623191565-21\"><\/div>\n<\/div>\n<\/div>\n<\/div>\n<\/div>\n<\/div>\n","protected":false},"excerpt":{"rendered":"<p>Muslimani za mir je sporo\u010dilo, ki so ga te dni na svojih obiskih pri brezdomcih, starostnikih in pri oskrbovancih Centra Son\u010dek \u0161irili muslimani in begunci. &#8220;To je dobro tudi za na\u0161o integracijo. Slu\u017eenje \u010dlove\u0161tvu je del islama in zato \u017eelimo s tak\u0161nimi aktivnostmi to \u0161iriti,&#8221; je ob v\u010deraj\u0161njem obisku muslimanov in beguncev v Domu starej\u0161ih<\/p>\n","protected":false},"author":23,"featured_media":1176,"comment_status":"closed","ping_status":"closed","sticky":false,"template":"","format":"standard","meta":{"_acf_changed":false,"footnotes":""},"categories":[68],"tags":[158],"authors":[],"content_source":[],"class_list":["post-1001","post","type-post","status-publish","format-standard","has-post-thumbnail","hentry","category-odmevi-v-medijih","tag-dobrodelnost","topics-muslimani"],"acf":[],"yoast_head":"<!-- This site is optimized with the Yoast SEO Premium plugin v21.1 (Yoast SEO v27.4) - https:\/\/yoast.com\/product\/yoast-seo-premium-wordpress\/ -->\n<title>Muslimani pri starostnikih: Obdarovanje kot del integracije<\/title>\n<meta name=\"description\" content=\"Muslimani za mir je sporo\u010dilo, ki so ga te dni na svojih obiskih pri brezdomcih, starostnikih in pri oskrbovancih Centra Son\u010dek \u0161irili muslimani in begunci.\" \/>\n<meta name=\"robots\" content=\"index, follow, max-snippet:-1, max-image-preview:large, max-video-preview:-1\" \/>\n<link rel=\"canonical\" href=\"https:\/\/www.ahmadiyya-islam.org\/si\/odmevi-v-medijih\/muslimani-starostniki-obdarovanje-del-integracija\/\" \/>\n<meta property=\"og:locale\" content=\"sl_SI\" \/>\n<meta property=\"og:type\" content=\"article\" \/>\n<meta property=\"og:title\" content=\"Muslimani pri starostnikih: Obdarovanje kot del integracije\" \/>\n<meta property=\"og:description\" content=\"Muslimani za mir je sporo\u010dilo, ki so ga te dni na svojih obiskih pri brezdomcih, starostnikih in pri oskrbovancih Centra Son\u010dek \u0161irili muslimani in begunci.\" \/>\n<meta property=\"og:url\" content=\"https:\/\/www.ahmadiyya-islam.org\/si\/odmevi-v-medijih\/muslimani-starostniki-obdarovanje-del-integracija\/\" \/>\n<meta property=\"og:site_name\" content=\"Muslimanska skupnost Ahmadija\" \/>\n<meta property=\"article:published_time\" content=\"2018-09-23T11:59:10+00:00\" \/>\n<meta property=\"article:modified_time\" content=\"2020-04-10T12:24:47+00:00\" \/>\n<meta property=\"og:image\" content=\"https:\/\/www.ahmadiyya-islam.org\/si\/wp-content\/uploads\/sites\/11\/2018\/09\/Muslimani-in-begunci-pri-starostnikih-Obdarovanje-kot-del-integracije.jpg\" \/>\n\t<meta property=\"og:image:width\" content=\"1980\" \/>\n\t<meta property=\"og:image:height\" content=\"1342\" \/>\n\t<meta property=\"og:image:type\" content=\"image\/jpeg\" \/>\n<meta name=\"author\" content=\"sitalha1\" \/>\n<meta name=\"twitter:card\" content=\"summary_large_image\" \/>\n<meta name=\"twitter:label1\" content=\"Written by\" \/>\n\t<meta name=\"twitter:data1\" content=\"sitalha1\" \/>\n\t<meta name=\"twitter:label2\" content=\"Est. reading time\" \/>\n\t<meta name=\"twitter:data2\" content=\"2 minuti\" \/>\n<script type=\"application\/ld+json\" class=\"yoast-schema-graph\">{\"@context\":\"https:\\\/\\\/schema.org\",\"@graph\":[{\"@type\":\"Article\",\"@id\":\"https:\\\/\\\/www.ahmadiyya-islam.org\\\/si\\\/odmevi-v-medijih\\\/muslimani-starostniki-obdarovanje-del-integracija\\\/#article\",\"isPartOf\":{\"@id\":\"https:\\\/\\\/www.ahmadiyya-islam.org\\\/si\\\/odmevi-v-medijih\\\/muslimani-starostniki-obdarovanje-del-integracija\\\/\"},\"author\":{\"name\":\"sitalha1\",\"@id\":\"https:\\\/\\\/www.ahmadiyya-islam.org\\\/si\\\/#\\\/schema\\\/person\\\/261015785b9fe95bf26b5389e464b11a\"},\"headline\":\"Muslimani pri starostnikih: Obdarovanje kot del integracije\",\"datePublished\":\"2018-09-23T11:59:10+00:00\",\"dateModified\":\"2020-04-10T12:24:47+00:00\",\"mainEntityOfPage\":{\"@id\":\"https:\\\/\\\/www.ahmadiyya-islam.org\\\/si\\\/odmevi-v-medijih\\\/muslimani-starostniki-obdarovanje-del-integracija\\\/\"},\"wordCount\":471,\"image\":{\"@id\":\"https:\\\/\\\/www.ahmadiyya-islam.org\\\/si\\\/odmevi-v-medijih\\\/muslimani-starostniki-obdarovanje-del-integracija\\\/#primaryimage\"},\"thumbnailUrl\":\"https:\\\/\\\/www.ahmadiyya-islam.org\\\/si\\\/wp-content\\\/uploads\\\/sites\\\/11\\\/2018\\\/09\\\/Muslimani-in-begunci-pri-starostnikih-Obdarovanje-kot-del-integracije.jpg\",\"keywords\":[\"Dobrodelnost\"],\"articleSection\":[\"Odmevi v medijih\"],\"inLanguage\":\"sl-SI\"},{\"@type\":\"WebPage\",\"@id\":\"https:\\\/\\\/www.ahmadiyya-islam.org\\\/si\\\/odmevi-v-medijih\\\/muslimani-starostniki-obdarovanje-del-integracija\\\/\",\"url\":\"https:\\\/\\\/www.ahmadiyya-islam.org\\\/si\\\/odmevi-v-medijih\\\/muslimani-starostniki-obdarovanje-del-integracija\\\/\",\"name\":\"Muslimani pri starostnikih: Obdarovanje kot del integracije\",\"isPartOf\":{\"@id\":\"https:\\\/\\\/www.ahmadiyya-islam.org\\\/si\\\/#website\"},\"primaryImageOfPage\":{\"@id\":\"https:\\\/\\\/www.ahmadiyya-islam.org\\\/si\\\/odmevi-v-medijih\\\/muslimani-starostniki-obdarovanje-del-integracija\\\/#primaryimage\"},\"image\":{\"@id\":\"https:\\\/\\\/www.ahmadiyya-islam.org\\\/si\\\/odmevi-v-medijih\\\/muslimani-starostniki-obdarovanje-del-integracija\\\/#primaryimage\"},\"thumbnailUrl\":\"https:\\\/\\\/www.ahmadiyya-islam.org\\\/si\\\/wp-content\\\/uploads\\\/sites\\\/11\\\/2018\\\/09\\\/Muslimani-in-begunci-pri-starostnikih-Obdarovanje-kot-del-integracije.jpg\",\"datePublished\":\"2018-09-23T11:59:10+00:00\",\"dateModified\":\"2020-04-10T12:24:47+00:00\",\"author\":{\"@id\":\"https:\\\/\\\/www.ahmadiyya-islam.org\\\/si\\\/#\\\/schema\\\/person\\\/261015785b9fe95bf26b5389e464b11a\"},\"description\":\"Muslimani za mir je sporo\u010dilo, ki so ga te dni na svojih obiskih pri brezdomcih, starostnikih in pri oskrbovancih Centra Son\u010dek \u0161irili muslimani in begunci.\",\"breadcrumb\":{\"@id\":\"https:\\\/\\\/www.ahmadiyya-islam.org\\\/si\\\/odmevi-v-medijih\\\/muslimani-starostniki-obdarovanje-del-integracija\\\/#breadcrumb\"},\"inLanguage\":\"sl-SI\",\"potentialAction\":[{\"@type\":\"ReadAction\",\"target\":[\"https:\\\/\\\/www.ahmadiyya-islam.org\\\/si\\\/odmevi-v-medijih\\\/muslimani-starostniki-obdarovanje-del-integracija\\\/\"]}]},{\"@type\":\"ImageObject\",\"inLanguage\":\"sl-SI\",\"@id\":\"https:\\\/\\\/www.ahmadiyya-islam.org\\\/si\\\/odmevi-v-medijih\\\/muslimani-starostniki-obdarovanje-del-integracija\\\/#primaryimage\",\"url\":\"https:\\\/\\\/www.ahmadiyya-islam.org\\\/si\\\/wp-content\\\/uploads\\\/sites\\\/11\\\/2018\\\/09\\\/Muslimani-in-begunci-pri-starostnikih-Obdarovanje-kot-del-integracije.jpg\",\"contentUrl\":\"https:\\\/\\\/www.ahmadiyya-islam.org\\\/si\\\/wp-content\\\/uploads\\\/sites\\\/11\\\/2018\\\/09\\\/Muslimani-in-begunci-pri-starostnikih-Obdarovanje-kot-del-integracije.jpg\",\"width\":1980,\"height\":1342},{\"@type\":\"BreadcrumbList\",\"@id\":\"https:\\\/\\\/www.ahmadiyya-islam.org\\\/si\\\/odmevi-v-medijih\\\/muslimani-starostniki-obdarovanje-del-integracija\\\/#breadcrumb\",\"itemListElement\":[{\"@type\":\"ListItem\",\"position\":1,\"name\":\"Home\",\"item\":\"https:\\\/\\\/www.ahmadiyya-islam.org\\\/si\\\/\"},{\"@type\":\"ListItem\",\"position\":2,\"name\":\"Muslimani pri starostnikih: Obdarovanje kot del integracije\"}]},{\"@type\":\"WebSite\",\"@id\":\"https:\\\/\\\/www.ahmadiyya-islam.org\\\/si\\\/#website\",\"url\":\"https:\\\/\\\/www.ahmadiyya-islam.org\\\/si\\\/\",\"name\":\"Muslimanska skupnost Ahmadija\",\"description\":\"Slovenija\",\"potentialAction\":[{\"@type\":\"SearchAction\",\"target\":{\"@type\":\"EntryPoint\",\"urlTemplate\":\"https:\\\/\\\/www.ahmadiyya-islam.org\\\/si\\\/?s={search_term_string}\"},\"query-input\":{\"@type\":\"PropertyValueSpecification\",\"valueRequired\":true,\"valueName\":\"search_term_string\"}}],\"inLanguage\":\"sl-SI\"},{\"@type\":\"Person\",\"@id\":\"https:\\\/\\\/www.ahmadiyya-islam.org\\\/si\\\/#\\\/schema\\\/person\\\/261015785b9fe95bf26b5389e464b11a\",\"name\":\"sitalha1\",\"url\":\"https:\\\/\\\/www.ahmadiyya-islam.org\\\/si\\\/author\\\/sitalha1\\\/\"}]}<\/script>\n<!-- \/ Yoast SEO Premium plugin. -->","yoast_head_json":{"title":"Muslimani pri starostnikih: Obdarovanje kot del integracije","description":"Muslimani za mir je sporo\u010dilo, ki so ga te dni na svojih obiskih pri brezdomcih, starostnikih in pri oskrbovancih Centra Son\u010dek \u0161irili muslimani in begunci.","robots":{"index":"index","follow":"follow","max-snippet":"max-snippet:-1","max-image-preview":"max-image-preview:large","max-video-preview":"max-video-preview:-1"},"canonical":"https:\/\/www.ahmadiyya-islam.org\/si\/odmevi-v-medijih\/muslimani-starostniki-obdarovanje-del-integracija\/","og_locale":"sl_SI","og_type":"article","og_title":"Muslimani pri starostnikih: Obdarovanje kot del integracije","og_description":"Muslimani za mir je sporo\u010dilo, ki so ga te dni na svojih obiskih pri brezdomcih, starostnikih in pri oskrbovancih Centra Son\u010dek \u0161irili muslimani in begunci.","og_url":"https:\/\/www.ahmadiyya-islam.org\/si\/odmevi-v-medijih\/muslimani-starostniki-obdarovanje-del-integracija\/","og_site_name":"Muslimanska skupnost Ahmadija","article_published_time":"2018-09-23T11:59:10+00:00","article_modified_time":"2020-04-10T12:24:47+00:00","og_image":[{"width":1980,"height":1342,"url":"https:\/\/www.ahmadiyya-islam.org\/si\/wp-content\/uploads\/sites\/11\/2018\/09\/Muslimani-in-begunci-pri-starostnikih-Obdarovanje-kot-del-integracije.jpg","type":"image\/jpeg"}],"author":"sitalha1","twitter_card":"summary_large_image","twitter_misc":{"Written by":"sitalha1","Est. reading time":"2 minuti"},"schema":{"@context":"https:\/\/schema.org","@graph":[{"@type":"Article","@id":"https:\/\/www.ahmadiyya-islam.org\/si\/odmevi-v-medijih\/muslimani-starostniki-obdarovanje-del-integracija\/#article","isPartOf":{"@id":"https:\/\/www.ahmadiyya-islam.org\/si\/odmevi-v-medijih\/muslimani-starostniki-obdarovanje-del-integracija\/"},"author":{"name":"sitalha1","@id":"https:\/\/www.ahmadiyya-islam.org\/si\/#\/schema\/person\/261015785b9fe95bf26b5389e464b11a"},"headline":"Muslimani pri starostnikih: Obdarovanje kot del integracije","datePublished":"2018-09-23T11:59:10+00:00","dateModified":"2020-04-10T12:24:47+00:00","mainEntityOfPage":{"@id":"https:\/\/www.ahmadiyya-islam.org\/si\/odmevi-v-medijih\/muslimani-starostniki-obdarovanje-del-integracija\/"},"wordCount":471,"image":{"@id":"https:\/\/www.ahmadiyya-islam.org\/si\/odmevi-v-medijih\/muslimani-starostniki-obdarovanje-del-integracija\/#primaryimage"},"thumbnailUrl":"https:\/\/www.ahmadiyya-islam.org\/si\/wp-content\/uploads\/sites\/11\/2018\/09\/Muslimani-in-begunci-pri-starostnikih-Obdarovanje-kot-del-integracije.jpg","keywords":["Dobrodelnost"],"articleSection":["Odmevi v medijih"],"inLanguage":"sl-SI"},{"@type":"WebPage","@id":"https:\/\/www.ahmadiyya-islam.org\/si\/odmevi-v-medijih\/muslimani-starostniki-obdarovanje-del-integracija\/","url":"https:\/\/www.ahmadiyya-islam.org\/si\/odmevi-v-medijih\/muslimani-starostniki-obdarovanje-del-integracija\/","name":"Muslimani pri starostnikih: Obdarovanje kot del integracije","isPartOf":{"@id":"https:\/\/www.ahmadiyya-islam.org\/si\/#website"},"primaryImageOfPage":{"@id":"https:\/\/www.ahmadiyya-islam.org\/si\/odmevi-v-medijih\/muslimani-starostniki-obdarovanje-del-integracija\/#primaryimage"},"image":{"@id":"https:\/\/www.ahmadiyya-islam.org\/si\/odmevi-v-medijih\/muslimani-starostniki-obdarovanje-del-integracija\/#primaryimage"},"thumbnailUrl":"https:\/\/www.ahmadiyya-islam.org\/si\/wp-content\/uploads\/sites\/11\/2018\/09\/Muslimani-in-begunci-pri-starostnikih-Obdarovanje-kot-del-integracije.jpg","datePublished":"2018-09-23T11:59:10+00:00","dateModified":"2020-04-10T12:24:47+00:00","author":{"@id":"https:\/\/www.ahmadiyya-islam.org\/si\/#\/schema\/person\/261015785b9fe95bf26b5389e464b11a"},"description":"Muslimani za mir je sporo\u010dilo, ki so ga te dni na svojih obiskih pri brezdomcih, starostnikih in pri oskrbovancih Centra Son\u010dek \u0161irili muslimani in begunci.","breadcrumb":{"@id":"https:\/\/www.ahmadiyya-islam.org\/si\/odmevi-v-medijih\/muslimani-starostniki-obdarovanje-del-integracija\/#breadcrumb"},"inLanguage":"sl-SI","potentialAction":[{"@type":"ReadAction","target":["https:\/\/www.ahmadiyya-islam.org\/si\/odmevi-v-medijih\/muslimani-starostniki-obdarovanje-del-integracija\/"]}]},{"@type":"ImageObject","inLanguage":"sl-SI","@id":"https:\/\/www.ahmadiyya-islam.org\/si\/odmevi-v-medijih\/muslimani-starostniki-obdarovanje-del-integracija\/#primaryimage","url":"https:\/\/www.ahmadiyya-islam.org\/si\/wp-content\/uploads\/sites\/11\/2018\/09\/Muslimani-in-begunci-pri-starostnikih-Obdarovanje-kot-del-integracije.jpg","contentUrl":"https:\/\/www.ahmadiyya-islam.org\/si\/wp-content\/uploads\/sites\/11\/2018\/09\/Muslimani-in-begunci-pri-starostnikih-Obdarovanje-kot-del-integracije.jpg","width":1980,"height":1342},{"@type":"BreadcrumbList","@id":"https:\/\/www.ahmadiyya-islam.org\/si\/odmevi-v-medijih\/muslimani-starostniki-obdarovanje-del-integracija\/#breadcrumb","itemListElement":[{"@type":"ListItem","position":1,"name":"Home","item":"https:\/\/www.ahmadiyya-islam.org\/si\/"},{"@type":"ListItem","position":2,"name":"Muslimani pri starostnikih: Obdarovanje kot del integracije"}]},{"@type":"WebSite","@id":"https:\/\/www.ahmadiyya-islam.org\/si\/#website","url":"https:\/\/www.ahmadiyya-islam.org\/si\/","name":"Muslimanska skupnost Ahmadija","description":"Slovenija","potentialAction":[{"@type":"SearchAction","target":{"@type":"EntryPoint","urlTemplate":"https:\/\/www.ahmadiyya-islam.org\/si\/?s={search_term_string}"},"query-input":{"@type":"PropertyValueSpecification","valueRequired":true,"valueName":"search_term_string"}}],"inLanguage":"sl-SI"},{"@type":"Person","@id":"https:\/\/www.ahmadiyya-islam.org\/si\/#\/schema\/person\/261015785b9fe95bf26b5389e464b11a","name":"sitalha1","url":"https:\/\/www.ahmadiyya-islam.org\/si\/author\/sitalha1\/"}]}},"_links":{"self":[{"href":"https:\/\/www.ahmadiyya-islam.org\/si\/wp-json\/wp\/v2\/posts\/1001","targetHints":{"allow":["GET"]}}],"collection":[{"href":"https:\/\/www.ahmadiyya-islam.org\/si\/wp-json\/wp\/v2\/posts"}],"about":[{"href":"https:\/\/www.ahmadiyya-islam.org\/si\/wp-json\/wp\/v2\/types\/post"}],"author":[{"embeddable":true,"href":"https:\/\/www.ahmadiyya-islam.org\/si\/wp-json\/wp\/v2\/users\/23"}],"replies":[{"embeddable":true,"href":"https:\/\/www.ahmadiyya-islam.org\/si\/wp-json\/wp\/v2\/comments?post=1001"}],"version-history":[{"count":0,"href":"https:\/\/www.ahmadiyya-islam.org\/si\/wp-json\/wp\/v2\/posts\/1001\/revisions"}],"wp:featuredmedia":[{"embeddable":true,"href":"https:\/\/www.ahmadiyya-islam.org\/si\/wp-json\/wp\/v2\/media\/1176"}],"wp:attachment":[{"href":"https:\/\/www.ahmadiyya-islam.org\/si\/wp-json\/wp\/v2\/media?parent=1001"}],"wp:term":[{"taxonomy":"category","embeddable":true,"href":"https:\/\/www.ahmadiyya-islam.org\/si\/wp-json\/wp\/v2\/categories?post=1001"},{"taxonomy":"post_tag","embeddable":true,"href":"https:\/\/www.ahmadiyya-islam.org\/si\/wp-json\/wp\/v2\/tags?post=1001"},{"taxonomy":"authors","embeddable":true,"href":"https:\/\/www.ahmadiyya-islam.org\/si\/wp-json\/wp\/v2\/authors?post=1001"},{"taxonomy":"content_source","embeddable":true,"href":"https:\/\/www.ahmadiyya-islam.org\/si\/wp-json\/wp\/v2\/content_source?post=1001"}],"curies":[{"name":"wp","href":"https:\/\/api.w.org\/{rel}","templated":true}]}}