{"id":3662,"date":"2024-04-07T10:55:57","date_gmt":"2024-04-07T10:55:57","guid":{"rendered":"https:\/\/www.ahmadiyya-islam.org\/se\/?p=3662"},"modified":"2024-04-07T11:03:40","modified_gmt":"2024-04-07T11:03:40","slug":"eid-traff-i-stockholm-torsdagen-den-18e-april","status":"publish","type":"post","link":"https:\/\/www.ahmadiyya-islam.org\/se\/nyheter-artiklar\/eid-traff-i-stockholm-torsdagen-den-18e-april\/","title":{"rendered":"EID-TR\u00c4FF i Stockholm &#8211; Torsdagen den 18:e April"},"content":{"rendered":"<p>F\u00f6r att dela gl\u00e4den och fira EID med v\u00e5ra grannar, v\u00e4nner och bekanta arrangerar vi Islam Ahmadiyya F\u00f6rsamling EID-TR\u00c4FF<\/p>\n<p>V\u00e4lkommen till Islams Ahmadiyya F\u00f6rsamling i Stockholm.<\/p>\n<p><strong>N\u00e4r:<\/strong> Torsdagen den 18:e April\u00a0 klockan 18:00-21:00<\/p>\n<p><strong>ANM\u00c4LAN SENAST<\/strong>: 10\/4 SMS:a Namn och antal personer till mobil nr: 070-7102234<\/p>\n<p><strong>Vi bjuder p\u00e5 god mat och dryck!<\/strong><\/p>\n<p><strong>Adress: <\/strong>Duvbov\u00e4gen 140, 16341 Sp\u00e5nga<\/p>\n<p><img loading=\"lazy\" decoding=\"async\" class=\"aligncenter size-full wp-image-3663\" src=\"https:\/\/www.ahmadiyya-islam.org\/se\/wp-content\/uploads\/sites\/5\/2024\/04\/Eid-Milan-Instagram-Post.png\" alt=\"\" width=\"1080\" height=\"1080\" \/><\/p>\n","protected":false},"excerpt":{"rendered":"<p>F\u00f6r att dela gl\u00e4den och fira EID med v\u00e5ra grannar, v\u00e4nner och bekanta arrangerar vi Islam Ahmadiyya F\u00f6rsamling EID-TR\u00c4FF V\u00e4lkommen till Islams Ahmadiyya F\u00f6rsamling i Stockholm. N\u00e4r: Torsdagen den 18:e April\u00a0 klockan 18:00-21:00 ANM\u00c4LAN SENAST: 10\/4 SMS:a Namn och antal personer till mobil nr: 070-7102234 Vi bjuder p\u00e5 god mat och dryck! Adress: Duvbov\u00e4gen 140,<\/p>\n","protected":false},"author":13,"featured_media":3663,"comment_status":"closed","ping_status":"closed","sticky":false,"template":"","format":"standard","meta":{"_acf_changed":false,"footnotes":""},"categories":[34,33,1],"tags":[],"authors":[],"content_source":[],"class_list":["post-3662","post","type-post","status-publish","format-standard","has-post-thumbnail","hentry","category-artiklar","category-nyheter-artiklar","category-uncategorized"],"acf":[],"yoast_head":"<!-- This site is optimized with the Yoast SEO Premium plugin v21.1 (Yoast SEO v27.4) - https:\/\/yoast.com\/product\/yoast-seo-premium-wordpress\/ -->\n<title>EID-TR\u00c4FF i Stockholm - Torsdagen den 18:e April - Islams Ahmadiyya F\u00f6rsamling<\/title>\n<meta name=\"robots\" content=\"index, follow, max-snippet:-1, max-image-preview:large, max-video-preview:-1\" \/>\n<link rel=\"canonical\" href=\"https:\/\/www.ahmadiyya-islam.org\/se\/nyheter-artiklar\/eid-traff-i-stockholm-torsdagen-den-18e-april\/\" \/>\n<meta property=\"og:locale\" content=\"sv_SE\" \/>\n<meta property=\"og:type\" content=\"article\" \/>\n<meta property=\"og:title\" content=\"EID-TR\u00c4FF i Stockholm - Torsdagen den 18:e April\" \/>\n<meta property=\"og:description\" content=\"F\u00f6r att dela gl\u00e4den och fira EID med v\u00e5ra grannar, v\u00e4nner och bekanta arrangerar vi Islam Ahmadiyya F\u00f6rsamling EID-TR\u00c4FF V\u00e4lkommen till Islams Ahmadiyya F\u00f6rsamling i Stockholm. N\u00e4r: Torsdagen den 18:e April\u00a0 klockan 18:00-21:00 ANM\u00c4LAN SENAST: 10\/4 SMS:a Namn och antal personer till mobil nr: 070-7102234 Vi bjuder p\u00e5 god mat och dryck! Adress: Duvbov\u00e4gen 140,\" \/>\n<meta property=\"og:url\" content=\"https:\/\/www.ahmadiyya-islam.org\/se\/nyheter-artiklar\/eid-traff-i-stockholm-torsdagen-den-18e-april\/\" \/>\n<meta property=\"og:site_name\" content=\"Islams Ahmadiyya F\u00f6rsamling\" \/>\n<meta property=\"article:published_time\" content=\"2024-04-07T10:55:57+00:00\" \/>\n<meta property=\"article:modified_time\" content=\"2024-04-07T11:03:40+00:00\" \/>\n<meta property=\"og:image\" content=\"https:\/\/www.ahmadiyya-islam.org\/se\/wp-content\/uploads\/sites\/5\/2024\/04\/Eid-Milan-Instagram-Post-e1712487795853.png\" \/>\n\t<meta property=\"og:image:width\" content=\"1080\" \/>\n\t<meta property=\"og:image:height\" content=\"496\" \/>\n\t<meta property=\"og:image:type\" content=\"image\/png\" \/>\n<meta name=\"author\" content=\"sweden1\" \/>\n<meta name=\"twitter:card\" content=\"summary_large_image\" \/>\n<meta name=\"twitter:label1\" content=\"Skriven av\" \/>\n\t<meta name=\"twitter:data1\" content=\"sweden1\" \/>\n\t<meta name=\"twitter:label2\" content=\"Ber\u00e4knad l\u00e4stid\" \/>\n\t<meta name=\"twitter:data2\" content=\"1 minut\" \/>\n<script type=\"application\/ld+json\" class=\"yoast-schema-graph\">{\"@context\":\"https:\\\/\\\/schema.org\",\"@graph\":[{\"@type\":\"Article\",\"@id\":\"https:\\\/\\\/www.ahmadiyya-islam.org\\\/se\\\/nyheter-artiklar\\\/eid-traff-i-stockholm-torsdagen-den-18e-april\\\/#article\",\"isPartOf\":{\"@id\":\"https:\\\/\\\/www.ahmadiyya-islam.org\\\/se\\\/nyheter-artiklar\\\/eid-traff-i-stockholm-torsdagen-den-18e-april\\\/\"},\"author\":{\"name\":\"sweden1\",\"@id\":\"https:\\\/\\\/www.ahmadiyya-islam.org\\\/se\\\/#\\\/schema\\\/person\\\/b46187c64b4c9f6fbab7a73d8c438566\"},\"headline\":\"EID-TR\u00c4FF i Stockholm &#8211; Torsdagen den 18:e April\",\"datePublished\":\"2024-04-07T10:55:57+00:00\",\"dateModified\":\"2024-04-07T11:03:40+00:00\",\"mainEntityOfPage\":{\"@id\":\"https:\\\/\\\/www.ahmadiyya-islam.org\\\/se\\\/nyheter-artiklar\\\/eid-traff-i-stockholm-torsdagen-den-18e-april\\\/\"},\"wordCount\":76,\"image\":{\"@id\":\"https:\\\/\\\/www.ahmadiyya-islam.org\\\/se\\\/nyheter-artiklar\\\/eid-traff-i-stockholm-torsdagen-den-18e-april\\\/#primaryimage\"},\"thumbnailUrl\":\"https:\\\/\\\/www.ahmadiyya-islam.org\\\/se\\\/wp-content\\\/uploads\\\/sites\\\/5\\\/2024\\\/04\\\/Eid-Milan-Instagram-Post-e1712487795853.png\",\"articleSection\":[\"Artiklar\",\"Nyheter &amp; Artiklar\",\"Uncategorized\"],\"inLanguage\":\"sv-SE\"},{\"@type\":\"WebPage\",\"@id\":\"https:\\\/\\\/www.ahmadiyya-islam.org\\\/se\\\/nyheter-artiklar\\\/eid-traff-i-stockholm-torsdagen-den-18e-april\\\/\",\"url\":\"https:\\\/\\\/www.ahmadiyya-islam.org\\\/se\\\/nyheter-artiklar\\\/eid-traff-i-stockholm-torsdagen-den-18e-april\\\/\",\"name\":\"EID-TR\u00c4FF i Stockholm - Torsdagen den 18:e April - Islams Ahmadiyya F\u00f6rsamling\",\"isPartOf\":{\"@id\":\"https:\\\/\\\/www.ahmadiyya-islam.org\\\/se\\\/#website\"},\"primaryImageOfPage\":{\"@id\":\"https:\\\/\\\/www.ahmadiyya-islam.org\\\/se\\\/nyheter-artiklar\\\/eid-traff-i-stockholm-torsdagen-den-18e-april\\\/#primaryimage\"},\"image\":{\"@id\":\"https:\\\/\\\/www.ahmadiyya-islam.org\\\/se\\\/nyheter-artiklar\\\/eid-traff-i-stockholm-torsdagen-den-18e-april\\\/#primaryimage\"},\"thumbnailUrl\":\"https:\\\/\\\/www.ahmadiyya-islam.org\\\/se\\\/wp-content\\\/uploads\\\/sites\\\/5\\\/2024\\\/04\\\/Eid-Milan-Instagram-Post-e1712487795853.png\",\"datePublished\":\"2024-04-07T10:55:57+00:00\",\"dateModified\":\"2024-04-07T11:03:40+00:00\",\"author\":{\"@id\":\"https:\\\/\\\/www.ahmadiyya-islam.org\\\/se\\\/#\\\/schema\\\/person\\\/b46187c64b4c9f6fbab7a73d8c438566\"},\"breadcrumb\":{\"@id\":\"https:\\\/\\\/www.ahmadiyya-islam.org\\\/se\\\/nyheter-artiklar\\\/eid-traff-i-stockholm-torsdagen-den-18e-april\\\/#breadcrumb\"},\"inLanguage\":\"sv-SE\",\"potentialAction\":[{\"@type\":\"ReadAction\",\"target\":[\"https:\\\/\\\/www.ahmadiyya-islam.org\\\/se\\\/nyheter-artiklar\\\/eid-traff-i-stockholm-torsdagen-den-18e-april\\\/\"]}]},{\"@type\":\"ImageObject\",\"inLanguage\":\"sv-SE\",\"@id\":\"https:\\\/\\\/www.ahmadiyya-islam.org\\\/se\\\/nyheter-artiklar\\\/eid-traff-i-stockholm-torsdagen-den-18e-april\\\/#primaryimage\",\"url\":\"https:\\\/\\\/www.ahmadiyya-islam.org\\\/se\\\/wp-content\\\/uploads\\\/sites\\\/5\\\/2024\\\/04\\\/Eid-Milan-Instagram-Post-e1712487795853.png\",\"contentUrl\":\"https:\\\/\\\/www.ahmadiyya-islam.org\\\/se\\\/wp-content\\\/uploads\\\/sites\\\/5\\\/2024\\\/04\\\/Eid-Milan-Instagram-Post-e1712487795853.png\",\"width\":1080,\"height\":496},{\"@type\":\"BreadcrumbList\",\"@id\":\"https:\\\/\\\/www.ahmadiyya-islam.org\\\/se\\\/nyheter-artiklar\\\/eid-traff-i-stockholm-torsdagen-den-18e-april\\\/#breadcrumb\",\"itemListElement\":[{\"@type\":\"ListItem\",\"position\":1,\"name\":\"Home\",\"item\":\"https:\\\/\\\/www.ahmadiyya-islam.org\\\/se\\\/\"},{\"@type\":\"ListItem\",\"position\":2,\"name\":\"EID-TR\u00c4FF i Stockholm &#8211; Torsdagen den 18:e April\"}]},{\"@type\":\"WebSite\",\"@id\":\"https:\\\/\\\/www.ahmadiyya-islam.org\\\/se\\\/#website\",\"url\":\"https:\\\/\\\/www.ahmadiyya-islam.org\\\/se\\\/\",\"name\":\"Islams Ahmadiyya F\u00f6rsamling\",\"description\":\"Sverige\",\"potentialAction\":[{\"@type\":\"SearchAction\",\"target\":{\"@type\":\"EntryPoint\",\"urlTemplate\":\"https:\\\/\\\/www.ahmadiyya-islam.org\\\/se\\\/?s={search_term_string}\"},\"query-input\":{\"@type\":\"PropertyValueSpecification\",\"valueRequired\":true,\"valueName\":\"search_term_string\"}}],\"inLanguage\":\"sv-SE\"},{\"@type\":\"Person\",\"@id\":\"https:\\\/\\\/www.ahmadiyya-islam.org\\\/se\\\/#\\\/schema\\\/person\\\/b46187c64b4c9f6fbab7a73d8c438566\",\"name\":\"sweden1\",\"url\":\"https:\\\/\\\/www.ahmadiyya-islam.org\\\/se\\\/author\\\/sweden1\\\/\"}]}<\/script>\n<!-- \/ Yoast SEO Premium plugin. -->","yoast_head_json":{"title":"EID-TR\u00c4FF i Stockholm - Torsdagen den 18:e April - Islams Ahmadiyya F\u00f6rsamling","robots":{"index":"index","follow":"follow","max-snippet":"max-snippet:-1","max-image-preview":"max-image-preview:large","max-video-preview":"max-video-preview:-1"},"canonical":"https:\/\/www.ahmadiyya-islam.org\/se\/nyheter-artiklar\/eid-traff-i-stockholm-torsdagen-den-18e-april\/","og_locale":"sv_SE","og_type":"article","og_title":"EID-TR\u00c4FF i Stockholm - Torsdagen den 18:e April","og_description":"F\u00f6r att dela gl\u00e4den och fira EID med v\u00e5ra grannar, v\u00e4nner och bekanta arrangerar vi Islam Ahmadiyya F\u00f6rsamling EID-TR\u00c4FF V\u00e4lkommen till Islams Ahmadiyya F\u00f6rsamling i Stockholm. N\u00e4r: Torsdagen den 18:e April\u00a0 klockan 18:00-21:00 ANM\u00c4LAN SENAST: 10\/4 SMS:a Namn och antal personer till mobil nr: 070-7102234 Vi bjuder p\u00e5 god mat och dryck! Adress: Duvbov\u00e4gen 140,","og_url":"https:\/\/www.ahmadiyya-islam.org\/se\/nyheter-artiklar\/eid-traff-i-stockholm-torsdagen-den-18e-april\/","og_site_name":"Islams Ahmadiyya F\u00f6rsamling","article_published_time":"2024-04-07T10:55:57+00:00","article_modified_time":"2024-04-07T11:03:40+00:00","og_image":[{"width":1080,"height":496,"url":"https:\/\/www.ahmadiyya-islam.org\/se\/wp-content\/uploads\/sites\/5\/2024\/04\/Eid-Milan-Instagram-Post-e1712487795853.png","type":"image\/png"}],"author":"sweden1","twitter_card":"summary_large_image","twitter_misc":{"Skriven av":"sweden1","Ber\u00e4knad l\u00e4stid":"1 minut"},"schema":{"@context":"https:\/\/schema.org","@graph":[{"@type":"Article","@id":"https:\/\/www.ahmadiyya-islam.org\/se\/nyheter-artiklar\/eid-traff-i-stockholm-torsdagen-den-18e-april\/#article","isPartOf":{"@id":"https:\/\/www.ahmadiyya-islam.org\/se\/nyheter-artiklar\/eid-traff-i-stockholm-torsdagen-den-18e-april\/"},"author":{"name":"sweden1","@id":"https:\/\/www.ahmadiyya-islam.org\/se\/#\/schema\/person\/b46187c64b4c9f6fbab7a73d8c438566"},"headline":"EID-TR\u00c4FF i Stockholm &#8211; Torsdagen den 18:e April","datePublished":"2024-04-07T10:55:57+00:00","dateModified":"2024-04-07T11:03:40+00:00","mainEntityOfPage":{"@id":"https:\/\/www.ahmadiyya-islam.org\/se\/nyheter-artiklar\/eid-traff-i-stockholm-torsdagen-den-18e-april\/"},"wordCount":76,"image":{"@id":"https:\/\/www.ahmadiyya-islam.org\/se\/nyheter-artiklar\/eid-traff-i-stockholm-torsdagen-den-18e-april\/#primaryimage"},"thumbnailUrl":"https:\/\/www.ahmadiyya-islam.org\/se\/wp-content\/uploads\/sites\/5\/2024\/04\/Eid-Milan-Instagram-Post-e1712487795853.png","articleSection":["Artiklar","Nyheter &amp; Artiklar","Uncategorized"],"inLanguage":"sv-SE"},{"@type":"WebPage","@id":"https:\/\/www.ahmadiyya-islam.org\/se\/nyheter-artiklar\/eid-traff-i-stockholm-torsdagen-den-18e-april\/","url":"https:\/\/www.ahmadiyya-islam.org\/se\/nyheter-artiklar\/eid-traff-i-stockholm-torsdagen-den-18e-april\/","name":"EID-TR\u00c4FF i Stockholm - Torsdagen den 18:e April - Islams Ahmadiyya F\u00f6rsamling","isPartOf":{"@id":"https:\/\/www.ahmadiyya-islam.org\/se\/#website"},"primaryImageOfPage":{"@id":"https:\/\/www.ahmadiyya-islam.org\/se\/nyheter-artiklar\/eid-traff-i-stockholm-torsdagen-den-18e-april\/#primaryimage"},"image":{"@id":"https:\/\/www.ahmadiyya-islam.org\/se\/nyheter-artiklar\/eid-traff-i-stockholm-torsdagen-den-18e-april\/#primaryimage"},"thumbnailUrl":"https:\/\/www.ahmadiyya-islam.org\/se\/wp-content\/uploads\/sites\/5\/2024\/04\/Eid-Milan-Instagram-Post-e1712487795853.png","datePublished":"2024-04-07T10:55:57+00:00","dateModified":"2024-04-07T11:03:40+00:00","author":{"@id":"https:\/\/www.ahmadiyya-islam.org\/se\/#\/schema\/person\/b46187c64b4c9f6fbab7a73d8c438566"},"breadcrumb":{"@id":"https:\/\/www.ahmadiyya-islam.org\/se\/nyheter-artiklar\/eid-traff-i-stockholm-torsdagen-den-18e-april\/#breadcrumb"},"inLanguage":"sv-SE","potentialAction":[{"@type":"ReadAction","target":["https:\/\/www.ahmadiyya-islam.org\/se\/nyheter-artiklar\/eid-traff-i-stockholm-torsdagen-den-18e-april\/"]}]},{"@type":"ImageObject","inLanguage":"sv-SE","@id":"https:\/\/www.ahmadiyya-islam.org\/se\/nyheter-artiklar\/eid-traff-i-stockholm-torsdagen-den-18e-april\/#primaryimage","url":"https:\/\/www.ahmadiyya-islam.org\/se\/wp-content\/uploads\/sites\/5\/2024\/04\/Eid-Milan-Instagram-Post-e1712487795853.png","contentUrl":"https:\/\/www.ahmadiyya-islam.org\/se\/wp-content\/uploads\/sites\/5\/2024\/04\/Eid-Milan-Instagram-Post-e1712487795853.png","width":1080,"height":496},{"@type":"BreadcrumbList","@id":"https:\/\/www.ahmadiyya-islam.org\/se\/nyheter-artiklar\/eid-traff-i-stockholm-torsdagen-den-18e-april\/#breadcrumb","itemListElement":[{"@type":"ListItem","position":1,"name":"Home","item":"https:\/\/www.ahmadiyya-islam.org\/se\/"},{"@type":"ListItem","position":2,"name":"EID-TR\u00c4FF i Stockholm &#8211; Torsdagen den 18:e April"}]},{"@type":"WebSite","@id":"https:\/\/www.ahmadiyya-islam.org\/se\/#website","url":"https:\/\/www.ahmadiyya-islam.org\/se\/","name":"Islams Ahmadiyya F\u00f6rsamling","description":"Sverige","potentialAction":[{"@type":"SearchAction","target":{"@type":"EntryPoint","urlTemplate":"https:\/\/www.ahmadiyya-islam.org\/se\/?s={search_term_string}"},"query-input":{"@type":"PropertyValueSpecification","valueRequired":true,"valueName":"search_term_string"}}],"inLanguage":"sv-SE"},{"@type":"Person","@id":"https:\/\/www.ahmadiyya-islam.org\/se\/#\/schema\/person\/b46187c64b4c9f6fbab7a73d8c438566","name":"sweden1","url":"https:\/\/www.ahmadiyya-islam.org\/se\/author\/sweden1\/"}]}},"_links":{"self":[{"href":"https:\/\/www.ahmadiyya-islam.org\/se\/wp-json\/wp\/v2\/posts\/3662","targetHints":{"allow":["GET"]}}],"collection":[{"href":"https:\/\/www.ahmadiyya-islam.org\/se\/wp-json\/wp\/v2\/posts"}],"about":[{"href":"https:\/\/www.ahmadiyya-islam.org\/se\/wp-json\/wp\/v2\/types\/post"}],"author":[{"embeddable":true,"href":"https:\/\/www.ahmadiyya-islam.org\/se\/wp-json\/wp\/v2\/users\/13"}],"replies":[{"embeddable":true,"href":"https:\/\/www.ahmadiyya-islam.org\/se\/wp-json\/wp\/v2\/comments?post=3662"}],"version-history":[{"count":2,"href":"https:\/\/www.ahmadiyya-islam.org\/se\/wp-json\/wp\/v2\/posts\/3662\/revisions"}],"predecessor-version":[{"id":3666,"href":"https:\/\/www.ahmadiyya-islam.org\/se\/wp-json\/wp\/v2\/posts\/3662\/revisions\/3666"}],"wp:featuredmedia":[{"embeddable":true,"href":"https:\/\/www.ahmadiyya-islam.org\/se\/wp-json\/wp\/v2\/media\/3663"}],"wp:attachment":[{"href":"https:\/\/www.ahmadiyya-islam.org\/se\/wp-json\/wp\/v2\/media?parent=3662"}],"wp:term":[{"taxonomy":"category","embeddable":true,"href":"https:\/\/www.ahmadiyya-islam.org\/se\/wp-json\/wp\/v2\/categories?post=3662"},{"taxonomy":"post_tag","embeddable":true,"href":"https:\/\/www.ahmadiyya-islam.org\/se\/wp-json\/wp\/v2\/tags?post=3662"},{"taxonomy":"authors","embeddable":true,"href":"https:\/\/www.ahmadiyya-islam.org\/se\/wp-json\/wp\/v2\/authors?post=3662"},{"taxonomy":"content_source","embeddable":true,"href":"https:\/\/www.ahmadiyya-islam.org\/se\/wp-json\/wp\/v2\/content_source?post=3662"}],"curies":[{"name":"wp","href":"https:\/\/api.w.org\/{rel}","templated":true}]}}