{"id":3562,"date":"2024-03-14T09:57:22","date_gmt":"2024-03-14T09:57:22","guid":{"rendered":"https:\/\/www.ahmadiyya-islam.org\/se\/?p=3562"},"modified":"2025-05-31T20:32:11","modified_gmt":"2025-05-31T20:32:11","slug":"uttalande-fran-islams-ahmadiyya-forsamling-om-de-senaste-eskaleringarna-i-den-israeliska-och-palestinska-konflikten","status":"publish","type":"post","link":"https:\/\/www.ahmadiyya-islam.org\/se\/uncategorized\/uttalande-fran-islams-ahmadiyya-forsamling-om-de-senaste-eskaleringarna-i-den-israeliska-och-palestinska-konflikten\/","title":{"rendered":"Uttalande fr\u00e5n Islams Ahmadiyya f\u00f6rsamling om de senaste eskaleringarna i den israeliska och  palestinska konflikten"},"content":{"rendered":"<p>10 OKTOBER 2023 PRESSMEDDELANDE<\/p>\n<p>F\u00f6ljande uttalande publiceras enligt v\u00e4gledning fr\u00e5n den globale ledaren f\u00f6r Ahmadiyya Muslimska Samfundet, Hans Helighet, Hazrat Mirza Masroor Ahmad.<\/p>\n<p>&#8221;Under de senaste dagarna har hundratals israeler och palestinier, inklusive kvinnor, barn och \u00e4ldre, d\u00f6dats eller skadats som ett resultat av meningsl\u00f6st v\u00e5ld och blodsutgjutelse. Att d\u00f6da eller skada oskyldiga civila \u00e4r ett direkt brott mot Islams Heliga profets (frid och v\u00e4lsignelser vare \u00f6ver honom)l\u00e4ror, som l\u00e4rde att inte ens i ett tillst\u00e5nd av krigf\u00f6ring f\u00e5r n\u00e5gon kvinna, barn eller \u00e4ldre bli angripeneller skadas p\u00e5 n\u00e5got s\u00e4tt. Inte heller b\u00f6r n\u00e5gon religi\u00f6s ledare eller plats f\u00f6r dyrkan attackeras.<\/p>\n<p>Islams Ahmadiyya f\u00f6rsamling uttrycker sina djupaste sympatier och b\u00f6ner till alla de som har l\u00e4mnats s\u00f6rjande eller drabbade p\u00e5 n\u00e5got s\u00e4tt. V\u00e5ra hj\u00e4rtan g\u00e5r ut till dem alla.<\/p>\n<p>Vi ber och uppmanar till ett omedelbart slut p\u00e5 fientligheterna och att fred ska r\u00e5da s\u00e5 att inga fler livg\u00e5r f\u00f6rlorade. F\u00f6r detta \u00e4r det n\u00f6dv\u00e4ndigt att kommunikationskanalerna mellan ber\u00f6rda parter och nationer f\u00f6rblir \u00f6ppna.<\/p>\n<p>Tills en vapenvila inf\u00f6rs m\u00e5ste alla milit\u00e4ra \u00e5tg\u00e4rder som vidtas s\u00e4kerst\u00e4lla att civila inte kommer tillskada.<\/p>\n<p>Dessutom b\u00f6r muslimska l\u00e4nder i regionen enas i ett f\u00f6rs\u00f6k att uppr\u00e4tta fred och f\u00f6r att s\u00e4kerst\u00e4lla att r\u00e4ttigheterna f\u00f6r dessa oskyldiga palestinska m\u00e4nniskor, som inte har n\u00e5gon koppling till extremister, skyddas.<\/p>\n<p>Vi uppmanar USA och andra inflytelserika nationer att avst\u00e5 fr\u00e5n alla handlingar eller uttalanden som ytterligare kan f\u00f6rst\u00e4rka den instabila situationen. Ist\u00e4llet b\u00f6r de, tillsammans med de relevanta internationella organisationerna, g\u00f6ra alla m\u00f6jliga anstr\u00e4ngningar f\u00f6r att omedelbart deskalera konflikten och s\u00e4kra fred s\u00e5 snart som m\u00f6jligt.<\/p>\n<p>R\u00e4ttvisa \u00e4r av st\u00f6rsta vikt f\u00f6r att uppn\u00e5 varaktig och h\u00e5llbar fred. D\u00e4rf\u00f6r m\u00e5ste alla stormakter fokusera p\u00e5 att uppr\u00e4tta l\u00e5ngsiktig och h\u00e5llbar fred baserad p\u00e5 principerna om opartiskhet och sann r\u00e4ttvisa.\u201d<\/p>\n","protected":false},"excerpt":{"rendered":"<p>10 OKTOBER 2023 PRESSMEDDELANDE F\u00f6ljande uttalande publiceras enligt v\u00e4gledning fr\u00e5n den globale ledaren f\u00f6r Ahmadiyya Muslimska Samfundet, Hans Helighet, Hazrat Mirza Masroor Ahmad. &#8221;Under de senaste dagarna har hundratals israeler och palestinier, inklusive kvinnor, barn och \u00e4ldre, d\u00f6dats eller skadats som ett resultat av meningsl\u00f6st v\u00e5ld och blodsutgjutelse. Att d\u00f6da eller skada oskyldiga civila \u00e4r<\/p>\n","protected":false},"author":13,"featured_media":3373,"comment_status":"closed","ping_status":"closed","sticky":false,"template":"","format":"standard","meta":{"_acf_changed":false,"footnotes":""},"categories":[1],"tags":[],"authors":[],"content_source":[],"class_list":["post-3562","post","type-post","status-publish","format-standard","has-post-thumbnail","hentry","category-uncategorized"],"acf":[],"yoast_head":"<!-- This site is optimized with the Yoast SEO Premium plugin v21.1 (Yoast SEO v27.4) - https:\/\/yoast.com\/product\/yoast-seo-premium-wordpress\/ -->\n<title>Uttalande fr\u00e5n Islams Ahmadiyya f\u00f6rsamling om de senaste eskaleringarna i den israeliska och palestinska konflikten - Islams Ahmadiyya F\u00f6rsamling<\/title>\n<meta name=\"robots\" content=\"index, follow, max-snippet:-1, max-image-preview:large, max-video-preview:-1\" \/>\n<link rel=\"canonical\" href=\"https:\/\/www.ahmadiyya-islam.org\/se\/uncategorized\/uttalande-fran-islams-ahmadiyya-forsamling-om-de-senaste-eskaleringarna-i-den-israeliska-och-palestinska-konflikten\/\" \/>\n<meta property=\"og:locale\" content=\"sv_SE\" \/>\n<meta property=\"og:type\" content=\"article\" \/>\n<meta property=\"og:title\" content=\"Uttalande fr\u00e5n Islams Ahmadiyya f\u00f6rsamling om de senaste eskaleringarna i den israeliska och palestinska konflikten\" \/>\n<meta property=\"og:description\" content=\"10 OKTOBER 2023 PRESSMEDDELANDE F\u00f6ljande uttalande publiceras enligt v\u00e4gledning fr\u00e5n den globale ledaren f\u00f6r Ahmadiyya Muslimska Samfundet, Hans Helighet, Hazrat Mirza Masroor Ahmad. &#8221;Under de senaste dagarna har hundratals israeler och palestinier, inklusive kvinnor, barn och \u00e4ldre, d\u00f6dats eller skadats som ett resultat av meningsl\u00f6st v\u00e5ld och blodsutgjutelse. Att d\u00f6da eller skada oskyldiga civila \u00e4r\" \/>\n<meta property=\"og:url\" content=\"https:\/\/www.ahmadiyya-islam.org\/se\/uncategorized\/uttalande-fran-islams-ahmadiyya-forsamling-om-de-senaste-eskaleringarna-i-den-israeliska-och-palestinska-konflikten\/\" \/>\n<meta property=\"og:site_name\" content=\"Islams Ahmadiyya F\u00f6rsamling\" \/>\n<meta property=\"article:published_time\" content=\"2024-03-14T09:57:22+00:00\" \/>\n<meta property=\"article:modified_time\" content=\"2025-05-31T20:32:11+00:00\" \/>\n<meta property=\"og:image\" content=\"https:\/\/www.ahmadiyya-islam.org\/se\/wp-content\/uploads\/sites\/5\/2022\/02\/Huzoor-photo.jpg\" \/>\n\t<meta property=\"og:image:width\" content=\"939\" \/>\n\t<meta property=\"og:image:height\" content=\"704\" \/>\n\t<meta property=\"og:image:type\" content=\"image\/jpeg\" \/>\n<meta name=\"author\" content=\"sweden1\" \/>\n<meta name=\"twitter:card\" content=\"summary_large_image\" \/>\n<meta name=\"twitter:label1\" content=\"Skriven av\" \/>\n\t<meta name=\"twitter:data1\" content=\"sweden1\" \/>\n\t<meta name=\"twitter:label2\" content=\"Ber\u00e4knad l\u00e4stid\" \/>\n\t<meta name=\"twitter:data2\" content=\"2 minuter\" \/>\n<script type=\"application\/ld+json\" class=\"yoast-schema-graph\">{\"@context\":\"https:\\\/\\\/schema.org\",\"@graph\":[{\"@type\":\"Article\",\"@id\":\"https:\\\/\\\/www.ahmadiyya-islam.org\\\/se\\\/uncategorized\\\/uttalande-fran-islams-ahmadiyya-forsamling-om-de-senaste-eskaleringarna-i-den-israeliska-och-palestinska-konflikten\\\/#article\",\"isPartOf\":{\"@id\":\"https:\\\/\\\/www.ahmadiyya-islam.org\\\/se\\\/uncategorized\\\/uttalande-fran-islams-ahmadiyya-forsamling-om-de-senaste-eskaleringarna-i-den-israeliska-och-palestinska-konflikten\\\/\"},\"author\":{\"name\":\"sweden1\",\"@id\":\"https:\\\/\\\/www.ahmadiyya-islam.org\\\/se\\\/#\\\/schema\\\/person\\\/b46187c64b4c9f6fbab7a73d8c438566\"},\"headline\":\"Uttalande fr\u00e5n Islams Ahmadiyya f\u00f6rsamling om de senaste eskaleringarna i den israeliska och palestinska konflikten\",\"datePublished\":\"2024-03-14T09:57:22+00:00\",\"dateModified\":\"2025-05-31T20:32:11+00:00\",\"mainEntityOfPage\":{\"@id\":\"https:\\\/\\\/www.ahmadiyya-islam.org\\\/se\\\/uncategorized\\\/uttalande-fran-islams-ahmadiyya-forsamling-om-de-senaste-eskaleringarna-i-den-israeliska-och-palestinska-konflikten\\\/\"},\"wordCount\":384,\"image\":{\"@id\":\"https:\\\/\\\/www.ahmadiyya-islam.org\\\/se\\\/uncategorized\\\/uttalande-fran-islams-ahmadiyya-forsamling-om-de-senaste-eskaleringarna-i-den-israeliska-och-palestinska-konflikten\\\/#primaryimage\"},\"thumbnailUrl\":\"https:\\\/\\\/www.ahmadiyya-islam.org\\\/se\\\/wp-content\\\/uploads\\\/sites\\\/5\\\/2022\\\/02\\\/Huzoor-photo.jpg\",\"articleSection\":[\"Uncategorized\"],\"inLanguage\":\"sv-SE\"},{\"@type\":\"WebPage\",\"@id\":\"https:\\\/\\\/www.ahmadiyya-islam.org\\\/se\\\/uncategorized\\\/uttalande-fran-islams-ahmadiyya-forsamling-om-de-senaste-eskaleringarna-i-den-israeliska-och-palestinska-konflikten\\\/\",\"url\":\"https:\\\/\\\/www.ahmadiyya-islam.org\\\/se\\\/uncategorized\\\/uttalande-fran-islams-ahmadiyya-forsamling-om-de-senaste-eskaleringarna-i-den-israeliska-och-palestinska-konflikten\\\/\",\"name\":\"Uttalande fr\u00e5n Islams Ahmadiyya f\u00f6rsamling om de senaste eskaleringarna i den israeliska och palestinska konflikten - Islams Ahmadiyya F\u00f6rsamling\",\"isPartOf\":{\"@id\":\"https:\\\/\\\/www.ahmadiyya-islam.org\\\/se\\\/#website\"},\"primaryImageOfPage\":{\"@id\":\"https:\\\/\\\/www.ahmadiyya-islam.org\\\/se\\\/uncategorized\\\/uttalande-fran-islams-ahmadiyya-forsamling-om-de-senaste-eskaleringarna-i-den-israeliska-och-palestinska-konflikten\\\/#primaryimage\"},\"image\":{\"@id\":\"https:\\\/\\\/www.ahmadiyya-islam.org\\\/se\\\/uncategorized\\\/uttalande-fran-islams-ahmadiyya-forsamling-om-de-senaste-eskaleringarna-i-den-israeliska-och-palestinska-konflikten\\\/#primaryimage\"},\"thumbnailUrl\":\"https:\\\/\\\/www.ahmadiyya-islam.org\\\/se\\\/wp-content\\\/uploads\\\/sites\\\/5\\\/2022\\\/02\\\/Huzoor-photo.jpg\",\"datePublished\":\"2024-03-14T09:57:22+00:00\",\"dateModified\":\"2025-05-31T20:32:11+00:00\",\"author\":{\"@id\":\"https:\\\/\\\/www.ahmadiyya-islam.org\\\/se\\\/#\\\/schema\\\/person\\\/b46187c64b4c9f6fbab7a73d8c438566\"},\"breadcrumb\":{\"@id\":\"https:\\\/\\\/www.ahmadiyya-islam.org\\\/se\\\/uncategorized\\\/uttalande-fran-islams-ahmadiyya-forsamling-om-de-senaste-eskaleringarna-i-den-israeliska-och-palestinska-konflikten\\\/#breadcrumb\"},\"inLanguage\":\"sv-SE\",\"potentialAction\":[{\"@type\":\"ReadAction\",\"target\":[\"https:\\\/\\\/www.ahmadiyya-islam.org\\\/se\\\/uncategorized\\\/uttalande-fran-islams-ahmadiyya-forsamling-om-de-senaste-eskaleringarna-i-den-israeliska-och-palestinska-konflikten\\\/\"]}]},{\"@type\":\"ImageObject\",\"inLanguage\":\"sv-SE\",\"@id\":\"https:\\\/\\\/www.ahmadiyya-islam.org\\\/se\\\/uncategorized\\\/uttalande-fran-islams-ahmadiyya-forsamling-om-de-senaste-eskaleringarna-i-den-israeliska-och-palestinska-konflikten\\\/#primaryimage\",\"url\":\"https:\\\/\\\/www.ahmadiyya-islam.org\\\/se\\\/wp-content\\\/uploads\\\/sites\\\/5\\\/2022\\\/02\\\/Huzoor-photo.jpg\",\"contentUrl\":\"https:\\\/\\\/www.ahmadiyya-islam.org\\\/se\\\/wp-content\\\/uploads\\\/sites\\\/5\\\/2022\\\/02\\\/Huzoor-photo.jpg\",\"width\":939,\"height\":704},{\"@type\":\"BreadcrumbList\",\"@id\":\"https:\\\/\\\/www.ahmadiyya-islam.org\\\/se\\\/uncategorized\\\/uttalande-fran-islams-ahmadiyya-forsamling-om-de-senaste-eskaleringarna-i-den-israeliska-och-palestinska-konflikten\\\/#breadcrumb\",\"itemListElement\":[{\"@type\":\"ListItem\",\"position\":1,\"name\":\"Home\",\"item\":\"https:\\\/\\\/www.ahmadiyya-islam.org\\\/se\\\/\"},{\"@type\":\"ListItem\",\"position\":2,\"name\":\"Uttalande fr\u00e5n Islams Ahmadiyya f\u00f6rsamling om de senaste eskaleringarna i den israeliska och palestinska konflikten\"}]},{\"@type\":\"WebSite\",\"@id\":\"https:\\\/\\\/www.ahmadiyya-islam.org\\\/se\\\/#website\",\"url\":\"https:\\\/\\\/www.ahmadiyya-islam.org\\\/se\\\/\",\"name\":\"Islams Ahmadiyya F\u00f6rsamling\",\"description\":\"Sverige\",\"potentialAction\":[{\"@type\":\"SearchAction\",\"target\":{\"@type\":\"EntryPoint\",\"urlTemplate\":\"https:\\\/\\\/www.ahmadiyya-islam.org\\\/se\\\/?s={search_term_string}\"},\"query-input\":{\"@type\":\"PropertyValueSpecification\",\"valueRequired\":true,\"valueName\":\"search_term_string\"}}],\"inLanguage\":\"sv-SE\"},{\"@type\":\"Person\",\"@id\":\"https:\\\/\\\/www.ahmadiyya-islam.org\\\/se\\\/#\\\/schema\\\/person\\\/b46187c64b4c9f6fbab7a73d8c438566\",\"name\":\"sweden1\",\"url\":\"https:\\\/\\\/www.ahmadiyya-islam.org\\\/se\\\/author\\\/sweden1\\\/\"}]}<\/script>\n<!-- \/ Yoast SEO Premium plugin. -->","yoast_head_json":{"title":"Uttalande fr\u00e5n Islams Ahmadiyya f\u00f6rsamling om de senaste eskaleringarna i den israeliska och palestinska konflikten - Islams Ahmadiyya F\u00f6rsamling","robots":{"index":"index","follow":"follow","max-snippet":"max-snippet:-1","max-image-preview":"max-image-preview:large","max-video-preview":"max-video-preview:-1"},"canonical":"https:\/\/www.ahmadiyya-islam.org\/se\/uncategorized\/uttalande-fran-islams-ahmadiyya-forsamling-om-de-senaste-eskaleringarna-i-den-israeliska-och-palestinska-konflikten\/","og_locale":"sv_SE","og_type":"article","og_title":"Uttalande fr\u00e5n Islams Ahmadiyya f\u00f6rsamling om de senaste eskaleringarna i den israeliska och palestinska konflikten","og_description":"10 OKTOBER 2023 PRESSMEDDELANDE F\u00f6ljande uttalande publiceras enligt v\u00e4gledning fr\u00e5n den globale ledaren f\u00f6r Ahmadiyya Muslimska Samfundet, Hans Helighet, Hazrat Mirza Masroor Ahmad. &#8221;Under de senaste dagarna har hundratals israeler och palestinier, inklusive kvinnor, barn och \u00e4ldre, d\u00f6dats eller skadats som ett resultat av meningsl\u00f6st v\u00e5ld och blodsutgjutelse. Att d\u00f6da eller skada oskyldiga civila \u00e4r","og_url":"https:\/\/www.ahmadiyya-islam.org\/se\/uncategorized\/uttalande-fran-islams-ahmadiyya-forsamling-om-de-senaste-eskaleringarna-i-den-israeliska-och-palestinska-konflikten\/","og_site_name":"Islams Ahmadiyya F\u00f6rsamling","article_published_time":"2024-03-14T09:57:22+00:00","article_modified_time":"2025-05-31T20:32:11+00:00","og_image":[{"width":939,"height":704,"url":"https:\/\/www.ahmadiyya-islam.org\/se\/wp-content\/uploads\/sites\/5\/2022\/02\/Huzoor-photo.jpg","type":"image\/jpeg"}],"author":"sweden1","twitter_card":"summary_large_image","twitter_misc":{"Skriven av":"sweden1","Ber\u00e4knad l\u00e4stid":"2 minuter"},"schema":{"@context":"https:\/\/schema.org","@graph":[{"@type":"Article","@id":"https:\/\/www.ahmadiyya-islam.org\/se\/uncategorized\/uttalande-fran-islams-ahmadiyya-forsamling-om-de-senaste-eskaleringarna-i-den-israeliska-och-palestinska-konflikten\/#article","isPartOf":{"@id":"https:\/\/www.ahmadiyya-islam.org\/se\/uncategorized\/uttalande-fran-islams-ahmadiyya-forsamling-om-de-senaste-eskaleringarna-i-den-israeliska-och-palestinska-konflikten\/"},"author":{"name":"sweden1","@id":"https:\/\/www.ahmadiyya-islam.org\/se\/#\/schema\/person\/b46187c64b4c9f6fbab7a73d8c438566"},"headline":"Uttalande fr\u00e5n Islams Ahmadiyya f\u00f6rsamling om de senaste eskaleringarna i den israeliska och palestinska konflikten","datePublished":"2024-03-14T09:57:22+00:00","dateModified":"2025-05-31T20:32:11+00:00","mainEntityOfPage":{"@id":"https:\/\/www.ahmadiyya-islam.org\/se\/uncategorized\/uttalande-fran-islams-ahmadiyya-forsamling-om-de-senaste-eskaleringarna-i-den-israeliska-och-palestinska-konflikten\/"},"wordCount":384,"image":{"@id":"https:\/\/www.ahmadiyya-islam.org\/se\/uncategorized\/uttalande-fran-islams-ahmadiyya-forsamling-om-de-senaste-eskaleringarna-i-den-israeliska-och-palestinska-konflikten\/#primaryimage"},"thumbnailUrl":"https:\/\/www.ahmadiyya-islam.org\/se\/wp-content\/uploads\/sites\/5\/2022\/02\/Huzoor-photo.jpg","articleSection":["Uncategorized"],"inLanguage":"sv-SE"},{"@type":"WebPage","@id":"https:\/\/www.ahmadiyya-islam.org\/se\/uncategorized\/uttalande-fran-islams-ahmadiyya-forsamling-om-de-senaste-eskaleringarna-i-den-israeliska-och-palestinska-konflikten\/","url":"https:\/\/www.ahmadiyya-islam.org\/se\/uncategorized\/uttalande-fran-islams-ahmadiyya-forsamling-om-de-senaste-eskaleringarna-i-den-israeliska-och-palestinska-konflikten\/","name":"Uttalande fr\u00e5n Islams Ahmadiyya f\u00f6rsamling om de senaste eskaleringarna i den israeliska och palestinska konflikten - Islams Ahmadiyya F\u00f6rsamling","isPartOf":{"@id":"https:\/\/www.ahmadiyya-islam.org\/se\/#website"},"primaryImageOfPage":{"@id":"https:\/\/www.ahmadiyya-islam.org\/se\/uncategorized\/uttalande-fran-islams-ahmadiyya-forsamling-om-de-senaste-eskaleringarna-i-den-israeliska-och-palestinska-konflikten\/#primaryimage"},"image":{"@id":"https:\/\/www.ahmadiyya-islam.org\/se\/uncategorized\/uttalande-fran-islams-ahmadiyya-forsamling-om-de-senaste-eskaleringarna-i-den-israeliska-och-palestinska-konflikten\/#primaryimage"},"thumbnailUrl":"https:\/\/www.ahmadiyya-islam.org\/se\/wp-content\/uploads\/sites\/5\/2022\/02\/Huzoor-photo.jpg","datePublished":"2024-03-14T09:57:22+00:00","dateModified":"2025-05-31T20:32:11+00:00","author":{"@id":"https:\/\/www.ahmadiyya-islam.org\/se\/#\/schema\/person\/b46187c64b4c9f6fbab7a73d8c438566"},"breadcrumb":{"@id":"https:\/\/www.ahmadiyya-islam.org\/se\/uncategorized\/uttalande-fran-islams-ahmadiyya-forsamling-om-de-senaste-eskaleringarna-i-den-israeliska-och-palestinska-konflikten\/#breadcrumb"},"inLanguage":"sv-SE","potentialAction":[{"@type":"ReadAction","target":["https:\/\/www.ahmadiyya-islam.org\/se\/uncategorized\/uttalande-fran-islams-ahmadiyya-forsamling-om-de-senaste-eskaleringarna-i-den-israeliska-och-palestinska-konflikten\/"]}]},{"@type":"ImageObject","inLanguage":"sv-SE","@id":"https:\/\/www.ahmadiyya-islam.org\/se\/uncategorized\/uttalande-fran-islams-ahmadiyya-forsamling-om-de-senaste-eskaleringarna-i-den-israeliska-och-palestinska-konflikten\/#primaryimage","url":"https:\/\/www.ahmadiyya-islam.org\/se\/wp-content\/uploads\/sites\/5\/2022\/02\/Huzoor-photo.jpg","contentUrl":"https:\/\/www.ahmadiyya-islam.org\/se\/wp-content\/uploads\/sites\/5\/2022\/02\/Huzoor-photo.jpg","width":939,"height":704},{"@type":"BreadcrumbList","@id":"https:\/\/www.ahmadiyya-islam.org\/se\/uncategorized\/uttalande-fran-islams-ahmadiyya-forsamling-om-de-senaste-eskaleringarna-i-den-israeliska-och-palestinska-konflikten\/#breadcrumb","itemListElement":[{"@type":"ListItem","position":1,"name":"Home","item":"https:\/\/www.ahmadiyya-islam.org\/se\/"},{"@type":"ListItem","position":2,"name":"Uttalande fr\u00e5n Islams Ahmadiyya f\u00f6rsamling om de senaste eskaleringarna i den israeliska och palestinska konflikten"}]},{"@type":"WebSite","@id":"https:\/\/www.ahmadiyya-islam.org\/se\/#website","url":"https:\/\/www.ahmadiyya-islam.org\/se\/","name":"Islams Ahmadiyya F\u00f6rsamling","description":"Sverige","potentialAction":[{"@type":"SearchAction","target":{"@type":"EntryPoint","urlTemplate":"https:\/\/www.ahmadiyya-islam.org\/se\/?s={search_term_string}"},"query-input":{"@type":"PropertyValueSpecification","valueRequired":true,"valueName":"search_term_string"}}],"inLanguage":"sv-SE"},{"@type":"Person","@id":"https:\/\/www.ahmadiyya-islam.org\/se\/#\/schema\/person\/b46187c64b4c9f6fbab7a73d8c438566","name":"sweden1","url":"https:\/\/www.ahmadiyya-islam.org\/se\/author\/sweden1\/"}]}},"_links":{"self":[{"href":"https:\/\/www.ahmadiyya-islam.org\/se\/wp-json\/wp\/v2\/posts\/3562","targetHints":{"allow":["GET"]}}],"collection":[{"href":"https:\/\/www.ahmadiyya-islam.org\/se\/wp-json\/wp\/v2\/posts"}],"about":[{"href":"https:\/\/www.ahmadiyya-islam.org\/se\/wp-json\/wp\/v2\/types\/post"}],"author":[{"embeddable":true,"href":"https:\/\/www.ahmadiyya-islam.org\/se\/wp-json\/wp\/v2\/users\/13"}],"replies":[{"embeddable":true,"href":"https:\/\/www.ahmadiyya-islam.org\/se\/wp-json\/wp\/v2\/comments?post=3562"}],"version-history":[{"count":1,"href":"https:\/\/www.ahmadiyya-islam.org\/se\/wp-json\/wp\/v2\/posts\/3562\/revisions"}],"predecessor-version":[{"id":3563,"href":"https:\/\/www.ahmadiyya-islam.org\/se\/wp-json\/wp\/v2\/posts\/3562\/revisions\/3563"}],"wp:featuredmedia":[{"embeddable":true,"href":"https:\/\/www.ahmadiyya-islam.org\/se\/wp-json\/wp\/v2\/media\/3373"}],"wp:attachment":[{"href":"https:\/\/www.ahmadiyya-islam.org\/se\/wp-json\/wp\/v2\/media?parent=3562"}],"wp:term":[{"taxonomy":"category","embeddable":true,"href":"https:\/\/www.ahmadiyya-islam.org\/se\/wp-json\/wp\/v2\/categories?post=3562"},{"taxonomy":"post_tag","embeddable":true,"href":"https:\/\/www.ahmadiyya-islam.org\/se\/wp-json\/wp\/v2\/tags?post=3562"},{"taxonomy":"authors","embeddable":true,"href":"https:\/\/www.ahmadiyya-islam.org\/se\/wp-json\/wp\/v2\/authors?post=3562"},{"taxonomy":"content_source","embeddable":true,"href":"https:\/\/www.ahmadiyya-islam.org\/se\/wp-json\/wp\/v2\/content_source?post=3562"}],"curies":[{"name":"wp","href":"https:\/\/api.w.org\/{rel}","templated":true}]}}