{"id":3524,"date":"2023-10-08T09:49:57","date_gmt":"2023-10-08T09:49:57","guid":{"rendered":"https:\/\/www.ahmadiyya-islam.org\/se\/?p=3524"},"modified":"2023-10-13T10:04:02","modified_gmt":"2023-10-13T10:04:02","slug":"islams-ahmadiyya-forsamling-pa-bokmassan-2023","status":"publish","type":"post","link":"https:\/\/www.ahmadiyya-islam.org\/se\/uncategorized\/islams-ahmadiyya-forsamling-pa-bokmassan-2023\/","title":{"rendered":"Islams Ahmadiyya f\u00f6rsamling p\u00e5 Bokm\u00e4ssan 2023"},"content":{"rendered":"<p>Islams Ahmadiyya f\u00f6rsamling deltog aktivt i bokm\u00e4ssan 2023.<\/p>\n<p><a href=\"https:\/\/bokmassan.se\/exhibitors\/islams-ahmadiyya-forsamling\/\">https:\/\/bokmassan.se\/exhibitors\/islams-ahmadiyya-forsamling\/<\/a><\/p>\n<p><img loading=\"lazy\" decoding=\"async\" class=\"aligncenter size-full wp-image-3527\" src=\"https:\/\/www.ahmadiyya-islam.org\/se\/wp-content\/uploads\/sites\/5\/2023\/10\/BM21.jpg\" alt=\"\" width=\"2048\" height=\"1536\" srcset=\"https:\/\/www.ahmadiyya-islam.org\/se\/wp-content\/uploads\/sites\/5\/2023\/10\/BM21.jpg 2048w, https:\/\/www.ahmadiyya-islam.org\/se\/wp-content\/uploads\/sites\/5\/2023\/10\/BM21-300x225.jpg 300w, https:\/\/www.ahmadiyya-islam.org\/se\/wp-content\/uploads\/sites\/5\/2023\/10\/BM21-1024x768.jpg 1024w, https:\/\/www.ahmadiyya-islam.org\/se\/wp-content\/uploads\/sites\/5\/2023\/10\/BM21-768x576.jpg 768w, https:\/\/www.ahmadiyya-islam.org\/se\/wp-content\/uploads\/sites\/5\/2023\/10\/BM21-1536x1152.jpg 1536w\" sizes=\"auto, (max-width: 2048px) 100vw, 2048px\" \/> <img loading=\"lazy\" decoding=\"async\" class=\"aligncenter size-full wp-image-3528\" src=\"https:\/\/www.ahmadiyya-islam.org\/se\/wp-content\/uploads\/sites\/5\/2023\/10\/BM31.jpg\" alt=\"\" width=\"2048\" height=\"1536\" srcset=\"https:\/\/www.ahmadiyya-islam.org\/se\/wp-content\/uploads\/sites\/5\/2023\/10\/BM31.jpg 2048w, https:\/\/www.ahmadiyya-islam.org\/se\/wp-content\/uploads\/sites\/5\/2023\/10\/BM31-300x225.jpg 300w, https:\/\/www.ahmadiyya-islam.org\/se\/wp-content\/uploads\/sites\/5\/2023\/10\/BM31-1024x768.jpg 1024w, https:\/\/www.ahmadiyya-islam.org\/se\/wp-content\/uploads\/sites\/5\/2023\/10\/BM31-768x576.jpg 768w, https:\/\/www.ahmadiyya-islam.org\/se\/wp-content\/uploads\/sites\/5\/2023\/10\/BM31-1536x1152.jpg 1536w\" sizes=\"auto, (max-width: 2048px) 100vw, 2048px\" \/> <img loading=\"lazy\" decoding=\"async\" class=\"aligncenter size-full wp-image-3529\" src=\"https:\/\/www.ahmadiyya-islam.org\/se\/wp-content\/uploads\/sites\/5\/2023\/10\/BM41.jpg\" alt=\"\" width=\"2048\" height=\"1536\" srcset=\"https:\/\/www.ahmadiyya-islam.org\/se\/wp-content\/uploads\/sites\/5\/2023\/10\/BM41.jpg 2048w, https:\/\/www.ahmadiyya-islam.org\/se\/wp-content\/uploads\/sites\/5\/2023\/10\/BM41-300x225.jpg 300w, https:\/\/www.ahmadiyya-islam.org\/se\/wp-content\/uploads\/sites\/5\/2023\/10\/BM41-1024x768.jpg 1024w, https:\/\/www.ahmadiyya-islam.org\/se\/wp-content\/uploads\/sites\/5\/2023\/10\/BM41-768x576.jpg 768w, https:\/\/www.ahmadiyya-islam.org\/se\/wp-content\/uploads\/sites\/5\/2023\/10\/BM41-1536x1152.jpg 1536w\" sizes=\"auto, (max-width: 2048px) 100vw, 2048px\" \/> <img loading=\"lazy\" decoding=\"async\" class=\"aligncenter size-full wp-image-3530\" src=\"https:\/\/www.ahmadiyya-islam.org\/se\/wp-content\/uploads\/sites\/5\/2023\/10\/BM51.jpg\" alt=\"\" width=\"2048\" height=\"1536\" srcset=\"https:\/\/www.ahmadiyya-islam.org\/se\/wp-content\/uploads\/sites\/5\/2023\/10\/BM51.jpg 2048w, https:\/\/www.ahmadiyya-islam.org\/se\/wp-content\/uploads\/sites\/5\/2023\/10\/BM51-300x225.jpg 300w, https:\/\/www.ahmadiyya-islam.org\/se\/wp-content\/uploads\/sites\/5\/2023\/10\/BM51-1024x768.jpg 1024w, https:\/\/www.ahmadiyya-islam.org\/se\/wp-content\/uploads\/sites\/5\/2023\/10\/BM51-768x576.jpg 768w, https:\/\/www.ahmadiyya-islam.org\/se\/wp-content\/uploads\/sites\/5\/2023\/10\/BM51-1536x1152.jpg 1536w\" sizes=\"auto, (max-width: 2048px) 100vw, 2048px\" \/> <img loading=\"lazy\" decoding=\"async\" class=\"aligncenter size-full wp-image-3531\" src=\"https:\/\/www.ahmadiyya-islam.org\/se\/wp-content\/uploads\/sites\/5\/2023\/10\/BM61.jpg\" alt=\"\" width=\"2048\" height=\"1152\" srcset=\"https:\/\/www.ahmadiyya-islam.org\/se\/wp-content\/uploads\/sites\/5\/2023\/10\/BM61.jpg 2048w, https:\/\/www.ahmadiyya-islam.org\/se\/wp-content\/uploads\/sites\/5\/2023\/10\/BM61-300x169.jpg 300w, https:\/\/www.ahmadiyya-islam.org\/se\/wp-content\/uploads\/sites\/5\/2023\/10\/BM61-1024x576.jpg 1024w, https:\/\/www.ahmadiyya-islam.org\/se\/wp-content\/uploads\/sites\/5\/2023\/10\/BM61-768x432.jpg 768w, https:\/\/www.ahmadiyya-islam.org\/se\/wp-content\/uploads\/sites\/5\/2023\/10\/BM61-1536x864.jpg 1536w, https:\/\/www.ahmadiyya-islam.org\/se\/wp-content\/uploads\/sites\/5\/2023\/10\/BM61-400x225.jpg 400w\" sizes=\"auto, (max-width: 2048px) 100vw, 2048px\" \/> <img loading=\"lazy\" decoding=\"async\" class=\"aligncenter size-full wp-image-3532\" src=\"https:\/\/www.ahmadiyya-islam.org\/se\/wp-content\/uploads\/sites\/5\/2023\/10\/BM71.jpg\" alt=\"\" width=\"2048\" height=\"1152\" srcset=\"https:\/\/www.ahmadiyya-islam.org\/se\/wp-content\/uploads\/sites\/5\/2023\/10\/BM71.jpg 2048w, https:\/\/www.ahmadiyya-islam.org\/se\/wp-content\/uploads\/sites\/5\/2023\/10\/BM71-300x169.jpg 300w, https:\/\/www.ahmadiyya-islam.org\/se\/wp-content\/uploads\/sites\/5\/2023\/10\/BM71-1024x576.jpg 1024w, https:\/\/www.ahmadiyya-islam.org\/se\/wp-content\/uploads\/sites\/5\/2023\/10\/BM71-768x432.jpg 768w, https:\/\/www.ahmadiyya-islam.org\/se\/wp-content\/uploads\/sites\/5\/2023\/10\/BM71-1536x864.jpg 1536w, https:\/\/www.ahmadiyya-islam.org\/se\/wp-content\/uploads\/sites\/5\/2023\/10\/BM71-400x225.jpg 400w\" sizes=\"auto, (max-width: 2048px) 100vw, 2048px\" \/> <img loading=\"lazy\" decoding=\"async\" class=\"aligncenter size-full wp-image-3539\" src=\"https:\/\/www.ahmadiyya-islam.org\/se\/wp-content\/uploads\/sites\/5\/2023\/10\/BM200.jpg\" alt=\"\" width=\"1024\" height=\"576\" srcset=\"https:\/\/www.ahmadiyya-islam.org\/se\/wp-content\/uploads\/sites\/5\/2023\/10\/BM200.jpg 1024w, https:\/\/www.ahmadiyya-islam.org\/se\/wp-content\/uploads\/sites\/5\/2023\/10\/BM200-300x169.jpg 300w, https:\/\/www.ahmadiyya-islam.org\/se\/wp-content\/uploads\/sites\/5\/2023\/10\/BM200-768x432.jpg 768w, https:\/\/www.ahmadiyya-islam.org\/se\/wp-content\/uploads\/sites\/5\/2023\/10\/BM200-400x225.jpg 400w\" sizes=\"auto, (max-width: 1024px) 100vw, 1024px\" \/> <img loading=\"lazy\" decoding=\"async\" class=\"aligncenter size-full wp-image-3538\" src=\"https:\/\/www.ahmadiyya-islam.org\/se\/wp-content\/uploads\/sites\/5\/2023\/10\/BM100.jpg\" alt=\"\" width=\"1024\" height=\"576\" srcset=\"https:\/\/www.ahmadiyya-islam.org\/se\/wp-content\/uploads\/sites\/5\/2023\/10\/BM100.jpg 1024w, https:\/\/www.ahmadiyya-islam.org\/se\/wp-content\/uploads\/sites\/5\/2023\/10\/BM100-300x169.jpg 300w, https:\/\/www.ahmadiyya-islam.org\/se\/wp-content\/uploads\/sites\/5\/2023\/10\/BM100-768x432.jpg 768w, https:\/\/www.ahmadiyya-islam.org\/se\/wp-content\/uploads\/sites\/5\/2023\/10\/BM100-400x225.jpg 400w\" sizes=\"auto, (max-width: 1024px) 100vw, 1024px\" \/><img loading=\"lazy\" decoding=\"async\" class=\"aligncenter size-full wp-image-3533\" src=\"https:\/\/www.ahmadiyya-islam.org\/se\/wp-content\/uploads\/sites\/5\/2023\/10\/BM81.jpg\" alt=\"\" width=\"2048\" height=\"1152\" srcset=\"https:\/\/www.ahmadiyya-islam.org\/se\/wp-content\/uploads\/sites\/5\/2023\/10\/BM81.jpg 2048w, https:\/\/www.ahmadiyya-islam.org\/se\/wp-content\/uploads\/sites\/5\/2023\/10\/BM81-300x169.jpg 300w, https:\/\/www.ahmadiyya-islam.org\/se\/wp-content\/uploads\/sites\/5\/2023\/10\/BM81-1024x576.jpg 1024w, https:\/\/www.ahmadiyya-islam.org\/se\/wp-content\/uploads\/sites\/5\/2023\/10\/BM81-768x432.jpg 768w, https:\/\/www.ahmadiyya-islam.org\/se\/wp-content\/uploads\/sites\/5\/2023\/10\/BM81-1536x864.jpg 1536w, https:\/\/www.ahmadiyya-islam.org\/se\/wp-content\/uploads\/sites\/5\/2023\/10\/BM81-400x225.jpg 400w\" sizes=\"auto, (max-width: 2048px) 100vw, 2048px\" \/><\/p>\n","protected":false},"excerpt":{"rendered":"<p>Islams Ahmadiyya f\u00f6rsamling deltog aktivt i bokm\u00e4ssan 2023. https:\/\/bokmassan.se\/exhibitors\/islams-ahmadiyya-forsamling\/<\/p>\n","protected":false},"author":13,"featured_media":3525,"comment_status":"closed","ping_status":"closed","sticky":false,"template":"","format":"standard","meta":{"_acf_changed":false,"footnotes":""},"categories":[1],"tags":[],"authors":[],"content_source":[],"class_list":["post-3524","post","type-post","status-publish","format-standard","has-post-thumbnail","hentry","category-uncategorized"],"acf":[],"yoast_head":"<!-- This site is optimized with the Yoast SEO Premium plugin v21.1 (Yoast SEO v27.4) - https:\/\/yoast.com\/product\/yoast-seo-premium-wordpress\/ -->\n<title>Islams Ahmadiyya f\u00f6rsamling p\u00e5 Bokm\u00e4ssan 2023 - Islams Ahmadiyya F\u00f6rsamling<\/title>\n<meta name=\"robots\" content=\"index, follow, max-snippet:-1, max-image-preview:large, max-video-preview:-1\" \/>\n<link rel=\"canonical\" href=\"https:\/\/www.ahmadiyya-islam.org\/se\/uncategorized\/islams-ahmadiyya-forsamling-pa-bokmassan-2023\/\" \/>\n<meta property=\"og:locale\" content=\"sv_SE\" \/>\n<meta property=\"og:type\" content=\"article\" \/>\n<meta property=\"og:title\" content=\"Islams Ahmadiyya f\u00f6rsamling p\u00e5 Bokm\u00e4ssan 2023\" \/>\n<meta property=\"og:description\" content=\"Islams Ahmadiyya f\u00f6rsamling deltog aktivt i bokm\u00e4ssan 2023. https:\/\/bokmassan.se\/exhibitors\/islams-ahmadiyya-forsamling\/\" \/>\n<meta property=\"og:url\" content=\"https:\/\/www.ahmadiyya-islam.org\/se\/uncategorized\/islams-ahmadiyya-forsamling-pa-bokmassan-2023\/\" \/>\n<meta property=\"og:site_name\" content=\"Islams Ahmadiyya F\u00f6rsamling\" \/>\n<meta property=\"article:published_time\" content=\"2023-10-08T09:49:57+00:00\" \/>\n<meta property=\"article:modified_time\" content=\"2023-10-13T10:04:02+00:00\" \/>\n<meta property=\"og:image\" content=\"https:\/\/www.ahmadiyya-islam.org\/se\/wp-content\/uploads\/sites\/5\/2023\/10\/bokmassa.jpg\" \/>\n\t<meta property=\"og:image:width\" content=\"1600\" \/>\n\t<meta property=\"og:image:height\" content=\"1200\" \/>\n\t<meta property=\"og:image:type\" content=\"image\/jpeg\" \/>\n<meta name=\"author\" content=\"sweden1\" \/>\n<meta name=\"twitter:card\" content=\"summary_large_image\" \/>\n<meta name=\"twitter:label1\" content=\"Skriven av\" \/>\n\t<meta name=\"twitter:data1\" content=\"sweden1\" \/>\n\t<meta name=\"twitter:label2\" content=\"Ber\u00e4knad l\u00e4stid\" \/>\n\t<meta name=\"twitter:data2\" content=\"2 minuter\" \/>\n<script type=\"application\/ld+json\" class=\"yoast-schema-graph\">{\"@context\":\"https:\\\/\\\/schema.org\",\"@graph\":[{\"@type\":\"Article\",\"@id\":\"https:\\\/\\\/www.ahmadiyya-islam.org\\\/se\\\/uncategorized\\\/islams-ahmadiyya-forsamling-pa-bokmassan-2023\\\/#article\",\"isPartOf\":{\"@id\":\"https:\\\/\\\/www.ahmadiyya-islam.org\\\/se\\\/uncategorized\\\/islams-ahmadiyya-forsamling-pa-bokmassan-2023\\\/\"},\"author\":{\"name\":\"sweden1\",\"@id\":\"https:\\\/\\\/www.ahmadiyya-islam.org\\\/se\\\/#\\\/schema\\\/person\\\/b46187c64b4c9f6fbab7a73d8c438566\"},\"headline\":\"Islams Ahmadiyya f\u00f6rsamling p\u00e5 Bokm\u00e4ssan 2023\",\"datePublished\":\"2023-10-08T09:49:57+00:00\",\"dateModified\":\"2023-10-13T10:04:02+00:00\",\"mainEntityOfPage\":{\"@id\":\"https:\\\/\\\/www.ahmadiyya-islam.org\\\/se\\\/uncategorized\\\/islams-ahmadiyya-forsamling-pa-bokmassan-2023\\\/\"},\"wordCount\":21,\"image\":{\"@id\":\"https:\\\/\\\/www.ahmadiyya-islam.org\\\/se\\\/uncategorized\\\/islams-ahmadiyya-forsamling-pa-bokmassan-2023\\\/#primaryimage\"},\"thumbnailUrl\":\"https:\\\/\\\/www.ahmadiyya-islam.org\\\/se\\\/wp-content\\\/uploads\\\/sites\\\/5\\\/2023\\\/10\\\/bokmassa.jpg\",\"articleSection\":[\"Uncategorized\"],\"inLanguage\":\"sv-SE\"},{\"@type\":\"WebPage\",\"@id\":\"https:\\\/\\\/www.ahmadiyya-islam.org\\\/se\\\/uncategorized\\\/islams-ahmadiyya-forsamling-pa-bokmassan-2023\\\/\",\"url\":\"https:\\\/\\\/www.ahmadiyya-islam.org\\\/se\\\/uncategorized\\\/islams-ahmadiyya-forsamling-pa-bokmassan-2023\\\/\",\"name\":\"Islams Ahmadiyya f\u00f6rsamling p\u00e5 Bokm\u00e4ssan 2023 - Islams Ahmadiyya F\u00f6rsamling\",\"isPartOf\":{\"@id\":\"https:\\\/\\\/www.ahmadiyya-islam.org\\\/se\\\/#website\"},\"primaryImageOfPage\":{\"@id\":\"https:\\\/\\\/www.ahmadiyya-islam.org\\\/se\\\/uncategorized\\\/islams-ahmadiyya-forsamling-pa-bokmassan-2023\\\/#primaryimage\"},\"image\":{\"@id\":\"https:\\\/\\\/www.ahmadiyya-islam.org\\\/se\\\/uncategorized\\\/islams-ahmadiyya-forsamling-pa-bokmassan-2023\\\/#primaryimage\"},\"thumbnailUrl\":\"https:\\\/\\\/www.ahmadiyya-islam.org\\\/se\\\/wp-content\\\/uploads\\\/sites\\\/5\\\/2023\\\/10\\\/bokmassa.jpg\",\"datePublished\":\"2023-10-08T09:49:57+00:00\",\"dateModified\":\"2023-10-13T10:04:02+00:00\",\"author\":{\"@id\":\"https:\\\/\\\/www.ahmadiyya-islam.org\\\/se\\\/#\\\/schema\\\/person\\\/b46187c64b4c9f6fbab7a73d8c438566\"},\"breadcrumb\":{\"@id\":\"https:\\\/\\\/www.ahmadiyya-islam.org\\\/se\\\/uncategorized\\\/islams-ahmadiyya-forsamling-pa-bokmassan-2023\\\/#breadcrumb\"},\"inLanguage\":\"sv-SE\",\"potentialAction\":[{\"@type\":\"ReadAction\",\"target\":[\"https:\\\/\\\/www.ahmadiyya-islam.org\\\/se\\\/uncategorized\\\/islams-ahmadiyya-forsamling-pa-bokmassan-2023\\\/\"]}]},{\"@type\":\"ImageObject\",\"inLanguage\":\"sv-SE\",\"@id\":\"https:\\\/\\\/www.ahmadiyya-islam.org\\\/se\\\/uncategorized\\\/islams-ahmadiyya-forsamling-pa-bokmassan-2023\\\/#primaryimage\",\"url\":\"https:\\\/\\\/www.ahmadiyya-islam.org\\\/se\\\/wp-content\\\/uploads\\\/sites\\\/5\\\/2023\\\/10\\\/bokmassa.jpg\",\"contentUrl\":\"https:\\\/\\\/www.ahmadiyya-islam.org\\\/se\\\/wp-content\\\/uploads\\\/sites\\\/5\\\/2023\\\/10\\\/bokmassa.jpg\",\"width\":1600,\"height\":1200},{\"@type\":\"BreadcrumbList\",\"@id\":\"https:\\\/\\\/www.ahmadiyya-islam.org\\\/se\\\/uncategorized\\\/islams-ahmadiyya-forsamling-pa-bokmassan-2023\\\/#breadcrumb\",\"itemListElement\":[{\"@type\":\"ListItem\",\"position\":1,\"name\":\"Home\",\"item\":\"https:\\\/\\\/www.ahmadiyya-islam.org\\\/se\\\/\"},{\"@type\":\"ListItem\",\"position\":2,\"name\":\"Islams Ahmadiyya f\u00f6rsamling p\u00e5 Bokm\u00e4ssan 2023\"}]},{\"@type\":\"WebSite\",\"@id\":\"https:\\\/\\\/www.ahmadiyya-islam.org\\\/se\\\/#website\",\"url\":\"https:\\\/\\\/www.ahmadiyya-islam.org\\\/se\\\/\",\"name\":\"Islams Ahmadiyya F\u00f6rsamling\",\"description\":\"Sverige\",\"potentialAction\":[{\"@type\":\"SearchAction\",\"target\":{\"@type\":\"EntryPoint\",\"urlTemplate\":\"https:\\\/\\\/www.ahmadiyya-islam.org\\\/se\\\/?s={search_term_string}\"},\"query-input\":{\"@type\":\"PropertyValueSpecification\",\"valueRequired\":true,\"valueName\":\"search_term_string\"}}],\"inLanguage\":\"sv-SE\"},{\"@type\":\"Person\",\"@id\":\"https:\\\/\\\/www.ahmadiyya-islam.org\\\/se\\\/#\\\/schema\\\/person\\\/b46187c64b4c9f6fbab7a73d8c438566\",\"name\":\"sweden1\",\"url\":\"https:\\\/\\\/www.ahmadiyya-islam.org\\\/se\\\/author\\\/sweden1\\\/\"}]}<\/script>\n<!-- \/ Yoast SEO Premium plugin. -->","yoast_head_json":{"title":"Islams Ahmadiyya f\u00f6rsamling p\u00e5 Bokm\u00e4ssan 2023 - Islams Ahmadiyya F\u00f6rsamling","robots":{"index":"index","follow":"follow","max-snippet":"max-snippet:-1","max-image-preview":"max-image-preview:large","max-video-preview":"max-video-preview:-1"},"canonical":"https:\/\/www.ahmadiyya-islam.org\/se\/uncategorized\/islams-ahmadiyya-forsamling-pa-bokmassan-2023\/","og_locale":"sv_SE","og_type":"article","og_title":"Islams Ahmadiyya f\u00f6rsamling p\u00e5 Bokm\u00e4ssan 2023","og_description":"Islams Ahmadiyya f\u00f6rsamling deltog aktivt i bokm\u00e4ssan 2023. https:\/\/bokmassan.se\/exhibitors\/islams-ahmadiyya-forsamling\/","og_url":"https:\/\/www.ahmadiyya-islam.org\/se\/uncategorized\/islams-ahmadiyya-forsamling-pa-bokmassan-2023\/","og_site_name":"Islams Ahmadiyya F\u00f6rsamling","article_published_time":"2023-10-08T09:49:57+00:00","article_modified_time":"2023-10-13T10:04:02+00:00","og_image":[{"width":1600,"height":1200,"url":"https:\/\/www.ahmadiyya-islam.org\/se\/wp-content\/uploads\/sites\/5\/2023\/10\/bokmassa.jpg","type":"image\/jpeg"}],"author":"sweden1","twitter_card":"summary_large_image","twitter_misc":{"Skriven av":"sweden1","Ber\u00e4knad l\u00e4stid":"2 minuter"},"schema":{"@context":"https:\/\/schema.org","@graph":[{"@type":"Article","@id":"https:\/\/www.ahmadiyya-islam.org\/se\/uncategorized\/islams-ahmadiyya-forsamling-pa-bokmassan-2023\/#article","isPartOf":{"@id":"https:\/\/www.ahmadiyya-islam.org\/se\/uncategorized\/islams-ahmadiyya-forsamling-pa-bokmassan-2023\/"},"author":{"name":"sweden1","@id":"https:\/\/www.ahmadiyya-islam.org\/se\/#\/schema\/person\/b46187c64b4c9f6fbab7a73d8c438566"},"headline":"Islams Ahmadiyya f\u00f6rsamling p\u00e5 Bokm\u00e4ssan 2023","datePublished":"2023-10-08T09:49:57+00:00","dateModified":"2023-10-13T10:04:02+00:00","mainEntityOfPage":{"@id":"https:\/\/www.ahmadiyya-islam.org\/se\/uncategorized\/islams-ahmadiyya-forsamling-pa-bokmassan-2023\/"},"wordCount":21,"image":{"@id":"https:\/\/www.ahmadiyya-islam.org\/se\/uncategorized\/islams-ahmadiyya-forsamling-pa-bokmassan-2023\/#primaryimage"},"thumbnailUrl":"https:\/\/www.ahmadiyya-islam.org\/se\/wp-content\/uploads\/sites\/5\/2023\/10\/bokmassa.jpg","articleSection":["Uncategorized"],"inLanguage":"sv-SE"},{"@type":"WebPage","@id":"https:\/\/www.ahmadiyya-islam.org\/se\/uncategorized\/islams-ahmadiyya-forsamling-pa-bokmassan-2023\/","url":"https:\/\/www.ahmadiyya-islam.org\/se\/uncategorized\/islams-ahmadiyya-forsamling-pa-bokmassan-2023\/","name":"Islams Ahmadiyya f\u00f6rsamling p\u00e5 Bokm\u00e4ssan 2023 - Islams Ahmadiyya F\u00f6rsamling","isPartOf":{"@id":"https:\/\/www.ahmadiyya-islam.org\/se\/#website"},"primaryImageOfPage":{"@id":"https:\/\/www.ahmadiyya-islam.org\/se\/uncategorized\/islams-ahmadiyya-forsamling-pa-bokmassan-2023\/#primaryimage"},"image":{"@id":"https:\/\/www.ahmadiyya-islam.org\/se\/uncategorized\/islams-ahmadiyya-forsamling-pa-bokmassan-2023\/#primaryimage"},"thumbnailUrl":"https:\/\/www.ahmadiyya-islam.org\/se\/wp-content\/uploads\/sites\/5\/2023\/10\/bokmassa.jpg","datePublished":"2023-10-08T09:49:57+00:00","dateModified":"2023-10-13T10:04:02+00:00","author":{"@id":"https:\/\/www.ahmadiyya-islam.org\/se\/#\/schema\/person\/b46187c64b4c9f6fbab7a73d8c438566"},"breadcrumb":{"@id":"https:\/\/www.ahmadiyya-islam.org\/se\/uncategorized\/islams-ahmadiyya-forsamling-pa-bokmassan-2023\/#breadcrumb"},"inLanguage":"sv-SE","potentialAction":[{"@type":"ReadAction","target":["https:\/\/www.ahmadiyya-islam.org\/se\/uncategorized\/islams-ahmadiyya-forsamling-pa-bokmassan-2023\/"]}]},{"@type":"ImageObject","inLanguage":"sv-SE","@id":"https:\/\/www.ahmadiyya-islam.org\/se\/uncategorized\/islams-ahmadiyya-forsamling-pa-bokmassan-2023\/#primaryimage","url":"https:\/\/www.ahmadiyya-islam.org\/se\/wp-content\/uploads\/sites\/5\/2023\/10\/bokmassa.jpg","contentUrl":"https:\/\/www.ahmadiyya-islam.org\/se\/wp-content\/uploads\/sites\/5\/2023\/10\/bokmassa.jpg","width":1600,"height":1200},{"@type":"BreadcrumbList","@id":"https:\/\/www.ahmadiyya-islam.org\/se\/uncategorized\/islams-ahmadiyya-forsamling-pa-bokmassan-2023\/#breadcrumb","itemListElement":[{"@type":"ListItem","position":1,"name":"Home","item":"https:\/\/www.ahmadiyya-islam.org\/se\/"},{"@type":"ListItem","position":2,"name":"Islams Ahmadiyya f\u00f6rsamling p\u00e5 Bokm\u00e4ssan 2023"}]},{"@type":"WebSite","@id":"https:\/\/www.ahmadiyya-islam.org\/se\/#website","url":"https:\/\/www.ahmadiyya-islam.org\/se\/","name":"Islams Ahmadiyya F\u00f6rsamling","description":"Sverige","potentialAction":[{"@type":"SearchAction","target":{"@type":"EntryPoint","urlTemplate":"https:\/\/www.ahmadiyya-islam.org\/se\/?s={search_term_string}"},"query-input":{"@type":"PropertyValueSpecification","valueRequired":true,"valueName":"search_term_string"}}],"inLanguage":"sv-SE"},{"@type":"Person","@id":"https:\/\/www.ahmadiyya-islam.org\/se\/#\/schema\/person\/b46187c64b4c9f6fbab7a73d8c438566","name":"sweden1","url":"https:\/\/www.ahmadiyya-islam.org\/se\/author\/sweden1\/"}]}},"_links":{"self":[{"href":"https:\/\/www.ahmadiyya-islam.org\/se\/wp-json\/wp\/v2\/posts\/3524","targetHints":{"allow":["GET"]}}],"collection":[{"href":"https:\/\/www.ahmadiyya-islam.org\/se\/wp-json\/wp\/v2\/posts"}],"about":[{"href":"https:\/\/www.ahmadiyya-islam.org\/se\/wp-json\/wp\/v2\/types\/post"}],"author":[{"embeddable":true,"href":"https:\/\/www.ahmadiyya-islam.org\/se\/wp-json\/wp\/v2\/users\/13"}],"replies":[{"embeddable":true,"href":"https:\/\/www.ahmadiyya-islam.org\/se\/wp-json\/wp\/v2\/comments?post=3524"}],"version-history":[{"count":2,"href":"https:\/\/www.ahmadiyya-islam.org\/se\/wp-json\/wp\/v2\/posts\/3524\/revisions"}],"predecessor-version":[{"id":3566,"href":"https:\/\/www.ahmadiyya-islam.org\/se\/wp-json\/wp\/v2\/posts\/3524\/revisions\/3566"}],"wp:featuredmedia":[{"embeddable":true,"href":"https:\/\/www.ahmadiyya-islam.org\/se\/wp-json\/wp\/v2\/media\/3525"}],"wp:attachment":[{"href":"https:\/\/www.ahmadiyya-islam.org\/se\/wp-json\/wp\/v2\/media?parent=3524"}],"wp:term":[{"taxonomy":"category","embeddable":true,"href":"https:\/\/www.ahmadiyya-islam.org\/se\/wp-json\/wp\/v2\/categories?post=3524"},{"taxonomy":"post_tag","embeddable":true,"href":"https:\/\/www.ahmadiyya-islam.org\/se\/wp-json\/wp\/v2\/tags?post=3524"},{"taxonomy":"authors","embeddable":true,"href":"https:\/\/www.ahmadiyya-islam.org\/se\/wp-json\/wp\/v2\/authors?post=3524"},{"taxonomy":"content_source","embeddable":true,"href":"https:\/\/www.ahmadiyya-islam.org\/se\/wp-json\/wp\/v2\/content_source?post=3524"}],"curies":[{"name":"wp","href":"https:\/\/api.w.org\/{rel}","templated":true}]}}