{"id":2639,"date":"2017-04-08T18:57:26","date_gmt":"2017-04-08T18:57:26","guid":{"rendered":"http:\/\/www.ahmadiyya-islam.org\/se\/?p=2639"},"modified":"2017-07-19T16:15:44","modified_gmt":"2017-07-19T16:15:44","slug":"press-release-ahmadiyya-muslimska-samfundet-fordomer-attacken-i-stockholm","status":"publish","type":"post","link":"https:\/\/www.ahmadiyya-islam.org\/se\/nyheter-artiklar\/media-om-oss\/press-release-ahmadiyya-muslimska-samfundet-fordomer-attacken-i-stockholm\/","title":{"rendered":"Pressrelease efter terrord\u00e5det p\u00e5 Drottninggatan, 7\/4 -17"},"content":{"rendered":"<pre style=\"text-align: left\">Datum:7 april 2017<\/pre>\n<p>Presskontakt:pr@ahmadiyya.se<\/p>\n<p><a href=\"http:\/\/www.ahmadiyya-islam.org\/se\/wp-content\/uploads\/sites\/5\/2017\/04\/AMJ_PressRelease_Stockholmsattacken.pdf\" target=\"_blank\" rel=\"noopener\">Officiel press release<\/a><\/p>\n<h4><strong><strong>Ahmadiyya Muslimska Samfundet f\u00f6rd\u00f6mer attacken i Stockholm<\/strong><\/strong><\/h4>\n<p>Ahmadiyya Muslimska Samfundet i Sverige s\u00f6rjer f\u00f6rlusten av oskyldiga liv i Stockholm<\/p>\n<p>Ahmadiyya Muslimska Samfundet f\u00f6rd\u00f6mer lastbilsattacken som \u00e4gde rum p\u00e5 Drottninggatan i centrala Stockholm p\u00e5 fredag 7 april 2017. Det har rapporterats att minst 4 personer d\u00f6dades och 15 skadades i denna fruktansv\u00e4rda attack. Ahmadiyya Muslimska Samfundet uppmanar till lugn och t\u00e5lamod samtidigt som myndigheterna arbetar snabbt f\u00f6r att \u00e5terst\u00e4lla s\u00e4kerhet och ordning.<\/p>\n<p>\u201dDet sm\u00e4rtar oss verkligen att h\u00f6ra om \u00e4nnu en meningsl\u00f6s attack p\u00e5 oskyldiga m\u00e4nniskor. Vi ber f\u00f6r snabb \u00e5terh\u00e4mtning av de s\u00e5rade\u201d, s\u00e4ger presstalesmannen f\u00f6r Ahmadiyya Muslimska Samfundet i Sverige, Amer Munir Chaudhry. \u201dVi f\u00f6rd\u00f6mer denna avskyv\u00e4rda handling och framf\u00f6r v\u00e5ra djupaste sympatier till offren och deras anh\u00f6riga\u201d.<\/p>\n<p>Islam f\u00f6rbjuder all form av terror och extremism. Den heliga Koranen l\u00e4r specifikt att d\u00f6da en oskyldig m\u00e4nniska \u00e4r som att d\u00f6da hela m\u00e4nskligheten och att terror \u00e4r v\u00e4rre \u00e4n mord.<\/p>\n<p>Ahmadiyya Muslimska Samfundet i Sverige ber om styrka och t\u00e5lamod f\u00f6r alla s\u00f6rjande och de som p\u00e5verkats av denna tragedi.<\/p>\n<p>&nbsp;<\/p>\n<h6>Om Ahmadiyya Muslimska Samfundet:<br \/>\nAhmadiyya Muslimska Samfundet \u00e4r ett dynamiskt och snabbv\u00e4xande internationellt muslimskt samfund. Sedan samfundet grundades \u00e5r 1889, finns idag tiotals miljoner medlemmar i samfundet i \u00f6ver 200 l\u00e4nder. Ahmadiyya Muslimska Samfundet \u00e4r den enda muslimska organisation som tror att den efterl\u00e4ngtade Messias har kommit i form av en person vid namn Mirza\u00a0Ghulam Ahmad (1835-1908) i Qadian, Indien. Samfundet anser att Gud s\u00e4nde Ahmad, likt Jesus, f\u00f6r att avsluta religionskrig,\u00a0f\u00f6rd\u00f6ma blodspillan och \u00e5terinf\u00f6ra moral, r\u00e4ttvisa och fred.<\/h6>\n","protected":false},"excerpt":{"rendered":"<p>Datum:7 april 2017 Presskontakt:pr@ahmadiyya.se Officiel press release Ahmadiyya Muslimska Samfundet f\u00f6rd\u00f6mer attacken i Stockholm Ahmadiyya Muslimska Samfundet i Sverige s\u00f6rjer f\u00f6rlusten av oskyldiga liv i Stockholm Ahmadiyya Muslimska Samfundet f\u00f6rd\u00f6mer lastbilsattacken som \u00e4gde rum p\u00e5 Drottninggatan i centrala Stockholm p\u00e5 fredag 7 april 2017. Det har rapporterats att minst 4 personer d\u00f6dades och 15 skadades<\/p>\n","protected":false},"author":13,"featured_media":2656,"comment_status":"open","ping_status":"closed","sticky":false,"template":"","format":"standard","meta":{"_acf_changed":false,"footnotes":""},"categories":[34,2],"tags":[],"authors":[],"content_source":[],"class_list":["post-2639","post","type-post","status-publish","format-standard","has-post-thumbnail","hentry","category-artiklar","category-media-om-oss"],"acf":[],"yoast_head":"<!-- This site is optimized with the Yoast SEO Premium plugin v21.1 (Yoast SEO v27.4) - https:\/\/yoast.com\/product\/yoast-seo-premium-wordpress\/ -->\n<title>Pressrelease efter terrord\u00e5det p\u00e5 Drottninggatan, 7\/4 -17 - Islams Ahmadiyya F\u00f6rsamling<\/title>\n<meta name=\"robots\" content=\"index, follow, max-snippet:-1, max-image-preview:large, max-video-preview:-1\" \/>\n<link rel=\"canonical\" href=\"https:\/\/www.ahmadiyya-islam.org\/se\/nyheter-artiklar\/media-om-oss\/press-release-ahmadiyya-muslimska-samfundet-fordomer-attacken-i-stockholm\/\" \/>\n<meta property=\"og:locale\" content=\"sv_SE\" \/>\n<meta property=\"og:type\" content=\"article\" \/>\n<meta property=\"og:title\" content=\"Pressrelease efter terrord\u00e5det p\u00e5 Drottninggatan, 7\/4 -17\" \/>\n<meta property=\"og:description\" content=\"Datum:7 april 2017 Presskontakt:pr@ahmadiyya.se Officiel press release Ahmadiyya Muslimska Samfundet f\u00f6rd\u00f6mer attacken i Stockholm Ahmadiyya Muslimska Samfundet i Sverige s\u00f6rjer f\u00f6rlusten av oskyldiga liv i Stockholm Ahmadiyya Muslimska Samfundet f\u00f6rd\u00f6mer lastbilsattacken som \u00e4gde rum p\u00e5 Drottninggatan i centrala Stockholm p\u00e5 fredag 7 april 2017. Det har rapporterats att minst 4 personer d\u00f6dades och 15 skadades\" \/>\n<meta property=\"og:url\" content=\"https:\/\/www.ahmadiyya-islam.org\/se\/nyheter-artiklar\/media-om-oss\/press-release-ahmadiyya-muslimska-samfundet-fordomer-attacken-i-stockholm\/\" \/>\n<meta property=\"og:site_name\" content=\"Islams Ahmadiyya F\u00f6rsamling\" \/>\n<meta property=\"article:published_time\" content=\"2017-04-08T18:57:26+00:00\" \/>\n<meta property=\"article:modified_time\" content=\"2017-07-19T16:15:44+00:00\" \/>\n<meta property=\"og:image\" content=\"https:\/\/www.ahmadiyya-islam.org\/se\/wp-content\/uploads\/sites\/5\/2017\/04\/20170408_153247.jpg\" \/>\n\t<meta property=\"og:image:width\" content=\"400\" \/>\n\t<meta property=\"og:image:height\" content=\"225\" \/>\n\t<meta property=\"og:image:type\" content=\"image\/jpeg\" \/>\n<meta name=\"author\" content=\"sweden1\" \/>\n<meta name=\"twitter:card\" content=\"summary_large_image\" \/>\n<meta name=\"twitter:label1\" content=\"Skriven av\" \/>\n\t<meta name=\"twitter:data1\" content=\"sweden1\" \/>\n\t<meta name=\"twitter:label2\" content=\"Ber\u00e4knad l\u00e4stid\" \/>\n\t<meta name=\"twitter:data2\" content=\"2 minuter\" \/>\n<script type=\"application\/ld+json\" class=\"yoast-schema-graph\">{\"@context\":\"https:\\\/\\\/schema.org\",\"@graph\":[{\"@type\":\"Article\",\"@id\":\"https:\\\/\\\/www.ahmadiyya-islam.org\\\/se\\\/nyheter-artiklar\\\/media-om-oss\\\/press-release-ahmadiyya-muslimska-samfundet-fordomer-attacken-i-stockholm\\\/#article\",\"isPartOf\":{\"@id\":\"https:\\\/\\\/www.ahmadiyya-islam.org\\\/se\\\/nyheter-artiklar\\\/media-om-oss\\\/press-release-ahmadiyya-muslimska-samfundet-fordomer-attacken-i-stockholm\\\/\"},\"author\":{\"name\":\"sweden1\",\"@id\":\"https:\\\/\\\/www.ahmadiyya-islam.org\\\/se\\\/#\\\/schema\\\/person\\\/b46187c64b4c9f6fbab7a73d8c438566\"},\"headline\":\"Pressrelease efter terrord\u00e5det p\u00e5 Drottninggatan, 7\\\/4 -17\",\"datePublished\":\"2017-04-08T18:57:26+00:00\",\"dateModified\":\"2017-07-19T16:15:44+00:00\",\"mainEntityOfPage\":{\"@id\":\"https:\\\/\\\/www.ahmadiyya-islam.org\\\/se\\\/nyheter-artiklar\\\/media-om-oss\\\/press-release-ahmadiyya-muslimska-samfundet-fordomer-attacken-i-stockholm\\\/\"},\"wordCount\":307,\"commentCount\":0,\"image\":{\"@id\":\"https:\\\/\\\/www.ahmadiyya-islam.org\\\/se\\\/nyheter-artiklar\\\/media-om-oss\\\/press-release-ahmadiyya-muslimska-samfundet-fordomer-attacken-i-stockholm\\\/#primaryimage\"},\"thumbnailUrl\":\"https:\\\/\\\/www.ahmadiyya-islam.org\\\/se\\\/wp-content\\\/uploads\\\/sites\\\/5\\\/2017\\\/04\\\/20170408_153247.jpg\",\"articleSection\":[\"Artiklar\",\"Media om oss\"],\"inLanguage\":\"sv-SE\"},{\"@type\":\"WebPage\",\"@id\":\"https:\\\/\\\/www.ahmadiyya-islam.org\\\/se\\\/nyheter-artiklar\\\/media-om-oss\\\/press-release-ahmadiyya-muslimska-samfundet-fordomer-attacken-i-stockholm\\\/\",\"url\":\"https:\\\/\\\/www.ahmadiyya-islam.org\\\/se\\\/nyheter-artiklar\\\/media-om-oss\\\/press-release-ahmadiyya-muslimska-samfundet-fordomer-attacken-i-stockholm\\\/\",\"name\":\"Pressrelease efter terrord\u00e5det p\u00e5 Drottninggatan, 7\\\/4 -17 - Islams Ahmadiyya F\u00f6rsamling\",\"isPartOf\":{\"@id\":\"https:\\\/\\\/www.ahmadiyya-islam.org\\\/se\\\/#website\"},\"primaryImageOfPage\":{\"@id\":\"https:\\\/\\\/www.ahmadiyya-islam.org\\\/se\\\/nyheter-artiklar\\\/media-om-oss\\\/press-release-ahmadiyya-muslimska-samfundet-fordomer-attacken-i-stockholm\\\/#primaryimage\"},\"image\":{\"@id\":\"https:\\\/\\\/www.ahmadiyya-islam.org\\\/se\\\/nyheter-artiklar\\\/media-om-oss\\\/press-release-ahmadiyya-muslimska-samfundet-fordomer-attacken-i-stockholm\\\/#primaryimage\"},\"thumbnailUrl\":\"https:\\\/\\\/www.ahmadiyya-islam.org\\\/se\\\/wp-content\\\/uploads\\\/sites\\\/5\\\/2017\\\/04\\\/20170408_153247.jpg\",\"datePublished\":\"2017-04-08T18:57:26+00:00\",\"dateModified\":\"2017-07-19T16:15:44+00:00\",\"author\":{\"@id\":\"https:\\\/\\\/www.ahmadiyya-islam.org\\\/se\\\/#\\\/schema\\\/person\\\/b46187c64b4c9f6fbab7a73d8c438566\"},\"breadcrumb\":{\"@id\":\"https:\\\/\\\/www.ahmadiyya-islam.org\\\/se\\\/nyheter-artiklar\\\/media-om-oss\\\/press-release-ahmadiyya-muslimska-samfundet-fordomer-attacken-i-stockholm\\\/#breadcrumb\"},\"inLanguage\":\"sv-SE\",\"potentialAction\":[{\"@type\":\"ReadAction\",\"target\":[\"https:\\\/\\\/www.ahmadiyya-islam.org\\\/se\\\/nyheter-artiklar\\\/media-om-oss\\\/press-release-ahmadiyya-muslimska-samfundet-fordomer-attacken-i-stockholm\\\/\"]}]},{\"@type\":\"ImageObject\",\"inLanguage\":\"sv-SE\",\"@id\":\"https:\\\/\\\/www.ahmadiyya-islam.org\\\/se\\\/nyheter-artiklar\\\/media-om-oss\\\/press-release-ahmadiyya-muslimska-samfundet-fordomer-attacken-i-stockholm\\\/#primaryimage\",\"url\":\"https:\\\/\\\/www.ahmadiyya-islam.org\\\/se\\\/wp-content\\\/uploads\\\/sites\\\/5\\\/2017\\\/04\\\/20170408_153247.jpg\",\"contentUrl\":\"https:\\\/\\\/www.ahmadiyya-islam.org\\\/se\\\/wp-content\\\/uploads\\\/sites\\\/5\\\/2017\\\/04\\\/20170408_153247.jpg\",\"width\":\"400\",\"height\":\"225\"},{\"@type\":\"BreadcrumbList\",\"@id\":\"https:\\\/\\\/www.ahmadiyya-islam.org\\\/se\\\/nyheter-artiklar\\\/media-om-oss\\\/press-release-ahmadiyya-muslimska-samfundet-fordomer-attacken-i-stockholm\\\/#breadcrumb\",\"itemListElement\":[{\"@type\":\"ListItem\",\"position\":1,\"name\":\"Home\",\"item\":\"https:\\\/\\\/www.ahmadiyya-islam.org\\\/se\\\/\"},{\"@type\":\"ListItem\",\"position\":2,\"name\":\"Pressrelease efter terrord\u00e5det p\u00e5 Drottninggatan, 7\\\/4 -17\"}]},{\"@type\":\"WebSite\",\"@id\":\"https:\\\/\\\/www.ahmadiyya-islam.org\\\/se\\\/#website\",\"url\":\"https:\\\/\\\/www.ahmadiyya-islam.org\\\/se\\\/\",\"name\":\"Islams Ahmadiyya F\u00f6rsamling\",\"description\":\"Sverige\",\"potentialAction\":[{\"@type\":\"SearchAction\",\"target\":{\"@type\":\"EntryPoint\",\"urlTemplate\":\"https:\\\/\\\/www.ahmadiyya-islam.org\\\/se\\\/?s={search_term_string}\"},\"query-input\":{\"@type\":\"PropertyValueSpecification\",\"valueRequired\":true,\"valueName\":\"search_term_string\"}}],\"inLanguage\":\"sv-SE\"},{\"@type\":\"Person\",\"@id\":\"https:\\\/\\\/www.ahmadiyya-islam.org\\\/se\\\/#\\\/schema\\\/person\\\/b46187c64b4c9f6fbab7a73d8c438566\",\"name\":\"sweden1\",\"url\":\"https:\\\/\\\/www.ahmadiyya-islam.org\\\/se\\\/author\\\/sweden1\\\/\"}]}<\/script>\n<!-- \/ Yoast SEO Premium plugin. -->","yoast_head_json":{"title":"Pressrelease efter terrord\u00e5det p\u00e5 Drottninggatan, 7\/4 -17 - Islams Ahmadiyya F\u00f6rsamling","robots":{"index":"index","follow":"follow","max-snippet":"max-snippet:-1","max-image-preview":"max-image-preview:large","max-video-preview":"max-video-preview:-1"},"canonical":"https:\/\/www.ahmadiyya-islam.org\/se\/nyheter-artiklar\/media-om-oss\/press-release-ahmadiyya-muslimska-samfundet-fordomer-attacken-i-stockholm\/","og_locale":"sv_SE","og_type":"article","og_title":"Pressrelease efter terrord\u00e5det p\u00e5 Drottninggatan, 7\/4 -17","og_description":"Datum:7 april 2017 Presskontakt:pr@ahmadiyya.se Officiel press release Ahmadiyya Muslimska Samfundet f\u00f6rd\u00f6mer attacken i Stockholm Ahmadiyya Muslimska Samfundet i Sverige s\u00f6rjer f\u00f6rlusten av oskyldiga liv i Stockholm Ahmadiyya Muslimska Samfundet f\u00f6rd\u00f6mer lastbilsattacken som \u00e4gde rum p\u00e5 Drottninggatan i centrala Stockholm p\u00e5 fredag 7 april 2017. Det har rapporterats att minst 4 personer d\u00f6dades och 15 skadades","og_url":"https:\/\/www.ahmadiyya-islam.org\/se\/nyheter-artiklar\/media-om-oss\/press-release-ahmadiyya-muslimska-samfundet-fordomer-attacken-i-stockholm\/","og_site_name":"Islams Ahmadiyya F\u00f6rsamling","article_published_time":"2017-04-08T18:57:26+00:00","article_modified_time":"2017-07-19T16:15:44+00:00","og_image":[{"width":400,"height":225,"url":"https:\/\/www.ahmadiyya-islam.org\/se\/wp-content\/uploads\/sites\/5\/2017\/04\/20170408_153247.jpg","type":"image\/jpeg"}],"author":"sweden1","twitter_card":"summary_large_image","twitter_misc":{"Skriven av":"sweden1","Ber\u00e4knad l\u00e4stid":"2 minuter"},"schema":{"@context":"https:\/\/schema.org","@graph":[{"@type":"Article","@id":"https:\/\/www.ahmadiyya-islam.org\/se\/nyheter-artiklar\/media-om-oss\/press-release-ahmadiyya-muslimska-samfundet-fordomer-attacken-i-stockholm\/#article","isPartOf":{"@id":"https:\/\/www.ahmadiyya-islam.org\/se\/nyheter-artiklar\/media-om-oss\/press-release-ahmadiyya-muslimska-samfundet-fordomer-attacken-i-stockholm\/"},"author":{"name":"sweden1","@id":"https:\/\/www.ahmadiyya-islam.org\/se\/#\/schema\/person\/b46187c64b4c9f6fbab7a73d8c438566"},"headline":"Pressrelease efter terrord\u00e5det p\u00e5 Drottninggatan, 7\/4 -17","datePublished":"2017-04-08T18:57:26+00:00","dateModified":"2017-07-19T16:15:44+00:00","mainEntityOfPage":{"@id":"https:\/\/www.ahmadiyya-islam.org\/se\/nyheter-artiklar\/media-om-oss\/press-release-ahmadiyya-muslimska-samfundet-fordomer-attacken-i-stockholm\/"},"wordCount":307,"commentCount":0,"image":{"@id":"https:\/\/www.ahmadiyya-islam.org\/se\/nyheter-artiklar\/media-om-oss\/press-release-ahmadiyya-muslimska-samfundet-fordomer-attacken-i-stockholm\/#primaryimage"},"thumbnailUrl":"https:\/\/www.ahmadiyya-islam.org\/se\/wp-content\/uploads\/sites\/5\/2017\/04\/20170408_153247.jpg","articleSection":["Artiklar","Media om oss"],"inLanguage":"sv-SE"},{"@type":"WebPage","@id":"https:\/\/www.ahmadiyya-islam.org\/se\/nyheter-artiklar\/media-om-oss\/press-release-ahmadiyya-muslimska-samfundet-fordomer-attacken-i-stockholm\/","url":"https:\/\/www.ahmadiyya-islam.org\/se\/nyheter-artiklar\/media-om-oss\/press-release-ahmadiyya-muslimska-samfundet-fordomer-attacken-i-stockholm\/","name":"Pressrelease efter terrord\u00e5det p\u00e5 Drottninggatan, 7\/4 -17 - Islams Ahmadiyya F\u00f6rsamling","isPartOf":{"@id":"https:\/\/www.ahmadiyya-islam.org\/se\/#website"},"primaryImageOfPage":{"@id":"https:\/\/www.ahmadiyya-islam.org\/se\/nyheter-artiklar\/media-om-oss\/press-release-ahmadiyya-muslimska-samfundet-fordomer-attacken-i-stockholm\/#primaryimage"},"image":{"@id":"https:\/\/www.ahmadiyya-islam.org\/se\/nyheter-artiklar\/media-om-oss\/press-release-ahmadiyya-muslimska-samfundet-fordomer-attacken-i-stockholm\/#primaryimage"},"thumbnailUrl":"https:\/\/www.ahmadiyya-islam.org\/se\/wp-content\/uploads\/sites\/5\/2017\/04\/20170408_153247.jpg","datePublished":"2017-04-08T18:57:26+00:00","dateModified":"2017-07-19T16:15:44+00:00","author":{"@id":"https:\/\/www.ahmadiyya-islam.org\/se\/#\/schema\/person\/b46187c64b4c9f6fbab7a73d8c438566"},"breadcrumb":{"@id":"https:\/\/www.ahmadiyya-islam.org\/se\/nyheter-artiklar\/media-om-oss\/press-release-ahmadiyya-muslimska-samfundet-fordomer-attacken-i-stockholm\/#breadcrumb"},"inLanguage":"sv-SE","potentialAction":[{"@type":"ReadAction","target":["https:\/\/www.ahmadiyya-islam.org\/se\/nyheter-artiklar\/media-om-oss\/press-release-ahmadiyya-muslimska-samfundet-fordomer-attacken-i-stockholm\/"]}]},{"@type":"ImageObject","inLanguage":"sv-SE","@id":"https:\/\/www.ahmadiyya-islam.org\/se\/nyheter-artiklar\/media-om-oss\/press-release-ahmadiyya-muslimska-samfundet-fordomer-attacken-i-stockholm\/#primaryimage","url":"https:\/\/www.ahmadiyya-islam.org\/se\/wp-content\/uploads\/sites\/5\/2017\/04\/20170408_153247.jpg","contentUrl":"https:\/\/www.ahmadiyya-islam.org\/se\/wp-content\/uploads\/sites\/5\/2017\/04\/20170408_153247.jpg","width":"400","height":"225"},{"@type":"BreadcrumbList","@id":"https:\/\/www.ahmadiyya-islam.org\/se\/nyheter-artiklar\/media-om-oss\/press-release-ahmadiyya-muslimska-samfundet-fordomer-attacken-i-stockholm\/#breadcrumb","itemListElement":[{"@type":"ListItem","position":1,"name":"Home","item":"https:\/\/www.ahmadiyya-islam.org\/se\/"},{"@type":"ListItem","position":2,"name":"Pressrelease efter terrord\u00e5det p\u00e5 Drottninggatan, 7\/4 -17"}]},{"@type":"WebSite","@id":"https:\/\/www.ahmadiyya-islam.org\/se\/#website","url":"https:\/\/www.ahmadiyya-islam.org\/se\/","name":"Islams Ahmadiyya F\u00f6rsamling","description":"Sverige","potentialAction":[{"@type":"SearchAction","target":{"@type":"EntryPoint","urlTemplate":"https:\/\/www.ahmadiyya-islam.org\/se\/?s={search_term_string}"},"query-input":{"@type":"PropertyValueSpecification","valueRequired":true,"valueName":"search_term_string"}}],"inLanguage":"sv-SE"},{"@type":"Person","@id":"https:\/\/www.ahmadiyya-islam.org\/se\/#\/schema\/person\/b46187c64b4c9f6fbab7a73d8c438566","name":"sweden1","url":"https:\/\/www.ahmadiyya-islam.org\/se\/author\/sweden1\/"}]}},"_links":{"self":[{"href":"https:\/\/www.ahmadiyya-islam.org\/se\/wp-json\/wp\/v2\/posts\/2639","targetHints":{"allow":["GET"]}}],"collection":[{"href":"https:\/\/www.ahmadiyya-islam.org\/se\/wp-json\/wp\/v2\/posts"}],"about":[{"href":"https:\/\/www.ahmadiyya-islam.org\/se\/wp-json\/wp\/v2\/types\/post"}],"author":[{"embeddable":true,"href":"https:\/\/www.ahmadiyya-islam.org\/se\/wp-json\/wp\/v2\/users\/13"}],"replies":[{"embeddable":true,"href":"https:\/\/www.ahmadiyya-islam.org\/se\/wp-json\/wp\/v2\/comments?post=2639"}],"version-history":[{"count":0,"href":"https:\/\/www.ahmadiyya-islam.org\/se\/wp-json\/wp\/v2\/posts\/2639\/revisions"}],"wp:featuredmedia":[{"embeddable":true,"href":"https:\/\/www.ahmadiyya-islam.org\/se\/wp-json\/wp\/v2\/media\/2656"}],"wp:attachment":[{"href":"https:\/\/www.ahmadiyya-islam.org\/se\/wp-json\/wp\/v2\/media?parent=2639"}],"wp:term":[{"taxonomy":"category","embeddable":true,"href":"https:\/\/www.ahmadiyya-islam.org\/se\/wp-json\/wp\/v2\/categories?post=2639"},{"taxonomy":"post_tag","embeddable":true,"href":"https:\/\/www.ahmadiyya-islam.org\/se\/wp-json\/wp\/v2\/tags?post=2639"},{"taxonomy":"authors","embeddable":true,"href":"https:\/\/www.ahmadiyya-islam.org\/se\/wp-json\/wp\/v2\/authors?post=2639"},{"taxonomy":"content_source","embeddable":true,"href":"https:\/\/www.ahmadiyya-islam.org\/se\/wp-json\/wp\/v2\/content_source?post=2639"}],"curies":[{"name":"wp","href":"https:\/\/api.w.org\/{rel}","templated":true}]}}