{"id":500,"date":"2010-05-03T18:06:51","date_gmt":"2010-05-03T16:06:51","guid":{"rendered":"https:\/\/www.ahmadiyya-islam.org\/pl\/?p=500"},"modified":"2023-11-28T09:49:51","modified_gmt":"2023-11-28T08:49:51","slug":"seminarium-na-temat-czy-islam-stanowi-zagrozenie-dla-polski","status":"publish","type":"post","link":"https:\/\/www.ahmadiyya-islam.org\/pl\/aktualnosci-w-polsce\/seminarium-na-temat-czy-islam-stanowi-zagrozenie-dla-polski\/","title":{"rendered":"Seminarium na temat \u201eCzy Islam stanowi zagro\u017cenie dla Polski ?&#8221;"},"content":{"rendered":"<p>Stowarzyszenie Muzu\u0142ma\u0144skie Ahmadiyya w\u00a0Polsce mia\u0142o okazj\u0119 zorganizowa\u0107 seminarium na temat :<\/p>\n<blockquote><p>\u201e\u00a0<strong>Czy islam stanowi zagro\u017cenie dla\u00a0Polski<\/strong>\u00a0?\u201c<\/p><\/blockquote>\n<p>Zosta\u0142o ono przeprowadzone w\u00a0trzech r\u00f3\u017cnych miejscach.Pierwsze odby\u0142o si\u0119\u00a0dnia 27 kwietnia 2010 na Uniwersytecie Europejskim Tischnera w\u00a0Krakowie.\u00a0Wraz z\u00a0Stowarzyszeniem Ahmadiyya wsp\u00f3\u0142pracowa\u0142 przy jego organizacji dr Konrad P\u0119dziwiatr, koordynator uniwersyteckiego projektu dotycz\u0105cego pokoju i\u00a0kierunk\u00f3w rozwoju.<\/p>\n<p>Drugie mia\u0142o miejsce 28 kwietnia 2010 w\u00a0restauracji Wallington w\u00a0Warszawie. Wzi\u0119li w\u00a0nim udzia\u0142 dr Marek Szopski i\u00a0studenci Wydzia\u0142u Anglistyki Uniwersytetu Warszawskiego. Opr\u00f3cz tego, w\u00a0 seminarium uczestniczy\u0142o kilku innych go\u015bci. Obecny by tak\u017ce dziennikarz, kt\u00f3ry relacjonowa\u0142 ca\u0142e wydarzenie.<\/p>\n<p>Trzecie seminarium odby\u0142o si\u0119 w\u00a0dniu 29 kwietnia 2010 na Wydziale Orientalistyki Uniwersytetu Warszawskiego. Dziekan wydzia\u0142 Orientalistyki prof. Jolanta Sierakowski-Dyndo asystowa\u0142a Stowarzyszeniu Ahmadiyya w\u00a0tym podnios\u0142ym wydarzeniu.<\/p>\n<p>Specjalnie z\u00a0tej okazji zaproszono do udzia\u0142u w\u00a0seminarium Imama meczetu londy\u0144skiego, Pana Ataul Mujeeb Rashed, aby wyg\u0142osi\u0142 wyk\u0142ad na powy\u017cszy temat. Om\u00f3wi\u0142 go bardzo wyczerpuj\u0105co oraz\u00a0przekaza\u0142 s\u0142uchaczom prawdziwe nauki islamu w\u00a0wyj\u0105tkowo efektywny spos\u00f3b, odwo\u0142uj\u0105c si\u0119 do r\u00f3\u017cnych pal\u0105cych problem\u00f3w wsp\u00f3\u0142czesno\u015bci, np. terroryzmu, d\u017cihadu, lojalno\u015bci i\u00a0pos\u0142usze\u0144stwa muzu\u0142ma\u0144skich obywateli wobec swoich rz\u0105d\u00f3w, praw kobiet w\u00a0islamie, zagadnienia apostazji i\u00a0blu\u017anierstwa oraz\u00a0stosunk\u00f3w pomi\u0119dzy muzu\u0142manami, a zwolennikami innych religii w\u00a0krajach muzu\u0142ma\u0144skich. Wszyscy uczestnicy byli zachwyceni sposobem, w\u00a0jaki Imam przedstawia\u0142 poszczeg\u00f3lne zagadnienia.<\/p>\n<p>We wszystkich trzech spotkaniach wzi\u0119\u0142o udzia\u0142 ponad 100 uczestnik\u00f3w, wliczaj\u0105c w\u00a0to student\u00f3w i\u00a0cz\u0142onk\u00f3w wydzial\u00f3w. Podczas seminarium zadawano g\u0142\u00f3wnie poni\u017csze pytania:<\/p>\n<p>Jak Ahmadiyya ocenia innych muzu\u0142man\u00f3w pod wzgl\u0119dem prawdziwo\u015bci nauk islamu? Skoro Koran zosta\u0142 objawiony przez\u00a0Boga, to dlaczego wyst\u0119puj\u0105 w\u00a0nim sprzeczno\u015bci?Jaka jest ca\u0142kowita liczba muzu\u0142man\u00f3w Ahmadiyya na \u015bwiecie i\u00a0jak mo\u017cna j\u0105 uzasadni\u0107? Jak Ahmadiyya jest traktowana przez\u00a0inne grupy muzu\u0142man\u00f3w? Inni muzu\u0142manie reprezentuj\u0105 odmienne pogl\u0105dy co do ostatecznej linii prorok\u00f3w i\u00a0nie wierz\u0105 w\u00a0nadej\u015bcie\u00a0kolejnego proroka, w\u00a0jaki spos\u00f3b Ahmadiyya interpretuje to zagadnienie?Je\u015bli B\u00f3g islamu jest tak Mi\u0142osierny i\u00a0Dobry, dlaczego Koran wspomina o\u00a0tak surowych karach? Jakie metody stosuje Stowarzyszenie Muzu\u0142ma\u0144skie Ahmadiyya, aby przekona\u0107 innych? Jak Stowarzyszenie Muzu\u0142ma\u0144skie Ahmadiyya interpretuje poj\u0119cie Khilafat ? W jaki spos\u00f3b dokonuje si\u0119 wyboru Khalifa w\u00a0Stowarzyszeniu Muzu\u0142ma\u0144skim Ahmadiyya?<\/p>\n<p>Imam z\u00a0meczetu londy\u0144skiego udzieli\u0142 odpowiedzi na wszystkie wy\u017cej wymienione pytania, w\u00a0pe\u0142ni satysfakcjonuj\u0105c pytaj\u0105cych i\u00a0s\u0142uchaczy. Dr Konrad P\u0119dziwiatr, dr Marek Szopski i\u00a0prof. Jolanta Sierakowski-Dyndo wyrazili mu oraz\u00a0Stowarzyszeniu Muzu\u0142ma\u0144skiemu Ahmadiyya w\u00a0Polsce swoje ogromne zadowolenie, podzi\u0119kowania i\u00a0wdzi\u0119czno\u015b\u0107 za skorzystanie z\u00a0okazji i\u00a0wyja\u015bnienia umo\u017cliwiaj\u0105ce wszystkim obecnym zapoznanie si\u0119 z\u00a0prawdziw\u0105 nauk\u0105 islamu, a tak\u017ce \u017cyczyli sobie wi\u0119cej tego rodzaju spotka\u0144 w\u00a0przysz\u0142o\u015bci.<\/p>\n<p>Seminarium na<a href=\"http:\/\/orient.uw.edu.pl\/\" target=\"_blank\" rel=\"noopener\"> UW, Wzdyia\u0142 Orientalistyki w\u00a0Warszawie<\/a><\/p>\n<p><img loading=\"lazy\" decoding=\"async\" class=\"alignnone size-medium wp-image-501\" src=\"http:\/\/www.ahmadiyya-islam.org\/pl\/wp-content\/uploads\/sites\/25\/2021\/03\/seminarium_warszawa2-300x225.jpg\" alt=\"seminarium warszawa\" width=\"300\" height=\"225\" srcset=\"https:\/\/www.ahmadiyya-islam.org\/pl\/wp-content\/uploads\/sites\/25\/2021\/03\/seminarium_warszawa2-300x225.jpg 300w, https:\/\/www.ahmadiyya-islam.org\/pl\/wp-content\/uploads\/sites\/25\/2021\/03\/seminarium_warszawa2.jpg 450w\" sizes=\"auto, (max-width: 300px) 100vw, 300px\" \/><\/p>\n<p>Seminarium w\u00a0Wy\u017cszej Szkole Europejskiej w\u00a0Krakowie<br \/>\n<img loading=\"lazy\" decoding=\"async\" class=\"alignnone size-medium wp-image-502\" src=\"http:\/\/www.ahmadiyya-islam.org\/pl\/wp-content\/uploads\/sites\/25\/2021\/03\/seminarium_w_krakowie-300x225.jpg\" alt=\"seminarium w krakowie\" width=\"300\" height=\"225\" srcset=\"https:\/\/www.ahmadiyya-islam.org\/pl\/wp-content\/uploads\/sites\/25\/2021\/03\/seminarium_w_krakowie-300x225.jpg 300w, https:\/\/www.ahmadiyya-islam.org\/pl\/wp-content\/uploads\/sites\/25\/2021\/03\/seminarium_w_krakowie.jpg 448w\" sizes=\"auto, (max-width: 300px) 100vw, 300px\" \/><\/p>\n<p><img loading=\"lazy\" decoding=\"async\" class=\"alignnone size-medium wp-image-503\" src=\"http:\/\/www.ahmadiyya-islam.org\/pl\/wp-content\/uploads\/sites\/25\/2021\/03\/seminar_plakat-212x300.jpg\" alt=\"seminar plakat\" width=\"212\" height=\"300\" srcset=\"https:\/\/www.ahmadiyya-islam.org\/pl\/wp-content\/uploads\/sites\/25\/2021\/03\/seminar_plakat-212x300.jpg 212w, https:\/\/www.ahmadiyya-islam.org\/pl\/wp-content\/uploads\/sites\/25\/2021\/03\/seminar_plakat-200x283.jpg 200w, https:\/\/www.ahmadiyya-islam.org\/pl\/wp-content\/uploads\/sites\/25\/2021\/03\/seminar_plakat.jpg 317w\" sizes=\"auto, (max-width: 212px) 100vw, 212px\" \/><\/p>\n<hr \/>\n<ul>\n<li><a href=\"https:\/\/www.ahmadiyya-islam.org\/pl\/ahmadiyya-prawdziwy-islam\/\" target=\"_blank\" rel=\"noopener\">Ahmadiyya &#8211; prawdziwy Islam<\/a><\/li>\n<li><a href=\"https:\/\/www.ahmadiyya-islam.org\/pl\/ksiazki\/czy-islam-stanowi-zagrozenie-dla-polski\/\">Wyk\u0142ad, Czy Islam stanowi zagro\u017cenie dla Polski?<\/a><\/li>\n<\/ul>\n","protected":false},"excerpt":{"rendered":"<p>Czy islam stanowi zagro\u017cenie dla\u00a0Polski\u00a0| Seminarium na UW, Wzdyia\u0142 Orientalistyki w\u00a0Warszawie i\u00a0Wy\u017cszej Szkole Europejskiej w\u00a0Krakowie<\/p>\n","protected":false},"author":85,"featured_media":504,"comment_status":"closed","ping_status":"closed","sticky":false,"template":"","format":"standard","meta":{"_acf_changed":false,"footnotes":""},"categories":[70,520],"tags":[89,113],"topics":[3],"authors":[88],"geo_locations":[],"content_source":[],"class_list":["post-500","post","type-post","status-publish","format-standard","has-post-thumbnail","hentry","category-aktualnosci","category-aktualnosci-w-polsce","tag-polska","tag-seminar","topics-islam","authors-ataul-mujeeb-rashed"],"acf":[],"yoast_head":"<!-- This site is optimized with the Yoast SEO Premium plugin v21.1 (Yoast SEO v27.4) - https:\/\/yoast.com\/product\/yoast-seo-premium-wordpress\/ -->\n<title>Seminarium na temat \u201eCzy Islam stanowi zagro\u017cenie dla Polski ?&quot; -<\/title>\n<meta name=\"description\" content=\"Czy islam stanowi zagro\u017cenie dla\u00a0Polski\u00a0| Seminarium na UW, Wzdyia\u0142 Orientalistyki w\u00a0Warszawie i\u00a0Wy\u017cszej Szkole Europejskiej w\u00a0Krakowie\" \/>\n<meta name=\"robots\" content=\"index, follow, max-snippet:-1, max-image-preview:large, max-video-preview:-1\" \/>\n<link rel=\"canonical\" href=\"https:\/\/www.ahmadiyya-islam.org\/pl\/aktualnosci-w-polsce\/seminarium-na-temat-czy-islam-stanowi-zagrozenie-dla-polski\/\" \/>\n<meta property=\"og:locale\" content=\"pl_PL\" \/>\n<meta property=\"og:type\" content=\"article\" \/>\n<meta property=\"og:title\" content=\"Seminarium na temat \u201eCzy Islam stanowi zagro\u017cenie dla Polski ?&quot;\" \/>\n<meta property=\"og:description\" content=\"Czy islam stanowi zagro\u017cenie dla\u00a0Polski\u00a0| Seminarium na UW, Wzdyia\u0142 Orientalistyki w\u00a0Warszawie i\u00a0Wy\u017cszej Szkole Europejskiej w\u00a0Krakowie\" \/>\n<meta property=\"og:url\" content=\"https:\/\/www.ahmadiyya-islam.org\/pl\/aktualnosci-w-polsce\/seminarium-na-temat-czy-islam-stanowi-zagrozenie-dla-polski\/\" \/>\n<meta property=\"og:site_name\" content=\"Stowarzyszenie Muzu\u0142ma\u0144skie Ahmadiyya\" \/>\n<meta property=\"article:published_time\" content=\"2010-05-03T16:06:51+00:00\" \/>\n<meta property=\"article:modified_time\" content=\"2023-11-28T08:49:51+00:00\" \/>\n<meta property=\"og:image\" content=\"http:\/\/www.ahmadiyya-islam.org\/pl\/wp-content\/uploads\/sites\/25\/2021\/03\/Czy-islam-stanowi-zagrozenie-dla-Polski.jpg\" \/>\n\t<meta property=\"og:image:width\" content=\"250\" \/>\n\t<meta property=\"og:image:height\" content=\"187\" \/>\n\t<meta property=\"og:image:type\" content=\"image\/jpeg\" \/>\n<meta name=\"author\" content=\"muneebpl\" \/>\n<meta name=\"twitter:card\" content=\"summary_large_image\" \/>\n<meta name=\"twitter:label1\" content=\"Napisane przez\" \/>\n\t<meta name=\"twitter:data1\" content=\"muneebpl\" \/>\n\t<meta name=\"twitter:label2\" content=\"Szacowany czas czytania\" \/>\n\t<meta name=\"twitter:data2\" content=\"4 minuty\" \/>\n<script type=\"application\/ld+json\" class=\"yoast-schema-graph\">{\"@context\":\"https:\\\/\\\/schema.org\",\"@graph\":[{\"@type\":\"Article\",\"@id\":\"https:\\\/\\\/www.ahmadiyya-islam.org\\\/pl\\\/aktualnosci-w-polsce\\\/seminarium-na-temat-czy-islam-stanowi-zagrozenie-dla-polski\\\/#article\",\"isPartOf\":{\"@id\":\"https:\\\/\\\/www.ahmadiyya-islam.org\\\/pl\\\/aktualnosci-w-polsce\\\/seminarium-na-temat-czy-islam-stanowi-zagrozenie-dla-polski\\\/\"},\"author\":{\"name\":\"muneebpl\",\"@id\":\"https:\\\/\\\/www.ahmadiyya-islam.org\\\/pl\\\/#\\\/schema\\\/person\\\/930221033c41e39906c42c843787856b\"},\"headline\":\"Seminarium na temat \u201eCzy Islam stanowi zagro\u017cenie dla Polski ?&#8221;\",\"datePublished\":\"2010-05-03T16:06:51+00:00\",\"dateModified\":\"2023-11-28T08:49:51+00:00\",\"mainEntityOfPage\":{\"@id\":\"https:\\\/\\\/www.ahmadiyya-islam.org\\\/pl\\\/aktualnosci-w-polsce\\\/seminarium-na-temat-czy-islam-stanowi-zagrozenie-dla-polski\\\/\"},\"wordCount\":545,\"image\":{\"@id\":\"https:\\\/\\\/www.ahmadiyya-islam.org\\\/pl\\\/aktualnosci-w-polsce\\\/seminarium-na-temat-czy-islam-stanowi-zagrozenie-dla-polski\\\/#primaryimage\"},\"thumbnailUrl\":\"https:\\\/\\\/www.ahmadiyya-islam.org\\\/pl\\\/wp-content\\\/uploads\\\/sites\\\/25\\\/2021\\\/03\\\/Czy-islam-stanowi-zagrozenie-dla-Polski.jpg\",\"keywords\":[\"Polska\",\"Seminar\"],\"articleSection\":[\"Aktualnosci\",\"Aktualno\u015bci w Polsce\"],\"inLanguage\":\"pl-PL\"},{\"@type\":\"WebPage\",\"@id\":\"https:\\\/\\\/www.ahmadiyya-islam.org\\\/pl\\\/aktualnosci-w-polsce\\\/seminarium-na-temat-czy-islam-stanowi-zagrozenie-dla-polski\\\/\",\"url\":\"https:\\\/\\\/www.ahmadiyya-islam.org\\\/pl\\\/aktualnosci-w-polsce\\\/seminarium-na-temat-czy-islam-stanowi-zagrozenie-dla-polski\\\/\",\"name\":\"Seminarium na temat \u201eCzy Islam stanowi zagro\u017cenie dla Polski ?\\\" -\",\"isPartOf\":{\"@id\":\"https:\\\/\\\/www.ahmadiyya-islam.org\\\/pl\\\/#website\"},\"primaryImageOfPage\":{\"@id\":\"https:\\\/\\\/www.ahmadiyya-islam.org\\\/pl\\\/aktualnosci-w-polsce\\\/seminarium-na-temat-czy-islam-stanowi-zagrozenie-dla-polski\\\/#primaryimage\"},\"image\":{\"@id\":\"https:\\\/\\\/www.ahmadiyya-islam.org\\\/pl\\\/aktualnosci-w-polsce\\\/seminarium-na-temat-czy-islam-stanowi-zagrozenie-dla-polski\\\/#primaryimage\"},\"thumbnailUrl\":\"https:\\\/\\\/www.ahmadiyya-islam.org\\\/pl\\\/wp-content\\\/uploads\\\/sites\\\/25\\\/2021\\\/03\\\/Czy-islam-stanowi-zagrozenie-dla-Polski.jpg\",\"datePublished\":\"2010-05-03T16:06:51+00:00\",\"dateModified\":\"2023-11-28T08:49:51+00:00\",\"author\":{\"@id\":\"https:\\\/\\\/www.ahmadiyya-islam.org\\\/pl\\\/#\\\/schema\\\/person\\\/930221033c41e39906c42c843787856b\"},\"description\":\"Czy islam stanowi zagro\u017cenie dla\u00a0Polski\u00a0| Seminarium na UW, Wzdyia\u0142 Orientalistyki w\u00a0Warszawie i\u00a0Wy\u017cszej Szkole Europejskiej w\u00a0Krakowie\",\"breadcrumb\":{\"@id\":\"https:\\\/\\\/www.ahmadiyya-islam.org\\\/pl\\\/aktualnosci-w-polsce\\\/seminarium-na-temat-czy-islam-stanowi-zagrozenie-dla-polski\\\/#breadcrumb\"},\"inLanguage\":\"pl-PL\",\"potentialAction\":[{\"@type\":\"ReadAction\",\"target\":[\"https:\\\/\\\/www.ahmadiyya-islam.org\\\/pl\\\/aktualnosci-w-polsce\\\/seminarium-na-temat-czy-islam-stanowi-zagrozenie-dla-polski\\\/\"]}]},{\"@type\":\"ImageObject\",\"inLanguage\":\"pl-PL\",\"@id\":\"https:\\\/\\\/www.ahmadiyya-islam.org\\\/pl\\\/aktualnosci-w-polsce\\\/seminarium-na-temat-czy-islam-stanowi-zagrozenie-dla-polski\\\/#primaryimage\",\"url\":\"https:\\\/\\\/www.ahmadiyya-islam.org\\\/pl\\\/wp-content\\\/uploads\\\/sites\\\/25\\\/2021\\\/03\\\/Czy-islam-stanowi-zagrozenie-dla-Polski.jpg\",\"contentUrl\":\"https:\\\/\\\/www.ahmadiyya-islam.org\\\/pl\\\/wp-content\\\/uploads\\\/sites\\\/25\\\/2021\\\/03\\\/Czy-islam-stanowi-zagrozenie-dla-Polski.jpg\",\"width\":250,\"height\":187},{\"@type\":\"BreadcrumbList\",\"@id\":\"https:\\\/\\\/www.ahmadiyya-islam.org\\\/pl\\\/aktualnosci-w-polsce\\\/seminarium-na-temat-czy-islam-stanowi-zagrozenie-dla-polski\\\/#breadcrumb\",\"itemListElement\":[{\"@type\":\"ListItem\",\"position\":1,\"name\":\"Home\",\"item\":\"https:\\\/\\\/www.ahmadiyya-islam.org\\\/pl\\\/\"},{\"@type\":\"ListItem\",\"position\":2,\"name\":\"Seminarium na temat \u201eCzy Islam stanowi zagro\u017cenie dla Polski ?&#8221;\"}]},{\"@type\":\"WebSite\",\"@id\":\"https:\\\/\\\/www.ahmadiyya-islam.org\\\/pl\\\/#website\",\"url\":\"https:\\\/\\\/www.ahmadiyya-islam.org\\\/pl\\\/\",\"name\":\"Stowarzyszenie Muzu\u0142ma\u0144skie Ahmadiyya\",\"description\":\"Polska\",\"potentialAction\":[{\"@type\":\"SearchAction\",\"target\":{\"@type\":\"EntryPoint\",\"urlTemplate\":\"https:\\\/\\\/www.ahmadiyya-islam.org\\\/pl\\\/?s={search_term_string}\"},\"query-input\":{\"@type\":\"PropertyValueSpecification\",\"valueRequired\":true,\"valueName\":\"search_term_string\"}}],\"inLanguage\":\"pl-PL\"},{\"@type\":\"Person\",\"@id\":\"https:\\\/\\\/www.ahmadiyya-islam.org\\\/pl\\\/#\\\/schema\\\/person\\\/930221033c41e39906c42c843787856b\",\"name\":\"muneebpl\",\"url\":\"https:\\\/\\\/www.ahmadiyya-islam.org\\\/pl\\\/author\\\/muneebpl\\\/\"}]}<\/script>\n<!-- \/ Yoast SEO Premium plugin. -->","yoast_head_json":{"title":"Seminarium na temat \u201eCzy Islam stanowi zagro\u017cenie dla Polski ?\" -","description":"Czy islam stanowi zagro\u017cenie dla\u00a0Polski\u00a0| Seminarium na UW, Wzdyia\u0142 Orientalistyki w\u00a0Warszawie i\u00a0Wy\u017cszej Szkole Europejskiej w\u00a0Krakowie","robots":{"index":"index","follow":"follow","max-snippet":"max-snippet:-1","max-image-preview":"max-image-preview:large","max-video-preview":"max-video-preview:-1"},"canonical":"https:\/\/www.ahmadiyya-islam.org\/pl\/aktualnosci-w-polsce\/seminarium-na-temat-czy-islam-stanowi-zagrozenie-dla-polski\/","og_locale":"pl_PL","og_type":"article","og_title":"Seminarium na temat \u201eCzy Islam stanowi zagro\u017cenie dla Polski ?\"","og_description":"Czy islam stanowi zagro\u017cenie dla\u00a0Polski\u00a0| Seminarium na UW, Wzdyia\u0142 Orientalistyki w\u00a0Warszawie i\u00a0Wy\u017cszej Szkole Europejskiej w\u00a0Krakowie","og_url":"https:\/\/www.ahmadiyya-islam.org\/pl\/aktualnosci-w-polsce\/seminarium-na-temat-czy-islam-stanowi-zagrozenie-dla-polski\/","og_site_name":"Stowarzyszenie Muzu\u0142ma\u0144skie Ahmadiyya","article_published_time":"2010-05-03T16:06:51+00:00","article_modified_time":"2023-11-28T08:49:51+00:00","og_image":[{"width":250,"height":187,"url":"http:\/\/www.ahmadiyya-islam.org\/pl\/wp-content\/uploads\/sites\/25\/2021\/03\/Czy-islam-stanowi-zagrozenie-dla-Polski.jpg","type":"image\/jpeg"}],"author":"muneebpl","twitter_card":"summary_large_image","twitter_misc":{"Napisane przez":"muneebpl","Szacowany czas czytania":"4 minuty"},"schema":{"@context":"https:\/\/schema.org","@graph":[{"@type":"Article","@id":"https:\/\/www.ahmadiyya-islam.org\/pl\/aktualnosci-w-polsce\/seminarium-na-temat-czy-islam-stanowi-zagrozenie-dla-polski\/#article","isPartOf":{"@id":"https:\/\/www.ahmadiyya-islam.org\/pl\/aktualnosci-w-polsce\/seminarium-na-temat-czy-islam-stanowi-zagrozenie-dla-polski\/"},"author":{"name":"muneebpl","@id":"https:\/\/www.ahmadiyya-islam.org\/pl\/#\/schema\/person\/930221033c41e39906c42c843787856b"},"headline":"Seminarium na temat \u201eCzy Islam stanowi zagro\u017cenie dla Polski ?&#8221;","datePublished":"2010-05-03T16:06:51+00:00","dateModified":"2023-11-28T08:49:51+00:00","mainEntityOfPage":{"@id":"https:\/\/www.ahmadiyya-islam.org\/pl\/aktualnosci-w-polsce\/seminarium-na-temat-czy-islam-stanowi-zagrozenie-dla-polski\/"},"wordCount":545,"image":{"@id":"https:\/\/www.ahmadiyya-islam.org\/pl\/aktualnosci-w-polsce\/seminarium-na-temat-czy-islam-stanowi-zagrozenie-dla-polski\/#primaryimage"},"thumbnailUrl":"https:\/\/www.ahmadiyya-islam.org\/pl\/wp-content\/uploads\/sites\/25\/2021\/03\/Czy-islam-stanowi-zagrozenie-dla-Polski.jpg","keywords":["Polska","Seminar"],"articleSection":["Aktualnosci","Aktualno\u015bci w Polsce"],"inLanguage":"pl-PL"},{"@type":"WebPage","@id":"https:\/\/www.ahmadiyya-islam.org\/pl\/aktualnosci-w-polsce\/seminarium-na-temat-czy-islam-stanowi-zagrozenie-dla-polski\/","url":"https:\/\/www.ahmadiyya-islam.org\/pl\/aktualnosci-w-polsce\/seminarium-na-temat-czy-islam-stanowi-zagrozenie-dla-polski\/","name":"Seminarium na temat \u201eCzy Islam stanowi zagro\u017cenie dla Polski ?\" -","isPartOf":{"@id":"https:\/\/www.ahmadiyya-islam.org\/pl\/#website"},"primaryImageOfPage":{"@id":"https:\/\/www.ahmadiyya-islam.org\/pl\/aktualnosci-w-polsce\/seminarium-na-temat-czy-islam-stanowi-zagrozenie-dla-polski\/#primaryimage"},"image":{"@id":"https:\/\/www.ahmadiyya-islam.org\/pl\/aktualnosci-w-polsce\/seminarium-na-temat-czy-islam-stanowi-zagrozenie-dla-polski\/#primaryimage"},"thumbnailUrl":"https:\/\/www.ahmadiyya-islam.org\/pl\/wp-content\/uploads\/sites\/25\/2021\/03\/Czy-islam-stanowi-zagrozenie-dla-Polski.jpg","datePublished":"2010-05-03T16:06:51+00:00","dateModified":"2023-11-28T08:49:51+00:00","author":{"@id":"https:\/\/www.ahmadiyya-islam.org\/pl\/#\/schema\/person\/930221033c41e39906c42c843787856b"},"description":"Czy islam stanowi zagro\u017cenie dla\u00a0Polski\u00a0| Seminarium na UW, Wzdyia\u0142 Orientalistyki w\u00a0Warszawie i\u00a0Wy\u017cszej Szkole Europejskiej w\u00a0Krakowie","breadcrumb":{"@id":"https:\/\/www.ahmadiyya-islam.org\/pl\/aktualnosci-w-polsce\/seminarium-na-temat-czy-islam-stanowi-zagrozenie-dla-polski\/#breadcrumb"},"inLanguage":"pl-PL","potentialAction":[{"@type":"ReadAction","target":["https:\/\/www.ahmadiyya-islam.org\/pl\/aktualnosci-w-polsce\/seminarium-na-temat-czy-islam-stanowi-zagrozenie-dla-polski\/"]}]},{"@type":"ImageObject","inLanguage":"pl-PL","@id":"https:\/\/www.ahmadiyya-islam.org\/pl\/aktualnosci-w-polsce\/seminarium-na-temat-czy-islam-stanowi-zagrozenie-dla-polski\/#primaryimage","url":"https:\/\/www.ahmadiyya-islam.org\/pl\/wp-content\/uploads\/sites\/25\/2021\/03\/Czy-islam-stanowi-zagrozenie-dla-Polski.jpg","contentUrl":"https:\/\/www.ahmadiyya-islam.org\/pl\/wp-content\/uploads\/sites\/25\/2021\/03\/Czy-islam-stanowi-zagrozenie-dla-Polski.jpg","width":250,"height":187},{"@type":"BreadcrumbList","@id":"https:\/\/www.ahmadiyya-islam.org\/pl\/aktualnosci-w-polsce\/seminarium-na-temat-czy-islam-stanowi-zagrozenie-dla-polski\/#breadcrumb","itemListElement":[{"@type":"ListItem","position":1,"name":"Home","item":"https:\/\/www.ahmadiyya-islam.org\/pl\/"},{"@type":"ListItem","position":2,"name":"Seminarium na temat \u201eCzy Islam stanowi zagro\u017cenie dla Polski ?&#8221;"}]},{"@type":"WebSite","@id":"https:\/\/www.ahmadiyya-islam.org\/pl\/#website","url":"https:\/\/www.ahmadiyya-islam.org\/pl\/","name":"Stowarzyszenie Muzu\u0142ma\u0144skie Ahmadiyya","description":"Polska","potentialAction":[{"@type":"SearchAction","target":{"@type":"EntryPoint","urlTemplate":"https:\/\/www.ahmadiyya-islam.org\/pl\/?s={search_term_string}"},"query-input":{"@type":"PropertyValueSpecification","valueRequired":true,"valueName":"search_term_string"}}],"inLanguage":"pl-PL"},{"@type":"Person","@id":"https:\/\/www.ahmadiyya-islam.org\/pl\/#\/schema\/person\/930221033c41e39906c42c843787856b","name":"muneebpl","url":"https:\/\/www.ahmadiyya-islam.org\/pl\/author\/muneebpl\/"}]}},"_links":{"self":[{"href":"https:\/\/www.ahmadiyya-islam.org\/pl\/wp-json\/wp\/v2\/posts\/500","targetHints":{"allow":["GET"]}}],"collection":[{"href":"https:\/\/www.ahmadiyya-islam.org\/pl\/wp-json\/wp\/v2\/posts"}],"about":[{"href":"https:\/\/www.ahmadiyya-islam.org\/pl\/wp-json\/wp\/v2\/types\/post"}],"author":[{"embeddable":true,"href":"https:\/\/www.ahmadiyya-islam.org\/pl\/wp-json\/wp\/v2\/users\/85"}],"replies":[{"embeddable":true,"href":"https:\/\/www.ahmadiyya-islam.org\/pl\/wp-json\/wp\/v2\/comments?post=500"}],"version-history":[{"count":1,"href":"https:\/\/www.ahmadiyya-islam.org\/pl\/wp-json\/wp\/v2\/posts\/500\/revisions"}],"predecessor-version":[{"id":2532,"href":"https:\/\/www.ahmadiyya-islam.org\/pl\/wp-json\/wp\/v2\/posts\/500\/revisions\/2532"}],"wp:featuredmedia":[{"embeddable":true,"href":"https:\/\/www.ahmadiyya-islam.org\/pl\/wp-json\/wp\/v2\/media\/504"}],"wp:attachment":[{"href":"https:\/\/www.ahmadiyya-islam.org\/pl\/wp-json\/wp\/v2\/media?parent=500"}],"wp:term":[{"taxonomy":"category","embeddable":true,"href":"https:\/\/www.ahmadiyya-islam.org\/pl\/wp-json\/wp\/v2\/categories?post=500"},{"taxonomy":"post_tag","embeddable":true,"href":"https:\/\/www.ahmadiyya-islam.org\/pl\/wp-json\/wp\/v2\/tags?post=500"},{"taxonomy":"topics","embeddable":true,"href":"https:\/\/www.ahmadiyya-islam.org\/pl\/wp-json\/wp\/v2\/topics?post=500"},{"taxonomy":"authors","embeddable":true,"href":"https:\/\/www.ahmadiyya-islam.org\/pl\/wp-json\/wp\/v2\/authors?post=500"},{"taxonomy":"geo_locations","embeddable":true,"href":"https:\/\/www.ahmadiyya-islam.org\/pl\/wp-json\/wp\/v2\/geo_locations?post=500"},{"taxonomy":"content_source","embeddable":true,"href":"https:\/\/www.ahmadiyya-islam.org\/pl\/wp-json\/wp\/v2\/content_source?post=500"}],"curies":[{"name":"wp","href":"https:\/\/api.w.org\/{rel}","templated":true}]}}