{"id":3247,"date":"2026-04-01T13:07:52","date_gmt":"2026-04-01T11:07:52","guid":{"rendered":"https:\/\/www.ahmadiyya-islam.org\/pl\/?p=3247"},"modified":"2026-04-20T13:17:02","modified_gmt":"2026-04-20T11:17:02","slug":"religia-w-dialogu-imam-muneeb-ahmed-gosciem-konferencji-na-uniwersytecie-warszawskim","status":"publish","type":"post","link":"https:\/\/www.ahmadiyya-islam.org\/pl\/aktualnosci-w-polsce\/religia-w-dialogu-imam-muneeb-ahmed-gosciem-konferencji-na-uniwersytecie-warszawskim\/","title":{"rendered":"Religia w dialogu: Imam Muneeb Ahmed go\u015bciem konferencji na Uniwersytecie Warszawskim"},"content":{"rendered":"<p data-path-to-node=\"10\">W dniach 13\u201314 marca 2026 roku na Wydziale \u201eArtes Liberales\u201d Uniwersytetu Warszawskiego odby\u0142a si\u0119 <b data-path-to-node=\"10\" data-index-in-node=\"99\">II Og\u00f3lnopolska Konferencja Studencko-Doktorancka \u201eDuchowo\u015b\u0107 i religijno\u015b\u0107 w XXI wieku\u201d<\/b>. Wydarzenie to zgromadzi\u0142o prelegent\u00f3w z r\u00f3\u017cnych o\u015brodk\u00f3w akademickich w celu analizy roli religii we wsp\u00f3\u0142czesnym spo\u0142ecze\u0144stwie.<\/p>\n<h2 data-path-to-node=\"11\"><b data-path-to-node=\"11\" data-index-in-node=\"0\">Wyk\u0142ad i prezentacja stanowiska<\/b><\/h2>\n<p data-path-to-node=\"12\">W ramach panelu interdyscyplinarnego, mo\u017cliwo\u015b\u0107 zaprezentowania tematu mia\u0142o <b data-path-to-node=\"12\" data-index-in-node=\"77\">Stowarzyszenie Muzu\u0142ma\u0144skie Ahmadiyya<\/b>. <b data-path-to-node=\"12\" data-index-in-node=\"116\">Imam Muneeb Ahmed<\/b> wyg\u0142osi\u0142 wyk\u0142ad zatytu\u0142owany: <i data-path-to-node=\"12\" data-index-in-node=\"164\">&#8222;Czy islam stanowi zagro\u017cenie dla Polski? Teologiczna dekonstrukcja narracji l\u0119ku i odpowied\u017a spo\u0142eczno\u015bci Ahmadiyya na ekstremizm&#8221;<\/i>.<\/p>\n<p data-path-to-node=\"13\">Wyst\u0105pienie spotka\u0142o si\u0119 z du\u017cym zainteresowaniem s\u0142uchaczy, skupiaj\u0105c si\u0119 na:<\/p>\n<ul data-path-to-node=\"14\">\n<li>\n<p data-path-to-node=\"14,0,0\">Wyja\u015bnieniu teologicznych podstaw pokoju w islamie.<\/p>\n<\/li>\n<li>\n<p data-path-to-node=\"14,1,0\">Przedstawieniu dzia\u0142a\u0144 Stowarzyszenia przeciwko radykalizmowi.<\/p>\n<\/li>\n<li>\n<p data-path-to-node=\"14,2,0\">Analizie spo\u0142ecznych l\u0119k\u00f3w dotycz\u0105cych obecno\u015bci muzu\u0142man\u00f3w w Polsce.<\/p>\n<\/li>\n<\/ul>\n<h2 data-path-to-node=\"15\"><b data-path-to-node=\"15\" data-index-in-node=\"0\">Dyskusja i pytania<\/b><\/h2>\n<p data-path-to-node=\"16\">Po zako\u0144czeniu prezentacji odby\u0142a si\u0119 sesja pyta\u0144 i odpowiedzi, podczas kt\u00f3rej Imam Muneeb Ahmed odpowiada\u0142 na liczne pytania uczestnik\u00f3w konferencji. Dyskusja pozwoli\u0142a na doprecyzowanie stanowiska wsp\u00f3lnoty oraz na wymian\u0119 pogl\u0105d\u00f3w ze \u015brodowiskiem studenckim i naukowym w atmosferze merytorycznego dialogu.<\/p>\n<h2 data-path-to-node=\"17\"><b data-path-to-node=\"17\" data-index-in-node=\"0\">Podsumowanie wydarzenia<\/b><\/h2>\n<p data-path-to-node=\"18\">Obecno\u015b\u0107 Stowarzyszenia Muzu\u0142ma\u0144skiego Ahmadiyya na forum akademickim jak Uniwersytet Warszawski by\u0142a istotnym wk\u0142adem w debat\u0119 o religijno\u015bci w XXI wieku. Wydarzenie zako\u0144czy\u0142o si\u0119 oficjalnym podsumowaniem wszystkich paneli wieczorem 14 marca.<\/p>\n<p data-path-to-node=\"18\"><img loading=\"lazy\" decoding=\"async\" class=\"alignnone size-full wp-image-3249\" src=\"http:\/\/www.ahmadiyya-islam.org\/pl\/wp-content\/uploads\/sites\/25\/2026\/04\/konferencja.jpeg\" alt=\"Imam Muneeb Ahmed konferencja Duchowo\u015b\u0107 i religijno\u015b\u0107\" width=\"2040\" height=\"1536\" srcset=\"https:\/\/www.ahmadiyya-islam.org\/pl\/wp-content\/uploads\/sites\/25\/2026\/04\/konferencja.jpeg 2040w, https:\/\/www.ahmadiyya-islam.org\/pl\/wp-content\/uploads\/sites\/25\/2026\/04\/konferencja-300x226.jpeg 300w, https:\/\/www.ahmadiyya-islam.org\/pl\/wp-content\/uploads\/sites\/25\/2026\/04\/konferencja-1024x771.jpeg 1024w, https:\/\/www.ahmadiyya-islam.org\/pl\/wp-content\/uploads\/sites\/25\/2026\/04\/konferencja-768x578.jpeg 768w, https:\/\/www.ahmadiyya-islam.org\/pl\/wp-content\/uploads\/sites\/25\/2026\/04\/konferencja-1536x1157.jpeg 1536w\" sizes=\"auto, (max-width: 2040px) 100vw, 2040px\" \/><\/p>\n","protected":false},"excerpt":{"rendered":"<p>Relacja z wyst\u0105pienia Imama Muneeba Ahmeda podczas II Og\u00f3lnopolskiej Konferencji \u201eDuchowo\u015b\u0107 i religijno\u015b\u0107 w XXI wieku\u201d. Zainspirowa\u0142 s\u0142uchaczy i poprowadzi\u0142 dyskusj\u0119.<\/p>\n","protected":false},"author":85,"featured_media":3248,"comment_status":"closed","ping_status":"closed","sticky":false,"template":"","format":"standard","meta":{"_acf_changed":false,"footnotes":""},"categories":[520],"tags":[113],"topics":[4,135],"authors":[],"geo_locations":[],"content_source":[],"class_list":["post-3247","post","type-post","status-publish","format-standard","has-post-thumbnail","hentry","category-aktualnosci-w-polsce","tag-seminar","topics-ahmadiyya","topics-polska"],"acf":[],"yoast_head":"<!-- This site is optimized with the Yoast SEO Premium plugin v21.1 (Yoast SEO v27.4) - https:\/\/yoast.com\/product\/yoast-seo-premium-wordpress\/ -->\n<title>Imam Muneeb Ahmed go\u015bciem na Uniwersytecie Warszawskim<\/title>\n<meta name=\"description\" content=\"Relacja z wyst\u0105pienia Imama Muneeba Ahmeda podczas II Og\u00f3lnopolskiej Konferencji \u201eDuchowo\u015b\u0107 i religijno\u015b\u0107 w XXI wieku\u201d. Zainspirowa\u0142 s\u0142uchaczy i poprowadzi\u0142 dyskusj\u0119.\" \/>\n<meta name=\"robots\" content=\"index, follow, max-snippet:-1, max-image-preview:large, max-video-preview:-1\" \/>\n<link rel=\"canonical\" href=\"https:\/\/www.ahmadiyya-islam.org\/pl\/aktualnosci-w-polsce\/religia-w-dialogu-imam-muneeb-ahmed-gosciem-konferencji-na-uniwersytecie-warszawskim\/\" \/>\n<meta property=\"og:locale\" content=\"pl_PL\" \/>\n<meta property=\"og:type\" content=\"article\" \/>\n<meta property=\"og:title\" content=\"Religia w dialogu: Imam Muneeb Ahmed go\u015bciem konferencji na Uniwersytecie Warszawskim\" \/>\n<meta property=\"og:description\" content=\"Relacja z wyst\u0105pienia Imama Muneeba Ahmeda podczas II Og\u00f3lnopolskiej Konferencji \u201eDuchowo\u015b\u0107 i religijno\u015b\u0107 w XXI wieku\u201d. Zainspirowa\u0142 s\u0142uchaczy i poprowadzi\u0142 dyskusj\u0119.\" \/>\n<meta property=\"og:url\" content=\"https:\/\/www.ahmadiyya-islam.org\/pl\/aktualnosci-w-polsce\/religia-w-dialogu-imam-muneeb-ahmed-gosciem-konferencji-na-uniwersytecie-warszawskim\/\" \/>\n<meta property=\"og:site_name\" content=\"Stowarzyszenie Muzu\u0142ma\u0144skie Ahmadiyya\" \/>\n<meta property=\"article:published_time\" content=\"2026-04-01T11:07:52+00:00\" \/>\n<meta property=\"article:modified_time\" content=\"2026-04-20T11:17:02+00:00\" \/>\n<meta property=\"og:image\" content=\"http:\/\/www.ahmadiyya-islam.org\/pl\/wp-content\/uploads\/sites\/25\/2026\/04\/651051474_122281115084141673_6613405924465899502_n.jpg\" \/>\n\t<meta property=\"og:image:width\" content=\"2048\" \/>\n\t<meta property=\"og:image:height\" content=\"1536\" \/>\n\t<meta property=\"og:image:type\" content=\"image\/jpeg\" \/>\n<meta name=\"author\" content=\"muneebpl\" \/>\n<meta name=\"twitter:card\" content=\"summary_large_image\" \/>\n<meta name=\"twitter:label1\" content=\"Napisane przez\" \/>\n\t<meta name=\"twitter:data1\" content=\"muneebpl\" \/>\n\t<meta name=\"twitter:label2\" content=\"Szacowany czas czytania\" \/>\n\t<meta name=\"twitter:data2\" content=\"2 minuty\" \/>\n<script type=\"application\/ld+json\" class=\"yoast-schema-graph\">{\"@context\":\"https:\\\/\\\/schema.org\",\"@graph\":[{\"@type\":\"Article\",\"@id\":\"https:\\\/\\\/www.ahmadiyya-islam.org\\\/pl\\\/aktualnosci-w-polsce\\\/religia-w-dialogu-imam-muneeb-ahmed-gosciem-konferencji-na-uniwersytecie-warszawskim\\\/#article\",\"isPartOf\":{\"@id\":\"https:\\\/\\\/www.ahmadiyya-islam.org\\\/pl\\\/aktualnosci-w-polsce\\\/religia-w-dialogu-imam-muneeb-ahmed-gosciem-konferencji-na-uniwersytecie-warszawskim\\\/\"},\"author\":{\"name\":\"muneebpl\",\"@id\":\"https:\\\/\\\/www.ahmadiyya-islam.org\\\/pl\\\/#\\\/schema\\\/person\\\/930221033c41e39906c42c843787856b\"},\"headline\":\"Religia w dialogu: Imam Muneeb Ahmed go\u015bciem konferencji na Uniwersytecie Warszawskim\",\"datePublished\":\"2026-04-01T11:07:52+00:00\",\"dateModified\":\"2026-04-20T11:17:02+00:00\",\"mainEntityOfPage\":{\"@id\":\"https:\\\/\\\/www.ahmadiyya-islam.org\\\/pl\\\/aktualnosci-w-polsce\\\/religia-w-dialogu-imam-muneeb-ahmed-gosciem-konferencji-na-uniwersytecie-warszawskim\\\/\"},\"wordCount\":240,\"image\":{\"@id\":\"https:\\\/\\\/www.ahmadiyya-islam.org\\\/pl\\\/aktualnosci-w-polsce\\\/religia-w-dialogu-imam-muneeb-ahmed-gosciem-konferencji-na-uniwersytecie-warszawskim\\\/#primaryimage\"},\"thumbnailUrl\":\"https:\\\/\\\/www.ahmadiyya-islam.org\\\/pl\\\/wp-content\\\/uploads\\\/sites\\\/25\\\/2026\\\/04\\\/651051474_122281115084141673_6613405924465899502_n.jpg\",\"keywords\":[\"Seminar\"],\"articleSection\":[\"Aktualno\u015bci w Polsce\"],\"inLanguage\":\"pl-PL\"},{\"@type\":\"WebPage\",\"@id\":\"https:\\\/\\\/www.ahmadiyya-islam.org\\\/pl\\\/aktualnosci-w-polsce\\\/religia-w-dialogu-imam-muneeb-ahmed-gosciem-konferencji-na-uniwersytecie-warszawskim\\\/\",\"url\":\"https:\\\/\\\/www.ahmadiyya-islam.org\\\/pl\\\/aktualnosci-w-polsce\\\/religia-w-dialogu-imam-muneeb-ahmed-gosciem-konferencji-na-uniwersytecie-warszawskim\\\/\",\"name\":\"Imam Muneeb Ahmed go\u015bciem na Uniwersytecie Warszawskim\",\"isPartOf\":{\"@id\":\"https:\\\/\\\/www.ahmadiyya-islam.org\\\/pl\\\/#website\"},\"primaryImageOfPage\":{\"@id\":\"https:\\\/\\\/www.ahmadiyya-islam.org\\\/pl\\\/aktualnosci-w-polsce\\\/religia-w-dialogu-imam-muneeb-ahmed-gosciem-konferencji-na-uniwersytecie-warszawskim\\\/#primaryimage\"},\"image\":{\"@id\":\"https:\\\/\\\/www.ahmadiyya-islam.org\\\/pl\\\/aktualnosci-w-polsce\\\/religia-w-dialogu-imam-muneeb-ahmed-gosciem-konferencji-na-uniwersytecie-warszawskim\\\/#primaryimage\"},\"thumbnailUrl\":\"https:\\\/\\\/www.ahmadiyya-islam.org\\\/pl\\\/wp-content\\\/uploads\\\/sites\\\/25\\\/2026\\\/04\\\/651051474_122281115084141673_6613405924465899502_n.jpg\",\"datePublished\":\"2026-04-01T11:07:52+00:00\",\"dateModified\":\"2026-04-20T11:17:02+00:00\",\"author\":{\"@id\":\"https:\\\/\\\/www.ahmadiyya-islam.org\\\/pl\\\/#\\\/schema\\\/person\\\/930221033c41e39906c42c843787856b\"},\"description\":\"Relacja z wyst\u0105pienia Imama Muneeba Ahmeda podczas II Og\u00f3lnopolskiej Konferencji \u201eDuchowo\u015b\u0107 i religijno\u015b\u0107 w XXI wieku\u201d. Zainspirowa\u0142 s\u0142uchaczy i poprowadzi\u0142 dyskusj\u0119.\",\"breadcrumb\":{\"@id\":\"https:\\\/\\\/www.ahmadiyya-islam.org\\\/pl\\\/aktualnosci-w-polsce\\\/religia-w-dialogu-imam-muneeb-ahmed-gosciem-konferencji-na-uniwersytecie-warszawskim\\\/#breadcrumb\"},\"inLanguage\":\"pl-PL\",\"potentialAction\":[{\"@type\":\"ReadAction\",\"target\":[\"https:\\\/\\\/www.ahmadiyya-islam.org\\\/pl\\\/aktualnosci-w-polsce\\\/religia-w-dialogu-imam-muneeb-ahmed-gosciem-konferencji-na-uniwersytecie-warszawskim\\\/\"]}]},{\"@type\":\"ImageObject\",\"inLanguage\":\"pl-PL\",\"@id\":\"https:\\\/\\\/www.ahmadiyya-islam.org\\\/pl\\\/aktualnosci-w-polsce\\\/religia-w-dialogu-imam-muneeb-ahmed-gosciem-konferencji-na-uniwersytecie-warszawskim\\\/#primaryimage\",\"url\":\"https:\\\/\\\/www.ahmadiyya-islam.org\\\/pl\\\/wp-content\\\/uploads\\\/sites\\\/25\\\/2026\\\/04\\\/651051474_122281115084141673_6613405924465899502_n.jpg\",\"contentUrl\":\"https:\\\/\\\/www.ahmadiyya-islam.org\\\/pl\\\/wp-content\\\/uploads\\\/sites\\\/25\\\/2026\\\/04\\\/651051474_122281115084141673_6613405924465899502_n.jpg\",\"width\":2048,\"height\":1536},{\"@type\":\"BreadcrumbList\",\"@id\":\"https:\\\/\\\/www.ahmadiyya-islam.org\\\/pl\\\/aktualnosci-w-polsce\\\/religia-w-dialogu-imam-muneeb-ahmed-gosciem-konferencji-na-uniwersytecie-warszawskim\\\/#breadcrumb\",\"itemListElement\":[{\"@type\":\"ListItem\",\"position\":1,\"name\":\"Home\",\"item\":\"https:\\\/\\\/www.ahmadiyya-islam.org\\\/pl\\\/\"},{\"@type\":\"ListItem\",\"position\":2,\"name\":\"Religia w dialogu: Imam Muneeb Ahmed go\u015bciem konferencji na Uniwersytecie Warszawskim\"}]},{\"@type\":\"WebSite\",\"@id\":\"https:\\\/\\\/www.ahmadiyya-islam.org\\\/pl\\\/#website\",\"url\":\"https:\\\/\\\/www.ahmadiyya-islam.org\\\/pl\\\/\",\"name\":\"Stowarzyszenie Muzu\u0142ma\u0144skie Ahmadiyya\",\"description\":\"Polska\",\"potentialAction\":[{\"@type\":\"SearchAction\",\"target\":{\"@type\":\"EntryPoint\",\"urlTemplate\":\"https:\\\/\\\/www.ahmadiyya-islam.org\\\/pl\\\/?s={search_term_string}\"},\"query-input\":{\"@type\":\"PropertyValueSpecification\",\"valueRequired\":true,\"valueName\":\"search_term_string\"}}],\"inLanguage\":\"pl-PL\"},{\"@type\":\"Person\",\"@id\":\"https:\\\/\\\/www.ahmadiyya-islam.org\\\/pl\\\/#\\\/schema\\\/person\\\/930221033c41e39906c42c843787856b\",\"name\":\"muneebpl\",\"url\":\"https:\\\/\\\/www.ahmadiyya-islam.org\\\/pl\\\/author\\\/muneebpl\\\/\"}]}<\/script>\n<!-- \/ Yoast SEO Premium plugin. -->","yoast_head_json":{"title":"Imam Muneeb Ahmed go\u015bciem na Uniwersytecie Warszawskim","description":"Relacja z wyst\u0105pienia Imama Muneeba Ahmeda podczas II Og\u00f3lnopolskiej Konferencji \u201eDuchowo\u015b\u0107 i religijno\u015b\u0107 w XXI wieku\u201d. Zainspirowa\u0142 s\u0142uchaczy i poprowadzi\u0142 dyskusj\u0119.","robots":{"index":"index","follow":"follow","max-snippet":"max-snippet:-1","max-image-preview":"max-image-preview:large","max-video-preview":"max-video-preview:-1"},"canonical":"https:\/\/www.ahmadiyya-islam.org\/pl\/aktualnosci-w-polsce\/religia-w-dialogu-imam-muneeb-ahmed-gosciem-konferencji-na-uniwersytecie-warszawskim\/","og_locale":"pl_PL","og_type":"article","og_title":"Religia w dialogu: Imam Muneeb Ahmed go\u015bciem konferencji na Uniwersytecie Warszawskim","og_description":"Relacja z wyst\u0105pienia Imama Muneeba Ahmeda podczas II Og\u00f3lnopolskiej Konferencji \u201eDuchowo\u015b\u0107 i religijno\u015b\u0107 w XXI wieku\u201d. Zainspirowa\u0142 s\u0142uchaczy i poprowadzi\u0142 dyskusj\u0119.","og_url":"https:\/\/www.ahmadiyya-islam.org\/pl\/aktualnosci-w-polsce\/religia-w-dialogu-imam-muneeb-ahmed-gosciem-konferencji-na-uniwersytecie-warszawskim\/","og_site_name":"Stowarzyszenie Muzu\u0142ma\u0144skie Ahmadiyya","article_published_time":"2026-04-01T11:07:52+00:00","article_modified_time":"2026-04-20T11:17:02+00:00","og_image":[{"width":2048,"height":1536,"url":"http:\/\/www.ahmadiyya-islam.org\/pl\/wp-content\/uploads\/sites\/25\/2026\/04\/651051474_122281115084141673_6613405924465899502_n.jpg","type":"image\/jpeg"}],"author":"muneebpl","twitter_card":"summary_large_image","twitter_misc":{"Napisane przez":"muneebpl","Szacowany czas czytania":"2 minuty"},"schema":{"@context":"https:\/\/schema.org","@graph":[{"@type":"Article","@id":"https:\/\/www.ahmadiyya-islam.org\/pl\/aktualnosci-w-polsce\/religia-w-dialogu-imam-muneeb-ahmed-gosciem-konferencji-na-uniwersytecie-warszawskim\/#article","isPartOf":{"@id":"https:\/\/www.ahmadiyya-islam.org\/pl\/aktualnosci-w-polsce\/religia-w-dialogu-imam-muneeb-ahmed-gosciem-konferencji-na-uniwersytecie-warszawskim\/"},"author":{"name":"muneebpl","@id":"https:\/\/www.ahmadiyya-islam.org\/pl\/#\/schema\/person\/930221033c41e39906c42c843787856b"},"headline":"Religia w dialogu: Imam Muneeb Ahmed go\u015bciem konferencji na Uniwersytecie Warszawskim","datePublished":"2026-04-01T11:07:52+00:00","dateModified":"2026-04-20T11:17:02+00:00","mainEntityOfPage":{"@id":"https:\/\/www.ahmadiyya-islam.org\/pl\/aktualnosci-w-polsce\/religia-w-dialogu-imam-muneeb-ahmed-gosciem-konferencji-na-uniwersytecie-warszawskim\/"},"wordCount":240,"image":{"@id":"https:\/\/www.ahmadiyya-islam.org\/pl\/aktualnosci-w-polsce\/religia-w-dialogu-imam-muneeb-ahmed-gosciem-konferencji-na-uniwersytecie-warszawskim\/#primaryimage"},"thumbnailUrl":"https:\/\/www.ahmadiyya-islam.org\/pl\/wp-content\/uploads\/sites\/25\/2026\/04\/651051474_122281115084141673_6613405924465899502_n.jpg","keywords":["Seminar"],"articleSection":["Aktualno\u015bci w Polsce"],"inLanguage":"pl-PL"},{"@type":"WebPage","@id":"https:\/\/www.ahmadiyya-islam.org\/pl\/aktualnosci-w-polsce\/religia-w-dialogu-imam-muneeb-ahmed-gosciem-konferencji-na-uniwersytecie-warszawskim\/","url":"https:\/\/www.ahmadiyya-islam.org\/pl\/aktualnosci-w-polsce\/religia-w-dialogu-imam-muneeb-ahmed-gosciem-konferencji-na-uniwersytecie-warszawskim\/","name":"Imam Muneeb Ahmed go\u015bciem na Uniwersytecie Warszawskim","isPartOf":{"@id":"https:\/\/www.ahmadiyya-islam.org\/pl\/#website"},"primaryImageOfPage":{"@id":"https:\/\/www.ahmadiyya-islam.org\/pl\/aktualnosci-w-polsce\/religia-w-dialogu-imam-muneeb-ahmed-gosciem-konferencji-na-uniwersytecie-warszawskim\/#primaryimage"},"image":{"@id":"https:\/\/www.ahmadiyya-islam.org\/pl\/aktualnosci-w-polsce\/religia-w-dialogu-imam-muneeb-ahmed-gosciem-konferencji-na-uniwersytecie-warszawskim\/#primaryimage"},"thumbnailUrl":"https:\/\/www.ahmadiyya-islam.org\/pl\/wp-content\/uploads\/sites\/25\/2026\/04\/651051474_122281115084141673_6613405924465899502_n.jpg","datePublished":"2026-04-01T11:07:52+00:00","dateModified":"2026-04-20T11:17:02+00:00","author":{"@id":"https:\/\/www.ahmadiyya-islam.org\/pl\/#\/schema\/person\/930221033c41e39906c42c843787856b"},"description":"Relacja z wyst\u0105pienia Imama Muneeba Ahmeda podczas II Og\u00f3lnopolskiej Konferencji \u201eDuchowo\u015b\u0107 i religijno\u015b\u0107 w XXI wieku\u201d. Zainspirowa\u0142 s\u0142uchaczy i poprowadzi\u0142 dyskusj\u0119.","breadcrumb":{"@id":"https:\/\/www.ahmadiyya-islam.org\/pl\/aktualnosci-w-polsce\/religia-w-dialogu-imam-muneeb-ahmed-gosciem-konferencji-na-uniwersytecie-warszawskim\/#breadcrumb"},"inLanguage":"pl-PL","potentialAction":[{"@type":"ReadAction","target":["https:\/\/www.ahmadiyya-islam.org\/pl\/aktualnosci-w-polsce\/religia-w-dialogu-imam-muneeb-ahmed-gosciem-konferencji-na-uniwersytecie-warszawskim\/"]}]},{"@type":"ImageObject","inLanguage":"pl-PL","@id":"https:\/\/www.ahmadiyya-islam.org\/pl\/aktualnosci-w-polsce\/religia-w-dialogu-imam-muneeb-ahmed-gosciem-konferencji-na-uniwersytecie-warszawskim\/#primaryimage","url":"https:\/\/www.ahmadiyya-islam.org\/pl\/wp-content\/uploads\/sites\/25\/2026\/04\/651051474_122281115084141673_6613405924465899502_n.jpg","contentUrl":"https:\/\/www.ahmadiyya-islam.org\/pl\/wp-content\/uploads\/sites\/25\/2026\/04\/651051474_122281115084141673_6613405924465899502_n.jpg","width":2048,"height":1536},{"@type":"BreadcrumbList","@id":"https:\/\/www.ahmadiyya-islam.org\/pl\/aktualnosci-w-polsce\/religia-w-dialogu-imam-muneeb-ahmed-gosciem-konferencji-na-uniwersytecie-warszawskim\/#breadcrumb","itemListElement":[{"@type":"ListItem","position":1,"name":"Home","item":"https:\/\/www.ahmadiyya-islam.org\/pl\/"},{"@type":"ListItem","position":2,"name":"Religia w dialogu: Imam Muneeb Ahmed go\u015bciem konferencji na Uniwersytecie Warszawskim"}]},{"@type":"WebSite","@id":"https:\/\/www.ahmadiyya-islam.org\/pl\/#website","url":"https:\/\/www.ahmadiyya-islam.org\/pl\/","name":"Stowarzyszenie Muzu\u0142ma\u0144skie Ahmadiyya","description":"Polska","potentialAction":[{"@type":"SearchAction","target":{"@type":"EntryPoint","urlTemplate":"https:\/\/www.ahmadiyya-islam.org\/pl\/?s={search_term_string}"},"query-input":{"@type":"PropertyValueSpecification","valueRequired":true,"valueName":"search_term_string"}}],"inLanguage":"pl-PL"},{"@type":"Person","@id":"https:\/\/www.ahmadiyya-islam.org\/pl\/#\/schema\/person\/930221033c41e39906c42c843787856b","name":"muneebpl","url":"https:\/\/www.ahmadiyya-islam.org\/pl\/author\/muneebpl\/"}]}},"_links":{"self":[{"href":"https:\/\/www.ahmadiyya-islam.org\/pl\/wp-json\/wp\/v2\/posts\/3247","targetHints":{"allow":["GET"]}}],"collection":[{"href":"https:\/\/www.ahmadiyya-islam.org\/pl\/wp-json\/wp\/v2\/posts"}],"about":[{"href":"https:\/\/www.ahmadiyya-islam.org\/pl\/wp-json\/wp\/v2\/types\/post"}],"author":[{"embeddable":true,"href":"https:\/\/www.ahmadiyya-islam.org\/pl\/wp-json\/wp\/v2\/users\/85"}],"replies":[{"embeddable":true,"href":"https:\/\/www.ahmadiyya-islam.org\/pl\/wp-json\/wp\/v2\/comments?post=3247"}],"version-history":[{"count":1,"href":"https:\/\/www.ahmadiyya-islam.org\/pl\/wp-json\/wp\/v2\/posts\/3247\/revisions"}],"predecessor-version":[{"id":3250,"href":"https:\/\/www.ahmadiyya-islam.org\/pl\/wp-json\/wp\/v2\/posts\/3247\/revisions\/3250"}],"wp:featuredmedia":[{"embeddable":true,"href":"https:\/\/www.ahmadiyya-islam.org\/pl\/wp-json\/wp\/v2\/media\/3248"}],"wp:attachment":[{"href":"https:\/\/www.ahmadiyya-islam.org\/pl\/wp-json\/wp\/v2\/media?parent=3247"}],"wp:term":[{"taxonomy":"category","embeddable":true,"href":"https:\/\/www.ahmadiyya-islam.org\/pl\/wp-json\/wp\/v2\/categories?post=3247"},{"taxonomy":"post_tag","embeddable":true,"href":"https:\/\/www.ahmadiyya-islam.org\/pl\/wp-json\/wp\/v2\/tags?post=3247"},{"taxonomy":"topics","embeddable":true,"href":"https:\/\/www.ahmadiyya-islam.org\/pl\/wp-json\/wp\/v2\/topics?post=3247"},{"taxonomy":"authors","embeddable":true,"href":"https:\/\/www.ahmadiyya-islam.org\/pl\/wp-json\/wp\/v2\/authors?post=3247"},{"taxonomy":"geo_locations","embeddable":true,"href":"https:\/\/www.ahmadiyya-islam.org\/pl\/wp-json\/wp\/v2\/geo_locations?post=3247"},{"taxonomy":"content_source","embeddable":true,"href":"https:\/\/www.ahmadiyya-islam.org\/pl\/wp-json\/wp\/v2\/content_source?post=3247"}],"curies":[{"name":"wp","href":"https:\/\/api.w.org\/{rel}","templated":true}]}}