{"id":3131,"date":"2025-11-21T18:15:39","date_gmt":"2025-11-21T17:15:39","guid":{"rendered":"https:\/\/www.ahmadiyya-islam.org\/pl\/?p=3131"},"modified":"2025-11-21T18:22:36","modified_gmt":"2025-11-21T17:22:36","slug":"salat-jest-filarem-wiary-khuddam-z-niemieckiego-regionu-szlezwik-holsztyn-spotyka-huzoora","status":"publish","type":"post","link":"https:\/\/www.ahmadiyya-islam.org\/pl\/aktualnosci\/salat-jest-filarem-wiary-khuddam-z-niemieckiego-regionu-szlezwik-holsztyn-spotyka-huzoora\/","title":{"rendered":"\u201eSalat jest filarem wiary\u201d: Khuddam z niemieckiego regionu Szlezwik-Holsztyn spotyka Huzoora"},"content":{"rendered":"<p><em>Islamabad, Tilford, 26 pa\u017adziernika 2025 r<\/em>.: Delegacja z\u0142o\u017cona z 44\u00a0<em>khuddam<\/em>, w tym 37 cz\u0142onk\u00f3w z regionu Szlezwik-Holsztyn Majlis Khuddam-ul-Ahmadiyya w Niemczech i siedmiu z Dietzenbach, mia\u0142a b\u0142ogos\u0142awion\u0105 okazj\u0119 spotkania si\u0119\u00a0<em>z<\/em>\u00a0Hazrat Mirz\u0105 Masroorem Ahmadem, Khalifatulem Masihem V\u00a0<sup>aa<\/sup>.<\/p>\n<p>Spotkanie rozpocz\u0119\u0142o si\u0119 od\u00a0zaszczycenia Sali jego obecno\u015bci\u0105 i powitania\u00a0<em>Huzoora.<\/em>\u00a0Regionalny Sadr MKA Szlezwik-Holsztyn kr\u00f3tko przedstawi\u0142 delegacj\u0119. Nast\u0119pnie ka\u017cdy z\u00a0<em>khuddam\u00f3w<\/em>\u00a0mia\u0142 mo\u017cliwo\u015b\u0107 przedstawienia si\u0119. Huzoor\u00a0\u0142askawie\u00a0udzieli\u0142\u00a0<em>khuddamom<\/em>\u00a0pozwolenia na zadawanie pyta\u0144 w celu uzyskania wsparcia moralnego i duchowego.<\/p>\n<h4>Istota\u00a0<em>salat<\/em>\u00a0jako wyrazu wdzi\u0119czno\u015bci<\/h4>\n<p>Pierwszy\u00a0<em>khadim<\/em>\u00a0zauwa\u017cy\u0142, \u017ce tegoroczne motto niemieckiego Khuddam-ul-Ahmadiyya brzmi: \u201e<em>Salat<\/em>\u00a0jest filarem wiary\u201d.<\/p>\n<p>Zwr\u00f3ci\u0142 si\u0119 do niego z pro\u015bb\u0105 o wskaz\u00f3wki, jak mogliby rzeczywi\u015bcie dzia\u0142a\u0107 zgodnie z tym mottem i zaszczepi\u0107 w swoich sercach mi\u0142o\u015b\u0107 do modlitwy.<\/p>\n<p>Hudhur\u00a0wyja\u015bni\u0142, \u017ce fundamentem modlitwy jest wdzi\u0119czno\u015b\u0107. Pos\u0142u\u017cy\u0142 si\u0119 analogi\u0105, stwierdzaj\u0105c, \u017ce je\u015bli cz\u0142owiek obdarowuje nas drobnym darem lub wy\u015bwiadcza nam przys\u0142ug\u0119, naturalnie odczuwamy wdzi\u0119czno\u015b\u0107. Jednak\u017ce Wszechmog\u0105cy Allah jest Panem wszystkich \u015bwiat\u00f3w (Rabb al-Alamin). Jego \u0142aski s\u0105 nieograniczone. Zaopatruje nas ju\u017c od momentu, gdy jeste\u015bmy w \u0142onie matki, zapewniaj\u0105c nam zdrowe narodziny i po\u017cywienie. Nasi rodzice, kt\u00f3rzy nas wychowuj\u0105, zapewniaj\u0105 nam edukacj\u0119 i ubranie, sami s\u0105 darem od Niego. Poniewa\u017c wszystkie te b\u0142ogos\u0142awie\u0144stwa pochodz\u0105 od Allaha, Hudhur poradzi\u0142,\u00a0 aby nasza wdzi\u0119czno\u015b\u0107 by\u0107 skierowana przede wszystkim ku Niemu.<\/p>\n<p>Zalecan\u0105 metod\u0105 okazywania tej wdzi\u0119czno\u015bci jest pi\u0119\u0107 codziennych modlitw. Kiedy przychodzimy do Allaha pi\u0119\u0107 razy dziennie, aby Mu podzi\u0119kowa\u0107, On obiecuje w \u015awi\u0119tym Koranie, \u017ce obdarzy nas jeszcze wi\u0119kszymi \u0142askami. (Sura Ibrahim, 14:8) Hudhur\u00a0wyja\u015bni\u0142, \u017ce Allah nie potrzebuje naszej czci ani wdzi\u0119czno\u015bci. Ten system s\u0142u\u017cy raczej naszemu w\u0142asnemu dobru. On nagradza nasz\u0105 wdzi\u0119czno\u015b\u0107 jeszcze wi\u0119kszymi nagrodami. Je\u015bli kto\u015b modli si\u0119 z takim nastawieniem \u2013 jako pokorny wyraz wdzi\u0119czno\u015bci za niezliczone Bo\u017ce dary \u2013 w\u00f3wczas jego skupienie w modlitwie naturalnie wzro\u015bnie. Stanie si\u0119 prawdziwie wdzi\u0119cznym s\u0142ug\u0105 Allaha. Przyci\u0105gaj\u0105c jeszcze wi\u0119cej Jego \u0142aski.<\/p>\n<h4>Utrzymywanie wi\u0119zi mi\u0119dzy rodze\u0144stwem po \u015blubie<\/h4>\n<p>Khadim zapyta\u0142,\u00a0jak mo\u017cna utrzyma\u0107 mi\u0142o\u015b\u0107 i harmoni\u0119 mi\u0119dzy rodze\u0144stwem po \u015blubie, gdy\u017c wi\u0119\u017a ta cz\u0119sto s\u0142abnie, a czasem mo\u017ce prowadzi\u0107 do nieporozumie\u0144.<\/p>\n<p>Hudhur\u00a0stwierdzi\u0142, \u017ce podstawow\u0105 zasad\u0105 islamu jest przestrzeganie praw ka\u017cdej jednostki. Wszechmog\u0105cy Allah nakaza\u0142 nam przestrzega\u0107 praw naszych rodzic\u00f3w, rodze\u0144stwa, a tak\u017ce \u017con, kt\u00f3re s\u0105 czyimi\u015b c\u00f3rkami, kt\u00f3re przyj\u0119li\u015bmy do naszego domu. Hudhur\u00a0wspomnia\u0142\u00a0o swojej serii przem\u00f3wie\u0144 z okazji D\u017calsa Salana. Porusza\u0142y rozleg\u0142y temat praw cz\u0142owieka w islamie, zauwa\u017caj\u0105c, \u017ce je\u015bli cz\u0142owiek naprawd\u0119 koncentruje si\u0119 na przestrzeganiu praw wszystkich, konflikty nie powstaj\u0105.<\/p>\n<p>Pierwszym krokiem, radzi\u0142, jest modlitwa o to, aby Allah zaszczepi\u0142 w naszych sercach mi\u0142o\u015b\u0107, kt\u00f3ra nigdy nie zga\u015bnie. Po drugie, wszystkie strony musz\u0105 wykaza\u0107 si\u0119 m\u0105dro\u015bci\u0105 i duchem pojednania. Rodze\u0144stwo musi zda\u0107 sobie spraw\u0119, \u017ce ich brat jest teraz \u017conaty. Musi pom\u00f3c swojej nowej \u017conie zaaklimatyzowa\u0107 si\u0119 w rodzinie. \u017bona z kolei musi zrozumie\u0107, \u017ce musi zaaklimatyzowa\u0107 si\u0119 w nowym domu i rodzinie. M\u0105\u017c musi by\u0107 wystarczaj\u0105co m\u0105dry, aby znale\u017a\u0107 delikatn\u0105 r\u00f3wnowag\u0119 mi\u0119dzy wype\u0142nianiem praw \u017cony a prawami rodzic\u00f3w i rodze\u0144stwa. Je\u015bli cz\u0142owiek post\u0119puje m\u0105drze i panuje nad swoimi emocjami, nie dochodzi do k\u0142\u00f3tni. Takie spory, zauwa\u017cy\u0142 Hudhur,\u00a0s\u0105 oznak\u0105 ignorancji, a nie wykszta\u0142cenia. Radzi\u0142 im, aby byli wykszta\u0142ceni w swoim post\u0119powaniu i wspierali te wysi\u0142ki modlitw\u0105.<\/p>\n<h4>Harmonia nauki i \u015awi\u0119tego Koranu o losie wszech\u015bwiata<\/h4>\n<p>M\u0142ody\u00a0<em>khadim<\/em>\u00a0zauwa\u017cy\u0142, \u017ce nauka przewiduje, i\u017c wszech\u015bwiat zako\u0144czy si\u0119 albo \u201eWielkim Kolizjami\u201d, albo \u201e\u015amierci\u0105 Ciepln\u0105\u201d. Zapyta\u0142, jak islamska koncepcja Dnia S\u0105du odnosi si\u0119 do tego.<\/p>\n<p>Hudhur\u00a0<sup>aa<\/sup>\u00a0wyja\u015bni\u0142, \u017ce \u015awi\u0119ty Koran zawiera g\u0142\u0119bokie prawdy, kt\u00f3re idealnie harmonizuj\u0105 z odkryciami naukowymi. Stwierdzi\u0142, \u017ce \u015awi\u0119ty Koran opisuje koniec wszech\u015bwiata w spos\u00f3b uderzaj\u0105co podobny do teorii Wielkiej Kolizji, stwierdzaj\u0105c, \u017ce niebiosa zostan\u0105 zwini\u0119te \u201ejak zwijane s\u0105 zwoje pisma przez skryb\u0119\u201d (Sura Anbija, 21:105). Wszystko zapadnie si\u0119 w to, co nauka nazywa czarn\u0105 dziur\u0105.<\/p>\n<p>Podobnie Koran opisuje pochodzenie wszech\u015bwiata w spos\u00f3b odpowiadaj\u0105cy teorii Wielkiego Wybuchu. Hudhur zacytowa\u0142\u00a0werset: \u201eCzy\u017c niewierni nie widz\u0105, \u017ce niebo i ziemia by\u0142y zamkni\u0119t\u0105 mas\u0105, a My je otworzyli\u015bmy?\u201d (Sura Anbija, 21:31). Wyja\u015bni\u0142, \u017ce nauka islamu jest kompleksowa. Opisuje zar\u00f3wno Wielki Wybuch, jak i ostateczny rozpad.<\/p>\n<p>Hudhur\u00a0<sup>aa<\/sup>\u00a0nast\u0119pnie przedstawi\u0142 fundamentaln\u0105 zasad\u0119: nauka jest\u00a0<em>dzia\u0142aniem<\/em>\u00a0Boga, a Koran jest\u00a0<em>s\u0142owem<\/em>\u00a0Boga i nie mo\u017ce by\u0107 mi\u0119dzy nimi sprzeczno\u015bci. Opowiedzia\u0142 o incydencie z podr\u00f3\u017cy do Australii. Tam spotka\u0142 si\u0119 z wysoko postawionym kap\u0142anem chrze\u015bcija\u0144skim, kt\u00f3ry twierdzi\u0142, \u017ce nauka i religia s\u0105 nie do pogodzenia.<\/p>\n<p>Hudhur\u00a0<sup>aa<\/sup>\u00a0wyja\u015bni\u0142 mu, \u017ce to islam objawi\u0142 te g\u0142\u0119bokie prawdy naukowe 1400 lat temu \u2013 od Wielkiego Wybuchu po fakt, \u017ce ca\u0142e \u017cycie powsta\u0142o z wody. Nast\u0119pnie podarowa\u0142 kap\u0142anowi egzemplarz \u015awi\u0119tego Koranu, aby m\u00f3g\u0142 sam przeczyta\u0107 te wersety. Kap\u0142an by\u0142 zdumiony, \u017ce fakty te s\u0105 obecne w Koranie, a nie w innych pismach religijnych. To, zauwa\u017cy\u0142 Hudhur\u00a0<sup>aa<\/sup>, jest jednym z dowod\u00f3w prawdziwo\u015bci islamu.<\/p>\n<h4>Radzenie sobie z r\u00f3\u017cnicami zda\u0144 w grupie\u00a0<em>amila<\/em><\/h4>\n<p>Khadim\u00a0zasiadaj\u0105cy w komitecie wykonawczym (\u00a0<em>amila<\/em>\u00a0) zwr\u00f3ci\u0142 si\u0119 z pro\u015bb\u0105 o wskaz\u00f3wki, jak radzi\u0107 sobie z rozbie\u017cnymi opiniami w\u015br\u00f3d jego cz\u0142onk\u00f3w<em>.<\/em><\/p>\n<p>Hudhur\u00a0<sup>aa<\/sup> radzi\u0142, \u017ce r\u00f3\u017cnica zda\u0144 sama w sobie nie jest niczym z\u0142ym. W\u0142a\u015bciw\u0105 procedur\u0105 jest om\u00f3wienie sprawy na spotkaniu konsultacyjnym. Je\u015bli argument innej osoby jest lepszy, nale\u017cy go zaakceptowa\u0107 z otwartym sercem. Gdy w\u0142asne uzasadnienie jest silniejsze, nale\u017cy je przedstawi\u0107 z dowodami. W przypadku gdy nie uda si\u0119 osi\u0105gn\u0105\u0107 konsensusu, nale\u017cy zaakceptowa\u0107 opini\u0119 wi\u0119kszo\u015bci i podj\u0105\u0107 odpowiednie dzia\u0142ania. Je\u015bli nadal istnieje powa\u017cne podejrzenie, \u017ce decyzja wi\u0119kszo\u015bci mo\u017ce by\u0107 szkodliwa, spraw\u0119 mo\u017cna skierowa\u0107 do Markaz <em>po<\/em>\u00a0porad\u0119 od Khalifatul Masih.<\/p>\n<p>Kluczow\u0105 kwesti\u0105, podkre\u015bli\u0142 Huzoor,\u00a0jest to, \u017ce r\u00f3\u017cnica zda\u0144 nigdy nie mo\u017ce sta\u0107 si\u0119 kwesti\u0105 osobistego ego. Celem zawsze musi by\u0107 wsp\u00f3\u0142praca w celu znalezienia najlepszego rozwi\u0105zania dla dobra D\u017camaatu, ludzko\u015bci i tkanki spo\u0142ecznej ca\u0142ej spo\u0142eczno\u015bci.<\/p>\n<h4>O zawieszeniu broni mi\u0119dzy Izraelem a Hamasem<\/h4>\n<p>Zadano pytanie o punkt widzenia Huzoora\u00a0<sup>na<\/sup>\u00a0temat niedawnego zawieszenia broni mi\u0119dzy Izraelem a Hamasem oraz przysz\u0142o\u015bci Bliskiego Wschodu.<\/p>\n<p>Huzoor\u00a0rozpocz\u0105\u0142\u00a0od stwierdzenia, \u017ce \u200b\u200bagresja Izraela nigdy tak naprawd\u0119 nie usta\u0142a, by \u201erozpocz\u0105\u0107\u201d now\u0105 faz\u0119. Zauwa\u017cy\u0142, \u017ce nawet wiceprezydent USA stwierdzi\u0142, i\u017c dzia\u0142ania Izraela podwa\u017caj\u0105 plan pokojowy prezydenta Trumpa. Huzoor\u00a0zwr\u00f3ci\u0142\u00a0uwag\u0119, \u017ce nawet w\u015br\u00f3d niekt\u00f3rych Amerykan\u00f3w narasta \u015bwiadomo\u015b\u0107, \u017ce Izraelowi nie mo\u017cna w pe\u0142ni ufa\u0107.<\/p>\n<p>Jednocze\u015bnie Hudhur\u00a0wyrazi\u0142\u00a0ubolewanie z powodu stanu muzu\u0142ma\u0144skiego \u015bwiata. Gdyby posiadali prawdziw\u0105 wiar\u0119, mogliby sta\u0107 si\u0119 pot\u0119\u017cn\u0105, zjednoczon\u0105 si\u0142\u0105. Ale tej jedno\u015bci brakuje. Ka\u017cdy muzu\u0142ma\u0144ski nar\u00f3d d\u0105\u017cy do realizacji w\u0142asnych interes\u00f3w. Podkre\u015bli\u0142 r\u00f3wnie\u017c historyczn\u0105 hipokryzj\u0119 Zachodu. Zauwa\u017cy\u0142, \u017ce historycznie prze\u015bladowania \u017cyd\u00f3w by\u0142y dzie\u0142em Niemc\u00f3w. Ale cen\u0119 za t\u0119 zbrodni\u0119 p\u0142ac\u0105 Palesty\u0144czycy.<\/p>\n<p>Hudhur\u00a0<sup>aa<\/sup>\u00a0powo\u0142a\u0142 si\u0119 nast\u0119pnie na raport organu afiliowanego przy ONZ, kt\u00f3ry stwierdzi\u0142, \u017ce 60 kraj\u00f3w by\u0142o wsp\u00f3\u0142winnych ucisku Palesty\u0144czyk\u00f3w. Zauwa\u017cy\u0142, \u017ce lista ta obejmuje nie tylko Izrael i pa\u0144stwa zachodnie, ale tak\u017ce kraje arabskie. Gdyby pa\u0144stwa arabskie wykaza\u0142y si\u0119 jedno\u015bci\u0105 i przynajmniej zablokowa\u0142y niekt\u00f3re szlaki handlowe, Izrael by\u0142by zmuszony zmieni\u0107 swoje post\u0119powanie. Brak takiego dzia\u0142ania oznacza, \u017ce \u200b\u200bs\u0105 po\u015brednio wsp\u00f3\u0142winni.<\/p>\n<p>Hudhur\u00a0<sup>aa<\/sup>\u00a0zako\u0144czy\u0142 przejmuj\u0105c\u0105 metafor\u0105: skoro ogie\u0144 rozniecono we w\u0142asnym domu, jak mo\u017cna oczekiwa\u0107, \u017ce kto\u015b z zewn\u0105trz go ugasi?<\/p>\n<h4>Rozpoznanie prawego wsp\u00f3\u0142ma\u0142\u017conka<\/h4>\n<p>Khadim\u00a0zapyta\u0142, czy Prorok Sahih\u00a0radzi\u0142 nam, aby\u015bmy przy wyborze ma\u0142\u017ce\u0144stwa kierowali si\u0119 przede wszystkim wiar\u0105. Jak jednak mo\u017cemy by\u0107 pewni\u00a0czy potencjalny partner jest prawy?<\/p>\n<p>Hudhur\u00a0wyja\u015bni\u0142, \u017ce skoro tylko Allah zna niewidzialn\u0105 rzeczywisto\u015b\u0107 serca cz\u0142owieka, pierwszym i najwa\u017cniejszym krokiem jest szczera\u00a0<em>du&#8217;a<\/em>\u00a0i b\u0142agania. Nale\u017cy modli\u0107 si\u0119, aby je\u015bli przysz\u0142e ma\u0142\u017ce\u0144stwo b\u0119dzie dla nich sprawiedliwe i dobre, Allah obdarowa\u0142 ich szcz\u0119\u015bciem i zadowoleniem. W przeciwnym razie powinien stworzy\u0107 blokad\u0119. Prawdziwa, trwa\u0142a mi\u0142o\u015b\u0107 to mi\u0142o\u015b\u0107 ze wzgl\u0119du na Allaha.<\/p>\n<p>Drugim krokiem jest przeprowadzenie praktycznego dochodzenia w ramach systemu D\u017camaatu. Mo\u017cna zasi\u0119gn\u0105\u0107 informacji w organizacjach Lad\u017cna i Khuddam, aby pozna\u0107 charakter danej osoby. Kluczowe wska\u017aniki to regularno\u015b\u0107 modlitwy w domu, nacisk na edukacj\u0119 religijn\u0105, to, czy dziewczyna przestrzega skromnego i godnego ubioru oraz czy rodzina ma materialistyczne nastawienie. Na przyk\u0142ad niekt\u00f3re rodziny od razu domagaj\u0105 si\u0119 osobnego domu. Takie kwestie nale\u017cy wyja\u015bni\u0107 wcze\u015bniej.<\/p>\n<p>Hudhur <sup>(aa)<\/sup>\u00a0uzna\u0142, \u017ce nikt nie jest doskona\u0142y. Zar\u00f3wno m\u0119\u017cczy\u017ani, jak i kobiety maj\u0105 s\u0142abo\u015bci. Nale\u017cy by\u0107 gotowym przymkn\u0105\u0107 oko na drobne wady partnera. Doceni\u0107 jego zalety. Znalezienie \u201edoskonale\u201d prawego cz\u0142owieka jest trudne. Nale\u017cy bada\u0107 go najlepiej, jak potrafimy. A nast\u0119pnie, przede wszystkim, szuka\u0107 pomocy Allaha poprzez modlitw\u0119.<\/p>\n<h4>Ochrona przed rozproszeniem uwagi ze strony medi\u00f3w spo\u0142eczno\u015bciowych<\/h4>\n<p>Ostatni pytaj\u0105cy zapyta\u0142, w jaki spos\u00f3b w czasach, gdy media spo\u0142eczno\u015bciowe i d\u0105\u017cenia do \u015bwiata sprawiaj\u0105, \u017ce cz\u0142owiek traci wiar\u0119,\u00a0<em>khadim<\/em>\u00a0mo\u017ce utrzyma\u0107 siln\u0105 wi\u0119\u017a z Allahem.<\/p>\n<p>Rada\u00a0Hudhura\u00a0by\u0142a bezpo\u015brednia: je\u015bli znasz szkodliwo\u015b\u0107 medi\u00f3w spo\u0142eczno\u015bciowych, nie wystawiaj si\u0119 na ich dzia\u0142anie. Radzi\u0142 im korzysta\u0107 z medi\u00f3w spo\u0142eczno\u015bciowych celowo \u2013 w celach informacyjnych lub akademickich \u2013 ale \u015bwiadomie unika\u0107 ogromnej ilo\u015bci bezu\u017cytecznych i wulgarnych tre\u015bci, kt\u00f3re s\u0105 powszechne. Nale\u017cy by\u0107 zdecydowanym, zw\u0142aszcza w czasie modlitwy. Odrzuci\u0107 wszystko, co rozprasza uwag\u0119. Przyrzeczenie, by dawa\u0107 wierze pierwsze\u0144stwo przed \u015bwiatem, jest wystawiane na pr\u00f3b\u0119 w\u0142a\u015bnie w takich chwilach.<\/p>\n<p>Hudhur\u00a0przypomnia\u0142\u00a0im, \u017ce pierwsze pytanie w Dniu S\u0105du Ostatecznego b\u0119dzie dotyczy\u0142o\u00a0<em>salat<\/em>\u00a0(<em>D\u017cami&#8217; at-Tirmidhi<\/em>, Kitab as-salat, hadis 413). Dlatego nale\u017cy strzec swoich modlitw. \u0141\u0105cz\u0105c ochron\u0119 modlitw z cz\u0119stym\u00a0<em>istighfar<\/em>\u00a0i inteligentnym, zdyscyplinowanym korzystaniem z medi\u00f3w spo\u0142eczno\u015bciowych, mo\u017cna zachowa\u0107 bezpiecze\u0144stwo. Ostrzeg\u0142, \u017ce jeden link cz\u0119sto prowadzi do listy innych, cz\u0119sto nieodpowiednich tre\u015bci. Nawet programy dla dzieci s\u0105 teraz zanieczyszczone wulgarnymi reklamami. Rozwi\u0105zaniem jest zachowanie czujno\u015bci, modlitwa i korzystanie z tych narz\u0119dzi wy\u0142\u0105cznie dla dobra, porzucaj\u0105c je w chwili, gdy dostrze\u017ce si\u0119 zagro\u017cenie.<\/p>\n<p>Na zako\u0144czenie mulaqat\u00a0khuddam\u00a0<em>mia\u0142<\/em>\u00a0zaszczyt zrobi\u0107 sobie grupowe zdj\u0119cie z Hudhurem, a ka\u017cdy z uczestnik\u00f3w otrzyma\u0142 uprzejmie d\u0142ugopis<em>,<\/em>\u00a0zanim opu\u015bci\u0142 sal\u0119.<\/p>\n","protected":false},"excerpt":{"rendered":"<p>Delegacja z\u0142o\u017cona z 44\u00a0khuddam, w tym 37 cz\u0142onk\u00f3w z regionu Szlezwik-Holsztyn Majlis Khuddam-ul-Ahmadiyya w Niemczech i siedmiu z Dietzenbach, mia\u0142a b\u0142ogos\u0142awion\u0105 okazj\u0119 spotkania si\u0119\u00a0z\u00a0Hazrat Mirz\u0105 Masroorem Ahmadem, Khalifatulem Masihem V\u00a0aa.<\/p>\n","protected":false},"author":86,"featured_media":3138,"comment_status":"closed","ping_status":"closed","sticky":false,"template":"","format":"standard","meta":{"_acf_changed":false,"footnotes":""},"categories":[70,424],"tags":[626,627,500,670],"topics":[],"authors":[30],"geo_locations":[],"content_source":[344],"class_list":["post-3131","post","type-post","status-publish","format-standard","has-post-thumbnail","hentry","category-aktualnosci","category-przemowienie-khalifa","tag-khuddam","tag-mulaqat","tag-niemcy","tag-szlezwik-holsztejn","authors-hazrat-mirza-masroor-ahmad","content_source-al-hakam"],"acf":[],"yoast_head":"<!-- This site is optimized with the Yoast SEO Premium plugin v21.1 (Yoast SEO v27.4) - https:\/\/yoast.com\/product\/yoast-seo-premium-wordpress\/ -->\n<title>\u201eSalat jest filarem wiary\u201d: Khuddam z niemieckiego regionu Szlezwik-Holsztyn spotyka Huzoora - Stowarzyszenie Muzu\u0142ma\u0144skie Ahmadiyya<\/title>\n<meta name=\"robots\" content=\"index, follow, max-snippet:-1, max-image-preview:large, max-video-preview:-1\" \/>\n<link rel=\"canonical\" href=\"https:\/\/www.ahmadiyya-islam.org\/pl\/aktualnosci\/salat-jest-filarem-wiary-khuddam-z-niemieckiego-regionu-szlezwik-holsztyn-spotyka-huzoora\/\" \/>\n<meta property=\"og:locale\" content=\"pl_PL\" \/>\n<meta property=\"og:type\" content=\"article\" \/>\n<meta property=\"og:title\" content=\"\u201eSalat jest filarem wiary\u201d: Khuddam z niemieckiego regionu Szlezwik-Holsztyn spotyka Huzoora\" \/>\n<meta property=\"og:description\" content=\"Delegacja z\u0142o\u017cona z 44\u00a0khuddam, w tym 37 cz\u0142onk\u00f3w z regionu Szlezwik-Holsztyn Majlis Khuddam-ul-Ahmadiyya w Niemczech i siedmiu z Dietzenbach, mia\u0142a b\u0142ogos\u0142awion\u0105 okazj\u0119 spotkania si\u0119\u00a0z\u00a0Hazrat Mirz\u0105 Masroorem Ahmadem, Khalifatulem Masihem V\u00a0aa.\" \/>\n<meta property=\"og:url\" content=\"https:\/\/www.ahmadiyya-islam.org\/pl\/aktualnosci\/salat-jest-filarem-wiary-khuddam-z-niemieckiego-regionu-szlezwik-holsztyn-spotyka-huzoora\/\" \/>\n<meta property=\"og:site_name\" content=\"Stowarzyszenie Muzu\u0142ma\u0144skie Ahmadiyya\" \/>\n<meta property=\"article:published_time\" content=\"2025-11-21T17:15:39+00:00\" \/>\n<meta property=\"article:modified_time\" content=\"2025-11-21T17:22:36+00:00\" \/>\n<meta property=\"og:image\" content=\"http:\/\/www.ahmadiyya-islam.org\/pl\/wp-content\/uploads\/sites\/25\/2025\/11\/Islamabad9.jpg\" \/>\n\t<meta property=\"og:image:width\" content=\"600\" \/>\n\t<meta property=\"og:image:height\" content=\"433\" \/>\n\t<meta property=\"og:image:type\" content=\"image\/jpeg\" \/>\n<meta name=\"author\" content=\"kasiapl\" \/>\n<meta name=\"twitter:card\" content=\"summary_large_image\" \/>\n<meta name=\"twitter:label1\" content=\"Napisane przez\" \/>\n\t<meta name=\"twitter:data1\" content=\"kasiapl\" \/>\n\t<meta name=\"twitter:label2\" content=\"Szacowany czas czytania\" \/>\n\t<meta name=\"twitter:data2\" content=\"10 minut\" \/>\n<script type=\"application\/ld+json\" class=\"yoast-schema-graph\">{\"@context\":\"https:\\\/\\\/schema.org\",\"@graph\":[{\"@type\":\"Article\",\"@id\":\"https:\\\/\\\/www.ahmadiyya-islam.org\\\/pl\\\/aktualnosci\\\/salat-jest-filarem-wiary-khuddam-z-niemieckiego-regionu-szlezwik-holsztyn-spotyka-huzoora\\\/#article\",\"isPartOf\":{\"@id\":\"https:\\\/\\\/www.ahmadiyya-islam.org\\\/pl\\\/aktualnosci\\\/salat-jest-filarem-wiary-khuddam-z-niemieckiego-regionu-szlezwik-holsztyn-spotyka-huzoora\\\/\"},\"author\":{\"name\":\"kasiapl\",\"@id\":\"https:\\\/\\\/www.ahmadiyya-islam.org\\\/pl\\\/#\\\/schema\\\/person\\\/1841283eac729e0aa9eb202edf598665\"},\"headline\":\"\u201eSalat jest filarem wiary\u201d: Khuddam z niemieckiego regionu Szlezwik-Holsztyn spotyka Huzoora\",\"datePublished\":\"2025-11-21T17:15:39+00:00\",\"dateModified\":\"2025-11-21T17:22:36+00:00\",\"mainEntityOfPage\":{\"@id\":\"https:\\\/\\\/www.ahmadiyya-islam.org\\\/pl\\\/aktualnosci\\\/salat-jest-filarem-wiary-khuddam-z-niemieckiego-regionu-szlezwik-holsztyn-spotyka-huzoora\\\/\"},\"wordCount\":1879,\"image\":{\"@id\":\"https:\\\/\\\/www.ahmadiyya-islam.org\\\/pl\\\/aktualnosci\\\/salat-jest-filarem-wiary-khuddam-z-niemieckiego-regionu-szlezwik-holsztyn-spotyka-huzoora\\\/#primaryimage\"},\"thumbnailUrl\":\"https:\\\/\\\/www.ahmadiyya-islam.org\\\/pl\\\/wp-content\\\/uploads\\\/sites\\\/25\\\/2025\\\/11\\\/Islamabad9.jpg\",\"keywords\":[\"Khuddam\",\"Mulaqat\",\"Niemcy\",\"Szlezwik-Holsztejn\"],\"articleSection\":[\"Aktualnosci\",\"Przem\u00f3wienie Khalifa\"],\"inLanguage\":\"pl-PL\"},{\"@type\":\"WebPage\",\"@id\":\"https:\\\/\\\/www.ahmadiyya-islam.org\\\/pl\\\/aktualnosci\\\/salat-jest-filarem-wiary-khuddam-z-niemieckiego-regionu-szlezwik-holsztyn-spotyka-huzoora\\\/\",\"url\":\"https:\\\/\\\/www.ahmadiyya-islam.org\\\/pl\\\/aktualnosci\\\/salat-jest-filarem-wiary-khuddam-z-niemieckiego-regionu-szlezwik-holsztyn-spotyka-huzoora\\\/\",\"name\":\"\u201eSalat jest filarem wiary\u201d: Khuddam z niemieckiego regionu Szlezwik-Holsztyn spotyka Huzoora - Stowarzyszenie Muzu\u0142ma\u0144skie Ahmadiyya\",\"isPartOf\":{\"@id\":\"https:\\\/\\\/www.ahmadiyya-islam.org\\\/pl\\\/#website\"},\"primaryImageOfPage\":{\"@id\":\"https:\\\/\\\/www.ahmadiyya-islam.org\\\/pl\\\/aktualnosci\\\/salat-jest-filarem-wiary-khuddam-z-niemieckiego-regionu-szlezwik-holsztyn-spotyka-huzoora\\\/#primaryimage\"},\"image\":{\"@id\":\"https:\\\/\\\/www.ahmadiyya-islam.org\\\/pl\\\/aktualnosci\\\/salat-jest-filarem-wiary-khuddam-z-niemieckiego-regionu-szlezwik-holsztyn-spotyka-huzoora\\\/#primaryimage\"},\"thumbnailUrl\":\"https:\\\/\\\/www.ahmadiyya-islam.org\\\/pl\\\/wp-content\\\/uploads\\\/sites\\\/25\\\/2025\\\/11\\\/Islamabad9.jpg\",\"datePublished\":\"2025-11-21T17:15:39+00:00\",\"dateModified\":\"2025-11-21T17:22:36+00:00\",\"author\":{\"@id\":\"https:\\\/\\\/www.ahmadiyya-islam.org\\\/pl\\\/#\\\/schema\\\/person\\\/1841283eac729e0aa9eb202edf598665\"},\"breadcrumb\":{\"@id\":\"https:\\\/\\\/www.ahmadiyya-islam.org\\\/pl\\\/aktualnosci\\\/salat-jest-filarem-wiary-khuddam-z-niemieckiego-regionu-szlezwik-holsztyn-spotyka-huzoora\\\/#breadcrumb\"},\"inLanguage\":\"pl-PL\",\"potentialAction\":[{\"@type\":\"ReadAction\",\"target\":[\"https:\\\/\\\/www.ahmadiyya-islam.org\\\/pl\\\/aktualnosci\\\/salat-jest-filarem-wiary-khuddam-z-niemieckiego-regionu-szlezwik-holsztyn-spotyka-huzoora\\\/\"]}]},{\"@type\":\"ImageObject\",\"inLanguage\":\"pl-PL\",\"@id\":\"https:\\\/\\\/www.ahmadiyya-islam.org\\\/pl\\\/aktualnosci\\\/salat-jest-filarem-wiary-khuddam-z-niemieckiego-regionu-szlezwik-holsztyn-spotyka-huzoora\\\/#primaryimage\",\"url\":\"https:\\\/\\\/www.ahmadiyya-islam.org\\\/pl\\\/wp-content\\\/uploads\\\/sites\\\/25\\\/2025\\\/11\\\/Islamabad9.jpg\",\"contentUrl\":\"https:\\\/\\\/www.ahmadiyya-islam.org\\\/pl\\\/wp-content\\\/uploads\\\/sites\\\/25\\\/2025\\\/11\\\/Islamabad9.jpg\",\"width\":600,\"height\":433},{\"@type\":\"BreadcrumbList\",\"@id\":\"https:\\\/\\\/www.ahmadiyya-islam.org\\\/pl\\\/aktualnosci\\\/salat-jest-filarem-wiary-khuddam-z-niemieckiego-regionu-szlezwik-holsztyn-spotyka-huzoora\\\/#breadcrumb\",\"itemListElement\":[{\"@type\":\"ListItem\",\"position\":1,\"name\":\"Home\",\"item\":\"https:\\\/\\\/www.ahmadiyya-islam.org\\\/pl\\\/\"},{\"@type\":\"ListItem\",\"position\":2,\"name\":\"\u201eSalat jest filarem wiary\u201d: Khuddam z niemieckiego regionu Szlezwik-Holsztyn spotyka Huzoora\"}]},{\"@type\":\"WebSite\",\"@id\":\"https:\\\/\\\/www.ahmadiyya-islam.org\\\/pl\\\/#website\",\"url\":\"https:\\\/\\\/www.ahmadiyya-islam.org\\\/pl\\\/\",\"name\":\"Stowarzyszenie Muzu\u0142ma\u0144skie Ahmadiyya\",\"description\":\"Polska\",\"potentialAction\":[{\"@type\":\"SearchAction\",\"target\":{\"@type\":\"EntryPoint\",\"urlTemplate\":\"https:\\\/\\\/www.ahmadiyya-islam.org\\\/pl\\\/?s={search_term_string}\"},\"query-input\":{\"@type\":\"PropertyValueSpecification\",\"valueRequired\":true,\"valueName\":\"search_term_string\"}}],\"inLanguage\":\"pl-PL\"},{\"@type\":\"Person\",\"@id\":\"https:\\\/\\\/www.ahmadiyya-islam.org\\\/pl\\\/#\\\/schema\\\/person\\\/1841283eac729e0aa9eb202edf598665\",\"name\":\"kasiapl\",\"url\":\"https:\\\/\\\/www.ahmadiyya-islam.org\\\/pl\\\/author\\\/kasiapl\\\/\"}]}<\/script>\n<!-- \/ Yoast SEO Premium plugin. -->","yoast_head_json":{"title":"\u201eSalat jest filarem wiary\u201d: Khuddam z niemieckiego regionu Szlezwik-Holsztyn spotyka Huzoora - Stowarzyszenie Muzu\u0142ma\u0144skie Ahmadiyya","robots":{"index":"index","follow":"follow","max-snippet":"max-snippet:-1","max-image-preview":"max-image-preview:large","max-video-preview":"max-video-preview:-1"},"canonical":"https:\/\/www.ahmadiyya-islam.org\/pl\/aktualnosci\/salat-jest-filarem-wiary-khuddam-z-niemieckiego-regionu-szlezwik-holsztyn-spotyka-huzoora\/","og_locale":"pl_PL","og_type":"article","og_title":"\u201eSalat jest filarem wiary\u201d: Khuddam z niemieckiego regionu Szlezwik-Holsztyn spotyka Huzoora","og_description":"Delegacja z\u0142o\u017cona z 44\u00a0khuddam, w tym 37 cz\u0142onk\u00f3w z regionu Szlezwik-Holsztyn Majlis Khuddam-ul-Ahmadiyya w Niemczech i siedmiu z Dietzenbach, mia\u0142a b\u0142ogos\u0142awion\u0105 okazj\u0119 spotkania si\u0119\u00a0z\u00a0Hazrat Mirz\u0105 Masroorem Ahmadem, Khalifatulem Masihem V\u00a0aa.","og_url":"https:\/\/www.ahmadiyya-islam.org\/pl\/aktualnosci\/salat-jest-filarem-wiary-khuddam-z-niemieckiego-regionu-szlezwik-holsztyn-spotyka-huzoora\/","og_site_name":"Stowarzyszenie Muzu\u0142ma\u0144skie Ahmadiyya","article_published_time":"2025-11-21T17:15:39+00:00","article_modified_time":"2025-11-21T17:22:36+00:00","og_image":[{"width":600,"height":433,"url":"http:\/\/www.ahmadiyya-islam.org\/pl\/wp-content\/uploads\/sites\/25\/2025\/11\/Islamabad9.jpg","type":"image\/jpeg"}],"author":"kasiapl","twitter_card":"summary_large_image","twitter_misc":{"Napisane przez":"kasiapl","Szacowany czas czytania":"10 minut"},"schema":{"@context":"https:\/\/schema.org","@graph":[{"@type":"Article","@id":"https:\/\/www.ahmadiyya-islam.org\/pl\/aktualnosci\/salat-jest-filarem-wiary-khuddam-z-niemieckiego-regionu-szlezwik-holsztyn-spotyka-huzoora\/#article","isPartOf":{"@id":"https:\/\/www.ahmadiyya-islam.org\/pl\/aktualnosci\/salat-jest-filarem-wiary-khuddam-z-niemieckiego-regionu-szlezwik-holsztyn-spotyka-huzoora\/"},"author":{"name":"kasiapl","@id":"https:\/\/www.ahmadiyya-islam.org\/pl\/#\/schema\/person\/1841283eac729e0aa9eb202edf598665"},"headline":"\u201eSalat jest filarem wiary\u201d: Khuddam z niemieckiego regionu Szlezwik-Holsztyn spotyka Huzoora","datePublished":"2025-11-21T17:15:39+00:00","dateModified":"2025-11-21T17:22:36+00:00","mainEntityOfPage":{"@id":"https:\/\/www.ahmadiyya-islam.org\/pl\/aktualnosci\/salat-jest-filarem-wiary-khuddam-z-niemieckiego-regionu-szlezwik-holsztyn-spotyka-huzoora\/"},"wordCount":1879,"image":{"@id":"https:\/\/www.ahmadiyya-islam.org\/pl\/aktualnosci\/salat-jest-filarem-wiary-khuddam-z-niemieckiego-regionu-szlezwik-holsztyn-spotyka-huzoora\/#primaryimage"},"thumbnailUrl":"https:\/\/www.ahmadiyya-islam.org\/pl\/wp-content\/uploads\/sites\/25\/2025\/11\/Islamabad9.jpg","keywords":["Khuddam","Mulaqat","Niemcy","Szlezwik-Holsztejn"],"articleSection":["Aktualnosci","Przem\u00f3wienie Khalifa"],"inLanguage":"pl-PL"},{"@type":"WebPage","@id":"https:\/\/www.ahmadiyya-islam.org\/pl\/aktualnosci\/salat-jest-filarem-wiary-khuddam-z-niemieckiego-regionu-szlezwik-holsztyn-spotyka-huzoora\/","url":"https:\/\/www.ahmadiyya-islam.org\/pl\/aktualnosci\/salat-jest-filarem-wiary-khuddam-z-niemieckiego-regionu-szlezwik-holsztyn-spotyka-huzoora\/","name":"\u201eSalat jest filarem wiary\u201d: Khuddam z niemieckiego regionu Szlezwik-Holsztyn spotyka Huzoora - Stowarzyszenie Muzu\u0142ma\u0144skie Ahmadiyya","isPartOf":{"@id":"https:\/\/www.ahmadiyya-islam.org\/pl\/#website"},"primaryImageOfPage":{"@id":"https:\/\/www.ahmadiyya-islam.org\/pl\/aktualnosci\/salat-jest-filarem-wiary-khuddam-z-niemieckiego-regionu-szlezwik-holsztyn-spotyka-huzoora\/#primaryimage"},"image":{"@id":"https:\/\/www.ahmadiyya-islam.org\/pl\/aktualnosci\/salat-jest-filarem-wiary-khuddam-z-niemieckiego-regionu-szlezwik-holsztyn-spotyka-huzoora\/#primaryimage"},"thumbnailUrl":"https:\/\/www.ahmadiyya-islam.org\/pl\/wp-content\/uploads\/sites\/25\/2025\/11\/Islamabad9.jpg","datePublished":"2025-11-21T17:15:39+00:00","dateModified":"2025-11-21T17:22:36+00:00","author":{"@id":"https:\/\/www.ahmadiyya-islam.org\/pl\/#\/schema\/person\/1841283eac729e0aa9eb202edf598665"},"breadcrumb":{"@id":"https:\/\/www.ahmadiyya-islam.org\/pl\/aktualnosci\/salat-jest-filarem-wiary-khuddam-z-niemieckiego-regionu-szlezwik-holsztyn-spotyka-huzoora\/#breadcrumb"},"inLanguage":"pl-PL","potentialAction":[{"@type":"ReadAction","target":["https:\/\/www.ahmadiyya-islam.org\/pl\/aktualnosci\/salat-jest-filarem-wiary-khuddam-z-niemieckiego-regionu-szlezwik-holsztyn-spotyka-huzoora\/"]}]},{"@type":"ImageObject","inLanguage":"pl-PL","@id":"https:\/\/www.ahmadiyya-islam.org\/pl\/aktualnosci\/salat-jest-filarem-wiary-khuddam-z-niemieckiego-regionu-szlezwik-holsztyn-spotyka-huzoora\/#primaryimage","url":"https:\/\/www.ahmadiyya-islam.org\/pl\/wp-content\/uploads\/sites\/25\/2025\/11\/Islamabad9.jpg","contentUrl":"https:\/\/www.ahmadiyya-islam.org\/pl\/wp-content\/uploads\/sites\/25\/2025\/11\/Islamabad9.jpg","width":600,"height":433},{"@type":"BreadcrumbList","@id":"https:\/\/www.ahmadiyya-islam.org\/pl\/aktualnosci\/salat-jest-filarem-wiary-khuddam-z-niemieckiego-regionu-szlezwik-holsztyn-spotyka-huzoora\/#breadcrumb","itemListElement":[{"@type":"ListItem","position":1,"name":"Home","item":"https:\/\/www.ahmadiyya-islam.org\/pl\/"},{"@type":"ListItem","position":2,"name":"\u201eSalat jest filarem wiary\u201d: Khuddam z niemieckiego regionu Szlezwik-Holsztyn spotyka Huzoora"}]},{"@type":"WebSite","@id":"https:\/\/www.ahmadiyya-islam.org\/pl\/#website","url":"https:\/\/www.ahmadiyya-islam.org\/pl\/","name":"Stowarzyszenie Muzu\u0142ma\u0144skie Ahmadiyya","description":"Polska","potentialAction":[{"@type":"SearchAction","target":{"@type":"EntryPoint","urlTemplate":"https:\/\/www.ahmadiyya-islam.org\/pl\/?s={search_term_string}"},"query-input":{"@type":"PropertyValueSpecification","valueRequired":true,"valueName":"search_term_string"}}],"inLanguage":"pl-PL"},{"@type":"Person","@id":"https:\/\/www.ahmadiyya-islam.org\/pl\/#\/schema\/person\/1841283eac729e0aa9eb202edf598665","name":"kasiapl","url":"https:\/\/www.ahmadiyya-islam.org\/pl\/author\/kasiapl\/"}]}},"_links":{"self":[{"href":"https:\/\/www.ahmadiyya-islam.org\/pl\/wp-json\/wp\/v2\/posts\/3131","targetHints":{"allow":["GET"]}}],"collection":[{"href":"https:\/\/www.ahmadiyya-islam.org\/pl\/wp-json\/wp\/v2\/posts"}],"about":[{"href":"https:\/\/www.ahmadiyya-islam.org\/pl\/wp-json\/wp\/v2\/types\/post"}],"author":[{"embeddable":true,"href":"https:\/\/www.ahmadiyya-islam.org\/pl\/wp-json\/wp\/v2\/users\/86"}],"replies":[{"embeddable":true,"href":"https:\/\/www.ahmadiyya-islam.org\/pl\/wp-json\/wp\/v2\/comments?post=3131"}],"version-history":[{"count":1,"href":"https:\/\/www.ahmadiyya-islam.org\/pl\/wp-json\/wp\/v2\/posts\/3131\/revisions"}],"predecessor-version":[{"id":3139,"href":"https:\/\/www.ahmadiyya-islam.org\/pl\/wp-json\/wp\/v2\/posts\/3131\/revisions\/3139"}],"wp:featuredmedia":[{"embeddable":true,"href":"https:\/\/www.ahmadiyya-islam.org\/pl\/wp-json\/wp\/v2\/media\/3138"}],"wp:attachment":[{"href":"https:\/\/www.ahmadiyya-islam.org\/pl\/wp-json\/wp\/v2\/media?parent=3131"}],"wp:term":[{"taxonomy":"category","embeddable":true,"href":"https:\/\/www.ahmadiyya-islam.org\/pl\/wp-json\/wp\/v2\/categories?post=3131"},{"taxonomy":"post_tag","embeddable":true,"href":"https:\/\/www.ahmadiyya-islam.org\/pl\/wp-json\/wp\/v2\/tags?post=3131"},{"taxonomy":"topics","embeddable":true,"href":"https:\/\/www.ahmadiyya-islam.org\/pl\/wp-json\/wp\/v2\/topics?post=3131"},{"taxonomy":"authors","embeddable":true,"href":"https:\/\/www.ahmadiyya-islam.org\/pl\/wp-json\/wp\/v2\/authors?post=3131"},{"taxonomy":"geo_locations","embeddable":true,"href":"https:\/\/www.ahmadiyya-islam.org\/pl\/wp-json\/wp\/v2\/geo_locations?post=3131"},{"taxonomy":"content_source","embeddable":true,"href":"https:\/\/www.ahmadiyya-islam.org\/pl\/wp-json\/wp\/v2\/content_source?post=3131"}],"curies":[{"name":"wp","href":"https:\/\/api.w.org\/{rel}","templated":true}]}}