{"id":3068,"date":"2025-10-14T12:49:52","date_gmt":"2025-10-14T10:49:52","guid":{"rendered":"https:\/\/www.ahmadiyya-islam.org\/pl\/?p=3068"},"modified":"2025-10-14T12:51:09","modified_gmt":"2025-10-14T10:51:09","slug":"hazrat-mirza-masroor-ahmad-modli-sie-za-ofiary-ataku-terrorystycznego-na-meczet-ahmadiyya-w-rabwah-w-pakistanie","status":"publish","type":"post","link":"https:\/\/www.ahmadiyya-islam.org\/pl\/aktualnosci\/hazrat-mirza-masroor-ahmad-modli-sie-za-ofiary-ataku-terrorystycznego-na-meczet-ahmadiyya-w-rabwah-w-pakistanie\/","title":{"rendered":"Hazrat Mirza Masroor Ahmad modli si\u0119 za ofiary ataku terrorystycznego na meczet Ahmadiyya w Rabwah w Pakistanie"},"content":{"rendered":"<p><em>Komunikat prasowy z 10 pa\u017adziernika 2025 r.<\/em><\/p>\n<p><em>\u00a0<\/em><\/p>\n<p>\u201eRz\u0105d Pend\u017cabu i jego premier twierdz\u0105, \u017ce przest\u0119pczo\u015b\u0107 w Pend\u017cabie zosta\u0142a w stu procentach opanowana i nie ma ju\u017c przest\u0119pc\u00f3w. Jednak powtarzaj\u0105ce si\u0119 ataki na Ahmadi \u2013 ich m\u0119cze\u0144stwo, obra\u017cenia lub podpalenia \u2013 najwyra\u017aniej nie s\u0105 uznawane za przest\u0119pstwa\u201d \u2013 Hazrat Mirza Masroor Ahmad<\/p>\n<p>W pi\u0105tek, 10 pa\u017adziernika 2025 r., Jego \u015awi\u0105tobliwo\u015b\u0107 Hazrat Mirza Masroor Ahmad, \u015awiatowy Przyw\u00f3dca Muzu\u0142ma\u0144skiej Wsp\u00f3lnoty Ahmadiyya, odni\u00f3s\u0142 si\u0119 do ataku terrorystycznego wymierzonego w muzu\u0142man\u00f3w Ahmadiyya, kt\u00f3rzy odprawiali nabo\u017ce\u0144stwa w meczecie Baitul Mahdi w Rabwah (po\u0142o\u017cona w prowincji Pend\u017cab, stanowi siedzib\u0119 administracyjn\u0105 Muzu\u0142ma\u0144skiej Wsp\u00f3lnoty Ahmadiyya w Pakistanie), do kt\u00f3rego dosz\u0142o wcze\u015bniej tego dnia.<\/p>\n<p>Wed\u0142ug wst\u0119pnych doniesie\u0144, uzbrojony napastnik otworzy\u0142 ogie\u0144 do cz\u0142onk\u00f3w Spo\u0142eczno\u015bci Muzu\u0142ma\u0144skiej Ahmadiyya, kt\u00f3rzy pracowali na zewn\u0105trz meczetu, aby zapewni\u0107 bezpiecze\u0144stwo wiernym. Kilku muzu\u0142man\u00f3w Ahmadiyya ostrzelano i raniono. Co najmniej dw\u00f3ch odnios\u0142o ci\u0119\u017ckie obra\u017cenia. Pozostali odnie\u015bli l\u017cejsze obra\u017cenia. Terrorysta zosta\u0142 zastrzelony na miejscu przez funkcjonariuszy s\u0142u\u017cb bezpiecze\u0144stwa, zanim zd\u0105\u017cy\u0142 wej\u015b\u0107 do meczetu i zaatakowa\u0107 kolejnych niewinnych cywil\u00f3w.<\/p>\n<p>Ten atak wpisuje si\u0119 w d\u0142ug\u0105 i nieprzerwan\u0105 histori\u0119 systematycznych prze\u015bladowa\u0144, z jakimi boryka si\u0119 Spo\u0142eczno\u015b\u0107 Muzu\u0142ma\u0144ska Ahmadiyya w Pakistanie. Jej cz\u0142onkowie s\u0105 pozbawiani podstawowych praw obywatelskich i religijnych na mocy dyskryminuj\u0105cych przepis\u00f3w. Muzu\u0142manie Ahmadiyya maj\u0105 prawny zakaz identyfikowania si\u0119 jako muzu\u0142manie oraz otwartego praktykowania swojej wiary. Cz\u0119sto padaj\u0105 ofiar\u0105 kampanii nienawi\u015bci i brutalnych atak\u00f3w.<\/p>\n<p>Jego \u015awi\u0105tobliwo\u015b\u0107, Hazrat Mirza Masroor Ahmad, o\u015bwiadczy\u0142:<\/p>\n<p>\u201eDzisiaj w Rabwah, w meczecie Baitul Mahdi na Gol Bazaar, terrory\u015bci przeprowadzili atak, w kt\u00f3rym rannych zosta\u0142o pi\u0119ciu lub sze\u015bciu naszych cz\u0142onk\u00f3w. Dw\u00f3ch z nich jest w stanie krytycznym i przechodzi operacj\u0119. Niech Allah Wszechmog\u0105cy obdarzy ich pe\u0142nym i szybkim powrotem do zdrowia i obdarzy swoj\u0105 \u0142ask\u0105 wszystkich rannych. Dw\u00f3ch z ci\u0119\u017cko rannych odnios\u0142o rany postrza\u0142owe brzucha. Jeden z terroryst\u00f3w zabi\u0142y nasze si\u0142y bezpiecze\u0144stwa. Oto otrzymany dotychczas raport. Dalsze szczeg\u00f3\u0142y s\u0105 nadal niedost\u0119pne.\u201d<\/p>\n<p>Po opisaniu incydentu Jego \u015awi\u0105tobliwo\u015b\u0107 odm\u00f3wi\u0142 modlitw\u0119 za cz\u0142onk\u00f3w Wsp\u00f3lnoty, kt\u00f3rzy zostali ranni podczas s\u0142u\u017cby swojej wierze. Zaapelowa\u0142 do rz\u0105du Pend\u017cabu o przestrzeganie sprawiedliwo\u015bci i wype\u0142nienie obowi\u0105zku ochrony wszystkich obywateli. Zamiast wyg\u0142aszania pustych twierdze\u0144, \u017ce przest\u0119pczo\u015b\u0107 w prowincji zosta\u0142a ca\u0142kowicie wyeliminowana.<\/p>\n<p>Hazrat Mirza Masroor Ahmad o\u015bwiadczy\u0142:<\/p>\n<p>\u201eOby Allah szybko postawi\u0142 przed s\u0105dem terroryst\u00f3w, przest\u0119pc\u00f3w i przeciwnik\u00f3w Wsp\u00f3lnoty. Rz\u0105d Pend\u017cabu i jego premier twierdz\u0105, \u017ce przest\u0119pczo\u015b\u0107 w Pend\u017cabie w stu procentach j\u0105 opanowano oraz \u017ce nie ma ju\u017c przest\u0119pc\u00f3w. Jednak powtarzaj\u0105ce si\u0119 ataki na Ahmadi \u2013 ich m\u0119cze\u0144stwo, obra\u017cenia lub podpalenie ich maj\u0105tku \u2013 najwyra\u017aniej nie s\u0105 uznawane za przest\u0119pstwa.<\/p>\n<p>Oby Allah obdarzy\u0142 m\u0105dro\u015bci\u0105 te rz\u0105dy oraz oby wkr\u00f3tce objawi\u0142 Swoje znaki na korzy\u015b\u0107 Wsp\u00f3lnoty.\u201d<\/p>\n<p>W swoim Pi\u0105tkowym Kazaniu Jego \u015awi\u0105tobliwo\u015b\u0107 rozwa\u017ca\u0142 seri\u0119 wydarze\u0144, kt\u00f3re mia\u0142y miejsce po powrocie Proroka (pok\u00f3j i b\u0142ogos\u0142awie\u0144stwo Allaha z nim) do Medyny po zwyci\u0119stwie w Mekce. Relacje te s\u0142u\u017c\u0105 jako przypomnienie o niezr\u00f3wnanym mi\u0142osierdziu i wsp\u00f3\u0142czuciu Proroka (niech pok\u00f3j i b\u0142ogos\u0142awie\u0144stwo Allaha b\u0119d\u0105 z nim). Niech nadal stanowi\u0105 dla Wsp\u00f3lnoty drogowskaz w reagowaniu na przeciwno\u015bci losu oraz w przestrzeganiu zasad pokoju i przebaczenia.<\/p>\n","protected":false},"excerpt":{"rendered":"<p>W dniu 10 pa\u017adziernika, br.,Rabwah, w meczecie Baitul Mahdi na Gol Bazaar, terrory\u015bci przeprowadzili atak, w kt\u00f3rym rannych zosta\u0142o pi\u0119ciu lub sze\u015bciu naszych cz\u0142onk\u00f3w. Dw\u00f3ch z nich jest w stanie krytycznym i przechodzi operacj\u0119.<\/p>\n","protected":false},"author":86,"featured_media":3070,"comment_status":"closed","ping_status":"closed","sticky":false,"template":"","format":"standard","meta":{"_acf_changed":false,"footnotes":""},"categories":[70],"tags":[658,659],"topics":[4],"authors":[83],"geo_locations":[],"content_source":[38],"class_list":["post-3068","post","type-post","status-publish","format-standard","has-post-thumbnail","hentry","category-aktualnosci","tag-atak-na-meczet-w-rabwah","tag-atak-terrorystyczny","topics-ahmadiyya","authors-stowarzyszenie-muzulmanskie-ahmadiyya","content_source-press-ahmadiyya"],"acf":[],"yoast_head":"<!-- This site is optimized with the Yoast SEO Premium plugin v21.1 (Yoast SEO v27.4) - https:\/\/yoast.com\/product\/yoast-seo-premium-wordpress\/ -->\n<title>Hazrat Mirza Masroor Ahmad modli si\u0119 za ofiary ataku terrorystycznego na meczet Ahmadiyya w Rabwah w Pakistanie - Stowarzyszenie Muzu\u0142ma\u0144skie Ahmadiyya<\/title>\n<meta name=\"robots\" content=\"index, follow, max-snippet:-1, max-image-preview:large, max-video-preview:-1\" \/>\n<link rel=\"canonical\" href=\"https:\/\/www.ahmadiyya-islam.org\/pl\/aktualnosci\/hazrat-mirza-masroor-ahmad-modli-sie-za-ofiary-ataku-terrorystycznego-na-meczet-ahmadiyya-w-rabwah-w-pakistanie\/\" \/>\n<meta property=\"og:locale\" content=\"pl_PL\" \/>\n<meta property=\"og:type\" content=\"article\" \/>\n<meta property=\"og:title\" content=\"Hazrat Mirza Masroor Ahmad modli si\u0119 za ofiary ataku terrorystycznego na meczet Ahmadiyya w Rabwah w Pakistanie\" \/>\n<meta property=\"og:description\" content=\"W dniu 10 pa\u017adziernika, br.,Rabwah, w meczecie Baitul Mahdi na Gol Bazaar, terrory\u015bci przeprowadzili atak, w kt\u00f3rym rannych zosta\u0142o pi\u0119ciu lub sze\u015bciu naszych cz\u0142onk\u00f3w. Dw\u00f3ch z nich jest w stanie krytycznym i przechodzi operacj\u0119.\" \/>\n<meta property=\"og:url\" content=\"https:\/\/www.ahmadiyya-islam.org\/pl\/aktualnosci\/hazrat-mirza-masroor-ahmad-modli-sie-za-ofiary-ataku-terrorystycznego-na-meczet-ahmadiyya-w-rabwah-w-pakistanie\/\" \/>\n<meta property=\"og:site_name\" content=\"Stowarzyszenie Muzu\u0142ma\u0144skie Ahmadiyya\" \/>\n<meta property=\"article:published_time\" content=\"2025-10-14T10:49:52+00:00\" \/>\n<meta property=\"article:modified_time\" content=\"2025-10-14T10:51:09+00:00\" \/>\n<meta property=\"og:image\" content=\"http:\/\/www.ahmadiyya-islam.org\/pl\/wp-content\/uploads\/sites\/25\/2025\/10\/RabwahMosqueAttack2.jpeg\" \/>\n\t<meta property=\"og:image:width\" content=\"941\" \/>\n\t<meta property=\"og:image:height\" content=\"1673\" \/>\n\t<meta property=\"og:image:type\" content=\"image\/jpeg\" \/>\n<meta name=\"author\" content=\"kasiapl\" \/>\n<meta name=\"twitter:card\" content=\"summary_large_image\" \/>\n<meta name=\"twitter:label1\" content=\"Napisane przez\" \/>\n\t<meta name=\"twitter:data1\" content=\"kasiapl\" \/>\n\t<meta name=\"twitter:label2\" content=\"Szacowany czas czytania\" \/>\n\t<meta name=\"twitter:data2\" content=\"4 minuty\" \/>\n<script type=\"application\/ld+json\" class=\"yoast-schema-graph\">{\"@context\":\"https:\\\/\\\/schema.org\",\"@graph\":[{\"@type\":\"Article\",\"@id\":\"https:\\\/\\\/www.ahmadiyya-islam.org\\\/pl\\\/aktualnosci\\\/hazrat-mirza-masroor-ahmad-modli-sie-za-ofiary-ataku-terrorystycznego-na-meczet-ahmadiyya-w-rabwah-w-pakistanie\\\/#article\",\"isPartOf\":{\"@id\":\"https:\\\/\\\/www.ahmadiyya-islam.org\\\/pl\\\/aktualnosci\\\/hazrat-mirza-masroor-ahmad-modli-sie-za-ofiary-ataku-terrorystycznego-na-meczet-ahmadiyya-w-rabwah-w-pakistanie\\\/\"},\"author\":{\"name\":\"kasiapl\",\"@id\":\"https:\\\/\\\/www.ahmadiyya-islam.org\\\/pl\\\/#\\\/schema\\\/person\\\/1841283eac729e0aa9eb202edf598665\"},\"headline\":\"Hazrat Mirza Masroor Ahmad modli si\u0119 za ofiary ataku terrorystycznego na meczet Ahmadiyya w Rabwah w Pakistanie\",\"datePublished\":\"2025-10-14T10:49:52+00:00\",\"dateModified\":\"2025-10-14T10:51:09+00:00\",\"mainEntityOfPage\":{\"@id\":\"https:\\\/\\\/www.ahmadiyya-islam.org\\\/pl\\\/aktualnosci\\\/hazrat-mirza-masroor-ahmad-modli-sie-za-ofiary-ataku-terrorystycznego-na-meczet-ahmadiyya-w-rabwah-w-pakistanie\\\/\"},\"wordCount\":640,\"image\":{\"@id\":\"https:\\\/\\\/www.ahmadiyya-islam.org\\\/pl\\\/aktualnosci\\\/hazrat-mirza-masroor-ahmad-modli-sie-za-ofiary-ataku-terrorystycznego-na-meczet-ahmadiyya-w-rabwah-w-pakistanie\\\/#primaryimage\"},\"thumbnailUrl\":\"https:\\\/\\\/www.ahmadiyya-islam.org\\\/pl\\\/wp-content\\\/uploads\\\/sites\\\/25\\\/2025\\\/10\\\/RabwahMosqueAttack2.jpeg\",\"keywords\":[\"Atak na meczet w Rabwah\",\"atak terrorystyczny\"],\"articleSection\":[\"Aktualnosci\"],\"inLanguage\":\"pl-PL\"},{\"@type\":\"WebPage\",\"@id\":\"https:\\\/\\\/www.ahmadiyya-islam.org\\\/pl\\\/aktualnosci\\\/hazrat-mirza-masroor-ahmad-modli-sie-za-ofiary-ataku-terrorystycznego-na-meczet-ahmadiyya-w-rabwah-w-pakistanie\\\/\",\"url\":\"https:\\\/\\\/www.ahmadiyya-islam.org\\\/pl\\\/aktualnosci\\\/hazrat-mirza-masroor-ahmad-modli-sie-za-ofiary-ataku-terrorystycznego-na-meczet-ahmadiyya-w-rabwah-w-pakistanie\\\/\",\"name\":\"Hazrat Mirza Masroor Ahmad modli si\u0119 za ofiary ataku terrorystycznego na meczet Ahmadiyya w Rabwah w Pakistanie - Stowarzyszenie Muzu\u0142ma\u0144skie Ahmadiyya\",\"isPartOf\":{\"@id\":\"https:\\\/\\\/www.ahmadiyya-islam.org\\\/pl\\\/#website\"},\"primaryImageOfPage\":{\"@id\":\"https:\\\/\\\/www.ahmadiyya-islam.org\\\/pl\\\/aktualnosci\\\/hazrat-mirza-masroor-ahmad-modli-sie-za-ofiary-ataku-terrorystycznego-na-meczet-ahmadiyya-w-rabwah-w-pakistanie\\\/#primaryimage\"},\"image\":{\"@id\":\"https:\\\/\\\/www.ahmadiyya-islam.org\\\/pl\\\/aktualnosci\\\/hazrat-mirza-masroor-ahmad-modli-sie-za-ofiary-ataku-terrorystycznego-na-meczet-ahmadiyya-w-rabwah-w-pakistanie\\\/#primaryimage\"},\"thumbnailUrl\":\"https:\\\/\\\/www.ahmadiyya-islam.org\\\/pl\\\/wp-content\\\/uploads\\\/sites\\\/25\\\/2025\\\/10\\\/RabwahMosqueAttack2.jpeg\",\"datePublished\":\"2025-10-14T10:49:52+00:00\",\"dateModified\":\"2025-10-14T10:51:09+00:00\",\"author\":{\"@id\":\"https:\\\/\\\/www.ahmadiyya-islam.org\\\/pl\\\/#\\\/schema\\\/person\\\/1841283eac729e0aa9eb202edf598665\"},\"breadcrumb\":{\"@id\":\"https:\\\/\\\/www.ahmadiyya-islam.org\\\/pl\\\/aktualnosci\\\/hazrat-mirza-masroor-ahmad-modli-sie-za-ofiary-ataku-terrorystycznego-na-meczet-ahmadiyya-w-rabwah-w-pakistanie\\\/#breadcrumb\"},\"inLanguage\":\"pl-PL\",\"potentialAction\":[{\"@type\":\"ReadAction\",\"target\":[\"https:\\\/\\\/www.ahmadiyya-islam.org\\\/pl\\\/aktualnosci\\\/hazrat-mirza-masroor-ahmad-modli-sie-za-ofiary-ataku-terrorystycznego-na-meczet-ahmadiyya-w-rabwah-w-pakistanie\\\/\"]}]},{\"@type\":\"ImageObject\",\"inLanguage\":\"pl-PL\",\"@id\":\"https:\\\/\\\/www.ahmadiyya-islam.org\\\/pl\\\/aktualnosci\\\/hazrat-mirza-masroor-ahmad-modli-sie-za-ofiary-ataku-terrorystycznego-na-meczet-ahmadiyya-w-rabwah-w-pakistanie\\\/#primaryimage\",\"url\":\"https:\\\/\\\/www.ahmadiyya-islam.org\\\/pl\\\/wp-content\\\/uploads\\\/sites\\\/25\\\/2025\\\/10\\\/RabwahMosqueAttack2.jpeg\",\"contentUrl\":\"https:\\\/\\\/www.ahmadiyya-islam.org\\\/pl\\\/wp-content\\\/uploads\\\/sites\\\/25\\\/2025\\\/10\\\/RabwahMosqueAttack2.jpeg\",\"width\":941,\"height\":1673},{\"@type\":\"BreadcrumbList\",\"@id\":\"https:\\\/\\\/www.ahmadiyya-islam.org\\\/pl\\\/aktualnosci\\\/hazrat-mirza-masroor-ahmad-modli-sie-za-ofiary-ataku-terrorystycznego-na-meczet-ahmadiyya-w-rabwah-w-pakistanie\\\/#breadcrumb\",\"itemListElement\":[{\"@type\":\"ListItem\",\"position\":1,\"name\":\"Home\",\"item\":\"https:\\\/\\\/www.ahmadiyya-islam.org\\\/pl\\\/\"},{\"@type\":\"ListItem\",\"position\":2,\"name\":\"Hazrat Mirza Masroor Ahmad modli si\u0119 za ofiary ataku terrorystycznego na meczet Ahmadiyya w Rabwah w Pakistanie\"}]},{\"@type\":\"WebSite\",\"@id\":\"https:\\\/\\\/www.ahmadiyya-islam.org\\\/pl\\\/#website\",\"url\":\"https:\\\/\\\/www.ahmadiyya-islam.org\\\/pl\\\/\",\"name\":\"Stowarzyszenie Muzu\u0142ma\u0144skie Ahmadiyya\",\"description\":\"Polska\",\"potentialAction\":[{\"@type\":\"SearchAction\",\"target\":{\"@type\":\"EntryPoint\",\"urlTemplate\":\"https:\\\/\\\/www.ahmadiyya-islam.org\\\/pl\\\/?s={search_term_string}\"},\"query-input\":{\"@type\":\"PropertyValueSpecification\",\"valueRequired\":true,\"valueName\":\"search_term_string\"}}],\"inLanguage\":\"pl-PL\"},{\"@type\":\"Person\",\"@id\":\"https:\\\/\\\/www.ahmadiyya-islam.org\\\/pl\\\/#\\\/schema\\\/person\\\/1841283eac729e0aa9eb202edf598665\",\"name\":\"kasiapl\",\"url\":\"https:\\\/\\\/www.ahmadiyya-islam.org\\\/pl\\\/author\\\/kasiapl\\\/\"}]}<\/script>\n<!-- \/ Yoast SEO Premium plugin. -->","yoast_head_json":{"title":"Hazrat Mirza Masroor Ahmad modli si\u0119 za ofiary ataku terrorystycznego na meczet Ahmadiyya w Rabwah w Pakistanie - Stowarzyszenie Muzu\u0142ma\u0144skie Ahmadiyya","robots":{"index":"index","follow":"follow","max-snippet":"max-snippet:-1","max-image-preview":"max-image-preview:large","max-video-preview":"max-video-preview:-1"},"canonical":"https:\/\/www.ahmadiyya-islam.org\/pl\/aktualnosci\/hazrat-mirza-masroor-ahmad-modli-sie-za-ofiary-ataku-terrorystycznego-na-meczet-ahmadiyya-w-rabwah-w-pakistanie\/","og_locale":"pl_PL","og_type":"article","og_title":"Hazrat Mirza Masroor Ahmad modli si\u0119 za ofiary ataku terrorystycznego na meczet Ahmadiyya w Rabwah w Pakistanie","og_description":"W dniu 10 pa\u017adziernika, br.,Rabwah, w meczecie Baitul Mahdi na Gol Bazaar, terrory\u015bci przeprowadzili atak, w kt\u00f3rym rannych zosta\u0142o pi\u0119ciu lub sze\u015bciu naszych cz\u0142onk\u00f3w. Dw\u00f3ch z nich jest w stanie krytycznym i przechodzi operacj\u0119.","og_url":"https:\/\/www.ahmadiyya-islam.org\/pl\/aktualnosci\/hazrat-mirza-masroor-ahmad-modli-sie-za-ofiary-ataku-terrorystycznego-na-meczet-ahmadiyya-w-rabwah-w-pakistanie\/","og_site_name":"Stowarzyszenie Muzu\u0142ma\u0144skie Ahmadiyya","article_published_time":"2025-10-14T10:49:52+00:00","article_modified_time":"2025-10-14T10:51:09+00:00","og_image":[{"width":941,"height":1673,"url":"http:\/\/www.ahmadiyya-islam.org\/pl\/wp-content\/uploads\/sites\/25\/2025\/10\/RabwahMosqueAttack2.jpeg","type":"image\/jpeg"}],"author":"kasiapl","twitter_card":"summary_large_image","twitter_misc":{"Napisane przez":"kasiapl","Szacowany czas czytania":"4 minuty"},"schema":{"@context":"https:\/\/schema.org","@graph":[{"@type":"Article","@id":"https:\/\/www.ahmadiyya-islam.org\/pl\/aktualnosci\/hazrat-mirza-masroor-ahmad-modli-sie-za-ofiary-ataku-terrorystycznego-na-meczet-ahmadiyya-w-rabwah-w-pakistanie\/#article","isPartOf":{"@id":"https:\/\/www.ahmadiyya-islam.org\/pl\/aktualnosci\/hazrat-mirza-masroor-ahmad-modli-sie-za-ofiary-ataku-terrorystycznego-na-meczet-ahmadiyya-w-rabwah-w-pakistanie\/"},"author":{"name":"kasiapl","@id":"https:\/\/www.ahmadiyya-islam.org\/pl\/#\/schema\/person\/1841283eac729e0aa9eb202edf598665"},"headline":"Hazrat Mirza Masroor Ahmad modli si\u0119 za ofiary ataku terrorystycznego na meczet Ahmadiyya w Rabwah w Pakistanie","datePublished":"2025-10-14T10:49:52+00:00","dateModified":"2025-10-14T10:51:09+00:00","mainEntityOfPage":{"@id":"https:\/\/www.ahmadiyya-islam.org\/pl\/aktualnosci\/hazrat-mirza-masroor-ahmad-modli-sie-za-ofiary-ataku-terrorystycznego-na-meczet-ahmadiyya-w-rabwah-w-pakistanie\/"},"wordCount":640,"image":{"@id":"https:\/\/www.ahmadiyya-islam.org\/pl\/aktualnosci\/hazrat-mirza-masroor-ahmad-modli-sie-za-ofiary-ataku-terrorystycznego-na-meczet-ahmadiyya-w-rabwah-w-pakistanie\/#primaryimage"},"thumbnailUrl":"https:\/\/www.ahmadiyya-islam.org\/pl\/wp-content\/uploads\/sites\/25\/2025\/10\/RabwahMosqueAttack2.jpeg","keywords":["Atak na meczet w Rabwah","atak terrorystyczny"],"articleSection":["Aktualnosci"],"inLanguage":"pl-PL"},{"@type":"WebPage","@id":"https:\/\/www.ahmadiyya-islam.org\/pl\/aktualnosci\/hazrat-mirza-masroor-ahmad-modli-sie-za-ofiary-ataku-terrorystycznego-na-meczet-ahmadiyya-w-rabwah-w-pakistanie\/","url":"https:\/\/www.ahmadiyya-islam.org\/pl\/aktualnosci\/hazrat-mirza-masroor-ahmad-modli-sie-za-ofiary-ataku-terrorystycznego-na-meczet-ahmadiyya-w-rabwah-w-pakistanie\/","name":"Hazrat Mirza Masroor Ahmad modli si\u0119 za ofiary ataku terrorystycznego na meczet Ahmadiyya w Rabwah w Pakistanie - Stowarzyszenie Muzu\u0142ma\u0144skie Ahmadiyya","isPartOf":{"@id":"https:\/\/www.ahmadiyya-islam.org\/pl\/#website"},"primaryImageOfPage":{"@id":"https:\/\/www.ahmadiyya-islam.org\/pl\/aktualnosci\/hazrat-mirza-masroor-ahmad-modli-sie-za-ofiary-ataku-terrorystycznego-na-meczet-ahmadiyya-w-rabwah-w-pakistanie\/#primaryimage"},"image":{"@id":"https:\/\/www.ahmadiyya-islam.org\/pl\/aktualnosci\/hazrat-mirza-masroor-ahmad-modli-sie-za-ofiary-ataku-terrorystycznego-na-meczet-ahmadiyya-w-rabwah-w-pakistanie\/#primaryimage"},"thumbnailUrl":"https:\/\/www.ahmadiyya-islam.org\/pl\/wp-content\/uploads\/sites\/25\/2025\/10\/RabwahMosqueAttack2.jpeg","datePublished":"2025-10-14T10:49:52+00:00","dateModified":"2025-10-14T10:51:09+00:00","author":{"@id":"https:\/\/www.ahmadiyya-islam.org\/pl\/#\/schema\/person\/1841283eac729e0aa9eb202edf598665"},"breadcrumb":{"@id":"https:\/\/www.ahmadiyya-islam.org\/pl\/aktualnosci\/hazrat-mirza-masroor-ahmad-modli-sie-za-ofiary-ataku-terrorystycznego-na-meczet-ahmadiyya-w-rabwah-w-pakistanie\/#breadcrumb"},"inLanguage":"pl-PL","potentialAction":[{"@type":"ReadAction","target":["https:\/\/www.ahmadiyya-islam.org\/pl\/aktualnosci\/hazrat-mirza-masroor-ahmad-modli-sie-za-ofiary-ataku-terrorystycznego-na-meczet-ahmadiyya-w-rabwah-w-pakistanie\/"]}]},{"@type":"ImageObject","inLanguage":"pl-PL","@id":"https:\/\/www.ahmadiyya-islam.org\/pl\/aktualnosci\/hazrat-mirza-masroor-ahmad-modli-sie-za-ofiary-ataku-terrorystycznego-na-meczet-ahmadiyya-w-rabwah-w-pakistanie\/#primaryimage","url":"https:\/\/www.ahmadiyya-islam.org\/pl\/wp-content\/uploads\/sites\/25\/2025\/10\/RabwahMosqueAttack2.jpeg","contentUrl":"https:\/\/www.ahmadiyya-islam.org\/pl\/wp-content\/uploads\/sites\/25\/2025\/10\/RabwahMosqueAttack2.jpeg","width":941,"height":1673},{"@type":"BreadcrumbList","@id":"https:\/\/www.ahmadiyya-islam.org\/pl\/aktualnosci\/hazrat-mirza-masroor-ahmad-modli-sie-za-ofiary-ataku-terrorystycznego-na-meczet-ahmadiyya-w-rabwah-w-pakistanie\/#breadcrumb","itemListElement":[{"@type":"ListItem","position":1,"name":"Home","item":"https:\/\/www.ahmadiyya-islam.org\/pl\/"},{"@type":"ListItem","position":2,"name":"Hazrat Mirza Masroor Ahmad modli si\u0119 za ofiary ataku terrorystycznego na meczet Ahmadiyya w Rabwah w Pakistanie"}]},{"@type":"WebSite","@id":"https:\/\/www.ahmadiyya-islam.org\/pl\/#website","url":"https:\/\/www.ahmadiyya-islam.org\/pl\/","name":"Stowarzyszenie Muzu\u0142ma\u0144skie Ahmadiyya","description":"Polska","potentialAction":[{"@type":"SearchAction","target":{"@type":"EntryPoint","urlTemplate":"https:\/\/www.ahmadiyya-islam.org\/pl\/?s={search_term_string}"},"query-input":{"@type":"PropertyValueSpecification","valueRequired":true,"valueName":"search_term_string"}}],"inLanguage":"pl-PL"},{"@type":"Person","@id":"https:\/\/www.ahmadiyya-islam.org\/pl\/#\/schema\/person\/1841283eac729e0aa9eb202edf598665","name":"kasiapl","url":"https:\/\/www.ahmadiyya-islam.org\/pl\/author\/kasiapl\/"}]}},"_links":{"self":[{"href":"https:\/\/www.ahmadiyya-islam.org\/pl\/wp-json\/wp\/v2\/posts\/3068","targetHints":{"allow":["GET"]}}],"collection":[{"href":"https:\/\/www.ahmadiyya-islam.org\/pl\/wp-json\/wp\/v2\/posts"}],"about":[{"href":"https:\/\/www.ahmadiyya-islam.org\/pl\/wp-json\/wp\/v2\/types\/post"}],"author":[{"embeddable":true,"href":"https:\/\/www.ahmadiyya-islam.org\/pl\/wp-json\/wp\/v2\/users\/86"}],"replies":[{"embeddable":true,"href":"https:\/\/www.ahmadiyya-islam.org\/pl\/wp-json\/wp\/v2\/comments?post=3068"}],"version-history":[{"count":1,"href":"https:\/\/www.ahmadiyya-islam.org\/pl\/wp-json\/wp\/v2\/posts\/3068\/revisions"}],"predecessor-version":[{"id":3072,"href":"https:\/\/www.ahmadiyya-islam.org\/pl\/wp-json\/wp\/v2\/posts\/3068\/revisions\/3072"}],"wp:featuredmedia":[{"embeddable":true,"href":"https:\/\/www.ahmadiyya-islam.org\/pl\/wp-json\/wp\/v2\/media\/3070"}],"wp:attachment":[{"href":"https:\/\/www.ahmadiyya-islam.org\/pl\/wp-json\/wp\/v2\/media?parent=3068"}],"wp:term":[{"taxonomy":"category","embeddable":true,"href":"https:\/\/www.ahmadiyya-islam.org\/pl\/wp-json\/wp\/v2\/categories?post=3068"},{"taxonomy":"post_tag","embeddable":true,"href":"https:\/\/www.ahmadiyya-islam.org\/pl\/wp-json\/wp\/v2\/tags?post=3068"},{"taxonomy":"topics","embeddable":true,"href":"https:\/\/www.ahmadiyya-islam.org\/pl\/wp-json\/wp\/v2\/topics?post=3068"},{"taxonomy":"authors","embeddable":true,"href":"https:\/\/www.ahmadiyya-islam.org\/pl\/wp-json\/wp\/v2\/authors?post=3068"},{"taxonomy":"geo_locations","embeddable":true,"href":"https:\/\/www.ahmadiyya-islam.org\/pl\/wp-json\/wp\/v2\/geo_locations?post=3068"},{"taxonomy":"content_source","embeddable":true,"href":"https:\/\/www.ahmadiyya-islam.org\/pl\/wp-json\/wp\/v2\/content_source?post=3068"}],"curies":[{"name":"wp","href":"https:\/\/api.w.org\/{rel}","templated":true}]}}