{"id":2940,"date":"2025-02-18T13:06:35","date_gmt":"2025-02-18T12:06:35","guid":{"rendered":"https:\/\/www.ahmadiyya-islam.org\/pl\/?p=2940"},"modified":"2025-02-18T13:27:32","modified_gmt":"2025-02-18T12:27:32","slug":"podniescie-standard-swojej-salat-khuddam-z-monachium-w-niemczech-spotyka-huzoora","status":"publish","type":"post","link":"https:\/\/www.ahmadiyya-islam.org\/pl\/aktualnosci\/podniescie-standard-swojej-salat-khuddam-z-monachium-w-niemczech-spotyka-huzoora\/","title":{"rendered":"\u201ePodnie\u015bcie standard swojego salat\u201d: Khuddam z Monachium w Niemczech spotyka Huzoora"},"content":{"rendered":"<p><em>Sobota, 25 stycznia 2025 r., Islamabad, Wielka Brytania<\/em>:<\/p>\n<p><em>Khuddam<\/em>\u00a0z Monachium w Niemczech mia\u0142 okazj\u0119 spotka\u0107 si\u0119 na\u00a0<em><a href=\"https:\/\/www.alhakam.org\/category\/from-the-markaz\/\">mulaqat<\/a><\/em>\u00a0z Hazrat Mirz\u0105 Masroor Ahmadem, Khalifatul Masih V\u00a0<sup>aa<\/sup>, w Islamabadzie w Wielkiej Brytanii.<\/p>\n<p>Po przybyciu Huzoor\u00a0<sup>aa<\/sup>\u00a0przywita\u0142 uczestnik\u00f3w i zaj\u0105\u0142 swoje miejsce. Misjonarz,\u00a0towarzysz\u0105cy grupie, poinformowa\u0142 Huzoora\u00a0<sup>aa<\/sup>\u00a0o\u00a0<em>khuddam<\/em>\u00a0i wspomnia\u0142, \u017ce maj\u0105 kilka pyta\u0144 do zadania. Huzoor\u00a0<sup>aa<\/sup>\u00a0poprosi\u0142 nast\u0119pnie ka\u017cdego\u00a0<em>khadim<\/em>\u00a0o przedstawienie si\u0119, pytaj\u0105c o ich pochodzenie rodzinne, studia i kariery itp.<\/p>\n<p>Nast\u0119pnie khuddam\u00a0mieli okazj\u0119 zada\u0107 pytania i zwr\u00f3ci\u0107 si\u0119 o wskaz\u00f3wki\u00a0do<em>\u00a0<\/em>Huzoora.<\/p>\n<h4><strong>Radzenie sobie ze strat\u0105 zamordowanego cz\u0142onka rodziny<\/strong><\/h4>\n<p>Jeden\u00a0<em>khadim<\/em>\u00a0wspomnia\u0142, \u017ce jego te\u015b\u0107 zosta\u0142 zamordowany. Jego \u017cona pozostaje zmartwiona i smutna. Szuka\u0142 wskaz\u00f3wek u Huzoora\u00a0<sup>aa<\/sup>, jak j\u0105 pocieszy\u0107.<\/p>\n<p>Huzoor\u00a0<sup>aa<\/sup>\u00a0podkre\u015bli\u0142 znaczenie modlitwy i pozostawania niez\u0142omnym w cnotliwych czynach, aby znale\u017a\u0107 pocieszenie i ukojenie. Huzoor\u00a0<sup>aa<\/sup>\u00a0powiedzia\u0142:<\/p>\n<p>\u201eM\u00f3dlcie si\u0119 za niego. M\u00f3dlcie si\u0119 o jego przebaczenie. On rzeczywi\u015bcie osi\u0105gn\u0105\u0142 wznios\u0142y status m\u0119cze\u0144stwa. Jestem tego pewien. Mam nadziej\u0119, \u017ce osi\u0105gn\u0105\u0142 zadowolenie Allaha Najwy\u017cszego.<\/p>\n<p>\u201eWczoraj opowiedzia\u0142em o zdarzeniu z Towarzyszem, kt\u00f3ry widzia\u0142 sen zinterpretowany przez Hazrat Abu Bakra\u00a0<sup>ra<\/sup>. Powiedzia\u0142: \u201eDobra nowina, bo przyjmiesz m\u0119cze\u0144stwo\u201d. Takie zdarzenia mia\u0142y miejsceh w przesz\u0142o\u015bci. Ranga m\u0119cze\u0144stwa jest bardzo wysoka.<\/p>\n<p>\u201eNale\u017cy zawsze modli\u0107 si\u0119, aby Allah Najwy\u017cszy nadal podnosi\u0142 jego status [w raju]. Umo\u017cliwi\u0142 wam, kt\u00f3rzy jeste\u015bcie jego dzie\u0107mi, pozostanie niez\u0142omnymi w cnotach. Nie powinno by\u0107 tak, \u017ce z\u0142e czyny jego potomstwa zmarnuj\u0105 jego po\u015bwi\u0119cenie. Takie po\u015bwi\u0119cenie nigdy nie jest zmarnowane jako takie. Ale mo\u017cecie zosta\u0107 pozbawieni jego nagrody [z powodu waszych w\u0142asnych czyn\u00f3w].<\/p>\n<p>\u201eDlatego powiniene\u015b modli\u0107 si\u0119 za siebie, aby Allah Najwy\u017cszy udzieli\u0142 ci cierpliwo\u015bci i wytrwa\u0142o\u015bci. Podni\u00f3s\u0142 jego status w raju. Pozwoli\u0142 ci pozosta\u0107 konsekwentnym w wykonywaniu cnotliwych uczynk\u00f3w. I udzieli\u0142 ci pokoju i spokoju. W ten spos\u00f3b Allah Najwy\u017cszy udziela pocieszenia. M\u00f3dl si\u0119 w swoim\u00a0<em>salat<\/em>.\u201d<\/p>\n<h4><strong>D\u017calsa Salana Niemcy 2025<\/strong><\/h4>\n<p>Zapytany o udzia\u0142 w D\u017calsa Salana w Niemczech, Huzoor\u00a0<sup>aa<\/sup>\u00a0stwierdzi\u0142, \u017ce \u201eAllah wie najlepiej\u201d. Z u\u015bmiechem zauwa\u017cy\u0142, \u017ce je\u015bli nie b\u0119dzie m\u00f3g\u0142 uczestniczy\u0107,\u00a0<em>khadim<\/em>\u00a0zawsze b\u0119dzie m\u00f3g\u0142 odwiedzi\u0107 Wielk\u0105 Brytani\u0119 ponownie, tak jak zrobi\u0142 to tym razem.<\/p>\n<h4><strong>Islamskie prawo spadkowe<\/strong><\/h4>\n<p>Khadim\u00a0zapyta\u0142 o zastosowanie islamskich praw dziedziczenia w r\u00f3\u017cnych strukturach i warunkach rodzinnych. Huzoor\u00a0<sup>aa<\/sup>\u00a0poleci\u0142 mu przes\u0142a\u0107 zapytanie na pi\u015bmie, aby uzyska\u0107 bardziej szczeg\u00f3\u0142ow\u0105 odpowied\u017a i zaleci\u0142 przestudiowanie ksi\u0105\u017cki\u00a0<em>Islam\u00a0<\/em><a href=\"https:\/\/www.alislam.org\/urdu\/pdf\/Islam-Ka-Viraasti-Nizam.pdf\"><em>Ka Warathati Nizam<\/em><\/a>\u00a0autorstwa profesora Abdula Rashida Ghaniego Sahiba, kt\u00f3ra zapewnia kompleksowe zrozumienie tematu.<\/p>\n<h4><strong>Wype\u0142nianie zobowi\u0105za\u0144 <em>\u0141aqf-e-Nau<\/em><\/strong><\/h4>\n<p>Nast\u0119pnie dyskusja skupi\u0142a si\u0119 na obowi\u0105zkach uczestnik\u00f3w programu <em>\u0141aqf-e-Nau<\/em> i na tym, w jaki spos\u00f3b mog\u0105 oni skutecznie wywi\u0105zywa\u0107 si\u0119 ze swoich zobowi\u0105za\u0144.<\/p>\n<p>Huzoor\u00a0<sup>aa<\/sup>\u00a0przedstawi\u0142 podstawowe cechy prawdziwego\u00a0<em>\u0142aqif-e-nau<\/em>\u00a0, podkre\u015blaj\u0105c potrzeb\u0119 osobistego rozwoju duchowego, oddania s\u0142u\u017cbie i aktywnego uczestnictwa w\u00a0dzia\u0142aniach\u00a0<em>tabligh i <\/em>D\u017camaat<em>. <\/em><\/p>\n<blockquote><p><em>Huzoor\u00a0<\/em><sup>aa<\/sup>\u00a0powiedzia\u0142:<\/p>\n<p>\u201e<strong>Trzeba po\u015bwi\u0119ci\u0107 swoje \u017cycie<\/strong>. Je\u015bli D\u017camaat m\u00f3wi, \u017ce obecnie nie wymaga czyich\u015b us\u0142ug jako\u00a0<em>\u0142aqif<\/em>, to mo\u017cna tymczasowo pracowa\u0107 na zewn\u0105trz i po\u015bwi\u0119ci\u0107 sw\u00f3j wolny czas D\u017camaat. Po\u015bwi\u0119\u0107 czas [D\u017camaat] w weekendy i zaanga\u017cuj si\u0119 w\u00a0dzia\u0142ania\u00a0<em>tabligh.<\/em><\/p>\n<p>\u201ePrzede wszystkim staraj si\u0119 by\u0107 lepszym. Nie powiniene\u015b zadowala\u0107 si\u0119 tylko tytu\u0142em \u201e\u0141aqf-e-Nau\u201d. <strong>Powiniene\u015b r\u00f3wnie\u017c mie\u0107 relacj\u0119 z Bogiem Wszechmog\u0105cym<\/strong>. Strze\u017c swojego <em>salat<\/em>, <strong>podnie\u015b standard swojego\u00a0<em>salat<\/em><\/strong>, recytuj \u015awi\u0119ty Koran. <strong>Czytaj t\u0142umaczenie \u015awi\u0119tego Koranu<\/strong>, zrozum przykazania w nim zawarte i post\u0119puj zgodnie z nimi. Wtedy dana osoba b\u0119dzie prawdziwym uciele\u015bnieniem <em>\u0141aqf-e-Nau<\/em>. Nast\u0119pnie rozpowszechniaj t\u0119 nauk\u0119 r\u00f3wnie\u017c w\u015br\u00f3d innych.<\/p>\n<p>\u201ePrzyjd\u017a na zaj\u0119cia\u00a0<em>tabligh<\/em>, aby wype\u0142ni\u0107 swoje obowi\u0105zki. <strong>Nawet je\u015bli pracujesz na zewn\u0105trz, po\u015bwi\u0119\u0107 czas D\u017camaat w weekendy na zaj\u0119cia\u00a0<em>tarbiyat<\/em>\u00a0\u2013 i zwi\u0105zane z\u00a0<em>tabligh<\/em>, aby\u015b m\u00f3g\u0142 moralnie szkoli\u0107 innych.<\/strong> <strong>Nauczaj innych tego, czego sam si\u0119 nauczy\u0142e\u015b. Ponadto, r\u00f3b\u00a0<em>tabligh<\/em>\u00a0i szerz przes\u0142anie islamu Ahmadiyyat w\u015br\u00f3d innych<\/strong>\u201d.<\/p><\/blockquote>\n<h4><strong>\u017bycie pozaziemskie w literaturze islamskiej<\/strong><\/h4>\n<p>Khadim zapyta\u0142<em>,<\/em>\u00a0czy \u015awi\u0119ty Koran wspomina o \u017cyciu pozaziemskim.<\/p>\n<p>Huzoor\u00a0<sup>aa<\/sup>\u00a0poruszy\u0142 temat \u017cycia pozaziemskiego w naukach islamskich, stwierdzaj\u0105c, \u017ce istnieje mo\u017cliwo\u015b\u0107 istnienia wielu wszech\u015bwiat\u00f3w, co wynika z pewnych interpretacji Koranu. \u017baden konkretny werset nie wyja\u015bnia szczeg\u00f3\u0142owo, czym dok\u0142adnie mo\u017ce by\u0107 \u017cycie pozaziemskie. Jednak ogrom stworzenia sugeruje, \u017ce \u017cycie poza Ziemi\u0105 mo\u017ce by\u0107 mo\u017cliwe. Huzoor\u00a0<sup>aa<\/sup>\u00a0zach\u0119ca\u0142\u00a0<em>khadim<\/em> do g\u0142\u0119bszej refleksji nad tym tematem. Namawiaj\u0105c osob\u0119 do dok\u0142adnego zastanowienia si\u0119 nad nim i podzielenia si\u0119 swoimi spostrze\u017ceniami. Zw\u0142aszcza bior\u0105c pod uwag\u0119 jej wykszta\u0142cenie w fizyce.<\/p>\n<h4><strong>Pokonywanie odleg\u0142o\u015bci od meczetu<\/strong><\/h4>\n<p>Jeden z\u00a0<em>khadim\u00f3w<\/em>\u00a0wspomnia\u0142, \u017ce\u00a0<em>khuddam<\/em>\u00a0w Monachium maj\u0105 trudno\u015bci z uczestnictwem w modlitwach zbiorowych ze wzgl\u0119du na mieszkanie daleko od meczetu. Zwr\u00f3ci\u0142 si\u0119 do w\u0142adz z pro\u015bb\u0105 o wskaz\u00f3wki, jak rozwi\u0105za\u0107 ten problem.<\/p>\n<p>Huzoor\u00a0<sup>aa<\/sup>\u00a0udzieli\u0142 praktycznych wskaz\u00f3wek, jak\u00a0<em>khuddam<\/em>\u00a0mo\u017ce ustanowi\u0107 modlitwy kongregacyjne pomimo odleg\u0142o\u015bci od meczetu. Powiedzia\u0142:<\/p>\n<p>\u201ePowiedz im, \u017ceby przyszli [do meczetu] przynajmniej na jedn\u0105 modlitw\u0119. Chyba \u017ce jest kto\u015b, kto jest skrajnie ubogi i nie mo\u017ce sobie na to pozwoli\u0107, albo podr\u00f3\u017c jest zbyt d\u0142uga.<\/p>\n<blockquote><p>\u201e<strong>Mo\u017cesz poprosi\u0107 kilku\u00a0<em>khuddam<\/em>, kt\u00f3rzy mieszkaj\u0105 stosunkowo blisko siebie, aby wyznaczyli sobie centrum w jednym ze swoich dom\u00f3w<\/strong>. Tam mogliby odprawia\u0107 <em>modlitwy<\/em>\u00a0w zgromadzeniu, je\u015bli trudno im b\u0119dzie przyj\u015b\u0107 do meczetu. Powiniene\u015b zwr\u00f3ci\u0107 ich uwag\u0119 na odprawianie modlitw w zgromadzeniu. Je\u015bli mieszkaj\u0105 daleko, to ludzie, kt\u00f3rzy mieszkaj\u0105 bli\u017cej siebie, powinni utworzy\u0107 w\u0142asne grupy. Wsp\u00f3lnie odprawia\u0107 modlitwy w zgromadzeniu.\u201d<\/p><\/blockquote>\n<p>Huzoor\u00a0<sup>aa<\/sup>\u00a0wyja\u015bni\u0142, \u017ce w niekt\u00f3rych miejscach meczety s\u0105 zak\u0142adane w r\u00f3\u017cnych miejscowo\u015bciach, aby zapewni\u0107 wiernym \u0142atwy dost\u0119p. Doradzi\u0142, aby\u00a0<em>khuddam<\/em> utworzyli w\u0142asne wyznaczone centra\u00a0<em>salat<\/em>, aby u\u0142atwi\u0107 modlitwy zbiorowe. Chocia\u017c takie rozwi\u0105zanie mo\u017ce nie by\u0107 mo\u017cliwe na Zachodzie.<\/p>\n<h4><strong>Nabo\u017ce\u0144stwo dla os\u00f3b z powa\u017cnymi ograniczeniami zdrowotnymi<\/strong><\/h4>\n<p>Khadim zapyta\u0142 o obowi\u0105zki religijne cz\u0142onka rodziny<em>,<\/em>\u00a0kt\u00f3ry zmaga\u0142 si\u0119 z powa\u017cnymi ograniczeniami zdrowotnymi, kt\u00f3re uniemo\u017cliwia\u0142y mu wykonywanie czynno\u015bci religijnych w zwyk\u0142y spos\u00f3b.<\/p>\n<p>Hudhur\u00a0uspokoi\u0142, wyja\u015bniaj\u0105c, \u017ce od os\u00f3b w takich okoliczno\u015bciach oczekuje si\u0119 jedynie, \u017ce zrobi\u0105 to, co w ich mocy, poniewa\u017c nauki islamu nie nak\u0142adaj\u0105 na cz\u0142owieka ci\u0119\u017car\u00f3w przekraczaj\u0105cych jego mo\u017cliwo\u015bci. (Sura Al-Baqarah, 2: 287) Doda\u0142 r\u00f3wnie\u017c, \u017ce osoby stoj\u0105ce w obliczu takich trudno\u015bci otrzymuj\u0105 ulg\u0119 w wype\u0142nianiu swoich obowi\u0105zk\u00f3w religijnych.<\/p>\n<h4><strong>Zako\u0144czenie<\/strong><\/h4>\n<p>Na\u00a0zako\u0144czenie\u00a0<em>mulaqat\u00a0khuddam<\/em> mia\u0142o zaszczyt zrobi\u0107 sobie grupowe zdj\u0119cie z\u00a0Huzoorem.<\/p>\n<p><strong>(Streszczenie przygotowane przez\u00a0<em>Al Hakam<\/em>)<\/strong><\/p>\n","protected":false},"excerpt":{"rendered":"<p>Sobota, 25 stycznia 2025 r., Islamabad, Wielka Brytania: Khuddam\u00a0z Monachium w Niemczech mia\u0142 okazj\u0119 spotka\u0107 si\u0119 na\u00a0mulaqat\u00a0z Hazrat Mirz\u0105 Masroor Ahmadem, Khalifatul Masih V\u00a0aa, w Islamabadzie w Wielkiej Brytanii. Po przybyciu Huzoor\u00a0aa\u00a0przywita\u0142 uczestnik\u00f3w i zaj\u0105\u0142 swoje miejsce. Misjonarz,\u00a0towarzysz\u0105cy grupie, poinformowa\u0142 Huzoora\u00a0aa\u00a0o\u00a0khuddam\u00a0i wspomnia\u0142, \u017ce maj\u0105 kilka pyta\u0144 do zadania. Huzoor\u00a0aa\u00a0poprosi\u0142 nast\u0119pnie ka\u017cdego\u00a0khadim\u00a0o przedstawienie si\u0119, pytaj\u0105c o<\/p>\n","protected":false},"author":86,"featured_media":2941,"comment_status":"closed","ping_status":"closed","sticky":false,"template":"","format":"standard","meta":{"_acf_changed":false,"footnotes":""},"categories":[70],"tags":[626,631,627,500],"topics":[4,630],"authors":[],"geo_locations":[],"content_source":[344],"class_list":["post-2940","post","type-post","status-publish","format-standard","has-post-thumbnail","hentry","category-aktualnosci","tag-khuddam","tag-monachium","tag-mulaqat","tag-niemcy","topics-ahmadiyya","topics-mulaqat","content_source-al-hakam"],"acf":[],"yoast_head":"<!-- This site is optimized with the Yoast SEO Premium plugin v21.1 (Yoast SEO v27.4) - https:\/\/yoast.com\/product\/yoast-seo-premium-wordpress\/ -->\n<title>\u201ePodnie\u015bcie standard swojego salat\u201d: Khuddam z Monachium w Niemczech spotyka Huzoora - Stowarzyszenie Muzu\u0142ma\u0144skie Ahmadiyya<\/title>\n<meta name=\"robots\" content=\"index, follow, max-snippet:-1, max-image-preview:large, max-video-preview:-1\" \/>\n<link rel=\"canonical\" href=\"https:\/\/www.ahmadiyya-islam.org\/pl\/aktualnosci\/podniescie-standard-swojej-salat-khuddam-z-monachium-w-niemczech-spotyka-huzoora\/\" \/>\n<meta property=\"og:locale\" content=\"pl_PL\" \/>\n<meta property=\"og:type\" content=\"article\" \/>\n<meta property=\"og:title\" content=\"\u201ePodnie\u015bcie standard swojego salat\u201d: Khuddam z Monachium w Niemczech spotyka Huzoora\" \/>\n<meta property=\"og:description\" content=\"Sobota, 25 stycznia 2025 r., Islamabad, Wielka Brytania: Khuddam\u00a0z Monachium w Niemczech mia\u0142 okazj\u0119 spotka\u0107 si\u0119 na\u00a0mulaqat\u00a0z Hazrat Mirz\u0105 Masroor Ahmadem, Khalifatul Masih V\u00a0aa, w Islamabadzie w Wielkiej Brytanii. Po przybyciu Huzoor\u00a0aa\u00a0przywita\u0142 uczestnik\u00f3w i zaj\u0105\u0142 swoje miejsce. Misjonarz,\u00a0towarzysz\u0105cy grupie, poinformowa\u0142 Huzoora\u00a0aa\u00a0o\u00a0khuddam\u00a0i wspomnia\u0142, \u017ce maj\u0105 kilka pyta\u0144 do zadania. Huzoor\u00a0aa\u00a0poprosi\u0142 nast\u0119pnie ka\u017cdego\u00a0khadim\u00a0o przedstawienie si\u0119, pytaj\u0105c o\" \/>\n<meta property=\"og:url\" content=\"https:\/\/www.ahmadiyya-islam.org\/pl\/aktualnosci\/podniescie-standard-swojej-salat-khuddam-z-monachium-w-niemczech-spotyka-huzoora\/\" \/>\n<meta property=\"og:site_name\" content=\"Stowarzyszenie Muzu\u0142ma\u0144skie Ahmadiyya\" \/>\n<meta property=\"article:published_time\" content=\"2025-02-18T12:06:35+00:00\" \/>\n<meta property=\"article:modified_time\" content=\"2025-02-18T12:27:32+00:00\" \/>\n<meta name=\"author\" content=\"kasiapl\" \/>\n<meta name=\"twitter:card\" content=\"summary_large_image\" \/>\n<meta name=\"twitter:label1\" content=\"Napisane przez\" \/>\n\t<meta name=\"twitter:data1\" content=\"kasiapl\" \/>\n\t<meta name=\"twitter:label2\" content=\"Szacowany czas czytania\" \/>\n\t<meta name=\"twitter:data2\" content=\"5 minut\" \/>\n<script type=\"application\/ld+json\" class=\"yoast-schema-graph\">{\"@context\":\"https:\\\/\\\/schema.org\",\"@graph\":[{\"@type\":\"Article\",\"@id\":\"https:\\\/\\\/www.ahmadiyya-islam.org\\\/pl\\\/aktualnosci\\\/podniescie-standard-swojej-salat-khuddam-z-monachium-w-niemczech-spotyka-huzoora\\\/#article\",\"isPartOf\":{\"@id\":\"https:\\\/\\\/www.ahmadiyya-islam.org\\\/pl\\\/aktualnosci\\\/podniescie-standard-swojej-salat-khuddam-z-monachium-w-niemczech-spotyka-huzoora\\\/\"},\"author\":{\"name\":\"kasiapl\",\"@id\":\"https:\\\/\\\/www.ahmadiyya-islam.org\\\/pl\\\/#\\\/schema\\\/person\\\/1841283eac729e0aa9eb202edf598665\"},\"headline\":\"\u201ePodnie\u015bcie standard swojego salat\u201d: Khuddam z Monachium w Niemczech spotyka Huzoora\",\"datePublished\":\"2025-02-18T12:06:35+00:00\",\"dateModified\":\"2025-02-18T12:27:32+00:00\",\"mainEntityOfPage\":{\"@id\":\"https:\\\/\\\/www.ahmadiyya-islam.org\\\/pl\\\/aktualnosci\\\/podniescie-standard-swojej-salat-khuddam-z-monachium-w-niemczech-spotyka-huzoora\\\/\"},\"wordCount\":1174,\"image\":{\"@id\":\"https:\\\/\\\/www.ahmadiyya-islam.org\\\/pl\\\/aktualnosci\\\/podniescie-standard-swojej-salat-khuddam-z-monachium-w-niemczech-spotyka-huzoora\\\/#primaryimage\"},\"thumbnailUrl\":\"https:\\\/\\\/www.ahmadiyya-islam.org\\\/pl\\\/wp-content\\\/uploads\\\/sites\\\/25\\\/2025\\\/02\\\/Khudam-Germany-Munich.avif\",\"keywords\":[\"Khuddam\",\"Monachium\",\"Mulaqat\",\"Niemcy\"],\"articleSection\":[\"Aktualnosci\"],\"inLanguage\":\"pl-PL\"},{\"@type\":\"WebPage\",\"@id\":\"https:\\\/\\\/www.ahmadiyya-islam.org\\\/pl\\\/aktualnosci\\\/podniescie-standard-swojej-salat-khuddam-z-monachium-w-niemczech-spotyka-huzoora\\\/\",\"url\":\"https:\\\/\\\/www.ahmadiyya-islam.org\\\/pl\\\/aktualnosci\\\/podniescie-standard-swojej-salat-khuddam-z-monachium-w-niemczech-spotyka-huzoora\\\/\",\"name\":\"\u201ePodnie\u015bcie standard swojego salat\u201d: Khuddam z Monachium w Niemczech spotyka Huzoora - Stowarzyszenie Muzu\u0142ma\u0144skie Ahmadiyya\",\"isPartOf\":{\"@id\":\"https:\\\/\\\/www.ahmadiyya-islam.org\\\/pl\\\/#website\"},\"primaryImageOfPage\":{\"@id\":\"https:\\\/\\\/www.ahmadiyya-islam.org\\\/pl\\\/aktualnosci\\\/podniescie-standard-swojej-salat-khuddam-z-monachium-w-niemczech-spotyka-huzoora\\\/#primaryimage\"},\"image\":{\"@id\":\"https:\\\/\\\/www.ahmadiyya-islam.org\\\/pl\\\/aktualnosci\\\/podniescie-standard-swojej-salat-khuddam-z-monachium-w-niemczech-spotyka-huzoora\\\/#primaryimage\"},\"thumbnailUrl\":\"https:\\\/\\\/www.ahmadiyya-islam.org\\\/pl\\\/wp-content\\\/uploads\\\/sites\\\/25\\\/2025\\\/02\\\/Khudam-Germany-Munich.avif\",\"datePublished\":\"2025-02-18T12:06:35+00:00\",\"dateModified\":\"2025-02-18T12:27:32+00:00\",\"author\":{\"@id\":\"https:\\\/\\\/www.ahmadiyya-islam.org\\\/pl\\\/#\\\/schema\\\/person\\\/1841283eac729e0aa9eb202edf598665\"},\"breadcrumb\":{\"@id\":\"https:\\\/\\\/www.ahmadiyya-islam.org\\\/pl\\\/aktualnosci\\\/podniescie-standard-swojej-salat-khuddam-z-monachium-w-niemczech-spotyka-huzoora\\\/#breadcrumb\"},\"inLanguage\":\"pl-PL\",\"potentialAction\":[{\"@type\":\"ReadAction\",\"target\":[\"https:\\\/\\\/www.ahmadiyya-islam.org\\\/pl\\\/aktualnosci\\\/podniescie-standard-swojej-salat-khuddam-z-monachium-w-niemczech-spotyka-huzoora\\\/\"]}]},{\"@type\":\"ImageObject\",\"inLanguage\":\"pl-PL\",\"@id\":\"https:\\\/\\\/www.ahmadiyya-islam.org\\\/pl\\\/aktualnosci\\\/podniescie-standard-swojej-salat-khuddam-z-monachium-w-niemczech-spotyka-huzoora\\\/#primaryimage\",\"url\":\"https:\\\/\\\/www.ahmadiyya-islam.org\\\/pl\\\/wp-content\\\/uploads\\\/sites\\\/25\\\/2025\\\/02\\\/Khudam-Germany-Munich.avif\",\"contentUrl\":\"https:\\\/\\\/www.ahmadiyya-islam.org\\\/pl\\\/wp-content\\\/uploads\\\/sites\\\/25\\\/2025\\\/02\\\/Khudam-Germany-Munich.avif\",\"width\":800,\"height\":368},{\"@type\":\"BreadcrumbList\",\"@id\":\"https:\\\/\\\/www.ahmadiyya-islam.org\\\/pl\\\/aktualnosci\\\/podniescie-standard-swojej-salat-khuddam-z-monachium-w-niemczech-spotyka-huzoora\\\/#breadcrumb\",\"itemListElement\":[{\"@type\":\"ListItem\",\"position\":1,\"name\":\"Home\",\"item\":\"https:\\\/\\\/www.ahmadiyya-islam.org\\\/pl\\\/\"},{\"@type\":\"ListItem\",\"position\":2,\"name\":\"\u201ePodnie\u015bcie standard swojego salat\u201d: Khuddam z Monachium w Niemczech spotyka Huzoora\"}]},{\"@type\":\"WebSite\",\"@id\":\"https:\\\/\\\/www.ahmadiyya-islam.org\\\/pl\\\/#website\",\"url\":\"https:\\\/\\\/www.ahmadiyya-islam.org\\\/pl\\\/\",\"name\":\"Stowarzyszenie Muzu\u0142ma\u0144skie Ahmadiyya\",\"description\":\"Polska\",\"potentialAction\":[{\"@type\":\"SearchAction\",\"target\":{\"@type\":\"EntryPoint\",\"urlTemplate\":\"https:\\\/\\\/www.ahmadiyya-islam.org\\\/pl\\\/?s={search_term_string}\"},\"query-input\":{\"@type\":\"PropertyValueSpecification\",\"valueRequired\":true,\"valueName\":\"search_term_string\"}}],\"inLanguage\":\"pl-PL\"},{\"@type\":\"Person\",\"@id\":\"https:\\\/\\\/www.ahmadiyya-islam.org\\\/pl\\\/#\\\/schema\\\/person\\\/1841283eac729e0aa9eb202edf598665\",\"name\":\"kasiapl\",\"url\":\"https:\\\/\\\/www.ahmadiyya-islam.org\\\/pl\\\/author\\\/kasiapl\\\/\"}]}<\/script>\n<!-- \/ Yoast SEO Premium plugin. -->","yoast_head_json":{"title":"\u201ePodnie\u015bcie standard swojego salat\u201d: Khuddam z Monachium w Niemczech spotyka Huzoora - Stowarzyszenie Muzu\u0142ma\u0144skie Ahmadiyya","robots":{"index":"index","follow":"follow","max-snippet":"max-snippet:-1","max-image-preview":"max-image-preview:large","max-video-preview":"max-video-preview:-1"},"canonical":"https:\/\/www.ahmadiyya-islam.org\/pl\/aktualnosci\/podniescie-standard-swojej-salat-khuddam-z-monachium-w-niemczech-spotyka-huzoora\/","og_locale":"pl_PL","og_type":"article","og_title":"\u201ePodnie\u015bcie standard swojego salat\u201d: Khuddam z Monachium w Niemczech spotyka Huzoora","og_description":"Sobota, 25 stycznia 2025 r., Islamabad, Wielka Brytania: Khuddam\u00a0z Monachium w Niemczech mia\u0142 okazj\u0119 spotka\u0107 si\u0119 na\u00a0mulaqat\u00a0z Hazrat Mirz\u0105 Masroor Ahmadem, Khalifatul Masih V\u00a0aa, w Islamabadzie w Wielkiej Brytanii. Po przybyciu Huzoor\u00a0aa\u00a0przywita\u0142 uczestnik\u00f3w i zaj\u0105\u0142 swoje miejsce. Misjonarz,\u00a0towarzysz\u0105cy grupie, poinformowa\u0142 Huzoora\u00a0aa\u00a0o\u00a0khuddam\u00a0i wspomnia\u0142, \u017ce maj\u0105 kilka pyta\u0144 do zadania. Huzoor\u00a0aa\u00a0poprosi\u0142 nast\u0119pnie ka\u017cdego\u00a0khadim\u00a0o przedstawienie si\u0119, pytaj\u0105c o","og_url":"https:\/\/www.ahmadiyya-islam.org\/pl\/aktualnosci\/podniescie-standard-swojej-salat-khuddam-z-monachium-w-niemczech-spotyka-huzoora\/","og_site_name":"Stowarzyszenie Muzu\u0142ma\u0144skie Ahmadiyya","article_published_time":"2025-02-18T12:06:35+00:00","article_modified_time":"2025-02-18T12:27:32+00:00","author":"kasiapl","twitter_card":"summary_large_image","twitter_misc":{"Napisane przez":"kasiapl","Szacowany czas czytania":"5 minut"},"schema":{"@context":"https:\/\/schema.org","@graph":[{"@type":"Article","@id":"https:\/\/www.ahmadiyya-islam.org\/pl\/aktualnosci\/podniescie-standard-swojej-salat-khuddam-z-monachium-w-niemczech-spotyka-huzoora\/#article","isPartOf":{"@id":"https:\/\/www.ahmadiyya-islam.org\/pl\/aktualnosci\/podniescie-standard-swojej-salat-khuddam-z-monachium-w-niemczech-spotyka-huzoora\/"},"author":{"name":"kasiapl","@id":"https:\/\/www.ahmadiyya-islam.org\/pl\/#\/schema\/person\/1841283eac729e0aa9eb202edf598665"},"headline":"\u201ePodnie\u015bcie standard swojego salat\u201d: Khuddam z Monachium w Niemczech spotyka Huzoora","datePublished":"2025-02-18T12:06:35+00:00","dateModified":"2025-02-18T12:27:32+00:00","mainEntityOfPage":{"@id":"https:\/\/www.ahmadiyya-islam.org\/pl\/aktualnosci\/podniescie-standard-swojej-salat-khuddam-z-monachium-w-niemczech-spotyka-huzoora\/"},"wordCount":1174,"image":{"@id":"https:\/\/www.ahmadiyya-islam.org\/pl\/aktualnosci\/podniescie-standard-swojej-salat-khuddam-z-monachium-w-niemczech-spotyka-huzoora\/#primaryimage"},"thumbnailUrl":"https:\/\/www.ahmadiyya-islam.org\/pl\/wp-content\/uploads\/sites\/25\/2025\/02\/Khudam-Germany-Munich.avif","keywords":["Khuddam","Monachium","Mulaqat","Niemcy"],"articleSection":["Aktualnosci"],"inLanguage":"pl-PL"},{"@type":"WebPage","@id":"https:\/\/www.ahmadiyya-islam.org\/pl\/aktualnosci\/podniescie-standard-swojej-salat-khuddam-z-monachium-w-niemczech-spotyka-huzoora\/","url":"https:\/\/www.ahmadiyya-islam.org\/pl\/aktualnosci\/podniescie-standard-swojej-salat-khuddam-z-monachium-w-niemczech-spotyka-huzoora\/","name":"\u201ePodnie\u015bcie standard swojego salat\u201d: Khuddam z Monachium w Niemczech spotyka Huzoora - Stowarzyszenie Muzu\u0142ma\u0144skie Ahmadiyya","isPartOf":{"@id":"https:\/\/www.ahmadiyya-islam.org\/pl\/#website"},"primaryImageOfPage":{"@id":"https:\/\/www.ahmadiyya-islam.org\/pl\/aktualnosci\/podniescie-standard-swojej-salat-khuddam-z-monachium-w-niemczech-spotyka-huzoora\/#primaryimage"},"image":{"@id":"https:\/\/www.ahmadiyya-islam.org\/pl\/aktualnosci\/podniescie-standard-swojej-salat-khuddam-z-monachium-w-niemczech-spotyka-huzoora\/#primaryimage"},"thumbnailUrl":"https:\/\/www.ahmadiyya-islam.org\/pl\/wp-content\/uploads\/sites\/25\/2025\/02\/Khudam-Germany-Munich.avif","datePublished":"2025-02-18T12:06:35+00:00","dateModified":"2025-02-18T12:27:32+00:00","author":{"@id":"https:\/\/www.ahmadiyya-islam.org\/pl\/#\/schema\/person\/1841283eac729e0aa9eb202edf598665"},"breadcrumb":{"@id":"https:\/\/www.ahmadiyya-islam.org\/pl\/aktualnosci\/podniescie-standard-swojej-salat-khuddam-z-monachium-w-niemczech-spotyka-huzoora\/#breadcrumb"},"inLanguage":"pl-PL","potentialAction":[{"@type":"ReadAction","target":["https:\/\/www.ahmadiyya-islam.org\/pl\/aktualnosci\/podniescie-standard-swojej-salat-khuddam-z-monachium-w-niemczech-spotyka-huzoora\/"]}]},{"@type":"ImageObject","inLanguage":"pl-PL","@id":"https:\/\/www.ahmadiyya-islam.org\/pl\/aktualnosci\/podniescie-standard-swojej-salat-khuddam-z-monachium-w-niemczech-spotyka-huzoora\/#primaryimage","url":"https:\/\/www.ahmadiyya-islam.org\/pl\/wp-content\/uploads\/sites\/25\/2025\/02\/Khudam-Germany-Munich.avif","contentUrl":"https:\/\/www.ahmadiyya-islam.org\/pl\/wp-content\/uploads\/sites\/25\/2025\/02\/Khudam-Germany-Munich.avif","width":800,"height":368},{"@type":"BreadcrumbList","@id":"https:\/\/www.ahmadiyya-islam.org\/pl\/aktualnosci\/podniescie-standard-swojej-salat-khuddam-z-monachium-w-niemczech-spotyka-huzoora\/#breadcrumb","itemListElement":[{"@type":"ListItem","position":1,"name":"Home","item":"https:\/\/www.ahmadiyya-islam.org\/pl\/"},{"@type":"ListItem","position":2,"name":"\u201ePodnie\u015bcie standard swojego salat\u201d: Khuddam z Monachium w Niemczech spotyka Huzoora"}]},{"@type":"WebSite","@id":"https:\/\/www.ahmadiyya-islam.org\/pl\/#website","url":"https:\/\/www.ahmadiyya-islam.org\/pl\/","name":"Stowarzyszenie Muzu\u0142ma\u0144skie Ahmadiyya","description":"Polska","potentialAction":[{"@type":"SearchAction","target":{"@type":"EntryPoint","urlTemplate":"https:\/\/www.ahmadiyya-islam.org\/pl\/?s={search_term_string}"},"query-input":{"@type":"PropertyValueSpecification","valueRequired":true,"valueName":"search_term_string"}}],"inLanguage":"pl-PL"},{"@type":"Person","@id":"https:\/\/www.ahmadiyya-islam.org\/pl\/#\/schema\/person\/1841283eac729e0aa9eb202edf598665","name":"kasiapl","url":"https:\/\/www.ahmadiyya-islam.org\/pl\/author\/kasiapl\/"}]}},"_links":{"self":[{"href":"https:\/\/www.ahmadiyya-islam.org\/pl\/wp-json\/wp\/v2\/posts\/2940","targetHints":{"allow":["GET"]}}],"collection":[{"href":"https:\/\/www.ahmadiyya-islam.org\/pl\/wp-json\/wp\/v2\/posts"}],"about":[{"href":"https:\/\/www.ahmadiyya-islam.org\/pl\/wp-json\/wp\/v2\/types\/post"}],"author":[{"embeddable":true,"href":"https:\/\/www.ahmadiyya-islam.org\/pl\/wp-json\/wp\/v2\/users\/86"}],"replies":[{"embeddable":true,"href":"https:\/\/www.ahmadiyya-islam.org\/pl\/wp-json\/wp\/v2\/comments?post=2940"}],"version-history":[{"count":1,"href":"https:\/\/www.ahmadiyya-islam.org\/pl\/wp-json\/wp\/v2\/posts\/2940\/revisions"}],"predecessor-version":[{"id":2945,"href":"https:\/\/www.ahmadiyya-islam.org\/pl\/wp-json\/wp\/v2\/posts\/2940\/revisions\/2945"}],"wp:featuredmedia":[{"embeddable":true,"href":"https:\/\/www.ahmadiyya-islam.org\/pl\/wp-json\/wp\/v2\/media\/2941"}],"wp:attachment":[{"href":"https:\/\/www.ahmadiyya-islam.org\/pl\/wp-json\/wp\/v2\/media?parent=2940"}],"wp:term":[{"taxonomy":"category","embeddable":true,"href":"https:\/\/www.ahmadiyya-islam.org\/pl\/wp-json\/wp\/v2\/categories?post=2940"},{"taxonomy":"post_tag","embeddable":true,"href":"https:\/\/www.ahmadiyya-islam.org\/pl\/wp-json\/wp\/v2\/tags?post=2940"},{"taxonomy":"topics","embeddable":true,"href":"https:\/\/www.ahmadiyya-islam.org\/pl\/wp-json\/wp\/v2\/topics?post=2940"},{"taxonomy":"authors","embeddable":true,"href":"https:\/\/www.ahmadiyya-islam.org\/pl\/wp-json\/wp\/v2\/authors?post=2940"},{"taxonomy":"geo_locations","embeddable":true,"href":"https:\/\/www.ahmadiyya-islam.org\/pl\/wp-json\/wp\/v2\/geo_locations?post=2940"},{"taxonomy":"content_source","embeddable":true,"href":"https:\/\/www.ahmadiyya-islam.org\/pl\/wp-json\/wp\/v2\/content_source?post=2940"}],"curies":[{"name":"wp","href":"https:\/\/api.w.org\/{rel}","templated":true}]}}