{"id":2658,"date":"2024-03-20T10:00:54","date_gmt":"2024-03-20T09:00:54","guid":{"rendered":"https:\/\/www.ahmadiyya-islam.org\/pl\/?p=2658"},"modified":"2024-03-20T10:08:58","modified_gmt":"2024-03-20T09:08:58","slug":"dars-wyklady-w-trakcie-ramadanu-w-naszym-meczecie","status":"publish","type":"post","link":"https:\/\/www.ahmadiyya-islam.org\/pl\/aktualnosci-w-polsce\/dars-wyklady-w-trakcie-ramadanu-w-naszym-meczecie\/","title":{"rendered":"Dars wyk\u0142ady w trakcie Ramadanu w naszym meczecie"},"content":{"rendered":"<p>Muzu\u0142manie Ahmadi rozpocz\u0119li miesi\u0105c Postu \u2013 Ramadan, we wtorek, 12 marca.<\/p>\n<p>W czasie tego \u015bwi\u0119tego miesi\u0105ca muzu\u0142manie przebywaj\u0105 wi\u0119cej czasu ni\u017c zwykle w meczetach. Modl\u0105\u00a0 si\u0119, czytaj\u0105 Koran oraz s\u0142uchaj\u0105 specjalnych wyk\u0142ad\u00f3w \u2013 <strong><em>Dars<\/em><\/strong>, zazwyczaj przed zako\u0144czeniem postu( o zachodzie s\u0142o\u0144ca).<\/p>\n<p>Nasza Wsp\u00f3lnota w Warszawie, organizuje <em>Dars<\/em> w ka\u017cd\u0105 sobot\u0119. W dniu wolnym od pracy i szko\u0142y cz\u0142onkowie naszej spo\u0142eczno\u015bci przybywaj\u0105 do meczetu ca\u0142ym rodzinami aby wys\u0142ucha\u0107 <em>Dars<\/em> wyg\u0142oszone przez naszego Imama.<\/p>\n<p>W ostatni\u0105 sobot\u0119, 16 marca,\u00a0 Imam Stowarzyszenia wyg\u0142osi\u0142 wyk\u0142ad na temat znaczenia Ramadanu w naszym \u017cyciu. Po zako\u0144czeniu postu, pocz\u0119stowano obecnych tradycyjnie suszonymi daktylami i s\u0142odkimi przek\u0105skami oraz napojami.<\/p>\n<p>Nast\u0119pnie, odm\u00f3wiono modlitw\u0119 Magrib. Po niej podano ciep\u0142y posi\u0142ek &#8211; <em>Iftar<\/em>.<\/p>\n<p>Spotkanie zako\u0144czy\u0142o si\u0119 modlitw\u0105 Isza oraz Tara\u0142ih.<\/p>\n<p>Takie spotkania <em>Dars<\/em> b\u0119d\u0105 organizowane w ka\u017cd\u0105 sobot\u0119 w miesi\u0105cu Ramadan w meczecie przy ul. Dymnej 17.<\/p>\n","protected":false},"excerpt":{"rendered":"<p>W dniu wolnym od pracy i szko\u0142y cz\u0142onkowie naszej spo\u0142eczno\u015bci przybywaj\u0105 do meczetu ca\u0142ym rodzinami aby wys\u0142ucha\u0107 Dars wyg\u0142oszone przez naszego Imama.<\/p>\n","protected":false},"author":86,"featured_media":2664,"comment_status":"closed","ping_status":"closed","sticky":false,"template":"","format":"standard","meta":{"_acf_changed":false,"footnotes":""},"categories":[520,110],"tags":[],"topics":[],"authors":[],"geo_locations":[],"content_source":[535],"class_list":["post-2658","post","type-post","status-publish","format-standard","has-post-thumbnail","hentry","category-aktualnosci-w-polsce","category-kondolencje","content_source-alislam-pl"],"acf":[],"yoast_head":"<!-- This site is optimized with the Yoast SEO Premium plugin v21.1 (Yoast SEO v27.4) - https:\/\/yoast.com\/product\/yoast-seo-premium-wordpress\/ -->\n<title>Dars wyk\u0142ady w trakcie Ramadanu w naszym meczecie - Stowarzyszenie Muzu\u0142ma\u0144skie Ahmadiyya<\/title>\n<meta name=\"description\" content=\"W dniu wolnym od pracy i szko\u0142y cz\u0142onkowie naszej spo\u0142eczno\u015bci przybywaj\u0105 do meczetu ca\u0142ym rodzinami aby wys\u0142ucha\u0107 Dars wyg\u0142oszone przez naszego Imama.\" \/>\n<meta name=\"robots\" content=\"index, follow, max-snippet:-1, max-image-preview:large, max-video-preview:-1\" \/>\n<link rel=\"canonical\" href=\"https:\/\/www.ahmadiyya-islam.org\/pl\/aktualnosci-w-polsce\/dars-wyklady-w-trakcie-ramadanu-w-naszym-meczecie\/\" \/>\n<meta property=\"og:locale\" content=\"pl_PL\" \/>\n<meta property=\"og:type\" content=\"article\" \/>\n<meta property=\"og:title\" content=\"Dars wyk\u0142ady w trakcie Ramadanu w naszym meczecie\" \/>\n<meta property=\"og:description\" content=\"W dniu wolnym od pracy i szko\u0142y cz\u0142onkowie naszej spo\u0142eczno\u015bci przybywaj\u0105 do meczetu ca\u0142ym rodzinami aby wys\u0142ucha\u0107 Dars wyg\u0142oszone przez naszego Imama.\" \/>\n<meta property=\"og:url\" content=\"https:\/\/www.ahmadiyya-islam.org\/pl\/aktualnosci-w-polsce\/dars-wyklady-w-trakcie-ramadanu-w-naszym-meczecie\/\" \/>\n<meta property=\"og:site_name\" content=\"Stowarzyszenie Muzu\u0142ma\u0144skie Ahmadiyya\" \/>\n<meta property=\"article:published_time\" content=\"2024-03-20T09:00:54+00:00\" \/>\n<meta property=\"article:modified_time\" content=\"2024-03-20T09:08:58+00:00\" \/>\n<meta property=\"og:image\" content=\"http:\/\/www.ahmadiyya-islam.org\/pl\/wp-content\/uploads\/sites\/25\/2024\/03\/darsWMeczecie_5.jpeg\" \/>\n\t<meta property=\"og:image:width\" content=\"600\" \/>\n\t<meta property=\"og:image:height\" content=\"426\" \/>\n\t<meta property=\"og:image:type\" content=\"image\/jpeg\" \/>\n<meta name=\"author\" content=\"kasiapl\" \/>\n<meta name=\"twitter:card\" content=\"summary_large_image\" \/>\n<meta name=\"twitter:label1\" content=\"Napisane przez\" \/>\n\t<meta name=\"twitter:data1\" content=\"kasiapl\" \/>\n\t<meta name=\"twitter:label2\" content=\"Szacowany czas czytania\" \/>\n\t<meta name=\"twitter:data2\" content=\"1 minuta\" \/>\n<script type=\"application\/ld+json\" class=\"yoast-schema-graph\">{\"@context\":\"https:\\\/\\\/schema.org\",\"@graph\":[{\"@type\":\"Article\",\"@id\":\"https:\\\/\\\/www.ahmadiyya-islam.org\\\/pl\\\/aktualnosci-w-polsce\\\/dars-wyklady-w-trakcie-ramadanu-w-naszym-meczecie\\\/#article\",\"isPartOf\":{\"@id\":\"https:\\\/\\\/www.ahmadiyya-islam.org\\\/pl\\\/aktualnosci-w-polsce\\\/dars-wyklady-w-trakcie-ramadanu-w-naszym-meczecie\\\/\"},\"author\":{\"name\":\"kasiapl\",\"@id\":\"https:\\\/\\\/www.ahmadiyya-islam.org\\\/pl\\\/#\\\/schema\\\/person\\\/1841283eac729e0aa9eb202edf598665\"},\"headline\":\"Dars wyk\u0142ady w trakcie Ramadanu w naszym meczecie\",\"datePublished\":\"2024-03-20T09:00:54+00:00\",\"dateModified\":\"2024-03-20T09:08:58+00:00\",\"mainEntityOfPage\":{\"@id\":\"https:\\\/\\\/www.ahmadiyya-islam.org\\\/pl\\\/aktualnosci-w-polsce\\\/dars-wyklady-w-trakcie-ramadanu-w-naszym-meczecie\\\/\"},\"wordCount\":178,\"image\":{\"@id\":\"https:\\\/\\\/www.ahmadiyya-islam.org\\\/pl\\\/aktualnosci-w-polsce\\\/dars-wyklady-w-trakcie-ramadanu-w-naszym-meczecie\\\/#primaryimage\"},\"thumbnailUrl\":\"https:\\\/\\\/www.ahmadiyya-islam.org\\\/pl\\\/wp-content\\\/uploads\\\/sites\\\/25\\\/2024\\\/03\\\/darsWMeczecie_5.jpeg\",\"articleSection\":[\"Aktualno\u015bci w Polsce\",\"Kondolencje\"],\"inLanguage\":\"pl-PL\"},{\"@type\":\"WebPage\",\"@id\":\"https:\\\/\\\/www.ahmadiyya-islam.org\\\/pl\\\/aktualnosci-w-polsce\\\/dars-wyklady-w-trakcie-ramadanu-w-naszym-meczecie\\\/\",\"url\":\"https:\\\/\\\/www.ahmadiyya-islam.org\\\/pl\\\/aktualnosci-w-polsce\\\/dars-wyklady-w-trakcie-ramadanu-w-naszym-meczecie\\\/\",\"name\":\"Dars wyk\u0142ady w trakcie Ramadanu w naszym meczecie - Stowarzyszenie Muzu\u0142ma\u0144skie Ahmadiyya\",\"isPartOf\":{\"@id\":\"https:\\\/\\\/www.ahmadiyya-islam.org\\\/pl\\\/#website\"},\"primaryImageOfPage\":{\"@id\":\"https:\\\/\\\/www.ahmadiyya-islam.org\\\/pl\\\/aktualnosci-w-polsce\\\/dars-wyklady-w-trakcie-ramadanu-w-naszym-meczecie\\\/#primaryimage\"},\"image\":{\"@id\":\"https:\\\/\\\/www.ahmadiyya-islam.org\\\/pl\\\/aktualnosci-w-polsce\\\/dars-wyklady-w-trakcie-ramadanu-w-naszym-meczecie\\\/#primaryimage\"},\"thumbnailUrl\":\"https:\\\/\\\/www.ahmadiyya-islam.org\\\/pl\\\/wp-content\\\/uploads\\\/sites\\\/25\\\/2024\\\/03\\\/darsWMeczecie_5.jpeg\",\"datePublished\":\"2024-03-20T09:00:54+00:00\",\"dateModified\":\"2024-03-20T09:08:58+00:00\",\"author\":{\"@id\":\"https:\\\/\\\/www.ahmadiyya-islam.org\\\/pl\\\/#\\\/schema\\\/person\\\/1841283eac729e0aa9eb202edf598665\"},\"description\":\"W dniu wolnym od pracy i szko\u0142y cz\u0142onkowie naszej spo\u0142eczno\u015bci przybywaj\u0105 do meczetu ca\u0142ym rodzinami aby wys\u0142ucha\u0107 Dars wyg\u0142oszone przez naszego Imama.\",\"breadcrumb\":{\"@id\":\"https:\\\/\\\/www.ahmadiyya-islam.org\\\/pl\\\/aktualnosci-w-polsce\\\/dars-wyklady-w-trakcie-ramadanu-w-naszym-meczecie\\\/#breadcrumb\"},\"inLanguage\":\"pl-PL\",\"potentialAction\":[{\"@type\":\"ReadAction\",\"target\":[\"https:\\\/\\\/www.ahmadiyya-islam.org\\\/pl\\\/aktualnosci-w-polsce\\\/dars-wyklady-w-trakcie-ramadanu-w-naszym-meczecie\\\/\"]}]},{\"@type\":\"ImageObject\",\"inLanguage\":\"pl-PL\",\"@id\":\"https:\\\/\\\/www.ahmadiyya-islam.org\\\/pl\\\/aktualnosci-w-polsce\\\/dars-wyklady-w-trakcie-ramadanu-w-naszym-meczecie\\\/#primaryimage\",\"url\":\"https:\\\/\\\/www.ahmadiyya-islam.org\\\/pl\\\/wp-content\\\/uploads\\\/sites\\\/25\\\/2024\\\/03\\\/darsWMeczecie_5.jpeg\",\"contentUrl\":\"https:\\\/\\\/www.ahmadiyya-islam.org\\\/pl\\\/wp-content\\\/uploads\\\/sites\\\/25\\\/2024\\\/03\\\/darsWMeczecie_5.jpeg\",\"width\":600,\"height\":426},{\"@type\":\"BreadcrumbList\",\"@id\":\"https:\\\/\\\/www.ahmadiyya-islam.org\\\/pl\\\/aktualnosci-w-polsce\\\/dars-wyklady-w-trakcie-ramadanu-w-naszym-meczecie\\\/#breadcrumb\",\"itemListElement\":[{\"@type\":\"ListItem\",\"position\":1,\"name\":\"Home\",\"item\":\"https:\\\/\\\/www.ahmadiyya-islam.org\\\/pl\\\/\"},{\"@type\":\"ListItem\",\"position\":2,\"name\":\"Dars wyk\u0142ady w trakcie Ramadanu w naszym meczecie\"}]},{\"@type\":\"WebSite\",\"@id\":\"https:\\\/\\\/www.ahmadiyya-islam.org\\\/pl\\\/#website\",\"url\":\"https:\\\/\\\/www.ahmadiyya-islam.org\\\/pl\\\/\",\"name\":\"Stowarzyszenie Muzu\u0142ma\u0144skie Ahmadiyya\",\"description\":\"Polska\",\"potentialAction\":[{\"@type\":\"SearchAction\",\"target\":{\"@type\":\"EntryPoint\",\"urlTemplate\":\"https:\\\/\\\/www.ahmadiyya-islam.org\\\/pl\\\/?s={search_term_string}\"},\"query-input\":{\"@type\":\"PropertyValueSpecification\",\"valueRequired\":true,\"valueName\":\"search_term_string\"}}],\"inLanguage\":\"pl-PL\"},{\"@type\":\"Person\",\"@id\":\"https:\\\/\\\/www.ahmadiyya-islam.org\\\/pl\\\/#\\\/schema\\\/person\\\/1841283eac729e0aa9eb202edf598665\",\"name\":\"kasiapl\",\"url\":\"https:\\\/\\\/www.ahmadiyya-islam.org\\\/pl\\\/author\\\/kasiapl\\\/\"}]}<\/script>\n<!-- \/ Yoast SEO Premium plugin. -->","yoast_head_json":{"title":"Dars wyk\u0142ady w trakcie Ramadanu w naszym meczecie - Stowarzyszenie Muzu\u0142ma\u0144skie Ahmadiyya","description":"W dniu wolnym od pracy i szko\u0142y cz\u0142onkowie naszej spo\u0142eczno\u015bci przybywaj\u0105 do meczetu ca\u0142ym rodzinami aby wys\u0142ucha\u0107 Dars wyg\u0142oszone przez naszego Imama.","robots":{"index":"index","follow":"follow","max-snippet":"max-snippet:-1","max-image-preview":"max-image-preview:large","max-video-preview":"max-video-preview:-1"},"canonical":"https:\/\/www.ahmadiyya-islam.org\/pl\/aktualnosci-w-polsce\/dars-wyklady-w-trakcie-ramadanu-w-naszym-meczecie\/","og_locale":"pl_PL","og_type":"article","og_title":"Dars wyk\u0142ady w trakcie Ramadanu w naszym meczecie","og_description":"W dniu wolnym od pracy i szko\u0142y cz\u0142onkowie naszej spo\u0142eczno\u015bci przybywaj\u0105 do meczetu ca\u0142ym rodzinami aby wys\u0142ucha\u0107 Dars wyg\u0142oszone przez naszego Imama.","og_url":"https:\/\/www.ahmadiyya-islam.org\/pl\/aktualnosci-w-polsce\/dars-wyklady-w-trakcie-ramadanu-w-naszym-meczecie\/","og_site_name":"Stowarzyszenie Muzu\u0142ma\u0144skie Ahmadiyya","article_published_time":"2024-03-20T09:00:54+00:00","article_modified_time":"2024-03-20T09:08:58+00:00","og_image":[{"width":600,"height":426,"url":"http:\/\/www.ahmadiyya-islam.org\/pl\/wp-content\/uploads\/sites\/25\/2024\/03\/darsWMeczecie_5.jpeg","type":"image\/jpeg"}],"author":"kasiapl","twitter_card":"summary_large_image","twitter_misc":{"Napisane przez":"kasiapl","Szacowany czas czytania":"1 minuta"},"schema":{"@context":"https:\/\/schema.org","@graph":[{"@type":"Article","@id":"https:\/\/www.ahmadiyya-islam.org\/pl\/aktualnosci-w-polsce\/dars-wyklady-w-trakcie-ramadanu-w-naszym-meczecie\/#article","isPartOf":{"@id":"https:\/\/www.ahmadiyya-islam.org\/pl\/aktualnosci-w-polsce\/dars-wyklady-w-trakcie-ramadanu-w-naszym-meczecie\/"},"author":{"name":"kasiapl","@id":"https:\/\/www.ahmadiyya-islam.org\/pl\/#\/schema\/person\/1841283eac729e0aa9eb202edf598665"},"headline":"Dars wyk\u0142ady w trakcie Ramadanu w naszym meczecie","datePublished":"2024-03-20T09:00:54+00:00","dateModified":"2024-03-20T09:08:58+00:00","mainEntityOfPage":{"@id":"https:\/\/www.ahmadiyya-islam.org\/pl\/aktualnosci-w-polsce\/dars-wyklady-w-trakcie-ramadanu-w-naszym-meczecie\/"},"wordCount":178,"image":{"@id":"https:\/\/www.ahmadiyya-islam.org\/pl\/aktualnosci-w-polsce\/dars-wyklady-w-trakcie-ramadanu-w-naszym-meczecie\/#primaryimage"},"thumbnailUrl":"https:\/\/www.ahmadiyya-islam.org\/pl\/wp-content\/uploads\/sites\/25\/2024\/03\/darsWMeczecie_5.jpeg","articleSection":["Aktualno\u015bci w Polsce","Kondolencje"],"inLanguage":"pl-PL"},{"@type":"WebPage","@id":"https:\/\/www.ahmadiyya-islam.org\/pl\/aktualnosci-w-polsce\/dars-wyklady-w-trakcie-ramadanu-w-naszym-meczecie\/","url":"https:\/\/www.ahmadiyya-islam.org\/pl\/aktualnosci-w-polsce\/dars-wyklady-w-trakcie-ramadanu-w-naszym-meczecie\/","name":"Dars wyk\u0142ady w trakcie Ramadanu w naszym meczecie - Stowarzyszenie Muzu\u0142ma\u0144skie Ahmadiyya","isPartOf":{"@id":"https:\/\/www.ahmadiyya-islam.org\/pl\/#website"},"primaryImageOfPage":{"@id":"https:\/\/www.ahmadiyya-islam.org\/pl\/aktualnosci-w-polsce\/dars-wyklady-w-trakcie-ramadanu-w-naszym-meczecie\/#primaryimage"},"image":{"@id":"https:\/\/www.ahmadiyya-islam.org\/pl\/aktualnosci-w-polsce\/dars-wyklady-w-trakcie-ramadanu-w-naszym-meczecie\/#primaryimage"},"thumbnailUrl":"https:\/\/www.ahmadiyya-islam.org\/pl\/wp-content\/uploads\/sites\/25\/2024\/03\/darsWMeczecie_5.jpeg","datePublished":"2024-03-20T09:00:54+00:00","dateModified":"2024-03-20T09:08:58+00:00","author":{"@id":"https:\/\/www.ahmadiyya-islam.org\/pl\/#\/schema\/person\/1841283eac729e0aa9eb202edf598665"},"description":"W dniu wolnym od pracy i szko\u0142y cz\u0142onkowie naszej spo\u0142eczno\u015bci przybywaj\u0105 do meczetu ca\u0142ym rodzinami aby wys\u0142ucha\u0107 Dars wyg\u0142oszone przez naszego Imama.","breadcrumb":{"@id":"https:\/\/www.ahmadiyya-islam.org\/pl\/aktualnosci-w-polsce\/dars-wyklady-w-trakcie-ramadanu-w-naszym-meczecie\/#breadcrumb"},"inLanguage":"pl-PL","potentialAction":[{"@type":"ReadAction","target":["https:\/\/www.ahmadiyya-islam.org\/pl\/aktualnosci-w-polsce\/dars-wyklady-w-trakcie-ramadanu-w-naszym-meczecie\/"]}]},{"@type":"ImageObject","inLanguage":"pl-PL","@id":"https:\/\/www.ahmadiyya-islam.org\/pl\/aktualnosci-w-polsce\/dars-wyklady-w-trakcie-ramadanu-w-naszym-meczecie\/#primaryimage","url":"https:\/\/www.ahmadiyya-islam.org\/pl\/wp-content\/uploads\/sites\/25\/2024\/03\/darsWMeczecie_5.jpeg","contentUrl":"https:\/\/www.ahmadiyya-islam.org\/pl\/wp-content\/uploads\/sites\/25\/2024\/03\/darsWMeczecie_5.jpeg","width":600,"height":426},{"@type":"BreadcrumbList","@id":"https:\/\/www.ahmadiyya-islam.org\/pl\/aktualnosci-w-polsce\/dars-wyklady-w-trakcie-ramadanu-w-naszym-meczecie\/#breadcrumb","itemListElement":[{"@type":"ListItem","position":1,"name":"Home","item":"https:\/\/www.ahmadiyya-islam.org\/pl\/"},{"@type":"ListItem","position":2,"name":"Dars wyk\u0142ady w trakcie Ramadanu w naszym meczecie"}]},{"@type":"WebSite","@id":"https:\/\/www.ahmadiyya-islam.org\/pl\/#website","url":"https:\/\/www.ahmadiyya-islam.org\/pl\/","name":"Stowarzyszenie Muzu\u0142ma\u0144skie Ahmadiyya","description":"Polska","potentialAction":[{"@type":"SearchAction","target":{"@type":"EntryPoint","urlTemplate":"https:\/\/www.ahmadiyya-islam.org\/pl\/?s={search_term_string}"},"query-input":{"@type":"PropertyValueSpecification","valueRequired":true,"valueName":"search_term_string"}}],"inLanguage":"pl-PL"},{"@type":"Person","@id":"https:\/\/www.ahmadiyya-islam.org\/pl\/#\/schema\/person\/1841283eac729e0aa9eb202edf598665","name":"kasiapl","url":"https:\/\/www.ahmadiyya-islam.org\/pl\/author\/kasiapl\/"}]}},"_links":{"self":[{"href":"https:\/\/www.ahmadiyya-islam.org\/pl\/wp-json\/wp\/v2\/posts\/2658","targetHints":{"allow":["GET"]}}],"collection":[{"href":"https:\/\/www.ahmadiyya-islam.org\/pl\/wp-json\/wp\/v2\/posts"}],"about":[{"href":"https:\/\/www.ahmadiyya-islam.org\/pl\/wp-json\/wp\/v2\/types\/post"}],"author":[{"embeddable":true,"href":"https:\/\/www.ahmadiyya-islam.org\/pl\/wp-json\/wp\/v2\/users\/86"}],"replies":[{"embeddable":true,"href":"https:\/\/www.ahmadiyya-islam.org\/pl\/wp-json\/wp\/v2\/comments?post=2658"}],"version-history":[{"count":1,"href":"https:\/\/www.ahmadiyya-islam.org\/pl\/wp-json\/wp\/v2\/posts\/2658\/revisions"}],"predecessor-version":[{"id":2663,"href":"https:\/\/www.ahmadiyya-islam.org\/pl\/wp-json\/wp\/v2\/posts\/2658\/revisions\/2663"}],"wp:featuredmedia":[{"embeddable":true,"href":"https:\/\/www.ahmadiyya-islam.org\/pl\/wp-json\/wp\/v2\/media\/2664"}],"wp:attachment":[{"href":"https:\/\/www.ahmadiyya-islam.org\/pl\/wp-json\/wp\/v2\/media?parent=2658"}],"wp:term":[{"taxonomy":"category","embeddable":true,"href":"https:\/\/www.ahmadiyya-islam.org\/pl\/wp-json\/wp\/v2\/categories?post=2658"},{"taxonomy":"post_tag","embeddable":true,"href":"https:\/\/www.ahmadiyya-islam.org\/pl\/wp-json\/wp\/v2\/tags?post=2658"},{"taxonomy":"topics","embeddable":true,"href":"https:\/\/www.ahmadiyya-islam.org\/pl\/wp-json\/wp\/v2\/topics?post=2658"},{"taxonomy":"authors","embeddable":true,"href":"https:\/\/www.ahmadiyya-islam.org\/pl\/wp-json\/wp\/v2\/authors?post=2658"},{"taxonomy":"geo_locations","embeddable":true,"href":"https:\/\/www.ahmadiyya-islam.org\/pl\/wp-json\/wp\/v2\/geo_locations?post=2658"},{"taxonomy":"content_source","embeddable":true,"href":"https:\/\/www.ahmadiyya-islam.org\/pl\/wp-json\/wp\/v2\/content_source?post=2658"}],"curies":[{"name":"wp","href":"https:\/\/api.w.org\/{rel}","templated":true}]}}