{"id":2467,"date":"2023-09-15T11:28:14","date_gmt":"2023-09-15T09:28:14","guid":{"rendered":"https:\/\/www.ahmadiyya-islam.org\/pl\/?p=2467"},"modified":"2023-10-02T15:23:58","modified_gmt":"2023-10-02T13:23:58","slug":"otwarcie-nowego-meczetu-ahmadiyya-we-florstadt-w-niemczech-przez-przywodce-wspolnoty-muzulmanskiej-ahmadiyya","status":"publish","type":"post","link":"https:\/\/www.ahmadiyya-islam.org\/pl\/aktualnosci\/otwarcie-nowego-meczetu-ahmadiyya-we-florstadt-w-niemczech-przez-przywodce-wspolnoty-muzulmanskiej-ahmadiyya\/","title":{"rendered":"Otwarcie nowego meczetu Ahmadiyya we Florstadt w Niemczech przez Przyw\u00f3dc\u0119 Wsp\u00f3lnoty Muzu\u0142ma\u0144skiej Ahmadiyya"},"content":{"rendered":"<p><strong>Informacja Prasowa<\/strong><\/p>\n<p><strong>\u00a0<\/strong><\/p>\n<p>30 SIERPNIA 2023<\/p>\n<p><strong>\u00a0<\/strong><\/p>\n<p><strong>Przyj\u0119cie zorganizowane w zwi\u0105zku z otwarciem nowego meczetu Ahmadiyya we Florstadt w Niemczech przez Przyw\u00f3dc\u0119 Wsp\u00f3lnoty Muzu\u0142ma\u0144skiej Ahmadiyya.<\/strong><\/p>\n<p><strong><em>\u201eKiedy wype\u0142niamy prawa Boga, tworzy si\u0119 w nas duch pomagania ludzko\u015bci\u201d \u2013<\/em><\/strong><strong>\u00a0Hadhrat Mirza Masroor Ahmad<\/strong><\/p>\n<p><strong>\u00a0<\/strong>W dniu 28 sierpnia 2023 r.\u00a0<em>\u015awiatowy Przyw\u00f3dca Wsp\u00f3lnoty Muzu\u0142ma\u0144skiej Ahmadiyya, Pi\u0105ty Kalif,<\/em>\u00a0Jego \u015awi\u0105tobliwo\u015b\u0107 Hadhrat Mirza Masroor Ahmad wyg\u0142osi\u0142 przem\u00f3wienie programowe na specjalnym przyj\u0119ciu zorganizowanym z okazji otwarcia meczetu\u00a0<em>Mubarak<\/em>\u00a0w\u00a0<em>Florstadt<\/em>\u00a0w Niemczech.<\/p>\n<p>Przed przyj\u0119ciem Jego \u015awi\u0105tobliwo\u015b\u0107 dokona\u0142 oficjalnego otwarcia Meczetu poprzez ods\u0142oni\u0119cie tablicy pami\u0105tkowej i z\u0142o\u017cenie cichej modlitwy w podzi\u0119kowaniu Bogu Wszechmog\u0105cemu.\u00a0Nast\u0119pnie Jego \u015awi\u0105tobliwo\u015b\u0107 poprowadzi\u0142 modlitwy\u00a0<em>Zuhr i Asr<\/em>\u00a0w meczecie oraz dokona\u0142 inspekcji nowego obiektu.<\/p>\n<p>P\u00f3\u017aniej 120 go\u015bci, w tym dygnitarze, politycy i lokalni s\u0105siedzi meczetu, wzi\u0119\u0142o udzia\u0142 w specjalnym przyj\u0119ciu, kt\u00f3re odby\u0142o si\u0119 w\u00a0<em>Aralia Hall<\/em>\u00a0we Florstadt.<\/p>\n<p>Podczas swojego przem\u00f3wienia programowego Jego \u015awi\u0105tobliwo\u015b\u0107 m\u00f3wi\u0142 o tym, jak islam chroni prawa wszystkich ludzi i gwarantuje wolno\u015b\u0107 religijn\u0105 dla wszystkich wyzna\u0144.<\/p>\n<p>Wyja\u015bniaj\u0105c prawdziwy cel meczet\u00f3w, Hadhrat Mirza Masroor Ahmad powiedzia\u0142:<\/p>\n<p><strong><em>\u201eWed\u0142ug islamu meczet jest domem Allaha.\u00a0Meczet to miejsce, w kt\u00f3rym ludzie gromadz\u0105 si\u0119, aby oddawa\u0107 cze\u015b\u0107 Jedynemu Bogu i inspirowa\u0107 si\u0119 nawzajem do okazywania sobie \u017cyczliwo\u015bci i mi\u0142o\u015bci, zgodnie z naukami Boga Wszechmog\u0105cego\u2026 Osoba, kt\u00f3ra naprawd\u0119 wype\u0142nia prawa meczetu, nie jest w stanie podejmowa\u0107 wszelkich dzia\u0142a\u0144 sprzecznych z prawem do kultu Allaha Wszechmog\u0105cego i prawami ludzko\u015bci\u201d.<\/em><\/strong><\/p>\n<p>Jego \u015awi\u0105tobliwo\u015b\u0107 odni\u00f3s\u0142 si\u0119 do\u00a0<em>rozdzia\u0142u 22 wersetu 41<\/em>\u00a0\u015awi\u0119tego Koranu, w kt\u00f3rym pierwsi muzu\u0142manie otrzymali pozwolenie na wojn\u0119 obronn\u0105 i powiedzia\u0142, \u017ce nast\u0119puj\u0105ce s\u0142owa wersetu Koranu: \u201ez\u00a0<strong><em>pewno\u015bci\u0105 zosta\u0142yby zburzone kru\u017cganki, ko\u015bcio\u0142y i synagogi i meczety, w kt\u00f3rych cz\u0119sto upami\u0119tnia si\u0119 imi\u0119 Allaha\u201d,<\/em><\/strong>\u00a0\u015bwiadczy\u0142o o tym, \u017ce islam chroni prawa wszystkich religii.<\/p>\n<p>Wyja\u015bniaj\u0105c werset, Hadhrat Mirza Masroor Ahmad powiedzia\u0142:<\/p>\n<p><strong><em>\u201ePodstawow\u0105 nauk\u0105 islamu jest ochrona wszystkich religii i szanowanie ka\u017cdej wiary.\u00a0Dlatego m\u00f3wimy, \u017ce szanujemy proroka Moj\u017cesza, proroka Jezusa, prorok\u00f3w hindus\u00f3w i Budd\u0119 (pok\u00f3j z nim).\u00a0Szanujemy ka\u017cd\u0105 wiar\u0119, kt\u00f3ra przysz\u0142a na \u015bwiat.\u00a0Nakazano nam szanowa\u0107 wszystkich ludzi.\u00a0\u015awi\u0119ty Koran m\u00f3wi, \u017ce nie powinni\u015bcie oczernia\u0107 nawet bo\u017ck\u00f3w tych, kt\u00f3rzy ich czcz\u0105, poniewa\u017c w odwecie zniewa\u017c\u0105 Jedynego Boga.\u00a0Je\u015bli wi\u0119c b\u0119d\u0105 obrzuca\u0107 Boga obelgami, wywo\u0142a to niepok\u00f3j i atmosfer\u0119 konfliktu.\u00a0To jest nauka islamu le\u017c\u0105ca u podstaw prawdziwych meczet\u00f3w.\u201d\u00a0\u00a0\u00a0<\/em><\/strong><\/p>\n<p>Komentuj\u0105c lokalizacj\u0119 meczetu, Hadhrat Mirza Masroor Ahmad powiedzia\u0142:<\/p>\n<p><strong><em>\u201eTen meczet jest zbudowany w centrum miasta, gdzie znajduj\u0105 si\u0119 sklepy i wi\u0119kszy poziom materialistycznego handlu.\u00a0Jednak\u017ce w takich miejscach powinna znajdowa\u0107 si\u0119 tak\u017ce reprezentacja wiary, aby ludzie poznali prawdziwe nauki duchowe i zaznajomili si\u0119 z tym [duchowym bogactwem], jakim obdarza ludzi B\u00f3g Wszechmog\u0105cy.\u00a0Umieszczanie meczetu w takim miejscu przypomina ludziom, \u017ce cho\u0107 czerpi\u0105 korzy\u015bci z bogactw materialnych, powinni by\u0107 tak\u017ce wdzi\u0119czni swemu Stw\u00f3rcy i zawsze mie\u0107 Go w pami\u0119ci, poniewa\u017c islam naucza, \u017ce \u200b\u200bje\u015bli okazuje si\u0119 wdzi\u0119czno\u015b\u0107 Allah Wszechmog\u0105cy, On pomno\u017cy Jego \u0142aski dla ciebie.\u00a0Dlatego, uwa\u017cam, \u017ce wa\u017cne jest r\u00f3wnie\u017c, aby meczety i inne miejsca kultu znajdowa\u0142y si\u0119 w ruchliwych miejscach, gdzie ludzie zajmuj\u0105 si\u0119 handlem i zaj\u0119ciami materialnymi, aby nie pogr\u0105\u017cyli si\u0119 ca\u0142kowicie w materializmie i aby mogli zwr\u00f3ci\u0107 si\u0119 do Boga\u201d.<\/em><\/strong><\/p>\n<p>Na zako\u0144czenie swojego przem\u00f3wienia Jego \u015awi\u0105tobliwo\u015b\u0107 odni\u00f3s\u0142 si\u0119 do wszechstronnego charakteru nauk islamu i tego, jak staraj\u0105 si\u0119 one chroni\u0107 ludzi w ka\u017cdych okoliczno\u015bciach.<\/p>\n<p>Hadhrat Mirza Masroor Ahmad powiedzia\u0142:<\/p>\n<p><strong><em>\u201e\u015awi\u0119ty Prorok Muhammad (niech pok\u00f3j i b\u0142ogos\u0142awie\u0144stwa Allaha b\u0119d\u0105 z nim) powiedzia\u0142, \u017ce musimy pot\u0119pi\u0107 niesprawiedliwo\u015b\u0107 i \u017ce nale\u017cy pom\u00f3c zar\u00f3wno ciemi\u0119\u017cycielowi, jak i uci\u015bnionym.\u00a0Jego Towarzysze powiedzieli, \u017ce rozumiej\u0105, jak pom\u00f3c uci\u015bnionym, ratuj\u0105c ich przed ciemi\u0119\u017cycielami, ale zapytali, jak mog\u0105 pom\u00f3c ciemi\u0119\u017cycielowi.\u00a0\u015awi\u0119ty Prorok Muhammad (niech pok\u00f3j i b\u0142ogos\u0142awie\u0144stwa Allaha b\u0119d\u0105 z nim) powiedzia\u0142, \u017ce musz\u0105 pom\u00f3c ciemi\u0119\u017cycielowi, powstrzymuj\u0105c go od dokonywania okrucie\u0144stw, poniewa\u017c je\u015bli b\u0119dzie nadal dopuszcza\u0142 si\u0119 niesprawiedliwo\u015bci, spotka go gniew Bo\u017cy.\u00a0W ten spos\u00f3b zrujnuje siebie w tym \u017cyciu i w nast\u0119pnym\u201d.<\/em><\/strong><\/p>\n<p>Hadhrat Mirza Masroor wyja\u015bni\u0142 dalej i powiedzia\u0142:<\/p>\n<p><strong><em>\u201eTak wi\u0119c osoba religijna nie patrzy tylko na to \u017cycie. Jej wzrok jest r\u00f3wnie\u017c mocno skierowany na \u017cycie, kt\u00f3re ma nadej\u015b\u0107.\u00a0Osoba religijna nie troszczy si\u0119 tylko o siebie, lecz troszczy si\u0119 o to, aby chroni\u0107 ludzi przed kar\u0105 przysz\u0142ego \u017cycia i uchroni\u0107 ich przed \u015bci\u0105gni\u0119ciem na siebie niezadowolenia Bo\u017cego.\u00a0Z tego w\u0142a\u015bnie powodu staramy si\u0119 wype\u0142nia\u0107 obowi\u0105zki zwi\u0105zane z oddawaniem czci Bogu.\u00a0Kiedy wype\u0142niamy prawa Boga, tworzy si\u0119 w nas duch pomagania ludzko\u015bci.\u00a0Rodzi ch\u0119\u0107 niesienia pomocy zar\u00f3wno uci\u015bnionym, jak i ciemi\u0119\u017cycielowi\u201d.\u00a0\u00a0\u00a0<\/em><\/strong><\/p>\n<p>Przed przem\u00f3wieniem krajowy przewodnicz\u0105cy Wsp\u00f3lnoty Muzu\u0142ma\u0144skiej Ahmadiyya w Niemczech, Abdullah Wagishauser, przedstawi\u0142 Meczet, po czym Herbert Unger, burmistrz Florstadt, Michael Hahn, burmistrz s\u0105siedniego miasta Niddatal i Tobias Utter, cz\u0142onek parlamentu krajowego Hesji opowiedzieli o swoim uznaniu dla Meczetu i wysi\u0142k\u00f3w Wsp\u00f3lnoty Muzu\u0142ma\u0144skiej Ahmadiyya na rzecz spo\u0142eczno\u015bci lokalnej.<\/p>\n<p>Wydarzenie zako\u0144czy\u0142o si\u0119 cich\u0105 modlitw\u0105 prowadzon\u0105 przez Jego \u015awi\u0105tobliwo\u015b\u0107.<\/p>\n","protected":false},"excerpt":{"rendered":"<p>Kalif: ,,Tak wi\u0119c osoba religijna nie patrzy tylko na to \u017cycie. Jej wzrok jest r\u00f3wnie\u017c mocno skierowany na \u017cycie, kt\u00f3re ma nadej\u015b\u0107.\u00a0&#8221;<\/p>\n","protected":false},"author":86,"featured_media":2469,"comment_status":"closed","ping_status":"closed","sticky":false,"template":"","format":"standard","meta":{"_acf_changed":false,"footnotes":""},"categories":[70],"tags":[501,159],"topics":[359],"authors":[],"geo_locations":[],"content_source":[2],"class_list":["post-2467","post","type-post","status-publish","format-standard","has-post-thumbnail","hentry","category-aktualnosci","tag-florstadt","tag-meczet","topics-meczet","content_source-review-of-religions"],"acf":[],"yoast_head":"<!-- This site is optimized with the Yoast SEO Premium plugin v21.1 (Yoast SEO v27.4) - https:\/\/yoast.com\/product\/yoast-seo-premium-wordpress\/ -->\n<title>Otwarcie nowego meczetu Ahmadiyya we Florstadt w Niemczech przez Przyw\u00f3dc\u0119 Wsp\u00f3lnoty Muzu\u0142ma\u0144skiej Ahmadiyya - Stowarzyszenie Muzu\u0142ma\u0144skie Ahmadiyya<\/title>\n<meta name=\"description\" content=\"Kalif: ,,Tak wi\u0119c osoba religijna nie patrzy tylko na to \u017cycie. Jej wzrok jest r\u00f3wnie\u017c mocno skierowany na \u017cycie, kt\u00f3re ma nadej\u015b\u0107.\u00a0&#039;&#039;\" \/>\n<meta name=\"robots\" content=\"index, follow, max-snippet:-1, max-image-preview:large, max-video-preview:-1\" \/>\n<link rel=\"canonical\" href=\"https:\/\/www.ahmadiyya-islam.org\/pl\/aktualnosci\/otwarcie-nowego-meczetu-ahmadiyya-we-florstadt-w-niemczech-przez-przywodce-wspolnoty-muzulmanskiej-ahmadiyya\/\" \/>\n<meta property=\"og:locale\" content=\"pl_PL\" \/>\n<meta property=\"og:type\" content=\"article\" \/>\n<meta property=\"og:title\" content=\"Otwarcie nowego meczetu Ahmadiyya we Florstadt w Niemczech przez Przyw\u00f3dc\u0119 Wsp\u00f3lnoty Muzu\u0142ma\u0144skiej Ahmadiyya\" \/>\n<meta property=\"og:description\" content=\"Kalif: ,,Tak wi\u0119c osoba religijna nie patrzy tylko na to \u017cycie. Jej wzrok jest r\u00f3wnie\u017c mocno skierowany na \u017cycie, kt\u00f3re ma nadej\u015b\u0107.\u00a0&#039;&#039;\" \/>\n<meta property=\"og:url\" content=\"https:\/\/www.ahmadiyya-islam.org\/pl\/aktualnosci\/otwarcie-nowego-meczetu-ahmadiyya-we-florstadt-w-niemczech-przez-przywodce-wspolnoty-muzulmanskiej-ahmadiyya\/\" \/>\n<meta property=\"og:site_name\" content=\"Stowarzyszenie Muzu\u0142ma\u0144skie Ahmadiyya\" \/>\n<meta property=\"article:published_time\" content=\"2023-09-15T09:28:14+00:00\" \/>\n<meta property=\"article:modified_time\" content=\"2023-10-02T13:23:58+00:00\" \/>\n<meta property=\"og:image\" content=\"http:\/\/www.ahmadiyya-islam.org\/pl\/wp-content\/uploads\/sites\/25\/2023\/09\/Florstadt-mosque2.jpg\" \/>\n\t<meta property=\"og:image:width\" content=\"1024\" \/>\n\t<meta property=\"og:image:height\" content=\"647\" \/>\n\t<meta property=\"og:image:type\" content=\"image\/jpeg\" \/>\n<meta name=\"author\" content=\"kasiapl\" \/>\n<meta name=\"twitter:card\" content=\"summary_large_image\" \/>\n<meta name=\"twitter:label1\" content=\"Napisane przez\" \/>\n\t<meta name=\"twitter:data1\" content=\"kasiapl\" \/>\n\t<meta name=\"twitter:label2\" content=\"Szacowany czas czytania\" \/>\n\t<meta name=\"twitter:data2\" content=\"5 minut\" \/>\n<script type=\"application\/ld+json\" class=\"yoast-schema-graph\">{\"@context\":\"https:\\\/\\\/schema.org\",\"@graph\":[{\"@type\":\"Article\",\"@id\":\"https:\\\/\\\/www.ahmadiyya-islam.org\\\/pl\\\/aktualnosci\\\/otwarcie-nowego-meczetu-ahmadiyya-we-florstadt-w-niemczech-przez-przywodce-wspolnoty-muzulmanskiej-ahmadiyya\\\/#article\",\"isPartOf\":{\"@id\":\"https:\\\/\\\/www.ahmadiyya-islam.org\\\/pl\\\/aktualnosci\\\/otwarcie-nowego-meczetu-ahmadiyya-we-florstadt-w-niemczech-przez-przywodce-wspolnoty-muzulmanskiej-ahmadiyya\\\/\"},\"author\":{\"name\":\"kasiapl\",\"@id\":\"https:\\\/\\\/www.ahmadiyya-islam.org\\\/pl\\\/#\\\/schema\\\/person\\\/1841283eac729e0aa9eb202edf598665\"},\"headline\":\"Otwarcie nowego meczetu Ahmadiyya we Florstadt w Niemczech przez Przyw\u00f3dc\u0119 Wsp\u00f3lnoty Muzu\u0142ma\u0144skiej Ahmadiyya\",\"datePublished\":\"2023-09-15T09:28:14+00:00\",\"dateModified\":\"2023-10-02T13:23:58+00:00\",\"mainEntityOfPage\":{\"@id\":\"https:\\\/\\\/www.ahmadiyya-islam.org\\\/pl\\\/aktualnosci\\\/otwarcie-nowego-meczetu-ahmadiyya-we-florstadt-w-niemczech-przez-przywodce-wspolnoty-muzulmanskiej-ahmadiyya\\\/\"},\"wordCount\":954,\"image\":{\"@id\":\"https:\\\/\\\/www.ahmadiyya-islam.org\\\/pl\\\/aktualnosci\\\/otwarcie-nowego-meczetu-ahmadiyya-we-florstadt-w-niemczech-przez-przywodce-wspolnoty-muzulmanskiej-ahmadiyya\\\/#primaryimage\"},\"thumbnailUrl\":\"https:\\\/\\\/www.ahmadiyya-islam.org\\\/pl\\\/wp-content\\\/uploads\\\/sites\\\/25\\\/2023\\\/09\\\/Florstadt-mosque2.jpg\",\"keywords\":[\"Florstadt\",\"meczet\"],\"articleSection\":[\"Aktualnosci\"],\"inLanguage\":\"pl-PL\"},{\"@type\":\"WebPage\",\"@id\":\"https:\\\/\\\/www.ahmadiyya-islam.org\\\/pl\\\/aktualnosci\\\/otwarcie-nowego-meczetu-ahmadiyya-we-florstadt-w-niemczech-przez-przywodce-wspolnoty-muzulmanskiej-ahmadiyya\\\/\",\"url\":\"https:\\\/\\\/www.ahmadiyya-islam.org\\\/pl\\\/aktualnosci\\\/otwarcie-nowego-meczetu-ahmadiyya-we-florstadt-w-niemczech-przez-przywodce-wspolnoty-muzulmanskiej-ahmadiyya\\\/\",\"name\":\"Otwarcie nowego meczetu Ahmadiyya we Florstadt w Niemczech przez Przyw\u00f3dc\u0119 Wsp\u00f3lnoty Muzu\u0142ma\u0144skiej Ahmadiyya - Stowarzyszenie Muzu\u0142ma\u0144skie Ahmadiyya\",\"isPartOf\":{\"@id\":\"https:\\\/\\\/www.ahmadiyya-islam.org\\\/pl\\\/#website\"},\"primaryImageOfPage\":{\"@id\":\"https:\\\/\\\/www.ahmadiyya-islam.org\\\/pl\\\/aktualnosci\\\/otwarcie-nowego-meczetu-ahmadiyya-we-florstadt-w-niemczech-przez-przywodce-wspolnoty-muzulmanskiej-ahmadiyya\\\/#primaryimage\"},\"image\":{\"@id\":\"https:\\\/\\\/www.ahmadiyya-islam.org\\\/pl\\\/aktualnosci\\\/otwarcie-nowego-meczetu-ahmadiyya-we-florstadt-w-niemczech-przez-przywodce-wspolnoty-muzulmanskiej-ahmadiyya\\\/#primaryimage\"},\"thumbnailUrl\":\"https:\\\/\\\/www.ahmadiyya-islam.org\\\/pl\\\/wp-content\\\/uploads\\\/sites\\\/25\\\/2023\\\/09\\\/Florstadt-mosque2.jpg\",\"datePublished\":\"2023-09-15T09:28:14+00:00\",\"dateModified\":\"2023-10-02T13:23:58+00:00\",\"author\":{\"@id\":\"https:\\\/\\\/www.ahmadiyya-islam.org\\\/pl\\\/#\\\/schema\\\/person\\\/1841283eac729e0aa9eb202edf598665\"},\"description\":\"Kalif: ,,Tak wi\u0119c osoba religijna nie patrzy tylko na to \u017cycie. Jej wzrok jest r\u00f3wnie\u017c mocno skierowany na \u017cycie, kt\u00f3re ma nadej\u015b\u0107.\u00a0''\",\"breadcrumb\":{\"@id\":\"https:\\\/\\\/www.ahmadiyya-islam.org\\\/pl\\\/aktualnosci\\\/otwarcie-nowego-meczetu-ahmadiyya-we-florstadt-w-niemczech-przez-przywodce-wspolnoty-muzulmanskiej-ahmadiyya\\\/#breadcrumb\"},\"inLanguage\":\"pl-PL\",\"potentialAction\":[{\"@type\":\"ReadAction\",\"target\":[\"https:\\\/\\\/www.ahmadiyya-islam.org\\\/pl\\\/aktualnosci\\\/otwarcie-nowego-meczetu-ahmadiyya-we-florstadt-w-niemczech-przez-przywodce-wspolnoty-muzulmanskiej-ahmadiyya\\\/\"]}]},{\"@type\":\"ImageObject\",\"inLanguage\":\"pl-PL\",\"@id\":\"https:\\\/\\\/www.ahmadiyya-islam.org\\\/pl\\\/aktualnosci\\\/otwarcie-nowego-meczetu-ahmadiyya-we-florstadt-w-niemczech-przez-przywodce-wspolnoty-muzulmanskiej-ahmadiyya\\\/#primaryimage\",\"url\":\"https:\\\/\\\/www.ahmadiyya-islam.org\\\/pl\\\/wp-content\\\/uploads\\\/sites\\\/25\\\/2023\\\/09\\\/Florstadt-mosque2.jpg\",\"contentUrl\":\"https:\\\/\\\/www.ahmadiyya-islam.org\\\/pl\\\/wp-content\\\/uploads\\\/sites\\\/25\\\/2023\\\/09\\\/Florstadt-mosque2.jpg\",\"width\":1024,\"height\":647},{\"@type\":\"BreadcrumbList\",\"@id\":\"https:\\\/\\\/www.ahmadiyya-islam.org\\\/pl\\\/aktualnosci\\\/otwarcie-nowego-meczetu-ahmadiyya-we-florstadt-w-niemczech-przez-przywodce-wspolnoty-muzulmanskiej-ahmadiyya\\\/#breadcrumb\",\"itemListElement\":[{\"@type\":\"ListItem\",\"position\":1,\"name\":\"Home\",\"item\":\"https:\\\/\\\/www.ahmadiyya-islam.org\\\/pl\\\/\"},{\"@type\":\"ListItem\",\"position\":2,\"name\":\"Otwarcie nowego meczetu Ahmadiyya we Florstadt w Niemczech przez Przyw\u00f3dc\u0119 Wsp\u00f3lnoty Muzu\u0142ma\u0144skiej Ahmadiyya\"}]},{\"@type\":\"WebSite\",\"@id\":\"https:\\\/\\\/www.ahmadiyya-islam.org\\\/pl\\\/#website\",\"url\":\"https:\\\/\\\/www.ahmadiyya-islam.org\\\/pl\\\/\",\"name\":\"Stowarzyszenie Muzu\u0142ma\u0144skie Ahmadiyya\",\"description\":\"Polska\",\"potentialAction\":[{\"@type\":\"SearchAction\",\"target\":{\"@type\":\"EntryPoint\",\"urlTemplate\":\"https:\\\/\\\/www.ahmadiyya-islam.org\\\/pl\\\/?s={search_term_string}\"},\"query-input\":{\"@type\":\"PropertyValueSpecification\",\"valueRequired\":true,\"valueName\":\"search_term_string\"}}],\"inLanguage\":\"pl-PL\"},{\"@type\":\"Person\",\"@id\":\"https:\\\/\\\/www.ahmadiyya-islam.org\\\/pl\\\/#\\\/schema\\\/person\\\/1841283eac729e0aa9eb202edf598665\",\"name\":\"kasiapl\",\"url\":\"https:\\\/\\\/www.ahmadiyya-islam.org\\\/pl\\\/author\\\/kasiapl\\\/\"}]}<\/script>\n<!-- \/ Yoast SEO Premium plugin. -->","yoast_head_json":{"title":"Otwarcie nowego meczetu Ahmadiyya we Florstadt w Niemczech przez Przyw\u00f3dc\u0119 Wsp\u00f3lnoty Muzu\u0142ma\u0144skiej Ahmadiyya - Stowarzyszenie Muzu\u0142ma\u0144skie Ahmadiyya","description":"Kalif: ,,Tak wi\u0119c osoba religijna nie patrzy tylko na to \u017cycie. Jej wzrok jest r\u00f3wnie\u017c mocno skierowany na \u017cycie, kt\u00f3re ma nadej\u015b\u0107.\u00a0''","robots":{"index":"index","follow":"follow","max-snippet":"max-snippet:-1","max-image-preview":"max-image-preview:large","max-video-preview":"max-video-preview:-1"},"canonical":"https:\/\/www.ahmadiyya-islam.org\/pl\/aktualnosci\/otwarcie-nowego-meczetu-ahmadiyya-we-florstadt-w-niemczech-przez-przywodce-wspolnoty-muzulmanskiej-ahmadiyya\/","og_locale":"pl_PL","og_type":"article","og_title":"Otwarcie nowego meczetu Ahmadiyya we Florstadt w Niemczech przez Przyw\u00f3dc\u0119 Wsp\u00f3lnoty Muzu\u0142ma\u0144skiej Ahmadiyya","og_description":"Kalif: ,,Tak wi\u0119c osoba religijna nie patrzy tylko na to \u017cycie. Jej wzrok jest r\u00f3wnie\u017c mocno skierowany na \u017cycie, kt\u00f3re ma nadej\u015b\u0107.\u00a0''","og_url":"https:\/\/www.ahmadiyya-islam.org\/pl\/aktualnosci\/otwarcie-nowego-meczetu-ahmadiyya-we-florstadt-w-niemczech-przez-przywodce-wspolnoty-muzulmanskiej-ahmadiyya\/","og_site_name":"Stowarzyszenie Muzu\u0142ma\u0144skie Ahmadiyya","article_published_time":"2023-09-15T09:28:14+00:00","article_modified_time":"2023-10-02T13:23:58+00:00","og_image":[{"width":1024,"height":647,"url":"http:\/\/www.ahmadiyya-islam.org\/pl\/wp-content\/uploads\/sites\/25\/2023\/09\/Florstadt-mosque2.jpg","type":"image\/jpeg"}],"author":"kasiapl","twitter_card":"summary_large_image","twitter_misc":{"Napisane przez":"kasiapl","Szacowany czas czytania":"5 minut"},"schema":{"@context":"https:\/\/schema.org","@graph":[{"@type":"Article","@id":"https:\/\/www.ahmadiyya-islam.org\/pl\/aktualnosci\/otwarcie-nowego-meczetu-ahmadiyya-we-florstadt-w-niemczech-przez-przywodce-wspolnoty-muzulmanskiej-ahmadiyya\/#article","isPartOf":{"@id":"https:\/\/www.ahmadiyya-islam.org\/pl\/aktualnosci\/otwarcie-nowego-meczetu-ahmadiyya-we-florstadt-w-niemczech-przez-przywodce-wspolnoty-muzulmanskiej-ahmadiyya\/"},"author":{"name":"kasiapl","@id":"https:\/\/www.ahmadiyya-islam.org\/pl\/#\/schema\/person\/1841283eac729e0aa9eb202edf598665"},"headline":"Otwarcie nowego meczetu Ahmadiyya we Florstadt w Niemczech przez Przyw\u00f3dc\u0119 Wsp\u00f3lnoty Muzu\u0142ma\u0144skiej Ahmadiyya","datePublished":"2023-09-15T09:28:14+00:00","dateModified":"2023-10-02T13:23:58+00:00","mainEntityOfPage":{"@id":"https:\/\/www.ahmadiyya-islam.org\/pl\/aktualnosci\/otwarcie-nowego-meczetu-ahmadiyya-we-florstadt-w-niemczech-przez-przywodce-wspolnoty-muzulmanskiej-ahmadiyya\/"},"wordCount":954,"image":{"@id":"https:\/\/www.ahmadiyya-islam.org\/pl\/aktualnosci\/otwarcie-nowego-meczetu-ahmadiyya-we-florstadt-w-niemczech-przez-przywodce-wspolnoty-muzulmanskiej-ahmadiyya\/#primaryimage"},"thumbnailUrl":"https:\/\/www.ahmadiyya-islam.org\/pl\/wp-content\/uploads\/sites\/25\/2023\/09\/Florstadt-mosque2.jpg","keywords":["Florstadt","meczet"],"articleSection":["Aktualnosci"],"inLanguage":"pl-PL"},{"@type":"WebPage","@id":"https:\/\/www.ahmadiyya-islam.org\/pl\/aktualnosci\/otwarcie-nowego-meczetu-ahmadiyya-we-florstadt-w-niemczech-przez-przywodce-wspolnoty-muzulmanskiej-ahmadiyya\/","url":"https:\/\/www.ahmadiyya-islam.org\/pl\/aktualnosci\/otwarcie-nowego-meczetu-ahmadiyya-we-florstadt-w-niemczech-przez-przywodce-wspolnoty-muzulmanskiej-ahmadiyya\/","name":"Otwarcie nowego meczetu Ahmadiyya we Florstadt w Niemczech przez Przyw\u00f3dc\u0119 Wsp\u00f3lnoty Muzu\u0142ma\u0144skiej Ahmadiyya - Stowarzyszenie Muzu\u0142ma\u0144skie Ahmadiyya","isPartOf":{"@id":"https:\/\/www.ahmadiyya-islam.org\/pl\/#website"},"primaryImageOfPage":{"@id":"https:\/\/www.ahmadiyya-islam.org\/pl\/aktualnosci\/otwarcie-nowego-meczetu-ahmadiyya-we-florstadt-w-niemczech-przez-przywodce-wspolnoty-muzulmanskiej-ahmadiyya\/#primaryimage"},"image":{"@id":"https:\/\/www.ahmadiyya-islam.org\/pl\/aktualnosci\/otwarcie-nowego-meczetu-ahmadiyya-we-florstadt-w-niemczech-przez-przywodce-wspolnoty-muzulmanskiej-ahmadiyya\/#primaryimage"},"thumbnailUrl":"https:\/\/www.ahmadiyya-islam.org\/pl\/wp-content\/uploads\/sites\/25\/2023\/09\/Florstadt-mosque2.jpg","datePublished":"2023-09-15T09:28:14+00:00","dateModified":"2023-10-02T13:23:58+00:00","author":{"@id":"https:\/\/www.ahmadiyya-islam.org\/pl\/#\/schema\/person\/1841283eac729e0aa9eb202edf598665"},"description":"Kalif: ,,Tak wi\u0119c osoba religijna nie patrzy tylko na to \u017cycie. Jej wzrok jest r\u00f3wnie\u017c mocno skierowany na \u017cycie, kt\u00f3re ma nadej\u015b\u0107.\u00a0''","breadcrumb":{"@id":"https:\/\/www.ahmadiyya-islam.org\/pl\/aktualnosci\/otwarcie-nowego-meczetu-ahmadiyya-we-florstadt-w-niemczech-przez-przywodce-wspolnoty-muzulmanskiej-ahmadiyya\/#breadcrumb"},"inLanguage":"pl-PL","potentialAction":[{"@type":"ReadAction","target":["https:\/\/www.ahmadiyya-islam.org\/pl\/aktualnosci\/otwarcie-nowego-meczetu-ahmadiyya-we-florstadt-w-niemczech-przez-przywodce-wspolnoty-muzulmanskiej-ahmadiyya\/"]}]},{"@type":"ImageObject","inLanguage":"pl-PL","@id":"https:\/\/www.ahmadiyya-islam.org\/pl\/aktualnosci\/otwarcie-nowego-meczetu-ahmadiyya-we-florstadt-w-niemczech-przez-przywodce-wspolnoty-muzulmanskiej-ahmadiyya\/#primaryimage","url":"https:\/\/www.ahmadiyya-islam.org\/pl\/wp-content\/uploads\/sites\/25\/2023\/09\/Florstadt-mosque2.jpg","contentUrl":"https:\/\/www.ahmadiyya-islam.org\/pl\/wp-content\/uploads\/sites\/25\/2023\/09\/Florstadt-mosque2.jpg","width":1024,"height":647},{"@type":"BreadcrumbList","@id":"https:\/\/www.ahmadiyya-islam.org\/pl\/aktualnosci\/otwarcie-nowego-meczetu-ahmadiyya-we-florstadt-w-niemczech-przez-przywodce-wspolnoty-muzulmanskiej-ahmadiyya\/#breadcrumb","itemListElement":[{"@type":"ListItem","position":1,"name":"Home","item":"https:\/\/www.ahmadiyya-islam.org\/pl\/"},{"@type":"ListItem","position":2,"name":"Otwarcie nowego meczetu Ahmadiyya we Florstadt w Niemczech przez Przyw\u00f3dc\u0119 Wsp\u00f3lnoty Muzu\u0142ma\u0144skiej Ahmadiyya"}]},{"@type":"WebSite","@id":"https:\/\/www.ahmadiyya-islam.org\/pl\/#website","url":"https:\/\/www.ahmadiyya-islam.org\/pl\/","name":"Stowarzyszenie Muzu\u0142ma\u0144skie Ahmadiyya","description":"Polska","potentialAction":[{"@type":"SearchAction","target":{"@type":"EntryPoint","urlTemplate":"https:\/\/www.ahmadiyya-islam.org\/pl\/?s={search_term_string}"},"query-input":{"@type":"PropertyValueSpecification","valueRequired":true,"valueName":"search_term_string"}}],"inLanguage":"pl-PL"},{"@type":"Person","@id":"https:\/\/www.ahmadiyya-islam.org\/pl\/#\/schema\/person\/1841283eac729e0aa9eb202edf598665","name":"kasiapl","url":"https:\/\/www.ahmadiyya-islam.org\/pl\/author\/kasiapl\/"}]}},"_links":{"self":[{"href":"https:\/\/www.ahmadiyya-islam.org\/pl\/wp-json\/wp\/v2\/posts\/2467","targetHints":{"allow":["GET"]}}],"collection":[{"href":"https:\/\/www.ahmadiyya-islam.org\/pl\/wp-json\/wp\/v2\/posts"}],"about":[{"href":"https:\/\/www.ahmadiyya-islam.org\/pl\/wp-json\/wp\/v2\/types\/post"}],"author":[{"embeddable":true,"href":"https:\/\/www.ahmadiyya-islam.org\/pl\/wp-json\/wp\/v2\/users\/86"}],"replies":[{"embeddable":true,"href":"https:\/\/www.ahmadiyya-islam.org\/pl\/wp-json\/wp\/v2\/comments?post=2467"}],"version-history":[{"count":1,"href":"https:\/\/www.ahmadiyya-islam.org\/pl\/wp-json\/wp\/v2\/posts\/2467\/revisions"}],"predecessor-version":[{"id":2470,"href":"https:\/\/www.ahmadiyya-islam.org\/pl\/wp-json\/wp\/v2\/posts\/2467\/revisions\/2470"}],"wp:featuredmedia":[{"embeddable":true,"href":"https:\/\/www.ahmadiyya-islam.org\/pl\/wp-json\/wp\/v2\/media\/2469"}],"wp:attachment":[{"href":"https:\/\/www.ahmadiyya-islam.org\/pl\/wp-json\/wp\/v2\/media?parent=2467"}],"wp:term":[{"taxonomy":"category","embeddable":true,"href":"https:\/\/www.ahmadiyya-islam.org\/pl\/wp-json\/wp\/v2\/categories?post=2467"},{"taxonomy":"post_tag","embeddable":true,"href":"https:\/\/www.ahmadiyya-islam.org\/pl\/wp-json\/wp\/v2\/tags?post=2467"},{"taxonomy":"topics","embeddable":true,"href":"https:\/\/www.ahmadiyya-islam.org\/pl\/wp-json\/wp\/v2\/topics?post=2467"},{"taxonomy":"authors","embeddable":true,"href":"https:\/\/www.ahmadiyya-islam.org\/pl\/wp-json\/wp\/v2\/authors?post=2467"},{"taxonomy":"geo_locations","embeddable":true,"href":"https:\/\/www.ahmadiyya-islam.org\/pl\/wp-json\/wp\/v2\/geo_locations?post=2467"},{"taxonomy":"content_source","embeddable":true,"href":"https:\/\/www.ahmadiyya-islam.org\/pl\/wp-json\/wp\/v2\/content_source?post=2467"}],"curies":[{"name":"wp","href":"https:\/\/api.w.org\/{rel}","templated":true}]}}