{"id":194,"date":"2020-10-29T18:36:36","date_gmt":"2020-10-29T17:36:36","guid":{"rendered":"https:\/\/www.ahmadiyya-islam.org\/pl\/?p=194"},"modified":"2023-07-14T19:41:43","modified_gmt":"2023-07-14T17:41:43","slug":"oswiadczenie-kalifa-islamu-w-sprawie-ataku-w-nicei-w-dniu-29-pazdziernika","status":"publish","type":"post","link":"https:\/\/www.ahmadiyya-islam.org\/pl\/aktualnosci\/oswiadczenie-kalifa-islamu-w-sprawie-ataku-w-nicei-w-dniu-29-pazdziernika\/","title":{"rendered":"O\u015bwiadczenie Kalifa islamu w sprawie ataku w Nicei w dniu 29 pa\u017adziernika"},"content":{"rendered":"<p>Warszawa, 29 pa\u017adziernika, 2020r.<\/p>\n<p>O\u015bwiadczenie Przyw\u00f3dcy Muzu\u0142ma\u0144skiej Wsp\u00f3lnoty Ahmadiyya dotycz\u0105ce ostatnich wydarze\u0144 we Francji.<\/p>\n<p><strong>Po dzisiejszym ataku w\u00a0Nicei\u00a0i po zamordowaniu Samuela Paty w dniu 16 pa\u017adziernika, \u015awiatowy Przyw\u00f3dca Muzu\u0142ma\u0144skiej Wsp\u00f3lnoty Ahmadiyya, Jego \u015awi\u0105tobliwo\u015b\u0107, Mirza Masroor Ahmad, pot\u0119pi\u0142 wszelkie formy terroryzmu i ekstremizmu oraz wezwa\u0142 do wzajemnego zrozumienia i dialogu mi\u0119dzy wszystkimi lud\u017ami oraz narodami.<\/strong><\/p>\n<p>Hadhrat Mirza Masroor Ahmad o\u015bwiadcza:<\/p>\n<p><em><strong>\u00a0\u201eZab\u00f3jstwo i \u015bci\u0119cie Samuela Paty&#8217;ego oraz dzisiejszy atak w Nicei musz\u0105 zosta\u0107 pot\u0119pione w jak najostrzejszych s\u0142owach.\u00a0Takie okrutne ataki s\u0105 ca\u0142kowicie sprzeczne z naukami islamu.\u00a0Nasza religia pod \u017cadnym pozorem nie zezwala na terroryzm ani ekstremizm w jakichkolwiek okoliczno\u015bciach. Ka\u017cdy, kto to twierdzi inaczej, post\u0119puje sprzecznie z naukami \u015awi\u0119tego Koranu i szlachetnym charakterem \u015awi\u0119tego Proroka islamu (pok\u00f3j i b\u0142ogos\u0142awie\u0144stwa Allaha niech b\u0119d\u0105 z nim).<\/strong><\/em><\/p>\n<p><em><strong>Jako Przyw\u00f3dca \u015awiatowej Muzu\u0142ma\u0144skiej Wsp\u00f3lnoty Ahmadiyya kieruj\u0119 najg\u0142\u0119bsze wyrazy wsp\u00f3\u0142czucia do bliskich ofiar i do narodu francuskiego.\u00a0<\/strong><\/em><\/p>\n<p><em><strong>Niech b\u0119dzie jasne, \u017ce nasze pot\u0119pienie i nienawi\u015b\u0107 takich atak\u00f3w nie jest czym\u015b nowym &#8211; \u00a0zawsze prezentowali\u015bmy takie stanowisko.\u00a0<\/strong><\/em><\/p>\n<p><em><strong>Za\u0142o\u017cyciel Muzu\u0142ma\u0144skiej Wsp\u00f3lnoty Ahmadiyya (niech spoczywa w pokoju) i jego Nast\u0119pcy zawsze kategorycznie odrzucali wszelkie formy przemocy lub rozlewu krwi w imi\u0119 religii.\u00a0<\/strong><\/em><\/p>\n<p><em><strong>Skutki tego ohydnego czynu jeszcze bardziej zaostrzy\u0142y napi\u0119cia mi\u0119dzy \u015bwiatem islamskim a Zachodem oraz mi\u0119dzy muzu\u0142manami mieszkaj\u0105cymi we Francji a reszt\u0105 spo\u0142ecze\u0144stwa.<\/strong><\/em><\/p>\n<p><em><strong>\u00a0To co wydarzy\u0142o si\u0119 jest dla nas \u017ar\u00f3d\u0142em g\u0142\u0119bokiego \u017calu i uwa\u017camy, \u017ce b\u0119dzie to przyczyn\u0105 dalszego podwa\u017cania pokoju i stabilno\u015bci \u015bwiata.\u00a0<\/strong><\/em><\/p>\n<p><em><strong>Wszyscy musimy zjednoczy\u0107 si\u0119, aby wykorzeni\u0107 wszelkie formy ekstremizmu oraz zach\u0119ca\u0107 do wzajemnego zrozumienia i tolerancji.<\/strong><\/em><\/p>\n<p><em><strong>Z naszej perspektywy Muzu\u0142ma\u0144ska Wsp\u00f3lnota Ahmadiyya nie szcz\u0119dzi wysi\u0142k\u00f3w w naszej misji wspierania lepszego zrozumienia prawdziwych i pokojowych nauk islamu na \u015bwiecie. \u201d<\/strong><\/em><\/p>\n<p>Wi\u0119cej informacji:<\/p>\n<p>Stowarzyszenie Muzu\u0142ma\u0144skie Ahmadiyya<\/p>\n<p><a href=\"mailto:info@alislam.pl\">info@alislam.pl<\/a><\/p>\n<p>tel. 22\u00a0863 88 92<\/p>\n","protected":false},"excerpt":{"rendered":"<p>Po dzisiejszym ataku w\u00a0Nicei\u00a0i zamordowaniu Samuela Paty, Jego \u015awi\u0105tobliwo\u015b\u0107, Mirza Masroor Ahmad, pot\u0119pi\u0142 wszelkie formy terroryzmu<\/p>\n","protected":false},"author":85,"featured_media":165,"comment_status":"closed","ping_status":"closed","sticky":false,"template":"","format":"standard","meta":{"_acf_changed":false,"footnotes":""},"categories":[70],"tags":[65,64],"topics":[36,63],"authors":[],"geo_locations":[],"content_source":[38],"class_list":["post-194","post","type-post","status-publish","format-standard","has-post-thumbnail","hentry","category-aktualnosci","tag-francja","tag-nicea","topics-khilafat","topics-pokoj","content_source-press-ahmadiyya"],"acf":[],"yoast_head":"<!-- This site is optimized with the Yoast SEO Premium plugin v21.1 (Yoast SEO v27.4) - https:\/\/yoast.com\/product\/yoast-seo-premium-wordpress\/ -->\n<title>O\u015bwiadczenie Kalifa islamu w sprawie ataku w Nicei w dniu 29 pa\u017adziernika - Stowarzyszenie Muzu\u0142ma\u0144skie Ahmadiyya<\/title>\n<meta name=\"description\" content=\"Po dzisiejszym ataku w\u00a0Nicei\u00a0i zamordowaniu Samuela Paty, Jego \u015awi\u0105tobliwo\u015b\u0107, Mirza Masroor Ahmad, pot\u0119pi\u0142 wszelkie formy terroryzmu\" \/>\n<meta name=\"robots\" content=\"index, follow, max-snippet:-1, max-image-preview:large, max-video-preview:-1\" \/>\n<link rel=\"canonical\" href=\"https:\/\/www.ahmadiyya-islam.org\/pl\/aktualnosci\/oswiadczenie-kalifa-islamu-w-sprawie-ataku-w-nicei-w-dniu-29-pazdziernika\/\" \/>\n<meta property=\"og:locale\" content=\"pl_PL\" \/>\n<meta property=\"og:type\" content=\"article\" \/>\n<meta property=\"og:title\" content=\"O\u015bwiadczenie Kalifa islamu w sprawie ataku w Nicei w dniu 29 pa\u017adziernika\" \/>\n<meta property=\"og:description\" content=\"Po dzisiejszym ataku w\u00a0Nicei\u00a0i zamordowaniu Samuela Paty, Jego \u015awi\u0105tobliwo\u015b\u0107, Mirza Masroor Ahmad, pot\u0119pi\u0142 wszelkie formy terroryzmu\" \/>\n<meta property=\"og:url\" content=\"https:\/\/www.ahmadiyya-islam.org\/pl\/aktualnosci\/oswiadczenie-kalifa-islamu-w-sprawie-ataku-w-nicei-w-dniu-29-pazdziernika\/\" \/>\n<meta property=\"og:site_name\" content=\"Stowarzyszenie Muzu\u0142ma\u0144skie Ahmadiyya\" \/>\n<meta property=\"article:published_time\" content=\"2020-10-29T17:36:36+00:00\" \/>\n<meta property=\"article:modified_time\" content=\"2023-07-14T17:41:43+00:00\" \/>\n<meta property=\"og:image\" content=\"http:\/\/www.ahmadiyya-islam.org\/pl\/wp-content\/uploads\/sites\/25\/2021\/02\/Mirza-Masroor-Ahmad.jpg\" \/>\n\t<meta property=\"og:image:width\" content=\"1024\" \/>\n\t<meta property=\"og:image:height\" content=\"724\" \/>\n\t<meta property=\"og:image:type\" content=\"image\/jpeg\" \/>\n<meta name=\"author\" content=\"muneebpl\" \/>\n<meta name=\"twitter:card\" content=\"summary_large_image\" \/>\n<meta name=\"twitter:label1\" content=\"Napisane przez\" \/>\n\t<meta name=\"twitter:data1\" content=\"muneebpl\" \/>\n\t<meta name=\"twitter:label2\" content=\"Szacowany czas czytania\" \/>\n\t<meta name=\"twitter:data2\" content=\"2 minuty\" \/>\n<script type=\"application\/ld+json\" class=\"yoast-schema-graph\">{\"@context\":\"https:\\\/\\\/schema.org\",\"@graph\":[{\"@type\":\"Article\",\"@id\":\"https:\\\/\\\/www.ahmadiyya-islam.org\\\/pl\\\/aktualnosci\\\/oswiadczenie-kalifa-islamu-w-sprawie-ataku-w-nicei-w-dniu-29-pazdziernika\\\/#article\",\"isPartOf\":{\"@id\":\"https:\\\/\\\/www.ahmadiyya-islam.org\\\/pl\\\/aktualnosci\\\/oswiadczenie-kalifa-islamu-w-sprawie-ataku-w-nicei-w-dniu-29-pazdziernika\\\/\"},\"author\":{\"name\":\"muneebpl\",\"@id\":\"https:\\\/\\\/www.ahmadiyya-islam.org\\\/pl\\\/#\\\/schema\\\/person\\\/930221033c41e39906c42c843787856b\"},\"headline\":\"O\u015bwiadczenie Kalifa islamu w sprawie ataku w Nicei w dniu 29 pa\u017adziernika\",\"datePublished\":\"2020-10-29T17:36:36+00:00\",\"dateModified\":\"2023-07-14T17:41:43+00:00\",\"mainEntityOfPage\":{\"@id\":\"https:\\\/\\\/www.ahmadiyya-islam.org\\\/pl\\\/aktualnosci\\\/oswiadczenie-kalifa-islamu-w-sprawie-ataku-w-nicei-w-dniu-29-pazdziernika\\\/\"},\"wordCount\":362,\"image\":{\"@id\":\"https:\\\/\\\/www.ahmadiyya-islam.org\\\/pl\\\/aktualnosci\\\/oswiadczenie-kalifa-islamu-w-sprawie-ataku-w-nicei-w-dniu-29-pazdziernika\\\/#primaryimage\"},\"thumbnailUrl\":\"https:\\\/\\\/www.ahmadiyya-islam.org\\\/pl\\\/wp-content\\\/uploads\\\/sites\\\/25\\\/2021\\\/02\\\/Mirza-Masroor-Ahmad.jpg\",\"keywords\":[\"Francja\",\"Nicea\"],\"articleSection\":[\"Aktualnosci\"],\"inLanguage\":\"pl-PL\"},{\"@type\":\"WebPage\",\"@id\":\"https:\\\/\\\/www.ahmadiyya-islam.org\\\/pl\\\/aktualnosci\\\/oswiadczenie-kalifa-islamu-w-sprawie-ataku-w-nicei-w-dniu-29-pazdziernika\\\/\",\"url\":\"https:\\\/\\\/www.ahmadiyya-islam.org\\\/pl\\\/aktualnosci\\\/oswiadczenie-kalifa-islamu-w-sprawie-ataku-w-nicei-w-dniu-29-pazdziernika\\\/\",\"name\":\"O\u015bwiadczenie Kalifa islamu w sprawie ataku w Nicei w dniu 29 pa\u017adziernika - Stowarzyszenie Muzu\u0142ma\u0144skie Ahmadiyya\",\"isPartOf\":{\"@id\":\"https:\\\/\\\/www.ahmadiyya-islam.org\\\/pl\\\/#website\"},\"primaryImageOfPage\":{\"@id\":\"https:\\\/\\\/www.ahmadiyya-islam.org\\\/pl\\\/aktualnosci\\\/oswiadczenie-kalifa-islamu-w-sprawie-ataku-w-nicei-w-dniu-29-pazdziernika\\\/#primaryimage\"},\"image\":{\"@id\":\"https:\\\/\\\/www.ahmadiyya-islam.org\\\/pl\\\/aktualnosci\\\/oswiadczenie-kalifa-islamu-w-sprawie-ataku-w-nicei-w-dniu-29-pazdziernika\\\/#primaryimage\"},\"thumbnailUrl\":\"https:\\\/\\\/www.ahmadiyya-islam.org\\\/pl\\\/wp-content\\\/uploads\\\/sites\\\/25\\\/2021\\\/02\\\/Mirza-Masroor-Ahmad.jpg\",\"datePublished\":\"2020-10-29T17:36:36+00:00\",\"dateModified\":\"2023-07-14T17:41:43+00:00\",\"author\":{\"@id\":\"https:\\\/\\\/www.ahmadiyya-islam.org\\\/pl\\\/#\\\/schema\\\/person\\\/930221033c41e39906c42c843787856b\"},\"description\":\"Po dzisiejszym ataku w\u00a0Nicei\u00a0i zamordowaniu Samuela Paty, Jego \u015awi\u0105tobliwo\u015b\u0107, Mirza Masroor Ahmad, pot\u0119pi\u0142 wszelkie formy terroryzmu\",\"breadcrumb\":{\"@id\":\"https:\\\/\\\/www.ahmadiyya-islam.org\\\/pl\\\/aktualnosci\\\/oswiadczenie-kalifa-islamu-w-sprawie-ataku-w-nicei-w-dniu-29-pazdziernika\\\/#breadcrumb\"},\"inLanguage\":\"pl-PL\",\"potentialAction\":[{\"@type\":\"ReadAction\",\"target\":[\"https:\\\/\\\/www.ahmadiyya-islam.org\\\/pl\\\/aktualnosci\\\/oswiadczenie-kalifa-islamu-w-sprawie-ataku-w-nicei-w-dniu-29-pazdziernika\\\/\"]}]},{\"@type\":\"ImageObject\",\"inLanguage\":\"pl-PL\",\"@id\":\"https:\\\/\\\/www.ahmadiyya-islam.org\\\/pl\\\/aktualnosci\\\/oswiadczenie-kalifa-islamu-w-sprawie-ataku-w-nicei-w-dniu-29-pazdziernika\\\/#primaryimage\",\"url\":\"https:\\\/\\\/www.ahmadiyya-islam.org\\\/pl\\\/wp-content\\\/uploads\\\/sites\\\/25\\\/2021\\\/02\\\/Mirza-Masroor-Ahmad.jpg\",\"contentUrl\":\"https:\\\/\\\/www.ahmadiyya-islam.org\\\/pl\\\/wp-content\\\/uploads\\\/sites\\\/25\\\/2021\\\/02\\\/Mirza-Masroor-Ahmad.jpg\",\"width\":1024,\"height\":724,\"caption\":\"incydent\u00f3w z \u017cycia\u00a0Hadhrat\u00a0Alego\"},{\"@type\":\"BreadcrumbList\",\"@id\":\"https:\\\/\\\/www.ahmadiyya-islam.org\\\/pl\\\/aktualnosci\\\/oswiadczenie-kalifa-islamu-w-sprawie-ataku-w-nicei-w-dniu-29-pazdziernika\\\/#breadcrumb\",\"itemListElement\":[{\"@type\":\"ListItem\",\"position\":1,\"name\":\"Home\",\"item\":\"https:\\\/\\\/www.ahmadiyya-islam.org\\\/pl\\\/\"},{\"@type\":\"ListItem\",\"position\":2,\"name\":\"O\u015bwiadczenie Kalifa islamu w sprawie ataku w Nicei w dniu 29 pa\u017adziernika\"}]},{\"@type\":\"WebSite\",\"@id\":\"https:\\\/\\\/www.ahmadiyya-islam.org\\\/pl\\\/#website\",\"url\":\"https:\\\/\\\/www.ahmadiyya-islam.org\\\/pl\\\/\",\"name\":\"Stowarzyszenie Muzu\u0142ma\u0144skie Ahmadiyya\",\"description\":\"Polska\",\"potentialAction\":[{\"@type\":\"SearchAction\",\"target\":{\"@type\":\"EntryPoint\",\"urlTemplate\":\"https:\\\/\\\/www.ahmadiyya-islam.org\\\/pl\\\/?s={search_term_string}\"},\"query-input\":{\"@type\":\"PropertyValueSpecification\",\"valueRequired\":true,\"valueName\":\"search_term_string\"}}],\"inLanguage\":\"pl-PL\"},{\"@type\":\"Person\",\"@id\":\"https:\\\/\\\/www.ahmadiyya-islam.org\\\/pl\\\/#\\\/schema\\\/person\\\/930221033c41e39906c42c843787856b\",\"name\":\"muneebpl\",\"url\":\"https:\\\/\\\/www.ahmadiyya-islam.org\\\/pl\\\/author\\\/muneebpl\\\/\"}]}<\/script>\n<!-- \/ Yoast SEO Premium plugin. -->","yoast_head_json":{"title":"O\u015bwiadczenie Kalifa islamu w sprawie ataku w Nicei w dniu 29 pa\u017adziernika - Stowarzyszenie Muzu\u0142ma\u0144skie Ahmadiyya","description":"Po dzisiejszym ataku w\u00a0Nicei\u00a0i zamordowaniu Samuela Paty, Jego \u015awi\u0105tobliwo\u015b\u0107, Mirza Masroor Ahmad, pot\u0119pi\u0142 wszelkie formy terroryzmu","robots":{"index":"index","follow":"follow","max-snippet":"max-snippet:-1","max-image-preview":"max-image-preview:large","max-video-preview":"max-video-preview:-1"},"canonical":"https:\/\/www.ahmadiyya-islam.org\/pl\/aktualnosci\/oswiadczenie-kalifa-islamu-w-sprawie-ataku-w-nicei-w-dniu-29-pazdziernika\/","og_locale":"pl_PL","og_type":"article","og_title":"O\u015bwiadczenie Kalifa islamu w sprawie ataku w Nicei w dniu 29 pa\u017adziernika","og_description":"Po dzisiejszym ataku w\u00a0Nicei\u00a0i zamordowaniu Samuela Paty, Jego \u015awi\u0105tobliwo\u015b\u0107, Mirza Masroor Ahmad, pot\u0119pi\u0142 wszelkie formy terroryzmu","og_url":"https:\/\/www.ahmadiyya-islam.org\/pl\/aktualnosci\/oswiadczenie-kalifa-islamu-w-sprawie-ataku-w-nicei-w-dniu-29-pazdziernika\/","og_site_name":"Stowarzyszenie Muzu\u0142ma\u0144skie Ahmadiyya","article_published_time":"2020-10-29T17:36:36+00:00","article_modified_time":"2023-07-14T17:41:43+00:00","og_image":[{"width":1024,"height":724,"url":"http:\/\/www.ahmadiyya-islam.org\/pl\/wp-content\/uploads\/sites\/25\/2021\/02\/Mirza-Masroor-Ahmad.jpg","type":"image\/jpeg"}],"author":"muneebpl","twitter_card":"summary_large_image","twitter_misc":{"Napisane przez":"muneebpl","Szacowany czas czytania":"2 minuty"},"schema":{"@context":"https:\/\/schema.org","@graph":[{"@type":"Article","@id":"https:\/\/www.ahmadiyya-islam.org\/pl\/aktualnosci\/oswiadczenie-kalifa-islamu-w-sprawie-ataku-w-nicei-w-dniu-29-pazdziernika\/#article","isPartOf":{"@id":"https:\/\/www.ahmadiyya-islam.org\/pl\/aktualnosci\/oswiadczenie-kalifa-islamu-w-sprawie-ataku-w-nicei-w-dniu-29-pazdziernika\/"},"author":{"name":"muneebpl","@id":"https:\/\/www.ahmadiyya-islam.org\/pl\/#\/schema\/person\/930221033c41e39906c42c843787856b"},"headline":"O\u015bwiadczenie Kalifa islamu w sprawie ataku w Nicei w dniu 29 pa\u017adziernika","datePublished":"2020-10-29T17:36:36+00:00","dateModified":"2023-07-14T17:41:43+00:00","mainEntityOfPage":{"@id":"https:\/\/www.ahmadiyya-islam.org\/pl\/aktualnosci\/oswiadczenie-kalifa-islamu-w-sprawie-ataku-w-nicei-w-dniu-29-pazdziernika\/"},"wordCount":362,"image":{"@id":"https:\/\/www.ahmadiyya-islam.org\/pl\/aktualnosci\/oswiadczenie-kalifa-islamu-w-sprawie-ataku-w-nicei-w-dniu-29-pazdziernika\/#primaryimage"},"thumbnailUrl":"https:\/\/www.ahmadiyya-islam.org\/pl\/wp-content\/uploads\/sites\/25\/2021\/02\/Mirza-Masroor-Ahmad.jpg","keywords":["Francja","Nicea"],"articleSection":["Aktualnosci"],"inLanguage":"pl-PL"},{"@type":"WebPage","@id":"https:\/\/www.ahmadiyya-islam.org\/pl\/aktualnosci\/oswiadczenie-kalifa-islamu-w-sprawie-ataku-w-nicei-w-dniu-29-pazdziernika\/","url":"https:\/\/www.ahmadiyya-islam.org\/pl\/aktualnosci\/oswiadczenie-kalifa-islamu-w-sprawie-ataku-w-nicei-w-dniu-29-pazdziernika\/","name":"O\u015bwiadczenie Kalifa islamu w sprawie ataku w Nicei w dniu 29 pa\u017adziernika - Stowarzyszenie Muzu\u0142ma\u0144skie Ahmadiyya","isPartOf":{"@id":"https:\/\/www.ahmadiyya-islam.org\/pl\/#website"},"primaryImageOfPage":{"@id":"https:\/\/www.ahmadiyya-islam.org\/pl\/aktualnosci\/oswiadczenie-kalifa-islamu-w-sprawie-ataku-w-nicei-w-dniu-29-pazdziernika\/#primaryimage"},"image":{"@id":"https:\/\/www.ahmadiyya-islam.org\/pl\/aktualnosci\/oswiadczenie-kalifa-islamu-w-sprawie-ataku-w-nicei-w-dniu-29-pazdziernika\/#primaryimage"},"thumbnailUrl":"https:\/\/www.ahmadiyya-islam.org\/pl\/wp-content\/uploads\/sites\/25\/2021\/02\/Mirza-Masroor-Ahmad.jpg","datePublished":"2020-10-29T17:36:36+00:00","dateModified":"2023-07-14T17:41:43+00:00","author":{"@id":"https:\/\/www.ahmadiyya-islam.org\/pl\/#\/schema\/person\/930221033c41e39906c42c843787856b"},"description":"Po dzisiejszym ataku w\u00a0Nicei\u00a0i zamordowaniu Samuela Paty, Jego \u015awi\u0105tobliwo\u015b\u0107, Mirza Masroor Ahmad, pot\u0119pi\u0142 wszelkie formy terroryzmu","breadcrumb":{"@id":"https:\/\/www.ahmadiyya-islam.org\/pl\/aktualnosci\/oswiadczenie-kalifa-islamu-w-sprawie-ataku-w-nicei-w-dniu-29-pazdziernika\/#breadcrumb"},"inLanguage":"pl-PL","potentialAction":[{"@type":"ReadAction","target":["https:\/\/www.ahmadiyya-islam.org\/pl\/aktualnosci\/oswiadczenie-kalifa-islamu-w-sprawie-ataku-w-nicei-w-dniu-29-pazdziernika\/"]}]},{"@type":"ImageObject","inLanguage":"pl-PL","@id":"https:\/\/www.ahmadiyya-islam.org\/pl\/aktualnosci\/oswiadczenie-kalifa-islamu-w-sprawie-ataku-w-nicei-w-dniu-29-pazdziernika\/#primaryimage","url":"https:\/\/www.ahmadiyya-islam.org\/pl\/wp-content\/uploads\/sites\/25\/2021\/02\/Mirza-Masroor-Ahmad.jpg","contentUrl":"https:\/\/www.ahmadiyya-islam.org\/pl\/wp-content\/uploads\/sites\/25\/2021\/02\/Mirza-Masroor-Ahmad.jpg","width":1024,"height":724,"caption":"incydent\u00f3w z \u017cycia\u00a0Hadhrat\u00a0Alego"},{"@type":"BreadcrumbList","@id":"https:\/\/www.ahmadiyya-islam.org\/pl\/aktualnosci\/oswiadczenie-kalifa-islamu-w-sprawie-ataku-w-nicei-w-dniu-29-pazdziernika\/#breadcrumb","itemListElement":[{"@type":"ListItem","position":1,"name":"Home","item":"https:\/\/www.ahmadiyya-islam.org\/pl\/"},{"@type":"ListItem","position":2,"name":"O\u015bwiadczenie Kalifa islamu w sprawie ataku w Nicei w dniu 29 pa\u017adziernika"}]},{"@type":"WebSite","@id":"https:\/\/www.ahmadiyya-islam.org\/pl\/#website","url":"https:\/\/www.ahmadiyya-islam.org\/pl\/","name":"Stowarzyszenie Muzu\u0142ma\u0144skie Ahmadiyya","description":"Polska","potentialAction":[{"@type":"SearchAction","target":{"@type":"EntryPoint","urlTemplate":"https:\/\/www.ahmadiyya-islam.org\/pl\/?s={search_term_string}"},"query-input":{"@type":"PropertyValueSpecification","valueRequired":true,"valueName":"search_term_string"}}],"inLanguage":"pl-PL"},{"@type":"Person","@id":"https:\/\/www.ahmadiyya-islam.org\/pl\/#\/schema\/person\/930221033c41e39906c42c843787856b","name":"muneebpl","url":"https:\/\/www.ahmadiyya-islam.org\/pl\/author\/muneebpl\/"}]}},"_links":{"self":[{"href":"https:\/\/www.ahmadiyya-islam.org\/pl\/wp-json\/wp\/v2\/posts\/194","targetHints":{"allow":["GET"]}}],"collection":[{"href":"https:\/\/www.ahmadiyya-islam.org\/pl\/wp-json\/wp\/v2\/posts"}],"about":[{"href":"https:\/\/www.ahmadiyya-islam.org\/pl\/wp-json\/wp\/v2\/types\/post"}],"author":[{"embeddable":true,"href":"https:\/\/www.ahmadiyya-islam.org\/pl\/wp-json\/wp\/v2\/users\/85"}],"replies":[{"embeddable":true,"href":"https:\/\/www.ahmadiyya-islam.org\/pl\/wp-json\/wp\/v2\/comments?post=194"}],"version-history":[{"count":1,"href":"https:\/\/www.ahmadiyya-islam.org\/pl\/wp-json\/wp\/v2\/posts\/194\/revisions"}],"predecessor-version":[{"id":2388,"href":"https:\/\/www.ahmadiyya-islam.org\/pl\/wp-json\/wp\/v2\/posts\/194\/revisions\/2388"}],"wp:featuredmedia":[{"embeddable":true,"href":"https:\/\/www.ahmadiyya-islam.org\/pl\/wp-json\/wp\/v2\/media\/165"}],"wp:attachment":[{"href":"https:\/\/www.ahmadiyya-islam.org\/pl\/wp-json\/wp\/v2\/media?parent=194"}],"wp:term":[{"taxonomy":"category","embeddable":true,"href":"https:\/\/www.ahmadiyya-islam.org\/pl\/wp-json\/wp\/v2\/categories?post=194"},{"taxonomy":"post_tag","embeddable":true,"href":"https:\/\/www.ahmadiyya-islam.org\/pl\/wp-json\/wp\/v2\/tags?post=194"},{"taxonomy":"topics","embeddable":true,"href":"https:\/\/www.ahmadiyya-islam.org\/pl\/wp-json\/wp\/v2\/topics?post=194"},{"taxonomy":"authors","embeddable":true,"href":"https:\/\/www.ahmadiyya-islam.org\/pl\/wp-json\/wp\/v2\/authors?post=194"},{"taxonomy":"geo_locations","embeddable":true,"href":"https:\/\/www.ahmadiyya-islam.org\/pl\/wp-json\/wp\/v2\/geo_locations?post=194"},{"taxonomy":"content_source","embeddable":true,"href":"https:\/\/www.ahmadiyya-islam.org\/pl\/wp-json\/wp\/v2\/content_source?post=194"}],"curies":[{"name":"wp","href":"https:\/\/api.w.org\/{rel}","templated":true}]}}