{"id":1808,"date":"2022-02-25T10:08:41","date_gmt":"2022-02-25T09:08:41","guid":{"rendered":"https:\/\/www.ahmadiyya-islam.org\/pl\/?p=1808"},"modified":"2022-03-07T17:17:25","modified_gmt":"2022-03-07T16:17:25","slug":"oswiadczenie-swiatowego-przywodcy-spolecznosci-muzulmanskiej-ahmadiyya-w-sprawie-kryzysu-rosyjsko-ukrainskiego","status":"publish","type":"post","link":"https:\/\/www.ahmadiyya-islam.org\/pl\/aktualnosci\/oswiadczenie-swiatowego-przywodcy-spolecznosci-muzulmanskiej-ahmadiyya-w-sprawie-kryzysu-rosyjsko-ukrainskiego\/","title":{"rendered":"O\u015bwiadczenie \u015awiatowego Przyw\u00f3dcy Spo\u0142eczno\u015bci Muzu\u0142ma\u0144skiej Ahmadiyya w sprawie kryzysu rosyjsko-ukrai\u0144skiego"},"content":{"rendered":"<p>W zwi\u0105zku z kryzysem rosyjsko-ukrai\u0144skim \u015awiatowy Przyw\u00f3dca Spo\u0142eczno\u015bci Muzu\u0142ma\u0144skiej Ahmadiyya, V Kalif, Jego \u015awi\u0105tobliwo\u015b\u0107, Hadhrat Mirza Masroor Ahmad powiedzia\u0142:<\/p>\n<p><em><strong>\u201ePrzez wiele lat ostrzega\u0142em g\u0142\u00f3wne mocarstwa \u015bwiata, \u017ce <\/strong><\/em><em><strong>\u200b\u200b<\/strong><\/em><em><strong>musz<\/strong><\/em><em><strong>\u0105<\/strong><\/em><em><strong> wzi<\/strong><\/em><em><strong>\u0105\u0107<\/strong><\/em><em><strong> pod uwag<\/strong><\/em><em><strong>\u0119<\/strong><\/em><em><strong> lekcje historii, szczeg<\/strong><\/em><em><strong>\u00f3<\/strong><\/em><em><strong>lnie w odniesieniu do dw<\/strong><\/em><em><strong>\u00f3<\/strong><\/em><em><strong>ch katastrofalnych i niszczycielskich wojen <\/strong><\/em><em><strong>\u015b<\/strong><\/em><em><strong>wiatowych, kt<\/strong><\/em><em><strong>\u00f3<\/strong><\/em><em><strong>re mia<\/strong><\/em><em><strong>\u0142<\/strong><\/em><em><strong>y miejsce w XX wieku.\u00a0<\/strong><\/em><\/p>\n<p><em><strong>W zwi\u0105zku z tym w przesz\u0142o\u015bci pisa\u0142em listy do przyw\u00f3dc\u00f3w r\u00f3\u017cnych narod\u00f3w, wzywaj\u0105c ich do od\u0142o\u017cenia na bok swoich narodowych i w\u0142asnych interes\u00f3w w celu nadania priorytetu pokojowi i bezpiecze\u0144stwu \u015bwiata poprzez przyj\u0119cie prawdziwej sprawiedliwo\u015bci na wszystkich poziomach spo\u0142ecze\u0144stwa.\u00a0<\/strong><\/em><\/p>\n<p><em><strong>Niestety, teraz rozpocz\u0119\u0142a si\u0119 wojna na Ukrainie, a wi\u0119c sytuacja sta\u0142a si\u0119 niezwykle powa\u017cna i niepewna.\u00a0Co wi\u0119cej, ma potencja\u0142 do dalszej eskalacji w zale\u017cno\u015bci od dalszych krok\u00f3w rosyjskiego rz\u0105du oraz reakcji NATO i g\u0142\u00f3wnych mocarstw.\u00a0Niew\u0105tpliwie konsekwencje jakiejkolwiek eskalacji b\u0119d\u0105 przera\u017caj\u0105ce i skrajnie destrukcyjne.\u00a0A zatem krytyczn\u0105 potrzeb\u0105 chwili jest podj\u0119cie wszelkich mo\u017cliwych wysi\u0142k\u00f3w, aby unikn\u0105\u0107 dalszej wojny i przemocy.\u00a0\u015awiat wci\u0105\u017c ma czas, aby cofn\u0105\u0107 si\u0119 z kraw\u0119dzi katastrofy. <\/strong><\/em><\/p>\n<p><strong>Dlatego, w imi\u0119 dobra ludzko\u015bci, wzywam Rosj\u0119, NATO i wszystkie g\u0142\u00f3wne mocarstwa do skoncentrowania wszystkich swoich wysi\u0142k\u00f3w na d\u0105\u017ceniu do deeskalacji konfliktu i pracy nad pokojowym rozwi\u0105zaniem poprzez dyplomacj\u0119.<\/strong><\/p>\n<p><em><strong>Jako Przyw\u00f3dca Spo\u0142eczno\u015bci Muzu\u0142ma\u0144skiej Ahmadiyya mog\u0119 jedynie zwr\u00f3ci\u0107 uwag\u0119 \u015bwiatowych przyw\u00f3dc\u00f3w politycznych na priorytetowe traktowanie pokoju na \u015bwiecie i od\u0142o\u017cenie na bok ich narodowych interes\u00f3w oraz wrogo\u015bci dla dobra ca\u0142ej ludzko\u015bci.\u00a0Dlatego modl\u0119 si\u0119 szczerze, aby \u015bwiatowi przyw\u00f3dcy dzia\u0142ali z rozs\u0105dkiem i m\u0105dro\u015bci\u0105 oraz d\u0105\u017cyli do poprawy ludzko\u015bci.<\/strong><\/em><\/p>\n<p><em><strong>Modl\u0119 si\u0119, aby \u015bwiatowi przyw\u00f3dcy usilnie starali si\u0119 chroni\u0107 ludzko\u015b\u0107, zar\u00f3wno dzi\u015b, jak i w przysz\u0142o\u015bci, przed udr\u0119k\u0105 wojny, rozlewem krwi i zniszczeniem.\u00a0<\/strong><\/em><\/p>\n<p><em><strong>Dlatego z g\u0142\u0119bi serca modl\u0119 si\u0119, aby przyw\u00f3dcy najwi\u0119kszych mocarstw i ich rz\u0105dy nie podejmowali krok\u00f3w, kt\u00f3re s\u0142u\u017c\u0105 zniszczeniu przysz\u0142o\u015bci naszych dzieci i nast\u0119pnych pokole\u0144.<\/strong><\/em><\/p>\n<p><em><strong>Raczej ich ka\u017cdy wysi\u0142ek i motywacja powinny mie\u0107 na celu zapewnienie, aby\u015bmy przekazali tym, kt\u00f3rzy za nami pod\u0105\u017caj\u0105, \u015bwiat pokoju i dobrobytu.\u00a0<\/strong><\/em><\/p>\n<p><em><strong>Modl\u0119 si\u0119, aby \u015bwiatowi przyw\u00f3dcy zwracali uwag\u0119 na potrzeb\u0119 chwili i cenili przede wszystkim sw\u00f3j obowi\u0105zek zapewnienia pokoju i stabilno\u015bci \u015bwiata. Niech Allah Wszechmog\u0105cy chroni wszystkich niewinnych i bezbronnych ludzi oraz niech zwyci\u0119\u017cy prawdziwy i trwa\u0142y pok\u00f3j na \u015bwiecie. Amiin.&#8221;<\/strong><\/em><\/p>\n<p><strong>MIRZA MASROOR AHMAD<\/strong><\/p>\n<p><strong>Khalifatul Masih<\/strong><\/p>\n<p><strong>Przyw\u00f3dca \u015awiatowej Spo\u0142eczno\u015bci Muzu\u0142ma\u0144skiej Ahmadiyya<\/strong><\/p>\n<p>Wi\u0119cej informacji:<\/p>\n<p>Stowarzyszenie Muzu\u0142ma\u0144skie Ahmadiyya<\/p>\n<p><a href=\"mailto:info@alislam.pl\">info@alislam.pl<\/a><\/p>\n<p>tel. 22\u00a0863 88 92<\/p>\n","protected":false},"excerpt":{"rendered":"<p>W imi\u0119 dobra ludzko\u015bci, wzywam Rosj\u0119, NATO i wszystkie g\u0142\u00f3wne mocarstwa do skoncentrowania wszystkich swoich wysi\u0142k\u00f3w na d\u0105\u017ceniu do deeskalacji konfliktu i pracy nad pokojowym rozwi\u0105zaniem poprzez dyplomacj\u0119.<\/p>\n","protected":false},"author":86,"featured_media":1810,"comment_status":"open","ping_status":"closed","sticky":false,"template":"","format":"standard","meta":{"_acf_changed":false,"footnotes":""},"categories":[70],"tags":[385,384,386,389],"topics":[63,59],"authors":[30],"geo_locations":[],"content_source":[38],"class_list":["post-1808","post","type-post","status-publish","format-standard","has-post-thumbnail","hentry","category-aktualnosci","tag-rosja","tag-ukraina","tag-wojna","tag-wojna-rosyjsko-ukrainska","topics-pokoj","topics-sprawiedliwosc","authors-hazrat-mirza-masroor-ahmad","content_source-press-ahmadiyya"],"acf":[],"yoast_head":"<!-- This site is optimized with the Yoast SEO Premium plugin v21.1 (Yoast SEO v27.4) - https:\/\/yoast.com\/product\/yoast-seo-premium-wordpress\/ -->\n<title>Przyw\u00f3dcy Ahmadiyya w sprawie kryzysu rosyjsko-ukrai\u0144skiego<\/title>\n<meta name=\"description\" content=\"W imi\u0119 dobra ludzko\u015bci, wzywam Rosj\u0119, NATO i wszystkie g\u0142\u00f3wne mocarstwa do skoncentrowania wszystkich swoich wysi\u0142k\u00f3w na d\u0105\u017ceniu do deeskalacji konfliktu i pracy nad pokojowym rozwi\u0105zaniem poprzez dyplomacj\u0119.\" \/>\n<meta name=\"robots\" content=\"index, follow, max-snippet:-1, max-image-preview:large, max-video-preview:-1\" \/>\n<link rel=\"canonical\" href=\"https:\/\/www.ahmadiyya-islam.org\/pl\/aktualnosci\/oswiadczenie-swiatowego-przywodcy-spolecznosci-muzulmanskiej-ahmadiyya-w-sprawie-kryzysu-rosyjsko-ukrainskiego\/\" \/>\n<meta property=\"og:locale\" content=\"pl_PL\" \/>\n<meta property=\"og:type\" content=\"article\" \/>\n<meta property=\"og:title\" content=\"O\u015bwiadczenie \u015awiatowego Przyw\u00f3dcy Spo\u0142eczno\u015bci Muzu\u0142ma\u0144skiej Ahmadiyya w sprawie kryzysu rosyjsko-ukrai\u0144skiego\" \/>\n<meta property=\"og:description\" content=\"W imi\u0119 dobra ludzko\u015bci, wzywam Rosj\u0119, NATO i wszystkie g\u0142\u00f3wne mocarstwa do skoncentrowania wszystkich swoich wysi\u0142k\u00f3w na d\u0105\u017ceniu do deeskalacji konfliktu i pracy nad pokojowym rozwi\u0105zaniem poprzez dyplomacj\u0119.\" \/>\n<meta property=\"og:url\" content=\"https:\/\/www.ahmadiyya-islam.org\/pl\/aktualnosci\/oswiadczenie-swiatowego-przywodcy-spolecznosci-muzulmanskiej-ahmadiyya-w-sprawie-kryzysu-rosyjsko-ukrainskiego\/\" \/>\n<meta property=\"og:site_name\" content=\"Stowarzyszenie Muzu\u0142ma\u0144skie Ahmadiyya\" \/>\n<meta property=\"article:published_time\" content=\"2022-02-25T09:08:41+00:00\" \/>\n<meta property=\"article:modified_time\" content=\"2022-03-07T16:17:25+00:00\" \/>\n<meta property=\"og:image\" content=\"http:\/\/www.ahmadiyya-islam.org\/pl\/wp-content\/uploads\/sites\/25\/2022\/02\/Huzoor-photo.jpg\" \/>\n\t<meta property=\"og:image:width\" content=\"939\" \/>\n\t<meta property=\"og:image:height\" content=\"704\" \/>\n\t<meta property=\"og:image:type\" content=\"image\/jpeg\" \/>\n<meta name=\"author\" content=\"kasiapl\" \/>\n<meta name=\"twitter:card\" content=\"summary_large_image\" \/>\n<meta name=\"twitter:label1\" content=\"Napisane przez\" \/>\n\t<meta name=\"twitter:data1\" content=\"kasiapl\" \/>\n\t<meta name=\"twitter:label2\" content=\"Szacowany czas czytania\" \/>\n\t<meta name=\"twitter:data2\" content=\"2 minuty\" \/>\n<script type=\"application\/ld+json\" class=\"yoast-schema-graph\">{\"@context\":\"https:\\\/\\\/schema.org\",\"@graph\":[{\"@type\":\"Article\",\"@id\":\"https:\\\/\\\/www.ahmadiyya-islam.org\\\/pl\\\/aktualnosci\\\/oswiadczenie-swiatowego-przywodcy-spolecznosci-muzulmanskiej-ahmadiyya-w-sprawie-kryzysu-rosyjsko-ukrainskiego\\\/#article\",\"isPartOf\":{\"@id\":\"https:\\\/\\\/www.ahmadiyya-islam.org\\\/pl\\\/aktualnosci\\\/oswiadczenie-swiatowego-przywodcy-spolecznosci-muzulmanskiej-ahmadiyya-w-sprawie-kryzysu-rosyjsko-ukrainskiego\\\/\"},\"author\":{\"name\":\"kasiapl\",\"@id\":\"https:\\\/\\\/www.ahmadiyya-islam.org\\\/pl\\\/#\\\/schema\\\/person\\\/1841283eac729e0aa9eb202edf598665\"},\"headline\":\"O\u015bwiadczenie \u015awiatowego Przyw\u00f3dcy Spo\u0142eczno\u015bci Muzu\u0142ma\u0144skiej Ahmadiyya w sprawie kryzysu rosyjsko-ukrai\u0144skiego\",\"datePublished\":\"2022-02-25T09:08:41+00:00\",\"dateModified\":\"2022-03-07T16:17:25+00:00\",\"mainEntityOfPage\":{\"@id\":\"https:\\\/\\\/www.ahmadiyya-islam.org\\\/pl\\\/aktualnosci\\\/oswiadczenie-swiatowego-przywodcy-spolecznosci-muzulmanskiej-ahmadiyya-w-sprawie-kryzysu-rosyjsko-ukrainskiego\\\/\"},\"wordCount\":496,\"commentCount\":0,\"image\":{\"@id\":\"https:\\\/\\\/www.ahmadiyya-islam.org\\\/pl\\\/aktualnosci\\\/oswiadczenie-swiatowego-przywodcy-spolecznosci-muzulmanskiej-ahmadiyya-w-sprawie-kryzysu-rosyjsko-ukrainskiego\\\/#primaryimage\"},\"thumbnailUrl\":\"https:\\\/\\\/www.ahmadiyya-islam.org\\\/pl\\\/wp-content\\\/uploads\\\/sites\\\/25\\\/2022\\\/02\\\/Huzoor-photo.jpg\",\"keywords\":[\"Rosja\",\"Ukraina\",\"wojna\",\"wojna rosyjsko-ukrai\u0144ska\"],\"articleSection\":[\"Aktualnosci\"],\"inLanguage\":\"pl-PL\"},{\"@type\":\"WebPage\",\"@id\":\"https:\\\/\\\/www.ahmadiyya-islam.org\\\/pl\\\/aktualnosci\\\/oswiadczenie-swiatowego-przywodcy-spolecznosci-muzulmanskiej-ahmadiyya-w-sprawie-kryzysu-rosyjsko-ukrainskiego\\\/\",\"url\":\"https:\\\/\\\/www.ahmadiyya-islam.org\\\/pl\\\/aktualnosci\\\/oswiadczenie-swiatowego-przywodcy-spolecznosci-muzulmanskiej-ahmadiyya-w-sprawie-kryzysu-rosyjsko-ukrainskiego\\\/\",\"name\":\"Przyw\u00f3dcy Ahmadiyya w sprawie kryzysu rosyjsko-ukrai\u0144skiego\",\"isPartOf\":{\"@id\":\"https:\\\/\\\/www.ahmadiyya-islam.org\\\/pl\\\/#website\"},\"primaryImageOfPage\":{\"@id\":\"https:\\\/\\\/www.ahmadiyya-islam.org\\\/pl\\\/aktualnosci\\\/oswiadczenie-swiatowego-przywodcy-spolecznosci-muzulmanskiej-ahmadiyya-w-sprawie-kryzysu-rosyjsko-ukrainskiego\\\/#primaryimage\"},\"image\":{\"@id\":\"https:\\\/\\\/www.ahmadiyya-islam.org\\\/pl\\\/aktualnosci\\\/oswiadczenie-swiatowego-przywodcy-spolecznosci-muzulmanskiej-ahmadiyya-w-sprawie-kryzysu-rosyjsko-ukrainskiego\\\/#primaryimage\"},\"thumbnailUrl\":\"https:\\\/\\\/www.ahmadiyya-islam.org\\\/pl\\\/wp-content\\\/uploads\\\/sites\\\/25\\\/2022\\\/02\\\/Huzoor-photo.jpg\",\"datePublished\":\"2022-02-25T09:08:41+00:00\",\"dateModified\":\"2022-03-07T16:17:25+00:00\",\"author\":{\"@id\":\"https:\\\/\\\/www.ahmadiyya-islam.org\\\/pl\\\/#\\\/schema\\\/person\\\/1841283eac729e0aa9eb202edf598665\"},\"description\":\"W imi\u0119 dobra ludzko\u015bci, wzywam Rosj\u0119, NATO i wszystkie g\u0142\u00f3wne mocarstwa do skoncentrowania wszystkich swoich wysi\u0142k\u00f3w na d\u0105\u017ceniu do deeskalacji konfliktu i pracy nad pokojowym rozwi\u0105zaniem poprzez dyplomacj\u0119.\",\"breadcrumb\":{\"@id\":\"https:\\\/\\\/www.ahmadiyya-islam.org\\\/pl\\\/aktualnosci\\\/oswiadczenie-swiatowego-przywodcy-spolecznosci-muzulmanskiej-ahmadiyya-w-sprawie-kryzysu-rosyjsko-ukrainskiego\\\/#breadcrumb\"},\"inLanguage\":\"pl-PL\",\"potentialAction\":[{\"@type\":\"ReadAction\",\"target\":[\"https:\\\/\\\/www.ahmadiyya-islam.org\\\/pl\\\/aktualnosci\\\/oswiadczenie-swiatowego-przywodcy-spolecznosci-muzulmanskiej-ahmadiyya-w-sprawie-kryzysu-rosyjsko-ukrainskiego\\\/\"]}]},{\"@type\":\"ImageObject\",\"inLanguage\":\"pl-PL\",\"@id\":\"https:\\\/\\\/www.ahmadiyya-islam.org\\\/pl\\\/aktualnosci\\\/oswiadczenie-swiatowego-przywodcy-spolecznosci-muzulmanskiej-ahmadiyya-w-sprawie-kryzysu-rosyjsko-ukrainskiego\\\/#primaryimage\",\"url\":\"https:\\\/\\\/www.ahmadiyya-islam.org\\\/pl\\\/wp-content\\\/uploads\\\/sites\\\/25\\\/2022\\\/02\\\/Huzoor-photo.jpg\",\"contentUrl\":\"https:\\\/\\\/www.ahmadiyya-islam.org\\\/pl\\\/wp-content\\\/uploads\\\/sites\\\/25\\\/2022\\\/02\\\/Huzoor-photo.jpg\",\"width\":939,\"height\":704,\"caption\":\"kryzysu rosyjsko-ukrai\u0144skiego\"},{\"@type\":\"BreadcrumbList\",\"@id\":\"https:\\\/\\\/www.ahmadiyya-islam.org\\\/pl\\\/aktualnosci\\\/oswiadczenie-swiatowego-przywodcy-spolecznosci-muzulmanskiej-ahmadiyya-w-sprawie-kryzysu-rosyjsko-ukrainskiego\\\/#breadcrumb\",\"itemListElement\":[{\"@type\":\"ListItem\",\"position\":1,\"name\":\"Home\",\"item\":\"https:\\\/\\\/www.ahmadiyya-islam.org\\\/pl\\\/\"},{\"@type\":\"ListItem\",\"position\":2,\"name\":\"O\u015bwiadczenie \u015awiatowego Przyw\u00f3dcy Spo\u0142eczno\u015bci Muzu\u0142ma\u0144skiej Ahmadiyya w sprawie kryzysu rosyjsko-ukrai\u0144skiego\"}]},{\"@type\":\"WebSite\",\"@id\":\"https:\\\/\\\/www.ahmadiyya-islam.org\\\/pl\\\/#website\",\"url\":\"https:\\\/\\\/www.ahmadiyya-islam.org\\\/pl\\\/\",\"name\":\"Stowarzyszenie Muzu\u0142ma\u0144skie Ahmadiyya\",\"description\":\"Polska\",\"potentialAction\":[{\"@type\":\"SearchAction\",\"target\":{\"@type\":\"EntryPoint\",\"urlTemplate\":\"https:\\\/\\\/www.ahmadiyya-islam.org\\\/pl\\\/?s={search_term_string}\"},\"query-input\":{\"@type\":\"PropertyValueSpecification\",\"valueRequired\":true,\"valueName\":\"search_term_string\"}}],\"inLanguage\":\"pl-PL\"},{\"@type\":\"Person\",\"@id\":\"https:\\\/\\\/www.ahmadiyya-islam.org\\\/pl\\\/#\\\/schema\\\/person\\\/1841283eac729e0aa9eb202edf598665\",\"name\":\"kasiapl\",\"url\":\"https:\\\/\\\/www.ahmadiyya-islam.org\\\/pl\\\/author\\\/kasiapl\\\/\"}]}<\/script>\n<!-- \/ Yoast SEO Premium plugin. -->","yoast_head_json":{"title":"Przyw\u00f3dcy Ahmadiyya w sprawie kryzysu rosyjsko-ukrai\u0144skiego","description":"W imi\u0119 dobra ludzko\u015bci, wzywam Rosj\u0119, NATO i wszystkie g\u0142\u00f3wne mocarstwa do skoncentrowania wszystkich swoich wysi\u0142k\u00f3w na d\u0105\u017ceniu do deeskalacji konfliktu i pracy nad pokojowym rozwi\u0105zaniem poprzez dyplomacj\u0119.","robots":{"index":"index","follow":"follow","max-snippet":"max-snippet:-1","max-image-preview":"max-image-preview:large","max-video-preview":"max-video-preview:-1"},"canonical":"https:\/\/www.ahmadiyya-islam.org\/pl\/aktualnosci\/oswiadczenie-swiatowego-przywodcy-spolecznosci-muzulmanskiej-ahmadiyya-w-sprawie-kryzysu-rosyjsko-ukrainskiego\/","og_locale":"pl_PL","og_type":"article","og_title":"O\u015bwiadczenie \u015awiatowego Przyw\u00f3dcy Spo\u0142eczno\u015bci Muzu\u0142ma\u0144skiej Ahmadiyya w sprawie kryzysu rosyjsko-ukrai\u0144skiego","og_description":"W imi\u0119 dobra ludzko\u015bci, wzywam Rosj\u0119, NATO i wszystkie g\u0142\u00f3wne mocarstwa do skoncentrowania wszystkich swoich wysi\u0142k\u00f3w na d\u0105\u017ceniu do deeskalacji konfliktu i pracy nad pokojowym rozwi\u0105zaniem poprzez dyplomacj\u0119.","og_url":"https:\/\/www.ahmadiyya-islam.org\/pl\/aktualnosci\/oswiadczenie-swiatowego-przywodcy-spolecznosci-muzulmanskiej-ahmadiyya-w-sprawie-kryzysu-rosyjsko-ukrainskiego\/","og_site_name":"Stowarzyszenie Muzu\u0142ma\u0144skie Ahmadiyya","article_published_time":"2022-02-25T09:08:41+00:00","article_modified_time":"2022-03-07T16:17:25+00:00","og_image":[{"width":939,"height":704,"url":"http:\/\/www.ahmadiyya-islam.org\/pl\/wp-content\/uploads\/sites\/25\/2022\/02\/Huzoor-photo.jpg","type":"image\/jpeg"}],"author":"kasiapl","twitter_card":"summary_large_image","twitter_misc":{"Napisane przez":"kasiapl","Szacowany czas czytania":"2 minuty"},"schema":{"@context":"https:\/\/schema.org","@graph":[{"@type":"Article","@id":"https:\/\/www.ahmadiyya-islam.org\/pl\/aktualnosci\/oswiadczenie-swiatowego-przywodcy-spolecznosci-muzulmanskiej-ahmadiyya-w-sprawie-kryzysu-rosyjsko-ukrainskiego\/#article","isPartOf":{"@id":"https:\/\/www.ahmadiyya-islam.org\/pl\/aktualnosci\/oswiadczenie-swiatowego-przywodcy-spolecznosci-muzulmanskiej-ahmadiyya-w-sprawie-kryzysu-rosyjsko-ukrainskiego\/"},"author":{"name":"kasiapl","@id":"https:\/\/www.ahmadiyya-islam.org\/pl\/#\/schema\/person\/1841283eac729e0aa9eb202edf598665"},"headline":"O\u015bwiadczenie \u015awiatowego Przyw\u00f3dcy Spo\u0142eczno\u015bci Muzu\u0142ma\u0144skiej Ahmadiyya w sprawie kryzysu rosyjsko-ukrai\u0144skiego","datePublished":"2022-02-25T09:08:41+00:00","dateModified":"2022-03-07T16:17:25+00:00","mainEntityOfPage":{"@id":"https:\/\/www.ahmadiyya-islam.org\/pl\/aktualnosci\/oswiadczenie-swiatowego-przywodcy-spolecznosci-muzulmanskiej-ahmadiyya-w-sprawie-kryzysu-rosyjsko-ukrainskiego\/"},"wordCount":496,"commentCount":0,"image":{"@id":"https:\/\/www.ahmadiyya-islam.org\/pl\/aktualnosci\/oswiadczenie-swiatowego-przywodcy-spolecznosci-muzulmanskiej-ahmadiyya-w-sprawie-kryzysu-rosyjsko-ukrainskiego\/#primaryimage"},"thumbnailUrl":"https:\/\/www.ahmadiyya-islam.org\/pl\/wp-content\/uploads\/sites\/25\/2022\/02\/Huzoor-photo.jpg","keywords":["Rosja","Ukraina","wojna","wojna rosyjsko-ukrai\u0144ska"],"articleSection":["Aktualnosci"],"inLanguage":"pl-PL"},{"@type":"WebPage","@id":"https:\/\/www.ahmadiyya-islam.org\/pl\/aktualnosci\/oswiadczenie-swiatowego-przywodcy-spolecznosci-muzulmanskiej-ahmadiyya-w-sprawie-kryzysu-rosyjsko-ukrainskiego\/","url":"https:\/\/www.ahmadiyya-islam.org\/pl\/aktualnosci\/oswiadczenie-swiatowego-przywodcy-spolecznosci-muzulmanskiej-ahmadiyya-w-sprawie-kryzysu-rosyjsko-ukrainskiego\/","name":"Przyw\u00f3dcy Ahmadiyya w sprawie kryzysu rosyjsko-ukrai\u0144skiego","isPartOf":{"@id":"https:\/\/www.ahmadiyya-islam.org\/pl\/#website"},"primaryImageOfPage":{"@id":"https:\/\/www.ahmadiyya-islam.org\/pl\/aktualnosci\/oswiadczenie-swiatowego-przywodcy-spolecznosci-muzulmanskiej-ahmadiyya-w-sprawie-kryzysu-rosyjsko-ukrainskiego\/#primaryimage"},"image":{"@id":"https:\/\/www.ahmadiyya-islam.org\/pl\/aktualnosci\/oswiadczenie-swiatowego-przywodcy-spolecznosci-muzulmanskiej-ahmadiyya-w-sprawie-kryzysu-rosyjsko-ukrainskiego\/#primaryimage"},"thumbnailUrl":"https:\/\/www.ahmadiyya-islam.org\/pl\/wp-content\/uploads\/sites\/25\/2022\/02\/Huzoor-photo.jpg","datePublished":"2022-02-25T09:08:41+00:00","dateModified":"2022-03-07T16:17:25+00:00","author":{"@id":"https:\/\/www.ahmadiyya-islam.org\/pl\/#\/schema\/person\/1841283eac729e0aa9eb202edf598665"},"description":"W imi\u0119 dobra ludzko\u015bci, wzywam Rosj\u0119, NATO i wszystkie g\u0142\u00f3wne mocarstwa do skoncentrowania wszystkich swoich wysi\u0142k\u00f3w na d\u0105\u017ceniu do deeskalacji konfliktu i pracy nad pokojowym rozwi\u0105zaniem poprzez dyplomacj\u0119.","breadcrumb":{"@id":"https:\/\/www.ahmadiyya-islam.org\/pl\/aktualnosci\/oswiadczenie-swiatowego-przywodcy-spolecznosci-muzulmanskiej-ahmadiyya-w-sprawie-kryzysu-rosyjsko-ukrainskiego\/#breadcrumb"},"inLanguage":"pl-PL","potentialAction":[{"@type":"ReadAction","target":["https:\/\/www.ahmadiyya-islam.org\/pl\/aktualnosci\/oswiadczenie-swiatowego-przywodcy-spolecznosci-muzulmanskiej-ahmadiyya-w-sprawie-kryzysu-rosyjsko-ukrainskiego\/"]}]},{"@type":"ImageObject","inLanguage":"pl-PL","@id":"https:\/\/www.ahmadiyya-islam.org\/pl\/aktualnosci\/oswiadczenie-swiatowego-przywodcy-spolecznosci-muzulmanskiej-ahmadiyya-w-sprawie-kryzysu-rosyjsko-ukrainskiego\/#primaryimage","url":"https:\/\/www.ahmadiyya-islam.org\/pl\/wp-content\/uploads\/sites\/25\/2022\/02\/Huzoor-photo.jpg","contentUrl":"https:\/\/www.ahmadiyya-islam.org\/pl\/wp-content\/uploads\/sites\/25\/2022\/02\/Huzoor-photo.jpg","width":939,"height":704,"caption":"kryzysu rosyjsko-ukrai\u0144skiego"},{"@type":"BreadcrumbList","@id":"https:\/\/www.ahmadiyya-islam.org\/pl\/aktualnosci\/oswiadczenie-swiatowego-przywodcy-spolecznosci-muzulmanskiej-ahmadiyya-w-sprawie-kryzysu-rosyjsko-ukrainskiego\/#breadcrumb","itemListElement":[{"@type":"ListItem","position":1,"name":"Home","item":"https:\/\/www.ahmadiyya-islam.org\/pl\/"},{"@type":"ListItem","position":2,"name":"O\u015bwiadczenie \u015awiatowego Przyw\u00f3dcy Spo\u0142eczno\u015bci Muzu\u0142ma\u0144skiej Ahmadiyya w sprawie kryzysu rosyjsko-ukrai\u0144skiego"}]},{"@type":"WebSite","@id":"https:\/\/www.ahmadiyya-islam.org\/pl\/#website","url":"https:\/\/www.ahmadiyya-islam.org\/pl\/","name":"Stowarzyszenie Muzu\u0142ma\u0144skie Ahmadiyya","description":"Polska","potentialAction":[{"@type":"SearchAction","target":{"@type":"EntryPoint","urlTemplate":"https:\/\/www.ahmadiyya-islam.org\/pl\/?s={search_term_string}"},"query-input":{"@type":"PropertyValueSpecification","valueRequired":true,"valueName":"search_term_string"}}],"inLanguage":"pl-PL"},{"@type":"Person","@id":"https:\/\/www.ahmadiyya-islam.org\/pl\/#\/schema\/person\/1841283eac729e0aa9eb202edf598665","name":"kasiapl","url":"https:\/\/www.ahmadiyya-islam.org\/pl\/author\/kasiapl\/"}]}},"_links":{"self":[{"href":"https:\/\/www.ahmadiyya-islam.org\/pl\/wp-json\/wp\/v2\/posts\/1808","targetHints":{"allow":["GET"]}}],"collection":[{"href":"https:\/\/www.ahmadiyya-islam.org\/pl\/wp-json\/wp\/v2\/posts"}],"about":[{"href":"https:\/\/www.ahmadiyya-islam.org\/pl\/wp-json\/wp\/v2\/types\/post"}],"author":[{"embeddable":true,"href":"https:\/\/www.ahmadiyya-islam.org\/pl\/wp-json\/wp\/v2\/users\/86"}],"replies":[{"embeddable":true,"href":"https:\/\/www.ahmadiyya-islam.org\/pl\/wp-json\/wp\/v2\/comments?post=1808"}],"version-history":[{"count":1,"href":"https:\/\/www.ahmadiyya-islam.org\/pl\/wp-json\/wp\/v2\/posts\/1808\/revisions"}],"predecessor-version":[{"id":1812,"href":"https:\/\/www.ahmadiyya-islam.org\/pl\/wp-json\/wp\/v2\/posts\/1808\/revisions\/1812"}],"wp:featuredmedia":[{"embeddable":true,"href":"https:\/\/www.ahmadiyya-islam.org\/pl\/wp-json\/wp\/v2\/media\/1810"}],"wp:attachment":[{"href":"https:\/\/www.ahmadiyya-islam.org\/pl\/wp-json\/wp\/v2\/media?parent=1808"}],"wp:term":[{"taxonomy":"category","embeddable":true,"href":"https:\/\/www.ahmadiyya-islam.org\/pl\/wp-json\/wp\/v2\/categories?post=1808"},{"taxonomy":"post_tag","embeddable":true,"href":"https:\/\/www.ahmadiyya-islam.org\/pl\/wp-json\/wp\/v2\/tags?post=1808"},{"taxonomy":"topics","embeddable":true,"href":"https:\/\/www.ahmadiyya-islam.org\/pl\/wp-json\/wp\/v2\/topics?post=1808"},{"taxonomy":"authors","embeddable":true,"href":"https:\/\/www.ahmadiyya-islam.org\/pl\/wp-json\/wp\/v2\/authors?post=1808"},{"taxonomy":"geo_locations","embeddable":true,"href":"https:\/\/www.ahmadiyya-islam.org\/pl\/wp-json\/wp\/v2\/geo_locations?post=1808"},{"taxonomy":"content_source","embeddable":true,"href":"https:\/\/www.ahmadiyya-islam.org\/pl\/wp-json\/wp\/v2\/content_source?post=1808"}],"curies":[{"name":"wp","href":"https:\/\/api.w.org\/{rel}","templated":true}]}}