{"id":133,"date":"2020-11-01T16:12:59","date_gmt":"2020-11-01T15:12:59","guid":{"rendered":"https:\/\/www.ahmadiyya-islam.org\/pl\/?p=133"},"modified":"2023-07-14T19:42:37","modified_gmt":"2023-07-14T17:42:37","slug":"premier-kanady-uwagi-dotyczace-wolnosci-slowa","status":"publish","type":"post","link":"https:\/\/www.ahmadiyya-islam.org\/pl\/aktualnosci\/premier-kanady-uwagi-dotyczace-wolnosci-slowa\/","title":{"rendered":"Premier Kanady: uwagi dotycz\u0105ce wolno\u015bci s\u0142owa"},"content":{"rendered":"<p>\u015awiatowy przyw\u00f3dca Muzu\u0142ma\u0144skiej Wsp\u00f3lnoty Ahmadiyya z zadowoleniem przyjmuje uwagi premiera Kanady dotycz\u0105ce wolno\u015bci s\u0142owa.<\/p>\n<p><strong>Muzu\u0142ma\u0144ska Wsp\u00f3lnota Ahmadiyya z zadowoleniem przyjmuje i docenia niedawne komentarze premiera Kanady Justina Trudeau dotycz\u0105ce znaczenia odpowiedzialnego korzystania z prawa do\u00a0wolno\u015bci wypowiedzi.<\/strong><\/p>\n<p>Jak donosz\u0105 media, po niedawnym zapytaniu, czy wolno\u015b\u0107 s\u0142owa powinna by\u0107 u\u017cywana do wy\u015bmiewania i o\u015bmieszania religii lub przyw\u00f3dc\u00f3w religijnych, pan Trudeau odpowiedzia\u0142:<\/p>\n<p><em><strong>\u201eZawsze b\u0119dziemy broni\u0107 wolno\u015bci wypowiedzi, ale wolno\u015b\u0107 wypowiedzi nie jest nieograniczona.\u00a0Jeste\u015bmy to sobie winni, aby post\u0119powa\u0107 z szacunkiem do innych i nie stara\u0107 si\u0119 arbitralnie lub niepotrzebnie rani\u0107 tych, z kt\u00f3rymi dzielimy spo\u0142ecze\u0144stwo i planet\u0119.\u00a0Nie mamy prawa np. roznieci\u0107 ognia w zat\u0142oczonym kinie, zawsze s\u0105 granice.\u00a0W pluralistycznym, zr\u00f3\u017cnicowanym i pe\u0142nym szacunku spo\u0142ecze\u0144stwie, takim jak nasze, jeste\u015bmy sobie wzajemnie winni\u00a0 to aby by\u0107 \u015bwiadomym wp\u0142ywu naszych s\u0142\u00f3w, naszych dzia\u0142a\u0144 na innych, zw\u0142aszcza na te wsp\u00f3lnoty i populacje, kt\u00f3re wci\u0105\u017c do\u015bwiadczaj\u0105 du\u017cej dyskryminacji\u201d.\u00a0<\/strong><\/em><\/p>\n<p>Muzu\u0142ma\u0144ska Wsp\u00f3lnota Ahmadiyya wyra\u017ca uznanie dla premiera Trudeau za odwag\u0119 zaj\u0119cia stanowiska w obronie tych, kt\u00f3rzy nadal uwa\u017caj\u0105 religi\u0119 za \u015bwi\u0119to\u015b\u0107.<\/p>\n<p>W odpowiedzi na uwagi pana Trudeau,\u00a0<em>\u015awiatowy Przyw\u00f3dca Muzu\u0142ma\u0144skiej Wsp\u00f3lnoty Ahmadiyya<\/em>, Jego \u015awi\u0105tobliwo\u015b\u0107, Hadhrat Mirza Masroor Ahmad, stwierdza:<\/p>\n<p><em><strong>\u201eBardzo doceniam komentarze premiera Kanady dotycz\u0105ce konieczno\u015bci wprowadzenia pewnych ogranicze\u0144 wolno\u015bci s\u0142owa.\u00a0Uwa\u017cam, \u017ce jest to w\u0142a\u015bciwy spos\u00f3b wspierania pokoju i harmonii w spo\u0142ecze\u0144stwie.\u00a0Zawsze utrzymywa\u0142em swoje przekonanie, oparte na mojej wierze, \u017ce jest niepotrzebne prowokowanie i obra\u017canie uczu\u0107 religijnych jakichkolwiek ludzi, czy to chrze\u015bcijan, \u017cyd\u00f3w, hindus\u00f3w, muzu\u0142man\u00f3w, czy wyznawc\u00f3w jakiejkolwiek innej wiary. \u201d<\/strong><\/em><\/p>\n<p>Hadhrat Mirza Masroor Ahmad dalej stwierdza:<\/p>\n<p><em><strong>\u201eWielokrotnie m\u00f3wi\u0142em, \u017ce kiedy uczucia religijne milion\u00f3w muzu\u0142man\u00f3w zostan\u0105 powa\u017cnie zranione, w naturalny spos\u00f3b doprowadzi to do urazy i oburzenia w spo\u0142eczno\u015bci\u00a0\u00a0 muzu\u0142ma\u0144skiej.\u00a0Niestety, najnowsza historia pokazuje, \u017ce zawsze b\u0119dzie istnia\u0142a niewielka mniejszo\u015b\u0107, tzw. muzu\u0142man\u00f3w, kt\u00f3rzy okrutnie \u0142ami\u0105 nauki islamu i reaguj\u0105 w ekstremistyczny spos\u00f3b, jak widzieli\u015bmy ostatnio we Francji.\u00a0To z kolei o\u015bmiela tych, kt\u00f3rzy za wszelk\u0105 cen\u0119 staraj\u0105 si\u0119 broni\u0107 wolno\u015bci s\u0142owa, wi\u0119c to b\u0142\u0119dne ko\u0142o wrogo\u015bci wci\u0105\u017c obraca si\u0119, a przepa\u015b\u0107 mi\u0119dzy muzu\u0142manami a reszt\u0105 spo\u0142ecze\u0144stwa pog\u0142\u0119bia si\u0119.\u00a0<\/strong><\/em><\/p>\n<p><em><strong>Dlatego potrzebujemy przyw\u00f3dc\u00f3w, kt\u00f3rzy nie tylko pot\u0119pi\u0105 gwa\u0142town\u0105 reakcj\u0119, ale tak\u017ce uznaj\u0105, \u017ce korzystanie z naszych wolno\u015bci i praw nie powinno by\u0107 wykorzystywane do niepotrzebnego prowokowania lub niepokojenia innych.\u00a0<\/strong><\/em><\/p>\n<p><em><strong>W zwi\u0105zku z tym wyra\u017cam szczer\u0105 wdzi\u0119czno\u015b\u0107 panu Trudeau i modl\u0119 si\u0119, aby inni \u015bwiatowi przyw\u00f3dcy r\u00f3wnie\u017c uznali, \u017ce nadrz\u0119dne znaczenie ma budowanie sp\u00f3jnego spo\u0142ecze\u0144stwa, w kt\u00f3rym chronione s\u0105 uczucia ludzi wszystkich religii\u201d.<\/strong><\/em><\/p>\n<p>(Uwaga: zdj\u0119cie w tej informacji prasowej zosta\u0142o zrobione w 2016 r.)<\/p>\n<p>https: \/\/www.msn.com\/en-us\/news\/world\/free-speech-has-limits<\/p>\n<p>Wi\u0119cej informacji:<\/p>\n<p>Stowarzyszenie Muzu\u0142ma\u0144skie Ahmadiyya<\/p>\n<p><a href=\"mailto:info@alislam.pl\">info@alislam.pl<\/a><\/p>\n<p>tel. 22\u00a0863 88 92<\/p>\n","protected":false},"excerpt":{"rendered":"<p>Hadhrat Mirza Masroor Ahmad, stwierdza: \u201eBardzo doceniam komentarze premiera Kanady dotycz\u0105ce konieczno\u015bci wprowadzenia pewnych ogranicze\u0144<\/p>\n","protected":false},"author":85,"featured_media":135,"comment_status":"closed","ping_status":"closed","sticky":false,"template":"","format":"standard","meta":{"_acf_changed":false,"footnotes":""},"categories":[70],"tags":[37],"topics":[36,35],"authors":[],"geo_locations":[],"content_source":[38],"class_list":["post-133","post","type-post","status-publish","format-standard","has-post-thumbnail","hentry","category-aktualnosci","tag-kanada","topics-khilafat","topics-wolnosc-slowa","content_source-press-ahmadiyya"],"acf":[],"yoast_head":"<!-- This site is optimized with the Yoast SEO Premium plugin v21.1 (Yoast SEO v27.4) - https:\/\/yoast.com\/product\/yoast-seo-premium-wordpress\/ -->\n<title>Premier Kanady: uwagi dotycz\u0105ce wolno\u015bci s\u0142owa - Stowarzyszenie Muzu\u0142ma\u0144skie Ahmadiyya<\/title>\n<meta name=\"description\" content=\"Hadhrat Mirza Masroor Ahmad, stwierdza: \u201eBardzo doceniam komentarze premiera Kanady dotycz\u0105ce konieczno\u015bci wprowadzenia pewnych ogranicze\u0144\" \/>\n<meta name=\"robots\" content=\"index, follow, max-snippet:-1, max-image-preview:large, max-video-preview:-1\" \/>\n<link rel=\"canonical\" href=\"https:\/\/www.ahmadiyya-islam.org\/pl\/aktualnosci\/premier-kanady-uwagi-dotyczace-wolnosci-slowa\/\" \/>\n<meta property=\"og:locale\" content=\"pl_PL\" \/>\n<meta property=\"og:type\" content=\"article\" \/>\n<meta property=\"og:title\" content=\"Premier Kanady: uwagi dotycz\u0105ce wolno\u015bci s\u0142owa\" \/>\n<meta property=\"og:description\" content=\"Hadhrat Mirza Masroor Ahmad, stwierdza: \u201eBardzo doceniam komentarze premiera Kanady dotycz\u0105ce konieczno\u015bci wprowadzenia pewnych ogranicze\u0144\" \/>\n<meta property=\"og:url\" content=\"https:\/\/www.ahmadiyya-islam.org\/pl\/aktualnosci\/premier-kanady-uwagi-dotyczace-wolnosci-slowa\/\" \/>\n<meta property=\"og:site_name\" content=\"Stowarzyszenie Muzu\u0142ma\u0144skie Ahmadiyya\" \/>\n<meta property=\"article:published_time\" content=\"2020-11-01T15:12:59+00:00\" \/>\n<meta property=\"article:modified_time\" content=\"2023-07-14T17:42:37+00:00\" \/>\n<meta property=\"og:image\" content=\"http:\/\/www.ahmadiyya-islam.org\/pl\/wp-content\/uploads\/sites\/25\/2021\/02\/Khalifa-Kanada.jpg\" \/>\n\t<meta property=\"og:image:width\" content=\"881\" \/>\n\t<meta property=\"og:image:height\" content=\"608\" \/>\n\t<meta property=\"og:image:type\" content=\"image\/jpeg\" \/>\n<meta name=\"author\" content=\"muneebpl\" \/>\n<meta name=\"twitter:card\" content=\"summary_large_image\" \/>\n<meta name=\"twitter:label1\" content=\"Napisane przez\" \/>\n\t<meta name=\"twitter:data1\" content=\"muneebpl\" \/>\n\t<meta name=\"twitter:label2\" content=\"Szacowany czas czytania\" \/>\n\t<meta name=\"twitter:data2\" content=\"3 minuty\" \/>\n<script type=\"application\/ld+json\" class=\"yoast-schema-graph\">{\"@context\":\"https:\\\/\\\/schema.org\",\"@graph\":[{\"@type\":\"Article\",\"@id\":\"https:\\\/\\\/www.ahmadiyya-islam.org\\\/pl\\\/aktualnosci\\\/premier-kanady-uwagi-dotyczace-wolnosci-slowa\\\/#article\",\"isPartOf\":{\"@id\":\"https:\\\/\\\/www.ahmadiyya-islam.org\\\/pl\\\/aktualnosci\\\/premier-kanady-uwagi-dotyczace-wolnosci-slowa\\\/\"},\"author\":{\"name\":\"muneebpl\",\"@id\":\"https:\\\/\\\/www.ahmadiyya-islam.org\\\/pl\\\/#\\\/schema\\\/person\\\/930221033c41e39906c42c843787856b\"},\"headline\":\"Premier Kanady: uwagi dotycz\u0105ce wolno\u015bci s\u0142owa\",\"datePublished\":\"2020-11-01T15:12:59+00:00\",\"dateModified\":\"2023-07-14T17:42:37+00:00\",\"mainEntityOfPage\":{\"@id\":\"https:\\\/\\\/www.ahmadiyya-islam.org\\\/pl\\\/aktualnosci\\\/premier-kanady-uwagi-dotyczace-wolnosci-slowa\\\/\"},\"wordCount\":544,\"image\":{\"@id\":\"https:\\\/\\\/www.ahmadiyya-islam.org\\\/pl\\\/aktualnosci\\\/premier-kanady-uwagi-dotyczace-wolnosci-slowa\\\/#primaryimage\"},\"thumbnailUrl\":\"https:\\\/\\\/www.ahmadiyya-islam.org\\\/pl\\\/wp-content\\\/uploads\\\/sites\\\/25\\\/2021\\\/02\\\/Khalifa-Kanada.jpg\",\"keywords\":[\"Kanada\"],\"articleSection\":[\"Aktualnosci\"],\"inLanguage\":\"pl-PL\"},{\"@type\":\"WebPage\",\"@id\":\"https:\\\/\\\/www.ahmadiyya-islam.org\\\/pl\\\/aktualnosci\\\/premier-kanady-uwagi-dotyczace-wolnosci-slowa\\\/\",\"url\":\"https:\\\/\\\/www.ahmadiyya-islam.org\\\/pl\\\/aktualnosci\\\/premier-kanady-uwagi-dotyczace-wolnosci-slowa\\\/\",\"name\":\"Premier Kanady: uwagi dotycz\u0105ce wolno\u015bci s\u0142owa - Stowarzyszenie Muzu\u0142ma\u0144skie Ahmadiyya\",\"isPartOf\":{\"@id\":\"https:\\\/\\\/www.ahmadiyya-islam.org\\\/pl\\\/#website\"},\"primaryImageOfPage\":{\"@id\":\"https:\\\/\\\/www.ahmadiyya-islam.org\\\/pl\\\/aktualnosci\\\/premier-kanady-uwagi-dotyczace-wolnosci-slowa\\\/#primaryimage\"},\"image\":{\"@id\":\"https:\\\/\\\/www.ahmadiyya-islam.org\\\/pl\\\/aktualnosci\\\/premier-kanady-uwagi-dotyczace-wolnosci-slowa\\\/#primaryimage\"},\"thumbnailUrl\":\"https:\\\/\\\/www.ahmadiyya-islam.org\\\/pl\\\/wp-content\\\/uploads\\\/sites\\\/25\\\/2021\\\/02\\\/Khalifa-Kanada.jpg\",\"datePublished\":\"2020-11-01T15:12:59+00:00\",\"dateModified\":\"2023-07-14T17:42:37+00:00\",\"author\":{\"@id\":\"https:\\\/\\\/www.ahmadiyya-islam.org\\\/pl\\\/#\\\/schema\\\/person\\\/930221033c41e39906c42c843787856b\"},\"description\":\"Hadhrat Mirza Masroor Ahmad, stwierdza: \u201eBardzo doceniam komentarze premiera Kanady dotycz\u0105ce konieczno\u015bci wprowadzenia pewnych ogranicze\u0144\",\"breadcrumb\":{\"@id\":\"https:\\\/\\\/www.ahmadiyya-islam.org\\\/pl\\\/aktualnosci\\\/premier-kanady-uwagi-dotyczace-wolnosci-slowa\\\/#breadcrumb\"},\"inLanguage\":\"pl-PL\",\"potentialAction\":[{\"@type\":\"ReadAction\",\"target\":[\"https:\\\/\\\/www.ahmadiyya-islam.org\\\/pl\\\/aktualnosci\\\/premier-kanady-uwagi-dotyczace-wolnosci-slowa\\\/\"]}]},{\"@type\":\"ImageObject\",\"inLanguage\":\"pl-PL\",\"@id\":\"https:\\\/\\\/www.ahmadiyya-islam.org\\\/pl\\\/aktualnosci\\\/premier-kanady-uwagi-dotyczace-wolnosci-slowa\\\/#primaryimage\",\"url\":\"https:\\\/\\\/www.ahmadiyya-islam.org\\\/pl\\\/wp-content\\\/uploads\\\/sites\\\/25\\\/2021\\\/02\\\/Khalifa-Kanada.jpg\",\"contentUrl\":\"https:\\\/\\\/www.ahmadiyya-islam.org\\\/pl\\\/wp-content\\\/uploads\\\/sites\\\/25\\\/2021\\\/02\\\/Khalifa-Kanada.jpg\",\"width\":881,\"height\":608,\"caption\":\"Wolno\u015b\u0107 s\u0142owa\"},{\"@type\":\"BreadcrumbList\",\"@id\":\"https:\\\/\\\/www.ahmadiyya-islam.org\\\/pl\\\/aktualnosci\\\/premier-kanady-uwagi-dotyczace-wolnosci-slowa\\\/#breadcrumb\",\"itemListElement\":[{\"@type\":\"ListItem\",\"position\":1,\"name\":\"Home\",\"item\":\"https:\\\/\\\/www.ahmadiyya-islam.org\\\/pl\\\/\"},{\"@type\":\"ListItem\",\"position\":2,\"name\":\"Premier Kanady: uwagi dotycz\u0105ce wolno\u015bci s\u0142owa\"}]},{\"@type\":\"WebSite\",\"@id\":\"https:\\\/\\\/www.ahmadiyya-islam.org\\\/pl\\\/#website\",\"url\":\"https:\\\/\\\/www.ahmadiyya-islam.org\\\/pl\\\/\",\"name\":\"Stowarzyszenie Muzu\u0142ma\u0144skie Ahmadiyya\",\"description\":\"Polska\",\"potentialAction\":[{\"@type\":\"SearchAction\",\"target\":{\"@type\":\"EntryPoint\",\"urlTemplate\":\"https:\\\/\\\/www.ahmadiyya-islam.org\\\/pl\\\/?s={search_term_string}\"},\"query-input\":{\"@type\":\"PropertyValueSpecification\",\"valueRequired\":true,\"valueName\":\"search_term_string\"}}],\"inLanguage\":\"pl-PL\"},{\"@type\":\"Person\",\"@id\":\"https:\\\/\\\/www.ahmadiyya-islam.org\\\/pl\\\/#\\\/schema\\\/person\\\/930221033c41e39906c42c843787856b\",\"name\":\"muneebpl\",\"url\":\"https:\\\/\\\/www.ahmadiyya-islam.org\\\/pl\\\/author\\\/muneebpl\\\/\"}]}<\/script>\n<!-- \/ Yoast SEO Premium plugin. -->","yoast_head_json":{"title":"Premier Kanady: uwagi dotycz\u0105ce wolno\u015bci s\u0142owa - Stowarzyszenie Muzu\u0142ma\u0144skie Ahmadiyya","description":"Hadhrat Mirza Masroor Ahmad, stwierdza: \u201eBardzo doceniam komentarze premiera Kanady dotycz\u0105ce konieczno\u015bci wprowadzenia pewnych ogranicze\u0144","robots":{"index":"index","follow":"follow","max-snippet":"max-snippet:-1","max-image-preview":"max-image-preview:large","max-video-preview":"max-video-preview:-1"},"canonical":"https:\/\/www.ahmadiyya-islam.org\/pl\/aktualnosci\/premier-kanady-uwagi-dotyczace-wolnosci-slowa\/","og_locale":"pl_PL","og_type":"article","og_title":"Premier Kanady: uwagi dotycz\u0105ce wolno\u015bci s\u0142owa","og_description":"Hadhrat Mirza Masroor Ahmad, stwierdza: \u201eBardzo doceniam komentarze premiera Kanady dotycz\u0105ce konieczno\u015bci wprowadzenia pewnych ogranicze\u0144","og_url":"https:\/\/www.ahmadiyya-islam.org\/pl\/aktualnosci\/premier-kanady-uwagi-dotyczace-wolnosci-slowa\/","og_site_name":"Stowarzyszenie Muzu\u0142ma\u0144skie Ahmadiyya","article_published_time":"2020-11-01T15:12:59+00:00","article_modified_time":"2023-07-14T17:42:37+00:00","og_image":[{"width":881,"height":608,"url":"http:\/\/www.ahmadiyya-islam.org\/pl\/wp-content\/uploads\/sites\/25\/2021\/02\/Khalifa-Kanada.jpg","type":"image\/jpeg"}],"author":"muneebpl","twitter_card":"summary_large_image","twitter_misc":{"Napisane przez":"muneebpl","Szacowany czas czytania":"3 minuty"},"schema":{"@context":"https:\/\/schema.org","@graph":[{"@type":"Article","@id":"https:\/\/www.ahmadiyya-islam.org\/pl\/aktualnosci\/premier-kanady-uwagi-dotyczace-wolnosci-slowa\/#article","isPartOf":{"@id":"https:\/\/www.ahmadiyya-islam.org\/pl\/aktualnosci\/premier-kanady-uwagi-dotyczace-wolnosci-slowa\/"},"author":{"name":"muneebpl","@id":"https:\/\/www.ahmadiyya-islam.org\/pl\/#\/schema\/person\/930221033c41e39906c42c843787856b"},"headline":"Premier Kanady: uwagi dotycz\u0105ce wolno\u015bci s\u0142owa","datePublished":"2020-11-01T15:12:59+00:00","dateModified":"2023-07-14T17:42:37+00:00","mainEntityOfPage":{"@id":"https:\/\/www.ahmadiyya-islam.org\/pl\/aktualnosci\/premier-kanady-uwagi-dotyczace-wolnosci-slowa\/"},"wordCount":544,"image":{"@id":"https:\/\/www.ahmadiyya-islam.org\/pl\/aktualnosci\/premier-kanady-uwagi-dotyczace-wolnosci-slowa\/#primaryimage"},"thumbnailUrl":"https:\/\/www.ahmadiyya-islam.org\/pl\/wp-content\/uploads\/sites\/25\/2021\/02\/Khalifa-Kanada.jpg","keywords":["Kanada"],"articleSection":["Aktualnosci"],"inLanguage":"pl-PL"},{"@type":"WebPage","@id":"https:\/\/www.ahmadiyya-islam.org\/pl\/aktualnosci\/premier-kanady-uwagi-dotyczace-wolnosci-slowa\/","url":"https:\/\/www.ahmadiyya-islam.org\/pl\/aktualnosci\/premier-kanady-uwagi-dotyczace-wolnosci-slowa\/","name":"Premier Kanady: uwagi dotycz\u0105ce wolno\u015bci s\u0142owa - Stowarzyszenie Muzu\u0142ma\u0144skie Ahmadiyya","isPartOf":{"@id":"https:\/\/www.ahmadiyya-islam.org\/pl\/#website"},"primaryImageOfPage":{"@id":"https:\/\/www.ahmadiyya-islam.org\/pl\/aktualnosci\/premier-kanady-uwagi-dotyczace-wolnosci-slowa\/#primaryimage"},"image":{"@id":"https:\/\/www.ahmadiyya-islam.org\/pl\/aktualnosci\/premier-kanady-uwagi-dotyczace-wolnosci-slowa\/#primaryimage"},"thumbnailUrl":"https:\/\/www.ahmadiyya-islam.org\/pl\/wp-content\/uploads\/sites\/25\/2021\/02\/Khalifa-Kanada.jpg","datePublished":"2020-11-01T15:12:59+00:00","dateModified":"2023-07-14T17:42:37+00:00","author":{"@id":"https:\/\/www.ahmadiyya-islam.org\/pl\/#\/schema\/person\/930221033c41e39906c42c843787856b"},"description":"Hadhrat Mirza Masroor Ahmad, stwierdza: \u201eBardzo doceniam komentarze premiera Kanady dotycz\u0105ce konieczno\u015bci wprowadzenia pewnych ogranicze\u0144","breadcrumb":{"@id":"https:\/\/www.ahmadiyya-islam.org\/pl\/aktualnosci\/premier-kanady-uwagi-dotyczace-wolnosci-slowa\/#breadcrumb"},"inLanguage":"pl-PL","potentialAction":[{"@type":"ReadAction","target":["https:\/\/www.ahmadiyya-islam.org\/pl\/aktualnosci\/premier-kanady-uwagi-dotyczace-wolnosci-slowa\/"]}]},{"@type":"ImageObject","inLanguage":"pl-PL","@id":"https:\/\/www.ahmadiyya-islam.org\/pl\/aktualnosci\/premier-kanady-uwagi-dotyczace-wolnosci-slowa\/#primaryimage","url":"https:\/\/www.ahmadiyya-islam.org\/pl\/wp-content\/uploads\/sites\/25\/2021\/02\/Khalifa-Kanada.jpg","contentUrl":"https:\/\/www.ahmadiyya-islam.org\/pl\/wp-content\/uploads\/sites\/25\/2021\/02\/Khalifa-Kanada.jpg","width":881,"height":608,"caption":"Wolno\u015b\u0107 s\u0142owa"},{"@type":"BreadcrumbList","@id":"https:\/\/www.ahmadiyya-islam.org\/pl\/aktualnosci\/premier-kanady-uwagi-dotyczace-wolnosci-slowa\/#breadcrumb","itemListElement":[{"@type":"ListItem","position":1,"name":"Home","item":"https:\/\/www.ahmadiyya-islam.org\/pl\/"},{"@type":"ListItem","position":2,"name":"Premier Kanady: uwagi dotycz\u0105ce wolno\u015bci s\u0142owa"}]},{"@type":"WebSite","@id":"https:\/\/www.ahmadiyya-islam.org\/pl\/#website","url":"https:\/\/www.ahmadiyya-islam.org\/pl\/","name":"Stowarzyszenie Muzu\u0142ma\u0144skie Ahmadiyya","description":"Polska","potentialAction":[{"@type":"SearchAction","target":{"@type":"EntryPoint","urlTemplate":"https:\/\/www.ahmadiyya-islam.org\/pl\/?s={search_term_string}"},"query-input":{"@type":"PropertyValueSpecification","valueRequired":true,"valueName":"search_term_string"}}],"inLanguage":"pl-PL"},{"@type":"Person","@id":"https:\/\/www.ahmadiyya-islam.org\/pl\/#\/schema\/person\/930221033c41e39906c42c843787856b","name":"muneebpl","url":"https:\/\/www.ahmadiyya-islam.org\/pl\/author\/muneebpl\/"}]}},"_links":{"self":[{"href":"https:\/\/www.ahmadiyya-islam.org\/pl\/wp-json\/wp\/v2\/posts\/133","targetHints":{"allow":["GET"]}}],"collection":[{"href":"https:\/\/www.ahmadiyya-islam.org\/pl\/wp-json\/wp\/v2\/posts"}],"about":[{"href":"https:\/\/www.ahmadiyya-islam.org\/pl\/wp-json\/wp\/v2\/types\/post"}],"author":[{"embeddable":true,"href":"https:\/\/www.ahmadiyya-islam.org\/pl\/wp-json\/wp\/v2\/users\/85"}],"replies":[{"embeddable":true,"href":"https:\/\/www.ahmadiyya-islam.org\/pl\/wp-json\/wp\/v2\/comments?post=133"}],"version-history":[{"count":1,"href":"https:\/\/www.ahmadiyya-islam.org\/pl\/wp-json\/wp\/v2\/posts\/133\/revisions"}],"predecessor-version":[{"id":2389,"href":"https:\/\/www.ahmadiyya-islam.org\/pl\/wp-json\/wp\/v2\/posts\/133\/revisions\/2389"}],"wp:featuredmedia":[{"embeddable":true,"href":"https:\/\/www.ahmadiyya-islam.org\/pl\/wp-json\/wp\/v2\/media\/135"}],"wp:attachment":[{"href":"https:\/\/www.ahmadiyya-islam.org\/pl\/wp-json\/wp\/v2\/media?parent=133"}],"wp:term":[{"taxonomy":"category","embeddable":true,"href":"https:\/\/www.ahmadiyya-islam.org\/pl\/wp-json\/wp\/v2\/categories?post=133"},{"taxonomy":"post_tag","embeddable":true,"href":"https:\/\/www.ahmadiyya-islam.org\/pl\/wp-json\/wp\/v2\/tags?post=133"},{"taxonomy":"topics","embeddable":true,"href":"https:\/\/www.ahmadiyya-islam.org\/pl\/wp-json\/wp\/v2\/topics?post=133"},{"taxonomy":"authors","embeddable":true,"href":"https:\/\/www.ahmadiyya-islam.org\/pl\/wp-json\/wp\/v2\/authors?post=133"},{"taxonomy":"geo_locations","embeddable":true,"href":"https:\/\/www.ahmadiyya-islam.org\/pl\/wp-json\/wp\/v2\/geo_locations?post=133"},{"taxonomy":"content_source","embeddable":true,"href":"https:\/\/www.ahmadiyya-islam.org\/pl\/wp-json\/wp\/v2\/content_source?post=133"}],"curies":[{"name":"wp","href":"https:\/\/api.w.org\/{rel}","templated":true}]}}