{"id":537,"date":"2020-03-18T19:28:23","date_gmt":"2020-03-18T18:28:23","guid":{"rendered":"https:\/\/www.ahmadiyya-islam.org\/pl\/?post_type=articles&#038;p=537"},"modified":"2021-03-18T19:29:56","modified_gmt":"2021-03-18T18:29:56","slug":"ceremonie-w-islamie","status":"publish","type":"articles","link":"https:\/\/www.ahmadiyya-islam.org\/pl\/artykul\/ceremonie-w-islamie\/","title":{"rendered":"Ceremonie w islamie"},"content":{"rendered":"<h2><b>Ceremonie w islamie<\/b><\/h2>\n<p>Ka\u017cdy tydzie\u0144\u00a0<strong>posiada c<b>eremonie w islamie to znaczy <\/b>specjalny dzie\u0144 \u015bwi\u0105teczny<\/strong>, kt\u00f3rym jest pi\u0105tek. (<a href=\"https:\/\/www.alislam.org\/quran\/view\/?page=1222&amp;region=PL\" target=\"_blank\" rel=\"noopener\">Koran 62:10-12<\/a>) Jego znaczenie wywodzi si\u0119 z po\u0142udniowej modlitwy zgromadzeniowej, w kt\u00f3rej ka\u017cdy muzu\u0142manin musi uczestniczy\u0107 je\u015bli jest do tego zdolny.<\/p>\n<p>Istniej\u0105 wyr\u00f3\u017cniaj\u0105ce si\u0119 okazje, kt\u00f3re powinny by\u0107 celebrowane i\u00a0obchodzone:<\/p>\n<ol>\n<li><strong><em>Ramadan<\/em><\/strong>, miesi\u0105c postu\u00a0<em>(Saum<\/em>), miesi\u0105c objawienia \u015awi\u0119tego Koranu.<\/li>\n<li><strong><em>Iid-ul-Fitr<\/em><\/strong>\u00a0trzydniowe \u015awi\u0119to Zako\u0144czenia Postu Ramadanu przypadaj\u0105ce na pierwsze dni miesi\u0105ca\u00a0<em>Sza\u0142\u0142a<\/em>l.<\/li>\n<li><strong><em>Iid-ul-Adha<\/em><\/strong>\u00a0czterodniowe \u015awi\u0119to Ofiarowania przypadaj\u0105ce na 10-13 dzie\u0144 miesi\u0105ca\u00a0<em>Zul Hi\u017c\u017ca<\/em>.<\/li>\n<\/ol>\n<p>Istniej\u0105 r\u00f3wnie\u017c inne wyr\u00f3\u017cniaj\u0105ce si\u0119 \u015bwi\u0119ta, kt\u00f3re jednak <strong>nie\u00a0powinny by\u0107 obchodzone uroczy\u015bcie<\/strong>:<\/p>\n<ol>\n<li><strong><em>Hid\u017cra<\/em><\/strong>, kt\u00f3rej rocznica przypada na pierwszy dzie\u0144 miesi\u0105ca\u00a0<em>Muharram<\/em>.<\/li>\n<li>(<strong><em>Maulid al-Nabi<\/em><\/strong>) Dzie\u0144 Urodzin Proroka\u00a0<em>Muhammada<\/em>\u00a0(saw) czyli 12 dzie\u0144 miesi\u0105ca\u00a0<em>Rabi-al-A\u0142\u0142al<\/em><\/li>\n<li><strong><em>Lajlatu al Kadr<\/em><\/strong>&#8211; B\u0142ogos\u0142awiona Noc wspomniana w\u00a0Koranie, kt\u00f3ra mo\u017ce by\u0107 obchodzona wzmo\u017conymi modlitwami pomi\u0119dzy 23-cim a25-tym dniem miesi\u0105ca\u00a0<em>Ramadan<\/em><\/li>\n<\/ol>\n<h2><strong>Ceremonia \u015awi\u0105t<\/strong>:\u00a0<em>Iid-ul-Fitr\u00a0<\/em>oraz<em>\u00a0Iid-ul-Adha<\/em><\/h2>\n<p>S\u0105 dwa Iid-\u015bwi\u0119ta w\u00a0ci\u0105gu roku. Jedno jest nazywane\u00a0<em>Iid-ul-Fitr\u00a0<\/em>, i\u00a0drugie kt\u00f3re nast\u0119puje dziesi\u0119\u0107 tygodni p\u00f3\u017aniej<em>\u00a0Iid-ul-Adha.<\/em>\u00a0<em>Iid-ul-Fitr<\/em>\u00a0obchodzone jest na ko\u0144cu miesi\u0105ca Postu . W tym dniu muzu\u0142manie raduj\u0105 si\u0119 za danie im si\u0142y do wype\u0142nienie obowi\u0105zku Postu.\u00a0<em>Iid-ul-Adha\u00a0<\/em>obchodzone jest 10-tego dnia miesi\u0105ca\u00a0<em>Dul-Hid\u017ca (<\/em>koniec okresu pielgrzymki do Mekki) dla\u00a0upami\u0119tnienia okazania pos\u0142usze\u0144stwa Bogu przez\u00a0Proroka Abrahama i\u00a0jego syna Izraela, pok\u00f3j niech b\u0119dzie z\u00a0nimi. B\u00f3g przyj\u0105\u0142 poddanie i\u00a0pos\u0142usze\u0144stwo ich obu i\u00a0nakaza\u0142 aby zosta\u0142a po\u015bwi\u0119cona owca. Muzu\u0142manie zbieraj\u0105cy si\u0119 w\u00a0Mekce na Pielgrzymce id\u0105 za przyk\u0142adem Proroka Abrahama, pok\u00f3j niech b\u0119dzie z\u00a0nim, sk\u0142adaj\u0105 swe ofiary z\u00a0okazji\u00a0<em>Iid-ul-Adha.\u00a0<\/em>Czyn po\u015bwi\u0119cenia zwierz\u0119cia na\u015bladowany jest przez\u00a0muzu\u0142man\u00f3w na ca\u0142ym \u015bwiecie.<\/p>\n<p>W czasie obu \u015bwi\u0105t wszyscy muzu\u0142manie \u0142\u0105cz\u0105 si\u0119 sk\u0142adaj\u0105c dra\u00a0<em>Rukaat<\/em>\u00a0w\u00a0modlitwie zgromadzeniowej w\u00a0meczecie, kt\u00f3r\u0105 mo\u017cna r\u00f3wnie\u017c celebrowa\u0107 na wolnym powietrzu, na wsi lub w\u00a0mie\u015bcie.<\/p>\n<p>Wcze\u015bnie z\u00a0rana, po wzi\u0119ciu k\u0105pieli, muzu\u0142manie, m\u0142odzi i\u00a0starzy, ubieraj\u0105 swoje najlepsze ubrania. Szczeg\u00f3lnie zwraca si\u0119 uwag\u0119 na obdarowywanie now\u0105 odzie\u017c\u0105 dzieci. Zar\u00f3wno m\u0119\u017cczy\u017ani jak i\u00a0kobiety powinni u\u017cy\u0107 perfum, tak jak mia\u0142 to w\u00a0zwyczaju \u015awi\u0119ty Prorok (saw). Podczas dni\u00a0<em>Iid<\/em>\u00a0w\u00a0muzu\u0142ma\u0144skich domach przygotowywane s\u0105 specjalny dania.<\/p>\n<p>Przed Modlitw\u0105\u00a0<em>Iid<\/em>, z\u00a0okazji\u00a0<em>Iid-ul-Fitr<\/em>\u00a0powinno p\u0142aci\u0107 si\u0119\u00a0<em>Fitr\u0119. Fitra\u00a0<\/em>wydawana jest na biednych i\u00a0potrzebuj\u0105cych aby r\u00f3wnie\u017c oni tego dnia mogli do\u0142\u0105czy\u0107 do \u015bwi\u0119ta\u00a0<em>Iid<\/em>. Wymaga si\u0119 od ka\u017cdego cz\u0142onka rodziny p\u0142acenia na rzecz\u00a0<em>Fitry<\/em>\u00a0op\u0142at\u0119 ustalon\u0105 na ten rok.\u00a0<em>Fitra<\/em>\u00a0obowi\u0105zuje r\u00f3wnie\u017c dzieci, nawet nowo narodzone, od rodzic\u00f3w kt\u00f3rych oczekuje si\u0119 uczynienia\u00a0\u00a0koniecznej op\u0142aty. Przed przybyciem do miejsca gdzie jest ofiarowywana Modlitwa Iid powinno zje\u015b\u0107 si\u0119 pe\u0142ne \u015bniadanie. M\u00f3wi si\u0119 \u017ce Prorok Muhammad (saw) z\u00a0okazji\u00a0<em>Iid-ul-Adha<\/em>\u00a0wola\u0142 nic nie\u00a0je\u015b\u0107 dop\u00f3ki nie\u00a0zar\u017cnie swojego w\u0142asnego zwierz\u0119cia na po\u015bwi\u0119cenie. Z po\u015bwi\u0119conego mi\u0119sa spo\u017cywa\u0142 on pierwszy posi\u0142ek tego dnia, jednak\u017ce nie\u00a0jest zakazane jedzenie przed.<\/p>\n<p>Podobnie jak to czyni\u0142 \u015awi\u0119ty Prorok (saw) muzu\u0142manie przewa\u017cnie udaj\u0105 si\u0119 na miejsce Modlitwy jedn\u0105 tras\u0105 a wracaj\u0105 inn\u0105.<\/p>\n<h2><strong>Ceremonia pogrzebowa<\/strong><\/h2>\n<p>Oczy umar\u0142ego powinny by\u0107 zamkni\u0119te d\u0142oni\u0105 a opaska powinna by\u0107 obwi\u0105zana wok\u00f3\u0142 podbr\u00f3dka i\u00a0g\u0142owy tak aby jego usta by\u0142y zamkni\u0119te. Zamiast op\u0142akiwa\u0107 osoby powinny zachowywa\u0107 si\u0119 cicho oraz\u00a0cierpliwie uczestniczy\u0107 w\u00a0zaj\u0119ciach zwi\u0105zanych z\u00a0pogrzebem. Cia\u0142o powinno by\u0107 wyk\u0105pane w\u00a0nast\u0119puj\u0105cy spos\u00f3b:<\/p>\n<p>Do mycia cia\u0142a powinna by\u0107 u\u017cyta trzy razy \u015bwie\u017ca lub letnia woda. Praktyk\u0105 \u015awi\u0119tego Proroka (saw) by\u0142o wrzucanie kilku li\u015bci drzewa Beri. Najpierw powinny by\u0107 obmyte te ko\u0144czyny, kt\u00f3re s\u0105 obmywane podczas normalnego\u00a0<em>\u0141udu<\/em>\u00a0(obmycia), natomiast nie\u00a0jest wymagane wlewanie wody do ust, nozdrzy, mycie ich lub mycie st\u00f3p. Nast\u0119pnie powinno by\u0107 umyte cia\u0142o, najpierw prawa strona a potem lewa. Intymne cz\u0119\u015bci cia\u0142a powinny by\u0107 zakryte ubraniem. M\u0119\u017cczy\u017ani mog\u0105 obmywa\u0107 osoby p\u0142ci m\u0119skiej, a kobiety p\u0142ci \u017ce\u0144skiej. Potem cia\u0142o powinno by\u0107 okryte ca\u0142unem, kt\u00f3ry zazwyczaj wykonany jest z\u00a0niedrogiego bia\u0142ego materia\u0142u.<\/p>\n<p>Ca\u0142un dla\u00a0m\u0119\u017cczyzn sk\u0142ada si\u0119 z\u00a0trzech wst\u0119g; g\u00f3rnej zakrywaj\u0105cej g\u00f3rn\u0105 cz\u0119\u015b\u0107 cia\u0142a, dolnej zakrywaj\u0105cej doln\u0105 cz\u0119\u015b\u0107 cia\u0142a, oraz\u00a0jednej okrywaj\u0105cej ca\u0142e cia\u0142o od g\u0142owy po stopy. W przypadku kobiet u\u017cywa si\u0119 dodatkowych dw\u00f3ch cz\u0119\u015bci, jednej zakrywaj\u0105cej piersi i\u00a0drugiej zakrywaj\u0105cej g\u0142ow\u0119. Islam instruuje \u017ce osoba powinna urz\u0105dzi\u0107 pogrzeb z\u00a0najwi\u0119ksz\u0105 mo\u017cliw\u0105 prostot\u0105.<\/p>\n<p>M\u0119czennik nie\u00a0potrzebuje ani k\u0105pieli ani ca\u0142unu do owini\u0119cia cia\u0142a. Powinien by\u0107 pogrzebany w\u00a0ubraniu w\u00a0jakim by\u0142 w\u00a0chwili \u015bmierci. Po k\u0105pieli i\u00a0owini\u0119ciu cia\u0142a w\u00a0ca\u0142un cia\u0142o powinno by\u0107 zniesione na ramionach do miejsca gdzie ma odby\u0107 si\u0119 modlitwa pogrzebowa.<\/p>\n<h2><strong>Ma\u0142\u017ce\u0144stwo<\/strong><\/h2>\n<p>Islam k\u0142adzie du\u017cy nacisk na \u017cycie rodzinne, gdzie rodzina stanowi podstawowa jednostk\u0119 spo\u0142eczn\u0105. Ma\u0142\u017ce\u0144stwo mo\u017ce zawrze\u0107, je\u015bli wyrazi na to zgod\u0119 oraz\u00a0\u00a0dysponuje \u015brodkami materialnymi do za\u0142o\u017cenia rodziny, ka\u017cdy muzu\u0142manin i\u00a0muzu\u0142manka.<\/p>\n<p>Ceremonia za\u015blubin \u201eNikah\u201d<\/p>\n<p>Ceremonia odbywa si\u0119 najcz\u0119\u015bciej w\u00a0meczecie, gdzie w\u00a0obecno\u015bci Imama, rodziny i\u00a0dw\u00f3ch \u015bwiatk\u00f3w (m\u0119\u017cczyzn), po odm\u00f3wieniu specjalnej modlitwy obie strony: narzeczona i\u00a0narzeczony wyra\u017caj\u0105 wol\u0119 zawarcia ma\u0142\u017ce\u0144stwa. M\u0119\u017cczyzna odpowiada samodzielnie natomiast kobieta wyra\u017ca zgod\u0119 samodzielnie w\u00a0obecno\u015bci rodziny lub poprzez upowa\u017cnionego przez\u00a0ni\u0105 m\u0119skiego cz\u0142onka rodziny. Takie rozr\u00f3\u017cnienie wynika z\u00a0prostego faktu rozgraniczenia wsp\u00f3lnej obecno\u015bci m\u0119\u017cczyzn i\u00a0kobiet w\u00a0meczecie, poniewa\u017c ceremonia og\u0142oszenia \u015blubu odbywa si\u0119 w\u00a0jego m\u0119skiej cz\u0119\u015bci. Po uzyskaniu zgody panny m\u0142odej Imam og\u0142asza zawarcie \u015blubu w\u00a0nast\u0119puj\u0105cej formie:<\/p>\n<p>Imam zaprasza wszystkich do odbycia dziennej modlitwy w\u00a0meczecie. Nast\u0119pnie po recytacji cz\u0119\u015bci z\u00a0Koranu zapowiada zawarcie ma\u0142\u017ce\u0144stwa. Prosi o\u00a0powstanie pana m\u0142odego i\u00a0pyta go o\u00a0ch\u0119\u0107 zawarcia zwi\u0105zku z\u00a0pann\u0105 m\u0142od\u0105 wnosz\u0105c\u0105 (\u2026\u2026) tak? (\u2026\u2026) okre\u015blony posag (tu wymienia si\u0119 dok\u0142adnie wysoko\u015b\u0107 posagu). Musi on g\u0142o\u015bno wyrazi\u0107 zgod\u0119. Po jego deklaracji Imam og\u0142asza zawarcie zwi\u0105zku.<\/p>\n<p>W tym dniu go\u015bcie cz\u0119stowani s\u0105 jedynie s\u0142odyczami.<\/p>\n<p>Ceremonia weselna Walima<\/p>\n<p>Po nocy po\u015blubnej go\u015bcie zapraszani s\u0105 na uczt\u0119 weseln\u0105. Tradycj\u0105 jest r\u00f3wnie\u017c rozniesienie w\u00a0tym dniu po\u017cywienia w\u015br\u00f3d g\u0142odnych i\u00a0potrzebuj\u0105cych. Obecnie zasada ta nie\u00a0jest przestrzegana rygorystycznie. Ka\u017cdy nar\u00f3d wykszta\u0142ci\u0142 swoj\u0105 w\u0142asn\u0105 tradycj\u0119.<\/p>\n<h2><strong>Urodziny dziecka<\/strong><\/h2>\n<p>Tradycja muzu\u0142ma\u0144ska kultywuje kilka czynno\u015bci, kt\u00f3re powinny by\u0107 wykonane nad nowonarodzonym dzieckiem.<\/p>\n<h3>Modlitwa<\/h3>\n<p>Nad narodzonym dzieckiem odprawiana jest przez\u00a0najstarsz\u0105 osob\u0119 w\u00a0rodzinie lub pobo\u017cn\u0105 osob\u0119 Azan \u2013 muzu\u0142ma\u0144skie wezwanie na Modlitw\u0119. Tekst Azanu zostaje przeczytany bezpo\u015brednio do ucha dziecka.<\/p>\n<h3>Pierwszy posi\u0142ek<\/h3>\n<p>Zanim matka dokona pierwszego karmienia, najstarsza osoba w\u00a0rodzinie, osoba pobo\u017cna lub ojciec dziecka, powinien w\u0142o\u017cy\u0107 do ust dziecka pierwszy jego posi\u0142ek. Mo\u017ce to by\u0107 malutki kawa\u0142ek rozdrobnionego owocu, mi\u00f3d lub jakikolwiek inny pokarm dozwolony dziecku.<\/p>\n<h3>Obrzezanie<\/h3>\n<p>W przypadku narodzin m\u0119skiego potomka konieczne jest dokonanie w\u00a0si\u00f3dmym dniu jego \u017cycia czynno\u015bci obrzezania. Obecnie najcz\u0119\u015bciej dokonuje si\u0119 tego szpitalu w\u00a0wymienionym okresie lub w\u00a0p\u00f3\u017aniejszym mo\u017cliwym.<\/p>\n<p>Jest to nakaz Boski wype\u0142niamy przez\u00a0ludzi ju\u017c od czas\u00f3w Proroka Abrahama oraz\u00a0obecnie przez\u00a0r\u00f3\u017cne wyznania i\u00a0religie. Jest to znak przymierza cz\u0142owieka z\u00a0Bogiem. Czynno\u015b\u0107 ta zapewnia, co jest udowodnione medycznie, zdrowie fizyczne dojrza\u0142ego m\u0119\u017cczyzny.<\/p>\n<h3>Golenie g\u0142owy<\/h3>\n<p>Po siedmiu dniach od narodzin dziecka powinna zosta\u0107 ogolona mu g\u0142owa, a nast\u0119pnie rozprowadzona na g\u0142\u00f3wce dziecka mieszanka oliwy i\u00a0szafranu. Je\u015bli nie\u00a0uda\u0142o si\u0119 dokona\u0107 tego 7 dnia nale\u017cy to wykona\u0107 14 lub 21.<\/p>\n<p>Do zwyczaju nale\u017cy r\u00f3wnie\u017c , i\u017c ci kt\u00f3rzy mog\u0105 sobie na to pozwoli\u0107 mog\u0105 rozda\u0107 z\u0142oto lub srebro biednym i\u00a0potrzebuj\u0105cym w\u00a0ilo\u015bci r\u00f3wnej wadze zgolonych w\u0142os\u00f3w nowo narodzonego potomka.<\/p>\n<h3>Ofiara<\/h3>\n<p>Kolejn\u0105 tradycj\u0105 jest po\u015bwi\u0119cenie barana lub innego dost\u0119pnego zwierz\u0119cia. Ponownie je\u015bli nie\u00a0uda\u0142o si\u0119 dokona\u0107 tego 7 dnia nale\u017cy to wykona\u0107 14 lub 21. W przypadku urodzenia si\u0119 dziewczynki powinno po\u015bwi\u0119ci\u0107 si\u0119 jednego baranka w\u00a0przypadku ch\u0142opca dwa.<\/p>\n<hr \/>\n<h2>Czytaj<\/h2>\n<ul>\n<li><a href=\"https:\/\/www.ahmadiyya-islam.org\/pl\/artykul\/hadzdz-pielgrzymka-filar-islamu\/\" target=\"_blank\" rel=\"noopener\">Had\u017cd\u017c (Pielgrzymka) &#8211; filar islamu<\/a><\/li>\n<li><a href=\"https:\/\/www.ahmadiyya-islam.org\/pl\/artykul\/salat-modlitwa-w-islamie\/\" target=\"_blank\" rel=\"noopener\">Salat Modlitwa w Islamie<\/a><\/li>\n<\/ul>\n","protected":false},"excerpt":{"rendered":"<p>Ceremonie w islamie | Urodziny dziecka | Ma\u0142\u017ce\u0144stwo\/Nikah | Ceremonia \u015awi\u0105t:\u00a0Iid-ul-Fitr\u00a0oraz\u00a0Iid-ul-Adha | Ramadan Mubarak | Modlitwa <\/p>\n","protected":false},"featured_media":538,"parent":0,"template":"","tags":[121],"article-cat":[],"topics":[3],"authors":[83],"content_source":[],"class_list":["post-537","articles","type-articles","status-publish","has-post-thumbnail","hentry","tag-ceremonie","topics-islam","authors-stowarzyszenie-muzulmanskie-ahmadiyya"],"acf":[],"yoast_head":"<!-- This site is optimized with the Yoast SEO Premium plugin v21.1 (Yoast SEO v27.4) - https:\/\/yoast.com\/product\/yoast-seo-premium-wordpress\/ -->\n<title>Ceremonie w islamie - Ma\u0142\u017ce\u0144stwo\/Nikah - Urodziny dziecka - Ramadan<\/title>\n<meta name=\"description\" content=\"Ceremonie w islamie | Urodziny dziecka | Ma\u0142\u017ce\u0144stwo\/Nikah | Ceremonia \u015awi\u0105t:\u00a0Iid-ul-Fitr\u00a0oraz\u00a0Iid-ul-Adha | Ramadan Mubarak | Modlitwa\" \/>\n<meta name=\"robots\" content=\"index, follow, max-snippet:-1, max-image-preview:large, max-video-preview:-1\" \/>\n<link rel=\"canonical\" href=\"https:\/\/www.ahmadiyya-islam.org\/pl\/artykul\/ceremonie-w-islamie\/\" \/>\n<meta property=\"og:locale\" content=\"pl_PL\" \/>\n<meta property=\"og:type\" content=\"article\" \/>\n<meta property=\"og:title\" content=\"Ceremonie w islamie\" \/>\n<meta property=\"og:description\" content=\"Ceremonie w islamie | Urodziny dziecka | Ma\u0142\u017ce\u0144stwo\/Nikah | Ceremonia \u015awi\u0105t:\u00a0Iid-ul-Fitr\u00a0oraz\u00a0Iid-ul-Adha | Ramadan Mubarak | Modlitwa\" \/>\n<meta property=\"og:url\" content=\"https:\/\/www.ahmadiyya-islam.org\/pl\/artykul\/ceremonie-w-islamie\/\" \/>\n<meta property=\"og:site_name\" content=\"Stowarzyszenie Muzu\u0142ma\u0144skie Ahmadiyya\" \/>\n<meta property=\"article:modified_time\" content=\"2021-03-18T18:29:56+00:00\" \/>\n<meta property=\"og:image\" content=\"https:\/\/www.ahmadiyya-islam.org\/pl\/wp-content\/uploads\/sites\/25\/2021\/03\/Ceremonie-w-islamie.jpg\" \/>\n\t<meta property=\"og:image:width\" content=\"1747\" \/>\n\t<meta property=\"og:image:height\" content=\"1240\" \/>\n\t<meta property=\"og:image:type\" content=\"image\/jpeg\" \/>\n<meta name=\"twitter:card\" content=\"summary_large_image\" \/>\n<meta name=\"twitter:label1\" content=\"Szacowany czas czytania\" \/>\n\t<meta name=\"twitter:data1\" content=\"6 minut\" \/>\n<script type=\"application\/ld+json\" class=\"yoast-schema-graph\">{\"@context\":\"https:\\\/\\\/schema.org\",\"@graph\":[{\"@type\":\"WebPage\",\"@id\":\"https:\\\/\\\/www.ahmadiyya-islam.org\\\/pl\\\/artykul\\\/ceremonie-w-islamie\\\/\",\"url\":\"https:\\\/\\\/www.ahmadiyya-islam.org\\\/pl\\\/artykul\\\/ceremonie-w-islamie\\\/\",\"name\":\"Ceremonie w islamie - Ma\u0142\u017ce\u0144stwo\\\/Nikah - Urodziny dziecka - Ramadan\",\"isPartOf\":{\"@id\":\"https:\\\/\\\/www.ahmadiyya-islam.org\\\/pl\\\/#website\"},\"primaryImageOfPage\":{\"@id\":\"https:\\\/\\\/www.ahmadiyya-islam.org\\\/pl\\\/artykul\\\/ceremonie-w-islamie\\\/#primaryimage\"},\"image\":{\"@id\":\"https:\\\/\\\/www.ahmadiyya-islam.org\\\/pl\\\/artykul\\\/ceremonie-w-islamie\\\/#primaryimage\"},\"thumbnailUrl\":\"https:\\\/\\\/www.ahmadiyya-islam.org\\\/pl\\\/wp-content\\\/uploads\\\/sites\\\/25\\\/2021\\\/03\\\/Ceremonie-w-islamie.jpg\",\"datePublished\":\"2020-03-18T18:28:23+00:00\",\"dateModified\":\"2021-03-18T18:29:56+00:00\",\"description\":\"Ceremonie w islamie | Urodziny dziecka | Ma\u0142\u017ce\u0144stwo\\\/Nikah | Ceremonia \u015awi\u0105t:\u00a0Iid-ul-Fitr\u00a0oraz\u00a0Iid-ul-Adha | Ramadan Mubarak | Modlitwa\",\"breadcrumb\":{\"@id\":\"https:\\\/\\\/www.ahmadiyya-islam.org\\\/pl\\\/artykul\\\/ceremonie-w-islamie\\\/#breadcrumb\"},\"inLanguage\":\"pl-PL\",\"potentialAction\":[{\"@type\":\"ReadAction\",\"target\":[\"https:\\\/\\\/www.ahmadiyya-islam.org\\\/pl\\\/artykul\\\/ceremonie-w-islamie\\\/\"]}]},{\"@type\":\"ImageObject\",\"inLanguage\":\"pl-PL\",\"@id\":\"https:\\\/\\\/www.ahmadiyya-islam.org\\\/pl\\\/artykul\\\/ceremonie-w-islamie\\\/#primaryimage\",\"url\":\"https:\\\/\\\/www.ahmadiyya-islam.org\\\/pl\\\/wp-content\\\/uploads\\\/sites\\\/25\\\/2021\\\/03\\\/Ceremonie-w-islamie.jpg\",\"contentUrl\":\"https:\\\/\\\/www.ahmadiyya-islam.org\\\/pl\\\/wp-content\\\/uploads\\\/sites\\\/25\\\/2021\\\/03\\\/Ceremonie-w-islamie.jpg\",\"width\":1747,\"height\":1240,\"caption\":\"Ceremonie w islamie\"},{\"@type\":\"BreadcrumbList\",\"@id\":\"https:\\\/\\\/www.ahmadiyya-islam.org\\\/pl\\\/artykul\\\/ceremonie-w-islamie\\\/#breadcrumb\",\"itemListElement\":[{\"@type\":\"ListItem\",\"position\":1,\"name\":\"Home\",\"item\":\"https:\\\/\\\/www.ahmadiyya-islam.org\\\/pl\\\/\"},{\"@type\":\"ListItem\",\"position\":2,\"name\":\"Artyku\u0142y\",\"item\":\"https:\\\/\\\/www.ahmadiyya-islam.org\\\/pl\\\/artykul\\\/\"},{\"@type\":\"ListItem\",\"position\":3,\"name\":\"Ceremonie w islamie\"}]},{\"@type\":\"WebSite\",\"@id\":\"https:\\\/\\\/www.ahmadiyya-islam.org\\\/pl\\\/#website\",\"url\":\"https:\\\/\\\/www.ahmadiyya-islam.org\\\/pl\\\/\",\"name\":\"Stowarzyszenie Muzu\u0142ma\u0144skie Ahmadiyya\",\"description\":\"Polska\",\"potentialAction\":[{\"@type\":\"SearchAction\",\"target\":{\"@type\":\"EntryPoint\",\"urlTemplate\":\"https:\\\/\\\/www.ahmadiyya-islam.org\\\/pl\\\/?s={search_term_string}\"},\"query-input\":{\"@type\":\"PropertyValueSpecification\",\"valueRequired\":true,\"valueName\":\"search_term_string\"}}],\"inLanguage\":\"pl-PL\"}]}<\/script>\n<!-- \/ Yoast SEO Premium plugin. -->","yoast_head_json":{"title":"Ceremonie w islamie - Ma\u0142\u017ce\u0144stwo\/Nikah - Urodziny dziecka - Ramadan","description":"Ceremonie w islamie | Urodziny dziecka | Ma\u0142\u017ce\u0144stwo\/Nikah | Ceremonia \u015awi\u0105t:\u00a0Iid-ul-Fitr\u00a0oraz\u00a0Iid-ul-Adha | Ramadan Mubarak | Modlitwa","robots":{"index":"index","follow":"follow","max-snippet":"max-snippet:-1","max-image-preview":"max-image-preview:large","max-video-preview":"max-video-preview:-1"},"canonical":"https:\/\/www.ahmadiyya-islam.org\/pl\/artykul\/ceremonie-w-islamie\/","og_locale":"pl_PL","og_type":"article","og_title":"Ceremonie w islamie","og_description":"Ceremonie w islamie | Urodziny dziecka | Ma\u0142\u017ce\u0144stwo\/Nikah | Ceremonia \u015awi\u0105t:\u00a0Iid-ul-Fitr\u00a0oraz\u00a0Iid-ul-Adha | Ramadan Mubarak | Modlitwa","og_url":"https:\/\/www.ahmadiyya-islam.org\/pl\/artykul\/ceremonie-w-islamie\/","og_site_name":"Stowarzyszenie Muzu\u0142ma\u0144skie Ahmadiyya","article_modified_time":"2021-03-18T18:29:56+00:00","og_image":[{"width":1747,"height":1240,"url":"https:\/\/www.ahmadiyya-islam.org\/pl\/wp-content\/uploads\/sites\/25\/2021\/03\/Ceremonie-w-islamie.jpg","type":"image\/jpeg"}],"twitter_card":"summary_large_image","twitter_misc":{"Szacowany czas czytania":"6 minut"},"schema":{"@context":"https:\/\/schema.org","@graph":[{"@type":"WebPage","@id":"https:\/\/www.ahmadiyya-islam.org\/pl\/artykul\/ceremonie-w-islamie\/","url":"https:\/\/www.ahmadiyya-islam.org\/pl\/artykul\/ceremonie-w-islamie\/","name":"Ceremonie w islamie - Ma\u0142\u017ce\u0144stwo\/Nikah - Urodziny dziecka - Ramadan","isPartOf":{"@id":"https:\/\/www.ahmadiyya-islam.org\/pl\/#website"},"primaryImageOfPage":{"@id":"https:\/\/www.ahmadiyya-islam.org\/pl\/artykul\/ceremonie-w-islamie\/#primaryimage"},"image":{"@id":"https:\/\/www.ahmadiyya-islam.org\/pl\/artykul\/ceremonie-w-islamie\/#primaryimage"},"thumbnailUrl":"https:\/\/www.ahmadiyya-islam.org\/pl\/wp-content\/uploads\/sites\/25\/2021\/03\/Ceremonie-w-islamie.jpg","datePublished":"2020-03-18T18:28:23+00:00","dateModified":"2021-03-18T18:29:56+00:00","description":"Ceremonie w islamie | Urodziny dziecka | Ma\u0142\u017ce\u0144stwo\/Nikah | Ceremonia \u015awi\u0105t:\u00a0Iid-ul-Fitr\u00a0oraz\u00a0Iid-ul-Adha | Ramadan Mubarak | Modlitwa","breadcrumb":{"@id":"https:\/\/www.ahmadiyya-islam.org\/pl\/artykul\/ceremonie-w-islamie\/#breadcrumb"},"inLanguage":"pl-PL","potentialAction":[{"@type":"ReadAction","target":["https:\/\/www.ahmadiyya-islam.org\/pl\/artykul\/ceremonie-w-islamie\/"]}]},{"@type":"ImageObject","inLanguage":"pl-PL","@id":"https:\/\/www.ahmadiyya-islam.org\/pl\/artykul\/ceremonie-w-islamie\/#primaryimage","url":"https:\/\/www.ahmadiyya-islam.org\/pl\/wp-content\/uploads\/sites\/25\/2021\/03\/Ceremonie-w-islamie.jpg","contentUrl":"https:\/\/www.ahmadiyya-islam.org\/pl\/wp-content\/uploads\/sites\/25\/2021\/03\/Ceremonie-w-islamie.jpg","width":1747,"height":1240,"caption":"Ceremonie w islamie"},{"@type":"BreadcrumbList","@id":"https:\/\/www.ahmadiyya-islam.org\/pl\/artykul\/ceremonie-w-islamie\/#breadcrumb","itemListElement":[{"@type":"ListItem","position":1,"name":"Home","item":"https:\/\/www.ahmadiyya-islam.org\/pl\/"},{"@type":"ListItem","position":2,"name":"Artyku\u0142y","item":"https:\/\/www.ahmadiyya-islam.org\/pl\/artykul\/"},{"@type":"ListItem","position":3,"name":"Ceremonie w islamie"}]},{"@type":"WebSite","@id":"https:\/\/www.ahmadiyya-islam.org\/pl\/#website","url":"https:\/\/www.ahmadiyya-islam.org\/pl\/","name":"Stowarzyszenie Muzu\u0142ma\u0144skie Ahmadiyya","description":"Polska","potentialAction":[{"@type":"SearchAction","target":{"@type":"EntryPoint","urlTemplate":"https:\/\/www.ahmadiyya-islam.org\/pl\/?s={search_term_string}"},"query-input":{"@type":"PropertyValueSpecification","valueRequired":true,"valueName":"search_term_string"}}],"inLanguage":"pl-PL"}]}},"_links":{"self":[{"href":"https:\/\/www.ahmadiyya-islam.org\/pl\/wp-json\/wp\/v2\/articles\/537","targetHints":{"allow":["GET"]}}],"collection":[{"href":"https:\/\/www.ahmadiyya-islam.org\/pl\/wp-json\/wp\/v2\/articles"}],"about":[{"href":"https:\/\/www.ahmadiyya-islam.org\/pl\/wp-json\/wp\/v2\/types\/articles"}],"version-history":[{"count":0,"href":"https:\/\/www.ahmadiyya-islam.org\/pl\/wp-json\/wp\/v2\/articles\/537\/revisions"}],"wp:featuredmedia":[{"embeddable":true,"href":"https:\/\/www.ahmadiyya-islam.org\/pl\/wp-json\/wp\/v2\/media\/538"}],"wp:attachment":[{"href":"https:\/\/www.ahmadiyya-islam.org\/pl\/wp-json\/wp\/v2\/media?parent=537"}],"wp:term":[{"taxonomy":"post_tag","embeddable":true,"href":"https:\/\/www.ahmadiyya-islam.org\/pl\/wp-json\/wp\/v2\/tags?post=537"},{"taxonomy":"article-cat","embeddable":true,"href":"https:\/\/www.ahmadiyya-islam.org\/pl\/wp-json\/wp\/v2\/article-cat?post=537"},{"taxonomy":"topics","embeddable":true,"href":"https:\/\/www.ahmadiyya-islam.org\/pl\/wp-json\/wp\/v2\/topics?post=537"},{"taxonomy":"authors","embeddable":true,"href":"https:\/\/www.ahmadiyya-islam.org\/pl\/wp-json\/wp\/v2\/authors?post=537"},{"taxonomy":"content_source","embeddable":true,"href":"https:\/\/www.ahmadiyya-islam.org\/pl\/wp-json\/wp\/v2\/content_source?post=537"}],"curies":[{"name":"wp","href":"https:\/\/api.w.org\/{rel}","templated":true}]}}