{"id":1813,"date":"2022-02-25T19:29:23","date_gmt":"2022-02-25T18:29:23","guid":{"rendered":"https:\/\/www.ahmadiyya-islam.org\/pl\/?post_type=articles&#038;p=1813"},"modified":"2022-02-25T19:33:19","modified_gmt":"2022-02-25T18:33:19","slug":"globalne-konflikty-i-potrzeba-sprawiedliwosci","status":"publish","type":"articles","link":"https:\/\/www.ahmadiyya-islam.org\/pl\/artykul\/globalne-konflikty-i-potrzeba-sprawiedliwosci\/","title":{"rendered":"Globalne konflikty i potrzeba sprawiedliwo\u015bci"},"content":{"rendered":"<p><strong>25 marca 2017 &#8211; <\/strong>Przem\u00f3wienie na 14 <a href=\"https:\/\/peacesymposium.org.uk\/\" target=\"_blank\" rel=\"noopener\">Sympozjum Pokoju w Wielkiej Brytanii<\/a> &#8211; <strong>Globalne konflikty i potrzeba sprawiedliwo\u015bci<\/strong><\/p>\n<p><em>W dniu 25\u00a0<\/em><em><sup>marca<\/sup><\/em><em>\u00a02017 r. \u015bwiatowy przewodnicz\u0105cy spo\u0142eczno\u015bci muzu\u0142ma\u0144skiej Ahmadiyya, <a href=\"https:\/\/www.ahmadiyya-islam.org\/pl\/autor\/hazrat-mirza-masroor-ahmad\/\">Hadhrat Mirza Masroor Ahmad\u00a0<\/a><\/em><em><sup>(aba)<\/sup><\/em><em>, wyg\u0142osi\u0142 przem\u00f3wienie programowe na 14. Narodowym Sympozjum\u00a0Pokojowym, kt\u00f3rego gospodarzem by\u0142a Spo\u0142eczno\u015b\u0107 Muzu\u0142ma\u0144ska Ahmadiyya w Wielkiej Brytanii.<\/em><\/p>\n<p><em>Sympozjum zgromadzi\u0142o ponad 1000 os\u00f3b z 30 kraj\u00f3w, w tym ministr\u00f3w rz\u0105d\u00f3w, ambasador\u00f3w stanu oraz pos\u0142\u00f3w obu izb parlamentu.\u00a0Pani Setsuko Thurlow, kt\u00f3ra prze\u017cy\u0142a wybuch bomby atomowej w Hiroszimie i jest oddana dzia\u0142aczce na rzecz pokoju, zosta\u0142a uhonorowana Muzu\u0142ma\u0144sk\u0105 Nagrod\u0105 Ahmadiyya za wspieranie pokoju w uznaniu jej wybitnych wysi\u0142k\u00f3w na rzecz rozbrojenia nuklearnego.<\/em><\/p>\n<p><em>W swoim przem\u00f3wieniu inauguracyjnym, opublikowanym tutaj, Jego \u015awi\u0105tobliwo\u015b\u0107 omawia niekt\u00f3re z przyczyn, kt\u00f3re zagra\u017caj\u0105 dzisiejszemu pokojowi na \u015bwiecie \u2013 na przyk\u0142ad ci\u0105g\u0142a sprzeda\u017c broni przez pa\u0144stwa zachodnie za granic\u0119 oraz brak skuteczno\u015bci Organizacji Narod\u00f3w Zjednoczonych w utrzymywaniu pokoju, a tak\u017ce szczeg\u00f3\u0142owe odparcie oskar\u017cenia, \u017ce \u200b\u200bislam promuje lub toleruje przemoc.\u00a0<\/em><\/p>\n<p><img loading=\"lazy\" decoding=\"async\" class=\"aligncenter size-full wp-image-1810\" src=\"http:\/\/www.ahmadiyya-islam.org\/pl\/wp-content\/uploads\/sites\/25\/2022\/02\/Huzoor-photo.jpg\" alt=\"kryzysu rosyjsko-ukrai\u0144skiego\" width=\"939\" height=\"704\" srcset=\"https:\/\/www.ahmadiyya-islam.org\/pl\/wp-content\/uploads\/sites\/25\/2022\/02\/Huzoor-photo.jpg 939w, https:\/\/www.ahmadiyya-islam.org\/pl\/wp-content\/uploads\/sites\/25\/2022\/02\/Huzoor-photo-300x225.jpg 300w, https:\/\/www.ahmadiyya-islam.org\/pl\/wp-content\/uploads\/sites\/25\/2022\/02\/Huzoor-photo-768x576.jpg 768w\" sizes=\"auto, (max-width: 939px) 100vw, 939px\" \/><\/p>\n<p>Po wyrecytowaniu <em>Taszahhud<\/em>,\u00a0<em>Taa\u0142\u0142uz<\/em>\u00a0i\u00a0<em>Bismillah<\/em>, Hadhrat Mirza Masroor Ahmad\u00a0<sup>(aba)<\/sup>, \u015awiatowy Przyw\u00f3dca Wsp\u00f3lnoty Muzu\u0142ma\u0144skiej Ahmadiyya, Pi\u0105ty Nast\u0119pca Obiecanego Mesjasza\u00a0<sup>(as)<\/sup>, powiedzia\u0142:<\/p>\n<p>\u201eWszyscy znakomici go\u015bcie,\u00a0<em>Assalamo Alaikum \u0141a Rahmatullahe \u0141a Barakatohu \u2013<\/em>\u00a0pok\u00f3j i b\u0142ogos\u0142awie\u0144stwo Allaha z wami wszystkimi.<\/p>\n<p>Przede wszystkim chcia\u0142bym przekaza\u0107 moje najg\u0142\u0119bsze kondolencje wszystkim osobom dotkni\u0119tym \u015brodowym atakiem terrorystycznym na Westminster.\u00a0Nasze my\u015bli i modlitwy s\u0105 z mieszka\u0144cami Londynu w tym tragicznym czasie.<\/p>\n<p>W imieniu Muzu\u0142ma\u0144skiej Wsp\u00f3lnoty Ahmadiyya pragn\u0119 kategorycznie jasno powiedzie\u0107, \u017ce pot\u0119piamy wszelkie takie akty terroryzmu i sk\u0142adamy serdeczne wyrazy wsp\u00f3\u0142czucia ofiarom tego barbarzy\u0144skiego okrucie\u0144stwa.\u00a0We wszystkich cz\u0119\u015bciach \u015bwiata Muzu\u0142ma\u0144ska Spo\u0142eczno\u015b\u0107 Ahmadiyya stara si\u0119 promowa\u0107 pok\u00f3j i zgodnie z naukami islamu podnosi sw\u00f3j g\u0142os przeciwko tej brutalno\u015bci.\u00a0Coroczne Sympozjum Pokoju jest r\u00f3wnie\u017c wa\u017cn\u0105 cz\u0119\u015bci\u0105 tych wysi\u0142k\u00f3w.\u00a0Chcia\u0142bym podzi\u0119kowa\u0107 wszystkim naszym go\u015bciom za przybycie do nas dzisiaj wieczorem.<\/p>\n<p>Za\u0142o\u017cyciel Muzu\u0142ma\u0144skiej Wsp\u00f3lnoty Ahmadiyya powiedzia\u0142, \u017ce zosta\u0142 wys\u0142any przez Boga Wszechmog\u0105cego w tej erze, w s\u0142u\u017cbie Proroka islamu, Muhammada\u00a0<sup>(sa)<\/sup>\u00a0, w celu szerzenia dw\u00f3ch najwa\u017cniejszych cel\u00f3w nauk islamskich.\u00a0Pierwszym jest przybli\u017cenie ludzko\u015bci do Boga Wszechmog\u0105cego, a drugim zwr\u00f3cenie uwagi ludzko\u015bci na wzajemn\u0105 realizacj\u0119 praw.\u00a0Wierz\u0119, \u017ce te dwa cele s\u0105 podstaw\u0105 ustanowienia prawdziwego i trwa\u0142ego pokoju na \u015bwiecie.<\/p>\n<p>Jako muzu\u0142manie mamy szcz\u0119\u015bcie, \u017ce Koran powiedzia\u0142 nam, \u017ce podstawowym celem naszego stworzenia jest oddawanie czci Bogu Wszechmog\u0105cemu, najlepiej w zgromadzeniach w meczetach.\u00a0Niestety, i ca\u0142kowicie naruszaj\u0105c te pokojowe cele, niekt\u00f3re muzu\u0142ma\u0144skie grupy lub osoby zamieni\u0142y swoje meczety lub medresy w o\u015brodki ekstremizmu, g\u0142osz\u0105c nienawi\u015b\u0107 i pod\u017cegaj\u0105c innych do pope\u0142niania akt\u00f3w terrorystycznych, zar\u00f3wno przeciwko niemuzu\u0142manom, jak i muzu\u0142manom nale\u017c\u0105cym do r\u00f3\u017cnych sekt w islamie.\u00a0Nic dziwnego, \u017ce wywo\u0142a\u0142o to powszechny strach w \u015bwiecie zachodnim i stworzy\u0142o wra\u017cenie, \u017ce meczety s\u0105 \u017ar\u00f3d\u0142em konflikt\u00f3w i nieporz\u0105dk\u00f3w.<\/p>\n<p>To wywo\u0142a\u0142o w\u015br\u00f3d niekt\u00f3rych partii i grup na Zachodzie apele o zakazanie meczet\u00f3w, a przynajmniej o na\u0142o\u017cenie pewnych restrykcji na muzu\u0142man\u00f3w.\u00a0Na przyk\u0142ad wzywa si\u0119 do zakazania hid\u017cabu lub minaret\u00f3w i innych symboli islamskich.\u00a0Niestety, niekt\u00f3rzy muzu\u0142manie dali innym mo\u017cliwo\u015b\u0107 wniesienia zarzut\u00f3w przeciwko naukom islamu.\u00a0Muzu\u0142manin nie tylko ma obowi\u0105zek modli\u0107 si\u0119, ale tak\u017ce opiekowa\u0107 si\u0119 sierotami i karmi\u0107 ubogich, w przeciwnym razie nasze modlitwy b\u0119d\u0105 daremne.\u00a0Jest to kategorycznie wspomniane w Koranie w rozdziale 107, wersetach trzecim, czwartym i pi\u0105tym.<\/p>\n<p style=\"text-align: center\"><img loading=\"lazy\" decoding=\"async\" class=\"aligncenter size-full wp-image-1815\" src=\"http:\/\/www.ahmadiyya-islam.org\/pl\/wp-content\/uploads\/sites\/25\/2022\/02\/Bild1.jpg\" alt=\"\" width=\"600\" height=\"450\" srcset=\"https:\/\/www.ahmadiyya-islam.org\/pl\/wp-content\/uploads\/sites\/25\/2022\/02\/Bild1.jpg 600w, https:\/\/www.ahmadiyya-islam.org\/pl\/wp-content\/uploads\/sites\/25\/2022\/02\/Bild1-300x225.jpg 300w\" sizes=\"auto, (max-width: 600px) 100vw, 600px\" \/><em>Cz\u0142onkowie Spo\u0142eczno\u015bci Muzu\u0142ma\u0144skiej Ahmadiyya uczestnicz\u0105cy w czuwaniu w Londynie, aby pot\u0119pi\u0107 ataki na Westminster, kt\u00f3re mia\u0142y miejsce 22 marca 2017 roku, trzymaj\u0105 tablic\u0119 z mottem Wsp\u00f3lnoty: Mi\u0142o\u015b\u0107 do wszystkich, nienawi\u015b\u0107 do nikogo.<\/em><\/p>\n<p>Opiera si\u0119 na tych naukach, \u017ce Muzu\u0142ma\u0144ska Wsp\u00f3lnota Ahmadiyya, z \u0141ask\u0105 Allaha, prowadzi r\u00f3\u017cne projekty humanitarne w celu z\u0142agodzenia b\u00f3lu serca i przeciwno\u015bci, jakie nios\u0105 ubogie osoby, niezale\u017cnie od wyznania, kasty czy koloru sk\u00f3ry.\u00a0Za\u0142o\u017cyli\u015bmy szpitale, szko\u0142y i uczelnie, kt\u00f3re zapewniaj\u0105 opiek\u0119 zdrowotn\u0105 i edukacj\u0119 niekt\u00f3rym z najbardziej zubo\u017ca\u0142ych i odleg\u0142ych cz\u0119\u015bci \u015bwiata.\u00a0Nie szukamy pochwa\u0142 za te dzia\u0142ania, naszym jedynym pragnieniem jest pom\u00f3c takim ludziom stan\u0105\u0107 na w\u0142asnych nogach, aby mogli spe\u0142ni\u0107 swoje nadzieje i aspiracje, a tym samym \u017cy\u0107 szcz\u0119\u015bliwie, w godno\u015bci i wolno\u015bci.\u00a0W ten spos\u00f3b, zamiast popada\u0107 w frustracj\u0119 i sk\u0142onno\u015b\u0107 do ekstremizmu, wyrosn\u0105 na odpowiedzialnych i wiernych obywateli swoich narod\u00f3w.\u00a0B\u0119d\u0105 pracowa\u0107 nad rozwojem osobistym, pomog\u0105 tak\u017ce w rozwoju swojego narodu i zainspiruj\u0105 innych do pod\u0105\u017cania ich \u015bladami.<\/p>\n<p style=\"text-align: center\"><img loading=\"lazy\" decoding=\"async\" class=\"aligncenter size-full wp-image-1818\" src=\"http:\/\/www.ahmadiyya-islam.org\/pl\/wp-content\/uploads\/sites\/25\/2022\/02\/4-Guardian-Front-page-ahmadi-women.png\" alt=\"\" width=\"507\" height=\"600\" srcset=\"https:\/\/www.ahmadiyya-islam.org\/pl\/wp-content\/uploads\/sites\/25\/2022\/02\/4-Guardian-Front-page-ahmadi-women.png 507w, https:\/\/www.ahmadiyya-islam.org\/pl\/wp-content\/uploads\/sites\/25\/2022\/02\/4-Guardian-Front-page-ahmadi-women-254x300.png 254w\" sizes=\"auto, (max-width: 507px) 100vw, 507px\" \/><em>Na pierwszej stronie The Guardian z 27 marca 2017 r. kobiety wszystkich wyzna\u0144 \u0142\u0105czy\u0142y r\u0119ce na mo\u015bcie Westminsterskim, zar\u00f3wno w celu pot\u0119pienia atak\u00f3w, jak i solidarno\u015bci z ofiarami.\u00a0Zorganizowane przez Women&#8217;s March London czuwanie przyci\u0105gn\u0119\u0142o kobiety ze wszystkich wyzna\u0144, w tym kontyngent z Pomocy Kobiet Muzu\u0142ma\u0144skich Ahmadiyya.<\/em><\/p>\n<p>Podobnie fundamentalne dla nauk islamu jest to, \u017ce muzu\u0142manie musz\u0105 \u017cy\u0107 w pokoju ze wszystkimi innymi cz\u0142onkami spo\u0142ecze\u0144stwa i nigdy nie wyrz\u0105dza\u0107 im krzywdy ani niepokoju.\u00a0Mimo to wielu ludzi kojarzy islam z przemoc\u0105 i wojn\u0105, chocia\u017c nic nie mo\u017ce by\u0107 dalsze od prawdy.\u00a0Bez wzgl\u0119du na to, co twierdz\u0105 terrory\u015bci, w \u017cadnych okoliczno\u015bciach masowe ataki lub zab\u00f3jstwa nie s\u0105 kiedykolwiek uzasadnione.\u00a0islam u\u015bwi\u0119ci\u0142 \u015bwi\u0119to\u015b\u0107 ludzkiego \u017cycia.\u00a0Rozdzia\u0142 5, werset 33 Koranu stwierdza:<\/p>\n<p>\u201e(\u2026) je\u015bli kto\u015b zabi\u0142by cz\u0142owieka (\u2026) \u2013 b\u0119dzie tak , jakby zabi\u0142 on ca\u0142\u0105 ludzko\u015b\u0107\u201d.<\/p>\n<p>C\u00f3\u017c to za jasne i kategoryczne stwierdzenie.\u00a0Cz\u0119sto ludzie pytaj\u0105, dlaczego we wczesnym islamie toczy\u0142y si\u0119 wojny.\u00a0Podobnie pytaj\u0105, dlaczego terroryzm jest pope\u0142niany w imi\u0119 islamu.\u00a0Aby odpowiedzie\u0107 na to pytanie, zawsze cytuj\u0119 dwa wersety z 22. rozdzia\u0142u Koranu, w kt\u00f3rym pierwsi muzu\u0142manie po raz pierwszy otrzymali pozwolenie na wojn\u0119 obronn\u0105.\u00a0W rozdziale 22, wersecie 40, Allah Wszechmog\u0105cy stwierdza:<\/p>\n<p>\u201ePozwala si\u0119 bra\u0107 do r\u0119ki bro\u0144 tym, przeciwko kt\u00f3rym prowadzona jest wojna, poniewa\u017c zostali poszkodowani, a Allah \u2013 zaiste \u2013 ma w\u0142adz\u0119 by im pom\u00f3c\u201d.<\/p>\n<p>W kolejnym wersecie Koran przedstawia powody, dla kt\u00f3rych Prorok islamu\u00a0<sup>(saw)<\/sup>\u00a0otrzyma\u0142 pozwolenie na prowadzenie dzia\u0142a\u0144 wojennych.\u00a0Rozdzia\u0142 22, werset 41 m\u00f3wi:<\/p>\n<p>\u201eTym, kt\u00f3rzy niesprawiedliwie zostali wygnani ze swych dom\u00f3w, tylko dlatego \u017ce powiadali: Naszym Panem jest Allah&#8221;. I gdyby Allah nie odtr\u0105ca\u0142 jednych ludzi poprzez innych, klasztory i ko\u015bcio\u0142y, synagogi i meczety, w kt\u00f3rych wymienia si\u0119 imi\u0119 Allaha, z pewno\u015bci\u0105 zosta\u0142yby ju\u017c zniszczone. Niechybnie Allah pomo\u017ce temu, kt\u00f3ry Jemu pomaga. Allah rzeczywi\u015bcie jest Silny, Pot\u0119\u017cny\u2019\u2019.<\/p>\n<p>Czego dowodz\u0105 te wersety?\u00a0Z pewno\u015bci\u0105 nie daj\u0105 muzu\u0142manom licencji na zadawanie okrucie\u0144stw lub szukanie cudzej krwi.\u00a0Zamiast tego ustanawiaj\u0105 obowi\u0105zek muzu\u0142man\u00f3w do ochrony innych religii i zagwarantowania wszystkim ludziom prawa do wiary we wszystko, czego pragn\u0105, bez jakiejkolwiek formy konieczno\u015bci lub przymusu.<\/p>\n<p>Dlatego islam jest t\u0105 religi\u0105, kt\u00f3ra na zawsze u\u015bwi\u0119ci\u0142a uniwersalne zasady wolno\u015bci religii, wolno\u015bci sumienia i wolno\u015bci przekona\u0144.\u00a0Dlatego je\u015bli dzisiaj istniej\u0105 tak zwane grupy lub sekty muzu\u0142ma\u0144skie, kt\u00f3re zabijaj\u0105 ludzi, mo\u017cna to pot\u0119pi\u0107 tylko w najostrzejszych s\u0142owach.\u00a0Ich barbarzy\u0144skie akty s\u0105 ca\u0142kowitym pogwa\u0142ceniem wszystkiego, za czym opowiada si\u0119 islam.\u00a0Niech b\u0119dzie jasne, \u017ce tacy ludzie nie maj\u0105 wiedzy o wierze, kt\u00f3r\u0105 twierdz\u0105, \u017ce wyznaj\u0105.<\/p>\n<p>Na przyk\u0142ad pan Sven Mary, prawnik reprezentuj\u0105cy jednego z terroryst\u00f3w zaanga\u017cowanych w ataki terrorystyczne w Brukseli i Pary\u017cu, udzieli\u0142 niedawno wywiadu francuskiej gazecie, w kt\u00f3rym opisa\u0142 swojego klienta jako nie posiadaj\u0105cego prawdziwej wiedzy o islamie.\u00a0Rzeczywi\u015bcie, zapytany, czy kiedykolwiek czyta\u0142 Koran, jego klient bez wahania przyzna\u0142, \u017ce nie czyta\u0142, a jedynie przeczyta\u0142 jego interpretacj\u0119 online.<\/p>\n<p>Co wi\u0119cej, w artykule badawczym opublikowanym przez Kr\u00f3lewski Instytut Stosunk\u00f3w Mi\u0119dzynarodowych w marcu 2016 r. r\u00f3wnie\u017c stwierdzono, \u017ce terrory\u015bci, kt\u00f3rzy okre\u015blili si\u0119 jako muzu\u0142manie, mieli niewielk\u0105 lub \u017cadn\u0105 wiedz\u0119 na temat jego nauk.\u00a0Je\u015bli chodzi o profil m\u0142odych muzu\u0142man\u00f3w, kt\u00f3rzy zradykalizowali si\u0119 i dokonali atak\u00f3w na Zachodzie, raport stwierdza:<\/p>\n<p>\u201eIch znajomo\u015b\u0107 my\u015bli religijnej jest niew\u0105tpliwie p\u0142ytka i powierzchowna ni\u017c ich poprzednik\u00f3w, podobnie jak ich znajomo\u015b\u0107 polityki mi\u0119dzynarodowej\u2026 Niesprawiedliwo\u015b\u0107 by\u0142a cz\u0119sto punktem wyj\u015bcia ich poprzednik\u00f3w ku ekstremizmowi i terroryzmowi.\u00a0Zosta\u0142o to w du\u017cej mierze przy\u0107mione osobist\u0105 separacj\u0105 i motywami jako g\u0142\u00f3wnymi motorami ich podr\u00f3\u017cy\u201d.<\/p>\n<p>Co wi\u0119cej, w opracowaniu w\u00a0<em>The\u00a0Washington Post<\/em>, belgijski dzia\u0142acz antyterrorystyczny, Alain Grignard, powiedzia\u0142:<\/p>\n<p>\u201eIch bunt wobec spo\u0142ecze\u0144stwa objawi\u0142 si\u0119 drobnymi przest\u0119pstwami i przest\u0119pczo\u015bci\u0105.\u00a0Wielu z nich jest zasadniczo cz\u0119\u015bci\u0105 gang\u00f3w ulicznych.\u00a0To, co przynios\u0142o ze sob\u0105 Pa\u0144stwo Islamskie, by\u0142o now\u0105 odmian\u0105 islamu, kt\u00f3ra legitymizowa\u0142a ich radykalne podej\u015bcie\u201d.<\/p>\n<p>W ten spos\u00f3b niemuzu\u0142ma\u0144scy eksperci akceptuj\u0105 fakt, \u017ce terrory\u015bci stworzyli \u201enow\u0105 odmian\u0119\u201d islamu, kt\u00f3r\u0105 mo\u017cna opisa\u0107 jedynie jako naganne wypaczenie nauk islamskich.\u00a0Ci, kt\u00f3rzy przyj\u0119li t\u0119 now\u0105 odmian\u0119\u00a0<em>i<\/em>\u00a0bezlito\u015bnie zabijaj\u0105, okaleczaj\u0105 i gwa\u0142c\u0105 niewinnych ludzi, s\u0105, wed\u0142ug Koranu, winni zamordowania ca\u0142ej ludzko\u015bci.<\/p>\n<p style=\"text-align: center\"><img loading=\"lazy\" decoding=\"async\" class=\"aligncenter size-full wp-image-1816\" src=\"http:\/\/www.ahmadiyya-islam.org\/pl\/wp-content\/uploads\/sites\/25\/2022\/02\/Bild3.jpg\" alt=\"\" width=\"600\" height=\"450\" srcset=\"https:\/\/www.ahmadiyya-islam.org\/pl\/wp-content\/uploads\/sites\/25\/2022\/02\/Bild3.jpg 600w, https:\/\/www.ahmadiyya-islam.org\/pl\/wp-content\/uploads\/sites\/25\/2022\/02\/Bild3-300x225.jpg 300w\" sizes=\"auto, (max-width: 600px) 100vw, 600px\" \/><em>Wolontariusz z Wsp\u00f3lnoty Muzu\u0142ma\u0144skiej Ahmadiyya naprawia pomp\u0119 wodn\u0105, \u200b\u200bkt\u00f3ra by\u0142a zepsuta od o\u015bmiu lat w odleg\u0142ej wiosce w Nigrze.\u00a0Mi\u0119dzynarodowe Stowarzyszenie Architekt\u00f3w i In\u017cynier\u00f3w Ahmadi (IAAAE) to tylko jedna z wielu wewn\u0119trznych organizacji, kt\u00f3re pomagaj\u0105 biednym i biednym.<\/em><\/p>\n<p>Z drugiej strony jest r\u00f3wnie\u017c oczywiste, \u017ce w\u015br\u00f3d nie muzu\u0142man\u00f3w s\u0105 pewne osoby lub grupy, kt\u00f3re podsycaj\u0105 p\u0142omienie podzia\u0142\u00f3w i wrogo\u015bci, a ich misj\u0105 jest niesprawiedliwe znies\u0142awienie i zdyskredytowanie nauk islamu.\u00a0Na przyk\u0142ad w felietonie opublikowanym w zesz\u0142ym tygodniu w\u00a0<em>Foreign Policy<\/em>\u00a0dziennikarka Bethany Allen napisa\u0142a o dobrze finansowanej i wyrafinowanej ameryka\u0144skiej sieci, kt\u00f3rej jedynym celem jest pod\u017ceganie do islamofobii i powstrzymanie wszelkich pr\u00f3b promowania pokojowego nauczania islam.\u00a0Artyku\u0142\u00a0<em>o polityce zagranicznej<\/em>\u00a0stwierdza:<\/p>\n<p>\u201eDobrze finansowana sie\u0107 pr\u00f3buje pozbawi\u0107 ameryka\u0144skich muzu\u0142man\u00f3w prawa do m\u00f3wienia i podsyca polityk\u0119 strachu\u2026 Skrajnie prawicowy, antymuzu\u0142ma\u0144ski ekosystem w Ameryce przyj\u0105\u0142 te same pokr\u0119cone interpretacje islamu, kt\u00f3re promuje Pa\u0144stwo Islamskie (ISIS)\u201d.<\/p>\n<p>Autor pisze dalej, \u017ce pokojowi muzu\u0142manie w Stanach Zjednoczonych s\u0105 ofiarami:<\/p>\n<p>\u201e\u2026 coraz silniejszy przemys\u0142 islamofobii, kt\u00f3ry ogranicza przestrze\u0144 dla zr\u00f3wnowa\u017conego i otwartego dialogu, odsuwaj\u0105c na bok tych samych muzu\u0142man\u00f3w, kt\u00f3rzy robi\u0105 najwi\u0119cej, aby promowa\u0107 pokojowe, ortodoksyjne interpretacje islamu\u201d.<\/p>\n<p>Ona pisze:<\/p>\n<p>\u201eStany Zjednoczone maj\u0105 pot\u0119\u017cn\u0105 ochron\u0119 wolno\u015bci s\u0142owa i religii\u2026 ale ukierunkowana sie\u0107 stara si\u0119 teraz odm\u00f3wi\u0107 muzu\u0142manom tej wolno\u015bci i traktowa\u0107 islam jako niebezpieczn\u0105 ideologi\u0119 polityczn\u0105, a nie religi\u0119 \u2013 oraz uciszy\u0107 i zdyskredytowa\u0107 wszystkich muzu\u0142man\u00f3w, kt\u00f3rzy si\u0119 nie zgadzaj\u0105\u201d.<\/p>\n<p style=\"text-align: center\"><img loading=\"lazy\" decoding=\"async\" class=\"aligncenter size-full wp-image-1817\" src=\"http:\/\/www.ahmadiyya-islam.org\/pl\/wp-content\/uploads\/sites\/25\/2022\/02\/Bild4.jpg\" alt=\"\" width=\"454\" height=\"234\" srcset=\"https:\/\/www.ahmadiyya-islam.org\/pl\/wp-content\/uploads\/sites\/25\/2022\/02\/Bild4.jpg 454w, https:\/\/www.ahmadiyya-islam.org\/pl\/wp-content\/uploads\/sites\/25\/2022\/02\/Bild4-300x155.jpg 300w\" sizes=\"auto, (max-width: 454px) 100vw, 454px\" \/><em>Islam nakazuje muzu\u0142manom broni\u0107 wszystkich miejsc kultu \u2013 nie tylko meczet\u00f3w, ale tak\u017ce synagog, \u015bwi\u0105ty\u0144 i ko\u015bcio\u0142\u00f3w.\u00a0(Zdj\u0119cie z pixabay)<\/em><\/p>\n<p>Artyku\u0142 podaje przyk\u0142ad pokojowo nawr\u00f3conego muzu\u0142manina w Stanach Zjednoczonych.\u00a0Gdy tylko wyg\u0142osi\u0142 wyk\u0142ad na uniwersytecie, podkre\u015blaj\u0105c prawdziwe nauki islamu, pot\u0119\u017cne lobby zwr\u00f3ci\u0142o si\u0119 przeciwko niemu i pr\u00f3bowa\u0142o przedstawi\u0107 go jako apologet\u0119[obro\u0144c\u0119 sprawy] morderstwa, niewolnictwa i gwa\u0142tu.\u00a0Jego rodzinie gro\u017cono \u015bmierci\u0105 i gwa\u0142tem.\u00a0Uniwersytet, na kt\u00f3rym pracowa\u0142, by\u0142 zasypywany e-mailami z \u017c\u0105daniem natychmiastowego zwolnienia.\u00a0W ten spos\u00f3b takie przypadki dowodz\u0105, \u017ce podejmowane s\u0105 wsp\u00f3lne wysi\u0142ki, aby wp\u0142yn\u0105\u0107 na opini\u0119 publiczn\u0105 przeciwko islamowi i zapobiec dotarciu jej prawdziwych nauk do szerokiego grona odbiorc\u00f3w.<\/p>\n<p>Na podstawie swoich bada\u0144 autorka ko\u0144czy stwierdzeniem:<\/p>\n<p>\u201eW tym procesie odmawiaj\u0105 islamowi tych samych funkcjonalnych praw, kt\u00f3rymi cieszy si\u0119 chrze\u015bcija\u0144stwo, i uciszaj\u0105 ludzi, kt\u00f3rzy s\u0105 najlepiej przygotowani do pogodzenia islamu z nowoczesnym ameryka\u0144skim \u017cyciem.\u00a0Co mo\u017ce by\u0107 kluczowym punktem.<\/p>\n<p>Niestety, cz\u0119sto s\u0142yszymy polityk\u00f3w i przyw\u00f3dc\u00f3w, kt\u00f3rzy niepotrzebnie wyg\u0142aszaj\u0105 podburzaj\u0105ce wypowiedzi, kt\u00f3re nie s\u0105 lojalne wobec prawdy, ale wobec w\u0142asnych interes\u00f3w politycznych.\u00a0Na przyk\u0142ad w zesz\u0142orocznym przem\u00f3wieniu, kandyduj\u0105c na prezydenta, dr Ben Carson, kt\u00f3ry jest teraz cz\u0142onkiem gabinetu w nowej administracji USA, opisa\u0142 islam nie jako \u201ereligi\u0119\u201d, ale jako \u201esystem organizacji \u017cycia\u201d.<\/p>\n<p>Co wi\u0119cej, m\u00f3wi\u0105c o Za\u0142o\u017cycielu islamu\u00a0<sup>(sa)<\/sup>\u00a0, dr Carson powiedzia\u0142:<\/p>\n<p>\u201eSugerowa\u0142bym, aby wszyscy tutaj po\u015bwi\u0119cili kilka godzin i poczytali o islamie.\u00a0Przeczytajcie o Muhammedzie.\u00a0Przeczytajcie o tym, jak zacz\u0105\u0142 w Mekce.\u00a0Przeczytajcie o tym, jak by\u0142 postrzegany przez ludzi w Mekce \u2013 niezbyt przychylnie\u2026 Jak jego wujek by\u0142 wp\u0142ywowy i chroni\u0142 go.\u00a0Kiedy zmar\u0142 jego wujek, musia\u0142 ucieka\u0107.\u00a0Uda\u0142 si\u0119 na p\u00f3\u0142noc do Medyny\u2026 Tam zebra\u0142 swoje armie i zacz\u0119li masakrowa\u0107 ka\u017cdego, kto nie wierzy\u0142 w to samo, co oni.<\/p>\n<p>Zgadzam si\u0119 z dr Carsonem, tylko do tego stopnia, \u017ce \u200b\u200bja r\u00f3wnie\u017c sugeruj\u0119, aby ludzie po\u015bwi\u0119cili czas na przeczytanie o prawdziwym charakterze Proroka islamu\u00a0<sup>(sa)<\/sup>\u00a0.\u00a0Je\u015bli b\u0119d\u0105 studiowa\u0107 bezstronnie teksty, przekonaj\u0105 si\u0119 na w\u0142asne oczy, \u017ce Prorok\u00a0<sup>(saw)<\/sup>\u00a0nigdy nie by\u0142 zaanga\u017cowany w\u00a0<em>\u201emasakr\u0119\u201d <\/em>nie-muzu\u0142man\u00f3w i \u017ce takie twierdzenia s\u0105 kompletnym afrontem dla historii.\u00a0Prawda jest taka, \u017ce \u200b\u200bw wyniku wielu lat nieustaj\u0105cych i zaciek\u0142ych prze\u015bladowa\u0144 on i jego zwolennicy zostali wyp\u0119dzeni z rodzinnego miasta Mekki i zmuszeni do migracji do Medyny, gdzie \u017cyli spokojnie wraz z miejscow\u0105 ludno\u015bci\u0105 \u017cydowsk\u0105 i innymi plemionami.\u00a0Jednak niewierz\u0105cy z Mekki nie pozwolili muzu\u0142manom \u017cy\u0107 w pokoju, a zamiast tego agresywnie \u015bcigali ich do Medyny i prowadzili wojn\u0119, d\u0105\u017c\u0105c do zniszczenia islamu raz na zawsze.<\/p>\n<p>To w\u0142a\u015bnie w tym krytycznym momencie w historii islamu Allah Wszechmog\u0105cy pozwoli\u0142 muzu\u0142manom zaanga\u017cowa\u0107 si\u0119 w wojn\u0119 obronn\u0105.\u00a0Zezwolenie to zosta\u0142o udzielone, jak potwierdzaj\u0105 cytowane wcze\u015bniej wersety Koranu, w celu ustanowienia uniwersalnej zasady wolno\u015bci wiary.<\/p>\n<p>St\u0105d zarzut, \u017ce Prorok\u00a0<sup>(saw)<\/sup>\u00a0by\u0142 wojowniczym przyw\u00f3dc\u0105 lub pod\u017cegaczem wojennym, jest niesprawiedliwo\u015bci\u0105 i okrucie\u0144stwem najwy\u017cszego rz\u0119du, a takie fa\u0142szywe twierdzenia mog\u0105 jedynie zasmuca\u0107 serca milion\u00f3w pokojowo nastawionych muzu\u0142man\u00f3w na ca\u0142ym \u015bwiecie.\u00a0Historia \u015bwiadczy o tym, \u017ce Prorok islamu\u00a0<sup>(sa)<\/sup>\u00a0szuka\u0142 pokoju i pojednania ka\u017cdym w\u0142\u00f3knem swego bytu.<\/p>\n<p>Pod tym wzgl\u0119dem nie musisz mi wierzy\u0107 na s\u0142owo.Pos\u0142uchaj raczej tego, co Ruth Cranston, wybitna pisarka XX wieku, napisa\u0142a w ksi\u0105\u017cce\u00a0<em>World Faith z 1949 roku.\u00a0<\/em>Por\u00f3wnuj\u0105c wojny obronne narzucone Prorokowi Muhammadowi\u00a0<sup>(sa)<\/sup>\u00a0z broni\u0105 nuklearn\u0105 u\u017cywan\u0105 przez Stany Zjednoczone podczas II wojny \u015bwiatowej, napisa\u0142a:<\/p>\n<p>\u201eMuhammad nigdy nie wszcz\u0105\u0142 walk i rozlewu krwi.\u00a0Ka\u017cda bitwa, kt\u00f3r\u0105 stoczy\u0142, by\u0142a odparta.\u00a0Walczy\u0142 defensywnie, aby przetrwa\u0107\u2026 I walczy\u0142 broni\u0105 i mod\u0105 swoich czas\u00f3w\u2026 Z pewno\u015bci\u0105 \u017caden nar\u00f3d chrze\u015bcija\u0144ski, licz\u0105cy 140 milion\u00f3w ludzi, kt\u00f3ry dzi\u015b zabija 120 000 bezbronnych cywil\u00f3w za pomoc\u0105 jednej bomby, nie mo\u017ce spojrze\u0107 krzywo na przyw\u00f3dc\u0119, kt\u00f3ry w najgorszym \u00a0przypadku zabi\u0142 zaledwie pi\u0119\u0107set lub sze\u015b\u0107set\u201d.<\/p>\n<p>Na szcz\u0119\u015bcie w klimacie, w kt\u00f3rym wymachiwanie islamem jako religi\u0105 ekstremizmu i przemocy sta\u0142o si\u0119 norm\u0105, pozostaj\u0105 niekt\u00f3rzy niemuzu\u0142ma\u0144scy dziennikarze i komentatorzy, kt\u00f3rzy pisz\u0105 uczciwie i sprawiedliwie.\u00a0Za to, pochwalam ich za p\u0142ywanie pod pr\u0105d fa\u0142szu i niesprawiedliwo\u015bci, kt\u00f3re sta\u0142y si\u0119 tak powszechne.\u00a0Chcia\u0142bym r\u00f3wnie\u017c gor\u0105co pochwali\u0107 nasz\u0105 szanown\u0105 pani\u0105 premier za zacytowanie niekt\u00f3rych werset\u00f3w z Koranu, w niekt\u00f3rych swoich przem\u00f3wieniach i mowach, pot\u0119piaj\u0105cych oskar\u017cenia, kt\u00f3re zosta\u0142y rzucone na nauki islamu.<\/p>\n<p>W tym miejscu powinienem r\u00f3wnie\u017c pochwali\u0107 artyku\u0142 Julii Ioffe, opublikowany w\u00a0<em>Foreign Policy<\/em>, w kt\u00f3rym przeanalizowa\u0142a histori\u0119 r\u00f3\u017cnych religii, w tym islamu.\u00a0Na koniec zako\u0144czy\u0142a s\u0142owami:<\/p>\n<p>\u201e\u017badna religia nie jest z natury brutalna.\u00a0\u017badna religia nie jest z natury pokojowa.\u00a0Religia, ka\u017cda religia, jest kwesti\u0105 interpretacji i cz\u0119sto w tej interpretacji widzimy albo pi\u0119kno, albo brzydot\u0119\u201d.<\/p>\n<p>Doceniam ten bezstronny wniosek.\u00a0Kiedy staramy si\u0119 przej\u015b\u0107 przez te niepewne i\u00a0 ryzykowne czasy, mocno wierz\u0119, \u017ce krytykowanie si\u0119 nawzajem nie ma sensu i mo\u017ce tylko zwi\u0119kszy\u0107 podzia\u0142y i wrogo\u015b\u0107.\u00a0Zamiast tego potrzeb\u0105 chwili jest zburzenie dziel\u0105cych nas barier strachu.\u00a0Zamiast wznosi\u0107 mury, kt\u00f3re nas oddzielaj\u0105, powinni\u015bmy budowa\u0107 mosty, kt\u00f3re zbli\u017caj\u0105 nas do siebie.<\/p>\n<p style=\"text-align: center\"><img loading=\"lazy\" decoding=\"async\" class=\"aligncenter size-full wp-image-1819\" src=\"http:\/\/www.ahmadiyya-islam.org\/pl\/wp-content\/uploads\/sites\/25\/2022\/02\/Bild5.jpg\" alt=\"\" width=\"951\" height=\"647\" srcset=\"https:\/\/www.ahmadiyya-islam.org\/pl\/wp-content\/uploads\/sites\/25\/2022\/02\/Bild5.jpg 951w, https:\/\/www.ahmadiyya-islam.org\/pl\/wp-content\/uploads\/sites\/25\/2022\/02\/Bild5-300x204.jpg 300w, https:\/\/www.ahmadiyya-islam.org\/pl\/wp-content\/uploads\/sites\/25\/2022\/02\/Bild5-768x522.jpg 768w\" sizes=\"auto, (max-width: 951px) 100vw, 951px\" \/><em>Zgodnie z ruchem wskaz\u00f3wek zegara, od g\u00f3ry po lewej: Pani Setsuko Thurlow, aktywistka na rzecz rozbrojenia j\u0105drowego i laureatka Muzu\u0142ma\u0144skiej Nagrody Ahmadiyya 2017 za wspieranie pokoju;\u00a0Rafiq Hayat, Przewodnicz\u0105cy Spo\u0142eczno\u015bci Muzu\u0142ma\u0144skiej Ahmadiyya w Wielkiej Brytanii;\u00a0ks. David Standley, reprezentuj\u0105cy arcybiskupa Southwark;\u00a0i Silvio Daneo, dyrektor wykonawczy Religions for Peace, W\u0142ochy, wszyscy przemawiali przed g\u0142\u00f3wnym przem\u00f3wieniem na Krajowym Sympozjum Pokoju.<\/em><\/p>\n<p>Tragicznie, nie ma dnia, by nie dociera\u0142y do \u200b\u200bnas wie\u015bci o dalszych okrucie\u0144stwach i atakach terrorystycznych.\u00a0Bez w\u0105tpienia \u015bwiat staje si\u0119 coraz bardziej niebezpiecznym miejscem zar\u00f3wno dla muzu\u0142man\u00f3w, jak i nie muzu\u0142man\u00f3w.\u00a0Dlatego musimy przeciwstawi\u0107 si\u0119 wszelkim formom ucisku, nienawi\u015bci i wykorzysta\u0107 wszystkie nasze mo\u017cliwo\u015bci, aby spr\u00f3bowa\u0107 zaprowadzi\u0107 pok\u00f3j na \u015bwiecie.\u00a0Je\u015bli naprawd\u0119 chcemy pokoju, \u015bwiatowi politycy, przyw\u00f3dcy, media i partie musz\u0105 dzia\u0142a\u0107 z m\u0105dro\u015bci\u0105 i \u0142ask\u0105.<\/p>\n<p style=\"text-align: center\"><img loading=\"lazy\" decoding=\"async\" class=\"aligncenter size-full wp-image-1820\" src=\"http:\/\/www.ahmadiyya-islam.org\/pl\/wp-content\/uploads\/sites\/25\/2022\/02\/Bild6.jpg\" alt=\"\" width=\"951\" height=\"981\" srcset=\"https:\/\/www.ahmadiyya-islam.org\/pl\/wp-content\/uploads\/sites\/25\/2022\/02\/Bild6.jpg 951w, https:\/\/www.ahmadiyya-islam.org\/pl\/wp-content\/uploads\/sites\/25\/2022\/02\/Bild6-291x300.jpg 291w, https:\/\/www.ahmadiyya-islam.org\/pl\/wp-content\/uploads\/sites\/25\/2022\/02\/Bild6-768x792.jpg 768w\" sizes=\"auto, (max-width: 951px) 100vw, 951px\" \/><em>Pani Setsuko Thurlow otrzymuje od Jego \u015awi\u0105tobliwo\u015bci Muzu\u0142ma\u0144sk\u0105 Nagrod\u0119 Ahmadiyya za promowanie pokoju.\u00a0Pani Thurlow mia\u0142a 13 lat, kiedy do\u015bwiadczy\u0142a na w\u0142asnej sk\u00f3rze zniszcze\u0144, jakie mo\u017ce spowodowa\u0107 atak nuklearny, przetrwa\u0142a atak w Hiroszimie w Japonii.\u00a0Wykorzysta\u0142a swoje do\u015bwiadczenie w kampanii na rzecz rozbrojenia nuklearnego.\u00a0Podczas przem\u00f3wienia inauguracyjnego Jego \u015awi\u0105tobliwo\u015b\u0107 odni\u00f3s\u0142 si\u0119 do niebezpiecze\u0144stw zwi\u0105zanych z utrwalaniem nuklearnego wy\u015bcigu zbroje\u0144.<\/em><\/p>\n<p>Opublikowano wiele raport\u00f3w, kt\u00f3re sugeruj\u0105, \u017ce znaczna liczba m\u0142odzie\u017cy muzu\u0142ma\u0144skiej uleg\u0142a radykalizacji, poniewa\u017c czuli pretensje, \u017ce ich przekonania s\u0105 atakowane i wyszydzane w krajach zachodnich.\u00a0W \u017caden spos\u00f3b ich to nie usprawiedliwia ani nie t\u0142umaczy, a oni pozostaj\u0105 winni i odpowiedzialni za swoje czyny.\u00a0Jednak zdrowy rozs\u0105dek podpowiada, \u017ce \u200b\u200bnie powinni\u015bmy polewa\u0107 benzyn\u0105 otwartego ognia.\u00a0Powinni\u015bmy raczej szuka\u0107 wzajemnego zrozumienia, szanowa\u0107 przekonania innych i stara\u0107 si\u0119 znale\u017a\u0107 wsp\u00f3ln\u0105 p\u0142aszczyzn\u0119.<\/p>\n<p>W zwi\u0105zku z tym Koran ustanowi\u0142 zasad\u0119 wielkiej m\u0105dro\u015bci i warto\u015bci w rozdziale 3, wersecie 65, gdzie stwierdza:<\/p>\n<p>\u201e(\u2026) O Ludu Ksi\u0119gi! Przyb\u0105d\u017a do s\u0142owa jednakowego pomi\u0119dzy tob\u0105 a nami, aby\u015bmy nie czcili nikogo poza Allahem i aby\u015bmy nie przypisywali Mu \u017cadnego partnera oraz aby niekt\u00f3rzy z nas nie brali sobie \u017cadnych pan\u00f3w poza Allahem\u201d.<\/p>\n<p>Tutaj Koran ustanowi\u0142 z\u0142ot\u0105 zasad\u0119 w sprawie pokoju, zgodnie z kt\u00f3r\u0105 m\u00f3wi, \u017ce ludzie powinni skupia\u0107 si\u0119 na tym, co ich jednoczy.\u00a0Je\u015bli chodzi o g\u0142\u00f3wne religie, jednocz\u0105c\u0105 postaci\u0105 jest sam B\u00f3g Wszechmog\u0105cy,\u00a0ale nie oznacza to, \u017ce osoba religijna nie mo\u017ce mie\u0107 nic wsp\u00f3lnego z osob\u0105 niereligijn\u0105.\u00a0W ten spos\u00f3b Koran nauczy\u0142 nas, jak budowa\u0107 pokojowe, wielokulturowe spo\u0142ecze\u0144stwo, w kt\u00f3rym ludzie wszystkich wyzna\u0144 i przekona\u0144 mog\u0105 \u017cy\u0107 obok siebie.\u00a0Kluczowymi sk\u0142adnikami s\u0105 wzajemny szacunek i tolerancja.\u00a0W zwi\u0105zku z tym w innym miejscu Koran poinstruowa\u0142, \u017ce muzu\u0142manie nie powinni wypowiada\u0107 si\u0119 przeciwko cudzym bo\u017ckom lub b\u00f3stwom, poniewa\u017c w reakcji przekl\u0119liby Allaha i powsta\u0142by cykl nieustannego \u017calu.<\/p>\n<p>Jak wiecie, tematem dzisiejszego wydarzenia s\u0105 \u201eGlobalne konflikty i potrzeba sprawiedliwo\u015bci\u201d, a ja przez wiele lat powtarzam, \u017ce brak sprawiedliwo\u015bci n\u0119ka ka\u017cdy segment spo\u0142ecze\u0144stwa i podsyca nie\u0142ad.\u00a0Brak sprawiedliwo\u015bci jest r\u00f3wnie\u017c obserwowany w Organizacji Narod\u00f3w Zjednoczonych do tego stopnia, \u017ce \u200b\u200bnawet osoby blisko zwi\u0105zane z Organizacj\u0105 Narod\u00f3w Zjednoczonych otwarcie za\u015bwiadczaj\u0105 o jej niedoci\u0105gni\u0119ciach i niepowodzeniu w osi\u0105gni\u0119ciu podstawowego celu, jakim jest utrzymanie mi\u0119dzynarodowego pokoju i bezpiecze\u0144stwa.\u00a0Na przyk\u0142ad w artykule opublikowanym przez\u00a0<em>New York Times<\/em>\u00a0by\u0142y asystent sekretarza generalnego ONZ Anthony Banbury napisa\u0142:<\/p>\n<p>\u201eKocham ONZ, ale to upada.\u00a0Jest za du\u017co biurokracji i ma\u0142o wynik\u00f3w.\u00a0Zbyt wiele decyzji jest podejmowanych z powod\u00f3w politycznych, zamiast pod\u0105\u017cania za warto\u015bciami i celami ONZ lub faktami w terenie\u2026 Aby ONZ mog\u0142a kontynuowa\u0107 i prosperowa\u0107, potrzebuje ca\u0142kowitej zmiany, dlatego panel zewn\u0119trzny powinien zbada\u0107 system i zaleci\u0107 zmiany \u201d.<\/p>\n<p>Podobnie w ostatnich latach niekt\u00f3re rz\u0105dy podejmowa\u0142y niesprawiedliwe i niem\u0105dre decyzje dotycz\u0105ce polityki zagranicznej, kt\u00f3re mia\u0142y bardzo negatywny wp\u0142yw na pok\u00f3j i stabilno\u015b\u0107 \u015bwiata.\u00a0Znany publicysta Paul Krugman pisa\u0142 ostatnio tak\u017ce w\u00a0<em>The New York Times<\/em>\u00a0o wojnie w Iraku w 2003 roku:<\/p>\n<p>\u201eWojna w Iraku nie by\u0142a niewinnym b\u0142\u0119dem, przedsi\u0119wzi\u0119ciem podj\u0119tym na podstawie informacji wywiadowczych, kt\u00f3re okaza\u0142y si\u0119 b\u0142\u0119dne\u2026 Publiczne uzasadnienia inwazji by\u0142y tylko pretekstami, i to sfa\u0142szowanymi pretekstami\u201d.<\/p>\n<p>Powodem, dla kt\u00f3rego poda\u0142em te przyk\u0142ady, jest zilustrowanie, \u017ce twierdzenie, i\u017c muzu\u0142manie s\u0105 jedyn\u0105 przyczyn\u0105 narastaj\u0105cych konflikt\u00f3w na \u015bwiecie, jest b\u0142\u0119dem.\u00a0Chocia\u017c nie mo\u017cna zaprzeczy\u0107, \u017ce niekt\u00f3re kraje muzu\u0142ma\u0144skie znajduj\u0105 si\u0119 w epicentrum dzisiejszych wojen i okrucie\u0144stw, nie mo\u017cna powiedzie\u0107, \u017ce reszta \u015bwiata jest zjednoczona i odporna na nieporz\u0105dek.<\/p>\n<p>Na przyk\u0142ad pojawi\u0142o si\u0119 wiele raport\u00f3w lub o\u015bwiadcze\u0144 wskazuj\u0105cych na zwi\u0119kszone napi\u0119cie mi\u0119dzy Stanami Zjednoczonymi a Chinami, a nawet na mo\u017cliwo\u015b\u0107 wybuchu wojny mi\u0119dzy nimi.<strong>\u00a0<\/strong>Rzeczywi\u015bcie, ostatnio szeroko doniesiono, \u017ce bliski doradca prezydenta Trumpa powiedzia\u0142, \u017ce \u201enie ma w\u0105tpliwo\u015bci\u201d, \u017ce wojna ameryka\u0144sko-chi\u0144ska wybuchnie w ci\u0105gu najbli\u017cszych pi\u0119ciu do dziesi\u0119ciu lat.\u00a0Podobnie w styczniu\u00a0<em>South China Morning Post<\/em>\u00a0zacytowa\u0142 wysokiego rang\u0105 chi\u0144skiego urz\u0119dnika wojskowego, kt\u00f3ry powiedzia\u0142, \u017ce wojna ameryka\u0144sko-chi\u0144ska nie by\u0142a teraz \u201etylko sloganem\u201d, ale sta\u0142a si\u0119 \u201epraktyczn\u0105 rzeczywisto\u015bci\u0105\u201d.<\/p>\n<p>Podobnie napi\u0119cia mi\u0119dzy Rosj\u0105 a Zachodem nadal si\u0119 tl\u0105 i gro\u017c\u0105 eskalacj\u0105 w ka\u017cdej chwili.\u00a0Rzeczywi\u015bcie, w miar\u0119 narastania napi\u0119\u0107 by\u0142y minister spraw zagranicznych Niemiec\u00a0<em>,<\/em>\u00a0Frank-Walter Steinmeier, wypowiedzia\u0142 si\u0119 przeciwko \u0107wiczeniom wojskowym NATO w pobli\u017cu rosyjskiej granicy.\u00a0Przemawiaj\u0105c w czerwcu, powiedzia\u0142:<\/p>\n<p>\u201eJedyne, czego nie powinni\u015bmy robi\u0107, to zaognia\u0107 sytuacj\u0119 g\u0142o\u015bnym pobrz\u0119kiwaniem szabelk\u0105 i pod\u017ceganiem do wojny\u2026 Myli si\u0119 ka\u017cdy, kto my\u015bli, \u017ce symboliczna parada czo\u0142g\u00f3w na wschodniej granicy sojuszu przyniesie bezpiecze\u0144stwo.\u00a0Dobrze nam poradzono, aby\u015bmy nie dali pretekstu do odnowienia starej konfrontacji\u201d.<\/p>\n<p>Zgadzam si\u0119 ze stwierdzeniem by\u0142ego ministra spraw zagranicznych, \u017ce narody nie powinny si\u0119 nawzajem prowokowa\u0107 ani stara\u0107 si\u0119 dominowa\u0107, a raczej powinny anga\u017cowa\u0107 si\u0119 w dyplomacj\u0119 i stara\u0107 si\u0119 rozwi\u0105zywa\u0107 spory polubownie i bez niepotrzebnego zagra\u017cania sobie nawzajem.\u00a0Niestety, wraz z up\u0142ywem czasu wydaje si\u0119, \u017ce tracimy zdolno\u015b\u0107 s\u0142uchania i tolerowania przeciwstawnych pogl\u0105d\u00f3w i perspektyw.\u00a0Otwarcie kana\u0142\u00f3w komunikacji i u\u0142atwienie dialogu jest niezb\u0119dne, w przeciwnym razie niemoc na \u015bwiecie b\u0119dzie si\u0119 pog\u0142\u0119bia\u0107.<\/p>\n<p style=\"text-align: center\"><img loading=\"lazy\" decoding=\"async\" class=\"aligncenter size-full wp-image-1821\" src=\"http:\/\/www.ahmadiyya-islam.org\/pl\/wp-content\/uploads\/sites\/25\/2022\/02\/Bild7.jpg\" alt=\"\" width=\"951\" height=\"359\" srcset=\"https:\/\/www.ahmadiyya-islam.org\/pl\/wp-content\/uploads\/sites\/25\/2022\/02\/Bild7.jpg 951w, https:\/\/www.ahmadiyya-islam.org\/pl\/wp-content\/uploads\/sites\/25\/2022\/02\/Bild7-300x113.jpg 300w, https:\/\/www.ahmadiyya-islam.org\/pl\/wp-content\/uploads\/sites\/25\/2022\/02\/Bild7-768x290.jpg 768w\" sizes=\"auto, (max-width: 951px) 100vw, 951px\" \/><em>Publiczno\u015b\u0107 Sympozjum Pokoju liczy\u0142a ponad 1000, w tym pos\u0142owie, ministrowie rz\u0105du i ambasadorowie.<\/em><\/p>\n<p>W ka\u017cdym razie cytowa\u0142em r\u00f3\u017cne raporty, kt\u00f3re sugeruj\u0105, \u017ce zmierzamy w kierunku dalszych dzia\u0142a\u0144 wojennych i rozlewu krwi.\u00a0Zar\u00f3wno na poziomie mi\u0119dzynarodowym, jak i krajowym obserwujemy polaryzacj\u0119 i twardnienie wzajemnych postaw.\u00a0Zamiast wskazywa\u0107 palcami i obwinia\u0107 si\u0119 nawzajem, nadszed\u0142 czas na rozwi\u0105zania.\u00a0Moim zdaniem jest jedno gotowe rozwi\u0105zanie, kt\u00f3re mo\u017ce mie\u0107 natychmiastowy wp\u0142yw i rozpocz\u0105\u0107 proces uzdrawiania \u015bwiata.\u00a0Mam na my\u015bli mi\u0119dzynarodowy handel broni\u0105, kt\u00f3ry moim zdaniem musi by\u0107 przykr\u00f3cony i ograniczany.<\/p>\n<p>Wszyscy wiemy, \u017ce w celu nap\u0119dzania swoich gospodarek narody zachodnie sprzedaj\u0105 bro\u0144 za granic\u0119, w tym krajom uwik\u0142anym w dzia\u0142ania wojenne i konflikty zbrojne.\u00a0Na przyk\u0142ad zaledwie kilka tygodni temu powszechnie donoszono, \u017ce nowa administracja USA podpisuje nowy kontrakt zbrojeniowy na sprzeda\u017c zaawansowanej i precyzyjnie kierowanej technologii rakietowej do Arabii Saudyjskiej.\u00a0Co wi\u0119cej, raport ONZ opublikowany w zesz\u0142ym roku wykaza\u0142, \u017ce w przypadku sprzeda\u017cy broni nie maj\u0105 zastosowania normalne przepisy prawa.\u00a0Ustalono, \u017ce szereg firm, os\u00f3b i kraj\u00f3w od dawna narusza mi\u0119dzynarodowe embargo na bro\u0144 w Libii i dostarcza bro\u0144 r\u00f3\u017cnym jej frakcjom.<\/p>\n<p>Dlatego nawet tam, gdzie obowi\u0105zuj\u0105 pewne ograniczone zasady, nie s\u0105 one odpowiednio egzekwowane.\u00a0Podczas gdy podstawowym interesem ka\u017cdego narodu powinno by\u0107 dobro ludzko\u015bci i osi\u0105gni\u0119cie pokoju, smutn\u0105 prawd\u0105 jest, \u017ce interesy biznesowe i d\u0105\u017cenie do bogactwa niezmiennie maj\u0105 pierwsze\u0144stwo przed takimi sprawami.\u00a0Odzwierciedlaj\u0105c ten w\u0105ski interes w\u0142asny, dobrze znany prezenter CNN powiedzia\u0142 niedawno, \u017ce ograniczenie handlu broni\u0105 mo\u017ce spowodowa\u0107 utrat\u0119 miejsc pracy w\u015br\u00f3d ameryka\u0144skich firm zbrojeniowych.\u00a0Podczas wywiadu na \u017cywo powiedzia\u0142:<\/p>\n<p>\u201eW gr\u0119 wchodzi wiele miejsc pracy.\u00a0Z pewno\u015bci\u0105, je\u015bli wielu z tych wykonawc\u00f3w obronnych przestanie sprzedawa\u0107 samoloty wojenne lub inny wyrafinowany sprz\u0119t Arabii Saudyjskiej, nast\u0105pi znaczna utrata miejsc pracy, dochod\u00f3w w Stanach Zjednoczonych\u201d.<\/p>\n<p>Co wi\u0119cej, czasami argumentuje si\u0119, \u017ce sprzeda\u017c broni mo\u017ce w rzeczywisto\u015bci \u201ezach\u0119ca\u0107\u201d do pokoju, poniewa\u017c bro\u0144 mo\u017ce dzia\u0142a\u0107 jako \u201eodstraszaj\u0105co\u201d.\u00a0Moim zdaniem ten pogl\u0105d jest ca\u0142kowicie bezsensowny i jedynie zach\u0119ca do dalszej produkcji i sprzeda\u017cy niezwykle niebezpiecznej broni.\u00a0Rzeczywi\u015bcie, to w\u0142a\u015bnie takie uzasadnienia spowodowa\u0142y, \u017ce \u015bwiat zosta\u0142 uwik\u0142any w nieko\u0144cz\u0105cy si\u0119 wy\u015bcig zbroje\u0144.\u00a0W trosce o dobro ludzko\u015bci rz\u0105dy powinny lekcewa\u017cy\u0107 obawy, \u017ce ich gospodarki ucierpi\u0105 w przypadku ograniczenia handlu broni\u0105.\u00a0Zamiast tego powinni pomy\u015ble\u0107 o rodzaju \u015bwiata, kt\u00f3ry chc\u0105 przekaza\u0107 tym, kt\u00f3rzy za nimi pod\u0105\u017caj\u0105.<\/p>\n<p>Wiele broni u\u017cywanej w krajach muzu\u0142ma\u0144skich, a nawet przez grupy terrorystyczne, takie jak Daesh, zosta\u0142o wyprodukowanych w Europie Zachodniej lub Wschodniej, wi\u0119c nadszed\u0142 czas na wprowadzenie odpowiednich sankcji, kt\u00f3re b\u0119d\u0105 skutecznie wdra\u017cane.\u00a0Je\u015bli ten jeden krok zostanie podj\u0119ty, szczerze wierz\u0119, \u017ce mo\u017ce to mie\u0107 bardzo znacz\u0105cy wp\u0142yw w kr\u00f3tkim czasie.\u00a0W przeciwnym razie nie ma sensu my\u015ble\u0107 o alternatywie.<\/p>\n<p>Nie musz\u0119 si\u0119 rozwodzi\u0107, bo cytowane przeze mnie artyku\u0142y m\u00f3wi\u0105 same za siebie i wskazuj\u0105 kierunek kolejnej wojny na du\u017c\u0105 skal\u0119.\u00a0\u017baden kraj ani grupa nie powinna ulega\u0107 z\u0142udzeniu, \u017ce jest bezpieczna, poniewa\u017c gdy wybuchaj\u0105 wojny, ewoluuj\u0105 szybko i cz\u0119sto niespodziewanie.<\/p>\n<p>Je\u015bli spojrzymy wstecz na II wojn\u0119 \u015bwiatow\u0105, by\u0142y narody, kt\u00f3re by\u0142y zdecydowane nie bra\u0107 w niej udzia\u0142u, ale ostatecznie zosta\u0142y w ni\u0105 wci\u0105gni\u0119te, podczas gdy sojusze i bloki wci\u0105\u017c si\u0119 zmienia\u0142y i zmienia\u0142y.\u00a0Dzisiaj kilka kraj\u00f3w naby\u0142o bro\u0144 j\u0105drow\u0105 i je\u015bli cho\u0107 jedna taka bro\u0144 zostanie kiedykolwiek u\u017cyta, konsekwencje b\u0119d\u0105 niewyobra\u017calne i b\u0119d\u0105 trwa\u0142y jeszcze d\u0142ugo po naszym odej\u015bciu.\u00a0Zamiast zostawia\u0107 po sobie spu\u015bcizn\u0119 dobrobytu dla naszych przysz\u0142ych pokole\u0144, b\u0119dziemy winni pozostawienia jedynie smutku i rozpaczy.\u00a0Naszym darem dla \u015bwiata b\u0119dzie pokolenie dzieci niepe\u0142nosprawnych, urodzonych z wadami i niepe\u0142nosprawno\u015bci\u0105 intelektualn\u0105.\u00a0Kto wie, czy ich rodzice prze\u017cyj\u0105, aby si\u0119 nimi opiekowa\u0107 i wychowywa\u0107?<\/p>\n<p>Dlatego musimy zawsze pami\u0119ta\u0107, \u017ce je\u015bli za wszelk\u0105 cen\u0119 d\u0105\u017cymy do realizacji w\u0142asnych interes\u00f3w, prawa innych zostan\u0105 uzurpowane, a to mo\u017ce prowadzi\u0107 jedynie do konflikt\u00f3w, wojen i n\u0119dzy.\u00a0Wszyscy musimy zastanowi\u0107 si\u0119 i zrozumie\u0107 przepa\u015b\u0107, na kt\u00f3rej stoimy.\u00a0Musimy rozpozna\u0107 cel naszego stworzenia.<\/p>\n<p>Jak powiedzia\u0142em na pocz\u0105tku, Za\u0142o\u017cyciel Wsp\u00f3lnoty Muzu\u0142ma\u0144skiej Ahmadiyya\u00a0<sup>(as)<\/sup>\u00a0przyby\u0142, aby wyku\u0107 wi\u0119\u017a mi\u0119dzy cz\u0142owiekiem a Jego Stw\u00f3rc\u0105 i zjednoczy\u0107 ludzko\u015b\u0107, dlatego z g\u0142\u0119bi serca modl\u0119 si\u0119, aby \u015bwiat opami\u0119ta\u0142 si\u0119, zanim nie jest za p\u00f3\u017ano.<\/p>\n<p>Moje przes\u0142anie dla \u015bwiata to patrzenie na jutro, a nie tylko na dzisiaj.<\/p>\n<p>Zostawmy dziedzictwo nadziei i mo\u017cliwo\u015bci dla naszych dzieci, zamiast obci\u0105\u017ca\u0107 je przera\u017caj\u0105cymi konsekwencjami naszych grzech\u00f3w.<\/p>\n<p>Tymi s\u0142owami modl\u0119 si\u0119, aby B\u00f3g nada\u0142 rozs\u0105dek ludziom na \u015bwiecie i aby ci\u0119\u017ckie chmury, kt\u00f3re unosz\u0105 si\u0119 nad nami, ust\u0105pi\u0142y miejsca \u015bwietlanej i pomy\u015blnej przysz\u0142o\u015bci.<\/p>\n<p>Niech Allah zmi\u0142uje si\u0119 nad ludzko\u015bci\u0105,\u00a0<em>Amiin.\u00a0<\/em>Dzi\u0119kuj\u0119 wszystkim go\u015bciom, bardzo dzi\u0119kuj\u0119.\u201d<\/p>\n","protected":false},"excerpt":{"rendered":"<p>Globalne konflikty i potrzeba sprawiedliwo\u015bci | Jego \u015awi\u0105tobliwo\u015b\u0107 omawia niekt\u00f3re z przyczyn, kt\u00f3re zagra\u017caj\u0105 dzisiejszemu pokojowi na \u015bwiecie<\/p>\n","protected":false},"featured_media":1814,"parent":0,"template":"","tags":[385,386],"article-cat":[387],"topics":[63,59],"authors":[30],"content_source":[],"class_list":["post-1813","articles","type-articles","status-publish","has-post-thumbnail","hentry","tag-rosja","tag-wojna","article-cat-przemowienie","topics-pokoj","topics-sprawiedliwosc","authors-hazrat-mirza-masroor-ahmad"],"acf":[],"yoast_head":"<!-- This site is optimized with the Yoast SEO Premium plugin v21.1 (Yoast SEO v27.4) - https:\/\/yoast.com\/product\/yoast-seo-premium-wordpress\/ -->\n<title>Globalne konflikty i potrzeba sprawiedliwo\u015bci - Islam Ahmadiyya<\/title>\n<meta name=\"description\" content=\"Globalne konflikty i potrzeba sprawiedliwo\u015bci | Jego \u015awi\u0105tobliwo\u015b\u0107 omawia niekt\u00f3re z przyczyn, kt\u00f3re zagra\u017caj\u0105 dzisiejszemu pokojowi na \u015bwiecie\" \/>\n<meta name=\"robots\" content=\"index, follow, max-snippet:-1, max-image-preview:large, max-video-preview:-1\" \/>\n<link rel=\"canonical\" href=\"https:\/\/www.ahmadiyya-islam.org\/pl\/artykul\/globalne-konflikty-i-potrzeba-sprawiedliwosci\/\" \/>\n<meta property=\"og:locale\" content=\"pl_PL\" \/>\n<meta property=\"og:type\" content=\"article\" \/>\n<meta property=\"og:title\" content=\"Globalne konflikty i potrzeba sprawiedliwo\u015bci\" \/>\n<meta property=\"og:description\" content=\"Globalne konflikty i potrzeba sprawiedliwo\u015bci | Jego \u015awi\u0105tobliwo\u015b\u0107 omawia niekt\u00f3re z przyczyn, kt\u00f3re zagra\u017caj\u0105 dzisiejszemu pokojowi na \u015bwiecie\" \/>\n<meta property=\"og:url\" content=\"https:\/\/www.ahmadiyya-islam.org\/pl\/artykul\/globalne-konflikty-i-potrzeba-sprawiedliwosci\/\" \/>\n<meta property=\"og:site_name\" content=\"Stowarzyszenie Muzu\u0142ma\u0144skie Ahmadiyya\" \/>\n<meta property=\"article:modified_time\" content=\"2022-02-25T18:33:19+00:00\" \/>\n<meta property=\"og:image\" content=\"http:\/\/www.ahmadiyya-islam.org\/pl\/wp-content\/uploads\/sites\/25\/2022\/02\/2017-03-25-UK-Peace-Symposium-006.jpg\" \/>\n\t<meta property=\"og:image:width\" content=\"1000\" \/>\n\t<meta property=\"og:image:height\" content=\"726\" \/>\n\t<meta property=\"og:image:type\" content=\"image\/jpeg\" \/>\n<meta name=\"twitter:card\" content=\"summary_large_image\" \/>\n<meta name=\"twitter:label1\" content=\"Szacowany czas czytania\" \/>\n\t<meta name=\"twitter:data1\" content=\"19 minut\" \/>\n<script type=\"application\/ld+json\" class=\"yoast-schema-graph\">{\"@context\":\"https:\\\/\\\/schema.org\",\"@graph\":[{\"@type\":\"WebPage\",\"@id\":\"https:\\\/\\\/www.ahmadiyya-islam.org\\\/pl\\\/artykul\\\/globalne-konflikty-i-potrzeba-sprawiedliwosci\\\/\",\"url\":\"https:\\\/\\\/www.ahmadiyya-islam.org\\\/pl\\\/artykul\\\/globalne-konflikty-i-potrzeba-sprawiedliwosci\\\/\",\"name\":\"Globalne konflikty i potrzeba sprawiedliwo\u015bci - Islam Ahmadiyya\",\"isPartOf\":{\"@id\":\"https:\\\/\\\/www.ahmadiyya-islam.org\\\/pl\\\/#website\"},\"primaryImageOfPage\":{\"@id\":\"https:\\\/\\\/www.ahmadiyya-islam.org\\\/pl\\\/artykul\\\/globalne-konflikty-i-potrzeba-sprawiedliwosci\\\/#primaryimage\"},\"image\":{\"@id\":\"https:\\\/\\\/www.ahmadiyya-islam.org\\\/pl\\\/artykul\\\/globalne-konflikty-i-potrzeba-sprawiedliwosci\\\/#primaryimage\"},\"thumbnailUrl\":\"https:\\\/\\\/www.ahmadiyya-islam.org\\\/pl\\\/wp-content\\\/uploads\\\/sites\\\/25\\\/2022\\\/02\\\/2017-03-25-UK-Peace-Symposium-006.jpg\",\"datePublished\":\"2022-02-25T18:29:23+00:00\",\"dateModified\":\"2022-02-25T18:33:19+00:00\",\"description\":\"Globalne konflikty i potrzeba sprawiedliwo\u015bci | Jego \u015awi\u0105tobliwo\u015b\u0107 omawia niekt\u00f3re z przyczyn, kt\u00f3re zagra\u017caj\u0105 dzisiejszemu pokojowi na \u015bwiecie\",\"breadcrumb\":{\"@id\":\"https:\\\/\\\/www.ahmadiyya-islam.org\\\/pl\\\/artykul\\\/globalne-konflikty-i-potrzeba-sprawiedliwosci\\\/#breadcrumb\"},\"inLanguage\":\"pl-PL\",\"potentialAction\":[{\"@type\":\"ReadAction\",\"target\":[\"https:\\\/\\\/www.ahmadiyya-islam.org\\\/pl\\\/artykul\\\/globalne-konflikty-i-potrzeba-sprawiedliwosci\\\/\"]}]},{\"@type\":\"ImageObject\",\"inLanguage\":\"pl-PL\",\"@id\":\"https:\\\/\\\/www.ahmadiyya-islam.org\\\/pl\\\/artykul\\\/globalne-konflikty-i-potrzeba-sprawiedliwosci\\\/#primaryimage\",\"url\":\"https:\\\/\\\/www.ahmadiyya-islam.org\\\/pl\\\/wp-content\\\/uploads\\\/sites\\\/25\\\/2022\\\/02\\\/2017-03-25-UK-Peace-Symposium-006.jpg\",\"contentUrl\":\"https:\\\/\\\/www.ahmadiyya-islam.org\\\/pl\\\/wp-content\\\/uploads\\\/sites\\\/25\\\/2022\\\/02\\\/2017-03-25-UK-Peace-Symposium-006.jpg\",\"width\":1000,\"height\":726,\"caption\":\"Globalne konflikty i potrzeba sprawiedliwo\u015bci\"},{\"@type\":\"BreadcrumbList\",\"@id\":\"https:\\\/\\\/www.ahmadiyya-islam.org\\\/pl\\\/artykul\\\/globalne-konflikty-i-potrzeba-sprawiedliwosci\\\/#breadcrumb\",\"itemListElement\":[{\"@type\":\"ListItem\",\"position\":1,\"name\":\"Home\",\"item\":\"https:\\\/\\\/www.ahmadiyya-islam.org\\\/pl\\\/\"},{\"@type\":\"ListItem\",\"position\":2,\"name\":\"Artyku\u0142y\",\"item\":\"https:\\\/\\\/www.ahmadiyya-islam.org\\\/pl\\\/artykul\\\/\"},{\"@type\":\"ListItem\",\"position\":3,\"name\":\"Globalne konflikty i potrzeba sprawiedliwo\u015bci\"}]},{\"@type\":\"WebSite\",\"@id\":\"https:\\\/\\\/www.ahmadiyya-islam.org\\\/pl\\\/#website\",\"url\":\"https:\\\/\\\/www.ahmadiyya-islam.org\\\/pl\\\/\",\"name\":\"Stowarzyszenie Muzu\u0142ma\u0144skie Ahmadiyya\",\"description\":\"Polska\",\"potentialAction\":[{\"@type\":\"SearchAction\",\"target\":{\"@type\":\"EntryPoint\",\"urlTemplate\":\"https:\\\/\\\/www.ahmadiyya-islam.org\\\/pl\\\/?s={search_term_string}\"},\"query-input\":{\"@type\":\"PropertyValueSpecification\",\"valueRequired\":true,\"valueName\":\"search_term_string\"}}],\"inLanguage\":\"pl-PL\"}]}<\/script>\n<!-- \/ Yoast SEO Premium plugin. -->","yoast_head_json":{"title":"Globalne konflikty i potrzeba sprawiedliwo\u015bci - Islam Ahmadiyya","description":"Globalne konflikty i potrzeba sprawiedliwo\u015bci | Jego \u015awi\u0105tobliwo\u015b\u0107 omawia niekt\u00f3re z przyczyn, kt\u00f3re zagra\u017caj\u0105 dzisiejszemu pokojowi na \u015bwiecie","robots":{"index":"index","follow":"follow","max-snippet":"max-snippet:-1","max-image-preview":"max-image-preview:large","max-video-preview":"max-video-preview:-1"},"canonical":"https:\/\/www.ahmadiyya-islam.org\/pl\/artykul\/globalne-konflikty-i-potrzeba-sprawiedliwosci\/","og_locale":"pl_PL","og_type":"article","og_title":"Globalne konflikty i potrzeba sprawiedliwo\u015bci","og_description":"Globalne konflikty i potrzeba sprawiedliwo\u015bci | Jego \u015awi\u0105tobliwo\u015b\u0107 omawia niekt\u00f3re z przyczyn, kt\u00f3re zagra\u017caj\u0105 dzisiejszemu pokojowi na \u015bwiecie","og_url":"https:\/\/www.ahmadiyya-islam.org\/pl\/artykul\/globalne-konflikty-i-potrzeba-sprawiedliwosci\/","og_site_name":"Stowarzyszenie Muzu\u0142ma\u0144skie Ahmadiyya","article_modified_time":"2022-02-25T18:33:19+00:00","og_image":[{"width":1000,"height":726,"url":"http:\/\/www.ahmadiyya-islam.org\/pl\/wp-content\/uploads\/sites\/25\/2022\/02\/2017-03-25-UK-Peace-Symposium-006.jpg","type":"image\/jpeg"}],"twitter_card":"summary_large_image","twitter_misc":{"Szacowany czas czytania":"19 minut"},"schema":{"@context":"https:\/\/schema.org","@graph":[{"@type":"WebPage","@id":"https:\/\/www.ahmadiyya-islam.org\/pl\/artykul\/globalne-konflikty-i-potrzeba-sprawiedliwosci\/","url":"https:\/\/www.ahmadiyya-islam.org\/pl\/artykul\/globalne-konflikty-i-potrzeba-sprawiedliwosci\/","name":"Globalne konflikty i potrzeba sprawiedliwo\u015bci - Islam Ahmadiyya","isPartOf":{"@id":"https:\/\/www.ahmadiyya-islam.org\/pl\/#website"},"primaryImageOfPage":{"@id":"https:\/\/www.ahmadiyya-islam.org\/pl\/artykul\/globalne-konflikty-i-potrzeba-sprawiedliwosci\/#primaryimage"},"image":{"@id":"https:\/\/www.ahmadiyya-islam.org\/pl\/artykul\/globalne-konflikty-i-potrzeba-sprawiedliwosci\/#primaryimage"},"thumbnailUrl":"https:\/\/www.ahmadiyya-islam.org\/pl\/wp-content\/uploads\/sites\/25\/2022\/02\/2017-03-25-UK-Peace-Symposium-006.jpg","datePublished":"2022-02-25T18:29:23+00:00","dateModified":"2022-02-25T18:33:19+00:00","description":"Globalne konflikty i potrzeba sprawiedliwo\u015bci | Jego \u015awi\u0105tobliwo\u015b\u0107 omawia niekt\u00f3re z przyczyn, kt\u00f3re zagra\u017caj\u0105 dzisiejszemu pokojowi na \u015bwiecie","breadcrumb":{"@id":"https:\/\/www.ahmadiyya-islam.org\/pl\/artykul\/globalne-konflikty-i-potrzeba-sprawiedliwosci\/#breadcrumb"},"inLanguage":"pl-PL","potentialAction":[{"@type":"ReadAction","target":["https:\/\/www.ahmadiyya-islam.org\/pl\/artykul\/globalne-konflikty-i-potrzeba-sprawiedliwosci\/"]}]},{"@type":"ImageObject","inLanguage":"pl-PL","@id":"https:\/\/www.ahmadiyya-islam.org\/pl\/artykul\/globalne-konflikty-i-potrzeba-sprawiedliwosci\/#primaryimage","url":"https:\/\/www.ahmadiyya-islam.org\/pl\/wp-content\/uploads\/sites\/25\/2022\/02\/2017-03-25-UK-Peace-Symposium-006.jpg","contentUrl":"https:\/\/www.ahmadiyya-islam.org\/pl\/wp-content\/uploads\/sites\/25\/2022\/02\/2017-03-25-UK-Peace-Symposium-006.jpg","width":1000,"height":726,"caption":"Globalne konflikty i potrzeba sprawiedliwo\u015bci"},{"@type":"BreadcrumbList","@id":"https:\/\/www.ahmadiyya-islam.org\/pl\/artykul\/globalne-konflikty-i-potrzeba-sprawiedliwosci\/#breadcrumb","itemListElement":[{"@type":"ListItem","position":1,"name":"Home","item":"https:\/\/www.ahmadiyya-islam.org\/pl\/"},{"@type":"ListItem","position":2,"name":"Artyku\u0142y","item":"https:\/\/www.ahmadiyya-islam.org\/pl\/artykul\/"},{"@type":"ListItem","position":3,"name":"Globalne konflikty i potrzeba sprawiedliwo\u015bci"}]},{"@type":"WebSite","@id":"https:\/\/www.ahmadiyya-islam.org\/pl\/#website","url":"https:\/\/www.ahmadiyya-islam.org\/pl\/","name":"Stowarzyszenie Muzu\u0142ma\u0144skie Ahmadiyya","description":"Polska","potentialAction":[{"@type":"SearchAction","target":{"@type":"EntryPoint","urlTemplate":"https:\/\/www.ahmadiyya-islam.org\/pl\/?s={search_term_string}"},"query-input":{"@type":"PropertyValueSpecification","valueRequired":true,"valueName":"search_term_string"}}],"inLanguage":"pl-PL"}]}},"_links":{"self":[{"href":"https:\/\/www.ahmadiyya-islam.org\/pl\/wp-json\/wp\/v2\/articles\/1813","targetHints":{"allow":["GET"]}}],"collection":[{"href":"https:\/\/www.ahmadiyya-islam.org\/pl\/wp-json\/wp\/v2\/articles"}],"about":[{"href":"https:\/\/www.ahmadiyya-islam.org\/pl\/wp-json\/wp\/v2\/types\/articles"}],"version-history":[{"count":2,"href":"https:\/\/www.ahmadiyya-islam.org\/pl\/wp-json\/wp\/v2\/articles\/1813\/revisions"}],"predecessor-version":[{"id":1825,"href":"https:\/\/www.ahmadiyya-islam.org\/pl\/wp-json\/wp\/v2\/articles\/1813\/revisions\/1825"}],"wp:featuredmedia":[{"embeddable":true,"href":"https:\/\/www.ahmadiyya-islam.org\/pl\/wp-json\/wp\/v2\/media\/1814"}],"wp:attachment":[{"href":"https:\/\/www.ahmadiyya-islam.org\/pl\/wp-json\/wp\/v2\/media?parent=1813"}],"wp:term":[{"taxonomy":"post_tag","embeddable":true,"href":"https:\/\/www.ahmadiyya-islam.org\/pl\/wp-json\/wp\/v2\/tags?post=1813"},{"taxonomy":"article-cat","embeddable":true,"href":"https:\/\/www.ahmadiyya-islam.org\/pl\/wp-json\/wp\/v2\/article-cat?post=1813"},{"taxonomy":"topics","embeddable":true,"href":"https:\/\/www.ahmadiyya-islam.org\/pl\/wp-json\/wp\/v2\/topics?post=1813"},{"taxonomy":"authors","embeddable":true,"href":"https:\/\/www.ahmadiyya-islam.org\/pl\/wp-json\/wp\/v2\/authors?post=1813"},{"taxonomy":"content_source","embeddable":true,"href":"https:\/\/www.ahmadiyya-islam.org\/pl\/wp-json\/wp\/v2\/content_source?post=1813"}],"curies":[{"name":"wp","href":"https:\/\/api.w.org\/{rel}","templated":true}]}}