{"id":1463,"date":"2021-07-20T19:04:37","date_gmt":"2021-07-20T17:04:37","guid":{"rendered":"https:\/\/www.ahmadiyya-islam.org\/pl\/?post_type=articles&#038;p=1463"},"modified":"2021-07-20T22:13:19","modified_gmt":"2021-07-20T20:13:19","slug":"iid-lekcja-poswiecenia","status":"publish","type":"articles","link":"https:\/\/www.ahmadiyya-islam.org\/pl\/artykul\/iid-lekcja-poswiecenia\/","title":{"rendered":"Iid- lekcja po\u015bwi\u0119cenia"},"content":{"rendered":"<p>Muzu\u0142manie na ca\u0142ym \u015bwiecie spotykaj\u0105 si\u0119, aby \u015bwi\u0119towa\u0107 dwa razy w ci\u0105gu roku.\u00a0Pierwszym z nich jest\u00a0<em>Iid-ul-Fitr<\/em>, obchodzone po miesi\u0105cu Ramadan jako wyraz wdzi\u0119czno\u015bci Bogu Wszechmog\u0105cemu za to, \u017ce w tym miesi\u0105cu dano im mo\u017cliwo\u015b\u0107 oddawania Mu czci oraz pami\u0119tania o Nim z wi\u0119ksz\u0105 intensywno\u015bci\u0105 i trosk\u0105 \u2014 w miar\u0119 podejmowania specjalnych wysi\u0142k\u00f3w w Ramadanie w tym zakresie.\u00a0Miesi\u0105c Ramadan to miesi\u0105c, w kt\u00f3rym zaszczepia si\u0119 w nas ducha s\u0142u\u017cenia ludzko\u015bci i wsp\u00f3\u0142czucia dla naszych bli\u017anich.\u00a0Muzu\u0142manie czcz\u0105 Boga z g\u0142\u0119bszym zmys\u0142em refleksji oraz d\u0105\u017c\u0105 do poprawy duchowej i moralnej.\u00a0Poszcz\u0105 w ci\u0105gu dnia, aby lepiej pozna\u0107 potrzeby swoich mniej szcz\u0119\u015bliwych braci i si\u00f3str.\u00a0W trakcie\u00a0<em>Iid-ul-Fitr <\/em>muzu\u0142manie dzi\u0119kuj\u0105 Allahowi za to, \u017ce nie tylko zbli\u017cyli si\u0119 do Niego, ale tak\u017ce do ludzko\u015bci, do\u015bwiadczaj\u0105c b\u00f3lu tych mniej szcz\u0119\u015bliwych ni\u017c oni.<\/p>\n<blockquote><p>Drugie \u015bwi\u0119to obchodzone raz w roku przez muzu\u0142man\u00f3w na ca\u0142ym \u015bwiecie oznacza koniec corocznej pielgrzymki do Mekki znanej jako Had\u017cd\u017c.\u00a0To Iid nazywa si\u0119\u00a0<em>Iid-ul-Adha,<\/em>\u00a0\u201e\u015awi\u0119to Ofiarowania\u201d i jest r\u00f3wnie\u017c nazywane \u201eWielkim Iid\u201d.\u00a0To Iid upami\u0119tnia gotowo\u015b\u0107 proroka Abrahama (as) do po\u015bwi\u0119cenia w\u0142asnego syna na drodze Bo\u017cej.<\/p><\/blockquote>\n<p>Koran relacjonuje, \u017ce \u200b\u200bProrok Abraham (as) widzia\u0142 we \u015bnie, jak zabija\u0142 swojego jedynego syna, Ismaila (as).\u00a0Kiedy jego syn dor\u00f3s\u0142 na tyle, by chodzi\u0107 z nim i rozumie\u0107, prorok Abraham (as) podzieli\u0142 si\u0119 ze swoim synem snami, kt\u00f3rych do\u015bwiadcza\u0142 i zapyta\u0142 go, jak ma odczucia w zwi\u0105zku z tym Bo\u017cym wskazaniem.\u00a0M\u0142ody Ismail (as), okazuj\u0105c odwag\u0119 i pe\u0142ne zaufanie do Boga, natychmiast odpowiedzia\u0142:<\/p>\n<blockquote><p>\u201eO ojcze m\u00f3j, czy\u0144 tak, jak ci nakazuje. Je\u017celi Allah pozwoli, stwierdzisz, \u017ce jestem wytrwa\u0142y w wierze.\u2019\u2019.\u00a0<a href=\"https:\/\/www.reviewofreligions.org\/23897\/eid-a-lesson-in-sacrifice\/#_edn1\">[1]<\/a><\/p><\/blockquote>\n<p>Po tym, kiedy ojciec i syn mieli wype\u0142ni\u0107 to Bo\u017ce polecenie, w spos\u00f3b, kt\u00f3ry rozumieli, a Abraham (as) mia\u0142 fizycznie zabi\u0107 swojego drogiego syna Ismaila (as), rozleg\u0142 si\u0119 g\u0142os i B\u00f3g poinformowa\u0142 Abrahama (as), \u017ce \u017ale zrozumia\u0142 g\u0142\u0119bsze znaczenie swojego snu.\u00a0Abraham (as) zosta\u0142 poinstruowany, aby zamiast tego zabi\u0142 barana, jako symboliczny wyraz g\u0142\u0119bszej ofiary, kt\u00f3rej B\u00f3g chcia\u0142 od ojca i syna.<\/p>\n<p>Faktem jest, \u017ce sen Abrahama (as) nie by\u0142 wskaz\u00f3wk\u0105 od Boga, aby fizycznie zabi\u0107 Ismaila (as).\u00a0Fizyczna, ludzka rze\u017a nigdy nie by\u0142a ofiar\u0105, kt\u00f3rej B\u00f3g \u017c\u0105da\u0142 w \u017cadnym czasie przez swoich prorok\u00f3w.\u00a0Rze\u017a, kt\u00f3rej szuka\u0142 B\u00f3g, mia\u0142a charakter metaforyczny, chodzi\u0142o o\u00a0rze\u017a wewn\u0119trznego ja.\u00a0W rzeczywisto\u015bci Bo\u017cym pragnieniem by\u0142o, aby Abraham (as) zaszczepi\u0142 w swoim synu cechy, kt\u00f3re uczyni\u0142yby go prawdziwym s\u0142ug\u0105 Bo\u017cym, ca\u0142kowicie Mu oddanym.\u00a0Ta rze\u017a ego, samolubnych nami\u0119tno\u015bci, pragnie\u0144 i szata\u0144skich wp\u0142yw\u00f3w by\u0142a o wiele wi\u0119ksz\u0105 ofiar\u0105 ni\u017c cokolwiek innego.\u00a0To jest po\u015bwi\u0119cenie, kt\u00f3re wszyscy poszukuj\u0105cy musz\u0105 z\u0142o\u017cy\u0107 w swoim poszukiwaniu Boga.\u00a0To z\u0142o, kt\u00f3re zaciemnia nasze serca, jest ci\u0119\u017carem, kt\u00f3ry nas przyt\u0142acza i dop\u00f3ki nasze z\u0142e sk\u0142onno\u015bci oraz mi\u0142o\u015b\u0107 do \u015bwiata nie ca\u0142kowicie opadn\u0105, nie mo\u017cemy zbli\u017cy\u0107 si\u0119 do Boga ani znale\u017a\u0107 \u015bwiat\u0142a, kt\u00f3re prowadzi nas do progu naszego Pana.<\/p>\n<p>By\u0142a to gotowo\u015b\u0107 Abrahama do po\u015bwi\u0119cenia si\u0119 dla Boga, wszystkiego, co by\u0142o mu drogie na tym \u015bwiecie oraz g\u0142\u0119bsza filozofia wewn\u0119trznej ofiary, a tak\u017ce ostateczne oddanie sprawie Bo\u017cej, kt\u00f3re celebrowane jest w corocznej pielgrzymce lub Had\u017cd\u017c i obchodzeniu\u00a0<em>Iid-ul-Adha<\/em>. W\u0142a\u015bnie te bardzo g\u0142\u0119bsze warto\u015bci s\u0105 metaforycznie wyra\u017cane przez ub\u00f3j zwierz\u0105t podczas\u00a0<em>Iid-ul-Adha<\/em>.<\/p>\n<p>Podczas tego \u015awi\u0119ta Ofiar przypomina si\u0119 muzu\u0142manom, \u017ce aby byli prawdziwymi muzu\u0142manami, tak jak Abraham (as), musz\u0105 by\u0107 gotowi ofiarowa\u0107, z bezinteresownym oddaniem, wszystko, co kochaj\u0105 i ceni\u0105, aby osi\u0105gn\u0105\u0107 przyjemno\u015b\u0107 Boga i s\u0142u\u017cy\u0107 ludzko\u015bci jako ca\u0142o\u015bci, z g\u0142\u0119bokim poczuciem wsp\u00f3\u0142czucia i prawdziwej mi\u0142o\u015bci.<\/p>\n<p>Poj\u0119cie ofiary ma fundamentalne znaczenie w ka\u017cdej religii, a ofiara w imi\u0119 Boga i ludzko\u015bci ma ogromne znaczenie. Koran przedstawia ilustracj\u0119 \u017cycia proroka Muhammada w nast\u0119puj\u0105cych s\u0142owach:<\/p>\n<blockquote><p>,,Powiedz: ,,Moja modlitwa, moja ofiara, i moje \u017cycie i moja \u015bmier\u0107 \u2013 wszystkie s\u0105 dla Allaha, Pana \u015bwiat\u00f3w.\u2019\u2019<a href=\"https:\/\/www.reviewofreligions.org\/23897\/eid-a-lesson-in-sacrifice\/#_edn2\">[2]<\/a><\/p><\/blockquote>\n<p>Tylko wtedy, gdy ca\u0142e nasze \u017cycie kr\u0119ci si\u0119 wok\u00f3\u0142 s\u0142u\u017cby Bogu i s\u0142u\u017ceniu ludzko\u015bci, mo\u017cemy naprawd\u0119 osi\u0105gn\u0105\u0107 zadowolenia Boga, a zar\u00f3wno\u00a0<em>Iid-ul-Fitr, <\/em><em>jak<\/em>\u00a0i\u00a0<em>Iid-ul-Adha<\/em>\u00a0przypominaj\u0105 nam o tej bardzo wa\u017cnej prawdzie.<\/p>\n<p>W miesi\u0105cu Ramadan muzu\u0142manie rezygnuj\u0105 z jedzenia i picia oraz poszcz\u0105 przez trzydzie\u015bci dni w akcie po\u015bwi\u0119cenia, aby m\u00f3c odczu\u0107 b\u00f3l tych, kt\u00f3rzy maj\u0105 mniej szcz\u0119\u015bcia od nich. S\u0105 zach\u0119cani do refleksji nad w\u0142asnymi duszami i nie tylko wzmacniaj\u0105 swoj\u0105 relacj\u0119 z Bogiem, ale tak\u017ce buduj\u0105 silniejsze wi\u0119zi z bli\u017animi.\u00a0<em>Iid-ul-Fitr<\/em>\u00a0oznacza koniec Ramadanu i nowy pocz\u0105tek.\u00a0To \u015bwi\u0119to ma przypomnie\u0107 nam, \u017ce tak jak czuli\u015bmy pragnienie i g\u0142\u00f3d w Ramadanie ze wzgl\u0119du na Allaha, musimy nadal po\u015bwi\u0119ca\u0107 nasze ziemskie wygody, aby z\u0142agodzi\u0107 b\u00f3l i cierpienie otaczaj\u0105cego nas \u015bwiata.\u00a0<em>Iid-ul-Adha <\/em>przychodzi wkr\u00f3tce potem, aby wzmocni\u0107 to poczucie po\u015bwi\u0119cenia i przypomina nam o ofierze Abrahama (as) i Ismaila (as).\u00a0Przypomina nam, \u017ce rezygnacja z naszych ziemskich wyg\u00f3d jest rzeczywi\u015bcie wa\u017cna, ale aby\u015bmy byli prawdziwie oddanymi s\u0142ugami Boga i prawdziwymi muzu\u0142manami, musimy by\u0107 przygotowani do z\u0142o\u017cenia jeszcze wi\u0119kszej ofiary \u2013 ostatecznej ofiary \u2013 kt\u00f3r\u0105 jest gotowo\u015b\u0107 wyt\u0119\u017cenia ca\u0142ej naszej si\u0142y i oddania ka\u017cdej cz\u0105stki naszej istoty, a\u017c do ostatniego tchnienia, aby szuka\u0107 zadowolenia Boga i s\u0142u\u017cy\u0107 ludzko\u015bci \u2013 tak jak Abraham (as) i Ismail (as) byli gotowi po\u015bwi\u0119ci\u0107 ka\u017cd\u0105 cz\u0105stk\u0119 swoich istot i wszystko to, co cenili jako wyraz czystego i bezinteresownego oddania w poszukiwaniu zadowolenia Boga.\u00a0To jest wi\u0119ksza ofiara, kt\u00f3rej uczy nas\u00a0<em>Iid-ul-Adha<\/em>, i w\u0142a\u015bnie dlatego <em>Iid-ul-Adha<\/em>\u00a0lub \u015awi\u0119to Ofiarowania nazywane jest Wi\u0119kszym Iid.<\/p>\n<p>O autorze:\u00a0\u00a0<em>Ayyaz Mahmood Khan jest imamem, kt\u00f3ry sp\u0119dzi\u0142 siedem lat w International Theological College of the Ahmadiyya Muslim Community w Londynie, gdzie studiowa\u0142 orientalne j\u0119zyki: perski, arabski i urdu, a tak\u017ce religie por\u00f3wnawcze, specjalizuj\u0105c si\u0119 w kolonialnej polemice po\u0142udniowoazjatyckiej literatura XIX wieku.\u00a0Ayyaz wyprodukowa\u0142 liczne programy telewizyjne skupiaj\u0105ce si\u0119 na wzajemnym oddzia\u0142ywaniu wsp\u00f3\u0142czesnego spo\u0142ecze\u0144stwa i religii.\u00a0Prowadzi\u0142 wyk\u0142ady na UCL i Imperial College w zakresie szariatu i islamskiej koncepcji kalifatu.<\/em><\/p>\n<p><a href=\"https:\/\/www.reviewofreligions.org\/23897\/eid-a-lesson-in-sacrifice\/#_ednref1\">[1]<\/a>\u00a0Koran 37:103<\/p>\n<p><a href=\"https:\/\/www.reviewofreligions.org\/23897\/eid-a-lesson-in-sacrifice\/#_ednref2\">[2]<\/a> Koran 6:163<\/p>\n","protected":false},"excerpt":{"rendered":"<p>Iid-ul-Adha przychodzi wkr\u00f3tce po Ramadanie, aby wzmocni\u0107 poczucie po\u015bwi\u0119cenia i przypomina nam o ofierze Abrahama (as) i Ismaila (as).\u00a0To jest wi\u0119ksza ofiara, kt\u00f3rej uczy nas\u00a0Iid-ul-Adha, i w\u0142a\u015bnie dlatego Iid-ul-Adha\u00a0lub \u015awi\u0119to Ofiarowania nazywane jest Wi\u0119kszym Iid.<\/p>\n","protected":false},"featured_media":1467,"parent":0,"template":"","tags":[329,330,313,331,132,294],"article-cat":[],"topics":[254],"authors":[328],"content_source":[],"class_list":["post-1463","articles","type-articles","status-publish","has-post-thumbnail","hentry","tag-iid","tag-iid-ul-adha","tag-iid-ul-fitr","tag-poswiecenie","tag-prorok-abraham","tag-ramadan","topics-dogmaty-wiary","authors-ayyaz-mahmood-khan"],"acf":[],"yoast_head":"<!-- This site is optimized with the Yoast SEO Premium plugin v21.1 (Yoast SEO v27.4) - https:\/\/yoast.com\/product\/yoast-seo-premium-wordpress\/ -->\n<title>Iid- lekcja po\u015bwi\u0119cenia - Stowarzyszenie Muzu\u0142ma\u0144skie Ahmadiyya<\/title>\n<meta name=\"description\" content=\"Iid-ul-Adha przychodzi wkr\u00f3tce po Ramadanie, aby wzmocni\u0107 poczucie po\u015bwi\u0119cenia i przypomina nam o ofierze Abrahama (as) i Ismaila (as).\u00a0\" \/>\n<meta name=\"robots\" content=\"index, follow, max-snippet:-1, max-image-preview:large, max-video-preview:-1\" \/>\n<link rel=\"canonical\" href=\"https:\/\/www.ahmadiyya-islam.org\/pl\/artykul\/iid-lekcja-poswiecenia\/\" \/>\n<meta property=\"og:locale\" content=\"pl_PL\" \/>\n<meta property=\"og:type\" content=\"article\" \/>\n<meta property=\"og:title\" content=\"Iid- lekcja po\u015bwi\u0119cenia\" \/>\n<meta property=\"og:description\" content=\"Iid-ul-Adha przychodzi wkr\u00f3tce po Ramadanie, aby wzmocni\u0107 poczucie po\u015bwi\u0119cenia i przypomina nam o ofierze Abrahama (as) i Ismaila (as).\u00a0\" \/>\n<meta property=\"og:url\" content=\"https:\/\/www.ahmadiyya-islam.org\/pl\/artykul\/iid-lekcja-poswiecenia\/\" \/>\n<meta property=\"og:site_name\" content=\"Stowarzyszenie Muzu\u0142ma\u0144skie Ahmadiyya\" \/>\n<meta property=\"article:modified_time\" content=\"2021-07-20T20:13:19+00:00\" \/>\n<meta property=\"og:image\" content=\"https:\/\/www.ahmadiyya-islam.org\/pl\/wp-content\/uploads\/sites\/25\/2021\/07\/Niebieski-Ksiezyc-2020.jpg\" \/>\n\t<meta property=\"og:image:width\" content=\"960\" \/>\n\t<meta property=\"og:image:height\" content=\"640\" \/>\n\t<meta property=\"og:image:type\" content=\"image\/jpeg\" \/>\n<meta name=\"twitter:card\" content=\"summary_large_image\" \/>\n<meta name=\"twitter:label1\" content=\"Szacowany czas czytania\" \/>\n\t<meta name=\"twitter:data1\" content=\"5 minut\" \/>\n<script type=\"application\/ld+json\" class=\"yoast-schema-graph\">{\"@context\":\"https:\\\/\\\/schema.org\",\"@graph\":[{\"@type\":\"WebPage\",\"@id\":\"https:\\\/\\\/www.ahmadiyya-islam.org\\\/pl\\\/artykul\\\/iid-lekcja-poswiecenia\\\/\",\"url\":\"https:\\\/\\\/www.ahmadiyya-islam.org\\\/pl\\\/artykul\\\/iid-lekcja-poswiecenia\\\/\",\"name\":\"Iid- lekcja po\u015bwi\u0119cenia - Stowarzyszenie Muzu\u0142ma\u0144skie Ahmadiyya\",\"isPartOf\":{\"@id\":\"https:\\\/\\\/www.ahmadiyya-islam.org\\\/pl\\\/#website\"},\"primaryImageOfPage\":{\"@id\":\"https:\\\/\\\/www.ahmadiyya-islam.org\\\/pl\\\/artykul\\\/iid-lekcja-poswiecenia\\\/#primaryimage\"},\"image\":{\"@id\":\"https:\\\/\\\/www.ahmadiyya-islam.org\\\/pl\\\/artykul\\\/iid-lekcja-poswiecenia\\\/#primaryimage\"},\"thumbnailUrl\":\"https:\\\/\\\/www.ahmadiyya-islam.org\\\/pl\\\/wp-content\\\/uploads\\\/sites\\\/25\\\/2021\\\/07\\\/Niebieski-Ksiezyc-2020.jpg\",\"datePublished\":\"2021-07-20T17:04:37+00:00\",\"dateModified\":\"2021-07-20T20:13:19+00:00\",\"description\":\"Iid-ul-Adha przychodzi wkr\u00f3tce po Ramadanie, aby wzmocni\u0107 poczucie po\u015bwi\u0119cenia i przypomina nam o ofierze Abrahama (as) i Ismaila (as).\u00a0\",\"breadcrumb\":{\"@id\":\"https:\\\/\\\/www.ahmadiyya-islam.org\\\/pl\\\/artykul\\\/iid-lekcja-poswiecenia\\\/#breadcrumb\"},\"inLanguage\":\"pl-PL\",\"potentialAction\":[{\"@type\":\"ReadAction\",\"target\":[\"https:\\\/\\\/www.ahmadiyya-islam.org\\\/pl\\\/artykul\\\/iid-lekcja-poswiecenia\\\/\"]}]},{\"@type\":\"ImageObject\",\"inLanguage\":\"pl-PL\",\"@id\":\"https:\\\/\\\/www.ahmadiyya-islam.org\\\/pl\\\/artykul\\\/iid-lekcja-poswiecenia\\\/#primaryimage\",\"url\":\"https:\\\/\\\/www.ahmadiyya-islam.org\\\/pl\\\/wp-content\\\/uploads\\\/sites\\\/25\\\/2021\\\/07\\\/Niebieski-Ksiezyc-2020.jpg\",\"contentUrl\":\"https:\\\/\\\/www.ahmadiyya-islam.org\\\/pl\\\/wp-content\\\/uploads\\\/sites\\\/25\\\/2021\\\/07\\\/Niebieski-Ksiezyc-2020.jpg\",\"width\":960,\"height\":640},{\"@type\":\"BreadcrumbList\",\"@id\":\"https:\\\/\\\/www.ahmadiyya-islam.org\\\/pl\\\/artykul\\\/iid-lekcja-poswiecenia\\\/#breadcrumb\",\"itemListElement\":[{\"@type\":\"ListItem\",\"position\":1,\"name\":\"Home\",\"item\":\"https:\\\/\\\/www.ahmadiyya-islam.org\\\/pl\\\/\"},{\"@type\":\"ListItem\",\"position\":2,\"name\":\"Artyku\u0142y\",\"item\":\"https:\\\/\\\/www.ahmadiyya-islam.org\\\/pl\\\/artykul\\\/\"},{\"@type\":\"ListItem\",\"position\":3,\"name\":\"Iid- lekcja po\u015bwi\u0119cenia\"}]},{\"@type\":\"WebSite\",\"@id\":\"https:\\\/\\\/www.ahmadiyya-islam.org\\\/pl\\\/#website\",\"url\":\"https:\\\/\\\/www.ahmadiyya-islam.org\\\/pl\\\/\",\"name\":\"Stowarzyszenie Muzu\u0142ma\u0144skie Ahmadiyya\",\"description\":\"Polska\",\"potentialAction\":[{\"@type\":\"SearchAction\",\"target\":{\"@type\":\"EntryPoint\",\"urlTemplate\":\"https:\\\/\\\/www.ahmadiyya-islam.org\\\/pl\\\/?s={search_term_string}\"},\"query-input\":{\"@type\":\"PropertyValueSpecification\",\"valueRequired\":true,\"valueName\":\"search_term_string\"}}],\"inLanguage\":\"pl-PL\"}]}<\/script>\n<!-- \/ Yoast SEO Premium plugin. -->","yoast_head_json":{"title":"Iid- lekcja po\u015bwi\u0119cenia - Stowarzyszenie Muzu\u0142ma\u0144skie Ahmadiyya","description":"Iid-ul-Adha przychodzi wkr\u00f3tce po Ramadanie, aby wzmocni\u0107 poczucie po\u015bwi\u0119cenia i przypomina nam o ofierze Abrahama (as) i Ismaila (as).\u00a0","robots":{"index":"index","follow":"follow","max-snippet":"max-snippet:-1","max-image-preview":"max-image-preview:large","max-video-preview":"max-video-preview:-1"},"canonical":"https:\/\/www.ahmadiyya-islam.org\/pl\/artykul\/iid-lekcja-poswiecenia\/","og_locale":"pl_PL","og_type":"article","og_title":"Iid- lekcja po\u015bwi\u0119cenia","og_description":"Iid-ul-Adha przychodzi wkr\u00f3tce po Ramadanie, aby wzmocni\u0107 poczucie po\u015bwi\u0119cenia i przypomina nam o ofierze Abrahama (as) i Ismaila (as).\u00a0","og_url":"https:\/\/www.ahmadiyya-islam.org\/pl\/artykul\/iid-lekcja-poswiecenia\/","og_site_name":"Stowarzyszenie Muzu\u0142ma\u0144skie Ahmadiyya","article_modified_time":"2021-07-20T20:13:19+00:00","og_image":[{"width":960,"height":640,"url":"https:\/\/www.ahmadiyya-islam.org\/pl\/wp-content\/uploads\/sites\/25\/2021\/07\/Niebieski-Ksiezyc-2020.jpg","type":"image\/jpeg"}],"twitter_card":"summary_large_image","twitter_misc":{"Szacowany czas czytania":"5 minut"},"schema":{"@context":"https:\/\/schema.org","@graph":[{"@type":"WebPage","@id":"https:\/\/www.ahmadiyya-islam.org\/pl\/artykul\/iid-lekcja-poswiecenia\/","url":"https:\/\/www.ahmadiyya-islam.org\/pl\/artykul\/iid-lekcja-poswiecenia\/","name":"Iid- lekcja po\u015bwi\u0119cenia - Stowarzyszenie Muzu\u0142ma\u0144skie Ahmadiyya","isPartOf":{"@id":"https:\/\/www.ahmadiyya-islam.org\/pl\/#website"},"primaryImageOfPage":{"@id":"https:\/\/www.ahmadiyya-islam.org\/pl\/artykul\/iid-lekcja-poswiecenia\/#primaryimage"},"image":{"@id":"https:\/\/www.ahmadiyya-islam.org\/pl\/artykul\/iid-lekcja-poswiecenia\/#primaryimage"},"thumbnailUrl":"https:\/\/www.ahmadiyya-islam.org\/pl\/wp-content\/uploads\/sites\/25\/2021\/07\/Niebieski-Ksiezyc-2020.jpg","datePublished":"2021-07-20T17:04:37+00:00","dateModified":"2021-07-20T20:13:19+00:00","description":"Iid-ul-Adha przychodzi wkr\u00f3tce po Ramadanie, aby wzmocni\u0107 poczucie po\u015bwi\u0119cenia i przypomina nam o ofierze Abrahama (as) i Ismaila (as).\u00a0","breadcrumb":{"@id":"https:\/\/www.ahmadiyya-islam.org\/pl\/artykul\/iid-lekcja-poswiecenia\/#breadcrumb"},"inLanguage":"pl-PL","potentialAction":[{"@type":"ReadAction","target":["https:\/\/www.ahmadiyya-islam.org\/pl\/artykul\/iid-lekcja-poswiecenia\/"]}]},{"@type":"ImageObject","inLanguage":"pl-PL","@id":"https:\/\/www.ahmadiyya-islam.org\/pl\/artykul\/iid-lekcja-poswiecenia\/#primaryimage","url":"https:\/\/www.ahmadiyya-islam.org\/pl\/wp-content\/uploads\/sites\/25\/2021\/07\/Niebieski-Ksiezyc-2020.jpg","contentUrl":"https:\/\/www.ahmadiyya-islam.org\/pl\/wp-content\/uploads\/sites\/25\/2021\/07\/Niebieski-Ksiezyc-2020.jpg","width":960,"height":640},{"@type":"BreadcrumbList","@id":"https:\/\/www.ahmadiyya-islam.org\/pl\/artykul\/iid-lekcja-poswiecenia\/#breadcrumb","itemListElement":[{"@type":"ListItem","position":1,"name":"Home","item":"https:\/\/www.ahmadiyya-islam.org\/pl\/"},{"@type":"ListItem","position":2,"name":"Artyku\u0142y","item":"https:\/\/www.ahmadiyya-islam.org\/pl\/artykul\/"},{"@type":"ListItem","position":3,"name":"Iid- lekcja po\u015bwi\u0119cenia"}]},{"@type":"WebSite","@id":"https:\/\/www.ahmadiyya-islam.org\/pl\/#website","url":"https:\/\/www.ahmadiyya-islam.org\/pl\/","name":"Stowarzyszenie Muzu\u0142ma\u0144skie Ahmadiyya","description":"Polska","potentialAction":[{"@type":"SearchAction","target":{"@type":"EntryPoint","urlTemplate":"https:\/\/www.ahmadiyya-islam.org\/pl\/?s={search_term_string}"},"query-input":{"@type":"PropertyValueSpecification","valueRequired":true,"valueName":"search_term_string"}}],"inLanguage":"pl-PL"}]}},"_links":{"self":[{"href":"https:\/\/www.ahmadiyya-islam.org\/pl\/wp-json\/wp\/v2\/articles\/1463","targetHints":{"allow":["GET"]}}],"collection":[{"href":"https:\/\/www.ahmadiyya-islam.org\/pl\/wp-json\/wp\/v2\/articles"}],"about":[{"href":"https:\/\/www.ahmadiyya-islam.org\/pl\/wp-json\/wp\/v2\/types\/articles"}],"version-history":[{"count":0,"href":"https:\/\/www.ahmadiyya-islam.org\/pl\/wp-json\/wp\/v2\/articles\/1463\/revisions"}],"wp:featuredmedia":[{"embeddable":true,"href":"https:\/\/www.ahmadiyya-islam.org\/pl\/wp-json\/wp\/v2\/media\/1467"}],"wp:attachment":[{"href":"https:\/\/www.ahmadiyya-islam.org\/pl\/wp-json\/wp\/v2\/media?parent=1463"}],"wp:term":[{"taxonomy":"post_tag","embeddable":true,"href":"https:\/\/www.ahmadiyya-islam.org\/pl\/wp-json\/wp\/v2\/tags?post=1463"},{"taxonomy":"article-cat","embeddable":true,"href":"https:\/\/www.ahmadiyya-islam.org\/pl\/wp-json\/wp\/v2\/article-cat?post=1463"},{"taxonomy":"topics","embeddable":true,"href":"https:\/\/www.ahmadiyya-islam.org\/pl\/wp-json\/wp\/v2\/topics?post=1463"},{"taxonomy":"authors","embeddable":true,"href":"https:\/\/www.ahmadiyya-islam.org\/pl\/wp-json\/wp\/v2\/authors?post=1463"},{"taxonomy":"content_source","embeddable":true,"href":"https:\/\/www.ahmadiyya-islam.org\/pl\/wp-json\/wp\/v2\/content_source?post=1463"}],"curies":[{"name":"wp","href":"https:\/\/api.w.org\/{rel}","templated":true}]}}