{"id":1404,"date":"2021-05-05T13:34:29","date_gmt":"2021-05-05T11:34:29","guid":{"rendered":"https:\/\/www.ahmadiyya-islam.org\/pl\/?post_type=articles&#038;p=1404"},"modified":"2021-05-07T17:38:34","modified_gmt":"2021-05-07T15:38:34","slug":"praktyki-obiecanego-mesjasza-as-w-ramadanie","status":"publish","type":"articles","link":"https:\/\/www.ahmadiyya-islam.org\/pl\/artykul\/praktyki-obiecanego-mesjasza-as-w-ramadanie\/","title":{"rendered":"Praktyki Obiecanego Mesjasza\u00a0(as)\u00a0w Ramadanie"},"content":{"rendered":"<p>(Zaczerpni\u0119te z kompilacji narracji zwi\u0105zanych z \u017cyciem Obiecanego Mesjasza\u00a0<sup>(as)<\/sup>\u00a0w\u00a0<em>Sirat-ul-Mahdi<\/em>\u00a0autorstwa Hadhrat Mirza Bashir Ahmad\u00a0<sup>(ra)<\/sup> .<\/p>\n<p>Hadhrat Dr Mir Muhammed Ismail\u00a0(ra)\u00a0spokrewniony z Hadhrat Mirz\u0105 Bashirem Ahmadem\u00a0(ra):<\/p>\n<blockquote><p>\u201eW 1895 roku zdarzy\u0142o mi si\u0119 sp\u0119dzi\u0107 ca\u0142y miesi\u0105c Ramadanu w Qadian i przez ca\u0142y miesi\u0105c ofiarowywa\u0142em <em>Tahad\u017cd\u017cud<\/em> &#8211; czyli <em>Tara\u0142ih<\/em> &#8211; modlitwy za Obiecanym Mesjaszem\u00a0<sup>(as)<\/sup>\u00a0.\u00a0 Hudhur\u00a0<sup>(as) <\/sup>\u00a0mia\u0142 zwyczaj oferowa\u0107\u00a0modlitw\u0119<em> Witr<\/em>\u00a0 w pierwszej cz\u0119\u015bci nocy i osiem\u00a0<em>rak&#8217;aat<\/em>\u00a0[jednostka modlitwy] modlitwy <em>Tahad\u017cd\u017cud<\/em> w dw\u00f3ch cz\u0119\u015bciach w p\u00f3\u017aniejszej cz\u0119\u015bci nocy.<\/p>\n<p>W tym recytowa\u0142 Ayat-ul-Kursi w pierwszym rak&#8217;ah, t.j.:<\/p>\n<p><span class=\"quranic\">\u0627\u064e\u0644\u0644\u0651\u0670\u06c1\u064f \u0644\u064e\u0627 \u0627\u0650\u0644\u0670\u06c1\u064e \u0627\u0650\u0644\u064e\u0651\u0627 \u06be\u064f\u0648\u064e\u00a0\u00a0<\/span><\/p>\n<p style=\"text-align: center\">a\u017c do<\/p>\n<p><span class=\"quranic\">\u00a0\u0648\u064e \u06be\u064f\u0648\u064e \u0627\u0644\u0652\u0639\u064e\u0644\u0650\u06cc\u064f\u0651 \u0627\u0644\u0652\u0639\u064e\u0638\u0650\u06cc\u0652\u0645<\/span><\/p>\n<p>a w drugim\u00a0<em>rak&#8217;ah<\/em>\u00a0recytowa\u0142 sur\u0119 Al-Ikhlas.<\/p>\n<p>Przewa\u017cnie w <em>ruku<\/em> lub <em>sad\u017cda<\/em> recytowa\u0142:<\/p>\n<p><span class=\"quranic\">\u06cc\u064e\u0627 \u062d\u064e\u06cc\u064f\u0651 \u06cc\u064e\u0627 \u0642\u064e\u06cc\u064f\u0651\u0648\u0652\u0645\u064f \u0628\u0650\u0631\u064e\u062d\u0652\u0645\u064e\u062a\u0650\u06a9\u064e \u0627\u064e\u0633\u0652\u062a\u064e\u063a\u0650\u06cc\u0652\u062b<\/span><\/p>\n<p style=\"text-align: center\"><strong>\u201eO \u017cywy i samowystarczalny Bo\u017ce, w Twoim mi\u0142osierdziu szukam pomocy.\u201d<\/strong><\/p>\n<p>Jego spos\u00f3b recytowania tego by\u0142 taki, \u017ce mog\u0142em us\u0142ysze\u0107 jego g\u0142os.\u00a0Co wi\u0119cej, zawsze bra\u0142 udzia\u0142 w <em>Sehri<\/em> bezpo\u015brednio po modlitwie <em>Tahad\u017cd\u017cud<\/em> i op\u00f3\u017ania\u0142 j\u0105 do tego stopnia, \u017ce \u200b\u200bAzan czasami pojawia\u0142 si\u0119 podczas jedzenia.\u2019\u2019<\/p><\/blockquote>\n<p>Hadhrat Mirza Bashir Ahmad\u00a0<sup>(ra)<\/sup>\u00a0doda\u0142 do tego:<\/p>\n<blockquote><p>\u201eChcia\u0142bym wyja\u015bni\u0107, \u017ce udzia\u0142 w\u00a0<em>Sehri<\/em>\u00a0jest dozwolony a\u017c do prze\u0142amania \u015bwitu na wschodnim horyzoncie.\u00a0Udzia\u0142 w\u00a0<em>Sehri<\/em>\u00a0nie ma \u017cadnego zwi\u0105zku z Azanem, poniewa\u017c czas porannego Azanu jest ustalony na podstawie czasu prze\u0142amania \u015bwitu.\u00a0Z tego powodu ludzie najcz\u0119\u015bciej uwa\u017caj\u0105 koniec\u00a0<em>Sehri<\/em>\u00a0 za moment, w kt\u00f3rym zostaje recytowany Azan.\u00a0Poniewa\u017c poranny Azan by\u0142 recytowany niezw\u0142ocznie po prze\u0142amaniu \u015bwitu w Qadian i by\u0107 mo\u017ce, w niekt\u00f3rych przypadkach przez pomy\u0142k\u0119 i nieuwag\u0119, by\u0142 wzywany jeszcze wcze\u015bniej. Obiecany Mesjasz\u00a0<sup>(as)<\/sup>\u00a0najcz\u0119\u015bciej nie przerywa\u0142 posi\u0142ku w czasie Azanu i\u00a0<em>bra\u0142<\/em>\u00a0udzia\u0142 w\u00a0<em>Sehri<\/em> a\u017c do prze\u0142amania \u015bwitu.&#8221;<\/p><\/blockquote>\n<p>Faktem jest, \u017ce w tej sprawie szariat, w \u015bwietle fakt\u00f3w naukowych i percepcji, nie opowiada si\u0119 za wstrzymaniem jedzenia i picia kiedy \u015bwit zostaje prze\u0142amany.\u00a0Raczej nale\u017cy wstrzyma\u0107 jedzenie i picie, gdy pierwsze \u015bwiat\u0142o \u015bwitu staje si\u0119 widoczne dla mas.\u00a0St\u0105d s\u0142owo\u00a0\u062a\u064e\u0628\u064e\u06cc\u064e\u0651\u0646\u064e r\u00f3wnie\u017c wyja\u015bnia t\u0119 spraw\u0119.\u00a0W hadisach zapisano r\u00f3wnie\u017c, \u017ce Prorok\u00a0<sup>(saw)<\/sup>\u00a0powiedzia\u0142:<\/p>\n<blockquote><p><strong>,, Nie przestawaj je\u015b\u0107 i pi\u0107 w czasie Azanu Bilala, a zamiast tego kontynuuj, a\u017c do Azanu \u00a0Ibn-e-Maktum, poniewa\u017c jest niewidomy i wo\u0142a Azan dopiero, kiedy ludzie podnios\u0105 porann\u0105 wrzaw\u0119.&#8221;<\/strong><\/p><\/blockquote>\n<p>Odno\u015bnie diety Hadhrat Mirza Ghulam Ahmada\u00a0<sup>(as)<\/sup>\u00a0, m\u00f3wi si\u0119, \u017ce\u00a0<em>Sehri<\/em>\u00a0 sk\u0142ada\u0142o si\u0119 podczas Ramadanu, zwykle z <em>salan<\/em>\u00a0[danie curry] lub udka kurczaka i\u00a0<em>firni<\/em>\u00a0[indyjskie s\u0142odkie danie].\u00a0Hadhrat Ahmad\u00a0<sup>(as)<\/sup>\u00a0bra\u0142\u00a0<em>paratha<\/em>\u00a0[indyjski sma\u017cony chleb] zamiast\u00a0<em>roti<\/em>\u00a0[p\u0142aski chleb], chocia\u017c zjada\u0142 tylko niewielk\u0105 jego ilo\u015b\u0107.<\/p>\n<p>W okresie kszta\u0142tuj\u0105cych go lat \u017cyj\u0105c w odosobnieniu wykonywa\u0142 wiele \u0107wicze\u0144 duchowych i medytacji.\u00a0Pewnego razu Hadhrat Ahmad\u00a0<sup>(as)<\/sup>\u00a0po\u015bci\u0142 przez sze\u015b\u0107 kolejnych miesi\u0119cy z woli Bo\u017cej.\u00a0W jego \u00a0<em>iftari<\/em> po\u017cywienie stanowi\u0142o zaledwie p\u00f3\u0142 chleba lub nawet mniej.\u00a0Nie jad\u0142 te\u017c <em>Sehri<\/em> i potajemnie podawa\u0142 jedzenie, kt\u00f3re przyje\u017cd\u017ca\u0142o z domu mniej uprzywilejowanym osobom, tak aby domownicy pozostawali nie\u015bwiadomi.\u00a0Jednak jego og\u00f3lne stanowisko by\u0142o takie, \u017ce nie lubi\u0142, aby jego D\u017camaat przeprowadza\u0142 praktyki o takim charakterze i zamiast tego og\u0142osi\u0142 d\u017cihad tego wieku jako s\u0142u\u017cb\u0119 w stosunku do <em>Tabligh <\/em>oraz \u00a0pi\u00f3ro przeciwko przeciwnikom islamu.\u00a0A zatem, je\u015bli my\u015blenie, \u017ce taka osoba pragn\u0119\u0142a przyjemno\u015bci materialnych, nie jest ca\u0142kowit\u0105 niesprawiedliwo\u015bci\u0105, to co ni\u0105 jest?<\/p>\n<p>Hafiz Nur Muhammad Sahib z Faizullah Chak opowiedzia\u0142 Hadhrat Mirza Bashir Ahmadowi\u00a0<sup>(ra),<\/sup>\u00a0\u017ce\u00a0pewnego\u00a0razu w miesi\u0105cu Ramadan kto\u015b zawo\u0142a\u0142 Azan przed jego faktycznym czasem podczas\u00a0<em>Sehri<\/em>\u00a0.\u00a0Obiecany Mesjasz\u00a0<sup>(as)<\/sup>\u00a0wszed\u0142 do meczetu i powiedzia\u0142:<\/p>\n<blockquote><p>\u201eW\u0142a\u015bnie podnios\u0142em do ust szklank\u0119 mleka, kiedy us\u0142ysza\u0142em wezwanie Azanu.\u00a0Z tego powodu odstawiam szklank\u0119 w tej samej chwili. \u201d<\/p><\/blockquote>\n<p>Kto\u015b pokornie powiedzia\u0142:<\/p>\n<blockquote><p>\u201eHudur, jeszcze jest czas na jedzenie i picie\u201d.<\/p><\/blockquote>\n<p>Odpowiedzia\u0142:<\/p>\n<blockquote><p>\u201eNie chc\u0119 uczestniczy\u0107 w niczym po Azanie.\u201d<\/p><\/blockquote>\n<p>Hadhrat Mirza Bashir Ahmad\u00a0<sup>(ra)<\/sup>\u00a0 odnosz\u0105c si\u0119 do tej narracji, powiedzia\u0142:<\/p>\n<blockquote><p>\u201eChcia\u0142bym doda\u0107, \u017ce je\u015bli ta narracja jest autentyczna, to Hudhur\u00a0<sup>(as)<\/sup>\u00a0podj\u0105\u0142 przy tej szczeg\u00f3lnej okazji \u015brodki ostro\u017cno\u015bci dla siebie samego.\u00a0Praktyka Obiecanego Mesjasza\u00a0<sup>(as)<\/sup>\u00a0polega\u0142a na tym, \u017ce nie szacowa\u0142 czasu [ ko\u0144ca\u00a0<em>Sehri<\/em>\u00a0] na podstawie Azanu, ale na podstawie pojawienie si\u0119 prze\u0142amania \u015bwitu.\u00a0W zwi\u0105zku z tym przylgn\u0105\u0142 r\u00f3wnie\u017c do stanowiska, \u017ce \u200b\u200b\u015bwit powinien by\u0107 wyra\u017anie zamanifestowany, tak jak jest to celem wersetu Koranu.\u00a0Jednak\u017ce zdaniem uczonego\u00a0<em>fat\u0142a<\/em>\u00a0[islamski werdykt] i\u00a0<em>taq\u0142a<\/em>\u00a0[prawo\u015b\u0107] to dwie bardzo r\u00f3\u017cne sprawy. \u201d<\/p><\/blockquote>\n","protected":false},"excerpt":{"rendered":"<p>Modlitwa Tahad\u017cd\u017cud i Tara\u0142ih Obiecanego Mesjasza(as) w czasie Ramadanu | Pocz\u0105tek i koniec Sehri | Okre\u015blenie pocz\u0105tku postu &#8211; prze\u0142amanie \u015bwitu |<\/p>\n","protected":false},"featured_media":1411,"parent":0,"template":"","tags":[310,117,294,203,287],"article-cat":[7],"topics":[4,97,255,6],"authors":[],"content_source":[],"class_list":["post-1404","articles","type-articles","status-publish","has-post-thumbnail","hentry","tag-azan","tag-post","tag-ramadan","tag-tahazzud","tag-taralih","article-cat-artykuly","topics-ahmadiyya","topics-obiecany-mesjasz-i-mahdi-as","topics-post","topics-ramadan"],"acf":[],"yoast_head":"<!-- This site is optimized with the Yoast SEO Premium plugin v21.1 (Yoast SEO v27.4) - https:\/\/yoast.com\/product\/yoast-seo-premium-wordpress\/ -->\n<title>Praktyki Obiecanego Mesjasza\u00a0(as)\u00a0w Ramadanie - Islam Ahmadiyya<\/title>\n<meta name=\"description\" content=\"Modlitwa Tahad\u017cd\u017cud i Tara\u0142ih Obiecanego Mesjasza(as) w czasie Ramadanu | Pocz\u0105tek i koniec Sehri | Okre\u015blenie pocz\u0105tku postu - prze\u0142amanie \u015bwitu |\" \/>\n<meta name=\"robots\" content=\"index, follow, max-snippet:-1, max-image-preview:large, max-video-preview:-1\" \/>\n<link rel=\"canonical\" href=\"https:\/\/www.ahmadiyya-islam.org\/pl\/artykul\/praktyki-obiecanego-mesjasza-as-w-ramadanie\/\" \/>\n<meta property=\"og:locale\" content=\"pl_PL\" \/>\n<meta property=\"og:type\" content=\"article\" \/>\n<meta property=\"og:title\" content=\"Praktyki Obiecanego Mesjasza\u00a0(as)\u00a0w Ramadanie\" \/>\n<meta property=\"og:description\" content=\"Modlitwa Tahad\u017cd\u017cud i Tara\u0142ih Obiecanego Mesjasza(as) w czasie Ramadanu | Pocz\u0105tek i koniec Sehri | Okre\u015blenie pocz\u0105tku postu - prze\u0142amanie \u015bwitu |\" \/>\n<meta property=\"og:url\" content=\"https:\/\/www.ahmadiyya-islam.org\/pl\/artykul\/praktyki-obiecanego-mesjasza-as-w-ramadanie\/\" \/>\n<meta property=\"og:site_name\" content=\"Stowarzyszenie Muzu\u0142ma\u0144skie Ahmadiyya\" \/>\n<meta property=\"article:modified_time\" content=\"2021-05-07T15:38:34+00:00\" \/>\n<meta property=\"og:image\" content=\"https:\/\/www.ahmadiyya-islam.org\/pl\/wp-content\/uploads\/sites\/25\/2021\/05\/Messiah123.jpg\" \/>\n\t<meta property=\"og:image:width\" content=\"443\" \/>\n\t<meta property=\"og:image:height\" content=\"638\" \/>\n\t<meta property=\"og:image:type\" content=\"image\/jpeg\" \/>\n<meta name=\"twitter:card\" content=\"summary_large_image\" \/>\n<meta name=\"twitter:label1\" content=\"Szacowany czas czytania\" \/>\n\t<meta name=\"twitter:data1\" content=\"3 minuty\" \/>\n<script type=\"application\/ld+json\" class=\"yoast-schema-graph\">{\"@context\":\"https:\\\/\\\/schema.org\",\"@graph\":[{\"@type\":\"WebPage\",\"@id\":\"https:\\\/\\\/www.ahmadiyya-islam.org\\\/pl\\\/artykul\\\/praktyki-obiecanego-mesjasza-as-w-ramadanie\\\/\",\"url\":\"https:\\\/\\\/www.ahmadiyya-islam.org\\\/pl\\\/artykul\\\/praktyki-obiecanego-mesjasza-as-w-ramadanie\\\/\",\"name\":\"Praktyki Obiecanego Mesjasza\u00a0(as)\u00a0w Ramadanie - Islam Ahmadiyya\",\"isPartOf\":{\"@id\":\"https:\\\/\\\/www.ahmadiyya-islam.org\\\/pl\\\/#website\"},\"primaryImageOfPage\":{\"@id\":\"https:\\\/\\\/www.ahmadiyya-islam.org\\\/pl\\\/artykul\\\/praktyki-obiecanego-mesjasza-as-w-ramadanie\\\/#primaryimage\"},\"image\":{\"@id\":\"https:\\\/\\\/www.ahmadiyya-islam.org\\\/pl\\\/artykul\\\/praktyki-obiecanego-mesjasza-as-w-ramadanie\\\/#primaryimage\"},\"thumbnailUrl\":\"https:\\\/\\\/www.ahmadiyya-islam.org\\\/pl\\\/wp-content\\\/uploads\\\/sites\\\/25\\\/2021\\\/05\\\/Messiah123.jpg\",\"datePublished\":\"2021-05-05T11:34:29+00:00\",\"dateModified\":\"2021-05-07T15:38:34+00:00\",\"description\":\"Modlitwa Tahad\u017cd\u017cud i Tara\u0142ih Obiecanego Mesjasza(as) w czasie Ramadanu | Pocz\u0105tek i koniec Sehri | Okre\u015blenie pocz\u0105tku postu - prze\u0142amanie \u015bwitu |\",\"breadcrumb\":{\"@id\":\"https:\\\/\\\/www.ahmadiyya-islam.org\\\/pl\\\/artykul\\\/praktyki-obiecanego-mesjasza-as-w-ramadanie\\\/#breadcrumb\"},\"inLanguage\":\"pl-PL\",\"potentialAction\":[{\"@type\":\"ReadAction\",\"target\":[\"https:\\\/\\\/www.ahmadiyya-islam.org\\\/pl\\\/artykul\\\/praktyki-obiecanego-mesjasza-as-w-ramadanie\\\/\"]}]},{\"@type\":\"ImageObject\",\"inLanguage\":\"pl-PL\",\"@id\":\"https:\\\/\\\/www.ahmadiyya-islam.org\\\/pl\\\/artykul\\\/praktyki-obiecanego-mesjasza-as-w-ramadanie\\\/#primaryimage\",\"url\":\"https:\\\/\\\/www.ahmadiyya-islam.org\\\/pl\\\/wp-content\\\/uploads\\\/sites\\\/25\\\/2021\\\/05\\\/Messiah123.jpg\",\"contentUrl\":\"https:\\\/\\\/www.ahmadiyya-islam.org\\\/pl\\\/wp-content\\\/uploads\\\/sites\\\/25\\\/2021\\\/05\\\/Messiah123.jpg\",\"width\":443,\"height\":638,\"caption\":\"Praktyki\u00a0w Ramadanie\"},{\"@type\":\"BreadcrumbList\",\"@id\":\"https:\\\/\\\/www.ahmadiyya-islam.org\\\/pl\\\/artykul\\\/praktyki-obiecanego-mesjasza-as-w-ramadanie\\\/#breadcrumb\",\"itemListElement\":[{\"@type\":\"ListItem\",\"position\":1,\"name\":\"Home\",\"item\":\"https:\\\/\\\/www.ahmadiyya-islam.org\\\/pl\\\/\"},{\"@type\":\"ListItem\",\"position\":2,\"name\":\"Artyku\u0142y\",\"item\":\"https:\\\/\\\/www.ahmadiyya-islam.org\\\/pl\\\/artykul\\\/\"},{\"@type\":\"ListItem\",\"position\":3,\"name\":\"Praktyki Obiecanego Mesjasza\u00a0(as)\u00a0w Ramadanie\"}]},{\"@type\":\"WebSite\",\"@id\":\"https:\\\/\\\/www.ahmadiyya-islam.org\\\/pl\\\/#website\",\"url\":\"https:\\\/\\\/www.ahmadiyya-islam.org\\\/pl\\\/\",\"name\":\"Stowarzyszenie Muzu\u0142ma\u0144skie Ahmadiyya\",\"description\":\"Polska\",\"potentialAction\":[{\"@type\":\"SearchAction\",\"target\":{\"@type\":\"EntryPoint\",\"urlTemplate\":\"https:\\\/\\\/www.ahmadiyya-islam.org\\\/pl\\\/?s={search_term_string}\"},\"query-input\":{\"@type\":\"PropertyValueSpecification\",\"valueRequired\":true,\"valueName\":\"search_term_string\"}}],\"inLanguage\":\"pl-PL\"}]}<\/script>\n<!-- \/ Yoast SEO Premium plugin. -->","yoast_head_json":{"title":"Praktyki Obiecanego Mesjasza\u00a0(as)\u00a0w Ramadanie - Islam Ahmadiyya","description":"Modlitwa Tahad\u017cd\u017cud i Tara\u0142ih Obiecanego Mesjasza(as) w czasie Ramadanu | Pocz\u0105tek i koniec Sehri | Okre\u015blenie pocz\u0105tku postu - prze\u0142amanie \u015bwitu |","robots":{"index":"index","follow":"follow","max-snippet":"max-snippet:-1","max-image-preview":"max-image-preview:large","max-video-preview":"max-video-preview:-1"},"canonical":"https:\/\/www.ahmadiyya-islam.org\/pl\/artykul\/praktyki-obiecanego-mesjasza-as-w-ramadanie\/","og_locale":"pl_PL","og_type":"article","og_title":"Praktyki Obiecanego Mesjasza\u00a0(as)\u00a0w Ramadanie","og_description":"Modlitwa Tahad\u017cd\u017cud i Tara\u0142ih Obiecanego Mesjasza(as) w czasie Ramadanu | Pocz\u0105tek i koniec Sehri | Okre\u015blenie pocz\u0105tku postu - prze\u0142amanie \u015bwitu |","og_url":"https:\/\/www.ahmadiyya-islam.org\/pl\/artykul\/praktyki-obiecanego-mesjasza-as-w-ramadanie\/","og_site_name":"Stowarzyszenie Muzu\u0142ma\u0144skie Ahmadiyya","article_modified_time":"2021-05-07T15:38:34+00:00","og_image":[{"width":443,"height":638,"url":"https:\/\/www.ahmadiyya-islam.org\/pl\/wp-content\/uploads\/sites\/25\/2021\/05\/Messiah123.jpg","type":"image\/jpeg"}],"twitter_card":"summary_large_image","twitter_misc":{"Szacowany czas czytania":"3 minuty"},"schema":{"@context":"https:\/\/schema.org","@graph":[{"@type":"WebPage","@id":"https:\/\/www.ahmadiyya-islam.org\/pl\/artykul\/praktyki-obiecanego-mesjasza-as-w-ramadanie\/","url":"https:\/\/www.ahmadiyya-islam.org\/pl\/artykul\/praktyki-obiecanego-mesjasza-as-w-ramadanie\/","name":"Praktyki Obiecanego Mesjasza\u00a0(as)\u00a0w Ramadanie - Islam Ahmadiyya","isPartOf":{"@id":"https:\/\/www.ahmadiyya-islam.org\/pl\/#website"},"primaryImageOfPage":{"@id":"https:\/\/www.ahmadiyya-islam.org\/pl\/artykul\/praktyki-obiecanego-mesjasza-as-w-ramadanie\/#primaryimage"},"image":{"@id":"https:\/\/www.ahmadiyya-islam.org\/pl\/artykul\/praktyki-obiecanego-mesjasza-as-w-ramadanie\/#primaryimage"},"thumbnailUrl":"https:\/\/www.ahmadiyya-islam.org\/pl\/wp-content\/uploads\/sites\/25\/2021\/05\/Messiah123.jpg","datePublished":"2021-05-05T11:34:29+00:00","dateModified":"2021-05-07T15:38:34+00:00","description":"Modlitwa Tahad\u017cd\u017cud i Tara\u0142ih Obiecanego Mesjasza(as) w czasie Ramadanu | Pocz\u0105tek i koniec Sehri | Okre\u015blenie pocz\u0105tku postu - prze\u0142amanie \u015bwitu |","breadcrumb":{"@id":"https:\/\/www.ahmadiyya-islam.org\/pl\/artykul\/praktyki-obiecanego-mesjasza-as-w-ramadanie\/#breadcrumb"},"inLanguage":"pl-PL","potentialAction":[{"@type":"ReadAction","target":["https:\/\/www.ahmadiyya-islam.org\/pl\/artykul\/praktyki-obiecanego-mesjasza-as-w-ramadanie\/"]}]},{"@type":"ImageObject","inLanguage":"pl-PL","@id":"https:\/\/www.ahmadiyya-islam.org\/pl\/artykul\/praktyki-obiecanego-mesjasza-as-w-ramadanie\/#primaryimage","url":"https:\/\/www.ahmadiyya-islam.org\/pl\/wp-content\/uploads\/sites\/25\/2021\/05\/Messiah123.jpg","contentUrl":"https:\/\/www.ahmadiyya-islam.org\/pl\/wp-content\/uploads\/sites\/25\/2021\/05\/Messiah123.jpg","width":443,"height":638,"caption":"Praktyki\u00a0w Ramadanie"},{"@type":"BreadcrumbList","@id":"https:\/\/www.ahmadiyya-islam.org\/pl\/artykul\/praktyki-obiecanego-mesjasza-as-w-ramadanie\/#breadcrumb","itemListElement":[{"@type":"ListItem","position":1,"name":"Home","item":"https:\/\/www.ahmadiyya-islam.org\/pl\/"},{"@type":"ListItem","position":2,"name":"Artyku\u0142y","item":"https:\/\/www.ahmadiyya-islam.org\/pl\/artykul\/"},{"@type":"ListItem","position":3,"name":"Praktyki Obiecanego Mesjasza\u00a0(as)\u00a0w Ramadanie"}]},{"@type":"WebSite","@id":"https:\/\/www.ahmadiyya-islam.org\/pl\/#website","url":"https:\/\/www.ahmadiyya-islam.org\/pl\/","name":"Stowarzyszenie Muzu\u0142ma\u0144skie Ahmadiyya","description":"Polska","potentialAction":[{"@type":"SearchAction","target":{"@type":"EntryPoint","urlTemplate":"https:\/\/www.ahmadiyya-islam.org\/pl\/?s={search_term_string}"},"query-input":{"@type":"PropertyValueSpecification","valueRequired":true,"valueName":"search_term_string"}}],"inLanguage":"pl-PL"}]}},"_links":{"self":[{"href":"https:\/\/www.ahmadiyya-islam.org\/pl\/wp-json\/wp\/v2\/articles\/1404","targetHints":{"allow":["GET"]}}],"collection":[{"href":"https:\/\/www.ahmadiyya-islam.org\/pl\/wp-json\/wp\/v2\/articles"}],"about":[{"href":"https:\/\/www.ahmadiyya-islam.org\/pl\/wp-json\/wp\/v2\/types\/articles"}],"version-history":[{"count":0,"href":"https:\/\/www.ahmadiyya-islam.org\/pl\/wp-json\/wp\/v2\/articles\/1404\/revisions"}],"wp:featuredmedia":[{"embeddable":true,"href":"https:\/\/www.ahmadiyya-islam.org\/pl\/wp-json\/wp\/v2\/media\/1411"}],"wp:attachment":[{"href":"https:\/\/www.ahmadiyya-islam.org\/pl\/wp-json\/wp\/v2\/media?parent=1404"}],"wp:term":[{"taxonomy":"post_tag","embeddable":true,"href":"https:\/\/www.ahmadiyya-islam.org\/pl\/wp-json\/wp\/v2\/tags?post=1404"},{"taxonomy":"article-cat","embeddable":true,"href":"https:\/\/www.ahmadiyya-islam.org\/pl\/wp-json\/wp\/v2\/article-cat?post=1404"},{"taxonomy":"topics","embeddable":true,"href":"https:\/\/www.ahmadiyya-islam.org\/pl\/wp-json\/wp\/v2\/topics?post=1404"},{"taxonomy":"authors","embeddable":true,"href":"https:\/\/www.ahmadiyya-islam.org\/pl\/wp-json\/wp\/v2\/authors?post=1404"},{"taxonomy":"content_source","embeddable":true,"href":"https:\/\/www.ahmadiyya-islam.org\/pl\/wp-json\/wp\/v2\/content_source?post=1404"}],"curies":[{"name":"wp","href":"https:\/\/api.w.org\/{rel}","templated":true}]}}