{"id":494,"date":"2025-04-21T00:00:14","date_gmt":"2025-04-20T21:00:14","guid":{"rendered":"https:\/\/www.ahmadiyya-islam.org\/lt\/?p=494"},"modified":"2025-12-10T22:50:31","modified_gmt":"2025-12-10T20:50:31","slug":"uzuojautos-pareiskimas-del-popieziaus-pranciskaus-mirties","status":"publish","type":"post","link":"https:\/\/www.ahmadiyya-islam.org\/lt\/2025\/04\/21\/uzuojautos-pareiskimas-del-popieziaus-pranciskaus-mirties\/","title":{"rendered":"U\u017euojautos Parei\u0161kimas d\u0117l Popie\u017eiaus Pranci\u0161kaus Mirties"},"content":{"rendered":"<p>Su giliu li\u016bdesiu su\u017einojau apie Jo \u0160ventenyb\u0117s Popie\u017eiaus Pranci\u0161kaus mirt\u012f. Vis\u0105 savo gyvenim\u0105 Popie\u017eius Pranci\u0161kus siek\u0117 tarnauti vargstantiems ir pa\u017eeid\u017eiamiems, rodydamas did\u017eiul\u0119 u\u017euojaut\u0105 tiems, kurie ken\u010dia nuo karo, persekiojimo ir neteisyb\u0117s na\u0161tos. Jis buvo atjautos, nuolankumo ir tik\u0117jimo \u017emogus, siek\u0119s statyti tiltus tarp skirting\u0173 tik\u0117jim\u0173 ir pa\u017ei\u016br\u0173 \u017emoni\u0173.<\/p>\n<p>Savo Pontifikato metu Popie\u017eius Pranci\u0161kus su \u0161iluma ir malone pri\u0117m\u0117 Ahmadiyya Musulmon\u0173 Bendruomen\u0117s atstovus Vatikane \u2013 u\u017e tai mes visada b\u016bsime d\u0117kingi.<\/p>\n<p>Ahmadiyya Musulmon\u0173 Bendruomen\u0117s vardu rei\u0161kiu nuo\u0161ird\u017ei\u0105 u\u017euojaut\u0105 Katalik\u0173 Ba\u017eny\u010diai ir jos nariams visame pasaulyje.<\/p>\n<p>Pagarbiai,<\/p>\n<p>MIRZA MASROOR AHMAD<br \/>\nKalifatul Masih V<br \/>\nPasaulin\u0117s Ahmadiyya Musulmon\u0173 Bendruomen\u0117s Vadovas<\/p>\n","protected":false},"excerpt":{"rendered":"<p>Su giliu li\u016bdesiu su\u017einojau apie Jo \u0160ventenyb\u0117s Popie\u017eiaus Pranci\u0161kaus mirt\u012f. Vis\u0105 savo gyvenim\u0105 Popie\u017eius Pranci\u0161kus siek\u0117 tarnauti vargstantiems ir pa\u017eeid\u017eiamiems, rodydamas did\u017eiul\u0119 u\u017euojaut\u0105 tiems, kurie ken\u010dia nuo karo, persekiojimo ir neteisyb\u0117s na\u0161tos. Jis buvo atjautos, nuolankumo ir tik\u0117jimo \u017emogus, siek\u0119s statyti tiltus tarp skirting\u0173 tik\u0117jim\u0173 ir pa\u017ei\u016br\u0173 \u017emoni\u0173. Savo Pontifikato metu Popie\u017eius Pranci\u0161kus su \u0161iluma<\/p>\n","protected":false},"author":90,"featured_media":495,"comment_status":"closed","ping_status":"closed","sticky":false,"template":"","format":"standard","meta":{"_acf_changed":false,"footnotes":""},"categories":[20],"tags":[],"authors":[2],"content_source":[],"class_list":["post-494","post","type-post","status-publish","format-standard","has-post-thumbnail","hentry","category-pranesimas-spaudai","authors-hazrat-mirza-masroor-ahmad"],"acf":[],"yoast_head":"<!-- This site is optimized with the Yoast SEO Premium plugin v21.1 (Yoast SEO v27.4) - https:\/\/yoast.com\/product\/yoast-seo-premium-wordpress\/ -->\n<title>U\u017euojautos Parei\u0161kimas d\u0117l Popie\u017eiaus Pranci\u0161kaus Mirties - Asociacija Ahmadija<\/title>\n<meta name=\"robots\" content=\"noindex, follow, max-snippet:-1, max-image-preview:large, max-video-preview:-1\" \/>\n<meta property=\"og:locale\" content=\"lt_LT\" \/>\n<meta property=\"og:type\" content=\"article\" \/>\n<meta property=\"og:title\" content=\"U\u017euojautos Parei\u0161kimas d\u0117l Popie\u017eiaus Pranci\u0161kaus Mirties\" \/>\n<meta property=\"og:description\" content=\"Su giliu li\u016bdesiu su\u017einojau apie Jo \u0160ventenyb\u0117s Popie\u017eiaus Pranci\u0161kaus mirt\u012f. Vis\u0105 savo gyvenim\u0105 Popie\u017eius Pranci\u0161kus siek\u0117 tarnauti vargstantiems ir pa\u017eeid\u017eiamiems, rodydamas did\u017eiul\u0119 u\u017euojaut\u0105 tiems, kurie ken\u010dia nuo karo, persekiojimo ir neteisyb\u0117s na\u0161tos. Jis buvo atjautos, nuolankumo ir tik\u0117jimo \u017emogus, siek\u0119s statyti tiltus tarp skirting\u0173 tik\u0117jim\u0173 ir pa\u017ei\u016br\u0173 \u017emoni\u0173. Savo Pontifikato metu Popie\u017eius Pranci\u0161kus su \u0161iluma\" \/>\n<meta property=\"og:url\" content=\"https:\/\/www.ahmadiyya-islam.org\/lt\/2025\/04\/21\/uzuojautos-pareiskimas-del-popieziaus-pranciskaus-mirties\/\" \/>\n<meta property=\"og:site_name\" content=\"Asociacija Ahmadija\" \/>\n<meta property=\"article:published_time\" content=\"2025-04-20T21:00:14+00:00\" \/>\n<meta property=\"article:modified_time\" content=\"2025-12-10T20:50:31+00:00\" \/>\n<meta property=\"og:image\" content=\"http:\/\/www.ahmadiyya-islam.org\/lt\/wp-content\/uploads\/sites\/29\/2025\/12\/Uzuojautos-Pareiskimas-del-Popieziaus-Pranciskaus-Mirties-e1765389504584.jpg\" \/>\n\t<meta property=\"og:image:width\" content=\"2045\" \/>\n\t<meta property=\"og:image:height\" content=\"1065\" \/>\n\t<meta property=\"og:image:type\" content=\"image\/jpeg\" \/>\n<meta name=\"author\" content=\"Azhar\" \/>\n<meta name=\"twitter:card\" content=\"summary_large_image\" \/>\n<meta name=\"twitter:label1\" content=\"Written by\" \/>\n\t<meta name=\"twitter:data1\" content=\"Azhar\" \/>\n\t<meta name=\"twitter:label2\" content=\"Est. reading time\" \/>\n\t<meta name=\"twitter:data2\" content=\"1 minut\u0117\" \/>\n<script type=\"application\/ld+json\" class=\"yoast-schema-graph\">{\"@context\":\"https:\\\/\\\/schema.org\",\"@graph\":[{\"@type\":\"Article\",\"@id\":\"https:\\\/\\\/www.ahmadiyya-islam.org\\\/lt\\\/2025\\\/04\\\/21\\\/uzuojautos-pareiskimas-del-popieziaus-pranciskaus-mirties\\\/#article\",\"isPartOf\":{\"@id\":\"https:\\\/\\\/www.ahmadiyya-islam.org\\\/lt\\\/2025\\\/04\\\/21\\\/uzuojautos-pareiskimas-del-popieziaus-pranciskaus-mirties\\\/\"},\"author\":{\"name\":\"Azhar\",\"@id\":\"https:\\\/\\\/www.ahmadiyya-islam.org\\\/lt\\\/#\\\/schema\\\/person\\\/eb42b4ebc3b604ebfbf379e568bcdf84\"},\"headline\":\"U\u017euojautos Parei\u0161kimas d\u0117l Popie\u017eiaus Pranci\u0161kaus Mirties\",\"datePublished\":\"2025-04-20T21:00:14+00:00\",\"dateModified\":\"2025-12-10T20:50:31+00:00\",\"mainEntityOfPage\":{\"@id\":\"https:\\\/\\\/www.ahmadiyya-islam.org\\\/lt\\\/2025\\\/04\\\/21\\\/uzuojautos-pareiskimas-del-popieziaus-pranciskaus-mirties\\\/\"},\"wordCount\":140,\"image\":{\"@id\":\"https:\\\/\\\/www.ahmadiyya-islam.org\\\/lt\\\/2025\\\/04\\\/21\\\/uzuojautos-pareiskimas-del-popieziaus-pranciskaus-mirties\\\/#primaryimage\"},\"thumbnailUrl\":\"https:\\\/\\\/www.ahmadiyya-islam.org\\\/lt\\\/wp-content\\\/uploads\\\/sites\\\/29\\\/2025\\\/12\\\/Uzuojautos-Pareiskimas-del-Popieziaus-Pranciskaus-Mirties-e1765389504584.jpg\",\"articleSection\":[\"Prane\u0161imas spaudai\"],\"inLanguage\":\"lt-LT\"},{\"@type\":\"WebPage\",\"@id\":\"https:\\\/\\\/www.ahmadiyya-islam.org\\\/lt\\\/2025\\\/04\\\/21\\\/uzuojautos-pareiskimas-del-popieziaus-pranciskaus-mirties\\\/\",\"url\":\"https:\\\/\\\/www.ahmadiyya-islam.org\\\/lt\\\/2025\\\/04\\\/21\\\/uzuojautos-pareiskimas-del-popieziaus-pranciskaus-mirties\\\/\",\"name\":\"U\u017euojautos Parei\u0161kimas d\u0117l Popie\u017eiaus Pranci\u0161kaus Mirties - Asociacija Ahmadija\",\"isPartOf\":{\"@id\":\"https:\\\/\\\/www.ahmadiyya-islam.org\\\/lt\\\/#website\"},\"primaryImageOfPage\":{\"@id\":\"https:\\\/\\\/www.ahmadiyya-islam.org\\\/lt\\\/2025\\\/04\\\/21\\\/uzuojautos-pareiskimas-del-popieziaus-pranciskaus-mirties\\\/#primaryimage\"},\"image\":{\"@id\":\"https:\\\/\\\/www.ahmadiyya-islam.org\\\/lt\\\/2025\\\/04\\\/21\\\/uzuojautos-pareiskimas-del-popieziaus-pranciskaus-mirties\\\/#primaryimage\"},\"thumbnailUrl\":\"https:\\\/\\\/www.ahmadiyya-islam.org\\\/lt\\\/wp-content\\\/uploads\\\/sites\\\/29\\\/2025\\\/12\\\/Uzuojautos-Pareiskimas-del-Popieziaus-Pranciskaus-Mirties-e1765389504584.jpg\",\"datePublished\":\"2025-04-20T21:00:14+00:00\",\"dateModified\":\"2025-12-10T20:50:31+00:00\",\"author\":{\"@id\":\"https:\\\/\\\/www.ahmadiyya-islam.org\\\/lt\\\/#\\\/schema\\\/person\\\/eb42b4ebc3b604ebfbf379e568bcdf84\"},\"breadcrumb\":{\"@id\":\"https:\\\/\\\/www.ahmadiyya-islam.org\\\/lt\\\/2025\\\/04\\\/21\\\/uzuojautos-pareiskimas-del-popieziaus-pranciskaus-mirties\\\/#breadcrumb\"},\"inLanguage\":\"lt-LT\",\"potentialAction\":[{\"@type\":\"ReadAction\",\"target\":[\"https:\\\/\\\/www.ahmadiyya-islam.org\\\/lt\\\/2025\\\/04\\\/21\\\/uzuojautos-pareiskimas-del-popieziaus-pranciskaus-mirties\\\/\"]}]},{\"@type\":\"ImageObject\",\"inLanguage\":\"lt-LT\",\"@id\":\"https:\\\/\\\/www.ahmadiyya-islam.org\\\/lt\\\/2025\\\/04\\\/21\\\/uzuojautos-pareiskimas-del-popieziaus-pranciskaus-mirties\\\/#primaryimage\",\"url\":\"https:\\\/\\\/www.ahmadiyya-islam.org\\\/lt\\\/wp-content\\\/uploads\\\/sites\\\/29\\\/2025\\\/12\\\/Uzuojautos-Pareiskimas-del-Popieziaus-Pranciskaus-Mirties-e1765389504584.jpg\",\"contentUrl\":\"https:\\\/\\\/www.ahmadiyya-islam.org\\\/lt\\\/wp-content\\\/uploads\\\/sites\\\/29\\\/2025\\\/12\\\/Uzuojautos-Pareiskimas-del-Popieziaus-Pranciskaus-Mirties-e1765389504584.jpg\",\"width\":2045,\"height\":1065},{\"@type\":\"BreadcrumbList\",\"@id\":\"https:\\\/\\\/www.ahmadiyya-islam.org\\\/lt\\\/2025\\\/04\\\/21\\\/uzuojautos-pareiskimas-del-popieziaus-pranciskaus-mirties\\\/#breadcrumb\",\"itemListElement\":[{\"@type\":\"ListItem\",\"position\":1,\"name\":\"Home\",\"item\":\"https:\\\/\\\/www.ahmadiyya-islam.org\\\/lt\\\/\"},{\"@type\":\"ListItem\",\"position\":2,\"name\":\"U\u017euojautos Parei\u0161kimas d\u0117l Popie\u017eiaus Pranci\u0161kaus Mirties\"}]},{\"@type\":\"WebSite\",\"@id\":\"https:\\\/\\\/www.ahmadiyya-islam.org\\\/lt\\\/#website\",\"url\":\"https:\\\/\\\/www.ahmadiyya-islam.org\\\/lt\\\/\",\"name\":\"Asociacija Ahmadija\",\"description\":\"Lietuva\",\"potentialAction\":[{\"@type\":\"SearchAction\",\"target\":{\"@type\":\"EntryPoint\",\"urlTemplate\":\"https:\\\/\\\/www.ahmadiyya-islam.org\\\/lt\\\/?s={search_term_string}\"},\"query-input\":{\"@type\":\"PropertyValueSpecification\",\"valueRequired\":true,\"valueName\":\"search_term_string\"}}],\"inLanguage\":\"lt-LT\"},{\"@type\":\"Person\",\"@id\":\"https:\\\/\\\/www.ahmadiyya-islam.org\\\/lt\\\/#\\\/schema\\\/person\\\/eb42b4ebc3b604ebfbf379e568bcdf84\",\"name\":\"Azhar\",\"image\":{\"@type\":\"ImageObject\",\"inLanguage\":\"lt-LT\",\"@id\":\"https:\\\/\\\/secure.gravatar.com\\\/avatar\\\/878aef115b862147a2ed1f8763a774e632748107a746934975b42cf3d80a9fff?s=96&d=mm&r=g\",\"url\":\"https:\\\/\\\/secure.gravatar.com\\\/avatar\\\/878aef115b862147a2ed1f8763a774e632748107a746934975b42cf3d80a9fff?s=96&d=mm&r=g\",\"contentUrl\":\"https:\\\/\\\/secure.gravatar.com\\\/avatar\\\/878aef115b862147a2ed1f8763a774e632748107a746934975b42cf3d80a9fff?s=96&d=mm&r=g\",\"caption\":\"Azhar\"},\"url\":\"https:\\\/\\\/www.ahmadiyya-islam.org\\\/lt\\\/author\\\/azhar\\\/\"}]}<\/script>\n<!-- \/ Yoast SEO Premium plugin. -->","yoast_head_json":{"title":"U\u017euojautos Parei\u0161kimas d\u0117l Popie\u017eiaus Pranci\u0161kaus Mirties - Asociacija Ahmadija","robots":{"index":"noindex","follow":"follow","max-snippet":"max-snippet:-1","max-image-preview":"max-image-preview:large","max-video-preview":"max-video-preview:-1"},"og_locale":"lt_LT","og_type":"article","og_title":"U\u017euojautos Parei\u0161kimas d\u0117l Popie\u017eiaus Pranci\u0161kaus Mirties","og_description":"Su giliu li\u016bdesiu su\u017einojau apie Jo \u0160ventenyb\u0117s Popie\u017eiaus Pranci\u0161kaus mirt\u012f. Vis\u0105 savo gyvenim\u0105 Popie\u017eius Pranci\u0161kus siek\u0117 tarnauti vargstantiems ir pa\u017eeid\u017eiamiems, rodydamas did\u017eiul\u0119 u\u017euojaut\u0105 tiems, kurie ken\u010dia nuo karo, persekiojimo ir neteisyb\u0117s na\u0161tos. Jis buvo atjautos, nuolankumo ir tik\u0117jimo \u017emogus, siek\u0119s statyti tiltus tarp skirting\u0173 tik\u0117jim\u0173 ir pa\u017ei\u016br\u0173 \u017emoni\u0173. Savo Pontifikato metu Popie\u017eius Pranci\u0161kus su \u0161iluma","og_url":"https:\/\/www.ahmadiyya-islam.org\/lt\/2025\/04\/21\/uzuojautos-pareiskimas-del-popieziaus-pranciskaus-mirties\/","og_site_name":"Asociacija Ahmadija","article_published_time":"2025-04-20T21:00:14+00:00","article_modified_time":"2025-12-10T20:50:31+00:00","og_image":[{"width":2045,"height":1065,"url":"http:\/\/www.ahmadiyya-islam.org\/lt\/wp-content\/uploads\/sites\/29\/2025\/12\/Uzuojautos-Pareiskimas-del-Popieziaus-Pranciskaus-Mirties-e1765389504584.jpg","type":"image\/jpeg"}],"author":"Azhar","twitter_card":"summary_large_image","twitter_misc":{"Written by":"Azhar","Est. reading time":"1 minut\u0117"},"schema":{"@context":"https:\/\/schema.org","@graph":[{"@type":"Article","@id":"https:\/\/www.ahmadiyya-islam.org\/lt\/2025\/04\/21\/uzuojautos-pareiskimas-del-popieziaus-pranciskaus-mirties\/#article","isPartOf":{"@id":"https:\/\/www.ahmadiyya-islam.org\/lt\/2025\/04\/21\/uzuojautos-pareiskimas-del-popieziaus-pranciskaus-mirties\/"},"author":{"name":"Azhar","@id":"https:\/\/www.ahmadiyya-islam.org\/lt\/#\/schema\/person\/eb42b4ebc3b604ebfbf379e568bcdf84"},"headline":"U\u017euojautos Parei\u0161kimas d\u0117l Popie\u017eiaus Pranci\u0161kaus Mirties","datePublished":"2025-04-20T21:00:14+00:00","dateModified":"2025-12-10T20:50:31+00:00","mainEntityOfPage":{"@id":"https:\/\/www.ahmadiyya-islam.org\/lt\/2025\/04\/21\/uzuojautos-pareiskimas-del-popieziaus-pranciskaus-mirties\/"},"wordCount":140,"image":{"@id":"https:\/\/www.ahmadiyya-islam.org\/lt\/2025\/04\/21\/uzuojautos-pareiskimas-del-popieziaus-pranciskaus-mirties\/#primaryimage"},"thumbnailUrl":"https:\/\/www.ahmadiyya-islam.org\/lt\/wp-content\/uploads\/sites\/29\/2025\/12\/Uzuojautos-Pareiskimas-del-Popieziaus-Pranciskaus-Mirties-e1765389504584.jpg","articleSection":["Prane\u0161imas spaudai"],"inLanguage":"lt-LT"},{"@type":"WebPage","@id":"https:\/\/www.ahmadiyya-islam.org\/lt\/2025\/04\/21\/uzuojautos-pareiskimas-del-popieziaus-pranciskaus-mirties\/","url":"https:\/\/www.ahmadiyya-islam.org\/lt\/2025\/04\/21\/uzuojautos-pareiskimas-del-popieziaus-pranciskaus-mirties\/","name":"U\u017euojautos Parei\u0161kimas d\u0117l Popie\u017eiaus Pranci\u0161kaus Mirties - Asociacija Ahmadija","isPartOf":{"@id":"https:\/\/www.ahmadiyya-islam.org\/lt\/#website"},"primaryImageOfPage":{"@id":"https:\/\/www.ahmadiyya-islam.org\/lt\/2025\/04\/21\/uzuojautos-pareiskimas-del-popieziaus-pranciskaus-mirties\/#primaryimage"},"image":{"@id":"https:\/\/www.ahmadiyya-islam.org\/lt\/2025\/04\/21\/uzuojautos-pareiskimas-del-popieziaus-pranciskaus-mirties\/#primaryimage"},"thumbnailUrl":"https:\/\/www.ahmadiyya-islam.org\/lt\/wp-content\/uploads\/sites\/29\/2025\/12\/Uzuojautos-Pareiskimas-del-Popieziaus-Pranciskaus-Mirties-e1765389504584.jpg","datePublished":"2025-04-20T21:00:14+00:00","dateModified":"2025-12-10T20:50:31+00:00","author":{"@id":"https:\/\/www.ahmadiyya-islam.org\/lt\/#\/schema\/person\/eb42b4ebc3b604ebfbf379e568bcdf84"},"breadcrumb":{"@id":"https:\/\/www.ahmadiyya-islam.org\/lt\/2025\/04\/21\/uzuojautos-pareiskimas-del-popieziaus-pranciskaus-mirties\/#breadcrumb"},"inLanguage":"lt-LT","potentialAction":[{"@type":"ReadAction","target":["https:\/\/www.ahmadiyya-islam.org\/lt\/2025\/04\/21\/uzuojautos-pareiskimas-del-popieziaus-pranciskaus-mirties\/"]}]},{"@type":"ImageObject","inLanguage":"lt-LT","@id":"https:\/\/www.ahmadiyya-islam.org\/lt\/2025\/04\/21\/uzuojautos-pareiskimas-del-popieziaus-pranciskaus-mirties\/#primaryimage","url":"https:\/\/www.ahmadiyya-islam.org\/lt\/wp-content\/uploads\/sites\/29\/2025\/12\/Uzuojautos-Pareiskimas-del-Popieziaus-Pranciskaus-Mirties-e1765389504584.jpg","contentUrl":"https:\/\/www.ahmadiyya-islam.org\/lt\/wp-content\/uploads\/sites\/29\/2025\/12\/Uzuojautos-Pareiskimas-del-Popieziaus-Pranciskaus-Mirties-e1765389504584.jpg","width":2045,"height":1065},{"@type":"BreadcrumbList","@id":"https:\/\/www.ahmadiyya-islam.org\/lt\/2025\/04\/21\/uzuojautos-pareiskimas-del-popieziaus-pranciskaus-mirties\/#breadcrumb","itemListElement":[{"@type":"ListItem","position":1,"name":"Home","item":"https:\/\/www.ahmadiyya-islam.org\/lt\/"},{"@type":"ListItem","position":2,"name":"U\u017euojautos Parei\u0161kimas d\u0117l Popie\u017eiaus Pranci\u0161kaus Mirties"}]},{"@type":"WebSite","@id":"https:\/\/www.ahmadiyya-islam.org\/lt\/#website","url":"https:\/\/www.ahmadiyya-islam.org\/lt\/","name":"Asociacija Ahmadija","description":"Lietuva","potentialAction":[{"@type":"SearchAction","target":{"@type":"EntryPoint","urlTemplate":"https:\/\/www.ahmadiyya-islam.org\/lt\/?s={search_term_string}"},"query-input":{"@type":"PropertyValueSpecification","valueRequired":true,"valueName":"search_term_string"}}],"inLanguage":"lt-LT"},{"@type":"Person","@id":"https:\/\/www.ahmadiyya-islam.org\/lt\/#\/schema\/person\/eb42b4ebc3b604ebfbf379e568bcdf84","name":"Azhar","image":{"@type":"ImageObject","inLanguage":"lt-LT","@id":"https:\/\/secure.gravatar.com\/avatar\/878aef115b862147a2ed1f8763a774e632748107a746934975b42cf3d80a9fff?s=96&d=mm&r=g","url":"https:\/\/secure.gravatar.com\/avatar\/878aef115b862147a2ed1f8763a774e632748107a746934975b42cf3d80a9fff?s=96&d=mm&r=g","contentUrl":"https:\/\/secure.gravatar.com\/avatar\/878aef115b862147a2ed1f8763a774e632748107a746934975b42cf3d80a9fff?s=96&d=mm&r=g","caption":"Azhar"},"url":"https:\/\/www.ahmadiyya-islam.org\/lt\/author\/azhar\/"}]}},"_links":{"self":[{"href":"https:\/\/www.ahmadiyya-islam.org\/lt\/wp-json\/wp\/v2\/posts\/494","targetHints":{"allow":["GET"]}}],"collection":[{"href":"https:\/\/www.ahmadiyya-islam.org\/lt\/wp-json\/wp\/v2\/posts"}],"about":[{"href":"https:\/\/www.ahmadiyya-islam.org\/lt\/wp-json\/wp\/v2\/types\/post"}],"author":[{"embeddable":true,"href":"https:\/\/www.ahmadiyya-islam.org\/lt\/wp-json\/wp\/v2\/users\/90"}],"replies":[{"embeddable":true,"href":"https:\/\/www.ahmadiyya-islam.org\/lt\/wp-json\/wp\/v2\/comments?post=494"}],"version-history":[{"count":1,"href":"https:\/\/www.ahmadiyya-islam.org\/lt\/wp-json\/wp\/v2\/posts\/494\/revisions"}],"predecessor-version":[{"id":541,"href":"https:\/\/www.ahmadiyya-islam.org\/lt\/wp-json\/wp\/v2\/posts\/494\/revisions\/541"}],"wp:featuredmedia":[{"embeddable":true,"href":"https:\/\/www.ahmadiyya-islam.org\/lt\/wp-json\/wp\/v2\/media\/495"}],"wp:attachment":[{"href":"https:\/\/www.ahmadiyya-islam.org\/lt\/wp-json\/wp\/v2\/media?parent=494"}],"wp:term":[{"taxonomy":"category","embeddable":true,"href":"https:\/\/www.ahmadiyya-islam.org\/lt\/wp-json\/wp\/v2\/categories?post=494"},{"taxonomy":"post_tag","embeddable":true,"href":"https:\/\/www.ahmadiyya-islam.org\/lt\/wp-json\/wp\/v2\/tags?post=494"},{"taxonomy":"authors","embeddable":true,"href":"https:\/\/www.ahmadiyya-islam.org\/lt\/wp-json\/wp\/v2\/authors?post=494"},{"taxonomy":"content_source","embeddable":true,"href":"https:\/\/www.ahmadiyya-islam.org\/lt\/wp-json\/wp\/v2\/content_source?post=494"}],"curies":[{"name":"wp","href":"https:\/\/api.w.org\/{rel}","templated":true}]}}