{"id":3007,"date":"2026-04-30T16:00:23","date_gmt":"2026-04-30T16:00:23","guid":{"rendered":"https:\/\/www.ahmadiyya-islam.org\/hr\/?p=3007"},"modified":"2026-04-30T16:05:16","modified_gmt":"2026-04-30T16:05:16","slug":"priopcenje-za-javnost-zahtjev-za-ispravak-netocnih-tvrdnji-o-povezanosti-s-organizacijom-aropl","status":"publish","type":"post","link":"https:\/\/www.ahmadiyya-islam.org\/hr\/ahmadija\/priopcenje-za-javnost\/priopcenje-za-javnost-zahtjev-za-ispravak-netocnih-tvrdnji-o-povezanosti-s-organizacijom-aropl\/","title":{"rendered":"Priop\u0107enje za javnost &#8211; zahtjev za ispravak neto\u010dnih tvrdnji o povezanosti s organizacijom AROPL"},"content":{"rendered":"<p>Povodom medijskih izvje\u0161taja o nedavnim policijskim aktivnostima u Ujedinjenom Kraljevstvu, u vezi s organizacijom poznatom kao \u201cAhmadi Religion of Peace and Light&#8221; (AROPL), obavje\u0161tavamo javnost o sljede\u0107em:<\/p>\n<p>Ahmadija muslimanska zajednica ili \u201cAhmadija muslimanski d\u017eamat\u201d (engl. <em>Ahmadiyya Muslim Community<\/em>) kategori\u010dki demantira bilo kakvu povezanost s organizacijom AROPL ili pojedincima koji su predmet istrage britanskih vlasti.<\/p>\n<p>Isti\u010demo da je rije\u010d o potpuno odvojenoj i nepovezanoj skupini koja nema nikakve institucionalne, organizacijske niti doktrinarne veze s Ahmadija muslimanskom zajednicom.<\/p>\n<p><strong><a href=\"https:\/\/www.theguardian.com\/uk-news\/2026\/apr\/29\/crewe-police-raid-ahmadi-religion-peace-light?utm_source=chatgpt.com\">The Guardian<\/a> i <a href=\"https:\/\/www.bbc.com\/news\/articles\/c759n2lnxz0o\">BBC<\/a> su napisali:<\/strong> \u201eAROPL ne treba mije\u0161ati s Ahmadija muslimanskom zajednicom, koja je \u010desto poznata kao Ahmadije, a koja je osnovana na indijskom potkontinentu i ima zna\u010dajnu prisutnost u Ujedinjenom Kraljevstvu.\u201c<\/p>\n<p>Na\u017ealost, \u010dasopis za dru\u0161tvena pitanja i kulturu \u201eBosna\u201c (<a href=\"https:\/\/bosna.hr\/500-policajaca-hapsilo-pripadnike-ahmedija-sekte-koja-djeluje-i-u-bosni-i-hercegovini\/\" target=\"_new\">https:\/\/bosna.hr\/500-policajaca-hapsilo-pripadnike-ahmedija-sekte-koja-djeluje-i-u-bosni-i-hercegovini\/<\/a>) objavio je \u010dlanak koji neto\u010dno sugerira da je Ahmadija muslimanska zajednica povezana s AROPL-om. Prema na\u0161em kratkom istra\u017eivanju, AROPL ne djeluje u Bosni i Hercegovini niti u Hrvatskoj. S druge strane, Ahmadija muslimanska zajednica prisutna je u Bosni i Hercegovini i Hrvatskoj mnogo prije osnivanja AROPL-a na podru\u010dju Bliskog istoka.<\/p>\n<p>Tako\u0111er je \u017ealosno da \u010dlanak objavljen na Bosna.hr koristi klevetni\u010dki jezik prema Ahmadija muslimanskoj zajednici, koja predstavlja vjersku manjinu u Hrvatskoj i Bosni i Hercegovini. Ovakav pristup djeluje posebno problemati\u010dno imaju\u0107i u vidu da je izdava\u010d Bosna.hr, Armin Hod\u017ei\u0107, zastupnik u Hrvatskom saboru i predstavnik nacionalnih manjina u Hrvatskoj, \u010dija je du\u017enost \u0161tititi manjine, a ne \u0161iriti neto\u010dne i \u0161tetne tvrdnje o njima. A pi\u0161e u Impressemu portala \u201c<i>Portal\u00a0je financiran sredstvima Ureda za ljudska prava i prava nacionalnih manjina. <\/i>Zato se nadamo da ovaj portal ne\u0107e dati svoju podr\u0161ku \u0161irenju mr\u017enje. (U nastavku je prilo\u017eeno mejl upu\u0107eno redakciji Bosna.hr)<\/p>\n<p>Svjesni smo da su i <a href=\"https:\/\/www.jutarnji.hr\/vijesti\/svijet\/racija-crewe-webb-house-optuzbe-aropl-moderno-ropstvo-prisilni-brakovi-15703667\">Jutarnji<\/a> list i <a href=\"https:\/\/www.vecernji.hr\/vijesti\/cak-500-policajaca-upalo-u-bazu-misteriozne-sekte-iza-zidova-se-odvijao-pravi-horor-optuzbe-su-mucne-1955715\">Ve\u010dernji<\/a> list objavili \u010dlanke o ovoj policijskoj akciji u Cheshireu, no \u010dini se da nakon odgovaraju\u0107e provjere nisu povezali navedena uhi\u0107enja ni na koji na\u010din s Ahmadija muslimanskom zajednicom u Hrvatskoj.<\/p>\n<p>Pozivamo medije da postupaju odgovorno te da prije objave informacija izvr\u0161e temeljitu provjeru izvora, kako bi se izbjeglo \u0161irenje neto\u010dnih i obmanjuju\u0107ih tvrdnji koje mogu nanijeti \u0161tetu ugledu drugih.<\/p>\n<p>Ahmadija muslimanska zajednica ostaje posve\u0107ena svojim temeljnim na\u010delima: <strong>\u201cLjubav za sve, mr\u017enja ni prema kome.\u201d<\/strong><\/p>\n<p>Ako ste istinski zainteresirani za vjerovanja Ahmadija muslimanske zajednice, pozivamo vas da posjetite na\u0161e slu\u017ebene stranice: <a href=\"http:\/\/www.alislam.hr\" target=\"_new\">www.alislam.hr<\/a>, <a href=\"http:\/\/www.ahmadija.ba\" target=\"_new\">www.ahmadija.ba<\/a> ili na\u0161u me\u0111unarodnu stranicu <a href=\"http:\/\/www.alislam.org\" target=\"_new\">www.alislam.org<\/a>.<\/p>\n<hr \/>\n<p style=\"text-align: center\">E-mail je upu\u0107en redakciji portala Bosna.hr<\/p>\n<p><img loading=\"lazy\" decoding=\"async\" class=\"aligncenter size-medium wp-image-3008\" src=\"http:\/\/www.ahmadiyya-islam.org\/hr\/wp-content\/uploads\/sites\/22\/2026\/04\/Bosna.hr_-300x269.png\" alt=\"\" width=\"300\" height=\"269\" srcset=\"https:\/\/www.ahmadiyya-islam.org\/hr\/wp-content\/uploads\/sites\/22\/2026\/04\/Bosna.hr_-300x269.png 300w, https:\/\/www.ahmadiyya-islam.org\/hr\/wp-content\/uploads\/sites\/22\/2026\/04\/Bosna.hr_-1024x918.png 1024w, https:\/\/www.ahmadiyya-islam.org\/hr\/wp-content\/uploads\/sites\/22\/2026\/04\/Bosna.hr_-768x688.png 768w, https:\/\/www.ahmadiyya-islam.org\/hr\/wp-content\/uploads\/sites\/22\/2026\/04\/Bosna.hr_.png 1360w\" sizes=\"auto, (max-width: 300px) 100vw, 300px\" \/><\/p>\n<p><strong>\u010casopis za dru\u0161tvena pitanja i kulturu \u201eBosna\u201c<br \/>\n<\/strong><strong>www.Bosna.hr<\/strong><\/p>\n<p><em>\u00a0<\/em><strong>Zahtjev za ispravak neto\u010dnih navoda u \u010dlanku<\/strong><\/p>\n<p>Po\u0161tovana redakcijo portala Bosna.hr,<\/p>\n<p>Ahmadija muslimanska zajednica u Hrvatskoj \u017eeli vam skrenuti pozornost na \u010dlanak objavljen na va\u0161em portalu koji neto\u010dno povezuje na\u0161u zajednicu s organizacijom AROPL(<a href=\"https:\/\/bosna.hr\/500-policajaca-hapsilo-pripadnike-ahmedija-sekte-koja-djeluje-i-u-bosni-i-hercegovini\/\">https:\/\/bosna.hr\/500-policajaca-hapsilo-pripadnike-ahmedija-sekte-koja-djeluje-i-u-bosni-i-hercegovini\/<\/a>).<\/p>\n<p>Ljubazno vas molimo da u potpunosti uklonite svako spominjanje Ahmadija muslimanske zajednice (Ahmadija muslimanski d\u017eamat) u kontekstu policijske akcije protiv organizacije AROPL u Cheshireu. O\u010dito je da ove dvije organizacije nisu ni na koji na\u010din povezane.<\/p>\n<p>U drugom dijelu \u010dlanka iznosite svoje vi\u0111enje porijekla Ahmadija muslimanske zajednice, koje je u jasnoj suprotnosti s porijeklom organizacije AROPL. Ve\u0107 iz va\u0161eg vlastitog teksta vidljiva je o\u010dita kontradikcija. Prema na\u0161em kratkom istra\u017eivanju, organizacija AROPL nije prisutna u Hrvatskoj niti u Bosni i Hercegovini.<\/p>\n<p>\u0160to se ti\u010de va\u0161ih stavova o Ahmadija muslimanskoj zajednici u Hrvatskoj, Bosni i Hercegovini ili na me\u0111unarodnoj razini, molimo vas da ne iznosite neutemeljene i neto\u010dne optu\u017ebe. Pozivamo vas da posjetite na\u0161e slu\u017ebene stranice radi to\u010dnih informacija:<a href=\"http:\/\/www.alislam.hr\">www.alislam.hr<\/a> \u2013 <a href=\"http:\/\/www.ahmadija.ba\">www.ahmadija.ba<\/a> \u2013 <a href=\"http:\/\/www.alislam.org\">www.alislam.org<\/a><\/p>\n<p>Tako\u0111er vas obavje\u0161tavamo da je kopija ovog pisma objavljena kao priop\u0107enje za javnost na slu\u017ebenoj stranici <a href=\"http:\/\/www.alislam.hr\">www.alislam.hr<\/a>.<\/p>\n<p>S po\u0161tovanjem,<br \/>\nMunawwar Muhammad Khan<br \/>\nAhmadija muslimanski d\u017eamat u Hrvatskoj<\/p>\n","protected":false},"excerpt":{"rendered":"<p>Povodom medijskih izvje\u0161taja o nedavnim policijskim aktivnostima u Ujedinjenom Kraljevstvu, u vezi s organizacijom poznatom kao \u201cAhmadi Religion of Peace and Light&#8221; (AROPL), obavje\u0161tavamo javnost o sljede\u0107em: Ahmadija muslimanska zajednica ili \u201cAhmadija muslimanski d\u017eamat\u201d (engl. Ahmadiyya Muslim Community) kategori\u010dki demantira bilo kakvu povezanost s organizacijom AROPL ili pojedincima koji su predmet istrage britanskih vlasti. Isti\u010demo<\/p>\n","protected":false},"author":77,"featured_media":3013,"comment_status":"closed","ping_status":"closed","sticky":false,"template":"","format":"standard","meta":{"_acf_changed":false,"footnotes":""},"categories":[272,396],"tags":[35,451],"topics":[20,286,220,397],"authors":[],"geo_locations":[],"content_source":[],"class_list":["post-3007","post","type-post","status-publish","format-standard","has-post-thumbnail","hentry","category-ahmadija","category-priopcenje-za-javnost","tag-ahmadija","tag-bosna-hr","topics-ahmadija","topics-drustvo","topics-pravda","topics-progon"],"acf":[],"yoast_head":"<!-- This site is optimized with the Yoast SEO Premium plugin v21.1 (Yoast SEO v27.4) - https:\/\/yoast.com\/product\/yoast-seo-premium-wordpress\/ -->\n<title>Priop\u0107enje za javnost - zahtjev za ispravak neto\u010dnih tvrdnji o povezanosti s organizacijom AROPL - Ahmadija muslimanski d\u017eamat<\/title>\n<meta name=\"robots\" content=\"index, follow, max-snippet:-1, max-image-preview:large, max-video-preview:-1\" \/>\n<link rel=\"canonical\" href=\"https:\/\/www.ahmadiyya-islam.org\/hr\/ahmadija\/priopcenje-za-javnost\/priopcenje-za-javnost-zahtjev-za-ispravak-netocnih-tvrdnji-o-povezanosti-s-organizacijom-aropl\/\" \/>\n<meta property=\"og:locale\" content=\"hr_HR\" \/>\n<meta property=\"og:type\" content=\"article\" \/>\n<meta property=\"og:title\" content=\"Priop\u0107enje za javnost - zahtjev za ispravak neto\u010dnih tvrdnji o povezanosti s organizacijom AROPL\" \/>\n<meta property=\"og:description\" content=\"Povodom medijskih izvje\u0161taja o nedavnim policijskim aktivnostima u Ujedinjenom Kraljevstvu, u vezi s organizacijom poznatom kao \u201cAhmadi Religion of Peace and Light&#8221; (AROPL), obavje\u0161tavamo javnost o sljede\u0107em: Ahmadija muslimanska zajednica ili \u201cAhmadija muslimanski d\u017eamat\u201d (engl. Ahmadiyya Muslim Community) kategori\u010dki demantira bilo kakvu povezanost s organizacijom AROPL ili pojedincima koji su predmet istrage britanskih vlasti. Isti\u010demo\" \/>\n<meta property=\"og:url\" content=\"https:\/\/www.ahmadiyya-islam.org\/hr\/ahmadija\/priopcenje-za-javnost\/priopcenje-za-javnost-zahtjev-za-ispravak-netocnih-tvrdnji-o-povezanosti-s-organizacijom-aropl\/\" \/>\n<meta property=\"og:site_name\" content=\"Ahmadija muslimanski d\u017eamat\" \/>\n<meta property=\"article:published_time\" content=\"2026-04-30T16:00:23+00:00\" \/>\n<meta property=\"article:modified_time\" content=\"2026-04-30T16:05:16+00:00\" \/>\n<meta property=\"og:image\" content=\"http:\/\/www.ahmadiyya-islam.org\/hr\/wp-content\/uploads\/sites\/22\/2026\/04\/Portal.jpg\" \/>\n\t<meta property=\"og:image:width\" content=\"1500\" \/>\n\t<meta property=\"og:image:height\" content=\"750\" \/>\n\t<meta property=\"og:image:type\" content=\"image\/jpeg\" \/>\n<meta name=\"author\" content=\"ranamunawar\" \/>\n<meta name=\"twitter:card\" content=\"summary_large_image\" \/>\n<meta name=\"twitter:label1\" content=\"Napisao\/la\" \/>\n\t<meta name=\"twitter:data1\" content=\"ranamunawar\" \/>\n\t<meta name=\"twitter:label2\" content=\"Procijenjeno vrijeme \u010ditanja\" \/>\n\t<meta name=\"twitter:data2\" content=\"4 minute\" \/>\n<script type=\"application\/ld+json\" class=\"yoast-schema-graph\">{\"@context\":\"https:\\\/\\\/schema.org\",\"@graph\":[{\"@type\":\"Article\",\"@id\":\"https:\\\/\\\/www.ahmadiyya-islam.org\\\/hr\\\/ahmadija\\\/priopcenje-za-javnost\\\/priopcenje-za-javnost-zahtjev-za-ispravak-netocnih-tvrdnji-o-povezanosti-s-organizacijom-aropl\\\/#article\",\"isPartOf\":{\"@id\":\"https:\\\/\\\/www.ahmadiyya-islam.org\\\/hr\\\/ahmadija\\\/priopcenje-za-javnost\\\/priopcenje-za-javnost-zahtjev-za-ispravak-netocnih-tvrdnji-o-povezanosti-s-organizacijom-aropl\\\/\"},\"author\":{\"name\":\"ranamunawar\",\"@id\":\"https:\\\/\\\/www.ahmadiyya-islam.org\\\/hr\\\/#\\\/schema\\\/person\\\/4d74f28572ca6c7fa65111daa316ed65\"},\"headline\":\"Priop\u0107enje za javnost &#8211; zahtjev za ispravak neto\u010dnih tvrdnji o povezanosti s organizacijom AROPL\",\"datePublished\":\"2026-04-30T16:00:23+00:00\",\"dateModified\":\"2026-04-30T16:05:16+00:00\",\"mainEntityOfPage\":{\"@id\":\"https:\\\/\\\/www.ahmadiyya-islam.org\\\/hr\\\/ahmadija\\\/priopcenje-za-javnost\\\/priopcenje-za-javnost-zahtjev-za-ispravak-netocnih-tvrdnji-o-povezanosti-s-organizacijom-aropl\\\/\"},\"wordCount\":684,\"image\":{\"@id\":\"https:\\\/\\\/www.ahmadiyya-islam.org\\\/hr\\\/ahmadija\\\/priopcenje-za-javnost\\\/priopcenje-za-javnost-zahtjev-za-ispravak-netocnih-tvrdnji-o-povezanosti-s-organizacijom-aropl\\\/#primaryimage\"},\"thumbnailUrl\":\"https:\\\/\\\/www.ahmadiyya-islam.org\\\/hr\\\/wp-content\\\/uploads\\\/sites\\\/22\\\/2026\\\/04\\\/Portal.jpg\",\"keywords\":[\"Ahmadija\",\"Bosna.hr\"],\"articleSection\":[\"Ahmadija\",\"Priop\u0107enje za javnost\"],\"inLanguage\":\"hr\"},{\"@type\":\"WebPage\",\"@id\":\"https:\\\/\\\/www.ahmadiyya-islam.org\\\/hr\\\/ahmadija\\\/priopcenje-za-javnost\\\/priopcenje-za-javnost-zahtjev-za-ispravak-netocnih-tvrdnji-o-povezanosti-s-organizacijom-aropl\\\/\",\"url\":\"https:\\\/\\\/www.ahmadiyya-islam.org\\\/hr\\\/ahmadija\\\/priopcenje-za-javnost\\\/priopcenje-za-javnost-zahtjev-za-ispravak-netocnih-tvrdnji-o-povezanosti-s-organizacijom-aropl\\\/\",\"name\":\"Priop\u0107enje za javnost - zahtjev za ispravak neto\u010dnih tvrdnji o povezanosti s organizacijom AROPL - Ahmadija muslimanski d\u017eamat\",\"isPartOf\":{\"@id\":\"https:\\\/\\\/www.ahmadiyya-islam.org\\\/hr\\\/#website\"},\"primaryImageOfPage\":{\"@id\":\"https:\\\/\\\/www.ahmadiyya-islam.org\\\/hr\\\/ahmadija\\\/priopcenje-za-javnost\\\/priopcenje-za-javnost-zahtjev-za-ispravak-netocnih-tvrdnji-o-povezanosti-s-organizacijom-aropl\\\/#primaryimage\"},\"image\":{\"@id\":\"https:\\\/\\\/www.ahmadiyya-islam.org\\\/hr\\\/ahmadija\\\/priopcenje-za-javnost\\\/priopcenje-za-javnost-zahtjev-za-ispravak-netocnih-tvrdnji-o-povezanosti-s-organizacijom-aropl\\\/#primaryimage\"},\"thumbnailUrl\":\"https:\\\/\\\/www.ahmadiyya-islam.org\\\/hr\\\/wp-content\\\/uploads\\\/sites\\\/22\\\/2026\\\/04\\\/Portal.jpg\",\"datePublished\":\"2026-04-30T16:00:23+00:00\",\"dateModified\":\"2026-04-30T16:05:16+00:00\",\"author\":{\"@id\":\"https:\\\/\\\/www.ahmadiyya-islam.org\\\/hr\\\/#\\\/schema\\\/person\\\/4d74f28572ca6c7fa65111daa316ed65\"},\"breadcrumb\":{\"@id\":\"https:\\\/\\\/www.ahmadiyya-islam.org\\\/hr\\\/ahmadija\\\/priopcenje-za-javnost\\\/priopcenje-za-javnost-zahtjev-za-ispravak-netocnih-tvrdnji-o-povezanosti-s-organizacijom-aropl\\\/#breadcrumb\"},\"inLanguage\":\"hr\",\"potentialAction\":[{\"@type\":\"ReadAction\",\"target\":[\"https:\\\/\\\/www.ahmadiyya-islam.org\\\/hr\\\/ahmadija\\\/priopcenje-za-javnost\\\/priopcenje-za-javnost-zahtjev-za-ispravak-netocnih-tvrdnji-o-povezanosti-s-organizacijom-aropl\\\/\"]}]},{\"@type\":\"ImageObject\",\"inLanguage\":\"hr\",\"@id\":\"https:\\\/\\\/www.ahmadiyya-islam.org\\\/hr\\\/ahmadija\\\/priopcenje-za-javnost\\\/priopcenje-za-javnost-zahtjev-za-ispravak-netocnih-tvrdnji-o-povezanosti-s-organizacijom-aropl\\\/#primaryimage\",\"url\":\"https:\\\/\\\/www.ahmadiyya-islam.org\\\/hr\\\/wp-content\\\/uploads\\\/sites\\\/22\\\/2026\\\/04\\\/Portal.jpg\",\"contentUrl\":\"https:\\\/\\\/www.ahmadiyya-islam.org\\\/hr\\\/wp-content\\\/uploads\\\/sites\\\/22\\\/2026\\\/04\\\/Portal.jpg\",\"width\":1500,\"height\":750},{\"@type\":\"BreadcrumbList\",\"@id\":\"https:\\\/\\\/www.ahmadiyya-islam.org\\\/hr\\\/ahmadija\\\/priopcenje-za-javnost\\\/priopcenje-za-javnost-zahtjev-za-ispravak-netocnih-tvrdnji-o-povezanosti-s-organizacijom-aropl\\\/#breadcrumb\",\"itemListElement\":[{\"@type\":\"ListItem\",\"position\":1,\"name\":\"Home\",\"item\":\"https:\\\/\\\/www.ahmadiyya-islam.org\\\/hr\\\/\"},{\"@type\":\"ListItem\",\"position\":2,\"name\":\"Priop\u0107enje za javnost &#8211; zahtjev za ispravak neto\u010dnih tvrdnji o povezanosti s organizacijom AROPL\"}]},{\"@type\":\"WebSite\",\"@id\":\"https:\\\/\\\/www.ahmadiyya-islam.org\\\/hr\\\/#website\",\"url\":\"https:\\\/\\\/www.ahmadiyya-islam.org\\\/hr\\\/\",\"name\":\"Ahmadija muslimanski d\u017eamat\",\"description\":\"Hrvatska\",\"potentialAction\":[{\"@type\":\"SearchAction\",\"target\":{\"@type\":\"EntryPoint\",\"urlTemplate\":\"https:\\\/\\\/www.ahmadiyya-islam.org\\\/hr\\\/?s={search_term_string}\"},\"query-input\":{\"@type\":\"PropertyValueSpecification\",\"valueRequired\":true,\"valueName\":\"search_term_string\"}}],\"inLanguage\":\"hr\"},{\"@type\":\"Person\",\"@id\":\"https:\\\/\\\/www.ahmadiyya-islam.org\\\/hr\\\/#\\\/schema\\\/person\\\/4d74f28572ca6c7fa65111daa316ed65\",\"name\":\"ranamunawar\",\"url\":\"https:\\\/\\\/www.ahmadiyya-islam.org\\\/hr\\\/author\\\/ranamunawar\\\/\"}]}<\/script>\n<!-- \/ Yoast SEO Premium plugin. -->","yoast_head_json":{"title":"Priop\u0107enje za javnost - zahtjev za ispravak neto\u010dnih tvrdnji o povezanosti s organizacijom AROPL - Ahmadija muslimanski d\u017eamat","robots":{"index":"index","follow":"follow","max-snippet":"max-snippet:-1","max-image-preview":"max-image-preview:large","max-video-preview":"max-video-preview:-1"},"canonical":"https:\/\/www.ahmadiyya-islam.org\/hr\/ahmadija\/priopcenje-za-javnost\/priopcenje-za-javnost-zahtjev-za-ispravak-netocnih-tvrdnji-o-povezanosti-s-organizacijom-aropl\/","og_locale":"hr_HR","og_type":"article","og_title":"Priop\u0107enje za javnost - zahtjev za ispravak neto\u010dnih tvrdnji o povezanosti s organizacijom AROPL","og_description":"Povodom medijskih izvje\u0161taja o nedavnim policijskim aktivnostima u Ujedinjenom Kraljevstvu, u vezi s organizacijom poznatom kao \u201cAhmadi Religion of Peace and Light&#8221; (AROPL), obavje\u0161tavamo javnost o sljede\u0107em: Ahmadija muslimanska zajednica ili \u201cAhmadija muslimanski d\u017eamat\u201d (engl. Ahmadiyya Muslim Community) kategori\u010dki demantira bilo kakvu povezanost s organizacijom AROPL ili pojedincima koji su predmet istrage britanskih vlasti. Isti\u010demo","og_url":"https:\/\/www.ahmadiyya-islam.org\/hr\/ahmadija\/priopcenje-za-javnost\/priopcenje-za-javnost-zahtjev-za-ispravak-netocnih-tvrdnji-o-povezanosti-s-organizacijom-aropl\/","og_site_name":"Ahmadija muslimanski d\u017eamat","article_published_time":"2026-04-30T16:00:23+00:00","article_modified_time":"2026-04-30T16:05:16+00:00","og_image":[{"width":1500,"height":750,"url":"http:\/\/www.ahmadiyya-islam.org\/hr\/wp-content\/uploads\/sites\/22\/2026\/04\/Portal.jpg","type":"image\/jpeg"}],"author":"ranamunawar","twitter_card":"summary_large_image","twitter_misc":{"Napisao\/la":"ranamunawar","Procijenjeno vrijeme \u010ditanja":"4 minute"},"schema":{"@context":"https:\/\/schema.org","@graph":[{"@type":"Article","@id":"https:\/\/www.ahmadiyya-islam.org\/hr\/ahmadija\/priopcenje-za-javnost\/priopcenje-za-javnost-zahtjev-za-ispravak-netocnih-tvrdnji-o-povezanosti-s-organizacijom-aropl\/#article","isPartOf":{"@id":"https:\/\/www.ahmadiyya-islam.org\/hr\/ahmadija\/priopcenje-za-javnost\/priopcenje-za-javnost-zahtjev-za-ispravak-netocnih-tvrdnji-o-povezanosti-s-organizacijom-aropl\/"},"author":{"name":"ranamunawar","@id":"https:\/\/www.ahmadiyya-islam.org\/hr\/#\/schema\/person\/4d74f28572ca6c7fa65111daa316ed65"},"headline":"Priop\u0107enje za javnost &#8211; zahtjev za ispravak neto\u010dnih tvrdnji o povezanosti s organizacijom AROPL","datePublished":"2026-04-30T16:00:23+00:00","dateModified":"2026-04-30T16:05:16+00:00","mainEntityOfPage":{"@id":"https:\/\/www.ahmadiyya-islam.org\/hr\/ahmadija\/priopcenje-za-javnost\/priopcenje-za-javnost-zahtjev-za-ispravak-netocnih-tvrdnji-o-povezanosti-s-organizacijom-aropl\/"},"wordCount":684,"image":{"@id":"https:\/\/www.ahmadiyya-islam.org\/hr\/ahmadija\/priopcenje-za-javnost\/priopcenje-za-javnost-zahtjev-za-ispravak-netocnih-tvrdnji-o-povezanosti-s-organizacijom-aropl\/#primaryimage"},"thumbnailUrl":"https:\/\/www.ahmadiyya-islam.org\/hr\/wp-content\/uploads\/sites\/22\/2026\/04\/Portal.jpg","keywords":["Ahmadija","Bosna.hr"],"articleSection":["Ahmadija","Priop\u0107enje za javnost"],"inLanguage":"hr"},{"@type":"WebPage","@id":"https:\/\/www.ahmadiyya-islam.org\/hr\/ahmadija\/priopcenje-za-javnost\/priopcenje-za-javnost-zahtjev-za-ispravak-netocnih-tvrdnji-o-povezanosti-s-organizacijom-aropl\/","url":"https:\/\/www.ahmadiyya-islam.org\/hr\/ahmadija\/priopcenje-za-javnost\/priopcenje-za-javnost-zahtjev-za-ispravak-netocnih-tvrdnji-o-povezanosti-s-organizacijom-aropl\/","name":"Priop\u0107enje za javnost - zahtjev za ispravak neto\u010dnih tvrdnji o povezanosti s organizacijom AROPL - Ahmadija muslimanski d\u017eamat","isPartOf":{"@id":"https:\/\/www.ahmadiyya-islam.org\/hr\/#website"},"primaryImageOfPage":{"@id":"https:\/\/www.ahmadiyya-islam.org\/hr\/ahmadija\/priopcenje-za-javnost\/priopcenje-za-javnost-zahtjev-za-ispravak-netocnih-tvrdnji-o-povezanosti-s-organizacijom-aropl\/#primaryimage"},"image":{"@id":"https:\/\/www.ahmadiyya-islam.org\/hr\/ahmadija\/priopcenje-za-javnost\/priopcenje-za-javnost-zahtjev-za-ispravak-netocnih-tvrdnji-o-povezanosti-s-organizacijom-aropl\/#primaryimage"},"thumbnailUrl":"https:\/\/www.ahmadiyya-islam.org\/hr\/wp-content\/uploads\/sites\/22\/2026\/04\/Portal.jpg","datePublished":"2026-04-30T16:00:23+00:00","dateModified":"2026-04-30T16:05:16+00:00","author":{"@id":"https:\/\/www.ahmadiyya-islam.org\/hr\/#\/schema\/person\/4d74f28572ca6c7fa65111daa316ed65"},"breadcrumb":{"@id":"https:\/\/www.ahmadiyya-islam.org\/hr\/ahmadija\/priopcenje-za-javnost\/priopcenje-za-javnost-zahtjev-za-ispravak-netocnih-tvrdnji-o-povezanosti-s-organizacijom-aropl\/#breadcrumb"},"inLanguage":"hr","potentialAction":[{"@type":"ReadAction","target":["https:\/\/www.ahmadiyya-islam.org\/hr\/ahmadija\/priopcenje-za-javnost\/priopcenje-za-javnost-zahtjev-za-ispravak-netocnih-tvrdnji-o-povezanosti-s-organizacijom-aropl\/"]}]},{"@type":"ImageObject","inLanguage":"hr","@id":"https:\/\/www.ahmadiyya-islam.org\/hr\/ahmadija\/priopcenje-za-javnost\/priopcenje-za-javnost-zahtjev-za-ispravak-netocnih-tvrdnji-o-povezanosti-s-organizacijom-aropl\/#primaryimage","url":"https:\/\/www.ahmadiyya-islam.org\/hr\/wp-content\/uploads\/sites\/22\/2026\/04\/Portal.jpg","contentUrl":"https:\/\/www.ahmadiyya-islam.org\/hr\/wp-content\/uploads\/sites\/22\/2026\/04\/Portal.jpg","width":1500,"height":750},{"@type":"BreadcrumbList","@id":"https:\/\/www.ahmadiyya-islam.org\/hr\/ahmadija\/priopcenje-za-javnost\/priopcenje-za-javnost-zahtjev-za-ispravak-netocnih-tvrdnji-o-povezanosti-s-organizacijom-aropl\/#breadcrumb","itemListElement":[{"@type":"ListItem","position":1,"name":"Home","item":"https:\/\/www.ahmadiyya-islam.org\/hr\/"},{"@type":"ListItem","position":2,"name":"Priop\u0107enje za javnost &#8211; zahtjev za ispravak neto\u010dnih tvrdnji o povezanosti s organizacijom AROPL"}]},{"@type":"WebSite","@id":"https:\/\/www.ahmadiyya-islam.org\/hr\/#website","url":"https:\/\/www.ahmadiyya-islam.org\/hr\/","name":"Ahmadija muslimanski d\u017eamat","description":"Hrvatska","potentialAction":[{"@type":"SearchAction","target":{"@type":"EntryPoint","urlTemplate":"https:\/\/www.ahmadiyya-islam.org\/hr\/?s={search_term_string}"},"query-input":{"@type":"PropertyValueSpecification","valueRequired":true,"valueName":"search_term_string"}}],"inLanguage":"hr"},{"@type":"Person","@id":"https:\/\/www.ahmadiyya-islam.org\/hr\/#\/schema\/person\/4d74f28572ca6c7fa65111daa316ed65","name":"ranamunawar","url":"https:\/\/www.ahmadiyya-islam.org\/hr\/author\/ranamunawar\/"}]}},"_links":{"self":[{"href":"https:\/\/www.ahmadiyya-islam.org\/hr\/wp-json\/wp\/v2\/posts\/3007","targetHints":{"allow":["GET"]}}],"collection":[{"href":"https:\/\/www.ahmadiyya-islam.org\/hr\/wp-json\/wp\/v2\/posts"}],"about":[{"href":"https:\/\/www.ahmadiyya-islam.org\/hr\/wp-json\/wp\/v2\/types\/post"}],"author":[{"embeddable":true,"href":"https:\/\/www.ahmadiyya-islam.org\/hr\/wp-json\/wp\/v2\/users\/77"}],"replies":[{"embeddable":true,"href":"https:\/\/www.ahmadiyya-islam.org\/hr\/wp-json\/wp\/v2\/comments?post=3007"}],"version-history":[{"count":1,"href":"https:\/\/www.ahmadiyya-islam.org\/hr\/wp-json\/wp\/v2\/posts\/3007\/revisions"}],"predecessor-version":[{"id":3015,"href":"https:\/\/www.ahmadiyya-islam.org\/hr\/wp-json\/wp\/v2\/posts\/3007\/revisions\/3015"}],"wp:featuredmedia":[{"embeddable":true,"href":"https:\/\/www.ahmadiyya-islam.org\/hr\/wp-json\/wp\/v2\/media\/3013"}],"wp:attachment":[{"href":"https:\/\/www.ahmadiyya-islam.org\/hr\/wp-json\/wp\/v2\/media?parent=3007"}],"wp:term":[{"taxonomy":"category","embeddable":true,"href":"https:\/\/www.ahmadiyya-islam.org\/hr\/wp-json\/wp\/v2\/categories?post=3007"},{"taxonomy":"post_tag","embeddable":true,"href":"https:\/\/www.ahmadiyya-islam.org\/hr\/wp-json\/wp\/v2\/tags?post=3007"},{"taxonomy":"topics","embeddable":true,"href":"https:\/\/www.ahmadiyya-islam.org\/hr\/wp-json\/wp\/v2\/topics?post=3007"},{"taxonomy":"authors","embeddable":true,"href":"https:\/\/www.ahmadiyya-islam.org\/hr\/wp-json\/wp\/v2\/authors?post=3007"},{"taxonomy":"geo_locations","embeddable":true,"href":"https:\/\/www.ahmadiyya-islam.org\/hr\/wp-json\/wp\/v2\/geo_locations?post=3007"},{"taxonomy":"content_source","embeddable":true,"href":"https:\/\/www.ahmadiyya-islam.org\/hr\/wp-json\/wp\/v2\/content_source?post=3007"}],"curies":[{"name":"wp","href":"https:\/\/api.w.org\/{rel}","templated":true}]}}