{"id":2994,"date":"2026-03-29T13:20:06","date_gmt":"2026-03-29T13:20:06","guid":{"rendered":"https:\/\/www.ahmadiyya-islam.org\/hr\/?p=2994"},"modified":"2026-03-29T13:20:06","modified_gmt":"2026-03-29T13:20:06","slug":"jedan-globalni-voda-upozoravao-je-na-svjetski-rat-23-godine-ta-je-poruka-bila-podcijenjena-i-sada-smo-na-rubu","status":"publish","type":"post","link":"https:\/\/www.ahmadiyya-islam.org\/hr\/ahmadija\/jedan-globalni-voda-upozoravao-je-na-svjetski-rat-23-godine-ta-je-poruka-bila-podcijenjena-i-sada-smo-na-rubu\/","title":{"rendered":"Jedan globalni vo\u0111a upozoravao je na svjetski rat 23 godine \u2013 ta je poruka bila podcijenjena i sada smo na rubu"},"content":{"rendered":"<p><span style=\"color: #ffffff\"><strong>Jedan globalni vo\u0111a upozoravao je na svjetski rat 23 godine \u2013 ta je poruka bila podcijenjena i sada smo na rubu<\/strong><\/span><\/p>\n<p><span style=\"color: #ffffff\">I<\/span><\/p>\n<p><em>Od 2003. godine, Njegova Svetost Hazreti Mirza Masroor Ahmad, svjetski poglavar Ahmadija muslimanske zajednice, upozorava da svijet ide prema globalnoj katastrofi<\/em><em>.<\/em><\/p>\n<h3><strong><em><a href=\"https:\/\/www.pressahmadiyya.com\/\">Ured za tisak i medije<\/a> Me\u0111unarodnog muslimanskog udru\u017eenja Ahmadija:<\/em><\/strong><\/h3>\n<p>Mo\u017eda nikada nismo bili ovoliko blizu jo\u0161 jednog globalnog rata.<\/p>\n<p>\u201eSada je 85 sekundi do pono\u0107i\u201c, pokazuje <a href=\"https:\/\/thebulletin.org\/doomsday-clock\/2025-statement\/\">Sat Sudnjeg<\/a> dana \u2013 sustav osmi\u0161ljen da prika\u017ee koliko smo blizu apokalipse (pono\u0107i).<\/p>\n<p>Prije samo nekoliko godina svaka sugestija o jo\u0161 jednom svjetskom ratu do\u010dekana je sa skepticizmom. Nije se javno raspravljalo o tome i tako ne\u0161to bilo je nezamislivo. Analiti\u010dari bi rekli da je ekonomski trgovinski rat vjerojatniji i da je na\u010delo MAD-a &#8211; me\u0111usobno osiguranog uni\u0161tenja &#8211; upotrebom nuklearnog oru\u017eja u\u010dinkovito sredstvo odvra\u0107anja. Drugi su smatrali da je svijet nau\u010dio lekcije nakon dvaju u\u017easnih svjetskih ratova, a jo\u0161 jedan je vrlo malo vjerojatan.<\/p>\n<p>U tom kontekstu glasovi zabrinutosti postali su sve glasniji posljednjih godina \u2013 #WW3 bio je <a href=\"https:\/\/www.bbc.com\/news\/blogs-trending-34926892\">popularan na Twitteru<\/a> ve\u0107 2015. Vjerski vo\u0111e i analiti\u010dari sada upozoravaju da se svijet nalazi na rubu nove globalne krize, pa \u010dak i Vatikan poziva na oprez. Papa Lav XIV. oplakivao je povratak diplomaciji sile i <a href=\"https:\/\/www.ewtnnews.com\/vatican\/pope-leo-condemns-zeal-for-war-weak-multilateralism-in-speech-to-diplomats?redirectedfrom=cna\">govorio<\/a> o \u201eratnom \u017earu\u201c koji se \u0161iri me\u0111u narodima, pozivaju\u0107i na dijalog izme\u0111u sukobljenih naroda.<\/p>\n<p>Tijekom proteklih <a href=\"https:\/\/www.reviewofreligions.org\/45504\/a-timeline-of-the-caliphs-unheeded-warnings-the-thorny-path-to-world-war-iii\/\">dvaju desetlje\u0107a<\/a>, niz utjecajnih osoba tako\u0111er je upozoravao na opasnosti s kojima se svijet sada suo\u010dava. Biv\u0161i sovjetski vo\u0111a <a href=\"https:\/\/www.bbc.com\/news\/av\/world-europe-50265870\">Mihail Gorba\u010dov<\/a>, dobitnici Nobelove nagrade za mir, filozofi poput <a href=\"https:\/\/www.youtube.com\/watch?v=7uHGlfeCBbE&amp;t=2s\">Noama Chomskog<\/a> i ekonomisti uklju\u010duju\u0107i <a href=\"https:\/\/singjupost.com\/transcript-jeffrey-sachs-remarks-historic-un-meeting-jan-5-2026\/\">Jeffreyja Sachsa<\/a>, govorili su o rizicima nuklearne eskalacije i rastu\u0107e vjerojatnosti rata velikih razmjera.<\/p>\n<p>Ali nijedan analiti\u010dar ili svjetski vo\u0111a nije bio toliko dosljedan, toliko hitan, toliko otvoren o tome kao Njegova Svetost Hazreti Mirza Masroor Ahmad. Kao svjetski poglavar Ahmadija muslimanske zajednice, koja obuhva\u0107a desetke milijuna sljedbenika diljem svijeta, ve\u0107 gotovo 23 godine upozorava politi\u010dare, medije, civilno dru\u0161tvo i vjerske vo\u0111e na opasnost Tre\u0107eg svjetskog rata.<\/p>\n<p><img loading=\"lazy\" decoding=\"async\" class=\"aligncenter size-full wp-image-2995\" src=\"http:\/\/www.ahmadiyya-islam.org\/hr\/wp-content\/uploads\/sites\/22\/2026\/03\/20161111-201733-2048x905-.jpg\" alt=\"\" width=\"1024\" height=\"453\" srcset=\"https:\/\/www.ahmadiyya-islam.org\/hr\/wp-content\/uploads\/sites\/22\/2026\/03\/20161111-201733-2048x905-.jpg 1024w, https:\/\/www.ahmadiyya-islam.org\/hr\/wp-content\/uploads\/sites\/22\/2026\/03\/20161111-201733-2048x905--300x133.jpg 300w, https:\/\/www.ahmadiyya-islam.org\/hr\/wp-content\/uploads\/sites\/22\/2026\/03\/20161111-201733-2048x905--768x340.jpg 768w\" sizes=\"auto, (max-width: 1024px) 100vw, 1024px\" \/><\/p>\n<h3><strong>Rana upozorenja<\/strong><\/h3>\n<p>Ve\u0107 u svibnju 2003. godine kada je izabran za kalifa i poglavara Ahmadijske muslimanske zajednice, Hazreti Mirza Masroor Ahmad upozorio je na sam trenutak s kojim se danas suo\u010davamo:<\/p>\n<p><strong><em>\u201eOvi incidenti [nuklearnog razaranja] dogodili su se u Drugom svjetskom ratu, \u010dak i kada su te atomske bombe bile malog kapaciteta. Sada su razvijene mnogo sna\u017enije atomske bombe. Iz trenutne situacije u svijetu o\u010dito je da se on u\u017eurbano kre\u0107e prema uni\u0161tenju.\u201c<\/em><\/strong><\/p>\n<p>Ponovno je <a href=\"https:\/\/www.youtube.com\/watch?v=WbvudBQcjWA\">upozorio<\/a> u listopadu iste godine:<\/p>\n<p><strong><em>\u201eAko ne poduzmemo ni\u0161ta, \u010dini se da nema ni\u010dega \u0161to bi moglo zaustaviti uni\u0161tenje prema kojem \u010dovje\u010danstvo ubrzano ide. To uni\u0161tenje bilo bi daleko gore od uni\u0161tenja uzrokovanog Drugim svjetskim ratom.\u201c<\/em><\/strong><\/p>\n<p>Od tada se Njegova Svetost vi\u0161e puta obratila mnogim svjetskim vo\u0111ama i dostojanstvenicima diljem svijeta, pozivaju\u0107i ih da prepoznaju i te\u017einu autoriteta koji imaju, kao i odgovornost koju imaju prema svojim gra\u0111anima. Jasno je dano do znanja da bi neodgovorne i ishitrene odluke svjetskih vo\u0111a mogle uni\u0161titi milijarde \u017eivota diljem svijeta.<\/p>\n<h3><strong>Obra\u0107anje svjetskim parlamentima<\/strong><\/h3>\n<p>Godine 2008., govore\u0107i u britanskom parlamentu, Njegova Svetost obratila se zakonodavcima u vrijeme kada su globalne napetosti rasle, no mogu\u0107nost rata velikih razmjera i dalje je bila uvelike odbacivana. Umjesto da se usredoto\u010di na bilo koju pojedina\u010dnu naciju ili sukob, skrenuo je pozornost na dublje moralne propuste koji tjeraju dru\u0161tva prema nasilju, upozoravaju\u0107i da kada pohlepa dominira politi\u010dkim odlu\u010divanjem, neizbje\u017eno slijede nepravda i iskori\u0161tavanje.<\/p>\n<p>Njegova Svetost je <a href=\"https:\/\/www.youtube.com\/watch?v=jsbfpeZam30&amp;t=18m54s\">rekao<\/a>:<\/p>\n<p><strong><em>\u201eUtvr\u0111ena je \u010dinjenica da pohlepa uzrokuje rast neprijateljstva. Ponekad se manifestira u teritorijalnom \u0161irenju ili oduzimanju prirodnih resursa, ili \u010dak u nametanju superiornosti jednih drugima. To vodi do okrutnosti, bilo da je u rukama nemilosrdnih despota&#8230; ili je u rukama osvaja\u010dke sile.\u201c<\/em><\/strong><\/p>\n<p>U lipnju 2012., Njegova Svetost <a href=\"http:\/\/chrome-extension:\/\/efaidnbmnnnibpcajpcglclefindmkaj\/https:\/\/ahmadiyyauk.org\/wp-content\/uploads\/2017\/10\/capitol_hill__spread_lr1.pdf\">obratila<\/a> se zastupnicima na Capitol Hillu u Washingtonu.<\/p>\n<p><strong><em>\u201eNijedna zemlja ne bi smjela nastojati nepravedno prisvojiti ili preuzeti resurse druge zemlje pod la\u017enim izgovorom da im poku\u0161ava pomo\u0107i ili ih podr\u017eati\u201c, rekao je.<\/em><\/strong><\/p>\n<p><img loading=\"lazy\" decoding=\"async\" class=\"aligncenter size-full wp-image-2997\" src=\"http:\/\/www.ahmadiyya-islam.org\/hr\/wp-content\/uploads\/sites\/22\/2026\/03\/05-Capitol-Hill-1-copy-2048x1930-.jpg\" alt=\"\" width=\"717\" height=\"676\" srcset=\"https:\/\/www.ahmadiyya-islam.org\/hr\/wp-content\/uploads\/sites\/22\/2026\/03\/05-Capitol-Hill-1-copy-2048x1930-.jpg 717w, https:\/\/www.ahmadiyya-islam.org\/hr\/wp-content\/uploads\/sites\/22\/2026\/03\/05-Capitol-Hill-1-copy-2048x1930--300x283.jpg 300w\" sizes=\"auto, (max-width: 717px) 100vw, 717px\" \/><\/p>\n<p>Njegova Svetost upozorila je da \u0107e, ukoliko SAD, kao najmo\u0107nija nacija na svijetu, ne usvoje pravednu politiku, na pomolu biti jo\u0161 jedan razorni svjetski rat:<\/p>\n<p><strong><em>\u201ePosljedice takvog razaranja i ratovanja sigurno \u0107e trajati mnogim generacijama. Stoga bi Sjedinjene Dr\u017eave, kao najve\u0107a svjetska sila, trebale odigrati svoju ulogu djeluju\u0107i s istinskom pravdom i s takvim dobrim namjerama.\u201c<\/em><\/strong><\/p>\n<p>Ova upozorenja ponovljena su u Kanadi, Njema\u010dkoj, Japanu, Singapuru, Australiji, Novom Zelandu i mnogim drugim svjetskim prijestolnicama.<\/p>\n<h3><strong>Neuspjeh Ujedinjenih naroda<\/strong><\/h3>\n<p>U prosincu 2012., tijekom svojeg obra\u0107anja Europskom parlamentu, Njegova Svetost izdala je jasnu poruku o strukturnim nepravdama ugra\u0111enim u me\u0111unarodni sustav. Osporio je moralnu legitimnost prava veta u Ujedinjenim narodima, tvrde\u0107i da se pravda ne mo\u017ee odr\u017eati tamo gdje su mo\u0107ne nacije za\u0161ti\u0107ene od odgovornosti. Skre\u0107u\u0107i pozornost na vlastitu povijest glasanja UN-a, upozorio je da se pravo veta \u010desto zlorabilo kako bi se omogu\u0107ila okrutnost, a ne za\u0161titili potla\u010deni.<\/p>\n<p><img loading=\"lazy\" decoding=\"async\" class=\"aligncenter size-full wp-image-2998\" src=\"http:\/\/www.ahmadiyya-islam.org\/hr\/wp-content\/uploads\/sites\/22\/2026\/03\/20121204_155857_DD0B894B-Enhanced-NR-.jpg\" alt=\"\" width=\"614\" height=\"868\" srcset=\"https:\/\/www.ahmadiyya-islam.org\/hr\/wp-content\/uploads\/sites\/22\/2026\/03\/20121204_155857_DD0B894B-Enhanced-NR-.jpg 614w, https:\/\/www.ahmadiyya-islam.org\/hr\/wp-content\/uploads\/sites\/22\/2026\/03\/20121204_155857_DD0B894B-Enhanced-NR--212x300.jpg 212w, https:\/\/www.ahmadiyya-islam.org\/hr\/wp-content\/uploads\/sites\/22\/2026\/03\/20121204_155857_DD0B894B-Enhanced-NR--200x283.jpg 200w\" sizes=\"auto, (max-width: 614px) 100vw, 614px\" \/><\/p>\n<p>Njegova Svetost je <a href=\"https:\/\/www.youtube.com\/watch?v=nVn2dwIoI4k&amp;t=1777s\">rekao<\/a>:<\/p>\n<p><strong><em>\u201eSamo ako one nacije koje imaju pravo veta u Ujedinjenim narodima shvate da \u0107e biti odgovorne za svoje postupke, pravda se mo\u017ee istinski uspostaviti&#8230; vidjeli smo da je pravo veta, u odre\u0111enim prilikama, zloupotrijebljeno za pomaganje i potpomaganje okrutnosti, umjesto da je sprije\u010di.\u201c<\/em><\/strong><\/p>\n<p>U o\u017eujku 2024., <a href=\"https:\/\/www.pressahmadiyya.com\/press-releases\/2024\/03\/global-muslim-leader-calls-for-ceasefire-in-gaza-and-ukraine-says-privileged-nations-are-wielding-their-veto-like-a-trump-card\/\">govore\u0107i<\/a> na Nacionalnom simpoziju o miru u Ujedinjenom Kraljevstvu, Njegova Svetost izdala je jedno od svojih dosad najo\u0161trijih upozorenja o budu\u0107nosti globalnog upravljanja. S eskalacijom ratova i sve ve\u0107im zanemarivanjem me\u0111unarodnog prava, upozorio je da se kredibilitet Ujedinjenih naroda neprestano naru\u0161ava. Bez istinske reforme i moralnog integriteta, rekao je, UN riskira potpuni kolaps.<\/p>\n<p>Hazreti Mirza Masroor Ahmad je<a href=\"https:\/\/www.pressahmadiyya.com\/press-releases\/2024\/03\/global-muslim-leader-calls-for-ceasefire-in-gaza-and-ukraine-says-privileged-nations-are-wielding-their-veto-like-a-trump-card\/\"> rekao<\/a>:<\/p>\n<p><strong><em>\u201eNa\u017ealost, zbog inherentnog nedostatka pravde, \u010dini se da \u0107e sudbina Ujedinjenih naroda odra\u017eavati sudbinu njihovog neuspjelog prethodnika, Lige naroda. A ako se sustav me\u0111unarodnog prava, koliko god slab bio, potpuno uru\u0161i, rezultiraju\u0107a anarhija i uni\u0161tenje izvan su na\u0161eg shva\u0107anja.\u201c<\/em><\/strong><\/p>\n<p>Njegova o\u0161tra upozorenja poprimila su oblik propovijedi, govora, <a href=\"https:\/\/www.reviewofreligions.org\/6230\/letters-sent-to-world-leaders\/\">pisama<\/a> i osobnih audijencija s onima na najvi\u0161im razinama mo\u0107i.<\/p>\n<p>Godine 2012. Njegova Svetost <a href=\"https:\/\/www.reviewofreligions.org\/6230\/letters-sent-to-world-leaders\/\">pisala<\/a> je izravno vo\u0111ama Izraela, Irana i SAD-a \u2013 nacija koje se sada nalaze u sredi\u0161tu globalne nestabilnosti i eskalacije me\u0111unarodnih napetosti.<\/p>\n<p>Ta su se upozorenja ponovila 2020. godine dok je pandemija Covida zahvatila svijet. U pismima upu\u0107enim 17 svjetskih \u010delnika i \u0161efova dr\u017eava, uklju\u010duju\u0107i Njegovu Svetost Papu Franju i glavnog tajnika UN-a, gospodina Antonia Guterresa, pozvao ih je da koriste svoje platforme kako bi okupili ljude i djelovali za dobrobit \u010dovje\u010danstva.<\/p>\n<h3><strong>Upozorenja odba\u010dena kao \u201epesimisti\u010dna\u201c<\/strong><\/h3>\n<p>Tijekom ve\u0107eg dijela tih godina, ideja o novom svjetskom ratu bila je \u0161iroko odba\u010dena kao nevjerojatna i alarmantna. Gosti su slu\u0161ali dok je Njegova Svetost osobno iznosio ta upozorenja na otvorenjima d\u017eamija, parlamentarnim govorima ili mirovnim simpozijima. Odgovori koje smo dobili bili su da je poruka Njegove Svetosti puna \u201epesimizma\u201c ili \u201enegativizma\u201c. Re\u010deno nam je da je novi svjetski rat malo vjerojatan. Da su takve mogu\u0107nosti nategnute. Pa ipak, danas stojimo na rubu. Ta upozorenja, neko\u0107 odba\u010dena pesimizmom i nevjericom, danas imaju zapanjuju\u0107u va\u017enost.<\/p>\n<h3><strong>Tragedija neposlu\u0161nih upozorenja\u00a0<\/strong><\/h3>\n<p>Nakon vi\u0161e od dvaju desetlje\u0107a upozorenja, govora, pisama i izravne interakcije s onima na vlasti, tragedija nije u tome \u0161to su opasnosti bile nepredvi\u0111ene, ve\u0107 u tome \u0161to su bile ignorirane. Na Nacionalnom mirovnom simpoziju 2023. godine, kada je ruska invazija na Ukrajinu tek navr\u0161ila godinu dana, Njegova Svetost je<a href=\"https:\/\/www.pressahmadiyya.com\/press-releases\/2023\/03\/global-muslim-leader-urges-good-faith-negotiations-as-he-outlines-peace-plan-for-ukraine-as-he-inaugurates-new-complex-of-britains-biggest-mosque-rebuilt-after-fire-in-2015\/\"> rekao<\/a>:<\/p>\n<p><strong><em>\u201eIako smo dugo propovijedali ovu poruku, \u010dini se da je nai\u0161la na &#8216;gluhe u\u0161i&#8217;. Vjerujem da je temeljni razlog to \u0161to se velika ve\u0107ina svijeta okrenula od Svemogu\u0107eg Boga i smatra materijalisti\u010dke dobitke i svjetovne te\u017enje svojim krajnjim ciljem. Zbog takvih ta\u0161tih i pohlepnih te\u017enji \u010dovje\u010danstvo je uvu\u010deno u dva katastrofalna i mu\u010dna svjetska rata tijekom 20. stolje\u0107a. Umjesto da u\u010di iz u\u017easa pro\u0161losti, svijet je ponovno zahva\u0107en ratovima i sukobima.\u201c<\/em><\/strong><\/p>\n<p>Tijekom Simpozija o miru odr\u017eanog u Londonu 2024. godine, dok je bjesnio izraelski rat protiv Gaze, hazreti Mirza Masroor Ahmad <a href=\"https:\/\/www.pressahmadiyya.com\/press-releases\/2023\/03\/global-muslim-leader-urges-good-faith-negotiations-as-he-outlines-peace-plan-for-ukraine-as-he-inaugurates-new-complex-of-britains-biggest-mosque-rebuilt-after-fire-in-2015\/\">ponovio<\/a> je te osje\u0107aje:<\/p>\n<p><strong><em>\u201eDok sam razmi\u0161ljao o dana\u0161njem doga\u0111aju, pitao sam se ima li uop\u0107e smisla da se ponovno okupljamo ovdje. Kakva je korist od toga da govorimo o miru i pravdi ako su oni koji imaju mo\u0107 i sposobnost utjecati na promjene odlu\u010dni da nas ne \u010duju? Surova je stvarnost da \u010dak i one institucije osnovane s primarnim ciljem odr\u017eavanja mira i sigurnosti svijeta postaju sve nebitnije.\u201c<\/em><\/strong><\/p>\n<p><img loading=\"lazy\" decoding=\"async\" class=\"aligncenter size-full wp-image-2999\" src=\"http:\/\/www.ahmadiyya-islam.org\/hr\/wp-content\/uploads\/sites\/22\/2026\/03\/20180317_204443_DF1464F6-1-2048x1423-.jpg\" alt=\"\" width=\"717\" height=\"498\" srcset=\"https:\/\/www.ahmadiyya-islam.org\/hr\/wp-content\/uploads\/sites\/22\/2026\/03\/20180317_204443_DF1464F6-1-2048x1423-.jpg 717w, https:\/\/www.ahmadiyya-islam.org\/hr\/wp-content\/uploads\/sites\/22\/2026\/03\/20180317_204443_DF1464F6-1-2048x1423--300x208.jpg 300w\" sizes=\"auto, (max-width: 717px) 100vw, 717px\" \/><\/p>\n<h3><strong>Jo\u0161 ima vremena \u2013 ali samo 85 sekundi<\/strong><strong>\u00a0<\/strong><\/h3>\n<p>Dalekose\u017ena vizija i predvi\u0111anje Njegove Svetosti sada postaju o\u010diti svima. Ono \u0161to se nekada odbacivalo kao \u201emalo vjerojatno\u201c sada se govori svaki dan. Unato\u010d svim znakovima koji upu\u0107uju na suprotno, i umjesto da bude pesimisti\u010dan, kako se tvrdilo, Njegova Svetost je uvijek nastojala usaditi nadu da se jo\u0161 uvijek mo\u017eemo vratiti boljem svijetu.<\/p>\n<p>Kada je ruska invazija na Ukrajinu zapo\u010dela 2022. godine, Njegova Svetost je<a href=\"https:\/\/www.pressahmadiyya.com\/press-releases\/2022\/02\/statement-of-world-head-of-the-ahmadiyya-muslim-community-regarding-russia-ukraine-crisis\/\"> izjavio<\/a>:<\/p>\n<p><strong><em>\u201eJo\u0161 uvijek ima vremena da se svijet odmakne od ruba katastrofe i stoga, zbog \u010dovje\u010danstva, pozivam Rusiju, NATO i sve velike sile da usmjere sve svoje napore na nastojanje da se sukob deeskalira i da se poradi na mirnom rje\u0161enju putem diplomacije.\u201c<\/em><\/strong><\/p>\n<p>Prije samo nekoliko dana, Njegova Svetost je <a href=\"https:\/\/x.com\/NewsMTA\/status\/2012246303602782504?s=20\">primijetila<\/a> da se \u010dini kao da je tre\u0107i svjetski rat ve\u0107 zapo\u010deo, iako vrhunac tek dolazi. Dok bi se nekada takvi komentari do\u010dekali sa skepticizmom i podsmijehom, danas to nitko ne dovodi u pitanje.<\/p>\n<p>Njegova Svetost Hazreti Mirza Masroor Ahmad oduvijek je bio glas optimisti\u010dnog realizma. Ima vjere u \u010dovje\u010danstvo, ali upozorava na ponavljanje gre\u0161aka iz pro\u0161losti. Ako smo u ranim fazama tre\u0107eg svjetskog rata, kao \u0161to se \u010dini, onda kao vjerska zajednica nemamo mo\u0107 ni utjecaj da ga sprije\u010dimo. U kona\u010dnici, uvijek smo pribjegavali zalaganju za istinsku pravdu i obra\u0107anju Svemogu\u0107em Bogu u molitvi. A ako, ne daj Bo\u017ee, stvari nastave spiralno napredovati, onda \u0107emo nastaviti podsje\u0107ati, nastaviti upozoravati i nastaviti moliti, kako bi barem budu\u0107e generacije poslu\u0161ale upozorenja i u\u010dile iz gre\u0161aka iz pro\u0161losti.<\/p>\n<h3>Povezano:<\/h3>\n<ul>\n<li><a href=\"https:\/\/simpozijmira.hr\/inicijative\/svjetska-kriza-i-put-do-mira\/\">Inicijativa za mir u Hrvatskoj &#8211; Simpozi Mira<\/a><\/li>\n<li><a href=\"https:\/\/humanityfirst.hr\/\">Inicijativa &#8220;u slu\u017ebi \u010dovje\u010danstva&#8221; &#8211; Humanity First HR<\/a><\/li>\n<li><a href=\"https:\/\/www.stopww3.co.uk\/\">Stop WW3<\/a><\/li>\n<\/ul>\n","protected":false},"excerpt":{"rendered":"<p>Jedan globalni vo\u0111a upozoravao je na svjetski rat 23 godine \u2013 ta je poruka bila podcijenjena i sada smo na rubu I Od 2003. godine, Njegova Svetost Hazreti Mirza Masroor Ahmad, svjetski poglavar Ahmadija muslimanske zajednice, upozorava da svijet ide prema globalnoj katastrofi. Ured za tisak i medije Me\u0111unarodnog muslimanskog udru\u017eenja Ahmadija: Mo\u017eda nikada nismo<\/p>\n","protected":false},"author":77,"featured_media":3000,"comment_status":"closed","ping_status":"closed","sticky":false,"template":"","format":"standard","meta":{"_acf_changed":false,"footnotes":""},"categories":[272,396],"tags":[143,72,144,450],"topics":[345,420,221],"authors":[],"geo_locations":[],"content_source":[],"class_list":["post-2994","post","type-post","status-publish","format-standard","has-post-thumbnail","hentry","category-ahmadija","category-priopcenje-za-javnost","tag-mir","tag-rat","tag-svijetski-rat","tag-ww3","topics-politika","topics-simpozij-mira","topics-svijet-u-krizi"],"acf":[],"yoast_head":"<!-- This site is optimized with the Yoast SEO Premium plugin v21.1 (Yoast SEO v27.4) - https:\/\/yoast.com\/product\/yoast-seo-premium-wordpress\/ -->\n<title>Jedan globalni vo\u0111a upozoravao je na svjetski rat 23 godine \u2013 i sada smo na rubu<\/title>\n<meta name=\"description\" content=\"Mo\u017eda nikada nismo bili ovoliko blizu jo\u0161 jednog globalnog rata.\u00a0\u201eSada je 85 sekundi do pono\u0107i\u201c, pokazuje Sat Sudnjeg dana.\" \/>\n<meta name=\"robots\" content=\"index, follow, max-snippet:-1, max-image-preview:large, max-video-preview:-1\" \/>\n<link rel=\"canonical\" href=\"https:\/\/www.ahmadiyya-islam.org\/hr\/ahmadija\/jedan-globalni-voda-upozoravao-je-na-svjetski-rat-23-godine-ta-je-poruka-bila-podcijenjena-i-sada-smo-na-rubu\/\" \/>\n<meta property=\"og:locale\" content=\"hr_HR\" \/>\n<meta property=\"og:type\" content=\"article\" \/>\n<meta property=\"og:title\" content=\"Jedan globalni vo\u0111a upozoravao je na svjetski rat 23 godine \u2013 ta je poruka bila podcijenjena i sada smo na rubu\" \/>\n<meta property=\"og:description\" content=\"Mo\u017eda nikada nismo bili ovoliko blizu jo\u0161 jednog globalnog rata.\u00a0\u201eSada je 85 sekundi do pono\u0107i\u201c, pokazuje Sat Sudnjeg dana.\" \/>\n<meta property=\"og:url\" content=\"https:\/\/www.ahmadiyya-islam.org\/hr\/ahmadija\/jedan-globalni-voda-upozoravao-je-na-svjetski-rat-23-godine-ta-je-poruka-bila-podcijenjena-i-sada-smo-na-rubu\/\" \/>\n<meta property=\"og:site_name\" content=\"Ahmadija muslimanski d\u017eamat\" \/>\n<meta property=\"article:published_time\" content=\"2026-03-29T13:20:06+00:00\" \/>\n<meta property=\"og:image\" content=\"http:\/\/www.ahmadiyya-islam.org\/hr\/wp-content\/uploads\/sites\/22\/2026\/03\/WW3.jpg\" \/>\n\t<meta property=\"og:image:width\" content=\"1500\" \/>\n\t<meta property=\"og:image:height\" content=\"750\" \/>\n\t<meta property=\"og:image:type\" content=\"image\/jpeg\" \/>\n<meta name=\"author\" content=\"ranamunawar\" \/>\n<meta name=\"twitter:card\" content=\"summary_large_image\" \/>\n<meta name=\"twitter:label1\" content=\"Napisao\/la\" \/>\n\t<meta name=\"twitter:data1\" content=\"ranamunawar\" \/>\n\t<meta name=\"twitter:label2\" content=\"Procijenjeno vrijeme \u010ditanja\" \/>\n\t<meta name=\"twitter:data2\" content=\"10 minuta\" \/>\n<script type=\"application\/ld+json\" class=\"yoast-schema-graph\">{\"@context\":\"https:\\\/\\\/schema.org\",\"@graph\":[{\"@type\":\"Article\",\"@id\":\"https:\\\/\\\/www.ahmadiyya-islam.org\\\/hr\\\/ahmadija\\\/jedan-globalni-voda-upozoravao-je-na-svjetski-rat-23-godine-ta-je-poruka-bila-podcijenjena-i-sada-smo-na-rubu\\\/#article\",\"isPartOf\":{\"@id\":\"https:\\\/\\\/www.ahmadiyya-islam.org\\\/hr\\\/ahmadija\\\/jedan-globalni-voda-upozoravao-je-na-svjetski-rat-23-godine-ta-je-poruka-bila-podcijenjena-i-sada-smo-na-rubu\\\/\"},\"author\":{\"name\":\"ranamunawar\",\"@id\":\"https:\\\/\\\/www.ahmadiyya-islam.org\\\/hr\\\/#\\\/schema\\\/person\\\/4d74f28572ca6c7fa65111daa316ed65\"},\"headline\":\"Jedan globalni vo\u0111a upozoravao je na svjetski rat 23 godine \u2013 ta je poruka bila podcijenjena i sada smo na rubu\",\"datePublished\":\"2026-03-29T13:20:06+00:00\",\"mainEntityOfPage\":{\"@id\":\"https:\\\/\\\/www.ahmadiyya-islam.org\\\/hr\\\/ahmadija\\\/jedan-globalni-voda-upozoravao-je-na-svjetski-rat-23-godine-ta-je-poruka-bila-podcijenjena-i-sada-smo-na-rubu\\\/\"},\"wordCount\":1783,\"image\":{\"@id\":\"https:\\\/\\\/www.ahmadiyya-islam.org\\\/hr\\\/ahmadija\\\/jedan-globalni-voda-upozoravao-je-na-svjetski-rat-23-godine-ta-je-poruka-bila-podcijenjena-i-sada-smo-na-rubu\\\/#primaryimage\"},\"thumbnailUrl\":\"https:\\\/\\\/www.ahmadiyya-islam.org\\\/hr\\\/wp-content\\\/uploads\\\/sites\\\/22\\\/2026\\\/03\\\/WW3.jpg\",\"keywords\":[\"Mir\",\"Rat\",\"Svijetski rat\",\"WW3\"],\"articleSection\":[\"Ahmadija\",\"Priop\u0107enje za javnost\"],\"inLanguage\":\"hr\"},{\"@type\":\"WebPage\",\"@id\":\"https:\\\/\\\/www.ahmadiyya-islam.org\\\/hr\\\/ahmadija\\\/jedan-globalni-voda-upozoravao-je-na-svjetski-rat-23-godine-ta-je-poruka-bila-podcijenjena-i-sada-smo-na-rubu\\\/\",\"url\":\"https:\\\/\\\/www.ahmadiyya-islam.org\\\/hr\\\/ahmadija\\\/jedan-globalni-voda-upozoravao-je-na-svjetski-rat-23-godine-ta-je-poruka-bila-podcijenjena-i-sada-smo-na-rubu\\\/\",\"name\":\"Jedan globalni vo\u0111a upozoravao je na svjetski rat 23 godine \u2013 i sada smo na rubu\",\"isPartOf\":{\"@id\":\"https:\\\/\\\/www.ahmadiyya-islam.org\\\/hr\\\/#website\"},\"primaryImageOfPage\":{\"@id\":\"https:\\\/\\\/www.ahmadiyya-islam.org\\\/hr\\\/ahmadija\\\/jedan-globalni-voda-upozoravao-je-na-svjetski-rat-23-godine-ta-je-poruka-bila-podcijenjena-i-sada-smo-na-rubu\\\/#primaryimage\"},\"image\":{\"@id\":\"https:\\\/\\\/www.ahmadiyya-islam.org\\\/hr\\\/ahmadija\\\/jedan-globalni-voda-upozoravao-je-na-svjetski-rat-23-godine-ta-je-poruka-bila-podcijenjena-i-sada-smo-na-rubu\\\/#primaryimage\"},\"thumbnailUrl\":\"https:\\\/\\\/www.ahmadiyya-islam.org\\\/hr\\\/wp-content\\\/uploads\\\/sites\\\/22\\\/2026\\\/03\\\/WW3.jpg\",\"datePublished\":\"2026-03-29T13:20:06+00:00\",\"author\":{\"@id\":\"https:\\\/\\\/www.ahmadiyya-islam.org\\\/hr\\\/#\\\/schema\\\/person\\\/4d74f28572ca6c7fa65111daa316ed65\"},\"description\":\"Mo\u017eda nikada nismo bili ovoliko blizu jo\u0161 jednog globalnog rata.\u00a0\u201eSada je 85 sekundi do pono\u0107i\u201c, pokazuje Sat Sudnjeg dana.\",\"breadcrumb\":{\"@id\":\"https:\\\/\\\/www.ahmadiyya-islam.org\\\/hr\\\/ahmadija\\\/jedan-globalni-voda-upozoravao-je-na-svjetski-rat-23-godine-ta-je-poruka-bila-podcijenjena-i-sada-smo-na-rubu\\\/#breadcrumb\"},\"inLanguage\":\"hr\",\"potentialAction\":[{\"@type\":\"ReadAction\",\"target\":[\"https:\\\/\\\/www.ahmadiyya-islam.org\\\/hr\\\/ahmadija\\\/jedan-globalni-voda-upozoravao-je-na-svjetski-rat-23-godine-ta-je-poruka-bila-podcijenjena-i-sada-smo-na-rubu\\\/\"]}]},{\"@type\":\"ImageObject\",\"inLanguage\":\"hr\",\"@id\":\"https:\\\/\\\/www.ahmadiyya-islam.org\\\/hr\\\/ahmadija\\\/jedan-globalni-voda-upozoravao-je-na-svjetski-rat-23-godine-ta-je-poruka-bila-podcijenjena-i-sada-smo-na-rubu\\\/#primaryimage\",\"url\":\"https:\\\/\\\/www.ahmadiyya-islam.org\\\/hr\\\/wp-content\\\/uploads\\\/sites\\\/22\\\/2026\\\/03\\\/WW3.jpg\",\"contentUrl\":\"https:\\\/\\\/www.ahmadiyya-islam.org\\\/hr\\\/wp-content\\\/uploads\\\/sites\\\/22\\\/2026\\\/03\\\/WW3.jpg\",\"width\":1500,\"height\":750},{\"@type\":\"BreadcrumbList\",\"@id\":\"https:\\\/\\\/www.ahmadiyya-islam.org\\\/hr\\\/ahmadija\\\/jedan-globalni-voda-upozoravao-je-na-svjetski-rat-23-godine-ta-je-poruka-bila-podcijenjena-i-sada-smo-na-rubu\\\/#breadcrumb\",\"itemListElement\":[{\"@type\":\"ListItem\",\"position\":1,\"name\":\"Home\",\"item\":\"https:\\\/\\\/www.ahmadiyya-islam.org\\\/hr\\\/\"},{\"@type\":\"ListItem\",\"position\":2,\"name\":\"Jedan globalni vo\u0111a upozoravao je na svjetski rat 23 godine \u2013 ta je poruka bila podcijenjena i sada smo na rubu\"}]},{\"@type\":\"WebSite\",\"@id\":\"https:\\\/\\\/www.ahmadiyya-islam.org\\\/hr\\\/#website\",\"url\":\"https:\\\/\\\/www.ahmadiyya-islam.org\\\/hr\\\/\",\"name\":\"Ahmadija muslimanski d\u017eamat\",\"description\":\"Hrvatska\",\"potentialAction\":[{\"@type\":\"SearchAction\",\"target\":{\"@type\":\"EntryPoint\",\"urlTemplate\":\"https:\\\/\\\/www.ahmadiyya-islam.org\\\/hr\\\/?s={search_term_string}\"},\"query-input\":{\"@type\":\"PropertyValueSpecification\",\"valueRequired\":true,\"valueName\":\"search_term_string\"}}],\"inLanguage\":\"hr\"},{\"@type\":\"Person\",\"@id\":\"https:\\\/\\\/www.ahmadiyya-islam.org\\\/hr\\\/#\\\/schema\\\/person\\\/4d74f28572ca6c7fa65111daa316ed65\",\"name\":\"ranamunawar\",\"url\":\"https:\\\/\\\/www.ahmadiyya-islam.org\\\/hr\\\/author\\\/ranamunawar\\\/\"}]}<\/script>\n<!-- \/ Yoast SEO Premium plugin. -->","yoast_head_json":{"title":"Jedan globalni vo\u0111a upozoravao je na svjetski rat 23 godine \u2013 i sada smo na rubu","description":"Mo\u017eda nikada nismo bili ovoliko blizu jo\u0161 jednog globalnog rata.\u00a0\u201eSada je 85 sekundi do pono\u0107i\u201c, pokazuje Sat Sudnjeg dana.","robots":{"index":"index","follow":"follow","max-snippet":"max-snippet:-1","max-image-preview":"max-image-preview:large","max-video-preview":"max-video-preview:-1"},"canonical":"https:\/\/www.ahmadiyya-islam.org\/hr\/ahmadija\/jedan-globalni-voda-upozoravao-je-na-svjetski-rat-23-godine-ta-je-poruka-bila-podcijenjena-i-sada-smo-na-rubu\/","og_locale":"hr_HR","og_type":"article","og_title":"Jedan globalni vo\u0111a upozoravao je na svjetski rat 23 godine \u2013 ta je poruka bila podcijenjena i sada smo na rubu","og_description":"Mo\u017eda nikada nismo bili ovoliko blizu jo\u0161 jednog globalnog rata.\u00a0\u201eSada je 85 sekundi do pono\u0107i\u201c, pokazuje Sat Sudnjeg dana.","og_url":"https:\/\/www.ahmadiyya-islam.org\/hr\/ahmadija\/jedan-globalni-voda-upozoravao-je-na-svjetski-rat-23-godine-ta-je-poruka-bila-podcijenjena-i-sada-smo-na-rubu\/","og_site_name":"Ahmadija muslimanski d\u017eamat","article_published_time":"2026-03-29T13:20:06+00:00","og_image":[{"width":1500,"height":750,"url":"http:\/\/www.ahmadiyya-islam.org\/hr\/wp-content\/uploads\/sites\/22\/2026\/03\/WW3.jpg","type":"image\/jpeg"}],"author":"ranamunawar","twitter_card":"summary_large_image","twitter_misc":{"Napisao\/la":"ranamunawar","Procijenjeno vrijeme \u010ditanja":"10 minuta"},"schema":{"@context":"https:\/\/schema.org","@graph":[{"@type":"Article","@id":"https:\/\/www.ahmadiyya-islam.org\/hr\/ahmadija\/jedan-globalni-voda-upozoravao-je-na-svjetski-rat-23-godine-ta-je-poruka-bila-podcijenjena-i-sada-smo-na-rubu\/#article","isPartOf":{"@id":"https:\/\/www.ahmadiyya-islam.org\/hr\/ahmadija\/jedan-globalni-voda-upozoravao-je-na-svjetski-rat-23-godine-ta-je-poruka-bila-podcijenjena-i-sada-smo-na-rubu\/"},"author":{"name":"ranamunawar","@id":"https:\/\/www.ahmadiyya-islam.org\/hr\/#\/schema\/person\/4d74f28572ca6c7fa65111daa316ed65"},"headline":"Jedan globalni vo\u0111a upozoravao je na svjetski rat 23 godine \u2013 ta je poruka bila podcijenjena i sada smo na rubu","datePublished":"2026-03-29T13:20:06+00:00","mainEntityOfPage":{"@id":"https:\/\/www.ahmadiyya-islam.org\/hr\/ahmadija\/jedan-globalni-voda-upozoravao-je-na-svjetski-rat-23-godine-ta-je-poruka-bila-podcijenjena-i-sada-smo-na-rubu\/"},"wordCount":1783,"image":{"@id":"https:\/\/www.ahmadiyya-islam.org\/hr\/ahmadija\/jedan-globalni-voda-upozoravao-je-na-svjetski-rat-23-godine-ta-je-poruka-bila-podcijenjena-i-sada-smo-na-rubu\/#primaryimage"},"thumbnailUrl":"https:\/\/www.ahmadiyya-islam.org\/hr\/wp-content\/uploads\/sites\/22\/2026\/03\/WW3.jpg","keywords":["Mir","Rat","Svijetski rat","WW3"],"articleSection":["Ahmadija","Priop\u0107enje za javnost"],"inLanguage":"hr"},{"@type":"WebPage","@id":"https:\/\/www.ahmadiyya-islam.org\/hr\/ahmadija\/jedan-globalni-voda-upozoravao-je-na-svjetski-rat-23-godine-ta-je-poruka-bila-podcijenjena-i-sada-smo-na-rubu\/","url":"https:\/\/www.ahmadiyya-islam.org\/hr\/ahmadija\/jedan-globalni-voda-upozoravao-je-na-svjetski-rat-23-godine-ta-je-poruka-bila-podcijenjena-i-sada-smo-na-rubu\/","name":"Jedan globalni vo\u0111a upozoravao je na svjetski rat 23 godine \u2013 i sada smo na rubu","isPartOf":{"@id":"https:\/\/www.ahmadiyya-islam.org\/hr\/#website"},"primaryImageOfPage":{"@id":"https:\/\/www.ahmadiyya-islam.org\/hr\/ahmadija\/jedan-globalni-voda-upozoravao-je-na-svjetski-rat-23-godine-ta-je-poruka-bila-podcijenjena-i-sada-smo-na-rubu\/#primaryimage"},"image":{"@id":"https:\/\/www.ahmadiyya-islam.org\/hr\/ahmadija\/jedan-globalni-voda-upozoravao-je-na-svjetski-rat-23-godine-ta-je-poruka-bila-podcijenjena-i-sada-smo-na-rubu\/#primaryimage"},"thumbnailUrl":"https:\/\/www.ahmadiyya-islam.org\/hr\/wp-content\/uploads\/sites\/22\/2026\/03\/WW3.jpg","datePublished":"2026-03-29T13:20:06+00:00","author":{"@id":"https:\/\/www.ahmadiyya-islam.org\/hr\/#\/schema\/person\/4d74f28572ca6c7fa65111daa316ed65"},"description":"Mo\u017eda nikada nismo bili ovoliko blizu jo\u0161 jednog globalnog rata.\u00a0\u201eSada je 85 sekundi do pono\u0107i\u201c, pokazuje Sat Sudnjeg dana.","breadcrumb":{"@id":"https:\/\/www.ahmadiyya-islam.org\/hr\/ahmadija\/jedan-globalni-voda-upozoravao-je-na-svjetski-rat-23-godine-ta-je-poruka-bila-podcijenjena-i-sada-smo-na-rubu\/#breadcrumb"},"inLanguage":"hr","potentialAction":[{"@type":"ReadAction","target":["https:\/\/www.ahmadiyya-islam.org\/hr\/ahmadija\/jedan-globalni-voda-upozoravao-je-na-svjetski-rat-23-godine-ta-je-poruka-bila-podcijenjena-i-sada-smo-na-rubu\/"]}]},{"@type":"ImageObject","inLanguage":"hr","@id":"https:\/\/www.ahmadiyya-islam.org\/hr\/ahmadija\/jedan-globalni-voda-upozoravao-je-na-svjetski-rat-23-godine-ta-je-poruka-bila-podcijenjena-i-sada-smo-na-rubu\/#primaryimage","url":"https:\/\/www.ahmadiyya-islam.org\/hr\/wp-content\/uploads\/sites\/22\/2026\/03\/WW3.jpg","contentUrl":"https:\/\/www.ahmadiyya-islam.org\/hr\/wp-content\/uploads\/sites\/22\/2026\/03\/WW3.jpg","width":1500,"height":750},{"@type":"BreadcrumbList","@id":"https:\/\/www.ahmadiyya-islam.org\/hr\/ahmadija\/jedan-globalni-voda-upozoravao-je-na-svjetski-rat-23-godine-ta-je-poruka-bila-podcijenjena-i-sada-smo-na-rubu\/#breadcrumb","itemListElement":[{"@type":"ListItem","position":1,"name":"Home","item":"https:\/\/www.ahmadiyya-islam.org\/hr\/"},{"@type":"ListItem","position":2,"name":"Jedan globalni vo\u0111a upozoravao je na svjetski rat 23 godine \u2013 ta je poruka bila podcijenjena i sada smo na rubu"}]},{"@type":"WebSite","@id":"https:\/\/www.ahmadiyya-islam.org\/hr\/#website","url":"https:\/\/www.ahmadiyya-islam.org\/hr\/","name":"Ahmadija muslimanski d\u017eamat","description":"Hrvatska","potentialAction":[{"@type":"SearchAction","target":{"@type":"EntryPoint","urlTemplate":"https:\/\/www.ahmadiyya-islam.org\/hr\/?s={search_term_string}"},"query-input":{"@type":"PropertyValueSpecification","valueRequired":true,"valueName":"search_term_string"}}],"inLanguage":"hr"},{"@type":"Person","@id":"https:\/\/www.ahmadiyya-islam.org\/hr\/#\/schema\/person\/4d74f28572ca6c7fa65111daa316ed65","name":"ranamunawar","url":"https:\/\/www.ahmadiyya-islam.org\/hr\/author\/ranamunawar\/"}]}},"_links":{"self":[{"href":"https:\/\/www.ahmadiyya-islam.org\/hr\/wp-json\/wp\/v2\/posts\/2994","targetHints":{"allow":["GET"]}}],"collection":[{"href":"https:\/\/www.ahmadiyya-islam.org\/hr\/wp-json\/wp\/v2\/posts"}],"about":[{"href":"https:\/\/www.ahmadiyya-islam.org\/hr\/wp-json\/wp\/v2\/types\/post"}],"author":[{"embeddable":true,"href":"https:\/\/www.ahmadiyya-islam.org\/hr\/wp-json\/wp\/v2\/users\/77"}],"replies":[{"embeddable":true,"href":"https:\/\/www.ahmadiyya-islam.org\/hr\/wp-json\/wp\/v2\/comments?post=2994"}],"version-history":[{"count":1,"href":"https:\/\/www.ahmadiyya-islam.org\/hr\/wp-json\/wp\/v2\/posts\/2994\/revisions"}],"predecessor-version":[{"id":3006,"href":"https:\/\/www.ahmadiyya-islam.org\/hr\/wp-json\/wp\/v2\/posts\/2994\/revisions\/3006"}],"wp:featuredmedia":[{"embeddable":true,"href":"https:\/\/www.ahmadiyya-islam.org\/hr\/wp-json\/wp\/v2\/media\/3000"}],"wp:attachment":[{"href":"https:\/\/www.ahmadiyya-islam.org\/hr\/wp-json\/wp\/v2\/media?parent=2994"}],"wp:term":[{"taxonomy":"category","embeddable":true,"href":"https:\/\/www.ahmadiyya-islam.org\/hr\/wp-json\/wp\/v2\/categories?post=2994"},{"taxonomy":"post_tag","embeddable":true,"href":"https:\/\/www.ahmadiyya-islam.org\/hr\/wp-json\/wp\/v2\/tags?post=2994"},{"taxonomy":"topics","embeddable":true,"href":"https:\/\/www.ahmadiyya-islam.org\/hr\/wp-json\/wp\/v2\/topics?post=2994"},{"taxonomy":"authors","embeddable":true,"href":"https:\/\/www.ahmadiyya-islam.org\/hr\/wp-json\/wp\/v2\/authors?post=2994"},{"taxonomy":"geo_locations","embeddable":true,"href":"https:\/\/www.ahmadiyya-islam.org\/hr\/wp-json\/wp\/v2\/geo_locations?post=2994"},{"taxonomy":"content_source","embeddable":true,"href":"https:\/\/www.ahmadiyya-islam.org\/hr\/wp-json\/wp\/v2\/content_source?post=2994"}],"curies":[{"name":"wp","href":"https:\/\/api.w.org\/{rel}","templated":true}]}}