{"id":2986,"date":"2026-03-16T11:00:56","date_gmt":"2026-03-16T11:00:56","guid":{"rendered":"https:\/\/www.ahmadiyya-islam.org\/hr\/?p=2986"},"modified":"2026-03-16T11:00:56","modified_gmt":"2026-03-16T11:00:56","slug":"meduvjerski-iftar-u-brezovici-zajednistvo-u-sluzbi-covjecanstva","status":"publish","type":"post","link":"https:\/\/www.ahmadiyya-islam.org\/hr\/ahmadija\/meduvjerski-iftar-u-brezovici-zajednistvo-u-sluzbi-covjecanstva\/","title":{"rendered":"Me\u0111uvjerski iftar u Brezovici &#8211; zajedni\u0161tvo u slu\u017ebi \u010dovje\u010danstva"},"content":{"rendered":"<p data-start=\"136\" data-end=\"550\">U <strong data-start=\"138\" data-end=\"256\">Ku\u0107i za zbrinjavanje djece i odraslih osoba s tjelesnim i mentalnim o\u0161te\u0107enjem \u201eBl. Alojzije Stepinac\u201c u Brezovici<\/strong> 7. o\u017eujka odr\u017ean je ramazanski iftar u organizaciji <strong data-start=\"309\" data-end=\"336\">Humanity First Hrvatska<\/strong> i <strong data-start=\"339\" data-end=\"372\">Ahmadija muslimanskog d\u017eemata<\/strong>. Ovaj susret okupio je prijatelje, volontere i partnere koji zajedni\u010dki sudjeluju u humanitarnim projektima, a ujedno je bio i sna\u017ena poruka me\u0111uvjerske suradnje i solidarnosti.<\/p>\n<p data-start=\"552\" data-end=\"883\">Iftar, ve\u010dernji obrok kojim muslimani prekidaju dnevni post tijekom mjeseca ramazana, odr\u017ean je u ozra\u010dju zajedni\u0161tva i me\u0111usobnog po\u0161tovanja. Doga\u0111aj je pokazao kako univerzalno na\u010delo ljubavi prema bli\u017enjemu, koje dijele sve velike religije, mo\u017ee biti temelj za suradnju i konkretno pomaganje onima kojima je pomo\u0107 najpotrebnija.<\/p>\n<p data-start=\"885\" data-end=\"1520\">Me\u0111u uzvanicima su bili predstavnici <strong data-start=\"922\" data-end=\"958\">Caritasa Zagreba\u010dke nadbiskupije<\/strong>, uklju\u010duju\u0107i Suzanu Horvat Kutle, voditeljicu Sektora usluga socijalne skrbi, te Nikolinu Vu\u010dkovi\u0107 Bari\u0161i\u0107, voditeljicu Ku\u0107e bl. Alojzija Stepinca. Sudjelovali su i brojni predstavnici lokalne zajednice, me\u0111u kojima Marina Pucevi\u0107, potpredsjednica Vije\u0107a Gradske \u010detvrti Brezovica, Vladimir Vuger, ravnatelj Osnovne \u0161kole Vugrovec-Ka\u0161ina, Damir Adamovi\u0107, ravnatelj Osnovne \u0161kole Josipa Badali\u0107a u Graberju Ivani\u0107kom, Tatjana Bra\u010dun Haddad, ravnateljica Osnovne \u0161kole Stjepana Bencekovi\u0107a u Horvatima, te Zvonko Jambre\u0161i\u0107, predsjednik humanitarne udruge \u201eSavao\u201c.<\/p>\n<p data-start=\"885\" data-end=\"1520\"><img loading=\"lazy\" decoding=\"async\" class=\"aligncenter size-full wp-image-2992\" src=\"http:\/\/www.ahmadiyya-islam.org\/hr\/wp-content\/uploads\/sites\/22\/2026\/03\/07-.jpg\" alt=\"Iftar 2026.\" width=\"778\" height=\"462\" srcset=\"https:\/\/www.ahmadiyya-islam.org\/hr\/wp-content\/uploads\/sites\/22\/2026\/03\/07-.jpg 778w, https:\/\/www.ahmadiyya-islam.org\/hr\/wp-content\/uploads\/sites\/22\/2026\/03\/07--300x178.jpg 300w, https:\/\/www.ahmadiyya-islam.org\/hr\/wp-content\/uploads\/sites\/22\/2026\/03\/07--768x456.jpg 768w\" sizes=\"auto, (max-width: 778px) 100vw, 778px\" \/><\/p>\n<p data-start=\"885\" data-end=\"1520\">\n<p data-start=\"1522\" data-end=\"1879\">Predstavnici Caritasa ukratko su predstavili rad organizacije i djelovanje Ku\u0107e bl. Alojzija Stepinca, koja ve\u0107 vi\u0161e od tri desetlje\u0107a skrbi o djeci i odraslima s intelektualnim i tjelesnim te\u0161ko\u0107ama. Nagla\u0161ena je i dugogodi\u0161nja suradnja s organizacijom Humanity First Hrvatska, koja se temelji na zajedni\u010dkom cilju \u2013 pomo\u0107i najranjivijim \u010dlanovima dru\u0161tva.<\/p>\n<p data-start=\"1881\" data-end=\"2119\">Doma\u0107in susreta bio je <strong data-start=\"1904\" data-end=\"1930\">Munawwar Muhammad Khan<\/strong>, imam Ahmadija muslimanskog d\u017eemata u Hrvatskoj i predsjednik Humanity First Hrvatska. U svom obra\u0107anju istaknuo je duhovni zna\u010daj posta te sli\u010dnosti izme\u0111u islamske i kr\u0161\u0107anske tradicije.<\/p>\n<p data-start=\"2121\" data-end=\"2507\">\u201eU islamu obi\u010dno postimo trideset dana, a post podrazumijeva suzdr\u017eavanje od hrane i pi\u0107a od izlaska do zalaska sunca. Cilj posta nije samo odricanje, nego i ja\u010danje zahvalnosti Bogu koji nam daje sve \u0161to imamo. Kada tijekom dana osjetimo glad, lak\u0161e razumijemo patnju onih koji svakodnevno odlaze na spavanje gladni. To nas poti\u010de na suosje\u0107anje i pomaganje drugima\u201c, istaknuo je Khan.<\/p>\n<p data-start=\"2509\" data-end=\"2800\">Dodao je kako je slogan organizacije <strong data-start=\"2546\" data-end=\"2590\">Humanity First \u2013 \u201eU slu\u017ebi \u010dovje\u010danstva\u201c<\/strong> upravo izraz tog duha. \u201eAko istinski volimo Boga, onda moramo voljeti i Njegova stvorenja. Zahvaljujem svima koji svojim radom i podr\u0161kom omogu\u0107uju da humanitarne ideje pretvaramo u konkretna djela\u201c, rekao je.<\/p>\n<p data-start=\"2802\" data-end=\"3162\">Humanitarne aktivnosti ove organizacije nastavljene su i nakon iftara. <strong data-start=\"2873\" data-end=\"2900\">Humanity First Hrvatska<\/strong> uru\u010dila je <strong data-start=\"2912\" data-end=\"2944\">200 ramazanskih paketa hrane<\/strong> humanitarnoj udruzi \u201eSavao\u201c, koja poma\u017ee besku\u0107nicima u Zagrebu. Dan kasnije organiziran je i <strong data-start=\"3039\" data-end=\"3075\">poseban nedjeljni ru\u010dak za djecu<\/strong> korisnike Ku\u0107e bl. Alojzija Stepinca, koja nisu mogla sudjelovati na subotnjem iftaru.<\/p>\n<p data-start=\"2802\" data-end=\"3162\"><img loading=\"lazy\" decoding=\"async\" class=\"aligncenter wp-image-2991 size-large\" src=\"http:\/\/www.ahmadiyya-islam.org\/hr\/wp-content\/uploads\/sites\/22\/2026\/03\/10-1024x673.jpg\" alt=\"\" width=\"900\" height=\"592\" srcset=\"https:\/\/www.ahmadiyya-islam.org\/hr\/wp-content\/uploads\/sites\/22\/2026\/03\/10-1024x673.jpg 1024w, https:\/\/www.ahmadiyya-islam.org\/hr\/wp-content\/uploads\/sites\/22\/2026\/03\/10-300x197.jpg 300w, https:\/\/www.ahmadiyya-islam.org\/hr\/wp-content\/uploads\/sites\/22\/2026\/03\/10-768x505.jpg 768w, https:\/\/www.ahmadiyya-islam.org\/hr\/wp-content\/uploads\/sites\/22\/2026\/03\/10-1536x1010.jpg 1536w, https:\/\/www.ahmadiyya-islam.org\/hr\/wp-content\/uploads\/sites\/22\/2026\/03\/10.jpg 2048w\" sizes=\"auto, (max-width: 900px) 100vw, 900px\" \/><\/p>\n<p data-start=\"3164\" data-end=\"3530\">Tijekom mjeseca ramazana Humanity First provodi i niz drugih akcija pomo\u0107i. U suradnji s humanitarnom udrugom \u201eLjudi za ljude\u201c podijeljeno je oko <strong data-start=\"3310\" data-end=\"3364\">400 paketa hrane umirovljenicima na podru\u010dju Gline<\/strong>, dok je u planu donacija <strong data-start=\"3390\" data-end=\"3443\">200 paketa hrane humanitarnom dru\u0161tvu \u201eMali Zmaj\u201c<\/strong>. Tako\u0111er \u0107e oko <strong data-start=\"3460\" data-end=\"3479\">60 paketa hrane<\/strong> biti podijeljeno obiteljima u potrebi u Brezovici.<\/p>\n<p data-start=\"3532\" data-end=\"3858\">Ovakvi susreti potvr\u0111uju kako ramazan, osim duhovne dimenzije, nosi i sna\u017enu poruku solidarnosti i brige za druge. Suradnja razli\u010ditih vjerskih i humanitarnih organizacija pokazuje da se kroz me\u0111usobno razumijevanje i zajedni\u010dko djelovanje mogu graditi mostovi me\u0111u ljudima te \u0161iriti vrijednosti mira, suosje\u0107anja i humanosti.<\/p>\n<p data-start=\"3532\" data-end=\"3858\"><img loading=\"lazy\" decoding=\"async\" class=\"aligncenter size-full wp-image-2988\" src=\"http:\/\/www.ahmadiyya-islam.org\/hr\/wp-content\/uploads\/sites\/22\/2026\/03\/03-.jpg\" alt=\"Iftar 2026.\" width=\"978\" height=\"462\" srcset=\"https:\/\/www.ahmadiyya-islam.org\/hr\/wp-content\/uploads\/sites\/22\/2026\/03\/03-.jpg 978w, https:\/\/www.ahmadiyya-islam.org\/hr\/wp-content\/uploads\/sites\/22\/2026\/03\/03--300x142.jpg 300w, https:\/\/www.ahmadiyya-islam.org\/hr\/wp-content\/uploads\/sites\/22\/2026\/03\/03--768x363.jpg 768w\" sizes=\"auto, (max-width: 978px) 100vw, 978px\" \/><\/p>\n","protected":false},"excerpt":{"rendered":"<p>U Ku\u0107i za zbrinjavanje djece i odraslih osoba s tjelesnim i mentalnim o\u0161te\u0107enjem \u201eBl. Alojzije Stepinac\u201c u Brezovici 7. o\u017eujka odr\u017ean je ramazanski iftar u organizaciji Humanity First Hrvatska i Ahmadija muslimanskog d\u017eemata. Ovaj susret okupio je prijatelje, volontere i partnere koji zajedni\u010dki sudjeluju u humanitarnim projektima, a ujedno je bio i sna\u017ena poruka me\u0111uvjerske<\/p>\n","protected":false},"author":77,"featured_media":2989,"comment_status":"closed","ping_status":"closed","sticky":false,"template":"","format":"standard","meta":{"_acf_changed":false,"footnotes":""},"categories":[272,9],"tags":[35,449,86,306,304,303],"topics":[388,302],"authors":[],"geo_locations":[],"content_source":[],"class_list":["post-2986","post","type-post","status-publish","format-standard","has-post-thumbnail","hentry","category-ahmadija","category-humanity-first","tag-ahmadija","tag-humanitarni-rad","tag-humanity-first","tag-iftar","tag-post","tag-ramazan","topics-isus","topics-ramazan"],"acf":[],"yoast_head":"<!-- This site is optimized with the Yoast SEO Premium plugin v21.1 (Yoast SEO v27.4) - https:\/\/yoast.com\/product\/yoast-seo-premium-wordpress\/ -->\n<title>Me\u0111uvjerski iftar u Brezovici - zajedni\u0161tvo u slu\u017ebi \u010dovje\u010danstva<\/title>\n<meta name=\"description\" content=\"U Ku\u0107i \u201eBl. Alojzije Stepinac\u201c u Brezovici 7. o\u017eujka odr\u017ean je ramazanski iftar u organizaciji Humanity Firsta i Ahmadija muslimanskog d\u017eemata.\" \/>\n<meta name=\"robots\" content=\"index, follow, max-snippet:-1, max-image-preview:large, max-video-preview:-1\" \/>\n<link rel=\"canonical\" href=\"https:\/\/www.ahmadiyya-islam.org\/hr\/ahmadija\/meduvjerski-iftar-u-brezovici-zajednistvo-u-sluzbi-covjecanstva\/\" \/>\n<meta property=\"og:locale\" content=\"hr_HR\" \/>\n<meta property=\"og:type\" content=\"article\" \/>\n<meta property=\"og:title\" content=\"Me\u0111uvjerski iftar u Brezovici - zajedni\u0161tvo u slu\u017ebi \u010dovje\u010danstva\" \/>\n<meta property=\"og:description\" content=\"U Ku\u0107i \u201eBl. Alojzije Stepinac\u201c u Brezovici 7. o\u017eujka odr\u017ean je ramazanski iftar u organizaciji Humanity Firsta i Ahmadija muslimanskog d\u017eemata.\" \/>\n<meta property=\"og:url\" content=\"https:\/\/www.ahmadiyya-islam.org\/hr\/ahmadija\/meduvjerski-iftar-u-brezovici-zajednistvo-u-sluzbi-covjecanstva\/\" \/>\n<meta property=\"og:site_name\" content=\"Ahmadija muslimanski d\u017eamat\" \/>\n<meta property=\"article:published_time\" content=\"2026-03-16T11:00:56+00:00\" \/>\n<meta property=\"og:image\" content=\"http:\/\/www.ahmadiyya-islam.org\/hr\/wp-content\/uploads\/sites\/22\/2026\/03\/04-.jpg\" \/>\n\t<meta property=\"og:image:width\" content=\"722\" \/>\n\t<meta property=\"og:image:height\" content=\"439\" \/>\n\t<meta property=\"og:image:type\" content=\"image\/jpeg\" \/>\n<meta name=\"author\" content=\"ranamunawar\" \/>\n<meta name=\"twitter:card\" content=\"summary_large_image\" \/>\n<meta name=\"twitter:label1\" content=\"Napisao\/la\" \/>\n\t<meta name=\"twitter:data1\" content=\"ranamunawar\" \/>\n\t<meta name=\"twitter:label2\" content=\"Procijenjeno vrijeme \u010ditanja\" \/>\n\t<meta name=\"twitter:data2\" content=\"4 minute\" \/>\n<script type=\"application\/ld+json\" class=\"yoast-schema-graph\">{\"@context\":\"https:\\\/\\\/schema.org\",\"@graph\":[{\"@type\":\"Article\",\"@id\":\"https:\\\/\\\/www.ahmadiyya-islam.org\\\/hr\\\/ahmadija\\\/meduvjerski-iftar-u-brezovici-zajednistvo-u-sluzbi-covjecanstva\\\/#article\",\"isPartOf\":{\"@id\":\"https:\\\/\\\/www.ahmadiyya-islam.org\\\/hr\\\/ahmadija\\\/meduvjerski-iftar-u-brezovici-zajednistvo-u-sluzbi-covjecanstva\\\/\"},\"author\":{\"name\":\"ranamunawar\",\"@id\":\"https:\\\/\\\/www.ahmadiyya-islam.org\\\/hr\\\/#\\\/schema\\\/person\\\/4d74f28572ca6c7fa65111daa316ed65\"},\"headline\":\"Me\u0111uvjerski iftar u Brezovici &#8211; zajedni\u0161tvo u slu\u017ebi \u010dovje\u010danstva\",\"datePublished\":\"2026-03-16T11:00:56+00:00\",\"mainEntityOfPage\":{\"@id\":\"https:\\\/\\\/www.ahmadiyya-islam.org\\\/hr\\\/ahmadija\\\/meduvjerski-iftar-u-brezovici-zajednistvo-u-sluzbi-covjecanstva\\\/\"},\"wordCount\":596,\"image\":{\"@id\":\"https:\\\/\\\/www.ahmadiyya-islam.org\\\/hr\\\/ahmadija\\\/meduvjerski-iftar-u-brezovici-zajednistvo-u-sluzbi-covjecanstva\\\/#primaryimage\"},\"thumbnailUrl\":\"https:\\\/\\\/www.ahmadiyya-islam.org\\\/hr\\\/wp-content\\\/uploads\\\/sites\\\/22\\\/2026\\\/03\\\/04-.jpg\",\"keywords\":[\"Ahmadija\",\"humanitarni rad\",\"Humanity First\",\"Iftar\",\"Post\",\"Ramazan\"],\"articleSection\":[\"Ahmadija\",\"Humanity First\"],\"inLanguage\":\"hr\"},{\"@type\":\"WebPage\",\"@id\":\"https:\\\/\\\/www.ahmadiyya-islam.org\\\/hr\\\/ahmadija\\\/meduvjerski-iftar-u-brezovici-zajednistvo-u-sluzbi-covjecanstva\\\/\",\"url\":\"https:\\\/\\\/www.ahmadiyya-islam.org\\\/hr\\\/ahmadija\\\/meduvjerski-iftar-u-brezovici-zajednistvo-u-sluzbi-covjecanstva\\\/\",\"name\":\"Me\u0111uvjerski iftar u Brezovici - zajedni\u0161tvo u slu\u017ebi \u010dovje\u010danstva\",\"isPartOf\":{\"@id\":\"https:\\\/\\\/www.ahmadiyya-islam.org\\\/hr\\\/#website\"},\"primaryImageOfPage\":{\"@id\":\"https:\\\/\\\/www.ahmadiyya-islam.org\\\/hr\\\/ahmadija\\\/meduvjerski-iftar-u-brezovici-zajednistvo-u-sluzbi-covjecanstva\\\/#primaryimage\"},\"image\":{\"@id\":\"https:\\\/\\\/www.ahmadiyya-islam.org\\\/hr\\\/ahmadija\\\/meduvjerski-iftar-u-brezovici-zajednistvo-u-sluzbi-covjecanstva\\\/#primaryimage\"},\"thumbnailUrl\":\"https:\\\/\\\/www.ahmadiyya-islam.org\\\/hr\\\/wp-content\\\/uploads\\\/sites\\\/22\\\/2026\\\/03\\\/04-.jpg\",\"datePublished\":\"2026-03-16T11:00:56+00:00\",\"author\":{\"@id\":\"https:\\\/\\\/www.ahmadiyya-islam.org\\\/hr\\\/#\\\/schema\\\/person\\\/4d74f28572ca6c7fa65111daa316ed65\"},\"description\":\"U Ku\u0107i \u201eBl. Alojzije Stepinac\u201c u Brezovici 7. o\u017eujka odr\u017ean je ramazanski iftar u organizaciji Humanity Firsta i Ahmadija muslimanskog d\u017eemata.\",\"breadcrumb\":{\"@id\":\"https:\\\/\\\/www.ahmadiyya-islam.org\\\/hr\\\/ahmadija\\\/meduvjerski-iftar-u-brezovici-zajednistvo-u-sluzbi-covjecanstva\\\/#breadcrumb\"},\"inLanguage\":\"hr\",\"potentialAction\":[{\"@type\":\"ReadAction\",\"target\":[\"https:\\\/\\\/www.ahmadiyya-islam.org\\\/hr\\\/ahmadija\\\/meduvjerski-iftar-u-brezovici-zajednistvo-u-sluzbi-covjecanstva\\\/\"]}]},{\"@type\":\"ImageObject\",\"inLanguage\":\"hr\",\"@id\":\"https:\\\/\\\/www.ahmadiyya-islam.org\\\/hr\\\/ahmadija\\\/meduvjerski-iftar-u-brezovici-zajednistvo-u-sluzbi-covjecanstva\\\/#primaryimage\",\"url\":\"https:\\\/\\\/www.ahmadiyya-islam.org\\\/hr\\\/wp-content\\\/uploads\\\/sites\\\/22\\\/2026\\\/03\\\/04-.jpg\",\"contentUrl\":\"https:\\\/\\\/www.ahmadiyya-islam.org\\\/hr\\\/wp-content\\\/uploads\\\/sites\\\/22\\\/2026\\\/03\\\/04-.jpg\",\"width\":722,\"height\":439,\"caption\":\"Iftar 2026.\"},{\"@type\":\"BreadcrumbList\",\"@id\":\"https:\\\/\\\/www.ahmadiyya-islam.org\\\/hr\\\/ahmadija\\\/meduvjerski-iftar-u-brezovici-zajednistvo-u-sluzbi-covjecanstva\\\/#breadcrumb\",\"itemListElement\":[{\"@type\":\"ListItem\",\"position\":1,\"name\":\"Home\",\"item\":\"https:\\\/\\\/www.ahmadiyya-islam.org\\\/hr\\\/\"},{\"@type\":\"ListItem\",\"position\":2,\"name\":\"Me\u0111uvjerski iftar u Brezovici &#8211; zajedni\u0161tvo u slu\u017ebi \u010dovje\u010danstva\"}]},{\"@type\":\"WebSite\",\"@id\":\"https:\\\/\\\/www.ahmadiyya-islam.org\\\/hr\\\/#website\",\"url\":\"https:\\\/\\\/www.ahmadiyya-islam.org\\\/hr\\\/\",\"name\":\"Ahmadija muslimanski d\u017eamat\",\"description\":\"Hrvatska\",\"potentialAction\":[{\"@type\":\"SearchAction\",\"target\":{\"@type\":\"EntryPoint\",\"urlTemplate\":\"https:\\\/\\\/www.ahmadiyya-islam.org\\\/hr\\\/?s={search_term_string}\"},\"query-input\":{\"@type\":\"PropertyValueSpecification\",\"valueRequired\":true,\"valueName\":\"search_term_string\"}}],\"inLanguage\":\"hr\"},{\"@type\":\"Person\",\"@id\":\"https:\\\/\\\/www.ahmadiyya-islam.org\\\/hr\\\/#\\\/schema\\\/person\\\/4d74f28572ca6c7fa65111daa316ed65\",\"name\":\"ranamunawar\",\"url\":\"https:\\\/\\\/www.ahmadiyya-islam.org\\\/hr\\\/author\\\/ranamunawar\\\/\"}]}<\/script>\n<!-- \/ Yoast SEO Premium plugin. -->","yoast_head_json":{"title":"Me\u0111uvjerski iftar u Brezovici - zajedni\u0161tvo u slu\u017ebi \u010dovje\u010danstva","description":"U Ku\u0107i \u201eBl. Alojzije Stepinac\u201c u Brezovici 7. o\u017eujka odr\u017ean je ramazanski iftar u organizaciji Humanity Firsta i Ahmadija muslimanskog d\u017eemata.","robots":{"index":"index","follow":"follow","max-snippet":"max-snippet:-1","max-image-preview":"max-image-preview:large","max-video-preview":"max-video-preview:-1"},"canonical":"https:\/\/www.ahmadiyya-islam.org\/hr\/ahmadija\/meduvjerski-iftar-u-brezovici-zajednistvo-u-sluzbi-covjecanstva\/","og_locale":"hr_HR","og_type":"article","og_title":"Me\u0111uvjerski iftar u Brezovici - zajedni\u0161tvo u slu\u017ebi \u010dovje\u010danstva","og_description":"U Ku\u0107i \u201eBl. Alojzije Stepinac\u201c u Brezovici 7. o\u017eujka odr\u017ean je ramazanski iftar u organizaciji Humanity Firsta i Ahmadija muslimanskog d\u017eemata.","og_url":"https:\/\/www.ahmadiyya-islam.org\/hr\/ahmadija\/meduvjerski-iftar-u-brezovici-zajednistvo-u-sluzbi-covjecanstva\/","og_site_name":"Ahmadija muslimanski d\u017eamat","article_published_time":"2026-03-16T11:00:56+00:00","og_image":[{"width":722,"height":439,"url":"http:\/\/www.ahmadiyya-islam.org\/hr\/wp-content\/uploads\/sites\/22\/2026\/03\/04-.jpg","type":"image\/jpeg"}],"author":"ranamunawar","twitter_card":"summary_large_image","twitter_misc":{"Napisao\/la":"ranamunawar","Procijenjeno vrijeme \u010ditanja":"4 minute"},"schema":{"@context":"https:\/\/schema.org","@graph":[{"@type":"Article","@id":"https:\/\/www.ahmadiyya-islam.org\/hr\/ahmadija\/meduvjerski-iftar-u-brezovici-zajednistvo-u-sluzbi-covjecanstva\/#article","isPartOf":{"@id":"https:\/\/www.ahmadiyya-islam.org\/hr\/ahmadija\/meduvjerski-iftar-u-brezovici-zajednistvo-u-sluzbi-covjecanstva\/"},"author":{"name":"ranamunawar","@id":"https:\/\/www.ahmadiyya-islam.org\/hr\/#\/schema\/person\/4d74f28572ca6c7fa65111daa316ed65"},"headline":"Me\u0111uvjerski iftar u Brezovici &#8211; zajedni\u0161tvo u slu\u017ebi \u010dovje\u010danstva","datePublished":"2026-03-16T11:00:56+00:00","mainEntityOfPage":{"@id":"https:\/\/www.ahmadiyya-islam.org\/hr\/ahmadija\/meduvjerski-iftar-u-brezovici-zajednistvo-u-sluzbi-covjecanstva\/"},"wordCount":596,"image":{"@id":"https:\/\/www.ahmadiyya-islam.org\/hr\/ahmadija\/meduvjerski-iftar-u-brezovici-zajednistvo-u-sluzbi-covjecanstva\/#primaryimage"},"thumbnailUrl":"https:\/\/www.ahmadiyya-islam.org\/hr\/wp-content\/uploads\/sites\/22\/2026\/03\/04-.jpg","keywords":["Ahmadija","humanitarni rad","Humanity First","Iftar","Post","Ramazan"],"articleSection":["Ahmadija","Humanity First"],"inLanguage":"hr"},{"@type":"WebPage","@id":"https:\/\/www.ahmadiyya-islam.org\/hr\/ahmadija\/meduvjerski-iftar-u-brezovici-zajednistvo-u-sluzbi-covjecanstva\/","url":"https:\/\/www.ahmadiyya-islam.org\/hr\/ahmadija\/meduvjerski-iftar-u-brezovici-zajednistvo-u-sluzbi-covjecanstva\/","name":"Me\u0111uvjerski iftar u Brezovici - zajedni\u0161tvo u slu\u017ebi \u010dovje\u010danstva","isPartOf":{"@id":"https:\/\/www.ahmadiyya-islam.org\/hr\/#website"},"primaryImageOfPage":{"@id":"https:\/\/www.ahmadiyya-islam.org\/hr\/ahmadija\/meduvjerski-iftar-u-brezovici-zajednistvo-u-sluzbi-covjecanstva\/#primaryimage"},"image":{"@id":"https:\/\/www.ahmadiyya-islam.org\/hr\/ahmadija\/meduvjerski-iftar-u-brezovici-zajednistvo-u-sluzbi-covjecanstva\/#primaryimage"},"thumbnailUrl":"https:\/\/www.ahmadiyya-islam.org\/hr\/wp-content\/uploads\/sites\/22\/2026\/03\/04-.jpg","datePublished":"2026-03-16T11:00:56+00:00","author":{"@id":"https:\/\/www.ahmadiyya-islam.org\/hr\/#\/schema\/person\/4d74f28572ca6c7fa65111daa316ed65"},"description":"U Ku\u0107i \u201eBl. Alojzije Stepinac\u201c u Brezovici 7. o\u017eujka odr\u017ean je ramazanski iftar u organizaciji Humanity Firsta i Ahmadija muslimanskog d\u017eemata.","breadcrumb":{"@id":"https:\/\/www.ahmadiyya-islam.org\/hr\/ahmadija\/meduvjerski-iftar-u-brezovici-zajednistvo-u-sluzbi-covjecanstva\/#breadcrumb"},"inLanguage":"hr","potentialAction":[{"@type":"ReadAction","target":["https:\/\/www.ahmadiyya-islam.org\/hr\/ahmadija\/meduvjerski-iftar-u-brezovici-zajednistvo-u-sluzbi-covjecanstva\/"]}]},{"@type":"ImageObject","inLanguage":"hr","@id":"https:\/\/www.ahmadiyya-islam.org\/hr\/ahmadija\/meduvjerski-iftar-u-brezovici-zajednistvo-u-sluzbi-covjecanstva\/#primaryimage","url":"https:\/\/www.ahmadiyya-islam.org\/hr\/wp-content\/uploads\/sites\/22\/2026\/03\/04-.jpg","contentUrl":"https:\/\/www.ahmadiyya-islam.org\/hr\/wp-content\/uploads\/sites\/22\/2026\/03\/04-.jpg","width":722,"height":439,"caption":"Iftar 2026."},{"@type":"BreadcrumbList","@id":"https:\/\/www.ahmadiyya-islam.org\/hr\/ahmadija\/meduvjerski-iftar-u-brezovici-zajednistvo-u-sluzbi-covjecanstva\/#breadcrumb","itemListElement":[{"@type":"ListItem","position":1,"name":"Home","item":"https:\/\/www.ahmadiyya-islam.org\/hr\/"},{"@type":"ListItem","position":2,"name":"Me\u0111uvjerski iftar u Brezovici &#8211; zajedni\u0161tvo u slu\u017ebi \u010dovje\u010danstva"}]},{"@type":"WebSite","@id":"https:\/\/www.ahmadiyya-islam.org\/hr\/#website","url":"https:\/\/www.ahmadiyya-islam.org\/hr\/","name":"Ahmadija muslimanski d\u017eamat","description":"Hrvatska","potentialAction":[{"@type":"SearchAction","target":{"@type":"EntryPoint","urlTemplate":"https:\/\/www.ahmadiyya-islam.org\/hr\/?s={search_term_string}"},"query-input":{"@type":"PropertyValueSpecification","valueRequired":true,"valueName":"search_term_string"}}],"inLanguage":"hr"},{"@type":"Person","@id":"https:\/\/www.ahmadiyya-islam.org\/hr\/#\/schema\/person\/4d74f28572ca6c7fa65111daa316ed65","name":"ranamunawar","url":"https:\/\/www.ahmadiyya-islam.org\/hr\/author\/ranamunawar\/"}]}},"_links":{"self":[{"href":"https:\/\/www.ahmadiyya-islam.org\/hr\/wp-json\/wp\/v2\/posts\/2986","targetHints":{"allow":["GET"]}}],"collection":[{"href":"https:\/\/www.ahmadiyya-islam.org\/hr\/wp-json\/wp\/v2\/posts"}],"about":[{"href":"https:\/\/www.ahmadiyya-islam.org\/hr\/wp-json\/wp\/v2\/types\/post"}],"author":[{"embeddable":true,"href":"https:\/\/www.ahmadiyya-islam.org\/hr\/wp-json\/wp\/v2\/users\/77"}],"replies":[{"embeddable":true,"href":"https:\/\/www.ahmadiyya-islam.org\/hr\/wp-json\/wp\/v2\/comments?post=2986"}],"version-history":[{"count":1,"href":"https:\/\/www.ahmadiyya-islam.org\/hr\/wp-json\/wp\/v2\/posts\/2986\/revisions"}],"predecessor-version":[{"id":2993,"href":"https:\/\/www.ahmadiyya-islam.org\/hr\/wp-json\/wp\/v2\/posts\/2986\/revisions\/2993"}],"wp:featuredmedia":[{"embeddable":true,"href":"https:\/\/www.ahmadiyya-islam.org\/hr\/wp-json\/wp\/v2\/media\/2989"}],"wp:attachment":[{"href":"https:\/\/www.ahmadiyya-islam.org\/hr\/wp-json\/wp\/v2\/media?parent=2986"}],"wp:term":[{"taxonomy":"category","embeddable":true,"href":"https:\/\/www.ahmadiyya-islam.org\/hr\/wp-json\/wp\/v2\/categories?post=2986"},{"taxonomy":"post_tag","embeddable":true,"href":"https:\/\/www.ahmadiyya-islam.org\/hr\/wp-json\/wp\/v2\/tags?post=2986"},{"taxonomy":"topics","embeddable":true,"href":"https:\/\/www.ahmadiyya-islam.org\/hr\/wp-json\/wp\/v2\/topics?post=2986"},{"taxonomy":"authors","embeddable":true,"href":"https:\/\/www.ahmadiyya-islam.org\/hr\/wp-json\/wp\/v2\/authors?post=2986"},{"taxonomy":"geo_locations","embeddable":true,"href":"https:\/\/www.ahmadiyya-islam.org\/hr\/wp-json\/wp\/v2\/geo_locations?post=2986"},{"taxonomy":"content_source","embeddable":true,"href":"https:\/\/www.ahmadiyya-islam.org\/hr\/wp-json\/wp\/v2\/content_source?post=2986"}],"curies":[{"name":"wp","href":"https:\/\/api.w.org\/{rel}","templated":true}]}}