{"id":2921,"date":"2025-07-17T13:20:26","date_gmt":"2025-07-17T13:20:26","guid":{"rendered":"https:\/\/www.ahmadiyya-islam.org\/hr\/?p=2921"},"modified":"2025-07-17T13:20:26","modified_gmt":"2025-07-17T13:20:26","slug":"humanity-first-hrvatska-otvorila-prvu-banku-hrane-u-glini","status":"publish","type":"post","link":"https:\/\/www.ahmadiyya-islam.org\/hr\/humanity-first\/humanity-first-hrvatska\/humanity-first-hrvatska-otvorila-prvu-banku-hrane-u-glini\/","title":{"rendered":"Humanity First Hrvatska otvorila prvu Banku hrane u Glini"},"content":{"rendered":"<p><strong>02.07.2025. \u2013<\/strong> Humanity First Hrvatska s velikim zadovoljstvom posjetila je grad Glinu u Sisa\u010dko\u2011moslava\u010dkoj \u017eupaniji. Povod je bilo sve\u010dano otvorenje prve Banke hrane u Glini koju je financirao Humanity First Njema\u010dka. Na toj sve\u010danosti nazo\u010dan je bio i direktor Humanity First Balkan, g.<strong>\u202fZubair Khalil Khan<\/strong>. Do\u010dekala ga je zamjenica gradona\u010delnice, g\u0111a <strong>Branka Bak\u0161i\u0107<\/strong>.<\/p>\n<p><img loading=\"lazy\" decoding=\"async\" class=\"aligncenter size-full wp-image-2924\" src=\"http:\/\/www.ahmadiyya-islam.org\/hr\/wp-content\/uploads\/sites\/22\/2025\/07\/001-.jpg\" alt=\"Food Bank - Glina\" width=\"900\" height=\"600\" srcset=\"https:\/\/www.ahmadiyya-islam.org\/hr\/wp-content\/uploads\/sites\/22\/2025\/07\/001-.jpg 900w, https:\/\/www.ahmadiyya-islam.org\/hr\/wp-content\/uploads\/sites\/22\/2025\/07\/001--300x200.jpg 300w, https:\/\/www.ahmadiyya-islam.org\/hr\/wp-content\/uploads\/sites\/22\/2025\/07\/001--768x512.jpg 768w\" sizes=\"auto, (max-width: 900px) 100vw, 900px\" \/><\/p>\n<p><strong>Otvorenjem Banke hrane do podr\u0161ke najranjivijima<\/strong><\/p>\n<p>Tijekom ceremonije predstavljen je model pripreme i distribucije paketa prehrambenih proizvoda. Volonteri Humanity First Hrvatska te suradni\u010dke udruge <strong>Ljudi za ljude,<\/strong> pakirali su pakete koji su sadr\u017eavali bra\u0161no, \u0161e\u0107er, pa\u0161tetu, ulje, jabuke, mlijeko, muffine i kekse. Tako \u0107e mjese\u010dno biti distribuirano oko <strong>200 paketa<\/strong>, i to svakom korisniku po jedan paket mjese\u010dno. Ukupno je otprilike 600 korisnika.<\/p>\n<p><img loading=\"lazy\" decoding=\"async\" class=\"aligncenter size-full wp-image-2925\" src=\"http:\/\/www.ahmadiyya-islam.org\/hr\/wp-content\/uploads\/sites\/22\/2025\/07\/002-.jpg\" alt=\"Food Bank - Glina\" width=\"900\" height=\"600\" srcset=\"https:\/\/www.ahmadiyya-islam.org\/hr\/wp-content\/uploads\/sites\/22\/2025\/07\/002-.jpg 900w, https:\/\/www.ahmadiyya-islam.org\/hr\/wp-content\/uploads\/sites\/22\/2025\/07\/002--300x200.jpg 300w, https:\/\/www.ahmadiyya-islam.org\/hr\/wp-content\/uploads\/sites\/22\/2025\/07\/002--768x512.jpg 768w\" sizes=\"auto, (max-width: 900px) 100vw, 900px\" \/><\/p>\n<p>Paketi su dopremljeni u prostorije Humanity First, smje\u0161tene u objektu udruge \u201eLjudi za ljude\u201c. G\u0111a Bak\u0161i\u0107 je predstavila g.\u202fZubaira Khalila Khana lokalnim korisnicima i naglasila va\u017enost projekta te zahvalila Humanity First na pomo\u0107i ranjivoj glinskoj zajednici. Predsjednik Humanity First Hrvatska, <strong>Rana Munawwar Muhammad<\/strong>, uru\u010dio je simboli\u010dnu plo\u010dicu Banke hrane, nakon \u010dega su korisnici preuzeli svoje pakete.<\/p>\n<p><img loading=\"lazy\" decoding=\"async\" class=\"aligncenter size-full wp-image-2926\" src=\"http:\/\/www.ahmadiyya-islam.org\/hr\/wp-content\/uploads\/sites\/22\/2025\/07\/007-.jpg\" alt=\"Food Bank - Glina\" width=\"900\" height=\"600\" srcset=\"https:\/\/www.ahmadiyya-islam.org\/hr\/wp-content\/uploads\/sites\/22\/2025\/07\/007-.jpg 900w, https:\/\/www.ahmadiyya-islam.org\/hr\/wp-content\/uploads\/sites\/22\/2025\/07\/007--300x200.jpg 300w, https:\/\/www.ahmadiyya-islam.org\/hr\/wp-content\/uploads\/sites\/22\/2025\/07\/007--768x512.jpg 768w\" sizes=\"auto, (max-width: 900px) 100vw, 900px\" \/><\/p>\n<p><strong>Osobni pristup <\/strong><\/p>\n<p>Tijekom podjele, g\u0111a Branka je osobno upoznala korisnike po imenu i dobi, te govorila o njihovim dnevnim problemima.<\/p>\n<p>Volonteri su pakete dijelili s pa\u017enjom i suosje\u0107anjem, a korisnici su im uzvra\u0107ali osmijesima i rije\u010dima: <strong>\u201chvala, hvala\u201d<\/strong>. Iako je prostorija bila prepuna, podjela je protekla te\u010dno i bez odgode.<\/p>\n<p>Svaki primatelj je potpisao potvrdu o preuzimanju paketa \u2013 kako nitko ne bi ostao bez pomo\u0107i. Korisnici, me\u0111u kojima su bili i oni s udaljenih podru\u010dja, 25\u202fkm od Gline, vra\u0107ali su se ku\u0107ama, neki odmah, a neki nakon odmora zbog ljetnih vru\u0107ina. Prelijep prizor bio je kad su pomagali jedni drugima nositi pakete.<\/p>\n<p><img loading=\"lazy\" decoding=\"async\" class=\"aligncenter size-full wp-image-2928\" src=\"http:\/\/www.ahmadiyya-islam.org\/hr\/wp-content\/uploads\/sites\/22\/2025\/07\/019-.jpg\" alt=\"Food Bank - Glina\" width=\"900\" height=\"600\" srcset=\"https:\/\/www.ahmadiyya-islam.org\/hr\/wp-content\/uploads\/sites\/22\/2025\/07\/019-.jpg 900w, https:\/\/www.ahmadiyya-islam.org\/hr\/wp-content\/uploads\/sites\/22\/2025\/07\/019--300x200.jpg 300w, https:\/\/www.ahmadiyya-islam.org\/hr\/wp-content\/uploads\/sites\/22\/2025\/07\/019--768x512.jpg 768w\" sizes=\"auto, (max-width: 900px) 100vw, 900px\" \/><\/p>\n<p><strong>Prezentacija i potvrda va\u017enosti projekta<\/strong><\/p>\n<p>Na kraju, volonteri su se okupili na prezentaciji u prostorijama \u201eLjudi za ljude\u201c. Prikazane su fotografije i podijeljene osobne pri\u010de korisnika. Istaknuta je va\u017enost terenskog rada i prisustva na mjestu doga\u0111aja jer bez toga ne bi bilo stvarne pomo\u0107i.<\/p>\n<p>G\u0111a <strong>Marijanka<\/strong>, predstavnica \u201eLjudi za ljude\u201c, izjavila je:<\/p>\n<p>\u201cVa\u0161 nesebi\u010dni rad, briga i predanost drugima nisu samo solidarnost \u2014 to je istinska ljudskost koja pokazuje kakav svijet mo\u017ee biti. Mnogo obitelji u Glini primilo je ono najva\u017enije \u2013 <strong>nadu <\/strong>da nisu zaboravljeni.\u201d<\/p>\n<p>Jedan od volontera Humanity First Hrvatska, <strong>student Martin<\/strong> rekao je kako je \u201ebilo lijepo, ali i te\u0161ko vidjeti takav lijepi mali grad o\u0161te\u0107en od potresa i pun ljudi koji te\u0161ko \u017eive s vrlo malom mirovinom ili ju uop\u0107e nemaju. Donacija je bila dobro organizirana i uspjeli smo donirati hranu dosta osobama. Lijepo su nas do\u010dekali i zahvalili nam na pomo\u0107i. I ja sam zahvalan \u0161to sam bio dio takve pomo\u0107i\u201c.<\/p>\n<p><img loading=\"lazy\" decoding=\"async\" class=\"aligncenter size-full wp-image-2927\" src=\"http:\/\/www.ahmadiyya-islam.org\/hr\/wp-content\/uploads\/sites\/22\/2025\/07\/023-.jpg\" alt=\"Food Bank - Glina\" width=\"900\" height=\"600\" srcset=\"https:\/\/www.ahmadiyya-islam.org\/hr\/wp-content\/uploads\/sites\/22\/2025\/07\/023-.jpg 900w, https:\/\/www.ahmadiyya-islam.org\/hr\/wp-content\/uploads\/sites\/22\/2025\/07\/023--300x200.jpg 300w, https:\/\/www.ahmadiyya-islam.org\/hr\/wp-content\/uploads\/sites\/22\/2025\/07\/023--768x512.jpg 768w\" sizes=\"auto, (max-width: 900px) 100vw, 900px\" \/><\/p>\n<p><strong>Glina \u2013 grad koji treba podr\u0161ku<\/strong><\/p>\n<p>G\u0111a Marijanka je dodala: \u201eGrad Glina, pogo\u0111en ratom devedesetih i sna\u017enim potresom prije \u010detiri godine, jo\u0161 uvijek se oporavlja. Dio grada je bez javnog prijevoza, vode ili struje. Mnogi imaju mirovine od samo 100 do 300\u202f\u20ac i zbog toga jedva pla\u0107aju re\u017eije i nemaju za hranu. Zato volonteri dostavljaju pakete onima koji ne mogu do\u0107i \u2013 i time im daju dimenziju dostojanstva i sigurnosti.\u201c<\/p>\n<p>Gospo\u0111a Branka, predsjednica udruge \u201eLjudi za ljude\u201c, uru\u010dila je zahvalnicu direktoru Humanity First-a gospodinu Zubairu Khalilu Khanu. Nakon razmjene zahvalnica, g\u0111a Branka je pozvala medije i javnost da pro\u0161ire vijesti o ovom radu te potra\u017ee nove dobrotvore i volontere. Naglasila je da su \u201cLjudi za ljude\u201d spremni za svaku vrstu pomo\u0107i.<\/p>\n<p><img loading=\"lazy\" decoding=\"async\" class=\"aligncenter size-full wp-image-2929\" src=\"http:\/\/www.ahmadiyya-islam.org\/hr\/wp-content\/uploads\/sites\/22\/2025\/07\/026-.jpg\" alt=\"Food Bank - Glina\" width=\"900\" height=\"600\" srcset=\"https:\/\/www.ahmadiyya-islam.org\/hr\/wp-content\/uploads\/sites\/22\/2025\/07\/026-.jpg 900w, https:\/\/www.ahmadiyya-islam.org\/hr\/wp-content\/uploads\/sites\/22\/2025\/07\/026--300x200.jpg 300w, https:\/\/www.ahmadiyya-islam.org\/hr\/wp-content\/uploads\/sites\/22\/2025\/07\/026--768x512.jpg 768w\" sizes=\"auto, (max-width: 900px) 100vw, 900px\" \/><\/p>\n<p>G\u0111a Branka Bak\u0161i\u0107:<\/p>\n<p>\u201cSituacija ovdje je te\u0161ka \u2013 u nekim podru\u010djima nema ni vode ni struje. Trebamo pro\u0161iriti glas u drugim zemljama, kao \u0161to je Njema\u010dka, da se \u010duje za nas i vidi na\u0161a suradnja. Spremni smo ulo\u017eiti vrijeme i trud da svaka pomo\u0107 stigne do onih kojima je najpotrebnija.\u201d<\/p>\n<p>G.\u202fZubair Khalil Khan (Humanity First Balkan) je komentirao:<\/p>\n<p>\u201cNije lako do\u0107i do ljudi u udaljenim podru\u010djima, ali vi ste pokazali veliko suosje\u0107anje. Prva Banka hrane u Glini je temelj na kojem mo\u017eemo zajedno graditi \u0161iru mre\u017eu pomo\u0107i. Veselim se nastavku na\u0161ih napora.\u201d<\/p>\n<p><img loading=\"lazy\" decoding=\"async\" class=\"aligncenter size-full wp-image-2930\" src=\"http:\/\/www.ahmadiyya-islam.org\/hr\/wp-content\/uploads\/sites\/22\/2025\/07\/022-.jpg\" alt=\"Food Bank - Glina\" width=\"900\" height=\"600\" srcset=\"https:\/\/www.ahmadiyya-islam.org\/hr\/wp-content\/uploads\/sites\/22\/2025\/07\/022-.jpg 900w, https:\/\/www.ahmadiyya-islam.org\/hr\/wp-content\/uploads\/sites\/22\/2025\/07\/022--300x200.jpg 300w, https:\/\/www.ahmadiyya-islam.org\/hr\/wp-content\/uploads\/sites\/22\/2025\/07\/022--768x512.jpg 768w\" sizes=\"auto, (max-width: 900px) 100vw, 900px\" \/><\/p>\n<p><strong>Poziv na sudjelovanje<\/strong><\/p>\n<p>Ovo otvorenje Banke hrane jo\u0161 je jedno svjedo\u010danstvo posve\u0107enosti Humanity First Hrvatska misiji \u201cu slu\u017ebi \u010dovje\u010danstva\u201d. Pozivamo sve zainteresirane da se pridru\u017ee kao sponzori i pomognu \u0161iriti mre\u017eu solidarnosti.<\/p>\n<p>Za vi\u0161e informacija, javite nam se na: <strong>info@hr.humanityfirst.org<\/strong><\/p>\n<p>Video snimka na Facebooku: <a href=\"https:\/\/www.facebook.com\/watch\/?v=1249910710174852\">https:\/\/www.facebook.com\/watch\/?v=1249910710174852<\/a><\/p>\n","protected":false},"excerpt":{"rendered":"<p>02.07.2025. \u2013 Humanity First Hrvatska s velikim zadovoljstvom posjetila je grad Glinu u Sisa\u010dko\u2011moslava\u010dkoj \u017eupaniji. Povod je bilo sve\u010dano otvorenje prve Banke hrane u Glini koju je financirao Humanity First Njema\u010dka. Na toj sve\u010danosti nazo\u010dan je bio i direktor Humanity First Balkan, g.\u202fZubair Khalil Khan. Do\u010dekala ga je zamjenica gradona\u010delnice, g\u0111a Branka Bak\u0161i\u0107. Otvorenjem Banke<\/p>\n","protected":false},"author":77,"featured_media":2923,"comment_status":"closed","ping_status":"closed","sticky":false,"template":"","format":"standard","meta":{"_acf_changed":false,"footnotes":""},"categories":[9,10],"tags":[443,239,45,444],"topics":[18],"authors":[],"geo_locations":[],"content_source":[],"class_list":["post-2921","post","type-post","status-publish","format-standard","has-post-thumbnail","hentry","category-humanity-first","category-humanity-first-hrvatska","tag-food-bank","tag-glina","tag-hrana","tag-ljudi-za-ljude","topics-humanity-first"],"acf":[],"yoast_head":"<!-- This site is optimized with the Yoast SEO Premium plugin v21.1 (Yoast SEO v27.4) - https:\/\/yoast.com\/product\/yoast-seo-premium-wordpress\/ -->\n<title>Humanity First Hrvatska otvorila prvu Banku hrane u Glini - Ahmadija muslimanski d\u017eamat<\/title>\n<meta name=\"robots\" content=\"index, follow, max-snippet:-1, max-image-preview:large, max-video-preview:-1\" \/>\n<link rel=\"canonical\" href=\"https:\/\/www.ahmadiyya-islam.org\/hr\/humanity-first\/humanity-first-hrvatska\/humanity-first-hrvatska-otvorila-prvu-banku-hrane-u-glini\/\" \/>\n<meta property=\"og:locale\" content=\"hr_HR\" \/>\n<meta property=\"og:type\" content=\"article\" \/>\n<meta property=\"og:title\" content=\"Humanity First Hrvatska otvorila prvu Banku hrane u Glini\" \/>\n<meta property=\"og:description\" content=\"02.07.2025. \u2013 Humanity First Hrvatska s velikim zadovoljstvom posjetila je grad Glinu u Sisa\u010dko\u2011moslava\u010dkoj \u017eupaniji. Povod je bilo sve\u010dano otvorenje prve Banke hrane u Glini koju je financirao Humanity First Njema\u010dka. Na toj sve\u010danosti nazo\u010dan je bio i direktor Humanity First Balkan, g.\u202fZubair Khalil Khan. Do\u010dekala ga je zamjenica gradona\u010delnice, g\u0111a Branka Bak\u0161i\u0107. Otvorenjem Banke\" \/>\n<meta property=\"og:url\" content=\"https:\/\/www.ahmadiyya-islam.org\/hr\/humanity-first\/humanity-first-hrvatska\/humanity-first-hrvatska-otvorila-prvu-banku-hrane-u-glini\/\" \/>\n<meta property=\"og:site_name\" content=\"Ahmadija muslimanski d\u017eamat\" \/>\n<meta property=\"article:published_time\" content=\"2025-07-17T13:20:26+00:00\" \/>\n<meta property=\"og:image\" content=\"http:\/\/www.ahmadiyya-islam.org\/hr\/wp-content\/uploads\/sites\/22\/2025\/07\/Food-Bank-.jpg\" \/>\n\t<meta property=\"og:image:width\" content=\"1500\" \/>\n\t<meta property=\"og:image:height\" content=\"750\" \/>\n\t<meta property=\"og:image:type\" content=\"image\/jpeg\" \/>\n<meta name=\"author\" content=\"ranamunawar\" \/>\n<meta name=\"twitter:card\" content=\"summary_large_image\" \/>\n<meta name=\"twitter:label1\" content=\"Napisao\/la\" \/>\n\t<meta name=\"twitter:data1\" content=\"ranamunawar\" \/>\n\t<meta name=\"twitter:label2\" content=\"Procijenjeno vrijeme \u010ditanja\" \/>\n\t<meta name=\"twitter:data2\" content=\"6 minuta\" \/>\n<script type=\"application\/ld+json\" class=\"yoast-schema-graph\">{\"@context\":\"https:\\\/\\\/schema.org\",\"@graph\":[{\"@type\":\"Article\",\"@id\":\"https:\\\/\\\/www.ahmadiyya-islam.org\\\/hr\\\/humanity-first\\\/humanity-first-hrvatska\\\/humanity-first-hrvatska-otvorila-prvu-banku-hrane-u-glini\\\/#article\",\"isPartOf\":{\"@id\":\"https:\\\/\\\/www.ahmadiyya-islam.org\\\/hr\\\/humanity-first\\\/humanity-first-hrvatska\\\/humanity-first-hrvatska-otvorila-prvu-banku-hrane-u-glini\\\/\"},\"author\":{\"name\":\"ranamunawar\",\"@id\":\"https:\\\/\\\/www.ahmadiyya-islam.org\\\/hr\\\/#\\\/schema\\\/person\\\/4d74f28572ca6c7fa65111daa316ed65\"},\"headline\":\"Humanity First Hrvatska otvorila prvu Banku hrane u Glini\",\"datePublished\":\"2025-07-17T13:20:26+00:00\",\"mainEntityOfPage\":{\"@id\":\"https:\\\/\\\/www.ahmadiyya-islam.org\\\/hr\\\/humanity-first\\\/humanity-first-hrvatska\\\/humanity-first-hrvatska-otvorila-prvu-banku-hrane-u-glini\\\/\"},\"wordCount\":788,\"image\":{\"@id\":\"https:\\\/\\\/www.ahmadiyya-islam.org\\\/hr\\\/humanity-first\\\/humanity-first-hrvatska\\\/humanity-first-hrvatska-otvorila-prvu-banku-hrane-u-glini\\\/#primaryimage\"},\"thumbnailUrl\":\"https:\\\/\\\/www.ahmadiyya-islam.org\\\/hr\\\/wp-content\\\/uploads\\\/sites\\\/22\\\/2025\\\/07\\\/Food-Bank-.jpg\",\"keywords\":[\"Food Bank\",\"Glina\",\"Hrana\",\"Ljudi za Ljude\"],\"articleSection\":[\"Humanity First\",\"Humanity First Hrvatska\"],\"inLanguage\":\"hr\"},{\"@type\":\"WebPage\",\"@id\":\"https:\\\/\\\/www.ahmadiyya-islam.org\\\/hr\\\/humanity-first\\\/humanity-first-hrvatska\\\/humanity-first-hrvatska-otvorila-prvu-banku-hrane-u-glini\\\/\",\"url\":\"https:\\\/\\\/www.ahmadiyya-islam.org\\\/hr\\\/humanity-first\\\/humanity-first-hrvatska\\\/humanity-first-hrvatska-otvorila-prvu-banku-hrane-u-glini\\\/\",\"name\":\"Humanity First Hrvatska otvorila prvu Banku hrane u Glini - Ahmadija muslimanski d\u017eamat\",\"isPartOf\":{\"@id\":\"https:\\\/\\\/www.ahmadiyya-islam.org\\\/hr\\\/#website\"},\"primaryImageOfPage\":{\"@id\":\"https:\\\/\\\/www.ahmadiyya-islam.org\\\/hr\\\/humanity-first\\\/humanity-first-hrvatska\\\/humanity-first-hrvatska-otvorila-prvu-banku-hrane-u-glini\\\/#primaryimage\"},\"image\":{\"@id\":\"https:\\\/\\\/www.ahmadiyya-islam.org\\\/hr\\\/humanity-first\\\/humanity-first-hrvatska\\\/humanity-first-hrvatska-otvorila-prvu-banku-hrane-u-glini\\\/#primaryimage\"},\"thumbnailUrl\":\"https:\\\/\\\/www.ahmadiyya-islam.org\\\/hr\\\/wp-content\\\/uploads\\\/sites\\\/22\\\/2025\\\/07\\\/Food-Bank-.jpg\",\"datePublished\":\"2025-07-17T13:20:26+00:00\",\"author\":{\"@id\":\"https:\\\/\\\/www.ahmadiyya-islam.org\\\/hr\\\/#\\\/schema\\\/person\\\/4d74f28572ca6c7fa65111daa316ed65\"},\"breadcrumb\":{\"@id\":\"https:\\\/\\\/www.ahmadiyya-islam.org\\\/hr\\\/humanity-first\\\/humanity-first-hrvatska\\\/humanity-first-hrvatska-otvorila-prvu-banku-hrane-u-glini\\\/#breadcrumb\"},\"inLanguage\":\"hr\",\"potentialAction\":[{\"@type\":\"ReadAction\",\"target\":[\"https:\\\/\\\/www.ahmadiyya-islam.org\\\/hr\\\/humanity-first\\\/humanity-first-hrvatska\\\/humanity-first-hrvatska-otvorila-prvu-banku-hrane-u-glini\\\/\"]}]},{\"@type\":\"ImageObject\",\"inLanguage\":\"hr\",\"@id\":\"https:\\\/\\\/www.ahmadiyya-islam.org\\\/hr\\\/humanity-first\\\/humanity-first-hrvatska\\\/humanity-first-hrvatska-otvorila-prvu-banku-hrane-u-glini\\\/#primaryimage\",\"url\":\"https:\\\/\\\/www.ahmadiyya-islam.org\\\/hr\\\/wp-content\\\/uploads\\\/sites\\\/22\\\/2025\\\/07\\\/Food-Bank-.jpg\",\"contentUrl\":\"https:\\\/\\\/www.ahmadiyya-islam.org\\\/hr\\\/wp-content\\\/uploads\\\/sites\\\/22\\\/2025\\\/07\\\/Food-Bank-.jpg\",\"width\":1500,\"height\":750,\"caption\":\"Humanity First - Food Bank\"},{\"@type\":\"BreadcrumbList\",\"@id\":\"https:\\\/\\\/www.ahmadiyya-islam.org\\\/hr\\\/humanity-first\\\/humanity-first-hrvatska\\\/humanity-first-hrvatska-otvorila-prvu-banku-hrane-u-glini\\\/#breadcrumb\",\"itemListElement\":[{\"@type\":\"ListItem\",\"position\":1,\"name\":\"Home\",\"item\":\"https:\\\/\\\/www.ahmadiyya-islam.org\\\/hr\\\/\"},{\"@type\":\"ListItem\",\"position\":2,\"name\":\"Humanity First Hrvatska otvorila prvu Banku hrane u Glini\"}]},{\"@type\":\"WebSite\",\"@id\":\"https:\\\/\\\/www.ahmadiyya-islam.org\\\/hr\\\/#website\",\"url\":\"https:\\\/\\\/www.ahmadiyya-islam.org\\\/hr\\\/\",\"name\":\"Ahmadija muslimanski d\u017eamat\",\"description\":\"Hrvatska\",\"potentialAction\":[{\"@type\":\"SearchAction\",\"target\":{\"@type\":\"EntryPoint\",\"urlTemplate\":\"https:\\\/\\\/www.ahmadiyya-islam.org\\\/hr\\\/?s={search_term_string}\"},\"query-input\":{\"@type\":\"PropertyValueSpecification\",\"valueRequired\":true,\"valueName\":\"search_term_string\"}}],\"inLanguage\":\"hr\"},{\"@type\":\"Person\",\"@id\":\"https:\\\/\\\/www.ahmadiyya-islam.org\\\/hr\\\/#\\\/schema\\\/person\\\/4d74f28572ca6c7fa65111daa316ed65\",\"name\":\"ranamunawar\",\"url\":\"https:\\\/\\\/www.ahmadiyya-islam.org\\\/hr\\\/author\\\/ranamunawar\\\/\"}]}<\/script>\n<!-- \/ Yoast SEO Premium plugin. -->","yoast_head_json":{"title":"Humanity First Hrvatska otvorila prvu Banku hrane u Glini - Ahmadija muslimanski d\u017eamat","robots":{"index":"index","follow":"follow","max-snippet":"max-snippet:-1","max-image-preview":"max-image-preview:large","max-video-preview":"max-video-preview:-1"},"canonical":"https:\/\/www.ahmadiyya-islam.org\/hr\/humanity-first\/humanity-first-hrvatska\/humanity-first-hrvatska-otvorila-prvu-banku-hrane-u-glini\/","og_locale":"hr_HR","og_type":"article","og_title":"Humanity First Hrvatska otvorila prvu Banku hrane u Glini","og_description":"02.07.2025. \u2013 Humanity First Hrvatska s velikim zadovoljstvom posjetila je grad Glinu u Sisa\u010dko\u2011moslava\u010dkoj \u017eupaniji. Povod je bilo sve\u010dano otvorenje prve Banke hrane u Glini koju je financirao Humanity First Njema\u010dka. Na toj sve\u010danosti nazo\u010dan je bio i direktor Humanity First Balkan, g.\u202fZubair Khalil Khan. Do\u010dekala ga je zamjenica gradona\u010delnice, g\u0111a Branka Bak\u0161i\u0107. Otvorenjem Banke","og_url":"https:\/\/www.ahmadiyya-islam.org\/hr\/humanity-first\/humanity-first-hrvatska\/humanity-first-hrvatska-otvorila-prvu-banku-hrane-u-glini\/","og_site_name":"Ahmadija muslimanski d\u017eamat","article_published_time":"2025-07-17T13:20:26+00:00","og_image":[{"width":1500,"height":750,"url":"http:\/\/www.ahmadiyya-islam.org\/hr\/wp-content\/uploads\/sites\/22\/2025\/07\/Food-Bank-.jpg","type":"image\/jpeg"}],"author":"ranamunawar","twitter_card":"summary_large_image","twitter_misc":{"Napisao\/la":"ranamunawar","Procijenjeno vrijeme \u010ditanja":"6 minuta"},"schema":{"@context":"https:\/\/schema.org","@graph":[{"@type":"Article","@id":"https:\/\/www.ahmadiyya-islam.org\/hr\/humanity-first\/humanity-first-hrvatska\/humanity-first-hrvatska-otvorila-prvu-banku-hrane-u-glini\/#article","isPartOf":{"@id":"https:\/\/www.ahmadiyya-islam.org\/hr\/humanity-first\/humanity-first-hrvatska\/humanity-first-hrvatska-otvorila-prvu-banku-hrane-u-glini\/"},"author":{"name":"ranamunawar","@id":"https:\/\/www.ahmadiyya-islam.org\/hr\/#\/schema\/person\/4d74f28572ca6c7fa65111daa316ed65"},"headline":"Humanity First Hrvatska otvorila prvu Banku hrane u Glini","datePublished":"2025-07-17T13:20:26+00:00","mainEntityOfPage":{"@id":"https:\/\/www.ahmadiyya-islam.org\/hr\/humanity-first\/humanity-first-hrvatska\/humanity-first-hrvatska-otvorila-prvu-banku-hrane-u-glini\/"},"wordCount":788,"image":{"@id":"https:\/\/www.ahmadiyya-islam.org\/hr\/humanity-first\/humanity-first-hrvatska\/humanity-first-hrvatska-otvorila-prvu-banku-hrane-u-glini\/#primaryimage"},"thumbnailUrl":"https:\/\/www.ahmadiyya-islam.org\/hr\/wp-content\/uploads\/sites\/22\/2025\/07\/Food-Bank-.jpg","keywords":["Food Bank","Glina","Hrana","Ljudi za Ljude"],"articleSection":["Humanity First","Humanity First Hrvatska"],"inLanguage":"hr"},{"@type":"WebPage","@id":"https:\/\/www.ahmadiyya-islam.org\/hr\/humanity-first\/humanity-first-hrvatska\/humanity-first-hrvatska-otvorila-prvu-banku-hrane-u-glini\/","url":"https:\/\/www.ahmadiyya-islam.org\/hr\/humanity-first\/humanity-first-hrvatska\/humanity-first-hrvatska-otvorila-prvu-banku-hrane-u-glini\/","name":"Humanity First Hrvatska otvorila prvu Banku hrane u Glini - Ahmadija muslimanski d\u017eamat","isPartOf":{"@id":"https:\/\/www.ahmadiyya-islam.org\/hr\/#website"},"primaryImageOfPage":{"@id":"https:\/\/www.ahmadiyya-islam.org\/hr\/humanity-first\/humanity-first-hrvatska\/humanity-first-hrvatska-otvorila-prvu-banku-hrane-u-glini\/#primaryimage"},"image":{"@id":"https:\/\/www.ahmadiyya-islam.org\/hr\/humanity-first\/humanity-first-hrvatska\/humanity-first-hrvatska-otvorila-prvu-banku-hrane-u-glini\/#primaryimage"},"thumbnailUrl":"https:\/\/www.ahmadiyya-islam.org\/hr\/wp-content\/uploads\/sites\/22\/2025\/07\/Food-Bank-.jpg","datePublished":"2025-07-17T13:20:26+00:00","author":{"@id":"https:\/\/www.ahmadiyya-islam.org\/hr\/#\/schema\/person\/4d74f28572ca6c7fa65111daa316ed65"},"breadcrumb":{"@id":"https:\/\/www.ahmadiyya-islam.org\/hr\/humanity-first\/humanity-first-hrvatska\/humanity-first-hrvatska-otvorila-prvu-banku-hrane-u-glini\/#breadcrumb"},"inLanguage":"hr","potentialAction":[{"@type":"ReadAction","target":["https:\/\/www.ahmadiyya-islam.org\/hr\/humanity-first\/humanity-first-hrvatska\/humanity-first-hrvatska-otvorila-prvu-banku-hrane-u-glini\/"]}]},{"@type":"ImageObject","inLanguage":"hr","@id":"https:\/\/www.ahmadiyya-islam.org\/hr\/humanity-first\/humanity-first-hrvatska\/humanity-first-hrvatska-otvorila-prvu-banku-hrane-u-glini\/#primaryimage","url":"https:\/\/www.ahmadiyya-islam.org\/hr\/wp-content\/uploads\/sites\/22\/2025\/07\/Food-Bank-.jpg","contentUrl":"https:\/\/www.ahmadiyya-islam.org\/hr\/wp-content\/uploads\/sites\/22\/2025\/07\/Food-Bank-.jpg","width":1500,"height":750,"caption":"Humanity First - Food Bank"},{"@type":"BreadcrumbList","@id":"https:\/\/www.ahmadiyya-islam.org\/hr\/humanity-first\/humanity-first-hrvatska\/humanity-first-hrvatska-otvorila-prvu-banku-hrane-u-glini\/#breadcrumb","itemListElement":[{"@type":"ListItem","position":1,"name":"Home","item":"https:\/\/www.ahmadiyya-islam.org\/hr\/"},{"@type":"ListItem","position":2,"name":"Humanity First Hrvatska otvorila prvu Banku hrane u Glini"}]},{"@type":"WebSite","@id":"https:\/\/www.ahmadiyya-islam.org\/hr\/#website","url":"https:\/\/www.ahmadiyya-islam.org\/hr\/","name":"Ahmadija muslimanski d\u017eamat","description":"Hrvatska","potentialAction":[{"@type":"SearchAction","target":{"@type":"EntryPoint","urlTemplate":"https:\/\/www.ahmadiyya-islam.org\/hr\/?s={search_term_string}"},"query-input":{"@type":"PropertyValueSpecification","valueRequired":true,"valueName":"search_term_string"}}],"inLanguage":"hr"},{"@type":"Person","@id":"https:\/\/www.ahmadiyya-islam.org\/hr\/#\/schema\/person\/4d74f28572ca6c7fa65111daa316ed65","name":"ranamunawar","url":"https:\/\/www.ahmadiyya-islam.org\/hr\/author\/ranamunawar\/"}]}},"_links":{"self":[{"href":"https:\/\/www.ahmadiyya-islam.org\/hr\/wp-json\/wp\/v2\/posts\/2921","targetHints":{"allow":["GET"]}}],"collection":[{"href":"https:\/\/www.ahmadiyya-islam.org\/hr\/wp-json\/wp\/v2\/posts"}],"about":[{"href":"https:\/\/www.ahmadiyya-islam.org\/hr\/wp-json\/wp\/v2\/types\/post"}],"author":[{"embeddable":true,"href":"https:\/\/www.ahmadiyya-islam.org\/hr\/wp-json\/wp\/v2\/users\/77"}],"replies":[{"embeddable":true,"href":"https:\/\/www.ahmadiyya-islam.org\/hr\/wp-json\/wp\/v2\/comments?post=2921"}],"version-history":[{"count":1,"href":"https:\/\/www.ahmadiyya-islam.org\/hr\/wp-json\/wp\/v2\/posts\/2921\/revisions"}],"predecessor-version":[{"id":2932,"href":"https:\/\/www.ahmadiyya-islam.org\/hr\/wp-json\/wp\/v2\/posts\/2921\/revisions\/2932"}],"wp:featuredmedia":[{"embeddable":true,"href":"https:\/\/www.ahmadiyya-islam.org\/hr\/wp-json\/wp\/v2\/media\/2923"}],"wp:attachment":[{"href":"https:\/\/www.ahmadiyya-islam.org\/hr\/wp-json\/wp\/v2\/media?parent=2921"}],"wp:term":[{"taxonomy":"category","embeddable":true,"href":"https:\/\/www.ahmadiyya-islam.org\/hr\/wp-json\/wp\/v2\/categories?post=2921"},{"taxonomy":"post_tag","embeddable":true,"href":"https:\/\/www.ahmadiyya-islam.org\/hr\/wp-json\/wp\/v2\/tags?post=2921"},{"taxonomy":"topics","embeddable":true,"href":"https:\/\/www.ahmadiyya-islam.org\/hr\/wp-json\/wp\/v2\/topics?post=2921"},{"taxonomy":"authors","embeddable":true,"href":"https:\/\/www.ahmadiyya-islam.org\/hr\/wp-json\/wp\/v2\/authors?post=2921"},{"taxonomy":"geo_locations","embeddable":true,"href":"https:\/\/www.ahmadiyya-islam.org\/hr\/wp-json\/wp\/v2\/geo_locations?post=2921"},{"taxonomy":"content_source","embeddable":true,"href":"https:\/\/www.ahmadiyya-islam.org\/hr\/wp-json\/wp\/v2\/content_source?post=2921"}],"curies":[{"name":"wp","href":"https:\/\/api.w.org\/{rel}","templated":true}]}}