{"id":2819,"date":"2025-03-25T10:06:16","date_gmt":"2025-03-25T10:06:16","guid":{"rendered":"https:\/\/www.ahmadiyya-islam.org\/hr\/?p=2819"},"modified":"2025-03-25T10:23:38","modified_gmt":"2025-03-25T10:23:38","slug":"nisam-heroj-ja-sam-musliman","status":"publish","type":"post","link":"https:\/\/www.ahmadiyya-islam.org\/hr\/ahmadija\/nisam-heroj-ja-sam-musliman\/","title":{"rendered":"&#8220;Nisam heroj &#8211; ja sam musliman&#8221;"},"content":{"rendered":"<p>Dana 3. o\u017eujka 2025. Mannheim je svjedo\u010dio tragi\u010dnom doga\u0111aju kada je Alexander S., 40-godi\u0161njak, vozio svoj automobil kroz pje\u0161a\u010dku zonu. Pritom je izazvao kaos i napravio pusto\u0161 jer je svojom suludom vo\u017enjom ubio dvoje ljudi, a 14 ozlijedio, me\u0111u kojima su neki u kriti\u010dnom stanju. Situacija je mogla biti daleko gora da nije bilo hrabrog taksiste Afzala Muhammada, koji je hrabro odreagirao.<\/p>\n<p><strong>Hrabrost A. Muhammada<\/strong><\/p>\n<p>Muhammad, taksist pakistanskog porijekla koji ve\u0107 15 godina \u017eivi u Mannheimu, herojski je intervenirao kako bi zaustavio napada\u010da. Bio je u blizini gradske vije\u0107nice Mannheima kada je ugledao automobil kako prolazi pje\u0161a\u010dkim stazama i pritom doslovno gazi pje\u0161ake. Prepoznav\u0161i ozbiljnost situacije, Muhammad je djelovao brzo &#8211; zatrubio je da upozori prolaznike, zatim je pratio vozilo i naposljetku svojim taksijem blokirao put napada\u010du.<\/p>\n<p>Napada\u010d, mu\u0161karac iz Ludwigshafena, poku\u0161ao je pobje\u0107i i \u010dak je pucao iz praznog pi\u0161tolja na Muhammada. U po\u010detku je iza\u0161ao iz automobila \u017eele\u0107i potra\u017eiti neko mjesto gdje \u0107e se skloniti, ali je Muhammad ubrzo shvatio da se njegov automobil mo\u017ee koristiti kao vozilo za bijeg. Po\u017eurio je natrag po klju\u010deve od automobila, sprije\u010div\u0161i daljnju tragediju. Svojim brzim razmi\u0161ljanjem i nesebi\u010dnim djelovanjem zadobio je pohvale du\u017enosnika i javnosti.<\/p>\n<p><strong>Poruka zajedni\u0161tva i vjere<\/strong><\/p>\n<p>Unato\u010d tome \u0161to je hvaljen kao heroj, Muhammad je ponizno odbacio tu titulu. \u201cJa nisam heroj. Ja sam musliman. Ovo je moja du\u017enost. Ja sam Mannheimer [pripadnik Mannheima]. Mannheim mi je dao toliko toga u posljednjih 10 godina. Ono \u0161to sam u\u010dinio nije bilo ni\u0161ta u usporedbi s tim\u201d, rekao\u00a0je. Istaknuo je da je svoje postupke vodio vjerom i osje\u0107ajem du\u017enosti prema bli\u017enjima. Kao pripadnik muslimanskog d\u017eemata Ahmadija, on vjeruje u mir i za\u0161titu drugih.<\/p>\n<p>Gradona\u010delnik Mannheima, Christian Specht, pohvalio je Muhammadovu hrabrost, priznaju\u0107i kako je njegova intervencija vjerojatno sprije\u010dila vi\u0161e \u017ertava. &#8220;Ti si pravi Mannheimer&#8221;, rekao mu je Specht, zahvaljuju\u0107i mu se u ime grada. Muhammadov odvjetnik ponovio je da je njegova intervencija kako bi se sprije\u010dila tragedija, bila prirodni instinkt za njega kao muslimana.<\/p>\n<p>Nakon tog doga\u0111aja, Muhammad je imao zdravstvenih problema, ali se sada oporavlja i nada se da \u0107e nastaviti normalan \u017eivot kao taksist, slu\u017ee\u0107i ljudima Mannheima. Tako\u0111er se nada da svojim postupcima \u0161alje sna\u017enu poruku protiv podjela i mr\u017enje, ja\u010daju\u0107i Mannheimove vrijednosti tolerancije i solidarnosti.<\/p>\n<p><strong>\u0160iroko rasprostranjeno priznanje i utjecaj<\/strong><\/p>\n<p>Muhammadov \u010din hrabrosti privukao je pa\u017enju cijele zemlje. Veliki njema\u010dki mediji, uklju\u010duju\u0107i Tagesschau, Bild, Welt, Spiegel, Stern TV, FAZ, NTV, Berliner Zeitung, RTL, Mannheim24, WDR, SWR i TAZ, izvijestili su o njegovoj hrabroj intervenciji, isti\u010du\u0107i va\u017enost njegovih postupaka u sprje\u010davanju daljnje tragedije.<\/p>\n<p>Muhammadova hrabrost i nesebi\u010dnost dolaze u vrijeme kada je Njema\u010dka do\u017eivjela porast antiislamskih osje\u0107aja. Nedavni napadi u Njema\u010dkoj potaknuli su zlo\u010dine iz mr\u017enje protiv migranata u zemlji, a od bo\u017ei\u0107nog napada u Magdeburgu, \u201cmigranti u Magdeburgu navodno su pljuvani, udarani u lice, a u jednom slu\u010daju zavr\u0161ili su u bolnici s razbijenim zubima\u201c, izvijestile su grupe migranata.<\/p>\n<p>Njema\u010dka je tako\u0111er zabilje\u017eila ve\u0107u podr\u0161ku svojoj krajnje desnoj stranci, AfD. Na nedavnim izborima odr\u017eanima u toj zemlji, ova je stranka dobila zna\u010dajnu potporu, \u0161to ukazuje na porast antiimigrantskih osje\u0107aja. Iako AfD sna\u017eno odbacuje bilo kakvu povezanost s nacisti\u010dkom pro\u0161lo\u0161\u0107u, pod nadzorom je zbog sumnje na desni\u010darski ekstremizam.<\/p>\n<p>U takvoj klimi, Muhammadovi postupci tako\u0111er imaju potencijal pozitivnog utjecaja na imid\u017e migranata op\u0107enito, posebno muslimana.<\/p>\n<p><strong>Islamski princip humanosti<\/strong><\/p>\n<p>Muhammadova jezgrovita izjava, \u201cJa nisam heroj \u2013 ja sam musliman\u201d, pokazuje kako Ahmadi muslimani utjelovljuju istinska u\u010denja islama, koja nas u\u010de ljubavi i brizi za druge, bez obzira tko su.<\/p>\n<p>Utemeljitelj muslimanske zajednice Ahmadija, hazreti Mirza Ghulam Ahmad<sup>a.s.<\/sup>, vi\u0161e je puta pozivao svoje sljedbenike da budu voljni slu\u017eiti \u010dovje\u010danstvu, isti\u010du\u0107i to kao temeljnu islamsku vrlinu. S tim u vezi rekao je:<\/p>\n<blockquote><p>\u201cSvatko bi se trebao svakodnevno prou\u010davati da vidi koliko mu je stalo do ovih stvari i koliko suosje\u0107a sa svojom bra\u0107om i pokazuje im dobrotu. U tom pogledu velika je odgovornost na \u010dovjeku.\u201d (<em>Malfuzat<\/em>, sv. 7, str. 89)<\/p><\/blockquote>\n<p>Trenutni poglavar muslimanske zajednice Ahmadija, hazreti Mirza Masroor Ahmad<sup>a.b.a.<\/sup>, sli\u010dno navodi:<\/p>\n<blockquote><p>\u201cUvijek imajte na umu da je slu\u017eenje \u010dovje\u010danstvu klju\u010dni cilj pravog muslimana, jer nas islam upu\u0107uje da slu\u017eimo onima kojima je potrebno i da pokazujemo suosje\u0107anje i suosje\u0107anje za cijelo \u010dovje\u010danstvo. Svemogu\u0107i Allah je poslao Obe\u0107anog Mesiju da ispuni ovaj veliki zadatak.\u201c<\/p><\/blockquote>\n<p><iframe loading=\"lazy\" title=\"Taxifahrer stoppt Attent\u00e4ter von Mannheim | stern TV\" width=\"900\" height=\"506\" src=\"https:\/\/www.youtube.com\/embed\/wlChgx9aa9k?feature=oembed\" frameborder=\"0\" allow=\"accelerometer; autoplay; clipboard-write; encrypted-media; gyroscope; picture-in-picture; web-share\" referrerpolicy=\"strict-origin-when-cross-origin\" allowfullscreen><\/iframe><\/p>\n","protected":false},"excerpt":{"rendered":"<p>Dana 3. o\u017eujka 2025. Mannheim je svjedo\u010dio tragi\u010dnom doga\u0111aju kada je Alexander S., 40-godi\u0161njak, vozio svoj automobil kroz pje\u0161a\u010dku zonu. Pritom je izazvao kaos i napravio pusto\u0161 jer je svojom suludom vo\u017enjom ubio dvoje ljudi, a 14 ozlijedio, me\u0111u kojima su neki u kriti\u010dnom stanju. Situacija je mogla biti daleko gora da nije bilo hrabrog<\/p>\n","protected":false},"author":77,"featured_media":2820,"comment_status":"closed","ping_status":"closed","sticky":false,"template":"","format":"standard","meta":{"_acf_changed":false,"footnotes":""},"categories":[272],"tags":[],"topics":[341,345,220,397,221],"authors":[],"geo_locations":[],"content_source":[],"class_list":["post-2819","post","type-post","status-publish","format-standard","has-post-thumbnail","hentry","category-ahmadija","topics-dzihad","topics-politika","topics-pravda","topics-progon","topics-svijet-u-krizi"],"acf":[],"yoast_head":"<!-- This site is optimized with the Yoast SEO Premium plugin v21.1 (Yoast SEO v27.4) - https:\/\/yoast.com\/product\/yoast-seo-premium-wordpress\/ -->\n<title>&quot;Nisam heroj - ja sam musliman&quot;<\/title>\n<meta name=\"description\" content=\"Dana 3. o\u017eujka 2025. Mannheim je svjedo\u010dio tragi\u010dnom doga\u0111aju kada je Alexander S., 40-godi\u0161njak, vozio svoj automobil kroz pje\u0161a\u010dku zonu.\" \/>\n<meta name=\"robots\" content=\"index, follow, max-snippet:-1, max-image-preview:large, max-video-preview:-1\" \/>\n<link rel=\"canonical\" href=\"https:\/\/www.ahmadiyya-islam.org\/hr\/ahmadija\/nisam-heroj-ja-sam-musliman\/\" \/>\n<meta property=\"og:locale\" content=\"hr_HR\" \/>\n<meta property=\"og:type\" content=\"article\" \/>\n<meta property=\"og:title\" content=\"&quot;Nisam heroj - ja sam musliman&quot;\" \/>\n<meta property=\"og:description\" content=\"Dana 3. o\u017eujka 2025. Mannheim je svjedo\u010dio tragi\u010dnom doga\u0111aju kada je Alexander S., 40-godi\u0161njak, vozio svoj automobil kroz pje\u0161a\u010dku zonu.\" \/>\n<meta property=\"og:url\" content=\"https:\/\/www.ahmadiyya-islam.org\/hr\/ahmadija\/nisam-heroj-ja-sam-musliman\/\" \/>\n<meta property=\"og:site_name\" content=\"Ahmadija muslimanski d\u017eamat\" \/>\n<meta property=\"article:published_time\" content=\"2025-03-25T10:06:16+00:00\" \/>\n<meta property=\"article:modified_time\" content=\"2025-03-25T10:23:38+00:00\" \/>\n<meta property=\"og:image\" content=\"http:\/\/www.ahmadiyya-islam.org\/hr\/wp-content\/uploads\/sites\/22\/2025\/03\/Nisam-heroj-.jpg\" \/>\n\t<meta property=\"og:image:width\" content=\"1500\" \/>\n\t<meta property=\"og:image:height\" content=\"750\" \/>\n\t<meta property=\"og:image:type\" content=\"image\/jpeg\" \/>\n<meta name=\"author\" content=\"ranamunawar\" \/>\n<meta name=\"twitter:card\" content=\"summary_large_image\" \/>\n<meta name=\"twitter:label1\" content=\"Napisao\/la\" \/>\n\t<meta name=\"twitter:data1\" content=\"ranamunawar\" \/>\n\t<meta name=\"twitter:label2\" content=\"Procijenjeno vrijeme \u010ditanja\" \/>\n\t<meta name=\"twitter:data2\" content=\"4 minute\" \/>\n<script type=\"application\/ld+json\" class=\"yoast-schema-graph\">{\"@context\":\"https:\\\/\\\/schema.org\",\"@graph\":[{\"@type\":\"Article\",\"@id\":\"https:\\\/\\\/www.ahmadiyya-islam.org\\\/hr\\\/ahmadija\\\/nisam-heroj-ja-sam-musliman\\\/#article\",\"isPartOf\":{\"@id\":\"https:\\\/\\\/www.ahmadiyya-islam.org\\\/hr\\\/ahmadija\\\/nisam-heroj-ja-sam-musliman\\\/\"},\"author\":{\"name\":\"ranamunawar\",\"@id\":\"https:\\\/\\\/www.ahmadiyya-islam.org\\\/hr\\\/#\\\/schema\\\/person\\\/4d74f28572ca6c7fa65111daa316ed65\"},\"headline\":\"&#8220;Nisam heroj &#8211; ja sam musliman&#8221;\",\"datePublished\":\"2025-03-25T10:06:16+00:00\",\"dateModified\":\"2025-03-25T10:23:38+00:00\",\"mainEntityOfPage\":{\"@id\":\"https:\\\/\\\/www.ahmadiyya-islam.org\\\/hr\\\/ahmadija\\\/nisam-heroj-ja-sam-musliman\\\/\"},\"wordCount\":817,\"image\":{\"@id\":\"https:\\\/\\\/www.ahmadiyya-islam.org\\\/hr\\\/ahmadija\\\/nisam-heroj-ja-sam-musliman\\\/#primaryimage\"},\"thumbnailUrl\":\"https:\\\/\\\/www.ahmadiyya-islam.org\\\/hr\\\/wp-content\\\/uploads\\\/sites\\\/22\\\/2025\\\/03\\\/Nisam-heroj-.jpg\",\"articleSection\":[\"Ahmadija\"],\"inLanguage\":\"hr\"},{\"@type\":\"WebPage\",\"@id\":\"https:\\\/\\\/www.ahmadiyya-islam.org\\\/hr\\\/ahmadija\\\/nisam-heroj-ja-sam-musliman\\\/\",\"url\":\"https:\\\/\\\/www.ahmadiyya-islam.org\\\/hr\\\/ahmadija\\\/nisam-heroj-ja-sam-musliman\\\/\",\"name\":\"\\\"Nisam heroj - ja sam musliman\\\"\",\"isPartOf\":{\"@id\":\"https:\\\/\\\/www.ahmadiyya-islam.org\\\/hr\\\/#website\"},\"primaryImageOfPage\":{\"@id\":\"https:\\\/\\\/www.ahmadiyya-islam.org\\\/hr\\\/ahmadija\\\/nisam-heroj-ja-sam-musliman\\\/#primaryimage\"},\"image\":{\"@id\":\"https:\\\/\\\/www.ahmadiyya-islam.org\\\/hr\\\/ahmadija\\\/nisam-heroj-ja-sam-musliman\\\/#primaryimage\"},\"thumbnailUrl\":\"https:\\\/\\\/www.ahmadiyya-islam.org\\\/hr\\\/wp-content\\\/uploads\\\/sites\\\/22\\\/2025\\\/03\\\/Nisam-heroj-.jpg\",\"datePublished\":\"2025-03-25T10:06:16+00:00\",\"dateModified\":\"2025-03-25T10:23:38+00:00\",\"author\":{\"@id\":\"https:\\\/\\\/www.ahmadiyya-islam.org\\\/hr\\\/#\\\/schema\\\/person\\\/4d74f28572ca6c7fa65111daa316ed65\"},\"description\":\"Dana 3. o\u017eujka 2025. Mannheim je svjedo\u010dio tragi\u010dnom doga\u0111aju kada je Alexander S., 40-godi\u0161njak, vozio svoj automobil kroz pje\u0161a\u010dku zonu.\",\"breadcrumb\":{\"@id\":\"https:\\\/\\\/www.ahmadiyya-islam.org\\\/hr\\\/ahmadija\\\/nisam-heroj-ja-sam-musliman\\\/#breadcrumb\"},\"inLanguage\":\"hr\",\"potentialAction\":[{\"@type\":\"ReadAction\",\"target\":[\"https:\\\/\\\/www.ahmadiyya-islam.org\\\/hr\\\/ahmadija\\\/nisam-heroj-ja-sam-musliman\\\/\"]}]},{\"@type\":\"ImageObject\",\"inLanguage\":\"hr\",\"@id\":\"https:\\\/\\\/www.ahmadiyya-islam.org\\\/hr\\\/ahmadija\\\/nisam-heroj-ja-sam-musliman\\\/#primaryimage\",\"url\":\"https:\\\/\\\/www.ahmadiyya-islam.org\\\/hr\\\/wp-content\\\/uploads\\\/sites\\\/22\\\/2025\\\/03\\\/Nisam-heroj-.jpg\",\"contentUrl\":\"https:\\\/\\\/www.ahmadiyya-islam.org\\\/hr\\\/wp-content\\\/uploads\\\/sites\\\/22\\\/2025\\\/03\\\/Nisam-heroj-.jpg\",\"width\":1500,\"height\":750,\"caption\":\"Nisam heroj - ja sam musliman\"},{\"@type\":\"BreadcrumbList\",\"@id\":\"https:\\\/\\\/www.ahmadiyya-islam.org\\\/hr\\\/ahmadija\\\/nisam-heroj-ja-sam-musliman\\\/#breadcrumb\",\"itemListElement\":[{\"@type\":\"ListItem\",\"position\":1,\"name\":\"Home\",\"item\":\"https:\\\/\\\/www.ahmadiyya-islam.org\\\/hr\\\/\"},{\"@type\":\"ListItem\",\"position\":2,\"name\":\"&#8220;Nisam heroj &#8211; ja sam musliman&#8221;\"}]},{\"@type\":\"WebSite\",\"@id\":\"https:\\\/\\\/www.ahmadiyya-islam.org\\\/hr\\\/#website\",\"url\":\"https:\\\/\\\/www.ahmadiyya-islam.org\\\/hr\\\/\",\"name\":\"Ahmadija muslimanski d\u017eamat\",\"description\":\"Hrvatska\",\"potentialAction\":[{\"@type\":\"SearchAction\",\"target\":{\"@type\":\"EntryPoint\",\"urlTemplate\":\"https:\\\/\\\/www.ahmadiyya-islam.org\\\/hr\\\/?s={search_term_string}\"},\"query-input\":{\"@type\":\"PropertyValueSpecification\",\"valueRequired\":true,\"valueName\":\"search_term_string\"}}],\"inLanguage\":\"hr\"},{\"@type\":\"Person\",\"@id\":\"https:\\\/\\\/www.ahmadiyya-islam.org\\\/hr\\\/#\\\/schema\\\/person\\\/4d74f28572ca6c7fa65111daa316ed65\",\"name\":\"ranamunawar\",\"url\":\"https:\\\/\\\/www.ahmadiyya-islam.org\\\/hr\\\/author\\\/ranamunawar\\\/\"}]}<\/script>\n<!-- \/ Yoast SEO Premium plugin. -->","yoast_head_json":{"title":"\"Nisam heroj - ja sam musliman\"","description":"Dana 3. o\u017eujka 2025. Mannheim je svjedo\u010dio tragi\u010dnom doga\u0111aju kada je Alexander S., 40-godi\u0161njak, vozio svoj automobil kroz pje\u0161a\u010dku zonu.","robots":{"index":"index","follow":"follow","max-snippet":"max-snippet:-1","max-image-preview":"max-image-preview:large","max-video-preview":"max-video-preview:-1"},"canonical":"https:\/\/www.ahmadiyya-islam.org\/hr\/ahmadija\/nisam-heroj-ja-sam-musliman\/","og_locale":"hr_HR","og_type":"article","og_title":"\"Nisam heroj - ja sam musliman\"","og_description":"Dana 3. o\u017eujka 2025. Mannheim je svjedo\u010dio tragi\u010dnom doga\u0111aju kada je Alexander S., 40-godi\u0161njak, vozio svoj automobil kroz pje\u0161a\u010dku zonu.","og_url":"https:\/\/www.ahmadiyya-islam.org\/hr\/ahmadija\/nisam-heroj-ja-sam-musliman\/","og_site_name":"Ahmadija muslimanski d\u017eamat","article_published_time":"2025-03-25T10:06:16+00:00","article_modified_time":"2025-03-25T10:23:38+00:00","og_image":[{"width":1500,"height":750,"url":"http:\/\/www.ahmadiyya-islam.org\/hr\/wp-content\/uploads\/sites\/22\/2025\/03\/Nisam-heroj-.jpg","type":"image\/jpeg"}],"author":"ranamunawar","twitter_card":"summary_large_image","twitter_misc":{"Napisao\/la":"ranamunawar","Procijenjeno vrijeme \u010ditanja":"4 minute"},"schema":{"@context":"https:\/\/schema.org","@graph":[{"@type":"Article","@id":"https:\/\/www.ahmadiyya-islam.org\/hr\/ahmadija\/nisam-heroj-ja-sam-musliman\/#article","isPartOf":{"@id":"https:\/\/www.ahmadiyya-islam.org\/hr\/ahmadija\/nisam-heroj-ja-sam-musliman\/"},"author":{"name":"ranamunawar","@id":"https:\/\/www.ahmadiyya-islam.org\/hr\/#\/schema\/person\/4d74f28572ca6c7fa65111daa316ed65"},"headline":"&#8220;Nisam heroj &#8211; ja sam musliman&#8221;","datePublished":"2025-03-25T10:06:16+00:00","dateModified":"2025-03-25T10:23:38+00:00","mainEntityOfPage":{"@id":"https:\/\/www.ahmadiyya-islam.org\/hr\/ahmadija\/nisam-heroj-ja-sam-musliman\/"},"wordCount":817,"image":{"@id":"https:\/\/www.ahmadiyya-islam.org\/hr\/ahmadija\/nisam-heroj-ja-sam-musliman\/#primaryimage"},"thumbnailUrl":"https:\/\/www.ahmadiyya-islam.org\/hr\/wp-content\/uploads\/sites\/22\/2025\/03\/Nisam-heroj-.jpg","articleSection":["Ahmadija"],"inLanguage":"hr"},{"@type":"WebPage","@id":"https:\/\/www.ahmadiyya-islam.org\/hr\/ahmadija\/nisam-heroj-ja-sam-musliman\/","url":"https:\/\/www.ahmadiyya-islam.org\/hr\/ahmadija\/nisam-heroj-ja-sam-musliman\/","name":"\"Nisam heroj - ja sam musliman\"","isPartOf":{"@id":"https:\/\/www.ahmadiyya-islam.org\/hr\/#website"},"primaryImageOfPage":{"@id":"https:\/\/www.ahmadiyya-islam.org\/hr\/ahmadija\/nisam-heroj-ja-sam-musliman\/#primaryimage"},"image":{"@id":"https:\/\/www.ahmadiyya-islam.org\/hr\/ahmadija\/nisam-heroj-ja-sam-musliman\/#primaryimage"},"thumbnailUrl":"https:\/\/www.ahmadiyya-islam.org\/hr\/wp-content\/uploads\/sites\/22\/2025\/03\/Nisam-heroj-.jpg","datePublished":"2025-03-25T10:06:16+00:00","dateModified":"2025-03-25T10:23:38+00:00","author":{"@id":"https:\/\/www.ahmadiyya-islam.org\/hr\/#\/schema\/person\/4d74f28572ca6c7fa65111daa316ed65"},"description":"Dana 3. o\u017eujka 2025. Mannheim je svjedo\u010dio tragi\u010dnom doga\u0111aju kada je Alexander S., 40-godi\u0161njak, vozio svoj automobil kroz pje\u0161a\u010dku zonu.","breadcrumb":{"@id":"https:\/\/www.ahmadiyya-islam.org\/hr\/ahmadija\/nisam-heroj-ja-sam-musliman\/#breadcrumb"},"inLanguage":"hr","potentialAction":[{"@type":"ReadAction","target":["https:\/\/www.ahmadiyya-islam.org\/hr\/ahmadija\/nisam-heroj-ja-sam-musliman\/"]}]},{"@type":"ImageObject","inLanguage":"hr","@id":"https:\/\/www.ahmadiyya-islam.org\/hr\/ahmadija\/nisam-heroj-ja-sam-musliman\/#primaryimage","url":"https:\/\/www.ahmadiyya-islam.org\/hr\/wp-content\/uploads\/sites\/22\/2025\/03\/Nisam-heroj-.jpg","contentUrl":"https:\/\/www.ahmadiyya-islam.org\/hr\/wp-content\/uploads\/sites\/22\/2025\/03\/Nisam-heroj-.jpg","width":1500,"height":750,"caption":"Nisam heroj - ja sam musliman"},{"@type":"BreadcrumbList","@id":"https:\/\/www.ahmadiyya-islam.org\/hr\/ahmadija\/nisam-heroj-ja-sam-musliman\/#breadcrumb","itemListElement":[{"@type":"ListItem","position":1,"name":"Home","item":"https:\/\/www.ahmadiyya-islam.org\/hr\/"},{"@type":"ListItem","position":2,"name":"&#8220;Nisam heroj &#8211; ja sam musliman&#8221;"}]},{"@type":"WebSite","@id":"https:\/\/www.ahmadiyya-islam.org\/hr\/#website","url":"https:\/\/www.ahmadiyya-islam.org\/hr\/","name":"Ahmadija muslimanski d\u017eamat","description":"Hrvatska","potentialAction":[{"@type":"SearchAction","target":{"@type":"EntryPoint","urlTemplate":"https:\/\/www.ahmadiyya-islam.org\/hr\/?s={search_term_string}"},"query-input":{"@type":"PropertyValueSpecification","valueRequired":true,"valueName":"search_term_string"}}],"inLanguage":"hr"},{"@type":"Person","@id":"https:\/\/www.ahmadiyya-islam.org\/hr\/#\/schema\/person\/4d74f28572ca6c7fa65111daa316ed65","name":"ranamunawar","url":"https:\/\/www.ahmadiyya-islam.org\/hr\/author\/ranamunawar\/"}]}},"_links":{"self":[{"href":"https:\/\/www.ahmadiyya-islam.org\/hr\/wp-json\/wp\/v2\/posts\/2819","targetHints":{"allow":["GET"]}}],"collection":[{"href":"https:\/\/www.ahmadiyya-islam.org\/hr\/wp-json\/wp\/v2\/posts"}],"about":[{"href":"https:\/\/www.ahmadiyya-islam.org\/hr\/wp-json\/wp\/v2\/types\/post"}],"author":[{"embeddable":true,"href":"https:\/\/www.ahmadiyya-islam.org\/hr\/wp-json\/wp\/v2\/users\/77"}],"replies":[{"embeddable":true,"href":"https:\/\/www.ahmadiyya-islam.org\/hr\/wp-json\/wp\/v2\/comments?post=2819"}],"version-history":[{"count":2,"href":"https:\/\/www.ahmadiyya-islam.org\/hr\/wp-json\/wp\/v2\/posts\/2819\/revisions"}],"predecessor-version":[{"id":2858,"href":"https:\/\/www.ahmadiyya-islam.org\/hr\/wp-json\/wp\/v2\/posts\/2819\/revisions\/2858"}],"wp:featuredmedia":[{"embeddable":true,"href":"https:\/\/www.ahmadiyya-islam.org\/hr\/wp-json\/wp\/v2\/media\/2820"}],"wp:attachment":[{"href":"https:\/\/www.ahmadiyya-islam.org\/hr\/wp-json\/wp\/v2\/media?parent=2819"}],"wp:term":[{"taxonomy":"category","embeddable":true,"href":"https:\/\/www.ahmadiyya-islam.org\/hr\/wp-json\/wp\/v2\/categories?post=2819"},{"taxonomy":"post_tag","embeddable":true,"href":"https:\/\/www.ahmadiyya-islam.org\/hr\/wp-json\/wp\/v2\/tags?post=2819"},{"taxonomy":"topics","embeddable":true,"href":"https:\/\/www.ahmadiyya-islam.org\/hr\/wp-json\/wp\/v2\/topics?post=2819"},{"taxonomy":"authors","embeddable":true,"href":"https:\/\/www.ahmadiyya-islam.org\/hr\/wp-json\/wp\/v2\/authors?post=2819"},{"taxonomy":"geo_locations","embeddable":true,"href":"https:\/\/www.ahmadiyya-islam.org\/hr\/wp-json\/wp\/v2\/geo_locations?post=2819"},{"taxonomy":"content_source","embeddable":true,"href":"https:\/\/www.ahmadiyya-islam.org\/hr\/wp-json\/wp\/v2\/content_source?post=2819"}],"curies":[{"name":"wp","href":"https:\/\/api.w.org\/{rel}","templated":true}]}}