{"id":2801,"date":"2025-02-16T16:36:23","date_gmt":"2025-02-16T16:36:23","guid":{"rendered":"https:\/\/www.ahmadiyya-islam.org\/hr\/?p=2801"},"modified":"2025-02-16T16:36:40","modified_gmt":"2025-02-16T16:36:40","slug":"ramazanski-plan-za-zagreb-2025-ramazanska-vaktija","status":"publish","type":"post","link":"https:\/\/www.ahmadiyya-islam.org\/hr\/ahmadija\/ramazanski-plan-za-zagreb-2025-ramazanska-vaktija\/","title":{"rendered":"Ramazanski Plan za Zagreb 2025. &#8211; ramazanska vaktija"},"content":{"rendered":"<p>Svake godine, kako se bli\u017ei blagoslovljeni mjesec Ramazan, muslimani diljem svijeta\u00a0 u radosnom su i\u0161\u010dekivanju prilike da po\u0161tuju post &#8211; \u010detvrti od pet temeljnih stupova islamske vjere. Pogodan dolazak Ramazana svake godine pobu\u0111uje zanimanje i razmi\u0161ljanje o tome \u0161to je zapravo post? Je li to besciljna vje\u017eba \u0161tednje ili vjerska disciplina koja obe\u0107ava moralni, fizi\u010dki i duhovni razvoj? Je li ovo nova praksa koju je uveo islam? Kako razne svjetske religije poti\u010du post i koji je istinski koncept posta unutar islama? Slijedom toga, kakav je zna\u010daj samog Ramazana i koji su ciljevi koje musliman nastoji posti\u0107i u ovom mjesecu?<\/p>\n<p><a href=\"https:\/\/www.ahmadiyya-islam.org\/hr\/clanci\/sto-je-ramazan-i-post\/\"><strong>\u0160to je zapravo ramazan i post u islamu? <\/strong><strong>\u010citajte vi\u0161e &#8230;<\/strong><\/a><\/p>\n<p style=\"text-align: center\"><strong>Ramazanski plan za Zagreb 2025.<\/strong><\/p>\n<p><img loading=\"lazy\" decoding=\"async\" class=\"aligncenter size-full wp-image-2802\" src=\"http:\/\/www.ahmadiyya-islam.org\/hr\/wp-content\/uploads\/sites\/22\/2025\/02\/Ramazan-Plan-2025-.jpg\" alt=\"Ramazanska vaktija 2025\" width=\"1039\" height=\"1450\" srcset=\"https:\/\/www.ahmadiyya-islam.org\/hr\/wp-content\/uploads\/sites\/22\/2025\/02\/Ramazan-Plan-2025-.jpg 1039w, https:\/\/www.ahmadiyya-islam.org\/hr\/wp-content\/uploads\/sites\/22\/2025\/02\/Ramazan-Plan-2025--215x300.jpg 215w, https:\/\/www.ahmadiyya-islam.org\/hr\/wp-content\/uploads\/sites\/22\/2025\/02\/Ramazan-Plan-2025--734x1024.jpg 734w, https:\/\/www.ahmadiyya-islam.org\/hr\/wp-content\/uploads\/sites\/22\/2025\/02\/Ramazan-Plan-2025--768x1072.jpg 768w\" sizes=\"auto, (max-width: 1039px) 100vw, 1039px\" \/><\/p>\n<p style=\"text-align: center\"><a href=\"https:\/\/drive.google.com\/file\/d\/1XBUm7-hQ-y5cMO2m5vuMQBSoyLsmr88-\/view?usp=drive_link\">Preuzmite PDF za ispis<\/a><\/p>\n<p><img loading=\"lazy\" decoding=\"async\" class=\"aligncenter size-full wp-image-2805\" src=\"http:\/\/www.ahmadiyya-islam.org\/hr\/wp-content\/uploads\/sites\/22\/2025\/02\/card-back-.jpg\" alt=\"Ramazanska vaktija 2025.\" width=\"894\" height=\"642\" srcset=\"https:\/\/www.ahmadiyya-islam.org\/hr\/wp-content\/uploads\/sites\/22\/2025\/02\/card-back-.jpg 894w, https:\/\/www.ahmadiyya-islam.org\/hr\/wp-content\/uploads\/sites\/22\/2025\/02\/card-back--300x215.jpg 300w, https:\/\/www.ahmadiyya-islam.org\/hr\/wp-content\/uploads\/sites\/22\/2025\/02\/card-back--768x552.jpg 768w\" sizes=\"auto, (max-width: 894px) 100vw, 894px\" \/><\/p>\n","protected":false},"excerpt":{"rendered":"<p>Svake godine, kako se bli\u017ei blagoslovljeni mjesec Ramazan, muslimani diljem svijeta\u00a0 u radosnom su i\u0161\u010dekivanju prilike da po\u0161tuju post &#8211; \u010detvrti od pet temeljnih stupova islamske vjere. Pogodan dolazak Ramazana svake godine pobu\u0111uje zanimanje i razmi\u0161ljanje o tome \u0161to je zapravo post? Je li to besciljna vje\u017eba \u0161tednje ili vjerska disciplina koja obe\u0107ava moralni, fizi\u010dki<\/p>\n","protected":false},"author":77,"featured_media":2803,"comment_status":"closed","ping_status":"closed","sticky":false,"template":"","format":"standard","meta":{"_acf_changed":false,"footnotes":""},"categories":[272],"tags":[312,306,304,303,307,378],"topics":[302],"authors":[],"geo_locations":[],"content_source":[],"class_list":["post-2801","post","type-post","status-publish","format-standard","has-post-thumbnail","hentry","category-ahmadija","tag-bajram","tag-iftar","tag-post","tag-ramazan","tag-sehur","tag-vaktija","topics-ramazan"],"acf":[],"yoast_head":"<!-- This site is optimized with the Yoast SEO Premium plugin v21.1 (Yoast SEO v27.4) - https:\/\/yoast.com\/product\/yoast-seo-premium-wordpress\/ -->\n<title>Ramazanski Plan za Zagreb 2025. - ramazanska vaktija<\/title>\n<meta name=\"description\" content=\"Svake godine, kako se bli\u017ei blagoslovljeni mjesec Ramazan, muslimani diljem svijeta u radosnom su i\u0161\u010dekivanju prilike da po\u0161tuju post.\" \/>\n<meta name=\"robots\" content=\"index, follow, max-snippet:-1, max-image-preview:large, max-video-preview:-1\" \/>\n<link rel=\"canonical\" href=\"https:\/\/www.ahmadiyya-islam.org\/hr\/ahmadija\/ramazanski-plan-za-zagreb-2025-ramazanska-vaktija\/\" \/>\n<meta property=\"og:locale\" content=\"hr_HR\" \/>\n<meta property=\"og:type\" content=\"article\" \/>\n<meta property=\"og:title\" content=\"Ramazanski Plan za Zagreb 2025. - ramazanska vaktija\" \/>\n<meta property=\"og:description\" content=\"Svake godine, kako se bli\u017ei blagoslovljeni mjesec Ramazan, muslimani diljem svijeta u radosnom su i\u0161\u010dekivanju prilike da po\u0161tuju post.\" \/>\n<meta property=\"og:url\" content=\"https:\/\/www.ahmadiyya-islam.org\/hr\/ahmadija\/ramazanski-plan-za-zagreb-2025-ramazanska-vaktija\/\" \/>\n<meta property=\"og:site_name\" content=\"Ahmadija muslimanski d\u017eamat\" \/>\n<meta property=\"article:published_time\" content=\"2025-02-16T16:36:23+00:00\" \/>\n<meta property=\"article:modified_time\" content=\"2025-02-16T16:36:40+00:00\" \/>\n<meta property=\"og:image\" content=\"http:\/\/www.ahmadiyya-islam.org\/hr\/wp-content\/uploads\/sites\/22\/2025\/02\/Vaktija-2025.jpg\" \/>\n\t<meta property=\"og:image:width\" content=\"1650\" \/>\n\t<meta property=\"og:image:height\" content=\"650\" \/>\n\t<meta property=\"og:image:type\" content=\"image\/jpeg\" \/>\n<meta name=\"author\" content=\"ranamunawar\" \/>\n<meta name=\"twitter:card\" content=\"summary_large_image\" \/>\n<meta name=\"twitter:label1\" content=\"Napisao\/la\" \/>\n\t<meta name=\"twitter:data1\" content=\"ranamunawar\" \/>\n\t<meta name=\"twitter:label2\" content=\"Procijenjeno vrijeme \u010ditanja\" \/>\n\t<meta name=\"twitter:data2\" content=\"2 minute\" \/>\n<script type=\"application\/ld+json\" class=\"yoast-schema-graph\">{\"@context\":\"https:\\\/\\\/schema.org\",\"@graph\":[{\"@type\":\"Article\",\"@id\":\"https:\\\/\\\/www.ahmadiyya-islam.org\\\/hr\\\/ahmadija\\\/ramazanski-plan-za-zagreb-2025-ramazanska-vaktija\\\/#article\",\"isPartOf\":{\"@id\":\"https:\\\/\\\/www.ahmadiyya-islam.org\\\/hr\\\/ahmadija\\\/ramazanski-plan-za-zagreb-2025-ramazanska-vaktija\\\/\"},\"author\":{\"name\":\"ranamunawar\",\"@id\":\"https:\\\/\\\/www.ahmadiyya-islam.org\\\/hr\\\/#\\\/schema\\\/person\\\/4d74f28572ca6c7fa65111daa316ed65\"},\"headline\":\"Ramazanski Plan za Zagreb 2025. &#8211; ramazanska vaktija\",\"datePublished\":\"2025-02-16T16:36:23+00:00\",\"dateModified\":\"2025-02-16T16:36:40+00:00\",\"mainEntityOfPage\":{\"@id\":\"https:\\\/\\\/www.ahmadiyya-islam.org\\\/hr\\\/ahmadija\\\/ramazanski-plan-za-zagreb-2025-ramazanska-vaktija\\\/\"},\"wordCount\":136,\"image\":{\"@id\":\"https:\\\/\\\/www.ahmadiyya-islam.org\\\/hr\\\/ahmadija\\\/ramazanski-plan-za-zagreb-2025-ramazanska-vaktija\\\/#primaryimage\"},\"thumbnailUrl\":\"https:\\\/\\\/www.ahmadiyya-islam.org\\\/hr\\\/wp-content\\\/uploads\\\/sites\\\/22\\\/2025\\\/02\\\/Vaktija-2025.jpg\",\"keywords\":[\"Bajram\",\"Iftar\",\"Post\",\"Ramazan\",\"Sehur\",\"Vaktija\"],\"articleSection\":[\"Ahmadija\"],\"inLanguage\":\"hr\"},{\"@type\":\"WebPage\",\"@id\":\"https:\\\/\\\/www.ahmadiyya-islam.org\\\/hr\\\/ahmadija\\\/ramazanski-plan-za-zagreb-2025-ramazanska-vaktija\\\/\",\"url\":\"https:\\\/\\\/www.ahmadiyya-islam.org\\\/hr\\\/ahmadija\\\/ramazanski-plan-za-zagreb-2025-ramazanska-vaktija\\\/\",\"name\":\"Ramazanski Plan za Zagreb 2025. - ramazanska vaktija\",\"isPartOf\":{\"@id\":\"https:\\\/\\\/www.ahmadiyya-islam.org\\\/hr\\\/#website\"},\"primaryImageOfPage\":{\"@id\":\"https:\\\/\\\/www.ahmadiyya-islam.org\\\/hr\\\/ahmadija\\\/ramazanski-plan-za-zagreb-2025-ramazanska-vaktija\\\/#primaryimage\"},\"image\":{\"@id\":\"https:\\\/\\\/www.ahmadiyya-islam.org\\\/hr\\\/ahmadija\\\/ramazanski-plan-za-zagreb-2025-ramazanska-vaktija\\\/#primaryimage\"},\"thumbnailUrl\":\"https:\\\/\\\/www.ahmadiyya-islam.org\\\/hr\\\/wp-content\\\/uploads\\\/sites\\\/22\\\/2025\\\/02\\\/Vaktija-2025.jpg\",\"datePublished\":\"2025-02-16T16:36:23+00:00\",\"dateModified\":\"2025-02-16T16:36:40+00:00\",\"author\":{\"@id\":\"https:\\\/\\\/www.ahmadiyya-islam.org\\\/hr\\\/#\\\/schema\\\/person\\\/4d74f28572ca6c7fa65111daa316ed65\"},\"description\":\"Svake godine, kako se bli\u017ei blagoslovljeni mjesec Ramazan, muslimani diljem svijeta u radosnom su i\u0161\u010dekivanju prilike da po\u0161tuju post.\",\"breadcrumb\":{\"@id\":\"https:\\\/\\\/www.ahmadiyya-islam.org\\\/hr\\\/ahmadija\\\/ramazanski-plan-za-zagreb-2025-ramazanska-vaktija\\\/#breadcrumb\"},\"inLanguage\":\"hr\",\"potentialAction\":[{\"@type\":\"ReadAction\",\"target\":[\"https:\\\/\\\/www.ahmadiyya-islam.org\\\/hr\\\/ahmadija\\\/ramazanski-plan-za-zagreb-2025-ramazanska-vaktija\\\/\"]}]},{\"@type\":\"ImageObject\",\"inLanguage\":\"hr\",\"@id\":\"https:\\\/\\\/www.ahmadiyya-islam.org\\\/hr\\\/ahmadija\\\/ramazanski-plan-za-zagreb-2025-ramazanska-vaktija\\\/#primaryimage\",\"url\":\"https:\\\/\\\/www.ahmadiyya-islam.org\\\/hr\\\/wp-content\\\/uploads\\\/sites\\\/22\\\/2025\\\/02\\\/Vaktija-2025.jpg\",\"contentUrl\":\"https:\\\/\\\/www.ahmadiyya-islam.org\\\/hr\\\/wp-content\\\/uploads\\\/sites\\\/22\\\/2025\\\/02\\\/Vaktija-2025.jpg\",\"width\":1650,\"height\":650,\"caption\":\"Ramazanska vaktija 2025.\"},{\"@type\":\"BreadcrumbList\",\"@id\":\"https:\\\/\\\/www.ahmadiyya-islam.org\\\/hr\\\/ahmadija\\\/ramazanski-plan-za-zagreb-2025-ramazanska-vaktija\\\/#breadcrumb\",\"itemListElement\":[{\"@type\":\"ListItem\",\"position\":1,\"name\":\"Home\",\"item\":\"https:\\\/\\\/www.ahmadiyya-islam.org\\\/hr\\\/\"},{\"@type\":\"ListItem\",\"position\":2,\"name\":\"Ramazanski Plan za Zagreb 2025. &#8211; ramazanska vaktija\"}]},{\"@type\":\"WebSite\",\"@id\":\"https:\\\/\\\/www.ahmadiyya-islam.org\\\/hr\\\/#website\",\"url\":\"https:\\\/\\\/www.ahmadiyya-islam.org\\\/hr\\\/\",\"name\":\"Ahmadija muslimanski d\u017eamat\",\"description\":\"Hrvatska\",\"potentialAction\":[{\"@type\":\"SearchAction\",\"target\":{\"@type\":\"EntryPoint\",\"urlTemplate\":\"https:\\\/\\\/www.ahmadiyya-islam.org\\\/hr\\\/?s={search_term_string}\"},\"query-input\":{\"@type\":\"PropertyValueSpecification\",\"valueRequired\":true,\"valueName\":\"search_term_string\"}}],\"inLanguage\":\"hr\"},{\"@type\":\"Person\",\"@id\":\"https:\\\/\\\/www.ahmadiyya-islam.org\\\/hr\\\/#\\\/schema\\\/person\\\/4d74f28572ca6c7fa65111daa316ed65\",\"name\":\"ranamunawar\",\"url\":\"https:\\\/\\\/www.ahmadiyya-islam.org\\\/hr\\\/author\\\/ranamunawar\\\/\"}]}<\/script>\n<!-- \/ Yoast SEO Premium plugin. -->","yoast_head_json":{"title":"Ramazanski Plan za Zagreb 2025. - ramazanska vaktija","description":"Svake godine, kako se bli\u017ei blagoslovljeni mjesec Ramazan, muslimani diljem svijeta u radosnom su i\u0161\u010dekivanju prilike da po\u0161tuju post.","robots":{"index":"index","follow":"follow","max-snippet":"max-snippet:-1","max-image-preview":"max-image-preview:large","max-video-preview":"max-video-preview:-1"},"canonical":"https:\/\/www.ahmadiyya-islam.org\/hr\/ahmadija\/ramazanski-plan-za-zagreb-2025-ramazanska-vaktija\/","og_locale":"hr_HR","og_type":"article","og_title":"Ramazanski Plan za Zagreb 2025. - ramazanska vaktija","og_description":"Svake godine, kako se bli\u017ei blagoslovljeni mjesec Ramazan, muslimani diljem svijeta u radosnom su i\u0161\u010dekivanju prilike da po\u0161tuju post.","og_url":"https:\/\/www.ahmadiyya-islam.org\/hr\/ahmadija\/ramazanski-plan-za-zagreb-2025-ramazanska-vaktija\/","og_site_name":"Ahmadija muslimanski d\u017eamat","article_published_time":"2025-02-16T16:36:23+00:00","article_modified_time":"2025-02-16T16:36:40+00:00","og_image":[{"width":1650,"height":650,"url":"http:\/\/www.ahmadiyya-islam.org\/hr\/wp-content\/uploads\/sites\/22\/2025\/02\/Vaktija-2025.jpg","type":"image\/jpeg"}],"author":"ranamunawar","twitter_card":"summary_large_image","twitter_misc":{"Napisao\/la":"ranamunawar","Procijenjeno vrijeme \u010ditanja":"2 minute"},"schema":{"@context":"https:\/\/schema.org","@graph":[{"@type":"Article","@id":"https:\/\/www.ahmadiyya-islam.org\/hr\/ahmadija\/ramazanski-plan-za-zagreb-2025-ramazanska-vaktija\/#article","isPartOf":{"@id":"https:\/\/www.ahmadiyya-islam.org\/hr\/ahmadija\/ramazanski-plan-za-zagreb-2025-ramazanska-vaktija\/"},"author":{"name":"ranamunawar","@id":"https:\/\/www.ahmadiyya-islam.org\/hr\/#\/schema\/person\/4d74f28572ca6c7fa65111daa316ed65"},"headline":"Ramazanski Plan za Zagreb 2025. &#8211; ramazanska vaktija","datePublished":"2025-02-16T16:36:23+00:00","dateModified":"2025-02-16T16:36:40+00:00","mainEntityOfPage":{"@id":"https:\/\/www.ahmadiyya-islam.org\/hr\/ahmadija\/ramazanski-plan-za-zagreb-2025-ramazanska-vaktija\/"},"wordCount":136,"image":{"@id":"https:\/\/www.ahmadiyya-islam.org\/hr\/ahmadija\/ramazanski-plan-za-zagreb-2025-ramazanska-vaktija\/#primaryimage"},"thumbnailUrl":"https:\/\/www.ahmadiyya-islam.org\/hr\/wp-content\/uploads\/sites\/22\/2025\/02\/Vaktija-2025.jpg","keywords":["Bajram","Iftar","Post","Ramazan","Sehur","Vaktija"],"articleSection":["Ahmadija"],"inLanguage":"hr"},{"@type":"WebPage","@id":"https:\/\/www.ahmadiyya-islam.org\/hr\/ahmadija\/ramazanski-plan-za-zagreb-2025-ramazanska-vaktija\/","url":"https:\/\/www.ahmadiyya-islam.org\/hr\/ahmadija\/ramazanski-plan-za-zagreb-2025-ramazanska-vaktija\/","name":"Ramazanski Plan za Zagreb 2025. - ramazanska vaktija","isPartOf":{"@id":"https:\/\/www.ahmadiyya-islam.org\/hr\/#website"},"primaryImageOfPage":{"@id":"https:\/\/www.ahmadiyya-islam.org\/hr\/ahmadija\/ramazanski-plan-za-zagreb-2025-ramazanska-vaktija\/#primaryimage"},"image":{"@id":"https:\/\/www.ahmadiyya-islam.org\/hr\/ahmadija\/ramazanski-plan-za-zagreb-2025-ramazanska-vaktija\/#primaryimage"},"thumbnailUrl":"https:\/\/www.ahmadiyya-islam.org\/hr\/wp-content\/uploads\/sites\/22\/2025\/02\/Vaktija-2025.jpg","datePublished":"2025-02-16T16:36:23+00:00","dateModified":"2025-02-16T16:36:40+00:00","author":{"@id":"https:\/\/www.ahmadiyya-islam.org\/hr\/#\/schema\/person\/4d74f28572ca6c7fa65111daa316ed65"},"description":"Svake godine, kako se bli\u017ei blagoslovljeni mjesec Ramazan, muslimani diljem svijeta u radosnom su i\u0161\u010dekivanju prilike da po\u0161tuju post.","breadcrumb":{"@id":"https:\/\/www.ahmadiyya-islam.org\/hr\/ahmadija\/ramazanski-plan-za-zagreb-2025-ramazanska-vaktija\/#breadcrumb"},"inLanguage":"hr","potentialAction":[{"@type":"ReadAction","target":["https:\/\/www.ahmadiyya-islam.org\/hr\/ahmadija\/ramazanski-plan-za-zagreb-2025-ramazanska-vaktija\/"]}]},{"@type":"ImageObject","inLanguage":"hr","@id":"https:\/\/www.ahmadiyya-islam.org\/hr\/ahmadija\/ramazanski-plan-za-zagreb-2025-ramazanska-vaktija\/#primaryimage","url":"https:\/\/www.ahmadiyya-islam.org\/hr\/wp-content\/uploads\/sites\/22\/2025\/02\/Vaktija-2025.jpg","contentUrl":"https:\/\/www.ahmadiyya-islam.org\/hr\/wp-content\/uploads\/sites\/22\/2025\/02\/Vaktija-2025.jpg","width":1650,"height":650,"caption":"Ramazanska vaktija 2025."},{"@type":"BreadcrumbList","@id":"https:\/\/www.ahmadiyya-islam.org\/hr\/ahmadija\/ramazanski-plan-za-zagreb-2025-ramazanska-vaktija\/#breadcrumb","itemListElement":[{"@type":"ListItem","position":1,"name":"Home","item":"https:\/\/www.ahmadiyya-islam.org\/hr\/"},{"@type":"ListItem","position":2,"name":"Ramazanski Plan za Zagreb 2025. &#8211; ramazanska vaktija"}]},{"@type":"WebSite","@id":"https:\/\/www.ahmadiyya-islam.org\/hr\/#website","url":"https:\/\/www.ahmadiyya-islam.org\/hr\/","name":"Ahmadija muslimanski d\u017eamat","description":"Hrvatska","potentialAction":[{"@type":"SearchAction","target":{"@type":"EntryPoint","urlTemplate":"https:\/\/www.ahmadiyya-islam.org\/hr\/?s={search_term_string}"},"query-input":{"@type":"PropertyValueSpecification","valueRequired":true,"valueName":"search_term_string"}}],"inLanguage":"hr"},{"@type":"Person","@id":"https:\/\/www.ahmadiyya-islam.org\/hr\/#\/schema\/person\/4d74f28572ca6c7fa65111daa316ed65","name":"ranamunawar","url":"https:\/\/www.ahmadiyya-islam.org\/hr\/author\/ranamunawar\/"}]}},"_links":{"self":[{"href":"https:\/\/www.ahmadiyya-islam.org\/hr\/wp-json\/wp\/v2\/posts\/2801","targetHints":{"allow":["GET"]}}],"collection":[{"href":"https:\/\/www.ahmadiyya-islam.org\/hr\/wp-json\/wp\/v2\/posts"}],"about":[{"href":"https:\/\/www.ahmadiyya-islam.org\/hr\/wp-json\/wp\/v2\/types\/post"}],"author":[{"embeddable":true,"href":"https:\/\/www.ahmadiyya-islam.org\/hr\/wp-json\/wp\/v2\/users\/77"}],"replies":[{"embeddable":true,"href":"https:\/\/www.ahmadiyya-islam.org\/hr\/wp-json\/wp\/v2\/comments?post=2801"}],"version-history":[{"count":1,"href":"https:\/\/www.ahmadiyya-islam.org\/hr\/wp-json\/wp\/v2\/posts\/2801\/revisions"}],"predecessor-version":[{"id":2807,"href":"https:\/\/www.ahmadiyya-islam.org\/hr\/wp-json\/wp\/v2\/posts\/2801\/revisions\/2807"}],"wp:featuredmedia":[{"embeddable":true,"href":"https:\/\/www.ahmadiyya-islam.org\/hr\/wp-json\/wp\/v2\/media\/2803"}],"wp:attachment":[{"href":"https:\/\/www.ahmadiyya-islam.org\/hr\/wp-json\/wp\/v2\/media?parent=2801"}],"wp:term":[{"taxonomy":"category","embeddable":true,"href":"https:\/\/www.ahmadiyya-islam.org\/hr\/wp-json\/wp\/v2\/categories?post=2801"},{"taxonomy":"post_tag","embeddable":true,"href":"https:\/\/www.ahmadiyya-islam.org\/hr\/wp-json\/wp\/v2\/tags?post=2801"},{"taxonomy":"topics","embeddable":true,"href":"https:\/\/www.ahmadiyya-islam.org\/hr\/wp-json\/wp\/v2\/topics?post=2801"},{"taxonomy":"authors","embeddable":true,"href":"https:\/\/www.ahmadiyya-islam.org\/hr\/wp-json\/wp\/v2\/authors?post=2801"},{"taxonomy":"geo_locations","embeddable":true,"href":"https:\/\/www.ahmadiyya-islam.org\/hr\/wp-json\/wp\/v2\/geo_locations?post=2801"},{"taxonomy":"content_source","embeddable":true,"href":"https:\/\/www.ahmadiyya-islam.org\/hr\/wp-json\/wp\/v2\/content_source?post=2801"}],"curies":[{"name":"wp","href":"https:\/\/api.w.org\/{rel}","templated":true}]}}