{"id":2722,"date":"2024-06-24T09:16:18","date_gmt":"2024-06-24T09:16:18","guid":{"rendered":"https:\/\/www.ahmadiyya-islam.org\/hr\/?p=2722"},"modified":"2024-06-24T09:17:05","modified_gmt":"2024-06-24T09:17:05","slug":"humanity-first-podijelio-oko-1-000-kilograma-govedeg-mesa-kurban-bajram-2024","status":"publish","type":"post","link":"https:\/\/www.ahmadiyya-islam.org\/hr\/humanity-first\/humanity-first-hrvatska\/humanity-first-podijelio-oko-1-000-kilograma-govedeg-mesa-kurban-bajram-2024\/","title":{"rendered":"Humanity First podijelio oko 1.000 kilograma gove\u0111eg mesa &#8211; Kurban Bajram 2024."},"content":{"rendered":"<p>Kurban Bajram ili Id-ul-Azha obilje\u017eava zavr\u0161etak hodo\u010da\u0161\u0107a u Meku. Muslimani vjeruju da su Abraham i njegov sin prona\u0161li ru\u0161evine Kabe i ponovo izgradili Bo\u017eju ku\u0107u na njenim drevnim temeljima. Danas je Meka sredi\u0161te islamskog svijeta i rodno mjesto Poslanika Muhameda<sup>s.a.v.s.<\/sup>. Smje\u0161tena u planinama Sarat u sredi\u0161njoj Saudijskoj Arabiji, Meka u vrijeme Poslanika bila je oaza na staroj karavanskoj trgova\u010dkoj ruti koja je povezivala svijet Sredozemlja s Ju\u017enom Arabijom, Isto\u010dnom Afrikom i Ju\u017enom Azijom. Muslimani odlaze na hodo\u010da\u0161\u0107e u Meku i obveza je svake osobe da barem jednom u \u017eivotu ode u Meku, ako joj to zdravlje i financije to dopu\u0161taju.<\/p>\n<p>Prema izvornim Muhamedovim rije\u010dima, hodo\u010da\u0161\u0107e u Meku je peto od temeljnih muslimanskih praksi poznatih kao \u201ePet stubova islama\u201c. Hodo\u010da\u0161\u0107e se odvija svake godine izme\u0111u 8-og i 13-tog dana Dhu Al-hid\u017eeja, 12-tog mjeseca islamskog lunarnog kalendara.<\/p>\n<p>Na kraj hodo\u010da\u0161\u0107e muslimani koji su se skupljali u Meki iz raznih dr\u017eava slave Kurban Bajram (zapravo cijela muslimanska svijet). Obavezno je zavr\u0161iti hodo\u010da\u0161\u0107e \u017ertvovanjem \u017eivotinje. Poput molitve i posta, obavljanje hodo\u010da\u0161\u0107a je na\u010din bogoslu\u017eja koji te\u017ei duhovnom, dru\u0161tvenom i ekonomskom uzdizanju muslimana.Ideja o \u017ertvovanju \u017eivotinje potje\u010de iz pri\u010de o poslaniku Abrahamu koji je bio spreman \u017ertvovati svog sina, ali mu je Bog naredio da umjesto toga \u017ertvuje \u017eivotinju.<\/p>\n<p><strong>\u017drtvujemo se kako bismo bili \u0161to bli\u017ee Bogu<\/strong><\/p>\n<p>Ova pri\u010da nam kao ljudskim bi\u0107ima govori da budemo spremni \u017ertvovati svoje napore na putu prema Bogu slu\u017ee\u0107i Njemu i Njegovoj kreaciji. U tom smislu, kada se \u017eivotinje \u017ertvuju, dio mesa se dijeli potrebitima i ugro\u017eenima kako bi se istaknulo suosje\u0107anje i ljubav jednih prema drugima.<\/p>\n<p>To \u0107e pokazati da, budu\u0107i da Bog ima milosr\u0111e prema nama, mi to trebamo isto iskazati prema na\u0161im bli\u017enjima. Zbog toga je Humanity First Hrvatska uz pomo\u0107 Ahmadija muslimanskog d\u017eamata ove godine podijelio oko 1.000 kilograma gove\u0111eg mesa potrebitima u Hrvatskoj.Drugi i tre\u0107i dan nakon Kurban Bajrama, odnosno 17. i 18. lipnja su \u010dlanovi \u00a0Humanity First Hrvatska dijelili pakete mesa u Brezovici, Zagrebu, Kri\u017eevcima, Dubravi i Ka\u0161ini. Tako\u0111er, donirano je meso i pu\u010dkoj kuhinji na Sv. Duhu, Ku\u0107i Brezovica, domovima za nezbrinutu djecu u Hrvatskom Leskovcu, Vugrovcu i Kri\u017eevcima.<\/p>\n<p>Jo\u0161 je oko 100 paketa mesa donirano Caratisu u Zagrebu.Svima koji slave Kurban Bajram \u017eelimo sretan i blagoslovljen Kurban Bajram \u2013 <strong>\u201eBajram \u0161erif\u00a0mubarak\u00a0olsun\u201d<\/strong>.<\/p>\n<p><img loading=\"lazy\" decoding=\"async\" class=\"aligncenter wp-image-2723 size-large\" src=\"http:\/\/www.ahmadiyya-islam.org\/hr\/wp-content\/uploads\/sites\/22\/2024\/06\/01--1024x768.jpg\" alt=\"Humanity First - Kurban Bajram 2024\" width=\"900\" height=\"675\" srcset=\"https:\/\/www.ahmadiyya-islam.org\/hr\/wp-content\/uploads\/sites\/22\/2024\/06\/01--1024x768.jpg 1024w, https:\/\/www.ahmadiyya-islam.org\/hr\/wp-content\/uploads\/sites\/22\/2024\/06\/01--300x225.jpg 300w, https:\/\/www.ahmadiyya-islam.org\/hr\/wp-content\/uploads\/sites\/22\/2024\/06\/01--768x576.jpg 768w, https:\/\/www.ahmadiyya-islam.org\/hr\/wp-content\/uploads\/sites\/22\/2024\/06\/01-.jpg 1200w\" sizes=\"auto, (max-width: 900px) 100vw, 900px\" \/> <img loading=\"lazy\" decoding=\"async\" class=\"aligncenter wp-image-2724 size-large\" src=\"http:\/\/www.ahmadiyya-islam.org\/hr\/wp-content\/uploads\/sites\/22\/2024\/06\/02--1024x683.jpg\" alt=\"Humanity First - Kurban Bajram 2024\" width=\"900\" height=\"600\" srcset=\"https:\/\/www.ahmadiyya-islam.org\/hr\/wp-content\/uploads\/sites\/22\/2024\/06\/02--1024x683.jpg 1024w, https:\/\/www.ahmadiyya-islam.org\/hr\/wp-content\/uploads\/sites\/22\/2024\/06\/02--300x200.jpg 300w, https:\/\/www.ahmadiyya-islam.org\/hr\/wp-content\/uploads\/sites\/22\/2024\/06\/02--768x512.jpg 768w, https:\/\/www.ahmadiyya-islam.org\/hr\/wp-content\/uploads\/sites\/22\/2024\/06\/02-.jpg 1296w\" sizes=\"auto, (max-width: 900px) 100vw, 900px\" \/> <img loading=\"lazy\" decoding=\"async\" class=\"aligncenter wp-image-2725 size-full\" src=\"http:\/\/www.ahmadiyya-islam.org\/hr\/wp-content\/uploads\/sites\/22\/2024\/06\/01-1-1.jpg\" alt=\"Humanity First - Kurban Bajram 2024\" width=\"1000\" height=\"750\" srcset=\"https:\/\/www.ahmadiyya-islam.org\/hr\/wp-content\/uploads\/sites\/22\/2024\/06\/01-1-1.jpg 1000w, https:\/\/www.ahmadiyya-islam.org\/hr\/wp-content\/uploads\/sites\/22\/2024\/06\/01-1-1-300x225.jpg 300w, https:\/\/www.ahmadiyya-islam.org\/hr\/wp-content\/uploads\/sites\/22\/2024\/06\/01-1-1-768x576.jpg 768w\" sizes=\"auto, (max-width: 1000px) 100vw, 1000px\" \/> <img loading=\"lazy\" decoding=\"async\" class=\"aligncenter wp-image-2726 size-full\" src=\"http:\/\/www.ahmadiyya-islam.org\/hr\/wp-content\/uploads\/sites\/22\/2024\/06\/01-1-2.jpg\" alt=\"Humanity First - Kurban Bajram 2024\" width=\"809\" height=\"864\" srcset=\"https:\/\/www.ahmadiyya-islam.org\/hr\/wp-content\/uploads\/sites\/22\/2024\/06\/01-1-2.jpg 809w, https:\/\/www.ahmadiyya-islam.org\/hr\/wp-content\/uploads\/sites\/22\/2024\/06\/01-1-2-281x300.jpg 281w, https:\/\/www.ahmadiyya-islam.org\/hr\/wp-content\/uploads\/sites\/22\/2024\/06\/01-1-2-768x820.jpg 768w\" sizes=\"auto, (max-width: 809px) 100vw, 809px\" \/> <img loading=\"lazy\" decoding=\"async\" class=\"aligncenter wp-image-2727 size-full\" src=\"http:\/\/www.ahmadiyya-islam.org\/hr\/wp-content\/uploads\/sites\/22\/2024\/06\/01-1-3.jpg\" alt=\"Humanity First - Kurban Bajram 2024\" width=\"800\" height=\"600\" srcset=\"https:\/\/www.ahmadiyya-islam.org\/hr\/wp-content\/uploads\/sites\/22\/2024\/06\/01-1-3.jpg 800w, https:\/\/www.ahmadiyya-islam.org\/hr\/wp-content\/uploads\/sites\/22\/2024\/06\/01-1-3-300x225.jpg 300w, https:\/\/www.ahmadiyya-islam.org\/hr\/wp-content\/uploads\/sites\/22\/2024\/06\/01-1-3-768x576.jpg 768w\" sizes=\"auto, (max-width: 800px) 100vw, 800px\" \/><\/p>\n","protected":false},"excerpt":{"rendered":"<p>Kurban Bajram ili Id-ul-Azha obilje\u017eava zavr\u0161etak hodo\u010da\u0161\u0107a u Meku. Muslimani vjeruju da su Abraham i njegov sin prona\u0161li ru\u0161evine Kabe i ponovo izgradili Bo\u017eju ku\u0107u na njenim drevnim temeljima. Danas je Meka sredi\u0161te islamskog svijeta i rodno mjesto Poslanika Muhamedas.a.v.s.. Smje\u0161tena u planinama Sarat u sredi\u0161njoj Saudijskoj Arabiji, Meka u vrijeme Poslanika bila je oaza<\/p>\n","protected":false},"author":77,"featured_media":2728,"comment_status":"closed","ping_status":"closed","sticky":false,"template":"","format":"standard","meta":{"_acf_changed":false,"footnotes":""},"categories":[9,10],"tags":[],"topics":[18],"authors":[],"geo_locations":[],"content_source":[],"class_list":["post-2722","post","type-post","status-publish","format-standard","has-post-thumbnail","hentry","category-humanity-first","category-humanity-first-hrvatska","topics-humanity-first"],"acf":[],"yoast_head":"<!-- This site is optimized with the Yoast SEO Premium plugin v21.1 (Yoast SEO v27.4) - https:\/\/yoast.com\/product\/yoast-seo-premium-wordpress\/ -->\n<title>Humanity First podijelio oko 1.000 kilograma gove\u0111eg mesa - Kurban Bajram 2024<\/title>\n<meta name=\"description\" content=\"Humanity First Hrvatska uz pomo\u0107 Ahmadija muslimanskog d\u017eamata je ove godine podijelio oko 1.000 kilograma gove\u0111eg mesa potrebitima u Hrvatskoj.\" \/>\n<meta name=\"robots\" content=\"index, follow, max-snippet:-1, max-image-preview:large, max-video-preview:-1\" \/>\n<link rel=\"canonical\" href=\"https:\/\/www.ahmadiyya-islam.org\/hr\/humanity-first\/humanity-first-hrvatska\/humanity-first-podijelio-oko-1-000-kilograma-govedeg-mesa-kurban-bajram-2024\/\" \/>\n<meta property=\"og:locale\" content=\"hr_HR\" \/>\n<meta property=\"og:type\" content=\"article\" \/>\n<meta property=\"og:title\" content=\"Humanity First podijelio oko 1.000 kilograma gove\u0111eg mesa - Kurban Bajram 2024.\" \/>\n<meta property=\"og:description\" content=\"Humanity First Hrvatska uz pomo\u0107 Ahmadija muslimanskog d\u017eamata je ove godine podijelio oko 1.000 kilograma gove\u0111eg mesa potrebitima u Hrvatskoj.\" \/>\n<meta property=\"og:url\" content=\"https:\/\/www.ahmadiyya-islam.org\/hr\/humanity-first\/humanity-first-hrvatska\/humanity-first-podijelio-oko-1-000-kilograma-govedeg-mesa-kurban-bajram-2024\/\" \/>\n<meta property=\"og:site_name\" content=\"Ahmadija muslimanski d\u017eamat\" \/>\n<meta property=\"article:published_time\" content=\"2024-06-24T09:16:18+00:00\" \/>\n<meta property=\"article:modified_time\" content=\"2024-06-24T09:17:05+00:00\" \/>\n<meta property=\"og:image\" content=\"http:\/\/www.ahmadiyya-islam.org\/hr\/wp-content\/uploads\/sites\/22\/2024\/06\/Kurban-Bajram-2024-.jpg\" \/>\n\t<meta property=\"og:image:width\" content=\"1500\" \/>\n\t<meta property=\"og:image:height\" content=\"750\" \/>\n\t<meta property=\"og:image:type\" content=\"image\/jpeg\" \/>\n<meta name=\"author\" content=\"ranamunawar\" \/>\n<meta name=\"twitter:card\" content=\"summary_large_image\" \/>\n<meta name=\"twitter:label1\" content=\"Napisao\/la\" \/>\n\t<meta name=\"twitter:data1\" content=\"ranamunawar\" \/>\n\t<meta name=\"twitter:label2\" content=\"Procijenjeno vrijeme \u010ditanja\" \/>\n\t<meta name=\"twitter:data2\" content=\"4 minute\" \/>\n<script type=\"application\/ld+json\" class=\"yoast-schema-graph\">{\"@context\":\"https:\\\/\\\/schema.org\",\"@graph\":[{\"@type\":\"Article\",\"@id\":\"https:\\\/\\\/www.ahmadiyya-islam.org\\\/hr\\\/humanity-first\\\/humanity-first-hrvatska\\\/humanity-first-podijelio-oko-1-000-kilograma-govedeg-mesa-kurban-bajram-2024\\\/#article\",\"isPartOf\":{\"@id\":\"https:\\\/\\\/www.ahmadiyya-islam.org\\\/hr\\\/humanity-first\\\/humanity-first-hrvatska\\\/humanity-first-podijelio-oko-1-000-kilograma-govedeg-mesa-kurban-bajram-2024\\\/\"},\"author\":{\"name\":\"ranamunawar\",\"@id\":\"https:\\\/\\\/www.ahmadiyya-islam.org\\\/hr\\\/#\\\/schema\\\/person\\\/4d74f28572ca6c7fa65111daa316ed65\"},\"headline\":\"Humanity First podijelio oko 1.000 kilograma gove\u0111eg mesa &#8211; Kurban Bajram 2024.\",\"datePublished\":\"2024-06-24T09:16:18+00:00\",\"dateModified\":\"2024-06-24T09:17:05+00:00\",\"mainEntityOfPage\":{\"@id\":\"https:\\\/\\\/www.ahmadiyya-islam.org\\\/hr\\\/humanity-first\\\/humanity-first-hrvatska\\\/humanity-first-podijelio-oko-1-000-kilograma-govedeg-mesa-kurban-bajram-2024\\\/\"},\"wordCount\":443,\"image\":{\"@id\":\"https:\\\/\\\/www.ahmadiyya-islam.org\\\/hr\\\/humanity-first\\\/humanity-first-hrvatska\\\/humanity-first-podijelio-oko-1-000-kilograma-govedeg-mesa-kurban-bajram-2024\\\/#primaryimage\"},\"thumbnailUrl\":\"https:\\\/\\\/www.ahmadiyya-islam.org\\\/hr\\\/wp-content\\\/uploads\\\/sites\\\/22\\\/2024\\\/06\\\/Kurban-Bajram-2024-.jpg\",\"articleSection\":[\"Humanity First\",\"Humanity First Hrvatska\"],\"inLanguage\":\"hr\"},{\"@type\":\"WebPage\",\"@id\":\"https:\\\/\\\/www.ahmadiyya-islam.org\\\/hr\\\/humanity-first\\\/humanity-first-hrvatska\\\/humanity-first-podijelio-oko-1-000-kilograma-govedeg-mesa-kurban-bajram-2024\\\/\",\"url\":\"https:\\\/\\\/www.ahmadiyya-islam.org\\\/hr\\\/humanity-first\\\/humanity-first-hrvatska\\\/humanity-first-podijelio-oko-1-000-kilograma-govedeg-mesa-kurban-bajram-2024\\\/\",\"name\":\"Humanity First podijelio oko 1.000 kilograma gove\u0111eg mesa - Kurban Bajram 2024\",\"isPartOf\":{\"@id\":\"https:\\\/\\\/www.ahmadiyya-islam.org\\\/hr\\\/#website\"},\"primaryImageOfPage\":{\"@id\":\"https:\\\/\\\/www.ahmadiyya-islam.org\\\/hr\\\/humanity-first\\\/humanity-first-hrvatska\\\/humanity-first-podijelio-oko-1-000-kilograma-govedeg-mesa-kurban-bajram-2024\\\/#primaryimage\"},\"image\":{\"@id\":\"https:\\\/\\\/www.ahmadiyya-islam.org\\\/hr\\\/humanity-first\\\/humanity-first-hrvatska\\\/humanity-first-podijelio-oko-1-000-kilograma-govedeg-mesa-kurban-bajram-2024\\\/#primaryimage\"},\"thumbnailUrl\":\"https:\\\/\\\/www.ahmadiyya-islam.org\\\/hr\\\/wp-content\\\/uploads\\\/sites\\\/22\\\/2024\\\/06\\\/Kurban-Bajram-2024-.jpg\",\"datePublished\":\"2024-06-24T09:16:18+00:00\",\"dateModified\":\"2024-06-24T09:17:05+00:00\",\"author\":{\"@id\":\"https:\\\/\\\/www.ahmadiyya-islam.org\\\/hr\\\/#\\\/schema\\\/person\\\/4d74f28572ca6c7fa65111daa316ed65\"},\"description\":\"Humanity First Hrvatska uz pomo\u0107 Ahmadija muslimanskog d\u017eamata je ove godine podijelio oko 1.000 kilograma gove\u0111eg mesa potrebitima u Hrvatskoj.\",\"breadcrumb\":{\"@id\":\"https:\\\/\\\/www.ahmadiyya-islam.org\\\/hr\\\/humanity-first\\\/humanity-first-hrvatska\\\/humanity-first-podijelio-oko-1-000-kilograma-govedeg-mesa-kurban-bajram-2024\\\/#breadcrumb\"},\"inLanguage\":\"hr\",\"potentialAction\":[{\"@type\":\"ReadAction\",\"target\":[\"https:\\\/\\\/www.ahmadiyya-islam.org\\\/hr\\\/humanity-first\\\/humanity-first-hrvatska\\\/humanity-first-podijelio-oko-1-000-kilograma-govedeg-mesa-kurban-bajram-2024\\\/\"]}]},{\"@type\":\"ImageObject\",\"inLanguage\":\"hr\",\"@id\":\"https:\\\/\\\/www.ahmadiyya-islam.org\\\/hr\\\/humanity-first\\\/humanity-first-hrvatska\\\/humanity-first-podijelio-oko-1-000-kilograma-govedeg-mesa-kurban-bajram-2024\\\/#primaryimage\",\"url\":\"https:\\\/\\\/www.ahmadiyya-islam.org\\\/hr\\\/wp-content\\\/uploads\\\/sites\\\/22\\\/2024\\\/06\\\/Kurban-Bajram-2024-.jpg\",\"contentUrl\":\"https:\\\/\\\/www.ahmadiyya-islam.org\\\/hr\\\/wp-content\\\/uploads\\\/sites\\\/22\\\/2024\\\/06\\\/Kurban-Bajram-2024-.jpg\",\"width\":1500,\"height\":750},{\"@type\":\"BreadcrumbList\",\"@id\":\"https:\\\/\\\/www.ahmadiyya-islam.org\\\/hr\\\/humanity-first\\\/humanity-first-hrvatska\\\/humanity-first-podijelio-oko-1-000-kilograma-govedeg-mesa-kurban-bajram-2024\\\/#breadcrumb\",\"itemListElement\":[{\"@type\":\"ListItem\",\"position\":1,\"name\":\"Home\",\"item\":\"https:\\\/\\\/www.ahmadiyya-islam.org\\\/hr\\\/\"},{\"@type\":\"ListItem\",\"position\":2,\"name\":\"Humanity First podijelio oko 1.000 kilograma gove\u0111eg mesa &#8211; Kurban Bajram 2024.\"}]},{\"@type\":\"WebSite\",\"@id\":\"https:\\\/\\\/www.ahmadiyya-islam.org\\\/hr\\\/#website\",\"url\":\"https:\\\/\\\/www.ahmadiyya-islam.org\\\/hr\\\/\",\"name\":\"Ahmadija muslimanski d\u017eamat\",\"description\":\"Hrvatska\",\"potentialAction\":[{\"@type\":\"SearchAction\",\"target\":{\"@type\":\"EntryPoint\",\"urlTemplate\":\"https:\\\/\\\/www.ahmadiyya-islam.org\\\/hr\\\/?s={search_term_string}\"},\"query-input\":{\"@type\":\"PropertyValueSpecification\",\"valueRequired\":true,\"valueName\":\"search_term_string\"}}],\"inLanguage\":\"hr\"},{\"@type\":\"Person\",\"@id\":\"https:\\\/\\\/www.ahmadiyya-islam.org\\\/hr\\\/#\\\/schema\\\/person\\\/4d74f28572ca6c7fa65111daa316ed65\",\"name\":\"ranamunawar\",\"url\":\"https:\\\/\\\/www.ahmadiyya-islam.org\\\/hr\\\/author\\\/ranamunawar\\\/\"}]}<\/script>\n<!-- \/ Yoast SEO Premium plugin. -->","yoast_head_json":{"title":"Humanity First podijelio oko 1.000 kilograma gove\u0111eg mesa - Kurban Bajram 2024","description":"Humanity First Hrvatska uz pomo\u0107 Ahmadija muslimanskog d\u017eamata je ove godine podijelio oko 1.000 kilograma gove\u0111eg mesa potrebitima u Hrvatskoj.","robots":{"index":"index","follow":"follow","max-snippet":"max-snippet:-1","max-image-preview":"max-image-preview:large","max-video-preview":"max-video-preview:-1"},"canonical":"https:\/\/www.ahmadiyya-islam.org\/hr\/humanity-first\/humanity-first-hrvatska\/humanity-first-podijelio-oko-1-000-kilograma-govedeg-mesa-kurban-bajram-2024\/","og_locale":"hr_HR","og_type":"article","og_title":"Humanity First podijelio oko 1.000 kilograma gove\u0111eg mesa - Kurban Bajram 2024.","og_description":"Humanity First Hrvatska uz pomo\u0107 Ahmadija muslimanskog d\u017eamata je ove godine podijelio oko 1.000 kilograma gove\u0111eg mesa potrebitima u Hrvatskoj.","og_url":"https:\/\/www.ahmadiyya-islam.org\/hr\/humanity-first\/humanity-first-hrvatska\/humanity-first-podijelio-oko-1-000-kilograma-govedeg-mesa-kurban-bajram-2024\/","og_site_name":"Ahmadija muslimanski d\u017eamat","article_published_time":"2024-06-24T09:16:18+00:00","article_modified_time":"2024-06-24T09:17:05+00:00","og_image":[{"width":1500,"height":750,"url":"http:\/\/www.ahmadiyya-islam.org\/hr\/wp-content\/uploads\/sites\/22\/2024\/06\/Kurban-Bajram-2024-.jpg","type":"image\/jpeg"}],"author":"ranamunawar","twitter_card":"summary_large_image","twitter_misc":{"Napisao\/la":"ranamunawar","Procijenjeno vrijeme \u010ditanja":"4 minute"},"schema":{"@context":"https:\/\/schema.org","@graph":[{"@type":"Article","@id":"https:\/\/www.ahmadiyya-islam.org\/hr\/humanity-first\/humanity-first-hrvatska\/humanity-first-podijelio-oko-1-000-kilograma-govedeg-mesa-kurban-bajram-2024\/#article","isPartOf":{"@id":"https:\/\/www.ahmadiyya-islam.org\/hr\/humanity-first\/humanity-first-hrvatska\/humanity-first-podijelio-oko-1-000-kilograma-govedeg-mesa-kurban-bajram-2024\/"},"author":{"name":"ranamunawar","@id":"https:\/\/www.ahmadiyya-islam.org\/hr\/#\/schema\/person\/4d74f28572ca6c7fa65111daa316ed65"},"headline":"Humanity First podijelio oko 1.000 kilograma gove\u0111eg mesa &#8211; Kurban Bajram 2024.","datePublished":"2024-06-24T09:16:18+00:00","dateModified":"2024-06-24T09:17:05+00:00","mainEntityOfPage":{"@id":"https:\/\/www.ahmadiyya-islam.org\/hr\/humanity-first\/humanity-first-hrvatska\/humanity-first-podijelio-oko-1-000-kilograma-govedeg-mesa-kurban-bajram-2024\/"},"wordCount":443,"image":{"@id":"https:\/\/www.ahmadiyya-islam.org\/hr\/humanity-first\/humanity-first-hrvatska\/humanity-first-podijelio-oko-1-000-kilograma-govedeg-mesa-kurban-bajram-2024\/#primaryimage"},"thumbnailUrl":"https:\/\/www.ahmadiyya-islam.org\/hr\/wp-content\/uploads\/sites\/22\/2024\/06\/Kurban-Bajram-2024-.jpg","articleSection":["Humanity First","Humanity First Hrvatska"],"inLanguage":"hr"},{"@type":"WebPage","@id":"https:\/\/www.ahmadiyya-islam.org\/hr\/humanity-first\/humanity-first-hrvatska\/humanity-first-podijelio-oko-1-000-kilograma-govedeg-mesa-kurban-bajram-2024\/","url":"https:\/\/www.ahmadiyya-islam.org\/hr\/humanity-first\/humanity-first-hrvatska\/humanity-first-podijelio-oko-1-000-kilograma-govedeg-mesa-kurban-bajram-2024\/","name":"Humanity First podijelio oko 1.000 kilograma gove\u0111eg mesa - Kurban Bajram 2024","isPartOf":{"@id":"https:\/\/www.ahmadiyya-islam.org\/hr\/#website"},"primaryImageOfPage":{"@id":"https:\/\/www.ahmadiyya-islam.org\/hr\/humanity-first\/humanity-first-hrvatska\/humanity-first-podijelio-oko-1-000-kilograma-govedeg-mesa-kurban-bajram-2024\/#primaryimage"},"image":{"@id":"https:\/\/www.ahmadiyya-islam.org\/hr\/humanity-first\/humanity-first-hrvatska\/humanity-first-podijelio-oko-1-000-kilograma-govedeg-mesa-kurban-bajram-2024\/#primaryimage"},"thumbnailUrl":"https:\/\/www.ahmadiyya-islam.org\/hr\/wp-content\/uploads\/sites\/22\/2024\/06\/Kurban-Bajram-2024-.jpg","datePublished":"2024-06-24T09:16:18+00:00","dateModified":"2024-06-24T09:17:05+00:00","author":{"@id":"https:\/\/www.ahmadiyya-islam.org\/hr\/#\/schema\/person\/4d74f28572ca6c7fa65111daa316ed65"},"description":"Humanity First Hrvatska uz pomo\u0107 Ahmadija muslimanskog d\u017eamata je ove godine podijelio oko 1.000 kilograma gove\u0111eg mesa potrebitima u Hrvatskoj.","breadcrumb":{"@id":"https:\/\/www.ahmadiyya-islam.org\/hr\/humanity-first\/humanity-first-hrvatska\/humanity-first-podijelio-oko-1-000-kilograma-govedeg-mesa-kurban-bajram-2024\/#breadcrumb"},"inLanguage":"hr","potentialAction":[{"@type":"ReadAction","target":["https:\/\/www.ahmadiyya-islam.org\/hr\/humanity-first\/humanity-first-hrvatska\/humanity-first-podijelio-oko-1-000-kilograma-govedeg-mesa-kurban-bajram-2024\/"]}]},{"@type":"ImageObject","inLanguage":"hr","@id":"https:\/\/www.ahmadiyya-islam.org\/hr\/humanity-first\/humanity-first-hrvatska\/humanity-first-podijelio-oko-1-000-kilograma-govedeg-mesa-kurban-bajram-2024\/#primaryimage","url":"https:\/\/www.ahmadiyya-islam.org\/hr\/wp-content\/uploads\/sites\/22\/2024\/06\/Kurban-Bajram-2024-.jpg","contentUrl":"https:\/\/www.ahmadiyya-islam.org\/hr\/wp-content\/uploads\/sites\/22\/2024\/06\/Kurban-Bajram-2024-.jpg","width":1500,"height":750},{"@type":"BreadcrumbList","@id":"https:\/\/www.ahmadiyya-islam.org\/hr\/humanity-first\/humanity-first-hrvatska\/humanity-first-podijelio-oko-1-000-kilograma-govedeg-mesa-kurban-bajram-2024\/#breadcrumb","itemListElement":[{"@type":"ListItem","position":1,"name":"Home","item":"https:\/\/www.ahmadiyya-islam.org\/hr\/"},{"@type":"ListItem","position":2,"name":"Humanity First podijelio oko 1.000 kilograma gove\u0111eg mesa &#8211; Kurban Bajram 2024."}]},{"@type":"WebSite","@id":"https:\/\/www.ahmadiyya-islam.org\/hr\/#website","url":"https:\/\/www.ahmadiyya-islam.org\/hr\/","name":"Ahmadija muslimanski d\u017eamat","description":"Hrvatska","potentialAction":[{"@type":"SearchAction","target":{"@type":"EntryPoint","urlTemplate":"https:\/\/www.ahmadiyya-islam.org\/hr\/?s={search_term_string}"},"query-input":{"@type":"PropertyValueSpecification","valueRequired":true,"valueName":"search_term_string"}}],"inLanguage":"hr"},{"@type":"Person","@id":"https:\/\/www.ahmadiyya-islam.org\/hr\/#\/schema\/person\/4d74f28572ca6c7fa65111daa316ed65","name":"ranamunawar","url":"https:\/\/www.ahmadiyya-islam.org\/hr\/author\/ranamunawar\/"}]}},"_links":{"self":[{"href":"https:\/\/www.ahmadiyya-islam.org\/hr\/wp-json\/wp\/v2\/posts\/2722","targetHints":{"allow":["GET"]}}],"collection":[{"href":"https:\/\/www.ahmadiyya-islam.org\/hr\/wp-json\/wp\/v2\/posts"}],"about":[{"href":"https:\/\/www.ahmadiyya-islam.org\/hr\/wp-json\/wp\/v2\/types\/post"}],"author":[{"embeddable":true,"href":"https:\/\/www.ahmadiyya-islam.org\/hr\/wp-json\/wp\/v2\/users\/77"}],"replies":[{"embeddable":true,"href":"https:\/\/www.ahmadiyya-islam.org\/hr\/wp-json\/wp\/v2\/comments?post=2722"}],"version-history":[{"count":1,"href":"https:\/\/www.ahmadiyya-islam.org\/hr\/wp-json\/wp\/v2\/posts\/2722\/revisions"}],"predecessor-version":[{"id":2731,"href":"https:\/\/www.ahmadiyya-islam.org\/hr\/wp-json\/wp\/v2\/posts\/2722\/revisions\/2731"}],"wp:featuredmedia":[{"embeddable":true,"href":"https:\/\/www.ahmadiyya-islam.org\/hr\/wp-json\/wp\/v2\/media\/2728"}],"wp:attachment":[{"href":"https:\/\/www.ahmadiyya-islam.org\/hr\/wp-json\/wp\/v2\/media?parent=2722"}],"wp:term":[{"taxonomy":"category","embeddable":true,"href":"https:\/\/www.ahmadiyya-islam.org\/hr\/wp-json\/wp\/v2\/categories?post=2722"},{"taxonomy":"post_tag","embeddable":true,"href":"https:\/\/www.ahmadiyya-islam.org\/hr\/wp-json\/wp\/v2\/tags?post=2722"},{"taxonomy":"topics","embeddable":true,"href":"https:\/\/www.ahmadiyya-islam.org\/hr\/wp-json\/wp\/v2\/topics?post=2722"},{"taxonomy":"authors","embeddable":true,"href":"https:\/\/www.ahmadiyya-islam.org\/hr\/wp-json\/wp\/v2\/authors?post=2722"},{"taxonomy":"geo_locations","embeddable":true,"href":"https:\/\/www.ahmadiyya-islam.org\/hr\/wp-json\/wp\/v2\/geo_locations?post=2722"},{"taxonomy":"content_source","embeddable":true,"href":"https:\/\/www.ahmadiyya-islam.org\/hr\/wp-json\/wp\/v2\/content_source?post=2722"}],"curies":[{"name":"wp","href":"https:\/\/api.w.org\/{rel}","templated":true}]}}