{"id":2716,"date":"2024-06-01T09:58:04","date_gmt":"2024-06-01T09:58:04","guid":{"rendered":"https:\/\/www.ahmadiyya-islam.org\/hr\/?p=2716"},"modified":"2024-06-01T09:58:04","modified_gmt":"2024-06-01T09:58:04","slug":"zajednicka-izjava-humanity-firsta-o-naredbi-icj-a-da-se-zaustavi-ofenziva-na-rafah","status":"publish","type":"post","link":"https:\/\/www.ahmadiyya-islam.org\/hr\/humanity-first\/zajednicka-izjava-humanity-firsta-o-naredbi-icj-a-da-se-zaustavi-ofenziva-na-rafah\/","title":{"rendered":"Zajedni\u010dka izjava Humanity Firsta o naredbi ICJ-a da se zaustavi ofenziva na Rafah"},"content":{"rendered":"<p>\u201eKao humanitarnog radnika u Gazi, treba istaknuti da je trenutna situacija na tom podru\u010dju duboko potresna. Osje\u0107aj bespomo\u0107nosti i frustracije je nevjerojatan. Na\u0161a primarna misija je pomo\u0107i onima kojima je potrebna, ali s obzirom da su granice zatvorene i pomo\u0107 ne sti\u017ee, ruke su nam vezane. Itekako smo svjesni sve lo\u0161ijih uvjeta i hitnih potreba ljudi i srce boli kada treba svjedo\u010diti njihovoj patnji bez mogu\u0107nosti da im se pru\u017ei potrebna podr\u0161ka.\u201c<\/p>\n<p>Dana 24. svibnja 2024., Me\u0111unarodni sud pravde (ICJ) naredio je dodatne privremene mjere u vezi s navodnim kr\u0161enjem obveza Izraela u Gazi prema Konvenciji o sprje\u010davanju i ka\u017enjavanju zlo\u010dina genocida. Sud je naredio da, u svjetlu pogor\u0161anja uvjeta u Rafi, Izrael mora odmah zaustaviti svoju vojnu ofenzivu i bilo koju drugu akciju u Rafahu, koja bi mogla izlo\u017eiti palestinsko stanovni\u0161tvo u Gazi \u017eivotnim uvjetima koji bi mogli dovesti do njihovog fizi\u010dkog uni\u0161tenja i to u cijelosti ili djelomi\u010dno. Sud je opisao uvjete u Rafi kao &#8216;katastrofalne&#8217; i &#8216;nije uvjeren da napori evakuacije i povezane mjere za koje Izrael tvrdi da ih je poduzeo kako bi pobolj\u0161ao sigurnost civila u Pojasu Gaze, a posebno onih koji su nedavno raseljeni iz Rafaha&#8217;, dovoljni su da ubla\u017ee ogroman rizik kojem je palestinsko stanovni\u0161tvo izlo\u017eeno kao rezultat vojne ofenzive u Rafi.&#8217;<\/p>\n<p>ICJ je ponovno potvrdio privremene mjere navedene u svojim nalozima od 26. sije\u010dnja 2024. i 28. o\u017eujka 2024., primjenjive u cijeloj Gazi, uklju\u010duju\u0107i Rafah i pozvao na njihovu hitnu i u\u010dinkovitu provedbu. To uklju\u010duje nesmetano pru\u017eanje hitno potrebnih osnovnih usluga i humanitarne pomo\u0107i u velikom opsegu, te stalno otvaranje kopnenih prijelaza, posebice prijelaza Rafah. Sud je tako\u0111er naredio Izraelu da omogu\u0107i nesmetan pristup svim istra\u017enim komisijama, inicijativama za utvr\u0111ivanje \u010dinjenica ili drugim tijelima UN-a koja istra\u017euju navode o genocidu. Tako\u0111er je ponovio pozive na hitno i bezuvjetno osloba\u0111anje svih talaca. Od Izraela se tra\u017ei da podnese izvje\u0161\u0107e za mjesec dana od danas, u kojem \u0107e se navesti sve mjere poduzete kako bi se ispunile te naredbe.<\/p>\n<p>UK mora bezrezervno prihvatiti nalaze i naloge Suda. Kao potpisnica Konvencije o genocidu i Povelje UN-a, Ujedinjeno Kraljevstvo mora osigurati da se odluke Suda po\u0161tuju i provode putem javnih izjava i konkretnih politi\u010dkih mjera. Neuspjeh da se to u\u010dini ne samo da riskira daljnji gubitak civilnih \u017eivota, ve\u0107 tako\u0111er riskira uni\u0161tavanje samih temelja me\u0111unarodnog sustava temeljenog na pravilima i me\u0111unarodne pravde. Primjena pravde i odgovornosti za me\u0111unarodne zlo\u010dine nikada ne mo\u017ee biti selektivna. Nedosljednost omogu\u0107uje neka\u017enjivost. Situacija u Gazi zna\u010dajno se pogor\u0161ala, unato\u010d nalogu ICJ-a od 26. sije\u010dnja da izraelske vlasti moraju sprije\u010diti i kazniti djela genocida. Od 8. listopada ubijeno je najmanje 35.000 Palestinaca, tisu\u0107e su ostale pod ru\u0161evinama, a gotovo 80.000 ih je ozlije\u0111eno. Stanovni\u0161tvo je izgladnjelo, s masovnim uni\u0161tavanjem civilne infrastrukture i slabim pristupom \u010distoj vodi, sanitarnim uvjetima i zdravstvenoj skrbi pod izraelskim kontinuiranim neselektivnim bombardiranjem i namjernim i sustavnim uskra\u0107ivanjem pomo\u0107i u Gazi.<\/p>\n<p>Ujedinjeno Kraljevstvo sada mora u\u010diniti sve \u0161to je u njegovoj mo\u0107i kako bi osiguralo da Izrael po\u0161tuje svoje obveze prema me\u0111unarodnom pravu, uklju\u010duju\u0107i u pogledu svih mjera koje je naredio ICJ. Izraelska vlada ve\u0107 nije ispunila naredbe ICJ-a, a Ujedinjeno Kraljevstvo mora hitno upotrijebiti sve raspolo\u017eive poluge kako bi osiguralo njezinu uskla\u0111enost, hitno zaustaviti izraelski napad na Rafah i zahtijevati trenutni i trajni prekid vatre. To uklju\u010duje obustavu transfera oru\u017eja Izraelu sve dok postoji rizik da se ono mo\u017ee koristiti za kr\u0161enje me\u0111unarodnog prava. Ujedinjeno Kraljevstvo mora ispuniti svoje obveze potpisnice prema Konvenciji za sprje\u010davanje i ka\u017enjavanje zlo\u010dina genocida i mora osigurati da ni na koji na\u010din ne omogu\u0107uje ili na drugi na\u010din sudjeluje u po\u010dinjenju radnji za koje je Sud utvrdio da bi mogla predstavljati kr\u0161enje konvencije o genocidu.<\/p>\n<p>Pozivamo UK da odmah poni\u0161ti svoju odluku o pauziranju financiranja UNRWA-e iz UK-a, koja je uslijedila nedugo nakon izdavanja prvog skupa privremenih mjera koje je izdao ICJ. Pozdravili smo brzu istragu koju je provela Catherine Colonna, koja je otkrila da UNRWA ima zna\u010dajan broj mehanizama i postupaka za osiguravanje uskla\u0111enosti s humanitarnim na\u010delom neutralnosti, kao i Ured UN-a za slu\u017ebe unutarnjeg nadzora (OIOS). Uskra\u0107ivanje financiranja UNRWA-i samo \u0107e dovesti do novih smrti, u vrijeme kada je ICJ naglasio potrebu za sprje\u010davanjem genocida i ispunjavanjem stra\u0161nih humanitarnih potreba Palestinaca.<\/p>\n<p><img loading=\"lazy\" decoding=\"async\" class=\"aligncenter size-medium wp-image-2718\" src=\"http:\/\/www.ahmadiyya-islam.org\/hr\/wp-content\/uploads\/sites\/22\/2024\/06\/ICJ-ruling-joint-statement-24.05.24-2-580x580-1-300x300.png\" alt=\"ICJ ruling joint statement\" width=\"300\" height=\"300\" srcset=\"https:\/\/www.ahmadiyya-islam.org\/hr\/wp-content\/uploads\/sites\/22\/2024\/06\/ICJ-ruling-joint-statement-24.05.24-2-580x580-1-300x300.png 300w, https:\/\/www.ahmadiyya-islam.org\/hr\/wp-content\/uploads\/sites\/22\/2024\/06\/ICJ-ruling-joint-statement-24.05.24-2-580x580-1-150x150.png 150w, https:\/\/www.ahmadiyya-islam.org\/hr\/wp-content\/uploads\/sites\/22\/2024\/06\/ICJ-ruling-joint-statement-24.05.24-2-580x580-1-50x50.png 50w, https:\/\/www.ahmadiyya-islam.org\/hr\/wp-content\/uploads\/sites\/22\/2024\/06\/ICJ-ruling-joint-statement-24.05.24-2-580x580-1.png 580w\" sizes=\"auto, (max-width: 300px) 100vw, 300px\" \/><\/p>\n<p><strong>Potpisnici:<\/strong><\/p>\n<p>Action for Humanity<br \/>\nAction Aid UK<br \/>\nAmos Trust<br \/>\nCaabu (Council for Arab-British Understanding)<br \/>\nCAFOD<br \/>\nChristian Aid<br \/>\nEmbrace the Middle East<br \/>\nGender Action for Peace and Security (GAPS)<br \/>\nHumanity First UK<br \/>\nInterpal<br \/>\nLady Fatemah Charitable Trust<br \/>\nLawyers for Palestinian Human Rights<br \/>\nOxfam<br \/>\nOmega Research Foundation<br \/>\nPlan International UK<br \/>\nProtection Approaches<br \/>\nMedical Aid for Palestinians (MAP)<br \/>\nQuakers in Britain<br \/>\nSCIAFSOS Children\u2019s Villages UK<br \/>\nWelfare Association<br \/>\nWar on Want<\/p>\n","protected":false},"excerpt":{"rendered":"<p>\u201eKao humanitarnog radnika u Gazi, treba istaknuti da je trenutna situacija na tom podru\u010dju duboko potresna. Osje\u0107aj bespomo\u0107nosti i frustracije je nevjerojatan. Na\u0161a primarna misija je pomo\u0107i onima kojima je potrebna, ali s obzirom da su granice zatvorene i pomo\u0107 ne sti\u017ee, ruke su nam vezane. Itekako smo svjesni sve lo\u0161ijih uvjeta i hitnih potreba<\/p>\n","protected":false},"author":77,"featured_media":2719,"comment_status":"closed","ping_status":"closed","sticky":false,"template":"","format":"standard","meta":{"_acf_changed":false,"footnotes":""},"categories":[9],"tags":[],"topics":[18,345,220,221],"authors":[],"geo_locations":[],"content_source":[],"class_list":["post-2716","post","type-post","status-publish","format-standard","has-post-thumbnail","hentry","category-humanity-first","topics-humanity-first","topics-politika","topics-pravda","topics-svijet-u-krizi"],"acf":[],"yoast_head":"<!-- This site is optimized with the Yoast SEO Premium plugin v21.1 (Yoast SEO v27.4) - https:\/\/yoast.com\/product\/yoast-seo-premium-wordpress\/ -->\n<title>Zajedni\u010dka izjava Humanity Firsta o naredbi ICJ-a da se zaustavi ofenziva na Rafah - Ahmadija muslimanski d\u017eamat<\/title>\n<meta name=\"robots\" content=\"index, follow, max-snippet:-1, max-image-preview:large, max-video-preview:-1\" \/>\n<link rel=\"canonical\" href=\"https:\/\/www.ahmadiyya-islam.org\/hr\/humanity-first\/zajednicka-izjava-humanity-firsta-o-naredbi-icj-a-da-se-zaustavi-ofenziva-na-rafah\/\" \/>\n<meta property=\"og:locale\" content=\"hr_HR\" \/>\n<meta property=\"og:type\" content=\"article\" \/>\n<meta property=\"og:title\" content=\"Zajedni\u010dka izjava Humanity Firsta o naredbi ICJ-a da se zaustavi ofenziva na Rafah\" \/>\n<meta property=\"og:description\" content=\"\u201eKao humanitarnog radnika u Gazi, treba istaknuti da je trenutna situacija na tom podru\u010dju duboko potresna. Osje\u0107aj bespomo\u0107nosti i frustracije je nevjerojatan. Na\u0161a primarna misija je pomo\u0107i onima kojima je potrebna, ali s obzirom da su granice zatvorene i pomo\u0107 ne sti\u017ee, ruke su nam vezane. Itekako smo svjesni sve lo\u0161ijih uvjeta i hitnih potreba\" \/>\n<meta property=\"og:url\" content=\"https:\/\/www.ahmadiyya-islam.org\/hr\/humanity-first\/zajednicka-izjava-humanity-firsta-o-naredbi-icj-a-da-se-zaustavi-ofenziva-na-rafah\/\" \/>\n<meta property=\"og:site_name\" content=\"Ahmadija muslimanski d\u017eamat\" \/>\n<meta property=\"article:published_time\" content=\"2024-06-01T09:58:04+00:00\" \/>\n<meta property=\"og:image\" content=\"http:\/\/www.ahmadiyya-islam.org\/hr\/wp-content\/uploads\/sites\/22\/2024\/06\/ICJ-Statement-.jpg\" \/>\n\t<meta property=\"og:image:width\" content=\"1500\" \/>\n\t<meta property=\"og:image:height\" content=\"750\" \/>\n\t<meta property=\"og:image:type\" content=\"image\/jpeg\" \/>\n<meta name=\"author\" content=\"ranamunawar\" \/>\n<meta name=\"twitter:card\" content=\"summary_large_image\" \/>\n<meta name=\"twitter:label1\" content=\"Napisao\/la\" \/>\n\t<meta name=\"twitter:data1\" content=\"ranamunawar\" \/>\n\t<meta name=\"twitter:label2\" content=\"Procijenjeno vrijeme \u010ditanja\" \/>\n\t<meta name=\"twitter:data2\" content=\"5 minuta\" \/>\n<script type=\"application\/ld+json\" class=\"yoast-schema-graph\">{\"@context\":\"https:\\\/\\\/schema.org\",\"@graph\":[{\"@type\":\"Article\",\"@id\":\"https:\\\/\\\/www.ahmadiyya-islam.org\\\/hr\\\/humanity-first\\\/zajednicka-izjava-humanity-firsta-o-naredbi-icj-a-da-se-zaustavi-ofenziva-na-rafah\\\/#article\",\"isPartOf\":{\"@id\":\"https:\\\/\\\/www.ahmadiyya-islam.org\\\/hr\\\/humanity-first\\\/zajednicka-izjava-humanity-firsta-o-naredbi-icj-a-da-se-zaustavi-ofenziva-na-rafah\\\/\"},\"author\":{\"name\":\"ranamunawar\",\"@id\":\"https:\\\/\\\/www.ahmadiyya-islam.org\\\/hr\\\/#\\\/schema\\\/person\\\/4d74f28572ca6c7fa65111daa316ed65\"},\"headline\":\"Zajedni\u010dka izjava Humanity Firsta o naredbi ICJ-a da se zaustavi ofenziva na Rafah\",\"datePublished\":\"2024-06-01T09:58:04+00:00\",\"mainEntityOfPage\":{\"@id\":\"https:\\\/\\\/www.ahmadiyya-islam.org\\\/hr\\\/humanity-first\\\/zajednicka-izjava-humanity-firsta-o-naredbi-icj-a-da-se-zaustavi-ofenziva-na-rafah\\\/\"},\"wordCount\":857,\"image\":{\"@id\":\"https:\\\/\\\/www.ahmadiyya-islam.org\\\/hr\\\/humanity-first\\\/zajednicka-izjava-humanity-firsta-o-naredbi-icj-a-da-se-zaustavi-ofenziva-na-rafah\\\/#primaryimage\"},\"thumbnailUrl\":\"https:\\\/\\\/www.ahmadiyya-islam.org\\\/hr\\\/wp-content\\\/uploads\\\/sites\\\/22\\\/2024\\\/06\\\/ICJ-Statement-.jpg\",\"articleSection\":[\"Humanity First\"],\"inLanguage\":\"hr\"},{\"@type\":\"WebPage\",\"@id\":\"https:\\\/\\\/www.ahmadiyya-islam.org\\\/hr\\\/humanity-first\\\/zajednicka-izjava-humanity-firsta-o-naredbi-icj-a-da-se-zaustavi-ofenziva-na-rafah\\\/\",\"url\":\"https:\\\/\\\/www.ahmadiyya-islam.org\\\/hr\\\/humanity-first\\\/zajednicka-izjava-humanity-firsta-o-naredbi-icj-a-da-se-zaustavi-ofenziva-na-rafah\\\/\",\"name\":\"Zajedni\u010dka izjava Humanity Firsta o naredbi ICJ-a da se zaustavi ofenziva na Rafah - Ahmadija muslimanski d\u017eamat\",\"isPartOf\":{\"@id\":\"https:\\\/\\\/www.ahmadiyya-islam.org\\\/hr\\\/#website\"},\"primaryImageOfPage\":{\"@id\":\"https:\\\/\\\/www.ahmadiyya-islam.org\\\/hr\\\/humanity-first\\\/zajednicka-izjava-humanity-firsta-o-naredbi-icj-a-da-se-zaustavi-ofenziva-na-rafah\\\/#primaryimage\"},\"image\":{\"@id\":\"https:\\\/\\\/www.ahmadiyya-islam.org\\\/hr\\\/humanity-first\\\/zajednicka-izjava-humanity-firsta-o-naredbi-icj-a-da-se-zaustavi-ofenziva-na-rafah\\\/#primaryimage\"},\"thumbnailUrl\":\"https:\\\/\\\/www.ahmadiyya-islam.org\\\/hr\\\/wp-content\\\/uploads\\\/sites\\\/22\\\/2024\\\/06\\\/ICJ-Statement-.jpg\",\"datePublished\":\"2024-06-01T09:58:04+00:00\",\"author\":{\"@id\":\"https:\\\/\\\/www.ahmadiyya-islam.org\\\/hr\\\/#\\\/schema\\\/person\\\/4d74f28572ca6c7fa65111daa316ed65\"},\"breadcrumb\":{\"@id\":\"https:\\\/\\\/www.ahmadiyya-islam.org\\\/hr\\\/humanity-first\\\/zajednicka-izjava-humanity-firsta-o-naredbi-icj-a-da-se-zaustavi-ofenziva-na-rafah\\\/#breadcrumb\"},\"inLanguage\":\"hr\",\"potentialAction\":[{\"@type\":\"ReadAction\",\"target\":[\"https:\\\/\\\/www.ahmadiyya-islam.org\\\/hr\\\/humanity-first\\\/zajednicka-izjava-humanity-firsta-o-naredbi-icj-a-da-se-zaustavi-ofenziva-na-rafah\\\/\"]}]},{\"@type\":\"ImageObject\",\"inLanguage\":\"hr\",\"@id\":\"https:\\\/\\\/www.ahmadiyya-islam.org\\\/hr\\\/humanity-first\\\/zajednicka-izjava-humanity-firsta-o-naredbi-icj-a-da-se-zaustavi-ofenziva-na-rafah\\\/#primaryimage\",\"url\":\"https:\\\/\\\/www.ahmadiyya-islam.org\\\/hr\\\/wp-content\\\/uploads\\\/sites\\\/22\\\/2024\\\/06\\\/ICJ-Statement-.jpg\",\"contentUrl\":\"https:\\\/\\\/www.ahmadiyya-islam.org\\\/hr\\\/wp-content\\\/uploads\\\/sites\\\/22\\\/2024\\\/06\\\/ICJ-Statement-.jpg\",\"width\":1500,\"height\":750,\"caption\":\"ICJ Statement - Humanity First\"},{\"@type\":\"BreadcrumbList\",\"@id\":\"https:\\\/\\\/www.ahmadiyya-islam.org\\\/hr\\\/humanity-first\\\/zajednicka-izjava-humanity-firsta-o-naredbi-icj-a-da-se-zaustavi-ofenziva-na-rafah\\\/#breadcrumb\",\"itemListElement\":[{\"@type\":\"ListItem\",\"position\":1,\"name\":\"Home\",\"item\":\"https:\\\/\\\/www.ahmadiyya-islam.org\\\/hr\\\/\"},{\"@type\":\"ListItem\",\"position\":2,\"name\":\"Zajedni\u010dka izjava Humanity Firsta o naredbi ICJ-a da se zaustavi ofenziva na Rafah\"}]},{\"@type\":\"WebSite\",\"@id\":\"https:\\\/\\\/www.ahmadiyya-islam.org\\\/hr\\\/#website\",\"url\":\"https:\\\/\\\/www.ahmadiyya-islam.org\\\/hr\\\/\",\"name\":\"Ahmadija muslimanski d\u017eamat\",\"description\":\"Hrvatska\",\"potentialAction\":[{\"@type\":\"SearchAction\",\"target\":{\"@type\":\"EntryPoint\",\"urlTemplate\":\"https:\\\/\\\/www.ahmadiyya-islam.org\\\/hr\\\/?s={search_term_string}\"},\"query-input\":{\"@type\":\"PropertyValueSpecification\",\"valueRequired\":true,\"valueName\":\"search_term_string\"}}],\"inLanguage\":\"hr\"},{\"@type\":\"Person\",\"@id\":\"https:\\\/\\\/www.ahmadiyya-islam.org\\\/hr\\\/#\\\/schema\\\/person\\\/4d74f28572ca6c7fa65111daa316ed65\",\"name\":\"ranamunawar\",\"url\":\"https:\\\/\\\/www.ahmadiyya-islam.org\\\/hr\\\/author\\\/ranamunawar\\\/\"}]}<\/script>\n<!-- \/ Yoast SEO Premium plugin. -->","yoast_head_json":{"title":"Zajedni\u010dka izjava Humanity Firsta o naredbi ICJ-a da se zaustavi ofenziva na Rafah - Ahmadija muslimanski d\u017eamat","robots":{"index":"index","follow":"follow","max-snippet":"max-snippet:-1","max-image-preview":"max-image-preview:large","max-video-preview":"max-video-preview:-1"},"canonical":"https:\/\/www.ahmadiyya-islam.org\/hr\/humanity-first\/zajednicka-izjava-humanity-firsta-o-naredbi-icj-a-da-se-zaustavi-ofenziva-na-rafah\/","og_locale":"hr_HR","og_type":"article","og_title":"Zajedni\u010dka izjava Humanity Firsta o naredbi ICJ-a da se zaustavi ofenziva na Rafah","og_description":"\u201eKao humanitarnog radnika u Gazi, treba istaknuti da je trenutna situacija na tom podru\u010dju duboko potresna. Osje\u0107aj bespomo\u0107nosti i frustracije je nevjerojatan. Na\u0161a primarna misija je pomo\u0107i onima kojima je potrebna, ali s obzirom da su granice zatvorene i pomo\u0107 ne sti\u017ee, ruke su nam vezane. Itekako smo svjesni sve lo\u0161ijih uvjeta i hitnih potreba","og_url":"https:\/\/www.ahmadiyya-islam.org\/hr\/humanity-first\/zajednicka-izjava-humanity-firsta-o-naredbi-icj-a-da-se-zaustavi-ofenziva-na-rafah\/","og_site_name":"Ahmadija muslimanski d\u017eamat","article_published_time":"2024-06-01T09:58:04+00:00","og_image":[{"width":1500,"height":750,"url":"http:\/\/www.ahmadiyya-islam.org\/hr\/wp-content\/uploads\/sites\/22\/2024\/06\/ICJ-Statement-.jpg","type":"image\/jpeg"}],"author":"ranamunawar","twitter_card":"summary_large_image","twitter_misc":{"Napisao\/la":"ranamunawar","Procijenjeno vrijeme \u010ditanja":"5 minuta"},"schema":{"@context":"https:\/\/schema.org","@graph":[{"@type":"Article","@id":"https:\/\/www.ahmadiyya-islam.org\/hr\/humanity-first\/zajednicka-izjava-humanity-firsta-o-naredbi-icj-a-da-se-zaustavi-ofenziva-na-rafah\/#article","isPartOf":{"@id":"https:\/\/www.ahmadiyya-islam.org\/hr\/humanity-first\/zajednicka-izjava-humanity-firsta-o-naredbi-icj-a-da-se-zaustavi-ofenziva-na-rafah\/"},"author":{"name":"ranamunawar","@id":"https:\/\/www.ahmadiyya-islam.org\/hr\/#\/schema\/person\/4d74f28572ca6c7fa65111daa316ed65"},"headline":"Zajedni\u010dka izjava Humanity Firsta o naredbi ICJ-a da se zaustavi ofenziva na Rafah","datePublished":"2024-06-01T09:58:04+00:00","mainEntityOfPage":{"@id":"https:\/\/www.ahmadiyya-islam.org\/hr\/humanity-first\/zajednicka-izjava-humanity-firsta-o-naredbi-icj-a-da-se-zaustavi-ofenziva-na-rafah\/"},"wordCount":857,"image":{"@id":"https:\/\/www.ahmadiyya-islam.org\/hr\/humanity-first\/zajednicka-izjava-humanity-firsta-o-naredbi-icj-a-da-se-zaustavi-ofenziva-na-rafah\/#primaryimage"},"thumbnailUrl":"https:\/\/www.ahmadiyya-islam.org\/hr\/wp-content\/uploads\/sites\/22\/2024\/06\/ICJ-Statement-.jpg","articleSection":["Humanity First"],"inLanguage":"hr"},{"@type":"WebPage","@id":"https:\/\/www.ahmadiyya-islam.org\/hr\/humanity-first\/zajednicka-izjava-humanity-firsta-o-naredbi-icj-a-da-se-zaustavi-ofenziva-na-rafah\/","url":"https:\/\/www.ahmadiyya-islam.org\/hr\/humanity-first\/zajednicka-izjava-humanity-firsta-o-naredbi-icj-a-da-se-zaustavi-ofenziva-na-rafah\/","name":"Zajedni\u010dka izjava Humanity Firsta o naredbi ICJ-a da se zaustavi ofenziva na Rafah - Ahmadija muslimanski d\u017eamat","isPartOf":{"@id":"https:\/\/www.ahmadiyya-islam.org\/hr\/#website"},"primaryImageOfPage":{"@id":"https:\/\/www.ahmadiyya-islam.org\/hr\/humanity-first\/zajednicka-izjava-humanity-firsta-o-naredbi-icj-a-da-se-zaustavi-ofenziva-na-rafah\/#primaryimage"},"image":{"@id":"https:\/\/www.ahmadiyya-islam.org\/hr\/humanity-first\/zajednicka-izjava-humanity-firsta-o-naredbi-icj-a-da-se-zaustavi-ofenziva-na-rafah\/#primaryimage"},"thumbnailUrl":"https:\/\/www.ahmadiyya-islam.org\/hr\/wp-content\/uploads\/sites\/22\/2024\/06\/ICJ-Statement-.jpg","datePublished":"2024-06-01T09:58:04+00:00","author":{"@id":"https:\/\/www.ahmadiyya-islam.org\/hr\/#\/schema\/person\/4d74f28572ca6c7fa65111daa316ed65"},"breadcrumb":{"@id":"https:\/\/www.ahmadiyya-islam.org\/hr\/humanity-first\/zajednicka-izjava-humanity-firsta-o-naredbi-icj-a-da-se-zaustavi-ofenziva-na-rafah\/#breadcrumb"},"inLanguage":"hr","potentialAction":[{"@type":"ReadAction","target":["https:\/\/www.ahmadiyya-islam.org\/hr\/humanity-first\/zajednicka-izjava-humanity-firsta-o-naredbi-icj-a-da-se-zaustavi-ofenziva-na-rafah\/"]}]},{"@type":"ImageObject","inLanguage":"hr","@id":"https:\/\/www.ahmadiyya-islam.org\/hr\/humanity-first\/zajednicka-izjava-humanity-firsta-o-naredbi-icj-a-da-se-zaustavi-ofenziva-na-rafah\/#primaryimage","url":"https:\/\/www.ahmadiyya-islam.org\/hr\/wp-content\/uploads\/sites\/22\/2024\/06\/ICJ-Statement-.jpg","contentUrl":"https:\/\/www.ahmadiyya-islam.org\/hr\/wp-content\/uploads\/sites\/22\/2024\/06\/ICJ-Statement-.jpg","width":1500,"height":750,"caption":"ICJ Statement - Humanity First"},{"@type":"BreadcrumbList","@id":"https:\/\/www.ahmadiyya-islam.org\/hr\/humanity-first\/zajednicka-izjava-humanity-firsta-o-naredbi-icj-a-da-se-zaustavi-ofenziva-na-rafah\/#breadcrumb","itemListElement":[{"@type":"ListItem","position":1,"name":"Home","item":"https:\/\/www.ahmadiyya-islam.org\/hr\/"},{"@type":"ListItem","position":2,"name":"Zajedni\u010dka izjava Humanity Firsta o naredbi ICJ-a da se zaustavi ofenziva na Rafah"}]},{"@type":"WebSite","@id":"https:\/\/www.ahmadiyya-islam.org\/hr\/#website","url":"https:\/\/www.ahmadiyya-islam.org\/hr\/","name":"Ahmadija muslimanski d\u017eamat","description":"Hrvatska","potentialAction":[{"@type":"SearchAction","target":{"@type":"EntryPoint","urlTemplate":"https:\/\/www.ahmadiyya-islam.org\/hr\/?s={search_term_string}"},"query-input":{"@type":"PropertyValueSpecification","valueRequired":true,"valueName":"search_term_string"}}],"inLanguage":"hr"},{"@type":"Person","@id":"https:\/\/www.ahmadiyya-islam.org\/hr\/#\/schema\/person\/4d74f28572ca6c7fa65111daa316ed65","name":"ranamunawar","url":"https:\/\/www.ahmadiyya-islam.org\/hr\/author\/ranamunawar\/"}]}},"_links":{"self":[{"href":"https:\/\/www.ahmadiyya-islam.org\/hr\/wp-json\/wp\/v2\/posts\/2716","targetHints":{"allow":["GET"]}}],"collection":[{"href":"https:\/\/www.ahmadiyya-islam.org\/hr\/wp-json\/wp\/v2\/posts"}],"about":[{"href":"https:\/\/www.ahmadiyya-islam.org\/hr\/wp-json\/wp\/v2\/types\/post"}],"author":[{"embeddable":true,"href":"https:\/\/www.ahmadiyya-islam.org\/hr\/wp-json\/wp\/v2\/users\/77"}],"replies":[{"embeddable":true,"href":"https:\/\/www.ahmadiyya-islam.org\/hr\/wp-json\/wp\/v2\/comments?post=2716"}],"version-history":[{"count":1,"href":"https:\/\/www.ahmadiyya-islam.org\/hr\/wp-json\/wp\/v2\/posts\/2716\/revisions"}],"predecessor-version":[{"id":2721,"href":"https:\/\/www.ahmadiyya-islam.org\/hr\/wp-json\/wp\/v2\/posts\/2716\/revisions\/2721"}],"wp:featuredmedia":[{"embeddable":true,"href":"https:\/\/www.ahmadiyya-islam.org\/hr\/wp-json\/wp\/v2\/media\/2719"}],"wp:attachment":[{"href":"https:\/\/www.ahmadiyya-islam.org\/hr\/wp-json\/wp\/v2\/media?parent=2716"}],"wp:term":[{"taxonomy":"category","embeddable":true,"href":"https:\/\/www.ahmadiyya-islam.org\/hr\/wp-json\/wp\/v2\/categories?post=2716"},{"taxonomy":"post_tag","embeddable":true,"href":"https:\/\/www.ahmadiyya-islam.org\/hr\/wp-json\/wp\/v2\/tags?post=2716"},{"taxonomy":"topics","embeddable":true,"href":"https:\/\/www.ahmadiyya-islam.org\/hr\/wp-json\/wp\/v2\/topics?post=2716"},{"taxonomy":"authors","embeddable":true,"href":"https:\/\/www.ahmadiyya-islam.org\/hr\/wp-json\/wp\/v2\/authors?post=2716"},{"taxonomy":"geo_locations","embeddable":true,"href":"https:\/\/www.ahmadiyya-islam.org\/hr\/wp-json\/wp\/v2\/geo_locations?post=2716"},{"taxonomy":"content_source","embeddable":true,"href":"https:\/\/www.ahmadiyya-islam.org\/hr\/wp-json\/wp\/v2\/content_source?post=2716"}],"curies":[{"name":"wp","href":"https:\/\/api.w.org\/{rel}","templated":true}]}}