{"id":2628,"date":"2024-01-24T10:14:54","date_gmt":"2024-01-24T10:14:54","guid":{"rendered":"https:\/\/www.ahmadiyya-islam.org\/hr\/?p=2628"},"modified":"2024-02-29T14:14:02","modified_gmt":"2024-02-29T14:14:02","slug":"simpozij-mira-2024-glasovi-za-mir","status":"publish","type":"post","link":"https:\/\/www.ahmadiyya-islam.org\/hr\/ahmadija\/simpozij-mira-2024-glasovi-za-mir\/","title":{"rendered":"Po\u010detak inicijative Simpozija mira u Hrvatskoj"},"content":{"rendered":"<p><span style=\"color: #666699\"><em>Ahmadija muslimanski d\u017eamat s ponosom najavljuje odr\u017eavanje Simpozija mira u Hrvatskoj. Inicijativa za odr\u017eavanje Simpozija mira je promoviranje mira u svijetu, a ti\u010de se \u0161ire zajednice na razli\u010dite teme. Ovogodi\u0161nja tema je povezana s me\u0111unarodnom kampanjom \u201eGlasovi za mir\u201c kako bi se zavr\u0161io Palestinsko-izraelski rat. Poku\u0161at \u0107e se odgovoriti na pitanja kako kora\u010dati zajedno prema miru, pravdi i primjeni me\u0111unarodnog prava te \u0161to treba u\u010diniti da se kona\u010dno zavr\u0161i stradavanje nevinih \u017ertava.<\/em><\/span><\/p>\n<p>U novije vrijeme svjedoci smo toga da u svijetu ima sve vi\u0161e ekonomske i politi\u010dke napetosti koje dovode do ratova s katastrofalnim posljedicama. Negativni u\u010dinci ovih ratova stigli su i do nas u Hrvatskoj.<\/p>\n<p>Dakle, pitanje kojim se moramo pozabaviti je, koji se koraci mogu poduzeti u na\u0161oj trenutnoj situaciji da se postigne mir u svijetu? Kako mo\u017eemo preokrenuti ili poni\u0161titi podgrijavanje vatre u svijetu? Koliko je situacija postala dramati\u010dna, mogu shvatiti i renomirani umovi na\u0161eg vremena koji su &#8216;sat sudnjeg dana namjestili gotovo na pono\u0107&#8217;. To ukazuje na veliku opasnost od izbijanja globalnog atomskog rata. U tom pogledu kriza na Bliskom istoku samo dodatno potpiruje opasnost od Tre\u0107eg svjetskog rata koji je ve\u0107 bio pokrenut u stanju pripravnosti ukrajinsko-ruskim ratom.<\/p>\n<p>U ovim alarmantnim vremenima mo\u017ee li se na\u0107i netko tko \u0107e &#8216;vodom ugasiti vatru&#8217; koja gori? Postoje li glasovi koji pozivaju na mir? Ima li spremnosti za \u0161irenje poruke mira?<\/p>\n<p>Mislimo da nema sumnje da postoje bezbrojni glasovi mira diljem svijeta. Sigurno ste ih \u010duli kako prosvjeduju kako bi se okon\u010dali ratovi, dala va\u017enost klimatskim promjenama ili raspravljalo o drugim dru\u0161tvenim pitanjima. Me\u0111utim, tako\u0111er smo uvjereni da postoje milijuni raznih ljudi koji se glasaju i \u010dekaju da ih se saslu\u0161a. Mnogi od njih se mo\u017eda boje u\u010diniti korak da to jednostavno ka\u017eu naglas. Neki mo\u017eda \u010dekaju da dobiju priliku da ih se \u010duje. Dakle, ono \u0161to \u017eelimo u\u010diniti jest dati ljudima priliku da \u0161ire poruku mira i omogu\u0107iti mnogima da slu\u0161aju poruku mira kako bi je prenijeli dalje u \u0161ire dru\u0161tvo.<\/p>\n<p>Vjerujemo da se prava poruka mira mora temeljiti na univerzalnim vrijednostima kako bi u\u010dinkovito djelovala kao lijek za svu patnju uzrokovanu bilo kojom vrstom ratovanja ili kriza.<\/p>\n<p>Univerzalne vrijednosti koje \u017eelimo istaknuti u ciklusu \u201eMirovnih simpozija\u201c su pravda i jednaka prava za sve. \u017delimo uspostaviti plodan dijalog temeljen na po\u0161tenju. \u017delimo povezati ljude i to ljubavlju i suosje\u0107anjem. \u017delimo izbrisati predrasude i rasizam bilo koje vrste i zaustaviti agendu &#8211; zavadi pa vladaj. \u010cvrsto vjerujemo da se mir u svijetu mo\u017ee posti\u0107i samo ako poku\u0161amo zbli\u017eiti ljude. Jedinstvo u ime pravde mora prevladati kako bi se budu\u0107nost nadolaze\u0107ih generacija za\u0161titila od bijede i uni\u0161tenja.<\/p>\n<p>Sa\u017eetak tih nastojanja krije se u sloganu na\u0161e zajednice <strong>\u201eLjubav za sve, mr\u017enja ni za koga\u201c<\/strong>.<\/p>\n<p>Stoga \u017eelimo pozvati sve na \u201cSimpozij mira\u201d da razgovaramo o aktualnim temama. Molimo vas da odvojite dio svog vremena da nam se pridru\u017eite i postanete glas mira. Zapamtite, ne mo\u017ee biti uspjeha bez neke vrste &#8216;\u017ertve&#8217; odnosno odvajanja od konformizma. \u017delimo pozvati sve i bili bismo zahvalni ako biste \u017eeljeli podijeliti svoje znanje o tome kako mo\u017eemo rije\u0161iti probleme s kojima se trenutno suo\u010davamo. Jedna obi\u010dna pohvala, savjet ili mudra rije\u010d zasigurno nam svima zajedno mo\u017ee pomo\u0107i da krenemo prema miru.<\/p>\n<p>Ovaj \u201cSimpozij mira\u201d prvi je takve vrste koji \u0107emo organizirati u Hrvatskoj iako na\u0161a zajednica ima dugu povijest u drugim zemljama svijeta gdje je postao dobrodo\u0161la i cijenjena tradicija u lokalnom dru\u0161tvu. Na ovim mirovnim simpozijima mnogi renomirani akademici, me\u0111unarodne javne osobe kao i vjerski vo\u0111e razli\u010ditih vjera govorili su o uspostavi mira.<\/p>\n<p>Na prethodnom <a href=\"https:\/\/www.ahmadiyya-islam.org\/hr\/clanci\/priznanje-boga-kljuc-za-mir\/\">\u201cMirovnom simpoziju\u201d odr\u017eanom u Londonu 2023.<\/a> vi\u0161e od 1500 ljudi, uklju\u010duju\u0107i 500 uglednika i gostiju koji su se okupili iz 40 zemalja, uklju\u010duju\u0107i ministre, dr\u017eavne veleposlanike i \u010dlanove parlamenta, prisustvovalo je doga\u0111aju. Jedna od tema na tom Simpoziju bio je i rat u Ukrajini.<\/p>\n<p>U istom duhu tako\u0111er \u0107emo organizirati na\u0161 prvi \u201cSimpozij mira\u201d u Hrvatskoj koji \u0107e se nastaviti odr\u017eavati svake godine s novom podtemom s novim govornicima koji \u0107e podijeliti poruku mira s raznih aspekata. Ove godine Mirovni simpozij ima podnaslov <a href=\"https:\/\/voicesforpeace.org\/events\/\">\u201cGlasovi za mir\u201d.<\/a> Rije\u010d je o me\u0111unarodnoj kampanji za okon\u010danje nedavnog rata koji je izbio na Bliskom istoku.<\/p>\n<p><strong>Simpozij mira \u0107e se odr\u017eati 10. velja\u010de 2024. u 17,30 sati u Hrvatskom novinarskom domu u Zagrebu.<\/strong><\/p>\n<p><strong>Govornici:<\/strong><\/p>\n<ol>\n<li><strong>Stanko Perica, predsjednik JRS-a<\/strong> <strong>&#8211;<\/strong> govorit \u0107e o \u201eIzbjegli\u010dkim krizama kao rezultatu izostanku mira\u201c\n<ul>\n<li>Isusovac, budu\u0107i doktor znanosti, ravnatelj isusova\u010de slu\u017ebe za izbjeglice. Ro\u0111en je u Rijeci 1983. godine te je radio kao dipl. pravnik 3 godine. 2010. godine odlu\u010duje se za pristupanje u novicijat Dru\u017ebe isusove. 2018. biva zare\u0111en za sve\u0107enika, a nakon toga imenovan za kapelana Me\u0111unarodne zajednice u Zagrebu.<\/li>\n<\/ul>\n<\/li>\n<li><strong>Dr. sc. Mijo Niki\u0107, sve\u0107enik i psiholog &#8211;<\/strong>\u00a0govorit \u0107e na temu o \u201eBlago mirotvorcima jer \u0107e se zvati sinovi Bo\u017eji\u201c (Mt 5, 9)\n<ul>\n<li>Isusovac i doktor znanosti na podru\u010dju dubinske psihologije i teologije. Izvrstan poznavatelj vjerskih zajednica. Predaje Medjureligijski dijalog na KBF-u u Zagrebu, Psihologiju i duhovni \u017eivot na Remetama te na FTI Dru\u017ebe Isusove. Autor je brojnih knjiga psiholo\u0161ko-duhovne tematike, te je voditelj \u0161kole emocija u Palmoti\u0107evoj.<\/li>\n<\/ul>\n<\/li>\n<li><strong>Dr. sc. Sead Ali\u0107 hrvatski filozof i knji\u017eevnik &#8211;<\/strong>\u00a0govorit \u0107e o \u201cDvostrukim standardima\u201d\n<ul>\n<li>Hrvatski knji\u017eevnik i filozof, doktor znanosti, diplomirao i doktorirao u Zagrebu na temu Filozofija i knji\u017eevnost. Radio je u Zagrebu na radiju 101. Radi na odjelu Komunikologija, mediji i novinarstvo. Sudjelovao je na vi\u0161e od 100 znanstvenih simpozija. U znanstvenim i drugim publikacijama objavio nekoliko stotina znanstvenih i publicisti\u010dkih radova. \u017divi i radi u Zagrebu.<\/li>\n<\/ul>\n<\/li>\n<li><strong>Munawwar Muhammad Khan, imam Ahmadijske muslimanske zajednice &#8211;<\/strong> govorit \u0107e o \u201eU\u010denju islama o rje\u0161enju rata\u201c\n<ul>\n<li>Imam Ahmadijske zajednice u RH je ro\u0111en u Pakistanu i \u017eivio u Njema\u010dkoj. Nakon 7 godina studije teologije na fakultetu Ahmadije u Njema\u010dkoj postao je imam me\u0111unarodne zajednice Ahmadije. Od 2017. je predsjednik Ahmadija zajednice u Hrvatskoj. Osim njema\u010dkog, govori urdu, engleski i hrvatski.<\/li>\n<\/ul>\n<\/li>\n<\/ol>\n<p>Jako bismo cijenili va\u0161e sudjelovanje u ovom mirovnom doga\u0111aju kako biste i sami poslu\u0161ali neke od glasova mira i mo\u017eda i sami postali jedan od njih.<\/p>\n<p>Uz ovu manifestaciju organizirat \u0107e se i izlo\u017eba plakata koju su pripremili u\u010denici 7. i 8. razreda O\u0160 Sveta Klara, O\u0160 Brezovica, O\u0160 Glina i O\u0160 Ka\u0161ina. Na ovoj izlo\u017ebi u\u010denici iznose svoja razmi\u0161ljanja i ideje o tome kako postati glas mira i koja je njihova poruka mira svijetu. Dana\u0161nji mladi \u0107e sigurno postati spasitelj budu\u0107nosti.<\/p>\n<p>Njihove glasove mira trebali bismo poslu\u0161ati!<\/p>\n","protected":false},"excerpt":{"rendered":"<p>Ahmadija muslimanski d\u017eamat s ponosom najavljuje odr\u017eavanje Simpozija mira u Hrvatskoj. Inicijativa za odr\u017eavanje Simpozija mira je promoviranje mira u svijetu, a ti\u010de se \u0161ire zajednice na razli\u010dite teme. Ovogodi\u0161nja tema je povezana s me\u0111unarodnom kampanjom \u201eGlasovi za mir\u201c kako bi se zavr\u0161io Palestinsko-izraelski rat. Poku\u0161at \u0107e se odgovoriti na pitanja kako kora\u010dati zajedno prema<\/p>\n","protected":false},"author":77,"featured_media":2629,"comment_status":"closed","ping_status":"closed","sticky":false,"template":"","format":"standard","meta":{"_acf_changed":false,"footnotes":""},"categories":[272],"tags":[419,314,313,350],"topics":[286,18,220,221],"authors":[],"geo_locations":[],"content_source":[],"class_list":["post-2628","post","type-post","status-publish","format-standard","has-post-thumbnail","hentry","category-ahmadija","tag-gaza","tag-izrael","tag-palestina","tag-simpozij-mira","topics-drustvo","topics-humanity-first","topics-pravda","topics-svijet-u-krizi"],"acf":[],"yoast_head":"<!-- This site is optimized with the Yoast SEO Premium plugin v21.1 (Yoast SEO v27.4) - https:\/\/yoast.com\/product\/yoast-seo-premium-wordpress\/ -->\n<title>Simpozij Mira 2024. - glasovi za mir<\/title>\n<meta name=\"robots\" content=\"index, follow, max-snippet:-1, max-image-preview:large, max-video-preview:-1\" \/>\n<link rel=\"canonical\" href=\"https:\/\/www.ahmadiyya-islam.org\/hr\/ahmadija\/simpozij-mira-2024-glasovi-za-mir\/\" \/>\n<meta property=\"og:locale\" content=\"hr_HR\" \/>\n<meta property=\"og:type\" content=\"article\" \/>\n<meta property=\"og:title\" content=\"Po\u010detak inicijative Simpozija mira u Hrvatskoj\" \/>\n<meta property=\"og:description\" content=\"Ahmadija muslimanski d\u017eamat s ponosom najavljuje odr\u017eavanje Simpozija mira u Hrvatskoj. Inicijativa za odr\u017eavanje Simpozija mira je promoviranje mira u svijetu, a ti\u010de se \u0161ire zajednice na razli\u010dite teme. Ovogodi\u0161nja tema je povezana s me\u0111unarodnom kampanjom \u201eGlasovi za mir\u201c kako bi se zavr\u0161io Palestinsko-izraelski rat. Poku\u0161at \u0107e se odgovoriti na pitanja kako kora\u010dati zajedno prema\" \/>\n<meta property=\"og:url\" content=\"https:\/\/www.ahmadiyya-islam.org\/hr\/ahmadija\/simpozij-mira-2024-glasovi-za-mir\/\" \/>\n<meta property=\"og:site_name\" content=\"Ahmadija muslimanski d\u017eamat\" \/>\n<meta property=\"article:published_time\" content=\"2024-01-24T10:14:54+00:00\" \/>\n<meta property=\"article:modified_time\" content=\"2024-02-29T14:14:02+00:00\" \/>\n<meta property=\"og:image\" content=\"http:\/\/www.ahmadiyya-islam.org\/hr\/wp-content\/uploads\/sites\/22\/2024\/01\/Symp-2024_new-.jpg\" \/>\n\t<meta property=\"og:image:width\" content=\"1500\" \/>\n\t<meta property=\"og:image:height\" content=\"750\" \/>\n\t<meta property=\"og:image:type\" content=\"image\/jpeg\" \/>\n<meta name=\"author\" content=\"ranamunawar\" \/>\n<meta name=\"twitter:card\" content=\"summary_large_image\" \/>\n<meta name=\"twitter:label1\" content=\"Napisao\/la\" \/>\n\t<meta name=\"twitter:data1\" content=\"ranamunawar\" \/>\n\t<meta name=\"twitter:label2\" content=\"Procijenjeno vrijeme \u010ditanja\" \/>\n\t<meta name=\"twitter:data2\" content=\"6 minuta\" \/>\n<script type=\"application\/ld+json\" class=\"yoast-schema-graph\">{\"@context\":\"https:\\\/\\\/schema.org\",\"@graph\":[{\"@type\":\"Article\",\"@id\":\"https:\\\/\\\/www.ahmadiyya-islam.org\\\/hr\\\/ahmadija\\\/simpozij-mira-2024-glasovi-za-mir\\\/#article\",\"isPartOf\":{\"@id\":\"https:\\\/\\\/www.ahmadiyya-islam.org\\\/hr\\\/ahmadija\\\/simpozij-mira-2024-glasovi-za-mir\\\/\"},\"author\":{\"name\":\"ranamunawar\",\"@id\":\"https:\\\/\\\/www.ahmadiyya-islam.org\\\/hr\\\/#\\\/schema\\\/person\\\/4d74f28572ca6c7fa65111daa316ed65\"},\"headline\":\"Po\u010detak inicijative Simpozija mira u Hrvatskoj\",\"datePublished\":\"2024-01-24T10:14:54+00:00\",\"dateModified\":\"2024-02-29T14:14:02+00:00\",\"mainEntityOfPage\":{\"@id\":\"https:\\\/\\\/www.ahmadiyya-islam.org\\\/hr\\\/ahmadija\\\/simpozij-mira-2024-glasovi-za-mir\\\/\"},\"wordCount\":1157,\"image\":{\"@id\":\"https:\\\/\\\/www.ahmadiyya-islam.org\\\/hr\\\/ahmadija\\\/simpozij-mira-2024-glasovi-za-mir\\\/#primaryimage\"},\"thumbnailUrl\":\"https:\\\/\\\/www.ahmadiyya-islam.org\\\/hr\\\/wp-content\\\/uploads\\\/sites\\\/22\\\/2024\\\/01\\\/Symp-2024_new-.jpg\",\"keywords\":[\"Gaza\",\"Izrael\",\"Palestina\",\"Simpozij mira\"],\"articleSection\":[\"Ahmadija\"],\"inLanguage\":\"hr\"},{\"@type\":\"WebPage\",\"@id\":\"https:\\\/\\\/www.ahmadiyya-islam.org\\\/hr\\\/ahmadija\\\/simpozij-mira-2024-glasovi-za-mir\\\/\",\"url\":\"https:\\\/\\\/www.ahmadiyya-islam.org\\\/hr\\\/ahmadija\\\/simpozij-mira-2024-glasovi-za-mir\\\/\",\"name\":\"Simpozij Mira 2024. - glasovi za mir\",\"isPartOf\":{\"@id\":\"https:\\\/\\\/www.ahmadiyya-islam.org\\\/hr\\\/#website\"},\"primaryImageOfPage\":{\"@id\":\"https:\\\/\\\/www.ahmadiyya-islam.org\\\/hr\\\/ahmadija\\\/simpozij-mira-2024-glasovi-za-mir\\\/#primaryimage\"},\"image\":{\"@id\":\"https:\\\/\\\/www.ahmadiyya-islam.org\\\/hr\\\/ahmadija\\\/simpozij-mira-2024-glasovi-za-mir\\\/#primaryimage\"},\"thumbnailUrl\":\"https:\\\/\\\/www.ahmadiyya-islam.org\\\/hr\\\/wp-content\\\/uploads\\\/sites\\\/22\\\/2024\\\/01\\\/Symp-2024_new-.jpg\",\"datePublished\":\"2024-01-24T10:14:54+00:00\",\"dateModified\":\"2024-02-29T14:14:02+00:00\",\"author\":{\"@id\":\"https:\\\/\\\/www.ahmadiyya-islam.org\\\/hr\\\/#\\\/schema\\\/person\\\/4d74f28572ca6c7fa65111daa316ed65\"},\"breadcrumb\":{\"@id\":\"https:\\\/\\\/www.ahmadiyya-islam.org\\\/hr\\\/ahmadija\\\/simpozij-mira-2024-glasovi-za-mir\\\/#breadcrumb\"},\"inLanguage\":\"hr\",\"potentialAction\":[{\"@type\":\"ReadAction\",\"target\":[\"https:\\\/\\\/www.ahmadiyya-islam.org\\\/hr\\\/ahmadija\\\/simpozij-mira-2024-glasovi-za-mir\\\/\"]}]},{\"@type\":\"ImageObject\",\"inLanguage\":\"hr\",\"@id\":\"https:\\\/\\\/www.ahmadiyya-islam.org\\\/hr\\\/ahmadija\\\/simpozij-mira-2024-glasovi-za-mir\\\/#primaryimage\",\"url\":\"https:\\\/\\\/www.ahmadiyya-islam.org\\\/hr\\\/wp-content\\\/uploads\\\/sites\\\/22\\\/2024\\\/01\\\/Symp-2024_new-.jpg\",\"contentUrl\":\"https:\\\/\\\/www.ahmadiyya-islam.org\\\/hr\\\/wp-content\\\/uploads\\\/sites\\\/22\\\/2024\\\/01\\\/Symp-2024_new-.jpg\",\"width\":1500,\"height\":750,\"caption\":\"Simpozij Mira 2024\"},{\"@type\":\"BreadcrumbList\",\"@id\":\"https:\\\/\\\/www.ahmadiyya-islam.org\\\/hr\\\/ahmadija\\\/simpozij-mira-2024-glasovi-za-mir\\\/#breadcrumb\",\"itemListElement\":[{\"@type\":\"ListItem\",\"position\":1,\"name\":\"Home\",\"item\":\"https:\\\/\\\/www.ahmadiyya-islam.org\\\/hr\\\/\"},{\"@type\":\"ListItem\",\"position\":2,\"name\":\"Po\u010detak inicijative Simpozija mira u Hrvatskoj\"}]},{\"@type\":\"WebSite\",\"@id\":\"https:\\\/\\\/www.ahmadiyya-islam.org\\\/hr\\\/#website\",\"url\":\"https:\\\/\\\/www.ahmadiyya-islam.org\\\/hr\\\/\",\"name\":\"Ahmadija muslimanski d\u017eamat\",\"description\":\"Hrvatska\",\"potentialAction\":[{\"@type\":\"SearchAction\",\"target\":{\"@type\":\"EntryPoint\",\"urlTemplate\":\"https:\\\/\\\/www.ahmadiyya-islam.org\\\/hr\\\/?s={search_term_string}\"},\"query-input\":{\"@type\":\"PropertyValueSpecification\",\"valueRequired\":true,\"valueName\":\"search_term_string\"}}],\"inLanguage\":\"hr\"},{\"@type\":\"Person\",\"@id\":\"https:\\\/\\\/www.ahmadiyya-islam.org\\\/hr\\\/#\\\/schema\\\/person\\\/4d74f28572ca6c7fa65111daa316ed65\",\"name\":\"ranamunawar\",\"url\":\"https:\\\/\\\/www.ahmadiyya-islam.org\\\/hr\\\/author\\\/ranamunawar\\\/\"}]}<\/script>\n<!-- \/ Yoast SEO Premium plugin. -->","yoast_head_json":{"title":"Simpozij Mira 2024. - glasovi za mir","robots":{"index":"index","follow":"follow","max-snippet":"max-snippet:-1","max-image-preview":"max-image-preview:large","max-video-preview":"max-video-preview:-1"},"canonical":"https:\/\/www.ahmadiyya-islam.org\/hr\/ahmadija\/simpozij-mira-2024-glasovi-za-mir\/","og_locale":"hr_HR","og_type":"article","og_title":"Po\u010detak inicijative Simpozija mira u Hrvatskoj","og_description":"Ahmadija muslimanski d\u017eamat s ponosom najavljuje odr\u017eavanje Simpozija mira u Hrvatskoj. Inicijativa za odr\u017eavanje Simpozija mira je promoviranje mira u svijetu, a ti\u010de se \u0161ire zajednice na razli\u010dite teme. Ovogodi\u0161nja tema je povezana s me\u0111unarodnom kampanjom \u201eGlasovi za mir\u201c kako bi se zavr\u0161io Palestinsko-izraelski rat. Poku\u0161at \u0107e se odgovoriti na pitanja kako kora\u010dati zajedno prema","og_url":"https:\/\/www.ahmadiyya-islam.org\/hr\/ahmadija\/simpozij-mira-2024-glasovi-za-mir\/","og_site_name":"Ahmadija muslimanski d\u017eamat","article_published_time":"2024-01-24T10:14:54+00:00","article_modified_time":"2024-02-29T14:14:02+00:00","og_image":[{"width":1500,"height":750,"url":"http:\/\/www.ahmadiyya-islam.org\/hr\/wp-content\/uploads\/sites\/22\/2024\/01\/Symp-2024_new-.jpg","type":"image\/jpeg"}],"author":"ranamunawar","twitter_card":"summary_large_image","twitter_misc":{"Napisao\/la":"ranamunawar","Procijenjeno vrijeme \u010ditanja":"6 minuta"},"schema":{"@context":"https:\/\/schema.org","@graph":[{"@type":"Article","@id":"https:\/\/www.ahmadiyya-islam.org\/hr\/ahmadija\/simpozij-mira-2024-glasovi-za-mir\/#article","isPartOf":{"@id":"https:\/\/www.ahmadiyya-islam.org\/hr\/ahmadija\/simpozij-mira-2024-glasovi-za-mir\/"},"author":{"name":"ranamunawar","@id":"https:\/\/www.ahmadiyya-islam.org\/hr\/#\/schema\/person\/4d74f28572ca6c7fa65111daa316ed65"},"headline":"Po\u010detak inicijative Simpozija mira u Hrvatskoj","datePublished":"2024-01-24T10:14:54+00:00","dateModified":"2024-02-29T14:14:02+00:00","mainEntityOfPage":{"@id":"https:\/\/www.ahmadiyya-islam.org\/hr\/ahmadija\/simpozij-mira-2024-glasovi-za-mir\/"},"wordCount":1157,"image":{"@id":"https:\/\/www.ahmadiyya-islam.org\/hr\/ahmadija\/simpozij-mira-2024-glasovi-za-mir\/#primaryimage"},"thumbnailUrl":"https:\/\/www.ahmadiyya-islam.org\/hr\/wp-content\/uploads\/sites\/22\/2024\/01\/Symp-2024_new-.jpg","keywords":["Gaza","Izrael","Palestina","Simpozij mira"],"articleSection":["Ahmadija"],"inLanguage":"hr"},{"@type":"WebPage","@id":"https:\/\/www.ahmadiyya-islam.org\/hr\/ahmadija\/simpozij-mira-2024-glasovi-za-mir\/","url":"https:\/\/www.ahmadiyya-islam.org\/hr\/ahmadija\/simpozij-mira-2024-glasovi-za-mir\/","name":"Simpozij Mira 2024. - glasovi za mir","isPartOf":{"@id":"https:\/\/www.ahmadiyya-islam.org\/hr\/#website"},"primaryImageOfPage":{"@id":"https:\/\/www.ahmadiyya-islam.org\/hr\/ahmadija\/simpozij-mira-2024-glasovi-za-mir\/#primaryimage"},"image":{"@id":"https:\/\/www.ahmadiyya-islam.org\/hr\/ahmadija\/simpozij-mira-2024-glasovi-za-mir\/#primaryimage"},"thumbnailUrl":"https:\/\/www.ahmadiyya-islam.org\/hr\/wp-content\/uploads\/sites\/22\/2024\/01\/Symp-2024_new-.jpg","datePublished":"2024-01-24T10:14:54+00:00","dateModified":"2024-02-29T14:14:02+00:00","author":{"@id":"https:\/\/www.ahmadiyya-islam.org\/hr\/#\/schema\/person\/4d74f28572ca6c7fa65111daa316ed65"},"breadcrumb":{"@id":"https:\/\/www.ahmadiyya-islam.org\/hr\/ahmadija\/simpozij-mira-2024-glasovi-za-mir\/#breadcrumb"},"inLanguage":"hr","potentialAction":[{"@type":"ReadAction","target":["https:\/\/www.ahmadiyya-islam.org\/hr\/ahmadija\/simpozij-mira-2024-glasovi-za-mir\/"]}]},{"@type":"ImageObject","inLanguage":"hr","@id":"https:\/\/www.ahmadiyya-islam.org\/hr\/ahmadija\/simpozij-mira-2024-glasovi-za-mir\/#primaryimage","url":"https:\/\/www.ahmadiyya-islam.org\/hr\/wp-content\/uploads\/sites\/22\/2024\/01\/Symp-2024_new-.jpg","contentUrl":"https:\/\/www.ahmadiyya-islam.org\/hr\/wp-content\/uploads\/sites\/22\/2024\/01\/Symp-2024_new-.jpg","width":1500,"height":750,"caption":"Simpozij Mira 2024"},{"@type":"BreadcrumbList","@id":"https:\/\/www.ahmadiyya-islam.org\/hr\/ahmadija\/simpozij-mira-2024-glasovi-za-mir\/#breadcrumb","itemListElement":[{"@type":"ListItem","position":1,"name":"Home","item":"https:\/\/www.ahmadiyya-islam.org\/hr\/"},{"@type":"ListItem","position":2,"name":"Po\u010detak inicijative Simpozija mira u Hrvatskoj"}]},{"@type":"WebSite","@id":"https:\/\/www.ahmadiyya-islam.org\/hr\/#website","url":"https:\/\/www.ahmadiyya-islam.org\/hr\/","name":"Ahmadija muslimanski d\u017eamat","description":"Hrvatska","potentialAction":[{"@type":"SearchAction","target":{"@type":"EntryPoint","urlTemplate":"https:\/\/www.ahmadiyya-islam.org\/hr\/?s={search_term_string}"},"query-input":{"@type":"PropertyValueSpecification","valueRequired":true,"valueName":"search_term_string"}}],"inLanguage":"hr"},{"@type":"Person","@id":"https:\/\/www.ahmadiyya-islam.org\/hr\/#\/schema\/person\/4d74f28572ca6c7fa65111daa316ed65","name":"ranamunawar","url":"https:\/\/www.ahmadiyya-islam.org\/hr\/author\/ranamunawar\/"}]}},"_links":{"self":[{"href":"https:\/\/www.ahmadiyya-islam.org\/hr\/wp-json\/wp\/v2\/posts\/2628","targetHints":{"allow":["GET"]}}],"collection":[{"href":"https:\/\/www.ahmadiyya-islam.org\/hr\/wp-json\/wp\/v2\/posts"}],"about":[{"href":"https:\/\/www.ahmadiyya-islam.org\/hr\/wp-json\/wp\/v2\/types\/post"}],"author":[{"embeddable":true,"href":"https:\/\/www.ahmadiyya-islam.org\/hr\/wp-json\/wp\/v2\/users\/77"}],"replies":[{"embeddable":true,"href":"https:\/\/www.ahmadiyya-islam.org\/hr\/wp-json\/wp\/v2\/comments?post=2628"}],"version-history":[{"count":2,"href":"https:\/\/www.ahmadiyya-islam.org\/hr\/wp-json\/wp\/v2\/posts\/2628\/revisions"}],"predecessor-version":[{"id":2648,"href":"https:\/\/www.ahmadiyya-islam.org\/hr\/wp-json\/wp\/v2\/posts\/2628\/revisions\/2648"}],"wp:featuredmedia":[{"embeddable":true,"href":"https:\/\/www.ahmadiyya-islam.org\/hr\/wp-json\/wp\/v2\/media\/2629"}],"wp:attachment":[{"href":"https:\/\/www.ahmadiyya-islam.org\/hr\/wp-json\/wp\/v2\/media?parent=2628"}],"wp:term":[{"taxonomy":"category","embeddable":true,"href":"https:\/\/www.ahmadiyya-islam.org\/hr\/wp-json\/wp\/v2\/categories?post=2628"},{"taxonomy":"post_tag","embeddable":true,"href":"https:\/\/www.ahmadiyya-islam.org\/hr\/wp-json\/wp\/v2\/tags?post=2628"},{"taxonomy":"topics","embeddable":true,"href":"https:\/\/www.ahmadiyya-islam.org\/hr\/wp-json\/wp\/v2\/topics?post=2628"},{"taxonomy":"authors","embeddable":true,"href":"https:\/\/www.ahmadiyya-islam.org\/hr\/wp-json\/wp\/v2\/authors?post=2628"},{"taxonomy":"geo_locations","embeddable":true,"href":"https:\/\/www.ahmadiyya-islam.org\/hr\/wp-json\/wp\/v2\/geo_locations?post=2628"},{"taxonomy":"content_source","embeddable":true,"href":"https:\/\/www.ahmadiyya-islam.org\/hr\/wp-json\/wp\/v2\/content_source?post=2628"}],"curies":[{"name":"wp","href":"https:\/\/api.w.org\/{rel}","templated":true}]}}