{"id":2602,"date":"2023-10-31T14:05:40","date_gmt":"2023-10-31T14:05:40","guid":{"rendered":"https:\/\/www.ahmadiyya-islam.org\/hr\/?p=2602"},"modified":"2023-10-31T14:05:40","modified_gmt":"2023-10-31T14:05:40","slug":"globalni-muslimanski-voda-poziva-na-deeskalaciju-palestinsko-izraelskog-rata","status":"publish","type":"post","link":"https:\/\/www.ahmadiyya-islam.org\/hr\/uncategorized\/globalni-muslimanski-voda-poziva-na-deeskalaciju-palestinsko-izraelskog-rata\/","title":{"rendered":"Globalni muslimanski vo\u0111a poziva na deeskalaciju palestinsko-izraelskog rata"},"content":{"rendered":"<p><span style=\"color: #808080\">Priop\u0107enje za javnost &#8211; 13. listopada 2023<\/span><\/p>\n<blockquote><p><em><strong>\u201cAko se muslimani ujedine i budu jedno, imat \u0107e sna\u017ean i utjecajan glas.\u201d<\/strong> \u2013 hazreti Mirza Masroor Ahmad<\/em><\/p><\/blockquote>\n<p>Svjetski poglavar Ahmadija muslimanske zajednice, Peti Halifa, Njegova Svetost, hazreti Mirza Masroor Ahmad osudio je ubijanje nevinih civila s obje strane u ratu izme\u0111u Hamasa i Izraela i izrazio bojazan da situacija izmi\u010de svakoj kontroli i, prema svemu sude\u0107i \u0107e se nastaviti.<\/p>\n<p>Govore\u0107i tijekom svoje propovijedi u petak u Mubarak d\u017eamiji u Islamabadu, Tilford, 13. listopada 2023., Njegova Svetost je pozvao muslimanski svijet da ostavi sa strane svoje razlike kako bi digli glas za one nedu\u017ene Palestince koji nisu povezani s terorizmom ili ekstremizmom. Rekao je da velike sile trebaju dati prioritet deeskalaciji i pronala\u017eenju pravednog rje\u0161enja sukoba.<\/p>\n<p>Hazreti Mirza Masroor Ahmad je rekao:<\/p>\n<blockquote><p><strong><em>\u201cProteklih nekoliko dana vodi se rat izme\u0111u Hamasa i Izraela.\u00a0Kao rezultat toga, \u017eene, djeca i starci su ubijeni i nastavljaju dalje gubiti svoje \u017eivote bez ikakve razlike o kome je rije\u010d.\u201d<\/em><\/strong><\/p><\/blockquote>\n<p>Podsje\u0107aju\u0107i muslimane na islamske naredbe, hazreti Mirza Masroor Ahmad je rekao:<\/p>\n<blockquote><p><strong><em>\u201c\u010cak ni u ratnom stanju, islam ne dopu\u0161ta ubijanje \u017eena, djece, staraca i nevinih civila.\u00a0\u010casni Poslanik Muhamed<sup>s.a.v.s. <\/sup>(mir i blagoslov njemu) dao je stroge upute da se to ne \u010dini&#8230; U ovoj nedavnoj eskalaciji rata, Hamas je napravio prvi potez i napao izraelske gra\u0111ane.\u00a0Ostavljaju\u0107i na trenutak sa strane \u010dinjenicu da su nevini ljudi nepravedno ubijeni od strane izraelske vojske, muslimani bi trebali osigurati da se uvijek pridr\u017eavaju u\u010denja islama.\u201d<\/em><\/strong><\/p><\/blockquote>\n<p>Hazreti Mirza Masroor Ahmad je nastavio:<\/p>\n<blockquote><p><strong><em>\u201cTamo gdje je izraelska vojska po\u010dinila nepravdu, to je na njima i postoje bolji i zakoniti na\u010dini da se to rije\u0161i.\u00a0Ako postoji legitimno ratno stanje, ono bi trebalo biti u potpunosti ograni\u010deno na doti\u010dne vojske, a nikada protiv nevinih \u017eena, djece, staraca i civila.\u00a0U tom smislu, akcija koju je Hamas poduzeo mora se osuditi.\u201d<\/em><\/strong><\/p><\/blockquote>\n<p>Govore\u0107i o akcijama izraelske vojske hazreti Mirza Masroor Ahmad je rekao:<\/p>\n<blockquote><p><strong><em>\u201cKakvu god nepravdu i okrutnost Hamas po\u010dinio, odgovor na to ili rat trebao je biti ograni\u010den na Hamas.\u00a0Me\u0111utim, (neselektivan) odgovor izraelske vlade je izuzetno opasan i \u010dini se da ovaj sukob ovdje ne\u0107e zavr\u0161iti.\u00a0Zapravo, ne mo\u017ee se ni zamisliti koliko \u0107e nevinih \u017eena, djece, staraca i civila izgubiti \u017eivote.\u00a0Izraelska vlada je sugerirala da \u0107e uni\u0161titi Gazu i u tu svrhu izvela je \u017eestoko\u00a0 bombardiranje.\u00a0Pretvorili su grad u prah.\u00a0Najnoviji razvoj doga\u0111aja je da izraelska vlada govori da milijun ili vi\u0161e ljudi treba odmah napustiti (sjevernu) Gazu.\u201d<\/em><\/strong><\/p><\/blockquote>\n<p>Govore\u0107i o reakciji Ujedinjenih naroda, hazreti Mirza Masroor Ahmad je rekao:<\/p>\n<blockquote><p><strong><em>\u201cSre\u0107om \u2013 iako s velikim oklijevanjem \u2013 Ujedinjeni narodi sada barem di\u017eu slab glas kao odgovor na ovaj razvoj doga\u0111aja.\u00a0Rekli su da je to protivno ljudskim pravima i da bi stvorilo velike probleme te bi Izrael trebao razmisliti o svojoj odluci.\u00a0Umjesto da nedvosmisleno ka\u017eu da je to pogre\u0161no i umjesto da zauzmu ja\u010di stav, Ujedinjeni narodi postavljaju puke zahtjeve.\u201d<\/em><\/strong><\/p><\/blockquote>\n<p>Njegova Svetost ponovno je podsjetio na \u010dinjenicu da je umiranje nevine djece s obje strane potpuno pogre\u0161no i da svijet ne smije zaboraviti da su palestinska djeca jednako nevina kao i djeca u Izraelu.<\/p>\n<p>Njegova Svetost je tako\u0111er podsjetio na u\u010denja \u017eidovske vjere u vezi s ratovima i rekao da je u\u010denje &#8216;Ljudi Knjige&#8217; jasno da je ubijanje nevinih ljudi nedopustivo i da tamo gdje Izrael ka\u017ee da Hamas ubija nevine ljude, treba tako\u0111er vidjeti svoje vlastite postupke i prosuditi jesu li u skladu s vlastitim vjerskim u\u010denjima.<\/p>\n<p>Njegova Svetost podsjetio je i na \u010dinjenicu da ve\u0107 du\u017ee vrijeme poziva velike svjetske sile da ostave po strani nepo\u0161teno pona\u0161anje i uspostave apsolutnu pravdu bez obzira na njihove interese.\u00a0Da su, rekao je Njegova Svetost, to u\u010dinili, situacija u Palestini i Izraelu ne bi dosegla ovu kriti\u010dnu fazu.<\/p>\n<p>Govore\u0107i o tome kako je naglasak da se poduzmu bilo kakve akcije protiv Palestinaca, Njegova Svetost je spomenuo da postoje vijesti da se oru\u017eane snage nekoliko zemalja iz cijelog svijeta spremaju do\u0107i u regiju protiv Palestinaca, a velike zapadne sile tako\u0111er pripremaju o\u0161tre mjere protiv Palestinaca dok su\u00a0<em>\u201cna\u010dela pravde stavljena sa strane\u201d.<\/em><\/p>\n<p>Njegova Svetost istaknuo je dvostruke standarde u ovom sukobu spomenuv\u0161i kako postoje izvje\u0161\u0107a o videozapisima i slikama koje prikazuju nedu\u017ene izraelske \u017eene i djecu kako su povrije\u0111eni, \u0161to je izazvalo su\u0107ut mnogih ljudi.\u00a0Kasnije, kada je iza\u0161lo na vidjelo da su te nevine \u017eene i djeca zapravo bili Palestinci, u medijima se prema njima ne mo\u017ee prona\u0107i sli\u010dna razina su\u0107uti.<\/p>\n<p>Govore\u0107i o ovome, hazreti Mirza Masroor Ahmad je rekao:<\/p>\n<blockquote><p><strong><em>\u201cTakvima je stalo samo do pravila &#8216;mo\u0107 je prava&#8217; i jednostavno se klanjaju onima koji dr\u017ee snagu i mo\u0107 u svijetu.\u00a0Ako se ovo analizira, \u010dini se da su velike sile usmjerene na poticanje rata, umjesto da ga okon\u010daju.\u201d<\/em><\/strong><\/p><\/blockquote>\n<p>Govore\u0107i o ulozi Ujedinjenih naroda u uspostavljanju pravde, Njegova Svetost je ispri\u010dao kako je Liga naroda propala zbog neprovo\u0111enja pravde, \u0161to je dovelo do Drugog svjetskog rata u kojem su ubijeni deseci milijuna ljudi.\u00a0Sada, rekao je Njegova Svetost, i Ujedinjeni narodi ne uspijevaju uspostaviti pravdu i idu u istom smjeru.<\/p>\n<p>\u0160to se ti\u010de mogu\u0107eg razaranja koje bi lako moglo proiza\u0107i iz ovog rata, hazreti Mirza Masroor Ahmad je rekao:<\/p>\n<blockquote><p><strong><em>\u201cObi\u010dan \u010dovjek ne mo\u017ee ni zamisliti rat koji sada mo\u017ee uslijediti zbog nepravdi koje su vi\u0111ene.\u00a0Velike sile znaju koliki \u0107e intenzitet \u0161tete to prouzro\u010diti, ali nisu zainteresirane za uspostavu pravde i ne \u017eele obratiti pozornost.\u201d\u00a0<\/em><\/strong><\/p><\/blockquote>\n<p>Hazreti Mirza Masroor podsjetio je muslimanske vlade na njihove odgovornosti i rekao:<\/p>\n<blockquote><p><strong><em>\u201cU ovakvim okolnostima muslimani bi trebali barem shvatiti svoju odgovornost i obratiti pa\u017enju na to.\u00a0Oni moraju ostaviti sa strane svoje razlike i moraju uspostaviti svoje jedinstvo.\u00a0Da bi pobolj\u0161ali svoje odnose s ljudima Knjige, ako je Allah dao zapovijed muslimanima da ih pozivaju na \u201crije\u010d jednaka izme\u0111u nas i vas\u201d, ujedinjenjem oko Bo\u017ejeg jedinstva, onda muslimani koji imaju isto vjerovanja, trebali bi se me\u0111usobno jo\u0161 vi\u0161e ujediniti ostavljaju\u0107i po strani svoje razlike.\u00a0O tome trebaju razmisliti i uspostaviti svoje jedinstvo.\u00a0To je jedini na\u010din da se ukloni nepravda iz svijeta i da se ispune obveze pravde i uspostave prava potla\u010denih.\u00a0Da bi to u\u010dinili, muslimani moraju di\u0107i sna\u017ean glas jedinstveno dok se okupljaju za one koji su poga\u017eeni diljem svijeta.\u201d<\/em><\/strong><\/p><\/blockquote>\n<p>Hazreti Mirza Masroor Ahmad je dalje izjavio:<\/p>\n<blockquote><p><strong><em>\u201cAko se muslimani ujedine i budu jedno, imat \u0107e sna\u017ean i utjecajan glas.\u00a0Ina\u010de bi muslimanske vlade bile odgovorne za smrt nevinih muslimana.\u00a0Uvijek imajte na umu izreku \u010casnog Poslanika Muhameda<sup>s.a.v.s. <\/sup>(mir i blagoslov njemu) \u2013 a to trebaju imati na umu i velike sile \u2013 da moramo pomo\u0107i i tla\u010ditelju i potla\u010denom<\/em>.<a href=\"#_edn1\" name=\"_ednref1\">[i]<\/a><em> Moramo razumjeti va\u017enost ove zabrane.\u201d <\/em><\/strong><\/p><\/blockquote>\n<p>Hazreti Mirza Masroor Ahmad je klanjao i rekao:<\/p>\n<blockquote><p><strong><em>\u201cNeka Allah vodi muslimanske sile tako da se mogu ujediniti kako bi uspostavili istinsku pravdu.\u00a0Neka se i glavnim svjetskim silama udijeli ispravnost da umjesto da vode svijet prema uni\u0161tenju, poku\u0161aju ga spasiti.\u00a0Ne bi im trebao biti cilj jednostavno ispuniti svoje sebi\u010dne \u017eelje.\u00a0Uvijek bi trebali imati na umu da, ako i kada do\u0111e do razaranja, ni velike sile ne\u0107e biti sigurne od toga.\u201d\u00a0\u00a0<\/em><\/strong><\/p><\/blockquote>\n<p>Njegova Svetost je rekao da jedino oru\u017eje koje Ahmadi muslimani posjeduju i kojem se okre\u0107u je molitva i stoga je pozvao Ahmadi muslimane da\u00a0\u201e<em>koriste ovo duhovno oru\u017eje vi\u0161e nego ikada prije\u201d.\u00a0<\/em><\/p>\n<p>Njegova Svetost se tako\u0111er molio da muslimanske vlade djeluju pravedno i mudro.<\/p>\n<p>Hazreti Mirza Masroor Ahmad je molio:<\/p>\n<blockquote><p><strong><em>\u201cNeka Allah omogu\u0107i velikim silama da ispune obaveze pravde na obje strane u sukobu kako bi uspostavili mir.\u00a0Ne smije biti tako da postanu popustljivi prema jednoj strani nau\u0161trb druge.\u00a0Neka se ne pove\u0107a nepravda i neka do\u0111emo do mira u svijetu.\u201d<\/em><\/strong><\/p>\n<\/blockquote>\n<hr \/>\n<p><a href=\"#_ednref1\" name=\"_edn1\">[i]<\/a> <em>Napomena: Ovdje se Njegova Svetost osvrnuo na izreku \u010casnog Poslanika Muhameda<sup>s.a.v.s.<\/sup>: \u201cPomozi svome bratu, bio on tla\u010ditelj ili potla\u010den.\u201d\u00a0Ljudi su pitali: \u201cAllahov Poslani\u010de (mir i blagoslov njemu)!\u00a0Razumijemo pomo\u0107i \u010dovjeku ako je potla\u010den, ali kako da mu pomognemo ako je tla\u010ditelj?\u201d\u00a0\u010casni Poslanik<sup>s.a.v.s<\/sup> je rekao: \u201cSprje\u010davaju\u0107i ga da ugnjetava druge.\u201d<\/em><\/p>\n","protected":false},"excerpt":{"rendered":"<p>Priop\u0107enje za javnost &#8211; 13. listopada 2023 \u201cAko se muslimani ujedine i budu jedno, imat \u0107e sna\u017ean i utjecajan glas.\u201d \u2013 hazreti Mirza Masroor Ahmad Svjetski poglavar Ahmadija muslimanske zajednice, Peti Halifa, Njegova Svetost, hazreti Mirza Masroor Ahmad osudio je ubijanje nevinih civila s obje strane u ratu izme\u0111u Hamasa i Izraela i izrazio bojazan<\/p>\n","protected":false},"author":77,"featured_media":2591,"comment_status":"closed","ping_status":"closed","sticky":false,"template":"","format":"standard","meta":{"_acf_changed":false,"footnotes":""},"categories":[1],"tags":[419,314,313,72],"topics":[345,221],"authors":[],"geo_locations":[],"content_source":[],"class_list":["post-2602","post","type-post","status-publish","format-standard","has-post-thumbnail","hentry","category-uncategorized","tag-gaza","tag-izrael","tag-palestina","tag-rat","topics-politika","topics-svijet-u-krizi"],"acf":[],"yoast_head":"<!-- This site is optimized with the Yoast SEO Premium plugin v21.1 (Yoast SEO v27.4) - https:\/\/yoast.com\/product\/yoast-seo-premium-wordpress\/ -->\n<title>Globalni muslimanski vo\u0111a poziva na deeskalaciju palestinsko-izraelskog rata<\/title>\n<meta name=\"description\" content=\"Njegova Svetost ponovno je podsjetio na \u010dinjenicu da svijet ne smije zaboraviti da su palestinska djeca jednako nevina kao i djeca u Izraelu.\" \/>\n<meta name=\"robots\" content=\"index, follow, max-snippet:-1, max-image-preview:large, max-video-preview:-1\" \/>\n<link rel=\"canonical\" href=\"https:\/\/www.ahmadiyya-islam.org\/hr\/uncategorized\/globalni-muslimanski-voda-poziva-na-deeskalaciju-palestinsko-izraelskog-rata\/\" \/>\n<meta property=\"og:locale\" content=\"hr_HR\" \/>\n<meta property=\"og:type\" content=\"article\" \/>\n<meta property=\"og:title\" content=\"Globalni muslimanski vo\u0111a poziva na deeskalaciju palestinsko-izraelskog rata\" \/>\n<meta property=\"og:description\" content=\"Njegova Svetost ponovno je podsjetio na \u010dinjenicu da svijet ne smije zaboraviti da su palestinska djeca jednako nevina kao i djeca u Izraelu.\" \/>\n<meta property=\"og:url\" content=\"https:\/\/www.ahmadiyya-islam.org\/hr\/uncategorized\/globalni-muslimanski-voda-poziva-na-deeskalaciju-palestinsko-izraelskog-rata\/\" \/>\n<meta property=\"og:site_name\" content=\"Ahmadija muslimanski d\u017eamat\" \/>\n<meta property=\"article:published_time\" content=\"2023-10-31T14:05:40+00:00\" \/>\n<meta property=\"og:image\" content=\"http:\/\/www.ahmadiyya-islam.org\/hr\/wp-content\/uploads\/sites\/22\/2023\/10\/Palestine_1.jpg\" \/>\n\t<meta property=\"og:image:width\" content=\"1500\" \/>\n\t<meta property=\"og:image:height\" content=\"750\" \/>\n\t<meta property=\"og:image:type\" content=\"image\/jpeg\" \/>\n<meta name=\"author\" content=\"ranamunawar\" \/>\n<meta name=\"twitter:card\" content=\"summary_large_image\" \/>\n<meta name=\"twitter:label1\" content=\"Napisao\/la\" \/>\n\t<meta name=\"twitter:data1\" content=\"ranamunawar\" \/>\n\t<meta name=\"twitter:label2\" content=\"Procijenjeno vrijeme \u010ditanja\" \/>\n\t<meta name=\"twitter:data2\" content=\"4 minute\" \/>\n<script type=\"application\/ld+json\" class=\"yoast-schema-graph\">{\"@context\":\"https:\\\/\\\/schema.org\",\"@graph\":[{\"@type\":\"Article\",\"@id\":\"https:\\\/\\\/www.ahmadiyya-islam.org\\\/hr\\\/uncategorized\\\/globalni-muslimanski-voda-poziva-na-deeskalaciju-palestinsko-izraelskog-rata\\\/#article\",\"isPartOf\":{\"@id\":\"https:\\\/\\\/www.ahmadiyya-islam.org\\\/hr\\\/uncategorized\\\/globalni-muslimanski-voda-poziva-na-deeskalaciju-palestinsko-izraelskog-rata\\\/\"},\"author\":{\"name\":\"ranamunawar\",\"@id\":\"https:\\\/\\\/www.ahmadiyya-islam.org\\\/hr\\\/#\\\/schema\\\/person\\\/4d74f28572ca6c7fa65111daa316ed65\"},\"headline\":\"Globalni muslimanski vo\u0111a poziva na deeskalaciju palestinsko-izraelskog rata\",\"datePublished\":\"2023-10-31T14:05:40+00:00\",\"mainEntityOfPage\":{\"@id\":\"https:\\\/\\\/www.ahmadiyya-islam.org\\\/hr\\\/uncategorized\\\/globalni-muslimanski-voda-poziva-na-deeskalaciju-palestinsko-izraelskog-rata\\\/\"},\"wordCount\":1433,\"image\":{\"@id\":\"https:\\\/\\\/www.ahmadiyya-islam.org\\\/hr\\\/uncategorized\\\/globalni-muslimanski-voda-poziva-na-deeskalaciju-palestinsko-izraelskog-rata\\\/#primaryimage\"},\"thumbnailUrl\":\"https:\\\/\\\/www.ahmadiyya-islam.org\\\/hr\\\/wp-content\\\/uploads\\\/sites\\\/22\\\/2023\\\/10\\\/Palestine_1.jpg\",\"keywords\":[\"Gaza\",\"Izrael\",\"Palestina\",\"Rat\"],\"articleSection\":[\"Uncategorized\"],\"inLanguage\":\"hr\"},{\"@type\":\"WebPage\",\"@id\":\"https:\\\/\\\/www.ahmadiyya-islam.org\\\/hr\\\/uncategorized\\\/globalni-muslimanski-voda-poziva-na-deeskalaciju-palestinsko-izraelskog-rata\\\/\",\"url\":\"https:\\\/\\\/www.ahmadiyya-islam.org\\\/hr\\\/uncategorized\\\/globalni-muslimanski-voda-poziva-na-deeskalaciju-palestinsko-izraelskog-rata\\\/\",\"name\":\"Globalni muslimanski vo\u0111a poziva na deeskalaciju palestinsko-izraelskog rata\",\"isPartOf\":{\"@id\":\"https:\\\/\\\/www.ahmadiyya-islam.org\\\/hr\\\/#website\"},\"primaryImageOfPage\":{\"@id\":\"https:\\\/\\\/www.ahmadiyya-islam.org\\\/hr\\\/uncategorized\\\/globalni-muslimanski-voda-poziva-na-deeskalaciju-palestinsko-izraelskog-rata\\\/#primaryimage\"},\"image\":{\"@id\":\"https:\\\/\\\/www.ahmadiyya-islam.org\\\/hr\\\/uncategorized\\\/globalni-muslimanski-voda-poziva-na-deeskalaciju-palestinsko-izraelskog-rata\\\/#primaryimage\"},\"thumbnailUrl\":\"https:\\\/\\\/www.ahmadiyya-islam.org\\\/hr\\\/wp-content\\\/uploads\\\/sites\\\/22\\\/2023\\\/10\\\/Palestine_1.jpg\",\"datePublished\":\"2023-10-31T14:05:40+00:00\",\"author\":{\"@id\":\"https:\\\/\\\/www.ahmadiyya-islam.org\\\/hr\\\/#\\\/schema\\\/person\\\/4d74f28572ca6c7fa65111daa316ed65\"},\"description\":\"Njegova Svetost ponovno je podsjetio na \u010dinjenicu da svijet ne smije zaboraviti da su palestinska djeca jednako nevina kao i djeca u Izraelu.\",\"breadcrumb\":{\"@id\":\"https:\\\/\\\/www.ahmadiyya-islam.org\\\/hr\\\/uncategorized\\\/globalni-muslimanski-voda-poziva-na-deeskalaciju-palestinsko-izraelskog-rata\\\/#breadcrumb\"},\"inLanguage\":\"hr\",\"potentialAction\":[{\"@type\":\"ReadAction\",\"target\":[\"https:\\\/\\\/www.ahmadiyya-islam.org\\\/hr\\\/uncategorized\\\/globalni-muslimanski-voda-poziva-na-deeskalaciju-palestinsko-izraelskog-rata\\\/\"]}]},{\"@type\":\"ImageObject\",\"inLanguage\":\"hr\",\"@id\":\"https:\\\/\\\/www.ahmadiyya-islam.org\\\/hr\\\/uncategorized\\\/globalni-muslimanski-voda-poziva-na-deeskalaciju-palestinsko-izraelskog-rata\\\/#primaryimage\",\"url\":\"https:\\\/\\\/www.ahmadiyya-islam.org\\\/hr\\\/wp-content\\\/uploads\\\/sites\\\/22\\\/2023\\\/10\\\/Palestine_1.jpg\",\"contentUrl\":\"https:\\\/\\\/www.ahmadiyya-islam.org\\\/hr\\\/wp-content\\\/uploads\\\/sites\\\/22\\\/2023\\\/10\\\/Palestine_1.jpg\",\"width\":1500,\"height\":750,\"caption\":\"Mirza Masroor Ahmad - Palestina i Izrael\"},{\"@type\":\"BreadcrumbList\",\"@id\":\"https:\\\/\\\/www.ahmadiyya-islam.org\\\/hr\\\/uncategorized\\\/globalni-muslimanski-voda-poziva-na-deeskalaciju-palestinsko-izraelskog-rata\\\/#breadcrumb\",\"itemListElement\":[{\"@type\":\"ListItem\",\"position\":1,\"name\":\"Home\",\"item\":\"https:\\\/\\\/www.ahmadiyya-islam.org\\\/hr\\\/\"},{\"@type\":\"ListItem\",\"position\":2,\"name\":\"Globalni muslimanski vo\u0111a poziva na deeskalaciju palestinsko-izraelskog rata\"}]},{\"@type\":\"WebSite\",\"@id\":\"https:\\\/\\\/www.ahmadiyya-islam.org\\\/hr\\\/#website\",\"url\":\"https:\\\/\\\/www.ahmadiyya-islam.org\\\/hr\\\/\",\"name\":\"Ahmadija muslimanski d\u017eamat\",\"description\":\"Hrvatska\",\"potentialAction\":[{\"@type\":\"SearchAction\",\"target\":{\"@type\":\"EntryPoint\",\"urlTemplate\":\"https:\\\/\\\/www.ahmadiyya-islam.org\\\/hr\\\/?s={search_term_string}\"},\"query-input\":{\"@type\":\"PropertyValueSpecification\",\"valueRequired\":true,\"valueName\":\"search_term_string\"}}],\"inLanguage\":\"hr\"},{\"@type\":\"Person\",\"@id\":\"https:\\\/\\\/www.ahmadiyya-islam.org\\\/hr\\\/#\\\/schema\\\/person\\\/4d74f28572ca6c7fa65111daa316ed65\",\"name\":\"ranamunawar\",\"url\":\"https:\\\/\\\/www.ahmadiyya-islam.org\\\/hr\\\/author\\\/ranamunawar\\\/\"}]}<\/script>\n<!-- \/ Yoast SEO Premium plugin. -->","yoast_head_json":{"title":"Globalni muslimanski vo\u0111a poziva na deeskalaciju palestinsko-izraelskog rata","description":"Njegova Svetost ponovno je podsjetio na \u010dinjenicu da svijet ne smije zaboraviti da su palestinska djeca jednako nevina kao i djeca u Izraelu.","robots":{"index":"index","follow":"follow","max-snippet":"max-snippet:-1","max-image-preview":"max-image-preview:large","max-video-preview":"max-video-preview:-1"},"canonical":"https:\/\/www.ahmadiyya-islam.org\/hr\/uncategorized\/globalni-muslimanski-voda-poziva-na-deeskalaciju-palestinsko-izraelskog-rata\/","og_locale":"hr_HR","og_type":"article","og_title":"Globalni muslimanski vo\u0111a poziva na deeskalaciju palestinsko-izraelskog rata","og_description":"Njegova Svetost ponovno je podsjetio na \u010dinjenicu da svijet ne smije zaboraviti da su palestinska djeca jednako nevina kao i djeca u Izraelu.","og_url":"https:\/\/www.ahmadiyya-islam.org\/hr\/uncategorized\/globalni-muslimanski-voda-poziva-na-deeskalaciju-palestinsko-izraelskog-rata\/","og_site_name":"Ahmadija muslimanski d\u017eamat","article_published_time":"2023-10-31T14:05:40+00:00","og_image":[{"width":1500,"height":750,"url":"http:\/\/www.ahmadiyya-islam.org\/hr\/wp-content\/uploads\/sites\/22\/2023\/10\/Palestine_1.jpg","type":"image\/jpeg"}],"author":"ranamunawar","twitter_card":"summary_large_image","twitter_misc":{"Napisao\/la":"ranamunawar","Procijenjeno vrijeme \u010ditanja":"4 minute"},"schema":{"@context":"https:\/\/schema.org","@graph":[{"@type":"Article","@id":"https:\/\/www.ahmadiyya-islam.org\/hr\/uncategorized\/globalni-muslimanski-voda-poziva-na-deeskalaciju-palestinsko-izraelskog-rata\/#article","isPartOf":{"@id":"https:\/\/www.ahmadiyya-islam.org\/hr\/uncategorized\/globalni-muslimanski-voda-poziva-na-deeskalaciju-palestinsko-izraelskog-rata\/"},"author":{"name":"ranamunawar","@id":"https:\/\/www.ahmadiyya-islam.org\/hr\/#\/schema\/person\/4d74f28572ca6c7fa65111daa316ed65"},"headline":"Globalni muslimanski vo\u0111a poziva na deeskalaciju palestinsko-izraelskog rata","datePublished":"2023-10-31T14:05:40+00:00","mainEntityOfPage":{"@id":"https:\/\/www.ahmadiyya-islam.org\/hr\/uncategorized\/globalni-muslimanski-voda-poziva-na-deeskalaciju-palestinsko-izraelskog-rata\/"},"wordCount":1433,"image":{"@id":"https:\/\/www.ahmadiyya-islam.org\/hr\/uncategorized\/globalni-muslimanski-voda-poziva-na-deeskalaciju-palestinsko-izraelskog-rata\/#primaryimage"},"thumbnailUrl":"https:\/\/www.ahmadiyya-islam.org\/hr\/wp-content\/uploads\/sites\/22\/2023\/10\/Palestine_1.jpg","keywords":["Gaza","Izrael","Palestina","Rat"],"articleSection":["Uncategorized"],"inLanguage":"hr"},{"@type":"WebPage","@id":"https:\/\/www.ahmadiyya-islam.org\/hr\/uncategorized\/globalni-muslimanski-voda-poziva-na-deeskalaciju-palestinsko-izraelskog-rata\/","url":"https:\/\/www.ahmadiyya-islam.org\/hr\/uncategorized\/globalni-muslimanski-voda-poziva-na-deeskalaciju-palestinsko-izraelskog-rata\/","name":"Globalni muslimanski vo\u0111a poziva na deeskalaciju palestinsko-izraelskog rata","isPartOf":{"@id":"https:\/\/www.ahmadiyya-islam.org\/hr\/#website"},"primaryImageOfPage":{"@id":"https:\/\/www.ahmadiyya-islam.org\/hr\/uncategorized\/globalni-muslimanski-voda-poziva-na-deeskalaciju-palestinsko-izraelskog-rata\/#primaryimage"},"image":{"@id":"https:\/\/www.ahmadiyya-islam.org\/hr\/uncategorized\/globalni-muslimanski-voda-poziva-na-deeskalaciju-palestinsko-izraelskog-rata\/#primaryimage"},"thumbnailUrl":"https:\/\/www.ahmadiyya-islam.org\/hr\/wp-content\/uploads\/sites\/22\/2023\/10\/Palestine_1.jpg","datePublished":"2023-10-31T14:05:40+00:00","author":{"@id":"https:\/\/www.ahmadiyya-islam.org\/hr\/#\/schema\/person\/4d74f28572ca6c7fa65111daa316ed65"},"description":"Njegova Svetost ponovno je podsjetio na \u010dinjenicu da svijet ne smije zaboraviti da su palestinska djeca jednako nevina kao i djeca u Izraelu.","breadcrumb":{"@id":"https:\/\/www.ahmadiyya-islam.org\/hr\/uncategorized\/globalni-muslimanski-voda-poziva-na-deeskalaciju-palestinsko-izraelskog-rata\/#breadcrumb"},"inLanguage":"hr","potentialAction":[{"@type":"ReadAction","target":["https:\/\/www.ahmadiyya-islam.org\/hr\/uncategorized\/globalni-muslimanski-voda-poziva-na-deeskalaciju-palestinsko-izraelskog-rata\/"]}]},{"@type":"ImageObject","inLanguage":"hr","@id":"https:\/\/www.ahmadiyya-islam.org\/hr\/uncategorized\/globalni-muslimanski-voda-poziva-na-deeskalaciju-palestinsko-izraelskog-rata\/#primaryimage","url":"https:\/\/www.ahmadiyya-islam.org\/hr\/wp-content\/uploads\/sites\/22\/2023\/10\/Palestine_1.jpg","contentUrl":"https:\/\/www.ahmadiyya-islam.org\/hr\/wp-content\/uploads\/sites\/22\/2023\/10\/Palestine_1.jpg","width":1500,"height":750,"caption":"Mirza Masroor Ahmad - Palestina i Izrael"},{"@type":"BreadcrumbList","@id":"https:\/\/www.ahmadiyya-islam.org\/hr\/uncategorized\/globalni-muslimanski-voda-poziva-na-deeskalaciju-palestinsko-izraelskog-rata\/#breadcrumb","itemListElement":[{"@type":"ListItem","position":1,"name":"Home","item":"https:\/\/www.ahmadiyya-islam.org\/hr\/"},{"@type":"ListItem","position":2,"name":"Globalni muslimanski vo\u0111a poziva na deeskalaciju palestinsko-izraelskog rata"}]},{"@type":"WebSite","@id":"https:\/\/www.ahmadiyya-islam.org\/hr\/#website","url":"https:\/\/www.ahmadiyya-islam.org\/hr\/","name":"Ahmadija muslimanski d\u017eamat","description":"Hrvatska","potentialAction":[{"@type":"SearchAction","target":{"@type":"EntryPoint","urlTemplate":"https:\/\/www.ahmadiyya-islam.org\/hr\/?s={search_term_string}"},"query-input":{"@type":"PropertyValueSpecification","valueRequired":true,"valueName":"search_term_string"}}],"inLanguage":"hr"},{"@type":"Person","@id":"https:\/\/www.ahmadiyya-islam.org\/hr\/#\/schema\/person\/4d74f28572ca6c7fa65111daa316ed65","name":"ranamunawar","url":"https:\/\/www.ahmadiyya-islam.org\/hr\/author\/ranamunawar\/"}]}},"_links":{"self":[{"href":"https:\/\/www.ahmadiyya-islam.org\/hr\/wp-json\/wp\/v2\/posts\/2602","targetHints":{"allow":["GET"]}}],"collection":[{"href":"https:\/\/www.ahmadiyya-islam.org\/hr\/wp-json\/wp\/v2\/posts"}],"about":[{"href":"https:\/\/www.ahmadiyya-islam.org\/hr\/wp-json\/wp\/v2\/types\/post"}],"author":[{"embeddable":true,"href":"https:\/\/www.ahmadiyya-islam.org\/hr\/wp-json\/wp\/v2\/users\/77"}],"replies":[{"embeddable":true,"href":"https:\/\/www.ahmadiyya-islam.org\/hr\/wp-json\/wp\/v2\/comments?post=2602"}],"version-history":[{"count":1,"href":"https:\/\/www.ahmadiyya-islam.org\/hr\/wp-json\/wp\/v2\/posts\/2602\/revisions"}],"predecessor-version":[{"id":2604,"href":"https:\/\/www.ahmadiyya-islam.org\/hr\/wp-json\/wp\/v2\/posts\/2602\/revisions\/2604"}],"wp:featuredmedia":[{"embeddable":true,"href":"https:\/\/www.ahmadiyya-islam.org\/hr\/wp-json\/wp\/v2\/media\/2591"}],"wp:attachment":[{"href":"https:\/\/www.ahmadiyya-islam.org\/hr\/wp-json\/wp\/v2\/media?parent=2602"}],"wp:term":[{"taxonomy":"category","embeddable":true,"href":"https:\/\/www.ahmadiyya-islam.org\/hr\/wp-json\/wp\/v2\/categories?post=2602"},{"taxonomy":"post_tag","embeddable":true,"href":"https:\/\/www.ahmadiyya-islam.org\/hr\/wp-json\/wp\/v2\/tags?post=2602"},{"taxonomy":"topics","embeddable":true,"href":"https:\/\/www.ahmadiyya-islam.org\/hr\/wp-json\/wp\/v2\/topics?post=2602"},{"taxonomy":"authors","embeddable":true,"href":"https:\/\/www.ahmadiyya-islam.org\/hr\/wp-json\/wp\/v2\/authors?post=2602"},{"taxonomy":"geo_locations","embeddable":true,"href":"https:\/\/www.ahmadiyya-islam.org\/hr\/wp-json\/wp\/v2\/geo_locations?post=2602"},{"taxonomy":"content_source","embeddable":true,"href":"https:\/\/www.ahmadiyya-islam.org\/hr\/wp-json\/wp\/v2\/content_source?post=2602"}],"curies":[{"name":"wp","href":"https:\/\/api.w.org\/{rel}","templated":true}]}}