{"id":2548,"date":"2023-07-04T10:41:36","date_gmt":"2023-07-04T10:41:36","guid":{"rendered":"https:\/\/www.ahmadiyya-islam.org\/hr\/?p=2548"},"modified":"2023-07-04T10:41:36","modified_gmt":"2023-07-04T10:41:36","slug":"znanje-je-svjetlost-kratko-izvjesce-2023","status":"publish","type":"post","link":"https:\/\/www.ahmadiyya-islam.org\/hr\/humanity-first\/humanity-first-hrvatska\/znanje-je-svjetlost-kratko-izvjesce-2023\/","title":{"rendered":"Humanity First ponovno u akciji \u2013 Znanje je svjetlost! \u2013 kratko izvje\u0161\u0107e 2023."},"content":{"rendered":"<p>Kako bi nova \u0161kolska godina 2023.\/2024. u\u010denicima po\u010dela \u0161to radosnije, kao i proteklih nekoliko godina, Humanity First Hrvatska organizirala je humanitarnu akciju za pomo\u0107 i podr\u0161ku u\u010denicima. No, ovoga puta se ta akcija odr\u017eala na kraju ove \u0161kolske godine.<\/p>\n<p>Projekt je dio globalne inicijative \u201eKnowledge for life\u201c (Znanje za \u017eivot) Humanity First International kao pomo\u0107 u obrazovanju potrebitoj i neprivilegiranoj djeci u svijetu. Humanity First Hrvatska aktivna je udruga i po\u010detkom svake \u0161kolske godine provodi poseban podprojekt pod nazivom \u201eZnanje je svjetlost\u201c s ciljem opremanja djece potrebnim \u0161kolskim priborom.<\/p>\n<p>U provedbi projekta, Humanity First Hrvatska sura\u0111uje s drugim lokalnim organizacijama, kao i \u0161kolama, a kako bi projekt uspio, vrlo bitan dio je dobra komunikacija sa \u0161kolskim dobavlja\u010dima.<\/p>\n<p>\u201eObrazovanje ima klju\u010dnu ulogu u osna\u017eivanju siroma\u0161nih i to &#8216;otklju\u010davanjem vrata znanja&#8217; \u010dime se prevladaju prepreke koje im je nametnulo siroma\u0161tvo. Stoga je obrazovanje mo\u0107an alat kako bi se prekinuo krug siroma\u0161tva. Ono donosi pojedincima znanje, vje\u0161tine i sposobnosti kako bi se osigurala bolja budu\u0107nost puna mogu\u0107nosti. Ova analiza potaknula je Humanity First Hrvatska da uvede projekt \u201eZnanje je svjetlost\u201c. U ovom projektu Humanity First poma\u017ee i osigurava \u0161kolske potrep\u0161tine potrebitim u\u010denicima koji poha\u0111aju osnovnu \u0161kolu. Humanity First nagla\u0161ava da samo dobro opremljeni u\u010denik mo\u017ee prona\u0107i du\u0161evni mir kako bi se potpuno koncentrirao u \u0161koli. Koncept znanja kao prosvjetljenja dokazuje njegovu transformativnu prirodu, budu\u0107i da osvjetljava na\u0161e umove, \u0161iri na\u0161e perspektive i tjera nas prema napretku. Stoga je znanje katalizator osobnog rasta i kao rezultat na \u0161iroj razini pokreta\u010d dru\u0161tvenog razvoja\u201c, rekao je\u00a0 Khan, predsjednik Humanity First Hrvatska.<\/p>\n<p>Dodao je kako Humanity First HR tako\u0111er tvrdi da znanje poput svjetla poti\u010de empatiju, toleranciju i razumijevanje za druge ru\u0161e\u0107i barijere predrasuda.<\/p>\n<p>\u201eSvijet se trenutno suo\u010dava s novim oblicima izazova koji predstavljaju prijetnju na\u0161oj egzistenciji na primjer klimatske promjene ili ratovi koji se vode za prirodne resurse. Vjerujemo da je jedino ispravno obrazovanje na temelju golemog znanja koje mo\u017ee iznjedriti stru\u010dnjake za ova podru\u010dja koji nas onda mogu voditi prema izlazu iz kriza izmi\u0161ljanjem i istra\u017eivanjem novih rje\u0161enja koja \u0107e koristiti cijelom \u010dovje\u010danstvu. Govore\u0107i s dru\u0161tvenog aspekta, znanje koje osvjetljava druge ima klju\u010dnu ulogu u promicanju dru\u0161tvenih jednakosti i smanjenja nejednakosti\u201c, naglasio je predsjednik Humanity First Hrvatska.<\/p>\n<p>Dakle, poruka koju Humanity First \u017eeli \u0161iriti je da se ne dopusti ograni\u010davanje pristupa znanju i obrazovanju na bilo koji na\u010din nego da se radije osvijetli svijet znanjem na temelju strasti i brige za druge. Time \u0107e se omogu\u0107iti ra\u0111anje i razvoj onih genijalnih umova \u010diste du\u0161e koji \u0107e osvijetliti budu\u0107nost koja je trenutno skrivena pod tamnim oblacima koji su se nadvili nad nama.<\/p>\n<p>Istaknimo na ovom mjestu i zahvalimo Narodnim novinama koje su nam dale velikodu\u0161an popust. Tako\u0111er, veliko hvala Osnovnim \u0161kolama Stjepana Bencekovi\u0107a, O\u0160 Brezovica, O\u0160 Sveta Klara, O\u0160 Soblinec, O\u0160 Dubrava, O\u0160 Ka\u0161ina koji su prikupili \u0161kolske predmete za Humanity First Hrvatska i omogu\u0107ili da se malo i pove\u0107a broj paketa \u0161kolskog pribora u vrijeme inflacije i poskupljenja.<\/p>\n<p>Ukupna procjena vrijednosti primljenog \u0161kolskog pribora od svih \u0161kola iznosi otprilike 1.600 eura.<\/p>\n<p>\u201eOvaj doprinos neosporan je znak i dokaz \u010dinjenice da djeca koja se \u0161koluju u tim \u0161kolama razumiju na\u0161u poruku da je briga za druge sastavni dio dru\u0161tva razvijati se na zdrav na\u010din koji s druge strane obasjava svjetlom i daje nadu potrebitima i da se na njih ne zaboravlja. Rekao bih da je veliko znanje i mudrost &#8216;povla\u010denje u\u017eeta umjesto samog sebe vjerojatno sigurniji na\u010din za postizanje ciljeva individualnoj, ali i kolektivnoj razini. &#8216;Znanje je svjetlost&#8217; je slogan koji trebamo dr\u017eati u srcu i nastojati djelovati u tom smjeru ne samo za sebe ve\u0107 i za druge\u201c, zaklju\u010dio je Khan.<\/p>\n<p><img loading=\"lazy\" decoding=\"async\" class=\"aligncenter size-full wp-image-2549\" src=\"http:\/\/www.ahmadiyya-islam.org\/hr\/wp-content\/uploads\/sites\/22\/2023\/07\/OS-Dubrava-.jpg\" alt=\"O\u0160 Dubrava - Znanje je svjetlost\" width=\"900\" height=\"544\" srcset=\"https:\/\/www.ahmadiyya-islam.org\/hr\/wp-content\/uploads\/sites\/22\/2023\/07\/OS-Dubrava-.jpg 900w, https:\/\/www.ahmadiyya-islam.org\/hr\/wp-content\/uploads\/sites\/22\/2023\/07\/OS-Dubrava--300x181.jpg 300w, https:\/\/www.ahmadiyya-islam.org\/hr\/wp-content\/uploads\/sites\/22\/2023\/07\/OS-Dubrava--768x464.jpg 768w\" sizes=\"auto, (max-width: 900px) 100vw, 900px\" \/><\/p>\n<p>Ravnateljica O\u0160 Dubrava <strong>Marijana Kozumplik Kemenovi\u0107<\/strong> je rekla kako \u201cs udrugom Humanity First sura\u0111uju od po\u010detka \u0161kolske godine 2022.\/2023.\u201c.<\/p>\n<p>\u201eU sklopu humanitarne akcije \u201eZnanje je svjetlost\u201c deset u\u010denika na\u0161e \u0161kole dobilo je prigodne pakete \u0161kolskog pribora. Zatim smo se uklju\u010dili u bo\u017ei\u0107nu humanitarnu akciju te u suradnji s u\u010denicima, roditeljima i djelatnicima \u0161kole prikupili odre\u0111ena financijska sredstva koja su namijenjena za nabavu namirnica za potrebite obitelji sa \u0161ireg podru\u010dja Zagreba i Zagreba\u010dke \u017eupanije. Gdin Khan je u ime organizacije Humanity First Hrvatska predao 15 paketa hrane na\u0161im potrebitim u\u010denicima i njihovim obiteljima.<\/p>\n<p>U svibnju smo se uklju\u010dili u humanitarnu akciju \u201eZnanje je svjetlost\u201c.\u00a0 Prikupljali smo gumice, trokute i flomastere. U sklopu akcije gdin Khan je darovao na\u0161ih 20 potrebitih u\u010denika prigodnim paketima \u0161kolskog pribora. U\u010denici su se jako razveselili paketima.<\/p>\n<p>Svakako planiramo nastaviti suradnju s udrugom na obostrano zadovoljstvo znaju\u0107i da su ovakve inicijative plemenite i hvalevrijedne\u201c, naglasila je ravnateljica O\u0160 Dubrava.<\/p>\n<p>I <strong>O\u0160 Sveta Klara<\/strong> jedna je od \u0161kola \u010dije djelatnike i u\u010denike raduje suradnja s udrugom Humanity First Hrvatska.<\/p>\n<p><img loading=\"lazy\" decoding=\"async\" class=\"aligncenter size-full wp-image-2550\" src=\"http:\/\/www.ahmadiyya-islam.org\/hr\/wp-content\/uploads\/sites\/22\/2023\/07\/OS-Sveta-Klara-.jpg\" alt=\"O\u0160 Sveta Klara - Znanje je svjetlost\" width=\"900\" height=\"578\" srcset=\"https:\/\/www.ahmadiyya-islam.org\/hr\/wp-content\/uploads\/sites\/22\/2023\/07\/OS-Sveta-Klara-.jpg 900w, https:\/\/www.ahmadiyya-islam.org\/hr\/wp-content\/uploads\/sites\/22\/2023\/07\/OS-Sveta-Klara--300x193.jpg 300w, https:\/\/www.ahmadiyya-islam.org\/hr\/wp-content\/uploads\/sites\/22\/2023\/07\/OS-Sveta-Klara--768x493.jpg 768w\" sizes=\"auto, (max-width: 900px) 100vw, 900px\" \/><\/p>\n<p>\u201eSuradnja udruge Humanity First i na\u0161e \u0161kole nastavila se i ove godine. Na prijedlog udruge, u na\u0161oj \u0161koli organizirano je prikupljanje \u0161kolskog pribora koji \u0107e biti uvr\u0161ten u pakete \u0161kolskog pribora za u\u010denike slabijeg imovinskog statusa. Prikupljali smo vodene boje, bilje\u017enicu A4 formata na kvadrati\u0107e te markere. U akciji prikupljanja \u0161kolskog pribora sudjelovali su zaposlenici i u\u010denici na\u0161e \u0161kole te roditelji u\u010denika. Osim vodenih boja, markera i bilje\u017enica A4 formata na kvadrati\u0107e, akcijom prikupljanja \u0161kolskog pribora, na\u0161a \u0161kola prikupila je: 156 vodenih boja, 7 setova flomastera, 4 kemijske olovke, 22 olovke, 1 \u0161iljilo, 3 gumice, 1 lijepilo, 1 \u0161estar, 1 trokut set, 4 seta drvenih bojica, 3 seta kistova, 279 markera, 41 permanent marker, 215 bilje\u017enica te 3 pernice.<\/p>\n<p>Kako bi olak\u0161ala roditeljima, a djeci uljep\u0161ali po\u010detak nove \u0161kolske godine, udruga Humanity First i ove godine odlu\u010dila je pokloniti 35 paketa \u0161kolskog pribora i majice za sportske aktivnosti za u\u010denike slabijeg imovinskog statusa na\u0161e \u0161kole u vrijednosti od 1130,75\u20ac.<\/p>\n<p>Veliki odaziv zaposlenika, u\u010denika i njihovih roditelja ovoj hvalevrijednoj akciji te uspjeh same akcije prikupljanja \u0161kolskog pribora, daje nam poticaj\u00a0 za daljnju suradnju s udrugom Humanity First kako bismo pru\u017eili pomo\u0107 obiteljima na\u0161e \u0161kole kojima je pomo\u0107 najpotrebnija.\u201c, rekla je <strong>Tajana Babi\u0107<\/strong>, ravnateljica O\u0160 Sveta Klara.<\/p>\n<p>\u201eO\u0160 Brezovica ve\u0107 5 godina sudjeluje u akciji Humanity First, iz \u010dega se mo\u017ee zaklju\u010diti da smo zadovoljni akcijom i da je odaziv dobar. Jednostavna je procedura i prijava, a paketi su obilni i prakti\u010dni. Komunikacija je laka i pravovremena, tako da veliki broj paketa u kratkom roku do\u0111e u prave ruke.<\/p>\n<p><img loading=\"lazy\" decoding=\"async\" class=\"aligncenter size-full wp-image-2551\" src=\"http:\/\/www.ahmadiyya-islam.org\/hr\/wp-content\/uploads\/sites\/22\/2023\/07\/OS-Brezovica-.jpg\" alt=\"O\u0160 Brezovica - Znanje je svjetlost\" width=\"900\" height=\"617\" srcset=\"https:\/\/www.ahmadiyya-islam.org\/hr\/wp-content\/uploads\/sites\/22\/2023\/07\/OS-Brezovica-.jpg 900w, https:\/\/www.ahmadiyya-islam.org\/hr\/wp-content\/uploads\/sites\/22\/2023\/07\/OS-Brezovica--300x206.jpg 300w, https:\/\/www.ahmadiyya-islam.org\/hr\/wp-content\/uploads\/sites\/22\/2023\/07\/OS-Brezovica--768x527.jpg 768w\" sizes=\"auto, (max-width: 900px) 100vw, 900px\" \/><\/p>\n<p>Ove godine, uz pomo\u0107 u\u010ditelja i razrednika, procijenili smo da bi paketi \u0161kolskog pribora ili torbe olak\u0161alo po\u010detak nove \u0161kolske godine za 67 u\u010denika, zatim smo javili potreban broj i vrstu paketa te ubrzo dobili potrebno. Iz godine u godinu potreba za ovakvim akcijama je sve ve\u0107a, a obitelji su jako zahvalne i pohvaljuju inicijativu.<\/p>\n<p>O\u0160 Brezovica trenutno je u procesu prikupljanja \u0161kolskog pribora za donaciju te se i ovdje nadamo dobrom odazivu. \u0160kola se redovito uklju\u010duje u akcije prikupljanja razli\u010ditih dobara za donacije potrebitima, kako za vlastite u\u010denike, tako i za druge, a tu tradiciju svakako \u0107emo nastaviti i u narednim godinama.\u201c, rekla je <strong>Lucija \u0160ikuten<\/strong>, stru\u010dna suradnica pedagoginja O\u0160 Brezovica.<\/p>\n<p>Ina\u010de, donacija \u0161kolskog pribora odvijala se dva dana 15. i 16. lipnja.<\/p>\n<p>Tako je u O\u0160 Horvati podijeljeno pakete \u0161kolskog pribora i majica.<\/p>\n<p><img loading=\"lazy\" decoding=\"async\" class=\"aligncenter size-full wp-image-2552\" src=\"http:\/\/www.ahmadiyya-islam.org\/hr\/wp-content\/uploads\/sites\/22\/2023\/07\/OS-u-Horvatima-.jpg\" alt=\"O\u0160 u Horvatima - Znanje je svjetlost\" width=\"900\" height=\"600\" srcset=\"https:\/\/www.ahmadiyya-islam.org\/hr\/wp-content\/uploads\/sites\/22\/2023\/07\/OS-u-Horvatima-.jpg 900w, https:\/\/www.ahmadiyya-islam.org\/hr\/wp-content\/uploads\/sites\/22\/2023\/07\/OS-u-Horvatima--300x200.jpg 300w, https:\/\/www.ahmadiyya-islam.org\/hr\/wp-content\/uploads\/sites\/22\/2023\/07\/OS-u-Horvatima--768x512.jpg 768w\" sizes=\"auto, (max-width: 900px) 100vw, 900px\" \/><\/p>\n<p>\u201eO\u0160 Stjepana Bencekovi\u0107a, smje\u0161tena u Horvatima, nadomak Zagreba, ve\u0107 je dugi niz godina uklju\u010dena u projekt\u00a0 &#8220;Znanje je svjetlost&#8221; udruge Humanity first. U projekt smo se uklju\u010dili kako bismo\u00a0 u\u010denicima obitelji slabijeg socioekonomskog statusa &#8220;svijetlili&#8221; i pomogli u nabavci \u0161kolskog pribora \u0161to svake godine predstavlja sve ve\u0107i financijski tro\u0161ak roditeljima s dvoje, troje i vi\u0161e djece. Ove smo godine podijelili 8 paketa, a paket uklju\u010duje bilje\u017enice, pernicu, olovke, bojice, gumice, ravnala, \u0161kare, ljepilo&#8230; sve ono \u0161to u\u010denicima treba u svakodnevnom izvr\u0161avanju \u0161kolskih obaveza. Uz pribor u\u010denicima je darovana i bijela majica za sate TZK-e. Od srca zahvaljujemo i radujemo se budu\u0107oj suradnji.\u201c Rekla je ravnateljica Tatjana Bra\u010dun Haddad, prof.<\/p>\n<p><img loading=\"lazy\" decoding=\"async\" class=\"aligncenter size-full wp-image-2553\" src=\"http:\/\/www.ahmadiyya-islam.org\/hr\/wp-content\/uploads\/sites\/22\/2023\/07\/Dom-u-Leskovcu-.jpg\" alt=\"Dom u Leskovcu - Znanje je svjetlost\" width=\"900\" height=\"543\" srcset=\"https:\/\/www.ahmadiyya-islam.org\/hr\/wp-content\/uploads\/sites\/22\/2023\/07\/Dom-u-Leskovcu-.jpg 900w, https:\/\/www.ahmadiyya-islam.org\/hr\/wp-content\/uploads\/sites\/22\/2023\/07\/Dom-u-Leskovcu--300x181.jpg 300w, https:\/\/www.ahmadiyya-islam.org\/hr\/wp-content\/uploads\/sites\/22\/2023\/07\/Dom-u-Leskovcu--768x463.jpg 768w\" sizes=\"auto, (max-width: 900px) 100vw, 900px\" \/><\/p>\n<p>U Domu za nezbrinutu djecu u Hrvatskom Leskovcu 17 paketa \u0161kolskog pribora i 17 majica te dodatni \u0161kolski pribor za cijeli dom, Domu Caritas Brezovica doniran je veliki sortiment \u0161kolskog pribora za cijeli dom, a O\u0160 Sveta Klara 37 paketa \u0161kolskog pribora i 37 majica.<\/p>\n<p>Drugoga dana, 16. lipnja donirano je O\u0160 Soblinec 15 paketa \u0161kolskog pribora i 15 majica, O\u0160 Ka\u0161ina jedan paket \u0161kolskog pribora, \u010detiri torbe i majica, Caritasu Ka\u0161ina osam paketa \u0161kolskog pribora i \u010detiri torbe te O\u0160 Josipa Badali\u0107a u Graberju Ivani\u0107ku osam paketa \u0161kolskog pribora.<\/p>\n<p>Jo\u0161 je sedam paketa \u0161kolskog pribora podijeljeno individualno u\u010denicima u potrebi.<\/p>\n<div id=\"attachment_2556\" style=\"width: 910px\" class=\"wp-caption aligncenter\"><img loading=\"lazy\" decoding=\"async\" aria-describedby=\"caption-attachment-2556\" class=\"size-large wp-image-2556\" src=\"http:\/\/www.ahmadiyya-islam.org\/hr\/wp-content\/uploads\/sites\/22\/2023\/07\/OS-SOblinec--1024x478.jpg\" alt=\"O\u0160 SOblinec - Znanje je svjetlost\" width=\"900\" height=\"420\" srcset=\"https:\/\/www.ahmadiyya-islam.org\/hr\/wp-content\/uploads\/sites\/22\/2023\/07\/OS-SOblinec--1024x478.jpg 1024w, https:\/\/www.ahmadiyya-islam.org\/hr\/wp-content\/uploads\/sites\/22\/2023\/07\/OS-SOblinec--300x140.jpg 300w, https:\/\/www.ahmadiyya-islam.org\/hr\/wp-content\/uploads\/sites\/22\/2023\/07\/OS-SOblinec--768x358.jpg 768w, https:\/\/www.ahmadiyya-islam.org\/hr\/wp-content\/uploads\/sites\/22\/2023\/07\/OS-SOblinec-.jpg 1200w\" sizes=\"auto, (max-width: 900px) 100vw, 900px\" \/><p id=\"caption-attachment-2556\" class=\"wp-caption-text\">O\u0160 SOblinec<\/p><\/div>\n<div id=\"attachment_2557\" style=\"width: 910px\" class=\"wp-caption aligncenter\"><img loading=\"lazy\" decoding=\"async\" aria-describedby=\"caption-attachment-2557\" class=\"size-full wp-image-2557\" src=\"http:\/\/www.ahmadiyya-islam.org\/hr\/wp-content\/uploads\/sites\/22\/2023\/07\/OS-Vugrovec-.jpg\" alt=\"O\u0160 Vugrovec - Znanje je svjetlost\" width=\"900\" height=\"470\" srcset=\"https:\/\/www.ahmadiyya-islam.org\/hr\/wp-content\/uploads\/sites\/22\/2023\/07\/OS-Vugrovec-.jpg 900w, https:\/\/www.ahmadiyya-islam.org\/hr\/wp-content\/uploads\/sites\/22\/2023\/07\/OS-Vugrovec--300x157.jpg 300w, https:\/\/www.ahmadiyya-islam.org\/hr\/wp-content\/uploads\/sites\/22\/2023\/07\/OS-Vugrovec--768x401.jpg 768w\" sizes=\"auto, (max-width: 900px) 100vw, 900px\" \/><p id=\"caption-attachment-2557\" class=\"wp-caption-text\">O\u0160 Vugrovec<\/p><\/div>\n<div id=\"attachment_2555\" style=\"width: 778px\" class=\"wp-caption aligncenter\"><img loading=\"lazy\" decoding=\"async\" aria-describedby=\"caption-attachment-2555\" class=\"size-full wp-image-2555\" src=\"http:\/\/www.ahmadiyya-islam.org\/hr\/wp-content\/uploads\/sites\/22\/2023\/07\/OS-Graberje.jpg\" alt=\"O\u0160 Graberje- Znanje je svjetlost\" width=\"768\" height=\"754\" srcset=\"https:\/\/www.ahmadiyya-islam.org\/hr\/wp-content\/uploads\/sites\/22\/2023\/07\/OS-Graberje.jpg 768w, https:\/\/www.ahmadiyya-islam.org\/hr\/wp-content\/uploads\/sites\/22\/2023\/07\/OS-Graberje-300x295.jpg 300w, https:\/\/www.ahmadiyya-islam.org\/hr\/wp-content\/uploads\/sites\/22\/2023\/07\/OS-Graberje-50x50.jpg 50w\" sizes=\"auto, (max-width: 768px) 100vw, 768px\" \/><p id=\"caption-attachment-2555\" class=\"wp-caption-text\">O\u0160 Graberje<\/p><\/div>\n<div id=\"attachment_2554\" style=\"width: 910px\" class=\"wp-caption aligncenter\"><img loading=\"lazy\" decoding=\"async\" aria-describedby=\"caption-attachment-2554\" class=\"size-full wp-image-2554\" src=\"http:\/\/www.ahmadiyya-islam.org\/hr\/wp-content\/uploads\/sites\/22\/2023\/07\/Caritas-Brezovica-.jpg\" alt=\"Caritas Brezovica - Znanje je svjetlost\" width=\"900\" height=\"598\" srcset=\"https:\/\/www.ahmadiyya-islam.org\/hr\/wp-content\/uploads\/sites\/22\/2023\/07\/Caritas-Brezovica-.jpg 900w, https:\/\/www.ahmadiyya-islam.org\/hr\/wp-content\/uploads\/sites\/22\/2023\/07\/Caritas-Brezovica--300x199.jpg 300w, https:\/\/www.ahmadiyya-islam.org\/hr\/wp-content\/uploads\/sites\/22\/2023\/07\/Caritas-Brezovica--768x510.jpg 768w\" sizes=\"auto, (max-width: 900px) 100vw, 900px\" \/><p id=\"caption-attachment-2554\" class=\"wp-caption-text\">Caritas Brezovica<\/p><\/div>\n","protected":false},"excerpt":{"rendered":"<p>Kako bi nova \u0161kolska godina 2023.\/2024. u\u010denicima po\u010dela \u0161to radosnije, kao i proteklih nekoliko godina, Humanity First Hrvatska organizirala je humanitarnu akciju za pomo\u0107 i podr\u0161ku u\u010denicima. No, ovoga puta se ta akcija odr\u017eala na kraju ove \u0161kolske godine. Projekt je dio globalne inicijative \u201eKnowledge for life\u201c (Znanje za \u017eivot) Humanity First International kao pomo\u0107<\/p>\n","protected":false},"author":77,"featured_media":2558,"comment_status":"closed","ping_status":"closed","sticky":false,"template":"","format":"standard","meta":{"_acf_changed":false,"footnotes":""},"categories":[9,10],"tags":[],"topics":[277],"authors":[],"geo_locations":[],"content_source":[],"class_list":["post-2548","post","type-post","status-publish","format-standard","has-post-thumbnail","hentry","category-humanity-first","category-humanity-first-hrvatska","topics-obrazovanje"],"acf":[],"yoast_head":"<!-- This site is optimized with the Yoast SEO Premium plugin v21.1 (Yoast SEO v27.4) - https:\/\/yoast.com\/product\/yoast-seo-premium-wordpress\/ -->\n<title>Humanity First ponovno u akciji \u2013 Znanje je svjetlost! \u2013 kratko izvje\u0161\u0107e 2023.<\/title>\n<meta name=\"description\" content=\"Kako bi nova \u0161kolska godina 2023.\/2024. u\u010denicima po\u010dela \u0161to radosnije, Humanity First organizirala je humanitarnu akciju za pomo\u0107 i podr\u0161ku u\u010denicima.\" \/>\n<meta name=\"robots\" content=\"index, follow, max-snippet:-1, max-image-preview:large, max-video-preview:-1\" \/>\n<link rel=\"canonical\" href=\"https:\/\/www.ahmadiyya-islam.org\/hr\/humanity-first\/humanity-first-hrvatska\/znanje-je-svjetlost-kratko-izvjesce-2023\/\" \/>\n<meta property=\"og:locale\" content=\"hr_HR\" \/>\n<meta property=\"og:type\" content=\"article\" \/>\n<meta property=\"og:title\" content=\"Humanity First ponovno u akciji \u2013 Znanje je svjetlost! \u2013 kratko izvje\u0161\u0107e 2023.\" \/>\n<meta property=\"og:description\" content=\"Kako bi nova \u0161kolska godina 2023.\/2024. u\u010denicima po\u010dela \u0161to radosnije, Humanity First organizirala je humanitarnu akciju za pomo\u0107 i podr\u0161ku u\u010denicima.\" \/>\n<meta property=\"og:url\" content=\"https:\/\/www.ahmadiyya-islam.org\/hr\/humanity-first\/humanity-first-hrvatska\/znanje-je-svjetlost-kratko-izvjesce-2023\/\" \/>\n<meta property=\"og:site_name\" content=\"Ahmadija muslimanski d\u017eamat\" \/>\n<meta property=\"article:published_time\" content=\"2023-07-04T10:41:36+00:00\" \/>\n<meta property=\"og:image\" content=\"http:\/\/www.ahmadiyya-islam.org\/hr\/wp-content\/uploads\/sites\/22\/2023\/07\/HF-Znanje-je-svjetlost-.jpg\" \/>\n\t<meta property=\"og:image:width\" content=\"1500\" \/>\n\t<meta property=\"og:image:height\" content=\"750\" \/>\n\t<meta property=\"og:image:type\" content=\"image\/jpeg\" \/>\n<meta name=\"author\" content=\"ranamunawar\" \/>\n<meta name=\"twitter:card\" content=\"summary_large_image\" \/>\n<meta name=\"twitter:label1\" content=\"Napisao\/la\" \/>\n\t<meta name=\"twitter:data1\" content=\"ranamunawar\" \/>\n\t<meta name=\"twitter:label2\" content=\"Procijenjeno vrijeme \u010ditanja\" \/>\n\t<meta name=\"twitter:data2\" content=\"10 minuta\" \/>\n<script type=\"application\/ld+json\" class=\"yoast-schema-graph\">{\"@context\":\"https:\\\/\\\/schema.org\",\"@graph\":[{\"@type\":\"Article\",\"@id\":\"https:\\\/\\\/www.ahmadiyya-islam.org\\\/hr\\\/humanity-first\\\/humanity-first-hrvatska\\\/znanje-je-svjetlost-kratko-izvjesce-2023\\\/#article\",\"isPartOf\":{\"@id\":\"https:\\\/\\\/www.ahmadiyya-islam.org\\\/hr\\\/humanity-first\\\/humanity-first-hrvatska\\\/znanje-je-svjetlost-kratko-izvjesce-2023\\\/\"},\"author\":{\"name\":\"ranamunawar\",\"@id\":\"https:\\\/\\\/www.ahmadiyya-islam.org\\\/hr\\\/#\\\/schema\\\/person\\\/4d74f28572ca6c7fa65111daa316ed65\"},\"headline\":\"Humanity First ponovno u akciji \u2013 Znanje je svjetlost! \u2013 kratko izvje\u0161\u0107e 2023.\",\"datePublished\":\"2023-07-04T10:41:36+00:00\",\"mainEntityOfPage\":{\"@id\":\"https:\\\/\\\/www.ahmadiyya-islam.org\\\/hr\\\/humanity-first\\\/humanity-first-hrvatska\\\/znanje-je-svjetlost-kratko-izvjesce-2023\\\/\"},\"wordCount\":1525,\"image\":{\"@id\":\"https:\\\/\\\/www.ahmadiyya-islam.org\\\/hr\\\/humanity-first\\\/humanity-first-hrvatska\\\/znanje-je-svjetlost-kratko-izvjesce-2023\\\/#primaryimage\"},\"thumbnailUrl\":\"https:\\\/\\\/www.ahmadiyya-islam.org\\\/hr\\\/wp-content\\\/uploads\\\/sites\\\/22\\\/2023\\\/07\\\/HF-Znanje-je-svjetlost-.jpg\",\"articleSection\":[\"Humanity First\",\"Humanity First Hrvatska\"],\"inLanguage\":\"hr\"},{\"@type\":\"WebPage\",\"@id\":\"https:\\\/\\\/www.ahmadiyya-islam.org\\\/hr\\\/humanity-first\\\/humanity-first-hrvatska\\\/znanje-je-svjetlost-kratko-izvjesce-2023\\\/\",\"url\":\"https:\\\/\\\/www.ahmadiyya-islam.org\\\/hr\\\/humanity-first\\\/humanity-first-hrvatska\\\/znanje-je-svjetlost-kratko-izvjesce-2023\\\/\",\"name\":\"Humanity First ponovno u akciji \u2013 Znanje je svjetlost! \u2013 kratko izvje\u0161\u0107e 2023.\",\"isPartOf\":{\"@id\":\"https:\\\/\\\/www.ahmadiyya-islam.org\\\/hr\\\/#website\"},\"primaryImageOfPage\":{\"@id\":\"https:\\\/\\\/www.ahmadiyya-islam.org\\\/hr\\\/humanity-first\\\/humanity-first-hrvatska\\\/znanje-je-svjetlost-kratko-izvjesce-2023\\\/#primaryimage\"},\"image\":{\"@id\":\"https:\\\/\\\/www.ahmadiyya-islam.org\\\/hr\\\/humanity-first\\\/humanity-first-hrvatska\\\/znanje-je-svjetlost-kratko-izvjesce-2023\\\/#primaryimage\"},\"thumbnailUrl\":\"https:\\\/\\\/www.ahmadiyya-islam.org\\\/hr\\\/wp-content\\\/uploads\\\/sites\\\/22\\\/2023\\\/07\\\/HF-Znanje-je-svjetlost-.jpg\",\"datePublished\":\"2023-07-04T10:41:36+00:00\",\"author\":{\"@id\":\"https:\\\/\\\/www.ahmadiyya-islam.org\\\/hr\\\/#\\\/schema\\\/person\\\/4d74f28572ca6c7fa65111daa316ed65\"},\"description\":\"Kako bi nova \u0161kolska godina 2023.\\\/2024. u\u010denicima po\u010dela \u0161to radosnije, Humanity First organizirala je humanitarnu akciju za pomo\u0107 i podr\u0161ku u\u010denicima.\",\"breadcrumb\":{\"@id\":\"https:\\\/\\\/www.ahmadiyya-islam.org\\\/hr\\\/humanity-first\\\/humanity-first-hrvatska\\\/znanje-je-svjetlost-kratko-izvjesce-2023\\\/#breadcrumb\"},\"inLanguage\":\"hr\",\"potentialAction\":[{\"@type\":\"ReadAction\",\"target\":[\"https:\\\/\\\/www.ahmadiyya-islam.org\\\/hr\\\/humanity-first\\\/humanity-first-hrvatska\\\/znanje-je-svjetlost-kratko-izvjesce-2023\\\/\"]}]},{\"@type\":\"ImageObject\",\"inLanguage\":\"hr\",\"@id\":\"https:\\\/\\\/www.ahmadiyya-islam.org\\\/hr\\\/humanity-first\\\/humanity-first-hrvatska\\\/znanje-je-svjetlost-kratko-izvjesce-2023\\\/#primaryimage\",\"url\":\"https:\\\/\\\/www.ahmadiyya-islam.org\\\/hr\\\/wp-content\\\/uploads\\\/sites\\\/22\\\/2023\\\/07\\\/HF-Znanje-je-svjetlost-.jpg\",\"contentUrl\":\"https:\\\/\\\/www.ahmadiyya-islam.org\\\/hr\\\/wp-content\\\/uploads\\\/sites\\\/22\\\/2023\\\/07\\\/HF-Znanje-je-svjetlost-.jpg\",\"width\":1500,\"height\":750},{\"@type\":\"BreadcrumbList\",\"@id\":\"https:\\\/\\\/www.ahmadiyya-islam.org\\\/hr\\\/humanity-first\\\/humanity-first-hrvatska\\\/znanje-je-svjetlost-kratko-izvjesce-2023\\\/#breadcrumb\",\"itemListElement\":[{\"@type\":\"ListItem\",\"position\":1,\"name\":\"Home\",\"item\":\"https:\\\/\\\/www.ahmadiyya-islam.org\\\/hr\\\/\"},{\"@type\":\"ListItem\",\"position\":2,\"name\":\"Humanity First ponovno u akciji \u2013 Znanje je svjetlost! \u2013 kratko izvje\u0161\u0107e 2023.\"}]},{\"@type\":\"WebSite\",\"@id\":\"https:\\\/\\\/www.ahmadiyya-islam.org\\\/hr\\\/#website\",\"url\":\"https:\\\/\\\/www.ahmadiyya-islam.org\\\/hr\\\/\",\"name\":\"Ahmadija muslimanski d\u017eamat\",\"description\":\"Hrvatska\",\"potentialAction\":[{\"@type\":\"SearchAction\",\"target\":{\"@type\":\"EntryPoint\",\"urlTemplate\":\"https:\\\/\\\/www.ahmadiyya-islam.org\\\/hr\\\/?s={search_term_string}\"},\"query-input\":{\"@type\":\"PropertyValueSpecification\",\"valueRequired\":true,\"valueName\":\"search_term_string\"}}],\"inLanguage\":\"hr\"},{\"@type\":\"Person\",\"@id\":\"https:\\\/\\\/www.ahmadiyya-islam.org\\\/hr\\\/#\\\/schema\\\/person\\\/4d74f28572ca6c7fa65111daa316ed65\",\"name\":\"ranamunawar\",\"url\":\"https:\\\/\\\/www.ahmadiyya-islam.org\\\/hr\\\/author\\\/ranamunawar\\\/\"}]}<\/script>\n<!-- \/ Yoast SEO Premium plugin. -->","yoast_head_json":{"title":"Humanity First ponovno u akciji \u2013 Znanje je svjetlost! \u2013 kratko izvje\u0161\u0107e 2023.","description":"Kako bi nova \u0161kolska godina 2023.\/2024. u\u010denicima po\u010dela \u0161to radosnije, Humanity First organizirala je humanitarnu akciju za pomo\u0107 i podr\u0161ku u\u010denicima.","robots":{"index":"index","follow":"follow","max-snippet":"max-snippet:-1","max-image-preview":"max-image-preview:large","max-video-preview":"max-video-preview:-1"},"canonical":"https:\/\/www.ahmadiyya-islam.org\/hr\/humanity-first\/humanity-first-hrvatska\/znanje-je-svjetlost-kratko-izvjesce-2023\/","og_locale":"hr_HR","og_type":"article","og_title":"Humanity First ponovno u akciji \u2013 Znanje je svjetlost! \u2013 kratko izvje\u0161\u0107e 2023.","og_description":"Kako bi nova \u0161kolska godina 2023.\/2024. u\u010denicima po\u010dela \u0161to radosnije, Humanity First organizirala je humanitarnu akciju za pomo\u0107 i podr\u0161ku u\u010denicima.","og_url":"https:\/\/www.ahmadiyya-islam.org\/hr\/humanity-first\/humanity-first-hrvatska\/znanje-je-svjetlost-kratko-izvjesce-2023\/","og_site_name":"Ahmadija muslimanski d\u017eamat","article_published_time":"2023-07-04T10:41:36+00:00","og_image":[{"width":1500,"height":750,"url":"http:\/\/www.ahmadiyya-islam.org\/hr\/wp-content\/uploads\/sites\/22\/2023\/07\/HF-Znanje-je-svjetlost-.jpg","type":"image\/jpeg"}],"author":"ranamunawar","twitter_card":"summary_large_image","twitter_misc":{"Napisao\/la":"ranamunawar","Procijenjeno vrijeme \u010ditanja":"10 minuta"},"schema":{"@context":"https:\/\/schema.org","@graph":[{"@type":"Article","@id":"https:\/\/www.ahmadiyya-islam.org\/hr\/humanity-first\/humanity-first-hrvatska\/znanje-je-svjetlost-kratko-izvjesce-2023\/#article","isPartOf":{"@id":"https:\/\/www.ahmadiyya-islam.org\/hr\/humanity-first\/humanity-first-hrvatska\/znanje-je-svjetlost-kratko-izvjesce-2023\/"},"author":{"name":"ranamunawar","@id":"https:\/\/www.ahmadiyya-islam.org\/hr\/#\/schema\/person\/4d74f28572ca6c7fa65111daa316ed65"},"headline":"Humanity First ponovno u akciji \u2013 Znanje je svjetlost! \u2013 kratko izvje\u0161\u0107e 2023.","datePublished":"2023-07-04T10:41:36+00:00","mainEntityOfPage":{"@id":"https:\/\/www.ahmadiyya-islam.org\/hr\/humanity-first\/humanity-first-hrvatska\/znanje-je-svjetlost-kratko-izvjesce-2023\/"},"wordCount":1525,"image":{"@id":"https:\/\/www.ahmadiyya-islam.org\/hr\/humanity-first\/humanity-first-hrvatska\/znanje-je-svjetlost-kratko-izvjesce-2023\/#primaryimage"},"thumbnailUrl":"https:\/\/www.ahmadiyya-islam.org\/hr\/wp-content\/uploads\/sites\/22\/2023\/07\/HF-Znanje-je-svjetlost-.jpg","articleSection":["Humanity First","Humanity First Hrvatska"],"inLanguage":"hr"},{"@type":"WebPage","@id":"https:\/\/www.ahmadiyya-islam.org\/hr\/humanity-first\/humanity-first-hrvatska\/znanje-je-svjetlost-kratko-izvjesce-2023\/","url":"https:\/\/www.ahmadiyya-islam.org\/hr\/humanity-first\/humanity-first-hrvatska\/znanje-je-svjetlost-kratko-izvjesce-2023\/","name":"Humanity First ponovno u akciji \u2013 Znanje je svjetlost! \u2013 kratko izvje\u0161\u0107e 2023.","isPartOf":{"@id":"https:\/\/www.ahmadiyya-islam.org\/hr\/#website"},"primaryImageOfPage":{"@id":"https:\/\/www.ahmadiyya-islam.org\/hr\/humanity-first\/humanity-first-hrvatska\/znanje-je-svjetlost-kratko-izvjesce-2023\/#primaryimage"},"image":{"@id":"https:\/\/www.ahmadiyya-islam.org\/hr\/humanity-first\/humanity-first-hrvatska\/znanje-je-svjetlost-kratko-izvjesce-2023\/#primaryimage"},"thumbnailUrl":"https:\/\/www.ahmadiyya-islam.org\/hr\/wp-content\/uploads\/sites\/22\/2023\/07\/HF-Znanje-je-svjetlost-.jpg","datePublished":"2023-07-04T10:41:36+00:00","author":{"@id":"https:\/\/www.ahmadiyya-islam.org\/hr\/#\/schema\/person\/4d74f28572ca6c7fa65111daa316ed65"},"description":"Kako bi nova \u0161kolska godina 2023.\/2024. u\u010denicima po\u010dela \u0161to radosnije, Humanity First organizirala je humanitarnu akciju za pomo\u0107 i podr\u0161ku u\u010denicima.","breadcrumb":{"@id":"https:\/\/www.ahmadiyya-islam.org\/hr\/humanity-first\/humanity-first-hrvatska\/znanje-je-svjetlost-kratko-izvjesce-2023\/#breadcrumb"},"inLanguage":"hr","potentialAction":[{"@type":"ReadAction","target":["https:\/\/www.ahmadiyya-islam.org\/hr\/humanity-first\/humanity-first-hrvatska\/znanje-je-svjetlost-kratko-izvjesce-2023\/"]}]},{"@type":"ImageObject","inLanguage":"hr","@id":"https:\/\/www.ahmadiyya-islam.org\/hr\/humanity-first\/humanity-first-hrvatska\/znanje-je-svjetlost-kratko-izvjesce-2023\/#primaryimage","url":"https:\/\/www.ahmadiyya-islam.org\/hr\/wp-content\/uploads\/sites\/22\/2023\/07\/HF-Znanje-je-svjetlost-.jpg","contentUrl":"https:\/\/www.ahmadiyya-islam.org\/hr\/wp-content\/uploads\/sites\/22\/2023\/07\/HF-Znanje-je-svjetlost-.jpg","width":1500,"height":750},{"@type":"BreadcrumbList","@id":"https:\/\/www.ahmadiyya-islam.org\/hr\/humanity-first\/humanity-first-hrvatska\/znanje-je-svjetlost-kratko-izvjesce-2023\/#breadcrumb","itemListElement":[{"@type":"ListItem","position":1,"name":"Home","item":"https:\/\/www.ahmadiyya-islam.org\/hr\/"},{"@type":"ListItem","position":2,"name":"Humanity First ponovno u akciji \u2013 Znanje je svjetlost! \u2013 kratko izvje\u0161\u0107e 2023."}]},{"@type":"WebSite","@id":"https:\/\/www.ahmadiyya-islam.org\/hr\/#website","url":"https:\/\/www.ahmadiyya-islam.org\/hr\/","name":"Ahmadija muslimanski d\u017eamat","description":"Hrvatska","potentialAction":[{"@type":"SearchAction","target":{"@type":"EntryPoint","urlTemplate":"https:\/\/www.ahmadiyya-islam.org\/hr\/?s={search_term_string}"},"query-input":{"@type":"PropertyValueSpecification","valueRequired":true,"valueName":"search_term_string"}}],"inLanguage":"hr"},{"@type":"Person","@id":"https:\/\/www.ahmadiyya-islam.org\/hr\/#\/schema\/person\/4d74f28572ca6c7fa65111daa316ed65","name":"ranamunawar","url":"https:\/\/www.ahmadiyya-islam.org\/hr\/author\/ranamunawar\/"}]}},"_links":{"self":[{"href":"https:\/\/www.ahmadiyya-islam.org\/hr\/wp-json\/wp\/v2\/posts\/2548","targetHints":{"allow":["GET"]}}],"collection":[{"href":"https:\/\/www.ahmadiyya-islam.org\/hr\/wp-json\/wp\/v2\/posts"}],"about":[{"href":"https:\/\/www.ahmadiyya-islam.org\/hr\/wp-json\/wp\/v2\/types\/post"}],"author":[{"embeddable":true,"href":"https:\/\/www.ahmadiyya-islam.org\/hr\/wp-json\/wp\/v2\/users\/77"}],"replies":[{"embeddable":true,"href":"https:\/\/www.ahmadiyya-islam.org\/hr\/wp-json\/wp\/v2\/comments?post=2548"}],"version-history":[{"count":1,"href":"https:\/\/www.ahmadiyya-islam.org\/hr\/wp-json\/wp\/v2\/posts\/2548\/revisions"}],"predecessor-version":[{"id":2559,"href":"https:\/\/www.ahmadiyya-islam.org\/hr\/wp-json\/wp\/v2\/posts\/2548\/revisions\/2559"}],"wp:featuredmedia":[{"embeddable":true,"href":"https:\/\/www.ahmadiyya-islam.org\/hr\/wp-json\/wp\/v2\/media\/2558"}],"wp:attachment":[{"href":"https:\/\/www.ahmadiyya-islam.org\/hr\/wp-json\/wp\/v2\/media?parent=2548"}],"wp:term":[{"taxonomy":"category","embeddable":true,"href":"https:\/\/www.ahmadiyya-islam.org\/hr\/wp-json\/wp\/v2\/categories?post=2548"},{"taxonomy":"post_tag","embeddable":true,"href":"https:\/\/www.ahmadiyya-islam.org\/hr\/wp-json\/wp\/v2\/tags?post=2548"},{"taxonomy":"topics","embeddable":true,"href":"https:\/\/www.ahmadiyya-islam.org\/hr\/wp-json\/wp\/v2\/topics?post=2548"},{"taxonomy":"authors","embeddable":true,"href":"https:\/\/www.ahmadiyya-islam.org\/hr\/wp-json\/wp\/v2\/authors?post=2548"},{"taxonomy":"geo_locations","embeddable":true,"href":"https:\/\/www.ahmadiyya-islam.org\/hr\/wp-json\/wp\/v2\/geo_locations?post=2548"},{"taxonomy":"content_source","embeddable":true,"href":"https:\/\/www.ahmadiyya-islam.org\/hr\/wp-json\/wp\/v2\/content_source?post=2548"}],"curies":[{"name":"wp","href":"https:\/\/api.w.org\/{rel}","templated":true}]}}