{"id":2520,"date":"2023-05-24T13:15:46","date_gmt":"2023-05-24T13:15:46","guid":{"rendered":"https:\/\/www.ahmadiyya-islam.org\/hr\/?p=2520"},"modified":"2023-06-01T10:08:21","modified_gmt":"2023-06-01T10:08:21","slug":"humanity-first-organizirala-izlet-za-nezbrinutu-djecu-u-baranju-znanje-je-svjetlost","status":"publish","type":"post","link":"https:\/\/www.ahmadiyya-islam.org\/hr\/humanity-first\/humanity-first-organizirala-izlet-za-nezbrinutu-djecu-u-baranju-znanje-je-svjetlost\/","title":{"rendered":"Humanity First organizirala izlet za nezbrinutu djecu u Baranju &#8211; &#8220;znanje je svjetlost&#8221;"},"content":{"rendered":"<p><span style=\"color: #808080\"><em>Sanja Plje\u0161a:<\/em><\/span><\/p>\n<p>Humanitarna udruga HumanityFirst Hrvatska uz svesrdnu pomo\u0107 Marine Pucevi\u0107 organizirala je izlet u subotu, 6. svibnja s ciljem edukacije i upoznavanja mladih, \u0161ti\u0107enika Ku\u0107e sv. Josipa za nezbrinutu djecu, sestara karmeli\u0107anki Bo\u017eanskog Srca Isusova iz Hrvatskog Leskovca, s povijesnim, prirodnim i kulturnim vrijednostima Osijeka i Baranje. \u010cetrdesetak \u0161ti\u0107enika doma, dobnih skupina od pred\u0161kolskog uzrasta do studenata, pra\u0107enih sestrama karmeli\u0107ankama i volonterima Humanity First Hrvatske posjetili su Osijek, dvorac Tikve\u0161 i Kopa\u010dki rit.<\/p>\n<p>O povodu organizacije izleta govorila je Marina Pucevi\u0107 koja je rekla da je to \u201ebila namjera da se djecu iz Ku\u0107e sv. Josipa odvede na izlet kako bi upoznala dio Hrvatske\u201c. \u201eHumanity First Hrvatska odnosno njen predsjednik M. Khan nam je osigurao prijevoz i pri povratku po\u010dastio sve sladoledom i vodom. Obratila sam se za donaciju Mcdonaldsu koji su nas sve po\u010dastili ru\u010dkom, a i Parkprirode Kopa\u010dki rit osigurao nam je besplatne ulaznice te vodi\u010de koji su nas proveli kroz dvorac Tikve\u0161 i sam Kopa\u010dki rit\u201c, rekla je Pucevi\u0107.<\/p>\n<p>Dodala je kako djeci treba prezentirati na\u0161a \u201eblaga kako bi ih zavoljeli\u201c.<img loading=\"lazy\" decoding=\"async\" class=\"aligncenter size-large wp-image-2528\" src=\"http:\/\/www.ahmadiyya-islam.org\/hr\/wp-content\/uploads\/sites\/22\/2023\/05\/Osijek-1-1-1024x683.jpg\" alt=\"Humanity First - Osijek - znanje je svjetlost 2023\" width=\"900\" height=\"600\" srcset=\"https:\/\/www.ahmadiyya-islam.org\/hr\/wp-content\/uploads\/sites\/22\/2023\/05\/Osijek-1-1-1024x683.jpg 1024w, https:\/\/www.ahmadiyya-islam.org\/hr\/wp-content\/uploads\/sites\/22\/2023\/05\/Osijek-1-1-300x200.jpg 300w, https:\/\/www.ahmadiyya-islam.org\/hr\/wp-content\/uploads\/sites\/22\/2023\/05\/Osijek-1-1-768x512.jpg 768w, https:\/\/www.ahmadiyya-islam.org\/hr\/wp-content\/uploads\/sites\/22\/2023\/05\/Osijek-1-1.jpg 1296w\" sizes=\"auto, (max-width: 900px) 100vw, 900px\" \/><\/p>\n<p>Na projekt se osvrnuo i M. Khan koji je rekao kako je Humanity First Hrvatska dobrotvorna organizacija osnovana u svrhu promocije iza\u0161tite ljudskog \u017eivota i dostojanstva. To je nepoliti\u010dka, nereligiozna me\u0111unarodna organizacija. Humanity First Hrvatska bavi se raznim humanitarnim projektima koji poma\u017eu potrebitima diljem svijeta i Hrvatske. Projekti su organizirani u osam razli\u010ditih kategorija. Jedna od tih kategorija je <strong>\u201cZnanje za \u017eivot\u201d<\/strong>. Pod ovim naslovom Humanity First Hrvatska je 2020. godine pokrenula projekt dobre volje pod nazivom <strong><a href=\"https:\/\/mojzagreb.info\/zagreb\/znanje-je-svjetlost-pi%C5%A1e-khan-munawwar-muhammad-imam-muslimanske-zajednice-ahmadija-u-hrvatskoj-1\">\u201cZnanje jesvjetlost\u201d<\/a><\/strong> s ciljem pomo\u0107i u\u010denicima da imaju potreban \u0161kolski pribor kako bi se mogli u potpunosti koncentrirati na u\u010denje. U posljednje tri godine osigurano je oko 700 dje\u010djih \u0161kolskih paketi\u0107a (s torbama, bilje\u017enicama, olovkama, gumicama,\u0161karama, \u2026).<\/p>\n<p><img loading=\"lazy\" decoding=\"async\" class=\"aligncenter size-large wp-image-2405\" src=\"http:\/\/www.ahmadiyya-islam.org\/hr\/wp-content\/uploads\/sites\/22\/2022\/09\/znanje-je-svjetlost-kratko-izvje-1024x576.jpg\" alt=\"\" width=\"900\" height=\"506\" srcset=\"https:\/\/www.ahmadiyya-islam.org\/hr\/wp-content\/uploads\/sites\/22\/2022\/09\/znanje-je-svjetlost-kratko-izvje-1024x576.jpg 1024w, https:\/\/www.ahmadiyya-islam.org\/hr\/wp-content\/uploads\/sites\/22\/2022\/09\/znanje-je-svjetlost-kratko-izvje-300x169.jpg 300w, https:\/\/www.ahmadiyya-islam.org\/hr\/wp-content\/uploads\/sites\/22\/2022\/09\/znanje-je-svjetlost-kratko-izvje-768x432.jpg 768w, https:\/\/www.ahmadiyya-islam.org\/hr\/wp-content\/uploads\/sites\/22\/2022\/09\/znanje-je-svjetlost-kratko-izvje-400x225.jpg 400w, https:\/\/www.ahmadiyya-islam.org\/hr\/wp-content\/uploads\/sites\/22\/2022\/09\/znanje-je-svjetlost-kratko-izvje.jpg 1280w\" sizes=\"auto, (max-width: 900px) 100vw, 900px\" \/><\/p>\n<p>\u201eI naravno, na kraju ove \u0161kolske godine ponovno \u0107emo podijeliti \u0161kolske torbe i \u0161kolski pribor. Za\u0161to govorim o nekom \u0161kolskom projektu, a ne o ekskurziji? Pa zato \u0161to je ekskurzija bila u sklopu projekta <strong>Znanje je svjetlost<\/strong>. Dok putujemo i u\u010dimo nove stvari, to je prosvjetljenje koje se ne mo\u017ee do\u017eivjeti ako se nikada ne iza\u0111e iz svoje zone udobnosti (na\u0161eg doma) ili u\u010dionice. U ovo doba i vrijeme \u010dak je postalo jo\u0161 va\u017enije saznati \u0161to vi\u0161e o svijetu u kojem \u017eivimo kako bismo mogli rije\u0161iti probleme koji nam dolaze u budu\u0107nosti. \u010citam naslove razli\u010ditih vijesti diljem svijeta o sada\u0161njoj mladoj generaciji u kojima pi\u0161e da su oni posljednja generacija ili generacija koja se buni ili ona koja je naslijedila najgore. Moj je savjet nadolaze\u0107oj generaciji da se trebaju odmaknuti od toga da se pronalazi krivac za sve neda\u0107e u \u017eivotu nego da se radije usmjere na ono dobro \u0161to donosi budu\u0107nost, a to je znanje i istinska mudrost kako bi postali pioniri svijetle budu\u0107nosti. Takvu budu\u0107nost oni sami mogu stvoriti svojim vlastitim izborom te stvarnim i prakti\u010dnim spoznajama koje prelaze granice i ujedinjuju dobru volju da se istinski <strong>slu\u017ei \u010dovje\u010danstvu (moto Humanity First)<\/strong>.<\/p>\n<p>Siguran sam da \u0107e kombinacija obrazovanja s namjerom da se slu\u017ei ljudima odvesti svijet na mjesto puno ljubavi i suosje\u0107anja. Zamislite mjesto gdje se svatko brine o svakoj ranjivoj osobi. Znanje mo\u017ee pomo\u0107i da se ova ma\u0161ta i ostvari\u201c, rekao je M. Khan. Na izletu su bila djeca od 7 godina do studentica, ali uglavnom osnovno\u0161kolci i srednjo\u0161kolci.<\/p>\n<p><img loading=\"lazy\" decoding=\"async\" class=\"aligncenter size-large wp-image-2525\" src=\"http:\/\/www.ahmadiyya-islam.org\/hr\/wp-content\/uploads\/sites\/22\/2023\/05\/Osijek--1024x683.jpg\" alt=\"Humanity First - izlet - znanje je svjetlost 2023\" width=\"900\" height=\"600\" srcset=\"https:\/\/www.ahmadiyya-islam.org\/hr\/wp-content\/uploads\/sites\/22\/2023\/05\/Osijek--1024x683.jpg 1024w, https:\/\/www.ahmadiyya-islam.org\/hr\/wp-content\/uploads\/sites\/22\/2023\/05\/Osijek--300x200.jpg 300w, https:\/\/www.ahmadiyya-islam.org\/hr\/wp-content\/uploads\/sites\/22\/2023\/05\/Osijek--768x512.jpg 768w, https:\/\/www.ahmadiyya-islam.org\/hr\/wp-content\/uploads\/sites\/22\/2023\/05\/Osijek-.jpg 1296w\" sizes=\"auto, (max-width: 900px) 100vw, 900px\" \/><\/p>\n<p>Sestra Katarina Pi\u0161kovi\u0107 se pismom obratila Humanity First:<\/p>\n<p>&#8220;Postovani Khan i dragi prijatelji Kuce sv. Josipa!<br \/>\n\u017delimo iskreno zahvaliti za va\u0161u \u010destu podr\u0161ku i konkretnu materijalnu pomo\u0107 kroz donaciju prehrambenih proizvoda, \u0161kolskog pribora i higijenskih potrep\u0161tina. Hvala za zra\u010dni hokej stol koji ste im donirali o Ramazan Mubarek danu. On im je donio puno radosti. Posebno smo zahvlani za financiranje izleta u Osijek i Kopacki Rit. Djeca i mladi su odu\u0161evljeni svime \u0161to im se na izlatu ponudilo. Ljubav je dosjetljiva, kreativna i nazi put do onih koji je trebaju.<br \/>\nHvala jo\u0161 jednom na podr\u0161ci i suradnji s na\u0161om Ku\u0107om kao i na svjedo\u010denju kako dobrota ljude spaja i povezuje i na taj na\u010din \u010dini ovaj svijet ljep\u0161im i sigurnijim mjestom za \u017eivot svakog pojedinca.<br \/>\nOstajemo zahvalne i u trajnoj molitvi pred dobrim Bogom za sve vas!&#8221;<\/p>\n<p>Zanimljivo je kako se u Ku\u0107i sv. Josipa djeca kako odrastaju tako i zaljubljuju pa jetako pro\u0161le godine odr\u017eano prvo vjen\u010danje dvaju \u0161ti\u0107enika koji su se upoznali udomu, zaljubili i kad su odrasli i vjen\u010dali. \u201eTo je bila iznimno lijepa pri\u010da koja je lijepo zavr\u0161ila\u201c, istaknula je Marina Pucevi\u0107.<\/p>\n<p>Dodala je kako to nije kraj nego tek po\u010detak i da \u0107e jo\u0161 biti ovakvih izleta u kojima \u0107e se mladi upoznavati sa zemljom u kojoj \u017eive.<\/p>\n<p>\u201eIma dobrih ljudi koji nam poma\u017eu i smatram da se treba voditi za onim \u2013 pokucaji otvorit \u0107e ti. Ljudi poma\u017eu kada shvate da djeci treba pomo\u0107i\u201c, naglasila je Pucevi\u0107.<\/p>\n<p>Damir Mi\u0161ki\u0107, upravitelj restorana McDonald iz Osijeka je rekao kako \u201eim je bilo iznimno zadovoljstvo po\u010dastiti s ru\u010dkom i jo\u0161 su dodatno dali pomfrit\u201c.<\/p>\n<p>Turisti\u010dki vodi\u010d Stanislav Suboti\u0107 bio je iznimno zadovoljan svojom grupom koju je vodio Osijekom. \u201eDrago mi je da sam i ja pridonio tome da nam do\u0111ete te da vam mo\u017eemo pokazati i ovaj, dugo neotkriveni kraj\u201c, rekao je Suboti\u0107. Dodao je da u Osijek dolazi sve vi\u0161e turista i to iz europskih zemalja te SAD-a. Ve\u0107ina ih dolazi i kruzerima.<\/p>\n<p><strong>Osijek, Tikve\u0161 i Kopa\u010dki rit<\/strong><\/p>\n<p><img loading=\"lazy\" decoding=\"async\" class=\"aligncenter size-large wp-image-2522\" src=\"http:\/\/www.ahmadiyya-islam.org\/hr\/wp-content\/uploads\/sites\/22\/2023\/05\/katedrala--683x1024.jpg\" alt=\"\" width=\"683\" height=\"1024\" srcset=\"https:\/\/www.ahmadiyya-islam.org\/hr\/wp-content\/uploads\/sites\/22\/2023\/05\/katedrala--683x1024.jpg 683w, https:\/\/www.ahmadiyya-islam.org\/hr\/wp-content\/uploads\/sites\/22\/2023\/05\/katedrala--200x300.jpg 200w, https:\/\/www.ahmadiyya-islam.org\/hr\/wp-content\/uploads\/sites\/22\/2023\/05\/katedrala--768x1152.jpg 768w, https:\/\/www.ahmadiyya-islam.org\/hr\/wp-content\/uploads\/sites\/22\/2023\/05\/katedrala-.jpg 864w\" sizes=\"auto, (max-width: 683px) 100vw, 683px\" \/><\/p>\n<p>Me\u0111u mnogim obi\u0111enim znamenitostima Osijeka bila je i konkatedrala sv. Petra i Pavla, drugostolna crkva \u0110akova\u010dko-osje\u010dke nadbiskupije. Sagra\u0111ena je uneogoti\u010dkom stilu. Visoka je 94 metra i vi\u0161a je od \u0111akova\u010dke katedrale sv. Petra, sagra\u0111ene u neoromani\u010dkom stilu, visine 84 metara.<\/p>\n<p>Dvorac Tikve\u0161 poznat je po burnoj pro\u0161losti. Kompleks dvoraca Tikve\u0161 obuhva\u0107 aobjekte: Novi dvorac s Aneksom i Stari dvorac, a potje\u010de iz 19 stolje\u0107a. Izgradilisu ga \u010dlanovi Teschenske loze obitelji Habsburg. Tijekom povijesti dvorci su bili rezidencijalno lova\u010dko sredi\u0161te poznato u europskim i svjetskim razmjerima, ali isklju\u010divo zatvorenog tipa za vladare i ugledne goste, koje je sada, nakon obnove iprenamjene, dostupno svim zainteresiranim posjetiteljima.<\/p>\n<p><img loading=\"lazy\" decoding=\"async\" class=\"aligncenter size-large wp-image-2524\" src=\"http:\/\/www.ahmadiyya-islam.org\/hr\/wp-content\/uploads\/sites\/22\/2023\/05\/Muzeum--1024x667.jpg\" alt=\"Humanity First - izlet - znanje je svjetlost 2023\" width=\"900\" height=\"586\" srcset=\"https:\/\/www.ahmadiyya-islam.org\/hr\/wp-content\/uploads\/sites\/22\/2023\/05\/Muzeum--1024x667.jpg 1024w, https:\/\/www.ahmadiyya-islam.org\/hr\/wp-content\/uploads\/sites\/22\/2023\/05\/Muzeum--300x195.jpg 300w, https:\/\/www.ahmadiyya-islam.org\/hr\/wp-content\/uploads\/sites\/22\/2023\/05\/Muzeum--768x500.jpg 768w, https:\/\/www.ahmadiyya-islam.org\/hr\/wp-content\/uploads\/sites\/22\/2023\/05\/Muzeum-.jpg 1206w\" sizes=\"auto, (max-width: 900px) 100vw, 900px\" \/><\/p>\n<p>Tamo je Tito provodio dane odmore u kojima je ugostio mnoge poznate dr\u017eavnike i ostale javne osobe iz svijeta. Za vrijeme Domovinskog rata bio je devastiran, ali jenakon toga obnovljen sredstvima iz EU fondova. Sada se tamo nalazi Prezentacijsko-edukacijski centar multimedijalni i interaktivni postav kojiposjetiteljima pribli\u017eava sve najva\u017enije osobine i prirodne fenomene Kopa\u010dkog rita. Ovo je prostor za\u00a0 istra\u017eivanje i u\u010denje, ali i prostor za otkrivanje svih tajni Parka i upoznavanje bogate kulturno povijesne ba\u0161tine uz pomo\u0107 najmodernije tehnologije.<\/p>\n<p>Kopa\u010dki rit je poseban zoolo\u0161ki rezervat u Hrvatskoj i park prirode. To je najve\u0107e rastili\u0161te i mrijestili\u0161te slatkovodne ribe u Podunavlju. Najve\u0107i \u201eneprijatelj\u201c u Kopa\u010dkom ritu je komarac. Kako im je bilo na izletu govorila su i sama djeca. Svi su uglas rekli kako im se jako svidjelo, a posebice plovidba brodom po Kopa\u010dkom ritu.<\/p>\n<p><img loading=\"lazy\" decoding=\"async\" class=\"aligncenter size-large wp-image-2521\" src=\"http:\/\/www.ahmadiyya-islam.org\/hr\/wp-content\/uploads\/sites\/22\/2023\/05\/01--1024x578.jpg\" alt=\"Kopa\u0107ki Rit 01\" width=\"900\" height=\"508\" srcset=\"https:\/\/www.ahmadiyya-islam.org\/hr\/wp-content\/uploads\/sites\/22\/2023\/05\/01--1024x578.jpg 1024w, https:\/\/www.ahmadiyya-islam.org\/hr\/wp-content\/uploads\/sites\/22\/2023\/05\/01--300x169.jpg 300w, https:\/\/www.ahmadiyya-islam.org\/hr\/wp-content\/uploads\/sites\/22\/2023\/05\/01--768x434.jpg 768w, https:\/\/www.ahmadiyya-islam.org\/hr\/wp-content\/uploads\/sites\/22\/2023\/05\/01--400x225.jpg 400w, https:\/\/www.ahmadiyya-islam.org\/hr\/wp-content\/uploads\/sites\/22\/2023\/05\/01-.jpg 1296w\" sizes=\"auto, (max-width: 900px) 100vw, 900px\" \/><\/p>\n<p>Evo nekoliko izjava. Mauricija je rekla kako joj se najvi\u0161e svidjelo \u201ekad se vozilabrodom, ali i sve ostalo\u201c.<\/p>\n<p>\u201eMeni je bilo najbolje \u0161to ste nam dopustili da idemo na izlet\u201c, istaknula je Sofija. Dodala je i kako joj se svidjelo dok se Osijekom prolazilo kroz tzv. \u201evodena vrata\u201c. Dje\u010daci su rekli kako im je bilo zabavno voziti se autobusom, dru\u017eiti se sprijateljima pa \u010dak upoznati i neke nove prijatelje. Viktorija se u ime svih zahvalila \u0161to im je omogu\u0107en ovako lijep izlet, vo\u017enja brodom i odlazak u McDonald.<\/p>\n<p>Ovim putem Udruga Humanity First Hrvatska zahvaljuje Turisti\u010dkojzajednici Osje\u010dko-baranjske \u017eupanije koja je donirala besplatne ulaznice u dvorac Tikve\u0161 i Kopa\u010dki rit te anga\u017eirala dinami\u010dnog i zabavnog turisti\u010dkogvodi\u010da Stanislava Suboti\u0107a. Zahvaljuje se i Damiru Mi\u0161ki\u0107u, upraviteljurestorana McDonalds iz Osijeka u doniranju besplatnog ru\u010dka.<\/p>\n<p><img loading=\"lazy\" decoding=\"async\" class=\"aligncenter size-large wp-image-2526\" src=\"http:\/\/www.ahmadiyya-islam.org\/hr\/wp-content\/uploads\/sites\/22\/2023\/05\/Lin-k--1024x604.jpg\" alt=\"Humanity First - izlet - znanje je svjetlost 2023\" width=\"900\" height=\"531\" srcset=\"https:\/\/www.ahmadiyya-islam.org\/hr\/wp-content\/uploads\/sites\/22\/2023\/05\/Lin-k--1024x604.jpg 1024w, https:\/\/www.ahmadiyya-islam.org\/hr\/wp-content\/uploads\/sites\/22\/2023\/05\/Lin-k--300x177.jpg 300w, https:\/\/www.ahmadiyya-islam.org\/hr\/wp-content\/uploads\/sites\/22\/2023\/05\/Lin-k--768x453.jpg 768w, https:\/\/www.ahmadiyya-islam.org\/hr\/wp-content\/uploads\/sites\/22\/2023\/05\/Lin-k-.jpg 1296w\" sizes=\"auto, (max-width: 900px) 100vw, 900px\" \/><\/p>\n","protected":false},"excerpt":{"rendered":"<p>Sanja Plje\u0161a: Humanitarna udruga HumanityFirst Hrvatska uz svesrdnu pomo\u0107 Marine Pucevi\u0107 organizirala je izlet u subotu, 6. svibnja s ciljem edukacije i upoznavanja mladih, \u0161ti\u0107enika Ku\u0107e sv. Josipa za nezbrinutu djecu, sestara karmeli\u0107anki Bo\u017eanskog Srca Isusova iz Hrvatskog Leskovca, s povijesnim, prirodnim i kulturnim vrijednostima Osijeka i Baranje. \u010cetrdesetak \u0161ti\u0107enika doma, dobnih skupina od pred\u0161kolskog<\/p>\n","protected":false},"author":77,"featured_media":2529,"comment_status":"closed","ping_status":"closed","sticky":false,"template":"","format":"standard","meta":{"_acf_changed":false,"footnotes":""},"categories":[9,10],"tags":[411,408,409,410,412,121],"topics":[18],"authors":[],"geo_locations":[],"content_source":[],"class_list":["post-2520","post","type-post","status-publish","format-standard","has-post-thumbnail","hentry","category-humanity-first","category-humanity-first-hrvatska","tag-baranje","tag-izlet","tag-kopacki-rit","tag-osijek","tag-tikves","tag-znanje-je-svjetlost","topics-humanity-first"],"acf":[],"yoast_head":"<!-- This site is optimized with the Yoast SEO Premium plugin v21.1 (Yoast SEO v27.4) - https:\/\/yoast.com\/product\/yoast-seo-premium-wordpress\/ -->\n<title>Humanity First organizirala izlet za nezbrinutu djecu u Baranju<\/title>\n<meta name=\"description\" content=\"40 \u0161ti\u0107enika doma pra\u0107enih sestrama karmeli\u0107ankama i volonterima Humanity First Hrvatske posjetili su Osijek, dvorac Tikve\u0161 i Kopa\u010dki rit.\" \/>\n<meta name=\"robots\" content=\"index, follow, max-snippet:-1, max-image-preview:large, max-video-preview:-1\" \/>\n<link rel=\"canonical\" href=\"https:\/\/www.ahmadiyya-islam.org\/hr\/humanity-first\/humanity-first-organizirala-izlet-za-nezbrinutu-djecu-u-baranju-znanje-je-svjetlost\/\" \/>\n<meta property=\"og:locale\" content=\"hr_HR\" \/>\n<meta property=\"og:type\" content=\"article\" \/>\n<meta property=\"og:title\" content=\"Humanity First organizirala izlet za nezbrinutu djecu u Baranju - &quot;znanje je svjetlost&quot;\" \/>\n<meta property=\"og:description\" content=\"40 \u0161ti\u0107enika doma pra\u0107enih sestrama karmeli\u0107ankama i volonterima Humanity First Hrvatske posjetili su Osijek, dvorac Tikve\u0161 i Kopa\u010dki rit.\" \/>\n<meta property=\"og:url\" content=\"https:\/\/www.ahmadiyya-islam.org\/hr\/humanity-first\/humanity-first-organizirala-izlet-za-nezbrinutu-djecu-u-baranju-znanje-je-svjetlost\/\" \/>\n<meta property=\"og:site_name\" content=\"Ahmadija muslimanski d\u017eamat\" \/>\n<meta property=\"article:published_time\" content=\"2023-05-24T13:15:46+00:00\" \/>\n<meta property=\"article:modified_time\" content=\"2023-06-01T10:08:21+00:00\" \/>\n<meta property=\"og:image\" content=\"http:\/\/www.ahmadiyya-islam.org\/hr\/wp-content\/uploads\/sites\/22\/2023\/05\/Bus-web-Objava.jpg\" \/>\n\t<meta property=\"og:image:width\" content=\"1500\" \/>\n\t<meta property=\"og:image:height\" content=\"750\" \/>\n\t<meta property=\"og:image:type\" content=\"image\/jpeg\" \/>\n<meta name=\"author\" content=\"ranamunawar\" \/>\n<meta name=\"twitter:card\" content=\"summary_large_image\" \/>\n<meta name=\"twitter:label1\" content=\"Napisao\/la\" \/>\n\t<meta name=\"twitter:data1\" content=\"ranamunawar\" \/>\n\t<meta name=\"twitter:label2\" content=\"Procijenjeno vrijeme \u010ditanja\" \/>\n\t<meta name=\"twitter:data2\" content=\"9 minuta\" \/>\n<script type=\"application\/ld+json\" class=\"yoast-schema-graph\">{\"@context\":\"https:\\\/\\\/schema.org\",\"@graph\":[{\"@type\":\"Article\",\"@id\":\"https:\\\/\\\/www.ahmadiyya-islam.org\\\/hr\\\/humanity-first\\\/humanity-first-organizirala-izlet-za-nezbrinutu-djecu-u-baranju-znanje-je-svjetlost\\\/#article\",\"isPartOf\":{\"@id\":\"https:\\\/\\\/www.ahmadiyya-islam.org\\\/hr\\\/humanity-first\\\/humanity-first-organizirala-izlet-za-nezbrinutu-djecu-u-baranju-znanje-je-svjetlost\\\/\"},\"author\":{\"name\":\"ranamunawar\",\"@id\":\"https:\\\/\\\/www.ahmadiyya-islam.org\\\/hr\\\/#\\\/schema\\\/person\\\/4d74f28572ca6c7fa65111daa316ed65\"},\"headline\":\"Humanity First organizirala izlet za nezbrinutu djecu u Baranju &#8211; &#8220;znanje je svjetlost&#8221;\",\"datePublished\":\"2023-05-24T13:15:46+00:00\",\"dateModified\":\"2023-06-01T10:08:21+00:00\",\"mainEntityOfPage\":{\"@id\":\"https:\\\/\\\/www.ahmadiyya-islam.org\\\/hr\\\/humanity-first\\\/humanity-first-organizirala-izlet-za-nezbrinutu-djecu-u-baranju-znanje-je-svjetlost\\\/\"},\"wordCount\":1384,\"image\":{\"@id\":\"https:\\\/\\\/www.ahmadiyya-islam.org\\\/hr\\\/humanity-first\\\/humanity-first-organizirala-izlet-za-nezbrinutu-djecu-u-baranju-znanje-je-svjetlost\\\/#primaryimage\"},\"thumbnailUrl\":\"https:\\\/\\\/www.ahmadiyya-islam.org\\\/hr\\\/wp-content\\\/uploads\\\/sites\\\/22\\\/2023\\\/05\\\/Bus-web-Objava.jpg\",\"keywords\":[\"Baranje\",\"Izlet\",\"Kopa\u010dki Rit\",\"Osijek\",\"Tikve\u0161\",\"Znanje je svjetlost\"],\"articleSection\":[\"Humanity First\",\"Humanity First Hrvatska\"],\"inLanguage\":\"hr\"},{\"@type\":\"WebPage\",\"@id\":\"https:\\\/\\\/www.ahmadiyya-islam.org\\\/hr\\\/humanity-first\\\/humanity-first-organizirala-izlet-za-nezbrinutu-djecu-u-baranju-znanje-je-svjetlost\\\/\",\"url\":\"https:\\\/\\\/www.ahmadiyya-islam.org\\\/hr\\\/humanity-first\\\/humanity-first-organizirala-izlet-za-nezbrinutu-djecu-u-baranju-znanje-je-svjetlost\\\/\",\"name\":\"Humanity First organizirala izlet za nezbrinutu djecu u Baranju\",\"isPartOf\":{\"@id\":\"https:\\\/\\\/www.ahmadiyya-islam.org\\\/hr\\\/#website\"},\"primaryImageOfPage\":{\"@id\":\"https:\\\/\\\/www.ahmadiyya-islam.org\\\/hr\\\/humanity-first\\\/humanity-first-organizirala-izlet-za-nezbrinutu-djecu-u-baranju-znanje-je-svjetlost\\\/#primaryimage\"},\"image\":{\"@id\":\"https:\\\/\\\/www.ahmadiyya-islam.org\\\/hr\\\/humanity-first\\\/humanity-first-organizirala-izlet-za-nezbrinutu-djecu-u-baranju-znanje-je-svjetlost\\\/#primaryimage\"},\"thumbnailUrl\":\"https:\\\/\\\/www.ahmadiyya-islam.org\\\/hr\\\/wp-content\\\/uploads\\\/sites\\\/22\\\/2023\\\/05\\\/Bus-web-Objava.jpg\",\"datePublished\":\"2023-05-24T13:15:46+00:00\",\"dateModified\":\"2023-06-01T10:08:21+00:00\",\"author\":{\"@id\":\"https:\\\/\\\/www.ahmadiyya-islam.org\\\/hr\\\/#\\\/schema\\\/person\\\/4d74f28572ca6c7fa65111daa316ed65\"},\"description\":\"40 \u0161ti\u0107enika doma pra\u0107enih sestrama karmeli\u0107ankama i volonterima Humanity First Hrvatske posjetili su Osijek, dvorac Tikve\u0161 i Kopa\u010dki rit.\",\"breadcrumb\":{\"@id\":\"https:\\\/\\\/www.ahmadiyya-islam.org\\\/hr\\\/humanity-first\\\/humanity-first-organizirala-izlet-za-nezbrinutu-djecu-u-baranju-znanje-je-svjetlost\\\/#breadcrumb\"},\"inLanguage\":\"hr\",\"potentialAction\":[{\"@type\":\"ReadAction\",\"target\":[\"https:\\\/\\\/www.ahmadiyya-islam.org\\\/hr\\\/humanity-first\\\/humanity-first-organizirala-izlet-za-nezbrinutu-djecu-u-baranju-znanje-je-svjetlost\\\/\"]}]},{\"@type\":\"ImageObject\",\"inLanguage\":\"hr\",\"@id\":\"https:\\\/\\\/www.ahmadiyya-islam.org\\\/hr\\\/humanity-first\\\/humanity-first-organizirala-izlet-za-nezbrinutu-djecu-u-baranju-znanje-je-svjetlost\\\/#primaryimage\",\"url\":\"https:\\\/\\\/www.ahmadiyya-islam.org\\\/hr\\\/wp-content\\\/uploads\\\/sites\\\/22\\\/2023\\\/05\\\/Bus-web-Objava.jpg\",\"contentUrl\":\"https:\\\/\\\/www.ahmadiyya-islam.org\\\/hr\\\/wp-content\\\/uploads\\\/sites\\\/22\\\/2023\\\/05\\\/Bus-web-Objava.jpg\",\"width\":1500,\"height\":750},{\"@type\":\"BreadcrumbList\",\"@id\":\"https:\\\/\\\/www.ahmadiyya-islam.org\\\/hr\\\/humanity-first\\\/humanity-first-organizirala-izlet-za-nezbrinutu-djecu-u-baranju-znanje-je-svjetlost\\\/#breadcrumb\",\"itemListElement\":[{\"@type\":\"ListItem\",\"position\":1,\"name\":\"Home\",\"item\":\"https:\\\/\\\/www.ahmadiyya-islam.org\\\/hr\\\/\"},{\"@type\":\"ListItem\",\"position\":2,\"name\":\"Humanity First organizirala izlet za nezbrinutu djecu u Baranju &#8211; &#8220;znanje je svjetlost&#8221;\"}]},{\"@type\":\"WebSite\",\"@id\":\"https:\\\/\\\/www.ahmadiyya-islam.org\\\/hr\\\/#website\",\"url\":\"https:\\\/\\\/www.ahmadiyya-islam.org\\\/hr\\\/\",\"name\":\"Ahmadija muslimanski d\u017eamat\",\"description\":\"Hrvatska\",\"potentialAction\":[{\"@type\":\"SearchAction\",\"target\":{\"@type\":\"EntryPoint\",\"urlTemplate\":\"https:\\\/\\\/www.ahmadiyya-islam.org\\\/hr\\\/?s={search_term_string}\"},\"query-input\":{\"@type\":\"PropertyValueSpecification\",\"valueRequired\":true,\"valueName\":\"search_term_string\"}}],\"inLanguage\":\"hr\"},{\"@type\":\"Person\",\"@id\":\"https:\\\/\\\/www.ahmadiyya-islam.org\\\/hr\\\/#\\\/schema\\\/person\\\/4d74f28572ca6c7fa65111daa316ed65\",\"name\":\"ranamunawar\",\"url\":\"https:\\\/\\\/www.ahmadiyya-islam.org\\\/hr\\\/author\\\/ranamunawar\\\/\"}]}<\/script>\n<!-- \/ Yoast SEO Premium plugin. -->","yoast_head_json":{"title":"Humanity First organizirala izlet za nezbrinutu djecu u Baranju","description":"40 \u0161ti\u0107enika doma pra\u0107enih sestrama karmeli\u0107ankama i volonterima Humanity First Hrvatske posjetili su Osijek, dvorac Tikve\u0161 i Kopa\u010dki rit.","robots":{"index":"index","follow":"follow","max-snippet":"max-snippet:-1","max-image-preview":"max-image-preview:large","max-video-preview":"max-video-preview:-1"},"canonical":"https:\/\/www.ahmadiyya-islam.org\/hr\/humanity-first\/humanity-first-organizirala-izlet-za-nezbrinutu-djecu-u-baranju-znanje-je-svjetlost\/","og_locale":"hr_HR","og_type":"article","og_title":"Humanity First organizirala izlet za nezbrinutu djecu u Baranju - \"znanje je svjetlost\"","og_description":"40 \u0161ti\u0107enika doma pra\u0107enih sestrama karmeli\u0107ankama i volonterima Humanity First Hrvatske posjetili su Osijek, dvorac Tikve\u0161 i Kopa\u010dki rit.","og_url":"https:\/\/www.ahmadiyya-islam.org\/hr\/humanity-first\/humanity-first-organizirala-izlet-za-nezbrinutu-djecu-u-baranju-znanje-je-svjetlost\/","og_site_name":"Ahmadija muslimanski d\u017eamat","article_published_time":"2023-05-24T13:15:46+00:00","article_modified_time":"2023-06-01T10:08:21+00:00","og_image":[{"width":1500,"height":750,"url":"http:\/\/www.ahmadiyya-islam.org\/hr\/wp-content\/uploads\/sites\/22\/2023\/05\/Bus-web-Objava.jpg","type":"image\/jpeg"}],"author":"ranamunawar","twitter_card":"summary_large_image","twitter_misc":{"Napisao\/la":"ranamunawar","Procijenjeno vrijeme \u010ditanja":"9 minuta"},"schema":{"@context":"https:\/\/schema.org","@graph":[{"@type":"Article","@id":"https:\/\/www.ahmadiyya-islam.org\/hr\/humanity-first\/humanity-first-organizirala-izlet-za-nezbrinutu-djecu-u-baranju-znanje-je-svjetlost\/#article","isPartOf":{"@id":"https:\/\/www.ahmadiyya-islam.org\/hr\/humanity-first\/humanity-first-organizirala-izlet-za-nezbrinutu-djecu-u-baranju-znanje-je-svjetlost\/"},"author":{"name":"ranamunawar","@id":"https:\/\/www.ahmadiyya-islam.org\/hr\/#\/schema\/person\/4d74f28572ca6c7fa65111daa316ed65"},"headline":"Humanity First organizirala izlet za nezbrinutu djecu u Baranju &#8211; &#8220;znanje je svjetlost&#8221;","datePublished":"2023-05-24T13:15:46+00:00","dateModified":"2023-06-01T10:08:21+00:00","mainEntityOfPage":{"@id":"https:\/\/www.ahmadiyya-islam.org\/hr\/humanity-first\/humanity-first-organizirala-izlet-za-nezbrinutu-djecu-u-baranju-znanje-je-svjetlost\/"},"wordCount":1384,"image":{"@id":"https:\/\/www.ahmadiyya-islam.org\/hr\/humanity-first\/humanity-first-organizirala-izlet-za-nezbrinutu-djecu-u-baranju-znanje-je-svjetlost\/#primaryimage"},"thumbnailUrl":"https:\/\/www.ahmadiyya-islam.org\/hr\/wp-content\/uploads\/sites\/22\/2023\/05\/Bus-web-Objava.jpg","keywords":["Baranje","Izlet","Kopa\u010dki Rit","Osijek","Tikve\u0161","Znanje je svjetlost"],"articleSection":["Humanity First","Humanity First Hrvatska"],"inLanguage":"hr"},{"@type":"WebPage","@id":"https:\/\/www.ahmadiyya-islam.org\/hr\/humanity-first\/humanity-first-organizirala-izlet-za-nezbrinutu-djecu-u-baranju-znanje-je-svjetlost\/","url":"https:\/\/www.ahmadiyya-islam.org\/hr\/humanity-first\/humanity-first-organizirala-izlet-za-nezbrinutu-djecu-u-baranju-znanje-je-svjetlost\/","name":"Humanity First organizirala izlet za nezbrinutu djecu u Baranju","isPartOf":{"@id":"https:\/\/www.ahmadiyya-islam.org\/hr\/#website"},"primaryImageOfPage":{"@id":"https:\/\/www.ahmadiyya-islam.org\/hr\/humanity-first\/humanity-first-organizirala-izlet-za-nezbrinutu-djecu-u-baranju-znanje-je-svjetlost\/#primaryimage"},"image":{"@id":"https:\/\/www.ahmadiyya-islam.org\/hr\/humanity-first\/humanity-first-organizirala-izlet-za-nezbrinutu-djecu-u-baranju-znanje-je-svjetlost\/#primaryimage"},"thumbnailUrl":"https:\/\/www.ahmadiyya-islam.org\/hr\/wp-content\/uploads\/sites\/22\/2023\/05\/Bus-web-Objava.jpg","datePublished":"2023-05-24T13:15:46+00:00","dateModified":"2023-06-01T10:08:21+00:00","author":{"@id":"https:\/\/www.ahmadiyya-islam.org\/hr\/#\/schema\/person\/4d74f28572ca6c7fa65111daa316ed65"},"description":"40 \u0161ti\u0107enika doma pra\u0107enih sestrama karmeli\u0107ankama i volonterima Humanity First Hrvatske posjetili su Osijek, dvorac Tikve\u0161 i Kopa\u010dki rit.","breadcrumb":{"@id":"https:\/\/www.ahmadiyya-islam.org\/hr\/humanity-first\/humanity-first-organizirala-izlet-za-nezbrinutu-djecu-u-baranju-znanje-je-svjetlost\/#breadcrumb"},"inLanguage":"hr","potentialAction":[{"@type":"ReadAction","target":["https:\/\/www.ahmadiyya-islam.org\/hr\/humanity-first\/humanity-first-organizirala-izlet-za-nezbrinutu-djecu-u-baranju-znanje-je-svjetlost\/"]}]},{"@type":"ImageObject","inLanguage":"hr","@id":"https:\/\/www.ahmadiyya-islam.org\/hr\/humanity-first\/humanity-first-organizirala-izlet-za-nezbrinutu-djecu-u-baranju-znanje-je-svjetlost\/#primaryimage","url":"https:\/\/www.ahmadiyya-islam.org\/hr\/wp-content\/uploads\/sites\/22\/2023\/05\/Bus-web-Objava.jpg","contentUrl":"https:\/\/www.ahmadiyya-islam.org\/hr\/wp-content\/uploads\/sites\/22\/2023\/05\/Bus-web-Objava.jpg","width":1500,"height":750},{"@type":"BreadcrumbList","@id":"https:\/\/www.ahmadiyya-islam.org\/hr\/humanity-first\/humanity-first-organizirala-izlet-za-nezbrinutu-djecu-u-baranju-znanje-je-svjetlost\/#breadcrumb","itemListElement":[{"@type":"ListItem","position":1,"name":"Home","item":"https:\/\/www.ahmadiyya-islam.org\/hr\/"},{"@type":"ListItem","position":2,"name":"Humanity First organizirala izlet za nezbrinutu djecu u Baranju &#8211; &#8220;znanje je svjetlost&#8221;"}]},{"@type":"WebSite","@id":"https:\/\/www.ahmadiyya-islam.org\/hr\/#website","url":"https:\/\/www.ahmadiyya-islam.org\/hr\/","name":"Ahmadija muslimanski d\u017eamat","description":"Hrvatska","potentialAction":[{"@type":"SearchAction","target":{"@type":"EntryPoint","urlTemplate":"https:\/\/www.ahmadiyya-islam.org\/hr\/?s={search_term_string}"},"query-input":{"@type":"PropertyValueSpecification","valueRequired":true,"valueName":"search_term_string"}}],"inLanguage":"hr"},{"@type":"Person","@id":"https:\/\/www.ahmadiyya-islam.org\/hr\/#\/schema\/person\/4d74f28572ca6c7fa65111daa316ed65","name":"ranamunawar","url":"https:\/\/www.ahmadiyya-islam.org\/hr\/author\/ranamunawar\/"}]}},"_links":{"self":[{"href":"https:\/\/www.ahmadiyya-islam.org\/hr\/wp-json\/wp\/v2\/posts\/2520","targetHints":{"allow":["GET"]}}],"collection":[{"href":"https:\/\/www.ahmadiyya-islam.org\/hr\/wp-json\/wp\/v2\/posts"}],"about":[{"href":"https:\/\/www.ahmadiyya-islam.org\/hr\/wp-json\/wp\/v2\/types\/post"}],"author":[{"embeddable":true,"href":"https:\/\/www.ahmadiyya-islam.org\/hr\/wp-json\/wp\/v2\/users\/77"}],"replies":[{"embeddable":true,"href":"https:\/\/www.ahmadiyya-islam.org\/hr\/wp-json\/wp\/v2\/comments?post=2520"}],"version-history":[{"count":2,"href":"https:\/\/www.ahmadiyya-islam.org\/hr\/wp-json\/wp\/v2\/posts\/2520\/revisions"}],"predecessor-version":[{"id":2534,"href":"https:\/\/www.ahmadiyya-islam.org\/hr\/wp-json\/wp\/v2\/posts\/2520\/revisions\/2534"}],"wp:featuredmedia":[{"embeddable":true,"href":"https:\/\/www.ahmadiyya-islam.org\/hr\/wp-json\/wp\/v2\/media\/2529"}],"wp:attachment":[{"href":"https:\/\/www.ahmadiyya-islam.org\/hr\/wp-json\/wp\/v2\/media?parent=2520"}],"wp:term":[{"taxonomy":"category","embeddable":true,"href":"https:\/\/www.ahmadiyya-islam.org\/hr\/wp-json\/wp\/v2\/categories?post=2520"},{"taxonomy":"post_tag","embeddable":true,"href":"https:\/\/www.ahmadiyya-islam.org\/hr\/wp-json\/wp\/v2\/tags?post=2520"},{"taxonomy":"topics","embeddable":true,"href":"https:\/\/www.ahmadiyya-islam.org\/hr\/wp-json\/wp\/v2\/topics?post=2520"},{"taxonomy":"authors","embeddable":true,"href":"https:\/\/www.ahmadiyya-islam.org\/hr\/wp-json\/wp\/v2\/authors?post=2520"},{"taxonomy":"geo_locations","embeddable":true,"href":"https:\/\/www.ahmadiyya-islam.org\/hr\/wp-json\/wp\/v2\/geo_locations?post=2520"},{"taxonomy":"content_source","embeddable":true,"href":"https:\/\/www.ahmadiyya-islam.org\/hr\/wp-json\/wp\/v2\/content_source?post=2520"}],"curies":[{"name":"wp","href":"https:\/\/api.w.org\/{rel}","templated":true}]}}