{"id":2431,"date":"2022-12-20T10:31:48","date_gmt":"2022-12-20T10:31:48","guid":{"rendered":"https:\/\/www.ahmadiyya-islam.org\/hr\/?p=2431"},"modified":"2022-12-20T10:31:48","modified_gmt":"2022-12-20T10:31:48","slug":"zastupnica-marijana-petir-primila-imama-ahmadija-muslimanske-zajednice-u-hrvatskom-saboru","status":"publish","type":"post","link":"https:\/\/www.ahmadiyya-islam.org\/hr\/ahmadija\/zastupnica-marijana-petir-primila-imama-ahmadija-muslimanske-zajednice-u-hrvatskom-saboru\/","title":{"rendered":"Zastupnica Marijana Petir primila imama Ahmadija muslimanske zajednice u Hrvatskom saboru"},"content":{"rendered":"<p>Imam muslimaske zajednice Ahmadije zahvaljuje Marijani Petir (Predsjednica Odbora za poljoprivredu i voditeljica Me\u0111uparlamentarne skupine prijateljstva Hrvatska-Izrael) koja je ga pozvala 19. prosinaca u Hrvatski sabor na kratak sastanak. Razgovarali su o situaciji vjerskih manjina u Pakistanu i u Hrvatskoj.<\/p>\n<p>Slo\u017eili su se da postoji velika potreba za zajedni\u010dkim radom i \u0161irenjem vjerskog dijaloga kako bi se osiguralo vrlo bitno ljudsko pravo na vjersku slobodu kako bi se iskorijenila diskriminacija i progon.<\/p>\n<blockquote><p>&#8220;Tema na\u0161eg dana\u0161njeg razgovora je kako Ahmadije \u017eive u Pakistanu i kako se vjerske slobode mogu unaprijediti diljem svijeta. A isto tako, s obzirom na to da oni imaju i tu svoju malu zajednicu u Hrvatskoj, razgovarat \u0107emo i o njihovom na\u010dinu \u017eivota i kako su se sna\u0161li ovdje u Hrvatskoj, rekla je Petir.&#8221; (<a href=\"https:\/\/vijesti.hrt.hr\/manjine\/petir-i-celnik-ahmadije-o-potrebi-medureligijskog-dijaloga-10512199\">vijesti.hrt.hr<\/a>)<\/p><\/blockquote>\n<p>Na kraju je imam Ahmadije poklonio Marijani Petir knjigu &#8220;<a href=\"https:\/\/www.ahmadiyya-islam.org\/hr\/knjiznica\/svjetska-kriza-i-put-do-mira\/\">Svijetska kriza i put do mira<\/a>&#8221; koja sadr\u017ei govore njegove svetosti hazreti Mirze Masroora Ahmada petog kalife i duhovnog poglavara Ahmadija muslimanske zajednice.<\/p>\n<p>Priop\u0107enje u cijelosti mo\u017eete pro\u010ditati na slu\u017ebenoj stranici <a href=\"https:\/\/www.sabor.hr\/hr\/press\/priopcenja\/zastupnica-marijana-petir-primila-predsjednika-humanitarne-udruge-humanost-prije\">Hrvatskog sabora<\/a><\/p>\n<p><strong>Povezan:<\/strong><\/p>\n<ul>\n<li><a href=\"https:\/\/www.ahmadiyya-islam.org\/hr\/clanci\/temelj-suradnje-ahmadije-i-humanity-first\/\">Temelj suradnje Ahmadije i Humanity First \u0161irom svijeta<\/a><\/li>\n<li><a href=\"https:\/\/www.ahmadiyya-islam.org\/hr\/knjiznica\/svjetska-kriza-i-put-do-mira\/\">Knjiga &#8211; Svjetska kriza i put do mira<\/a><\/li>\n<li><a href=\"https:\/\/www.ahmadiyya-islam.org\/hr\/clanci\/islam-europa-sukob-civilizacija\/\">Islam &amp; Europa \u2013 sukob civilizacija?<\/a><\/li>\n<\/ul>\n","protected":false},"excerpt":{"rendered":"<p>Imam muslimaske zajednice Ahmadije zahvaljuje Marijani Petir (Predsjednica Odbora za poljoprivredu i voditeljica Me\u0111uparlamentarne skupine prijateljstva Hrvatska-Izrael) koja je ga pozvala 19. prosinaca u Hrvatski sabor na kratak sastanak. Razgovarali su o situaciji vjerskih manjina u Pakistanu i u Hrvatskoj. Slo\u017eili su se da postoji velika potreba za zajedni\u010dkim radom i \u0161irenjem vjerskog dijaloga kako<\/p>\n","protected":false},"author":77,"featured_media":2433,"comment_status":"open","ping_status":"closed","sticky":false,"template":"","format":"standard","meta":{"_acf_changed":false,"footnotes":""},"categories":[272],"tags":[35,393],"topics":[20,18,345],"authors":[],"geo_locations":[],"content_source":[],"class_list":["post-2431","post","type-post","status-publish","format-standard","has-post-thumbnail","hentry","category-ahmadija","tag-ahmadija","tag-marijana-petir","topics-ahmadija","topics-humanity-first","topics-politika"],"acf":[],"yoast_head":"<!-- This site is optimized with the Yoast SEO Premium plugin v21.1 (Yoast SEO v27.4) - https:\/\/yoast.com\/product\/yoast-seo-premium-wordpress\/ -->\n<title>Zastupnica Marijana Petir primila imama Ahmadija muslimanske zajednice<\/title>\n<meta name=\"description\" content=\"Imam zajednice Ahmadije i zastupnica Marijana Petir razgovarali su o situaciji vjerskih manjina u Pakistanu i u Hrvatskoj.\" \/>\n<meta name=\"robots\" content=\"index, follow, max-snippet:-1, max-image-preview:large, max-video-preview:-1\" \/>\n<link rel=\"canonical\" href=\"https:\/\/www.ahmadiyya-islam.org\/hr\/ahmadija\/zastupnica-marijana-petir-primila-imama-ahmadija-muslimanske-zajednice-u-hrvatskom-saboru\/\" \/>\n<meta property=\"og:locale\" content=\"hr_HR\" \/>\n<meta property=\"og:type\" content=\"article\" \/>\n<meta property=\"og:title\" content=\"Zastupnica Marijana Petir primila imama Ahmadija muslimanske zajednice u Hrvatskom saboru\" \/>\n<meta property=\"og:description\" content=\"Imam zajednice Ahmadije i zastupnica Marijana Petir razgovarali su o situaciji vjerskih manjina u Pakistanu i u Hrvatskoj.\" \/>\n<meta property=\"og:url\" content=\"https:\/\/www.ahmadiyya-islam.org\/hr\/ahmadija\/zastupnica-marijana-petir-primila-imama-ahmadija-muslimanske-zajednice-u-hrvatskom-saboru\/\" \/>\n<meta property=\"og:site_name\" content=\"Ahmadija muslimanski d\u017eamat\" \/>\n<meta property=\"article:published_time\" content=\"2022-12-20T10:31:48+00:00\" \/>\n<meta property=\"og:image\" content=\"http:\/\/www.ahmadiyya-islam.org\/hr\/wp-content\/uploads\/sites\/22\/2022\/12\/Marijana-Petir.jpg\" \/>\n\t<meta property=\"og:image:width\" content=\"1500\" \/>\n\t<meta property=\"og:image:height\" content=\"750\" \/>\n\t<meta property=\"og:image:type\" content=\"image\/jpeg\" \/>\n<meta name=\"author\" content=\"ranamunawar\" \/>\n<meta name=\"twitter:card\" content=\"summary_large_image\" \/>\n<meta name=\"twitter:label1\" content=\"Napisao\/la\" \/>\n\t<meta name=\"twitter:data1\" content=\"ranamunawar\" \/>\n\t<meta name=\"twitter:label2\" content=\"Procijenjeno vrijeme \u010ditanja\" \/>\n\t<meta name=\"twitter:data2\" content=\"2 minute\" \/>\n<script type=\"application\/ld+json\" class=\"yoast-schema-graph\">{\"@context\":\"https:\\\/\\\/schema.org\",\"@graph\":[{\"@type\":\"Article\",\"@id\":\"https:\\\/\\\/www.ahmadiyya-islam.org\\\/hr\\\/ahmadija\\\/zastupnica-marijana-petir-primila-imama-ahmadija-muslimanske-zajednice-u-hrvatskom-saboru\\\/#article\",\"isPartOf\":{\"@id\":\"https:\\\/\\\/www.ahmadiyya-islam.org\\\/hr\\\/ahmadija\\\/zastupnica-marijana-petir-primila-imama-ahmadija-muslimanske-zajednice-u-hrvatskom-saboru\\\/\"},\"author\":{\"name\":\"ranamunawar\",\"@id\":\"https:\\\/\\\/www.ahmadiyya-islam.org\\\/hr\\\/#\\\/schema\\\/person\\\/4d74f28572ca6c7fa65111daa316ed65\"},\"headline\":\"Zastupnica Marijana Petir primila imama Ahmadija muslimanske zajednice u Hrvatskom saboru\",\"datePublished\":\"2022-12-20T10:31:48+00:00\",\"mainEntityOfPage\":{\"@id\":\"https:\\\/\\\/www.ahmadiyya-islam.org\\\/hr\\\/ahmadija\\\/zastupnica-marijana-petir-primila-imama-ahmadija-muslimanske-zajednice-u-hrvatskom-saboru\\\/\"},\"wordCount\":215,\"commentCount\":0,\"image\":{\"@id\":\"https:\\\/\\\/www.ahmadiyya-islam.org\\\/hr\\\/ahmadija\\\/zastupnica-marijana-petir-primila-imama-ahmadija-muslimanske-zajednice-u-hrvatskom-saboru\\\/#primaryimage\"},\"thumbnailUrl\":\"https:\\\/\\\/www.ahmadiyya-islam.org\\\/hr\\\/wp-content\\\/uploads\\\/sites\\\/22\\\/2022\\\/12\\\/Marijana-Petir.jpg\",\"keywords\":[\"Ahmadija\",\"Marijana Petir\"],\"articleSection\":[\"Ahmadija\"],\"inLanguage\":\"hr\"},{\"@type\":\"WebPage\",\"@id\":\"https:\\\/\\\/www.ahmadiyya-islam.org\\\/hr\\\/ahmadija\\\/zastupnica-marijana-petir-primila-imama-ahmadija-muslimanske-zajednice-u-hrvatskom-saboru\\\/\",\"url\":\"https:\\\/\\\/www.ahmadiyya-islam.org\\\/hr\\\/ahmadija\\\/zastupnica-marijana-petir-primila-imama-ahmadija-muslimanske-zajednice-u-hrvatskom-saboru\\\/\",\"name\":\"Zastupnica Marijana Petir primila imama Ahmadija muslimanske zajednice\",\"isPartOf\":{\"@id\":\"https:\\\/\\\/www.ahmadiyya-islam.org\\\/hr\\\/#website\"},\"primaryImageOfPage\":{\"@id\":\"https:\\\/\\\/www.ahmadiyya-islam.org\\\/hr\\\/ahmadija\\\/zastupnica-marijana-petir-primila-imama-ahmadija-muslimanske-zajednice-u-hrvatskom-saboru\\\/#primaryimage\"},\"image\":{\"@id\":\"https:\\\/\\\/www.ahmadiyya-islam.org\\\/hr\\\/ahmadija\\\/zastupnica-marijana-petir-primila-imama-ahmadija-muslimanske-zajednice-u-hrvatskom-saboru\\\/#primaryimage\"},\"thumbnailUrl\":\"https:\\\/\\\/www.ahmadiyya-islam.org\\\/hr\\\/wp-content\\\/uploads\\\/sites\\\/22\\\/2022\\\/12\\\/Marijana-Petir.jpg\",\"datePublished\":\"2022-12-20T10:31:48+00:00\",\"author\":{\"@id\":\"https:\\\/\\\/www.ahmadiyya-islam.org\\\/hr\\\/#\\\/schema\\\/person\\\/4d74f28572ca6c7fa65111daa316ed65\"},\"description\":\"Imam zajednice Ahmadije i zastupnica Marijana Petir razgovarali su o situaciji vjerskih manjina u Pakistanu i u Hrvatskoj.\",\"breadcrumb\":{\"@id\":\"https:\\\/\\\/www.ahmadiyya-islam.org\\\/hr\\\/ahmadija\\\/zastupnica-marijana-petir-primila-imama-ahmadija-muslimanske-zajednice-u-hrvatskom-saboru\\\/#breadcrumb\"},\"inLanguage\":\"hr\",\"potentialAction\":[{\"@type\":\"ReadAction\",\"target\":[\"https:\\\/\\\/www.ahmadiyya-islam.org\\\/hr\\\/ahmadija\\\/zastupnica-marijana-petir-primila-imama-ahmadija-muslimanske-zajednice-u-hrvatskom-saboru\\\/\"]}]},{\"@type\":\"ImageObject\",\"inLanguage\":\"hr\",\"@id\":\"https:\\\/\\\/www.ahmadiyya-islam.org\\\/hr\\\/ahmadija\\\/zastupnica-marijana-petir-primila-imama-ahmadija-muslimanske-zajednice-u-hrvatskom-saboru\\\/#primaryimage\",\"url\":\"https:\\\/\\\/www.ahmadiyya-islam.org\\\/hr\\\/wp-content\\\/uploads\\\/sites\\\/22\\\/2022\\\/12\\\/Marijana-Petir.jpg\",\"contentUrl\":\"https:\\\/\\\/www.ahmadiyya-islam.org\\\/hr\\\/wp-content\\\/uploads\\\/sites\\\/22\\\/2022\\\/12\\\/Marijana-Petir.jpg\",\"width\":1500,\"height\":750,\"caption\":\"Izvor: Hrvatski sabor\"},{\"@type\":\"BreadcrumbList\",\"@id\":\"https:\\\/\\\/www.ahmadiyya-islam.org\\\/hr\\\/ahmadija\\\/zastupnica-marijana-petir-primila-imama-ahmadija-muslimanske-zajednice-u-hrvatskom-saboru\\\/#breadcrumb\",\"itemListElement\":[{\"@type\":\"ListItem\",\"position\":1,\"name\":\"Home\",\"item\":\"https:\\\/\\\/www.ahmadiyya-islam.org\\\/hr\\\/\"},{\"@type\":\"ListItem\",\"position\":2,\"name\":\"Zastupnica Marijana Petir primila imama Ahmadija muslimanske zajednice u Hrvatskom saboru\"}]},{\"@type\":\"WebSite\",\"@id\":\"https:\\\/\\\/www.ahmadiyya-islam.org\\\/hr\\\/#website\",\"url\":\"https:\\\/\\\/www.ahmadiyya-islam.org\\\/hr\\\/\",\"name\":\"Ahmadija muslimanski d\u017eamat\",\"description\":\"Hrvatska\",\"potentialAction\":[{\"@type\":\"SearchAction\",\"target\":{\"@type\":\"EntryPoint\",\"urlTemplate\":\"https:\\\/\\\/www.ahmadiyya-islam.org\\\/hr\\\/?s={search_term_string}\"},\"query-input\":{\"@type\":\"PropertyValueSpecification\",\"valueRequired\":true,\"valueName\":\"search_term_string\"}}],\"inLanguage\":\"hr\"},{\"@type\":\"Person\",\"@id\":\"https:\\\/\\\/www.ahmadiyya-islam.org\\\/hr\\\/#\\\/schema\\\/person\\\/4d74f28572ca6c7fa65111daa316ed65\",\"name\":\"ranamunawar\",\"url\":\"https:\\\/\\\/www.ahmadiyya-islam.org\\\/hr\\\/author\\\/ranamunawar\\\/\"}]}<\/script>\n<!-- \/ Yoast SEO Premium plugin. -->","yoast_head_json":{"title":"Zastupnica Marijana Petir primila imama Ahmadija muslimanske zajednice","description":"Imam zajednice Ahmadije i zastupnica Marijana Petir razgovarali su o situaciji vjerskih manjina u Pakistanu i u Hrvatskoj.","robots":{"index":"index","follow":"follow","max-snippet":"max-snippet:-1","max-image-preview":"max-image-preview:large","max-video-preview":"max-video-preview:-1"},"canonical":"https:\/\/www.ahmadiyya-islam.org\/hr\/ahmadija\/zastupnica-marijana-petir-primila-imama-ahmadija-muslimanske-zajednice-u-hrvatskom-saboru\/","og_locale":"hr_HR","og_type":"article","og_title":"Zastupnica Marijana Petir primila imama Ahmadija muslimanske zajednice u Hrvatskom saboru","og_description":"Imam zajednice Ahmadije i zastupnica Marijana Petir razgovarali su o situaciji vjerskih manjina u Pakistanu i u Hrvatskoj.","og_url":"https:\/\/www.ahmadiyya-islam.org\/hr\/ahmadija\/zastupnica-marijana-petir-primila-imama-ahmadija-muslimanske-zajednice-u-hrvatskom-saboru\/","og_site_name":"Ahmadija muslimanski d\u017eamat","article_published_time":"2022-12-20T10:31:48+00:00","og_image":[{"width":1500,"height":750,"url":"http:\/\/www.ahmadiyya-islam.org\/hr\/wp-content\/uploads\/sites\/22\/2022\/12\/Marijana-Petir.jpg","type":"image\/jpeg"}],"author":"ranamunawar","twitter_card":"summary_large_image","twitter_misc":{"Napisao\/la":"ranamunawar","Procijenjeno vrijeme \u010ditanja":"2 minute"},"schema":{"@context":"https:\/\/schema.org","@graph":[{"@type":"Article","@id":"https:\/\/www.ahmadiyya-islam.org\/hr\/ahmadija\/zastupnica-marijana-petir-primila-imama-ahmadija-muslimanske-zajednice-u-hrvatskom-saboru\/#article","isPartOf":{"@id":"https:\/\/www.ahmadiyya-islam.org\/hr\/ahmadija\/zastupnica-marijana-petir-primila-imama-ahmadija-muslimanske-zajednice-u-hrvatskom-saboru\/"},"author":{"name":"ranamunawar","@id":"https:\/\/www.ahmadiyya-islam.org\/hr\/#\/schema\/person\/4d74f28572ca6c7fa65111daa316ed65"},"headline":"Zastupnica Marijana Petir primila imama Ahmadija muslimanske zajednice u Hrvatskom saboru","datePublished":"2022-12-20T10:31:48+00:00","mainEntityOfPage":{"@id":"https:\/\/www.ahmadiyya-islam.org\/hr\/ahmadija\/zastupnica-marijana-petir-primila-imama-ahmadija-muslimanske-zajednice-u-hrvatskom-saboru\/"},"wordCount":215,"commentCount":0,"image":{"@id":"https:\/\/www.ahmadiyya-islam.org\/hr\/ahmadija\/zastupnica-marijana-petir-primila-imama-ahmadija-muslimanske-zajednice-u-hrvatskom-saboru\/#primaryimage"},"thumbnailUrl":"https:\/\/www.ahmadiyya-islam.org\/hr\/wp-content\/uploads\/sites\/22\/2022\/12\/Marijana-Petir.jpg","keywords":["Ahmadija","Marijana Petir"],"articleSection":["Ahmadija"],"inLanguage":"hr"},{"@type":"WebPage","@id":"https:\/\/www.ahmadiyya-islam.org\/hr\/ahmadija\/zastupnica-marijana-petir-primila-imama-ahmadija-muslimanske-zajednice-u-hrvatskom-saboru\/","url":"https:\/\/www.ahmadiyya-islam.org\/hr\/ahmadija\/zastupnica-marijana-petir-primila-imama-ahmadija-muslimanske-zajednice-u-hrvatskom-saboru\/","name":"Zastupnica Marijana Petir primila imama Ahmadija muslimanske zajednice","isPartOf":{"@id":"https:\/\/www.ahmadiyya-islam.org\/hr\/#website"},"primaryImageOfPage":{"@id":"https:\/\/www.ahmadiyya-islam.org\/hr\/ahmadija\/zastupnica-marijana-petir-primila-imama-ahmadija-muslimanske-zajednice-u-hrvatskom-saboru\/#primaryimage"},"image":{"@id":"https:\/\/www.ahmadiyya-islam.org\/hr\/ahmadija\/zastupnica-marijana-petir-primila-imama-ahmadija-muslimanske-zajednice-u-hrvatskom-saboru\/#primaryimage"},"thumbnailUrl":"https:\/\/www.ahmadiyya-islam.org\/hr\/wp-content\/uploads\/sites\/22\/2022\/12\/Marijana-Petir.jpg","datePublished":"2022-12-20T10:31:48+00:00","author":{"@id":"https:\/\/www.ahmadiyya-islam.org\/hr\/#\/schema\/person\/4d74f28572ca6c7fa65111daa316ed65"},"description":"Imam zajednice Ahmadije i zastupnica Marijana Petir razgovarali su o situaciji vjerskih manjina u Pakistanu i u Hrvatskoj.","breadcrumb":{"@id":"https:\/\/www.ahmadiyya-islam.org\/hr\/ahmadija\/zastupnica-marijana-petir-primila-imama-ahmadija-muslimanske-zajednice-u-hrvatskom-saboru\/#breadcrumb"},"inLanguage":"hr","potentialAction":[{"@type":"ReadAction","target":["https:\/\/www.ahmadiyya-islam.org\/hr\/ahmadija\/zastupnica-marijana-petir-primila-imama-ahmadija-muslimanske-zajednice-u-hrvatskom-saboru\/"]}]},{"@type":"ImageObject","inLanguage":"hr","@id":"https:\/\/www.ahmadiyya-islam.org\/hr\/ahmadija\/zastupnica-marijana-petir-primila-imama-ahmadija-muslimanske-zajednice-u-hrvatskom-saboru\/#primaryimage","url":"https:\/\/www.ahmadiyya-islam.org\/hr\/wp-content\/uploads\/sites\/22\/2022\/12\/Marijana-Petir.jpg","contentUrl":"https:\/\/www.ahmadiyya-islam.org\/hr\/wp-content\/uploads\/sites\/22\/2022\/12\/Marijana-Petir.jpg","width":1500,"height":750,"caption":"Izvor: Hrvatski sabor"},{"@type":"BreadcrumbList","@id":"https:\/\/www.ahmadiyya-islam.org\/hr\/ahmadija\/zastupnica-marijana-petir-primila-imama-ahmadija-muslimanske-zajednice-u-hrvatskom-saboru\/#breadcrumb","itemListElement":[{"@type":"ListItem","position":1,"name":"Home","item":"https:\/\/www.ahmadiyya-islam.org\/hr\/"},{"@type":"ListItem","position":2,"name":"Zastupnica Marijana Petir primila imama Ahmadija muslimanske zajednice u Hrvatskom saboru"}]},{"@type":"WebSite","@id":"https:\/\/www.ahmadiyya-islam.org\/hr\/#website","url":"https:\/\/www.ahmadiyya-islam.org\/hr\/","name":"Ahmadija muslimanski d\u017eamat","description":"Hrvatska","potentialAction":[{"@type":"SearchAction","target":{"@type":"EntryPoint","urlTemplate":"https:\/\/www.ahmadiyya-islam.org\/hr\/?s={search_term_string}"},"query-input":{"@type":"PropertyValueSpecification","valueRequired":true,"valueName":"search_term_string"}}],"inLanguage":"hr"},{"@type":"Person","@id":"https:\/\/www.ahmadiyya-islam.org\/hr\/#\/schema\/person\/4d74f28572ca6c7fa65111daa316ed65","name":"ranamunawar","url":"https:\/\/www.ahmadiyya-islam.org\/hr\/author\/ranamunawar\/"}]}},"_links":{"self":[{"href":"https:\/\/www.ahmadiyya-islam.org\/hr\/wp-json\/wp\/v2\/posts\/2431","targetHints":{"allow":["GET"]}}],"collection":[{"href":"https:\/\/www.ahmadiyya-islam.org\/hr\/wp-json\/wp\/v2\/posts"}],"about":[{"href":"https:\/\/www.ahmadiyya-islam.org\/hr\/wp-json\/wp\/v2\/types\/post"}],"author":[{"embeddable":true,"href":"https:\/\/www.ahmadiyya-islam.org\/hr\/wp-json\/wp\/v2\/users\/77"}],"replies":[{"embeddable":true,"href":"https:\/\/www.ahmadiyya-islam.org\/hr\/wp-json\/wp\/v2\/comments?post=2431"}],"version-history":[{"count":1,"href":"https:\/\/www.ahmadiyya-islam.org\/hr\/wp-json\/wp\/v2\/posts\/2431\/revisions"}],"predecessor-version":[{"id":2434,"href":"https:\/\/www.ahmadiyya-islam.org\/hr\/wp-json\/wp\/v2\/posts\/2431\/revisions\/2434"}],"wp:featuredmedia":[{"embeddable":true,"href":"https:\/\/www.ahmadiyya-islam.org\/hr\/wp-json\/wp\/v2\/media\/2433"}],"wp:attachment":[{"href":"https:\/\/www.ahmadiyya-islam.org\/hr\/wp-json\/wp\/v2\/media?parent=2431"}],"wp:term":[{"taxonomy":"category","embeddable":true,"href":"https:\/\/www.ahmadiyya-islam.org\/hr\/wp-json\/wp\/v2\/categories?post=2431"},{"taxonomy":"post_tag","embeddable":true,"href":"https:\/\/www.ahmadiyya-islam.org\/hr\/wp-json\/wp\/v2\/tags?post=2431"},{"taxonomy":"topics","embeddable":true,"href":"https:\/\/www.ahmadiyya-islam.org\/hr\/wp-json\/wp\/v2\/topics?post=2431"},{"taxonomy":"authors","embeddable":true,"href":"https:\/\/www.ahmadiyya-islam.org\/hr\/wp-json\/wp\/v2\/authors?post=2431"},{"taxonomy":"geo_locations","embeddable":true,"href":"https:\/\/www.ahmadiyya-islam.org\/hr\/wp-json\/wp\/v2\/geo_locations?post=2431"},{"taxonomy":"content_source","embeddable":true,"href":"https:\/\/www.ahmadiyya-islam.org\/hr\/wp-json\/wp\/v2\/content_source?post=2431"}],"curies":[{"name":"wp","href":"https:\/\/api.w.org\/{rel}","templated":true}]}}