{"id":2270,"date":"2022-02-25T14:45:12","date_gmt":"2022-02-25T14:45:12","guid":{"rendered":"https:\/\/www.ahmadiyya-islam.org\/hr\/?p=2270"},"modified":"2022-02-27T11:39:26","modified_gmt":"2022-02-27T11:39:26","slug":"kalifa-o-krizi-u-rusiji-i-ukrajini","status":"publish","type":"post","link":"https:\/\/www.ahmadiyya-islam.org\/hr\/ahmadija\/kalifa-o-krizi-u-rusiji-i-ukrajini\/","title":{"rendered":"Kalifa o krizi u Rusiji i Ukrajini &#8211; Priop\u0107enje za javnost"},"content":{"rendered":"<p><img loading=\"lazy\" decoding=\"async\" class=\"aligncenter size-large wp-image-2271\" src=\"http:\/\/www.ahmadiyya-islam.org\/hr\/wp-content\/uploads\/sites\/22\/2022\/02\/Screenshot_11-1024x766.jpg\" alt=\"Mirza Masroor Ahmad Peti Kalif Obe\u010danog Mesije\" width=\"900\" height=\"673\" srcset=\"https:\/\/www.ahmadiyya-islam.org\/hr\/wp-content\/uploads\/sites\/22\/2022\/02\/Screenshot_11-1024x766.jpg 1024w, https:\/\/www.ahmadiyya-islam.org\/hr\/wp-content\/uploads\/sites\/22\/2022\/02\/Screenshot_11-300x225.jpg 300w, https:\/\/www.ahmadiyya-islam.org\/hr\/wp-content\/uploads\/sites\/22\/2022\/02\/Screenshot_11-768x575.jpg 768w, https:\/\/www.ahmadiyya-islam.org\/hr\/wp-content\/uploads\/sites\/22\/2022\/02\/Screenshot_11.jpg 1073w\" sizes=\"auto, (max-width: 900px) 100vw, 900px\" \/><\/p>\n<p style=\"text-align: center\">Izjava svjetskog poglavara Ahmadija muslimanske zajednice\u00a0 o krizi u Rusiji i Ukrajini 24. velja\u010de 2022.<\/p>\n<p>U vezi s rusko-ukrajinskom krizom, svjetski poglavar Ahmadija muslimanske zajednice, peti Kalifa, Hazreti Mirza Masroor Ahmad ka\u017ee:<\/p>\n<blockquote><p>\u201cDugi niz godina upozoravao sam velike svjetske sile da moraju uzeti pouke iz povijesti, posebno u vezi s dva katastrofalna i razorna svjetska rata koja su se dogodila u 20. stolje\u0107u. S tim u vezi, u pro\u0161losti, pisao sam pisma vo\u0111ama raznih nacija pozivaju\u0107i ih da ostave po strani svoje nacionalne interese\u00a0 i daju prioritet miru i sigurnosti svijeta usvajanjem istinske pravde na svim nivoima dru\u0161tva.<\/p>\n<p>Na \u017ealost, sada je po\u010deo rat u Ukrajini i tako je situacija postala izuzetno te\u0161ka i nesigurna. \u0160tovi\u0161e, ima potencijal jo\u0161 vi\u0161e eksalirati u zavisnosti od narednih visno o sljede\u0107im koracima ruske vlade i odgovora NATO-a i velikih sila. Nesumnjivo, posljedice svake eskalacije bit \u0107e u\u017easne i destruktivne do krajnosti. Stoga je odmah sada kriti\u010dna potreba u\u010diniti svaki mogu\u0107i napor da se izbjegnu daljnji rat i nasilje.<\/p>\n<p>Jo\u0161 ima vremena da se svijet povu\u010de s ruba katastrofe i zato, za dobro \u010dovje\u010danstva, pozivam Rusiju, NATO i sve velike sile da usredoto\u010de sve svoje napore na smirivanje sukoba i rad na mirnom postizanju rje\u0161enja kroz uspostavu diplomatskih odnosa.<\/p>\n<p>Kao poglavar Ahmadija muslimanske zajednice mogu samo skrenuti pa\u017enju svjetskim politi\u010dkim vo\u0111ama da daju prioritet miru u svijetu i ostave po strani svoje nacionalne interese i neprijateljstva, zaradi dobrobiti cijelog \u010dovje\u010danstva. Stoga je moja iskrena dova da svjetski lideri djeluju razumno i mudro i da te\u017ee k dobrobiti \u010dovje\u010danstva. \u010cinim dovu da svjetski lideri ozbiljno nastoje za\u0161tititi \u010dovje\u010danstvo, kako danas tako i u budu\u0107nosti, od muke ratovanja, krvoproli\u0107a i uni\u0161tenja. I zato iz dubine srca \u010dinim dovu da vo\u0111e velikih sila i njihove vlade ne poduzmu korake koji \u0107e slu\u017eiti uni\u0161tenju budu\u0107nosti na\u0161e djece i narednih generacija. Umjesto toga, svaki njihov napor i motivacija trebaju biti to da onima koji dolaze iza nas ostavimo u zavjet svijet mira i napretka.<\/p>\n<p>\u010cinim dovu da svjetske vo\u0111e obrate pa\u017enju na potrebu ovog vremena i prave vrijednosti, a iznad svega, obavezu da osiguraju mir i stabilnost svijeta. Neka Uzvi\u0161eni Allah za\u0161titi sve nevine i nemo\u0107ne ljude i neka zavlada istinski i trajni mir na svijetu. Amen.\u201d<\/p><\/blockquote>\n<p>MIRZA MASROOR AHMAD<br \/>\nKalifatul Masih V.<br \/>\nPoglavar Ahmadija muslimanskog d\u017eemata<\/p>\n<h2>Povezan:<\/h2>\n<ul>\n<li><a href=\"https:\/\/www.ahmadiyya-islam.org\/hr\/clanci\/europa-pred-najvecim-rizikom-od-rata-u-posljednjih-30-godina\/\">Europa pred najve\u0107im rizikom od rata u posljednjih 30 godina, s mogu\u0107im nuklearnim posljedicama<\/a><\/li>\n<li><a href=\"https:\/\/www.ahmadiyya-islam.org\/hr\/knjiznica\/svjetska-kriza-i-put-do-mira\/\">Knjiga \u2013 Svjetska kriza i put do mira<\/a><\/li>\n<\/ul>\n","protected":false},"excerpt":{"rendered":"<p>Izjava svjetskog poglavara Ahmadija muslimanske zajednice\u00a0 o krizi u Rusiji i Ukrajini 24. velja\u010de 2022. U vezi s rusko-ukrajinskom krizom, svjetski poglavar Ahmadija muslimanske zajednice, peti Kalifa, Hazreti Mirza Masroor Ahmad ka\u017ee: \u201cDugi niz godina upozoravao sam velike svjetske sile da moraju uzeti pouke iz povijesti, posebno u vezi s dva katastrofalna i razorna svjetska<\/p>\n","protected":false},"author":77,"featured_media":2272,"comment_status":"closed","ping_status":"closed","sticky":false,"template":"","format":"standard","meta":{"_acf_changed":false,"footnotes":""},"categories":[272],"tags":[72,366,367],"topics":[345,221],"authors":[7],"geo_locations":[],"content_source":[],"class_list":["post-2270","post","type-post","status-publish","format-standard","has-post-thumbnail","hentry","category-ahmadija","tag-rat","tag-rusija","tag-ukrajina","topics-politika","topics-svijet-u-krizi","authors-hazrat-mirza-masroor-ahmad"],"acf":[],"yoast_head":"<!-- This site is optimized with the Yoast SEO Premium plugin v21.1 (Yoast SEO v27.4) - https:\/\/yoast.com\/product\/yoast-seo-premium-wordpress\/ -->\n<title>Kalifa o krizi u Rusiji i Ukrajini - Priop\u0107enje za javnost<\/title>\n<meta name=\"description\" content=\"Izjava svjetskog poglavara Ahmadija muslimanske zajednice\u00a0 o krizi u Rusiji i Ukrajini 24. velja\u010de 2022.\" \/>\n<meta name=\"robots\" content=\"index, follow, max-snippet:-1, max-image-preview:large, max-video-preview:-1\" \/>\n<link rel=\"canonical\" href=\"https:\/\/www.ahmadiyya-islam.org\/hr\/ahmadija\/kalifa-o-krizi-u-rusiji-i-ukrajini\/\" \/>\n<meta property=\"og:locale\" content=\"hr_HR\" \/>\n<meta property=\"og:type\" content=\"article\" \/>\n<meta property=\"og:title\" content=\"Kalifa o krizi u Rusiji i Ukrajini - Priop\u0107enje za javnost\" \/>\n<meta property=\"og:description\" content=\"Izjava svjetskog poglavara Ahmadija muslimanske zajednice\u00a0 o krizi u Rusiji i Ukrajini 24. velja\u010de 2022.\" \/>\n<meta property=\"og:url\" content=\"https:\/\/www.ahmadiyya-islam.org\/hr\/ahmadija\/kalifa-o-krizi-u-rusiji-i-ukrajini\/\" \/>\n<meta property=\"og:site_name\" content=\"Ahmadija muslimanski d\u017eamat\" \/>\n<meta property=\"article:published_time\" content=\"2022-02-25T14:45:12+00:00\" \/>\n<meta property=\"article:modified_time\" content=\"2022-02-27T11:39:26+00:00\" \/>\n<meta property=\"og:image\" content=\"http:\/\/www.ahmadiyya-islam.org\/hr\/wp-content\/uploads\/sites\/22\/2022\/02\/Ukraine-.jpg\" \/>\n\t<meta property=\"og:image:width\" content=\"1650\" \/>\n\t<meta property=\"og:image:height\" content=\"750\" \/>\n\t<meta property=\"og:image:type\" content=\"image\/jpeg\" \/>\n<meta name=\"author\" content=\"ranamunawar\" \/>\n<meta name=\"twitter:card\" content=\"summary_large_image\" \/>\n<meta name=\"twitter:label1\" content=\"Napisao\/la\" \/>\n\t<meta name=\"twitter:data1\" content=\"ranamunawar\" \/>\n\t<meta name=\"twitter:label2\" content=\"Procijenjeno vrijeme \u010ditanja\" \/>\n\t<meta name=\"twitter:data2\" content=\"2 minute\" \/>\n<script type=\"application\/ld+json\" class=\"yoast-schema-graph\">{\"@context\":\"https:\\\/\\\/schema.org\",\"@graph\":[{\"@type\":\"Article\",\"@id\":\"https:\\\/\\\/www.ahmadiyya-islam.org\\\/hr\\\/ahmadija\\\/kalifa-o-krizi-u-rusiji-i-ukrajini\\\/#article\",\"isPartOf\":{\"@id\":\"https:\\\/\\\/www.ahmadiyya-islam.org\\\/hr\\\/ahmadija\\\/kalifa-o-krizi-u-rusiji-i-ukrajini\\\/\"},\"author\":{\"name\":\"ranamunawar\",\"@id\":\"https:\\\/\\\/www.ahmadiyya-islam.org\\\/hr\\\/#\\\/schema\\\/person\\\/4d74f28572ca6c7fa65111daa316ed65\"},\"headline\":\"Kalifa o krizi u Rusiji i Ukrajini &#8211; Priop\u0107enje za javnost\",\"datePublished\":\"2022-02-25T14:45:12+00:00\",\"dateModified\":\"2022-02-27T11:39:26+00:00\",\"mainEntityOfPage\":{\"@id\":\"https:\\\/\\\/www.ahmadiyya-islam.org\\\/hr\\\/ahmadija\\\/kalifa-o-krizi-u-rusiji-i-ukrajini\\\/\"},\"wordCount\":452,\"image\":{\"@id\":\"https:\\\/\\\/www.ahmadiyya-islam.org\\\/hr\\\/ahmadija\\\/kalifa-o-krizi-u-rusiji-i-ukrajini\\\/#primaryimage\"},\"thumbnailUrl\":\"https:\\\/\\\/www.ahmadiyya-islam.org\\\/hr\\\/wp-content\\\/uploads\\\/sites\\\/22\\\/2022\\\/02\\\/Ukraine-.jpg\",\"keywords\":[\"Rat\",\"Rusija\",\"Ukrajina\"],\"articleSection\":[\"Ahmadija\"],\"inLanguage\":\"hr\"},{\"@type\":\"WebPage\",\"@id\":\"https:\\\/\\\/www.ahmadiyya-islam.org\\\/hr\\\/ahmadija\\\/kalifa-o-krizi-u-rusiji-i-ukrajini\\\/\",\"url\":\"https:\\\/\\\/www.ahmadiyya-islam.org\\\/hr\\\/ahmadija\\\/kalifa-o-krizi-u-rusiji-i-ukrajini\\\/\",\"name\":\"Kalifa o krizi u Rusiji i Ukrajini - Priop\u0107enje za javnost\",\"isPartOf\":{\"@id\":\"https:\\\/\\\/www.ahmadiyya-islam.org\\\/hr\\\/#website\"},\"primaryImageOfPage\":{\"@id\":\"https:\\\/\\\/www.ahmadiyya-islam.org\\\/hr\\\/ahmadija\\\/kalifa-o-krizi-u-rusiji-i-ukrajini\\\/#primaryimage\"},\"image\":{\"@id\":\"https:\\\/\\\/www.ahmadiyya-islam.org\\\/hr\\\/ahmadija\\\/kalifa-o-krizi-u-rusiji-i-ukrajini\\\/#primaryimage\"},\"thumbnailUrl\":\"https:\\\/\\\/www.ahmadiyya-islam.org\\\/hr\\\/wp-content\\\/uploads\\\/sites\\\/22\\\/2022\\\/02\\\/Ukraine-.jpg\",\"datePublished\":\"2022-02-25T14:45:12+00:00\",\"dateModified\":\"2022-02-27T11:39:26+00:00\",\"author\":{\"@id\":\"https:\\\/\\\/www.ahmadiyya-islam.org\\\/hr\\\/#\\\/schema\\\/person\\\/4d74f28572ca6c7fa65111daa316ed65\"},\"description\":\"Izjava svjetskog poglavara Ahmadija muslimanske zajednice\u00a0 o krizi u Rusiji i Ukrajini 24. velja\u010de 2022.\",\"breadcrumb\":{\"@id\":\"https:\\\/\\\/www.ahmadiyya-islam.org\\\/hr\\\/ahmadija\\\/kalifa-o-krizi-u-rusiji-i-ukrajini\\\/#breadcrumb\"},\"inLanguage\":\"hr\",\"potentialAction\":[{\"@type\":\"ReadAction\",\"target\":[\"https:\\\/\\\/www.ahmadiyya-islam.org\\\/hr\\\/ahmadija\\\/kalifa-o-krizi-u-rusiji-i-ukrajini\\\/\"]}]},{\"@type\":\"ImageObject\",\"inLanguage\":\"hr\",\"@id\":\"https:\\\/\\\/www.ahmadiyya-islam.org\\\/hr\\\/ahmadija\\\/kalifa-o-krizi-u-rusiji-i-ukrajini\\\/#primaryimage\",\"url\":\"https:\\\/\\\/www.ahmadiyya-islam.org\\\/hr\\\/wp-content\\\/uploads\\\/sites\\\/22\\\/2022\\\/02\\\/Ukraine-.jpg\",\"contentUrl\":\"https:\\\/\\\/www.ahmadiyya-islam.org\\\/hr\\\/wp-content\\\/uploads\\\/sites\\\/22\\\/2022\\\/02\\\/Ukraine-.jpg\",\"width\":1650,\"height\":750},{\"@type\":\"BreadcrumbList\",\"@id\":\"https:\\\/\\\/www.ahmadiyya-islam.org\\\/hr\\\/ahmadija\\\/kalifa-o-krizi-u-rusiji-i-ukrajini\\\/#breadcrumb\",\"itemListElement\":[{\"@type\":\"ListItem\",\"position\":1,\"name\":\"Home\",\"item\":\"https:\\\/\\\/www.ahmadiyya-islam.org\\\/hr\\\/\"},{\"@type\":\"ListItem\",\"position\":2,\"name\":\"Kalifa o krizi u Rusiji i Ukrajini &#8211; Priop\u0107enje za javnost\"}]},{\"@type\":\"WebSite\",\"@id\":\"https:\\\/\\\/www.ahmadiyya-islam.org\\\/hr\\\/#website\",\"url\":\"https:\\\/\\\/www.ahmadiyya-islam.org\\\/hr\\\/\",\"name\":\"Ahmadija muslimanski d\u017eamat\",\"description\":\"Hrvatska\",\"potentialAction\":[{\"@type\":\"SearchAction\",\"target\":{\"@type\":\"EntryPoint\",\"urlTemplate\":\"https:\\\/\\\/www.ahmadiyya-islam.org\\\/hr\\\/?s={search_term_string}\"},\"query-input\":{\"@type\":\"PropertyValueSpecification\",\"valueRequired\":true,\"valueName\":\"search_term_string\"}}],\"inLanguage\":\"hr\"},{\"@type\":\"Person\",\"@id\":\"https:\\\/\\\/www.ahmadiyya-islam.org\\\/hr\\\/#\\\/schema\\\/person\\\/4d74f28572ca6c7fa65111daa316ed65\",\"name\":\"ranamunawar\",\"url\":\"https:\\\/\\\/www.ahmadiyya-islam.org\\\/hr\\\/author\\\/ranamunawar\\\/\"}]}<\/script>\n<!-- \/ Yoast SEO Premium plugin. -->","yoast_head_json":{"title":"Kalifa o krizi u Rusiji i Ukrajini - Priop\u0107enje za javnost","description":"Izjava svjetskog poglavara Ahmadija muslimanske zajednice\u00a0 o krizi u Rusiji i Ukrajini 24. velja\u010de 2022.","robots":{"index":"index","follow":"follow","max-snippet":"max-snippet:-1","max-image-preview":"max-image-preview:large","max-video-preview":"max-video-preview:-1"},"canonical":"https:\/\/www.ahmadiyya-islam.org\/hr\/ahmadija\/kalifa-o-krizi-u-rusiji-i-ukrajini\/","og_locale":"hr_HR","og_type":"article","og_title":"Kalifa o krizi u Rusiji i Ukrajini - Priop\u0107enje za javnost","og_description":"Izjava svjetskog poglavara Ahmadija muslimanske zajednice\u00a0 o krizi u Rusiji i Ukrajini 24. velja\u010de 2022.","og_url":"https:\/\/www.ahmadiyya-islam.org\/hr\/ahmadija\/kalifa-o-krizi-u-rusiji-i-ukrajini\/","og_site_name":"Ahmadija muslimanski d\u017eamat","article_published_time":"2022-02-25T14:45:12+00:00","article_modified_time":"2022-02-27T11:39:26+00:00","og_image":[{"width":1650,"height":750,"url":"http:\/\/www.ahmadiyya-islam.org\/hr\/wp-content\/uploads\/sites\/22\/2022\/02\/Ukraine-.jpg","type":"image\/jpeg"}],"author":"ranamunawar","twitter_card":"summary_large_image","twitter_misc":{"Napisao\/la":"ranamunawar","Procijenjeno vrijeme \u010ditanja":"2 minute"},"schema":{"@context":"https:\/\/schema.org","@graph":[{"@type":"Article","@id":"https:\/\/www.ahmadiyya-islam.org\/hr\/ahmadija\/kalifa-o-krizi-u-rusiji-i-ukrajini\/#article","isPartOf":{"@id":"https:\/\/www.ahmadiyya-islam.org\/hr\/ahmadija\/kalifa-o-krizi-u-rusiji-i-ukrajini\/"},"author":{"name":"ranamunawar","@id":"https:\/\/www.ahmadiyya-islam.org\/hr\/#\/schema\/person\/4d74f28572ca6c7fa65111daa316ed65"},"headline":"Kalifa o krizi u Rusiji i Ukrajini &#8211; Priop\u0107enje za javnost","datePublished":"2022-02-25T14:45:12+00:00","dateModified":"2022-02-27T11:39:26+00:00","mainEntityOfPage":{"@id":"https:\/\/www.ahmadiyya-islam.org\/hr\/ahmadija\/kalifa-o-krizi-u-rusiji-i-ukrajini\/"},"wordCount":452,"image":{"@id":"https:\/\/www.ahmadiyya-islam.org\/hr\/ahmadija\/kalifa-o-krizi-u-rusiji-i-ukrajini\/#primaryimage"},"thumbnailUrl":"https:\/\/www.ahmadiyya-islam.org\/hr\/wp-content\/uploads\/sites\/22\/2022\/02\/Ukraine-.jpg","keywords":["Rat","Rusija","Ukrajina"],"articleSection":["Ahmadija"],"inLanguage":"hr"},{"@type":"WebPage","@id":"https:\/\/www.ahmadiyya-islam.org\/hr\/ahmadija\/kalifa-o-krizi-u-rusiji-i-ukrajini\/","url":"https:\/\/www.ahmadiyya-islam.org\/hr\/ahmadija\/kalifa-o-krizi-u-rusiji-i-ukrajini\/","name":"Kalifa o krizi u Rusiji i Ukrajini - Priop\u0107enje za javnost","isPartOf":{"@id":"https:\/\/www.ahmadiyya-islam.org\/hr\/#website"},"primaryImageOfPage":{"@id":"https:\/\/www.ahmadiyya-islam.org\/hr\/ahmadija\/kalifa-o-krizi-u-rusiji-i-ukrajini\/#primaryimage"},"image":{"@id":"https:\/\/www.ahmadiyya-islam.org\/hr\/ahmadija\/kalifa-o-krizi-u-rusiji-i-ukrajini\/#primaryimage"},"thumbnailUrl":"https:\/\/www.ahmadiyya-islam.org\/hr\/wp-content\/uploads\/sites\/22\/2022\/02\/Ukraine-.jpg","datePublished":"2022-02-25T14:45:12+00:00","dateModified":"2022-02-27T11:39:26+00:00","author":{"@id":"https:\/\/www.ahmadiyya-islam.org\/hr\/#\/schema\/person\/4d74f28572ca6c7fa65111daa316ed65"},"description":"Izjava svjetskog poglavara Ahmadija muslimanske zajednice\u00a0 o krizi u Rusiji i Ukrajini 24. velja\u010de 2022.","breadcrumb":{"@id":"https:\/\/www.ahmadiyya-islam.org\/hr\/ahmadija\/kalifa-o-krizi-u-rusiji-i-ukrajini\/#breadcrumb"},"inLanguage":"hr","potentialAction":[{"@type":"ReadAction","target":["https:\/\/www.ahmadiyya-islam.org\/hr\/ahmadija\/kalifa-o-krizi-u-rusiji-i-ukrajini\/"]}]},{"@type":"ImageObject","inLanguage":"hr","@id":"https:\/\/www.ahmadiyya-islam.org\/hr\/ahmadija\/kalifa-o-krizi-u-rusiji-i-ukrajini\/#primaryimage","url":"https:\/\/www.ahmadiyya-islam.org\/hr\/wp-content\/uploads\/sites\/22\/2022\/02\/Ukraine-.jpg","contentUrl":"https:\/\/www.ahmadiyya-islam.org\/hr\/wp-content\/uploads\/sites\/22\/2022\/02\/Ukraine-.jpg","width":1650,"height":750},{"@type":"BreadcrumbList","@id":"https:\/\/www.ahmadiyya-islam.org\/hr\/ahmadija\/kalifa-o-krizi-u-rusiji-i-ukrajini\/#breadcrumb","itemListElement":[{"@type":"ListItem","position":1,"name":"Home","item":"https:\/\/www.ahmadiyya-islam.org\/hr\/"},{"@type":"ListItem","position":2,"name":"Kalifa o krizi u Rusiji i Ukrajini &#8211; Priop\u0107enje za javnost"}]},{"@type":"WebSite","@id":"https:\/\/www.ahmadiyya-islam.org\/hr\/#website","url":"https:\/\/www.ahmadiyya-islam.org\/hr\/","name":"Ahmadija muslimanski d\u017eamat","description":"Hrvatska","potentialAction":[{"@type":"SearchAction","target":{"@type":"EntryPoint","urlTemplate":"https:\/\/www.ahmadiyya-islam.org\/hr\/?s={search_term_string}"},"query-input":{"@type":"PropertyValueSpecification","valueRequired":true,"valueName":"search_term_string"}}],"inLanguage":"hr"},{"@type":"Person","@id":"https:\/\/www.ahmadiyya-islam.org\/hr\/#\/schema\/person\/4d74f28572ca6c7fa65111daa316ed65","name":"ranamunawar","url":"https:\/\/www.ahmadiyya-islam.org\/hr\/author\/ranamunawar\/"}]}},"_links":{"self":[{"href":"https:\/\/www.ahmadiyya-islam.org\/hr\/wp-json\/wp\/v2\/posts\/2270","targetHints":{"allow":["GET"]}}],"collection":[{"href":"https:\/\/www.ahmadiyya-islam.org\/hr\/wp-json\/wp\/v2\/posts"}],"about":[{"href":"https:\/\/www.ahmadiyya-islam.org\/hr\/wp-json\/wp\/v2\/types\/post"}],"author":[{"embeddable":true,"href":"https:\/\/www.ahmadiyya-islam.org\/hr\/wp-json\/wp\/v2\/users\/77"}],"replies":[{"embeddable":true,"href":"https:\/\/www.ahmadiyya-islam.org\/hr\/wp-json\/wp\/v2\/comments?post=2270"}],"version-history":[{"count":2,"href":"https:\/\/www.ahmadiyya-islam.org\/hr\/wp-json\/wp\/v2\/posts\/2270\/revisions"}],"predecessor-version":[{"id":2282,"href":"https:\/\/www.ahmadiyya-islam.org\/hr\/wp-json\/wp\/v2\/posts\/2270\/revisions\/2282"}],"wp:featuredmedia":[{"embeddable":true,"href":"https:\/\/www.ahmadiyya-islam.org\/hr\/wp-json\/wp\/v2\/media\/2272"}],"wp:attachment":[{"href":"https:\/\/www.ahmadiyya-islam.org\/hr\/wp-json\/wp\/v2\/media?parent=2270"}],"wp:term":[{"taxonomy":"category","embeddable":true,"href":"https:\/\/www.ahmadiyya-islam.org\/hr\/wp-json\/wp\/v2\/categories?post=2270"},{"taxonomy":"post_tag","embeddable":true,"href":"https:\/\/www.ahmadiyya-islam.org\/hr\/wp-json\/wp\/v2\/tags?post=2270"},{"taxonomy":"topics","embeddable":true,"href":"https:\/\/www.ahmadiyya-islam.org\/hr\/wp-json\/wp\/v2\/topics?post=2270"},{"taxonomy":"authors","embeddable":true,"href":"https:\/\/www.ahmadiyya-islam.org\/hr\/wp-json\/wp\/v2\/authors?post=2270"},{"taxonomy":"geo_locations","embeddable":true,"href":"https:\/\/www.ahmadiyya-islam.org\/hr\/wp-json\/wp\/v2\/geo_locations?post=2270"},{"taxonomy":"content_source","embeddable":true,"href":"https:\/\/www.ahmadiyya-islam.org\/hr\/wp-json\/wp\/v2\/content_source?post=2270"}],"curies":[{"name":"wp","href":"https:\/\/api.w.org\/{rel}","templated":true}]}}