{"id":1977,"date":"2021-05-28T10:39:11","date_gmt":"2021-05-28T10:39:11","guid":{"rendered":"https:\/\/www.ahmadiyya-islam.org\/hr\/?p=1977"},"modified":"2021-05-28T10:39:11","modified_gmt":"2021-05-28T10:39:11","slug":"dobri-susjedi-humanity-first-i-caritas-u-akciji","status":"publish","type":"post","link":"https:\/\/www.ahmadiyya-islam.org\/hr\/humanity-first\/humanity-first-hrvatska\/dobri-susjedi-humanity-first-i-caritas-u-akciji\/","title":{"rendered":"DOBRI SUSJEDI &#8211; Humanity First i Caritas u akciji"},"content":{"rendered":"<p>Humanitarna udruga Humanity First Hrvatska, \u010diji je slogan \u00bbU slu\u017ebi \u010dovje\u010danstva\u00ab, svakom svojom novom donacijom pobje\u0111uje \u00bbkulturu ravnodu\u0161nosti\u00ab, o kojoj papa Franjo \u010desto govori kao o velikoj opasnosti na\u0161ega vemena. Zato ne bismo pogrije\u0161ili kada bismo vijesti o svim njihovim donacijama Caritasu Zagreba\u010dke nadbiskupije, a posebice Ku\u0107i bl. Alojzija Stepinca, u \u010dijoj blizini je njihovo sjedi\u0161te, naslovili s \u00bbDobri susjedi\u00ab.<\/p>\n<p>Najnoviju donaciju, vrijednu 8.538,79 kuna, uru\u010dili su 25. svibnja Ku\u0107i za zbrinjavanje djece i odraslih osoba s tjelesnim i mentalnim o\u0161te\u0107enjem \u00bbBl. Alojzije Stepinac\u00ab. Donacija se sastojala od koncentratora kisika, kompresorskog inhalatora, pedijatrijskog stetoskopa, tlakomjera na pero i lampe za prikaz vena.<\/p>\n<p><img loading=\"lazy\" decoding=\"async\" class=\"aligncenter size-full wp-image-1982\" src=\"http:\/\/www.ahmadiyya-islam.org\/hr\/wp-content\/uploads\/sites\/22\/2021\/05\/Humanity-First-02-.jpg\" alt=\"Humanity First i Caritas Brezovica\" width=\"733\" height=\"468\" srcset=\"https:\/\/www.ahmadiyya-islam.org\/hr\/wp-content\/uploads\/sites\/22\/2021\/05\/Humanity-First-02-.jpg 733w, https:\/\/www.ahmadiyya-islam.org\/hr\/wp-content\/uploads\/sites\/22\/2021\/05\/Humanity-First-02--300x192.jpg 300w\" sizes=\"auto, (max-width: 733px) 100vw, 733px\" \/><\/p>\n<p>\u00bbOva va\u017ena medicinska oprema osigurat \u0107e na\u0161im korisnicima pravovremenu i odgovaraju\u0107u medicinsku skrb unutar Ku\u0107e. Zahvalni smo Humanitarnoj udruzi Humanity First Hrvatska \u0161to prepoznaje na\u0161 trud i predanost ovom pozivu te kontinuirano doprinosi na\u0161emu radu za dobrobit djece s tjelesnim i mentalnim o\u0161te\u0107enjem, \u0161to je posebice va\u017eno u ovim izazovnim vremenima. Zaista se mo\u017eemo pohvaliti da imamo dobre i bri\u017ene susjede!\u00ab, izjavila je prigodom preuzimanja donacije Ivana Koki\u0107 Ajazaj, voditeljica Ku\u0107e.<\/p>\n<p><img loading=\"lazy\" decoding=\"async\" class=\"aligncenter size-full wp-image-1983\" src=\"http:\/\/www.ahmadiyya-islam.org\/hr\/wp-content\/uploads\/sites\/22\/2021\/05\/Humanity-First-03-.jpg\" alt=\"Humanity First i Caritas Brezovica\" width=\"778\" height=\"519\" srcset=\"https:\/\/www.ahmadiyya-islam.org\/hr\/wp-content\/uploads\/sites\/22\/2021\/05\/Humanity-First-03-.jpg 778w, https:\/\/www.ahmadiyya-islam.org\/hr\/wp-content\/uploads\/sites\/22\/2021\/05\/Humanity-First-03--300x200.jpg 300w, https:\/\/www.ahmadiyya-islam.org\/hr\/wp-content\/uploads\/sites\/22\/2021\/05\/Humanity-First-03--768x512.jpg 768w\" sizes=\"auto, (max-width: 778px) 100vw, 778px\" \/><\/p>\n<p>Gospodin Munawwar Kahn, predsjednik Humanitarne udruge Humanity First Hrvatska, obja\u0161njava da je ovdje rije\u010d o drugoj fazi projekta njihove pomo\u0107i Caritasovoj ku\u0107i u Brezovici. U prvoj fazi, 4. velja\u010de ove godine, Ku\u0107i su darovali lijekove u vrijednosti od 3.172,01 kuna. \u00bbU prvoj fazi nabavili smo im lijekove, kako bi, u nesigurnom vemenu pandemije, imali u Ku\u0107i sve \u0161to im treba. U drugoj fazi \u017eeljeli smo ih bolje opskrbiti medicinskom opremom. Cilj nam je bio da djecu za\u0161titimo od opasnosti zaraze korona virusom, da ne moraju \u010desto izlaziti radi lije\u010dni\u010dkih pregleda ili bolni\u010dkih usluga ve\u0107 da ve\u0107inu toga mogu obaviti u Ku\u0107i, u kojoj su sigurniji i gdje se osje\u0107aju ugodnije\u00ab, obja\u0161njava predsjednik Kahn, napominju\u0107i da su lijekovi i medicinska oprema kupljeni u prethodnom dogovoru s voditeljicom Ku\u0107e bl. Alojzija Stepinca.<\/p>\n<p><img loading=\"lazy\" decoding=\"async\" class=\"aligncenter size-full wp-image-1981\" src=\"http:\/\/www.ahmadiyya-islam.org\/hr\/wp-content\/uploads\/sites\/22\/2021\/05\/IMG_1711-1.jpg\" alt=\"Humanity First i Caritas Brezovica\" width=\"691\" height=\"473\" srcset=\"https:\/\/www.ahmadiyya-islam.org\/hr\/wp-content\/uploads\/sites\/22\/2021\/05\/IMG_1711-1.jpg 691w, https:\/\/www.ahmadiyya-islam.org\/hr\/wp-content\/uploads\/sites\/22\/2021\/05\/IMG_1711-1-300x205.jpg 300w\" sizes=\"auto, (max-width: 691px) 100vw, 691px\" \/><\/p>\n","protected":false},"excerpt":{"rendered":"<p>Humanitarna udruga Humanity First Hrvatska, \u010diji je slogan \u00bbU slu\u017ebi \u010dovje\u010danstva\u00ab, svakom svojom novom donacijom pobje\u0111uje \u00bbkulturu ravnodu\u0161nosti\u00ab, o kojoj papa Franjo \u010desto govori kao o velikoj opasnosti na\u0161ega vemena. Zato ne bismo pogrije\u0161ili kada bismo vijesti o svim njihovim donacijama Caritasu Zagreba\u010dke nadbiskupije, a posebice Ku\u0107i bl. Alojzija Stepinca, u \u010dijoj blizini je njihovo<\/p>\n","protected":false},"author":77,"featured_media":1978,"comment_status":"closed","ping_status":"closed","sticky":false,"template":"","format":"standard","meta":{"_acf_changed":false,"footnotes":""},"categories":[10],"tags":[105,85,167,86],"topics":[18],"authors":[],"geo_locations":[],"content_source":[],"class_list":["post-1977","post","type-post","status-publish","format-standard","has-post-thumbnail","hentry","category-humanity-first-hrvatska","tag-brezovica","tag-caritas","tag-donacija","tag-humanity-first","topics-humanity-first"],"acf":[],"yoast_head":"<!-- This site is optimized with the Yoast SEO Premium plugin v21.1 (Yoast SEO v27.4) - https:\/\/yoast.com\/product\/yoast-seo-premium-wordpress\/ -->\n<title>DOBRI SUSJEDI - Humanity First i Caritas u akciji<\/title>\n<meta name=\"description\" content=\"Humanitarna udruga Humanity First Hrvatska, \u010diji je slogan \u00bbU slu\u017ebi \u010dovje\u010danstva\u00ab, svakom svojom donacijom pobje\u0111uje \u00bbkulturu ravnodu\u0161nosti\u00ab\" \/>\n<meta name=\"robots\" content=\"index, follow, max-snippet:-1, max-image-preview:large, max-video-preview:-1\" \/>\n<link rel=\"canonical\" href=\"https:\/\/www.ahmadiyya-islam.org\/hr\/humanity-first\/humanity-first-hrvatska\/dobri-susjedi-humanity-first-i-caritas-u-akciji\/\" \/>\n<meta property=\"og:locale\" content=\"hr_HR\" \/>\n<meta property=\"og:type\" content=\"article\" \/>\n<meta property=\"og:title\" content=\"DOBRI SUSJEDI - Humanity First i Caritas u akciji\" \/>\n<meta property=\"og:description\" content=\"Humanitarna udruga Humanity First Hrvatska, \u010diji je slogan \u00bbU slu\u017ebi \u010dovje\u010danstva\u00ab, svakom svojom donacijom pobje\u0111uje \u00bbkulturu ravnodu\u0161nosti\u00ab\" \/>\n<meta property=\"og:url\" content=\"https:\/\/www.ahmadiyya-islam.org\/hr\/humanity-first\/humanity-first-hrvatska\/dobri-susjedi-humanity-first-i-caritas-u-akciji\/\" \/>\n<meta property=\"og:site_name\" content=\"Ahmadija muslimanski d\u017eamat\" \/>\n<meta property=\"article:published_time\" content=\"2021-05-28T10:39:11+00:00\" \/>\n<meta property=\"og:image\" content=\"https:\/\/www.ahmadiyya-islam.org\/hr\/wp-content\/uploads\/sites\/22\/2021\/05\/Banner.jpg\" \/>\n\t<meta property=\"og:image:width\" content=\"1650\" \/>\n\t<meta property=\"og:image:height\" content=\"750\" \/>\n\t<meta property=\"og:image:type\" content=\"image\/jpeg\" \/>\n<meta name=\"author\" content=\"ranamunawar\" \/>\n<meta name=\"twitter:card\" content=\"summary_large_image\" \/>\n<meta name=\"twitter:label1\" content=\"Napisao\/la\" \/>\n\t<meta name=\"twitter:data1\" content=\"ranamunawar\" \/>\n\t<meta name=\"twitter:label2\" content=\"Procijenjeno vrijeme \u010ditanja\" \/>\n\t<meta name=\"twitter:data2\" content=\"2 minute\" \/>\n<script type=\"application\/ld+json\" class=\"yoast-schema-graph\">{\"@context\":\"https:\\\/\\\/schema.org\",\"@graph\":[{\"@type\":\"Article\",\"@id\":\"https:\\\/\\\/www.ahmadiyya-islam.org\\\/hr\\\/humanity-first\\\/humanity-first-hrvatska\\\/dobri-susjedi-humanity-first-i-caritas-u-akciji\\\/#article\",\"isPartOf\":{\"@id\":\"https:\\\/\\\/www.ahmadiyya-islam.org\\\/hr\\\/humanity-first\\\/humanity-first-hrvatska\\\/dobri-susjedi-humanity-first-i-caritas-u-akciji\\\/\"},\"author\":{\"name\":\"ranamunawar\",\"@id\":\"https:\\\/\\\/www.ahmadiyya-islam.org\\\/hr\\\/#\\\/schema\\\/person\\\/4d74f28572ca6c7fa65111daa316ed65\"},\"headline\":\"DOBRI SUSJEDI &#8211; Humanity First i Caritas u akciji\",\"datePublished\":\"2021-05-28T10:39:11+00:00\",\"mainEntityOfPage\":{\"@id\":\"https:\\\/\\\/www.ahmadiyya-islam.org\\\/hr\\\/humanity-first\\\/humanity-first-hrvatska\\\/dobri-susjedi-humanity-first-i-caritas-u-akciji\\\/\"},\"wordCount\":348,\"image\":{\"@id\":\"https:\\\/\\\/www.ahmadiyya-islam.org\\\/hr\\\/humanity-first\\\/humanity-first-hrvatska\\\/dobri-susjedi-humanity-first-i-caritas-u-akciji\\\/#primaryimage\"},\"thumbnailUrl\":\"https:\\\/\\\/www.ahmadiyya-islam.org\\\/hr\\\/wp-content\\\/uploads\\\/sites\\\/22\\\/2021\\\/05\\\/Banner.jpg\",\"keywords\":[\"Brezovica\",\"Caritas\",\"donacija\",\"Humanity First\"],\"articleSection\":[\"Humanity First Hrvatska\"],\"inLanguage\":\"hr\"},{\"@type\":\"WebPage\",\"@id\":\"https:\\\/\\\/www.ahmadiyya-islam.org\\\/hr\\\/humanity-first\\\/humanity-first-hrvatska\\\/dobri-susjedi-humanity-first-i-caritas-u-akciji\\\/\",\"url\":\"https:\\\/\\\/www.ahmadiyya-islam.org\\\/hr\\\/humanity-first\\\/humanity-first-hrvatska\\\/dobri-susjedi-humanity-first-i-caritas-u-akciji\\\/\",\"name\":\"DOBRI SUSJEDI - Humanity First i Caritas u akciji\",\"isPartOf\":{\"@id\":\"https:\\\/\\\/www.ahmadiyya-islam.org\\\/hr\\\/#website\"},\"primaryImageOfPage\":{\"@id\":\"https:\\\/\\\/www.ahmadiyya-islam.org\\\/hr\\\/humanity-first\\\/humanity-first-hrvatska\\\/dobri-susjedi-humanity-first-i-caritas-u-akciji\\\/#primaryimage\"},\"image\":{\"@id\":\"https:\\\/\\\/www.ahmadiyya-islam.org\\\/hr\\\/humanity-first\\\/humanity-first-hrvatska\\\/dobri-susjedi-humanity-first-i-caritas-u-akciji\\\/#primaryimage\"},\"thumbnailUrl\":\"https:\\\/\\\/www.ahmadiyya-islam.org\\\/hr\\\/wp-content\\\/uploads\\\/sites\\\/22\\\/2021\\\/05\\\/Banner.jpg\",\"datePublished\":\"2021-05-28T10:39:11+00:00\",\"author\":{\"@id\":\"https:\\\/\\\/www.ahmadiyya-islam.org\\\/hr\\\/#\\\/schema\\\/person\\\/4d74f28572ca6c7fa65111daa316ed65\"},\"description\":\"Humanitarna udruga Humanity First Hrvatska, \u010diji je slogan \u00bbU slu\u017ebi \u010dovje\u010danstva\u00ab, svakom svojom donacijom pobje\u0111uje \u00bbkulturu ravnodu\u0161nosti\u00ab\",\"breadcrumb\":{\"@id\":\"https:\\\/\\\/www.ahmadiyya-islam.org\\\/hr\\\/humanity-first\\\/humanity-first-hrvatska\\\/dobri-susjedi-humanity-first-i-caritas-u-akciji\\\/#breadcrumb\"},\"inLanguage\":\"hr\",\"potentialAction\":[{\"@type\":\"ReadAction\",\"target\":[\"https:\\\/\\\/www.ahmadiyya-islam.org\\\/hr\\\/humanity-first\\\/humanity-first-hrvatska\\\/dobri-susjedi-humanity-first-i-caritas-u-akciji\\\/\"]}]},{\"@type\":\"ImageObject\",\"inLanguage\":\"hr\",\"@id\":\"https:\\\/\\\/www.ahmadiyya-islam.org\\\/hr\\\/humanity-first\\\/humanity-first-hrvatska\\\/dobri-susjedi-humanity-first-i-caritas-u-akciji\\\/#primaryimage\",\"url\":\"https:\\\/\\\/www.ahmadiyya-islam.org\\\/hr\\\/wp-content\\\/uploads\\\/sites\\\/22\\\/2021\\\/05\\\/Banner.jpg\",\"contentUrl\":\"https:\\\/\\\/www.ahmadiyya-islam.org\\\/hr\\\/wp-content\\\/uploads\\\/sites\\\/22\\\/2021\\\/05\\\/Banner.jpg\",\"width\":1650,\"height\":750,\"caption\":\"Humanity First Caritas\"},{\"@type\":\"BreadcrumbList\",\"@id\":\"https:\\\/\\\/www.ahmadiyya-islam.org\\\/hr\\\/humanity-first\\\/humanity-first-hrvatska\\\/dobri-susjedi-humanity-first-i-caritas-u-akciji\\\/#breadcrumb\",\"itemListElement\":[{\"@type\":\"ListItem\",\"position\":1,\"name\":\"Home\",\"item\":\"https:\\\/\\\/www.ahmadiyya-islam.org\\\/hr\\\/\"},{\"@type\":\"ListItem\",\"position\":2,\"name\":\"DOBRI SUSJEDI &#8211; Humanity First i Caritas u akciji\"}]},{\"@type\":\"WebSite\",\"@id\":\"https:\\\/\\\/www.ahmadiyya-islam.org\\\/hr\\\/#website\",\"url\":\"https:\\\/\\\/www.ahmadiyya-islam.org\\\/hr\\\/\",\"name\":\"Ahmadija muslimanski d\u017eamat\",\"description\":\"Hrvatska\",\"potentialAction\":[{\"@type\":\"SearchAction\",\"target\":{\"@type\":\"EntryPoint\",\"urlTemplate\":\"https:\\\/\\\/www.ahmadiyya-islam.org\\\/hr\\\/?s={search_term_string}\"},\"query-input\":{\"@type\":\"PropertyValueSpecification\",\"valueRequired\":true,\"valueName\":\"search_term_string\"}}],\"inLanguage\":\"hr\"},{\"@type\":\"Person\",\"@id\":\"https:\\\/\\\/www.ahmadiyya-islam.org\\\/hr\\\/#\\\/schema\\\/person\\\/4d74f28572ca6c7fa65111daa316ed65\",\"name\":\"ranamunawar\",\"url\":\"https:\\\/\\\/www.ahmadiyya-islam.org\\\/hr\\\/author\\\/ranamunawar\\\/\"}]}<\/script>\n<!-- \/ Yoast SEO Premium plugin. -->","yoast_head_json":{"title":"DOBRI SUSJEDI - Humanity First i Caritas u akciji","description":"Humanitarna udruga Humanity First Hrvatska, \u010diji je slogan \u00bbU slu\u017ebi \u010dovje\u010danstva\u00ab, svakom svojom donacijom pobje\u0111uje \u00bbkulturu ravnodu\u0161nosti\u00ab","robots":{"index":"index","follow":"follow","max-snippet":"max-snippet:-1","max-image-preview":"max-image-preview:large","max-video-preview":"max-video-preview:-1"},"canonical":"https:\/\/www.ahmadiyya-islam.org\/hr\/humanity-first\/humanity-first-hrvatska\/dobri-susjedi-humanity-first-i-caritas-u-akciji\/","og_locale":"hr_HR","og_type":"article","og_title":"DOBRI SUSJEDI - Humanity First i Caritas u akciji","og_description":"Humanitarna udruga Humanity First Hrvatska, \u010diji je slogan \u00bbU slu\u017ebi \u010dovje\u010danstva\u00ab, svakom svojom donacijom pobje\u0111uje \u00bbkulturu ravnodu\u0161nosti\u00ab","og_url":"https:\/\/www.ahmadiyya-islam.org\/hr\/humanity-first\/humanity-first-hrvatska\/dobri-susjedi-humanity-first-i-caritas-u-akciji\/","og_site_name":"Ahmadija muslimanski d\u017eamat","article_published_time":"2021-05-28T10:39:11+00:00","og_image":[{"width":1650,"height":750,"url":"https:\/\/www.ahmadiyya-islam.org\/hr\/wp-content\/uploads\/sites\/22\/2021\/05\/Banner.jpg","type":"image\/jpeg"}],"author":"ranamunawar","twitter_card":"summary_large_image","twitter_misc":{"Napisao\/la":"ranamunawar","Procijenjeno vrijeme \u010ditanja":"2 minute"},"schema":{"@context":"https:\/\/schema.org","@graph":[{"@type":"Article","@id":"https:\/\/www.ahmadiyya-islam.org\/hr\/humanity-first\/humanity-first-hrvatska\/dobri-susjedi-humanity-first-i-caritas-u-akciji\/#article","isPartOf":{"@id":"https:\/\/www.ahmadiyya-islam.org\/hr\/humanity-first\/humanity-first-hrvatska\/dobri-susjedi-humanity-first-i-caritas-u-akciji\/"},"author":{"name":"ranamunawar","@id":"https:\/\/www.ahmadiyya-islam.org\/hr\/#\/schema\/person\/4d74f28572ca6c7fa65111daa316ed65"},"headline":"DOBRI SUSJEDI &#8211; Humanity First i Caritas u akciji","datePublished":"2021-05-28T10:39:11+00:00","mainEntityOfPage":{"@id":"https:\/\/www.ahmadiyya-islam.org\/hr\/humanity-first\/humanity-first-hrvatska\/dobri-susjedi-humanity-first-i-caritas-u-akciji\/"},"wordCount":348,"image":{"@id":"https:\/\/www.ahmadiyya-islam.org\/hr\/humanity-first\/humanity-first-hrvatska\/dobri-susjedi-humanity-first-i-caritas-u-akciji\/#primaryimage"},"thumbnailUrl":"https:\/\/www.ahmadiyya-islam.org\/hr\/wp-content\/uploads\/sites\/22\/2021\/05\/Banner.jpg","keywords":["Brezovica","Caritas","donacija","Humanity First"],"articleSection":["Humanity First Hrvatska"],"inLanguage":"hr"},{"@type":"WebPage","@id":"https:\/\/www.ahmadiyya-islam.org\/hr\/humanity-first\/humanity-first-hrvatska\/dobri-susjedi-humanity-first-i-caritas-u-akciji\/","url":"https:\/\/www.ahmadiyya-islam.org\/hr\/humanity-first\/humanity-first-hrvatska\/dobri-susjedi-humanity-first-i-caritas-u-akciji\/","name":"DOBRI SUSJEDI - Humanity First i Caritas u akciji","isPartOf":{"@id":"https:\/\/www.ahmadiyya-islam.org\/hr\/#website"},"primaryImageOfPage":{"@id":"https:\/\/www.ahmadiyya-islam.org\/hr\/humanity-first\/humanity-first-hrvatska\/dobri-susjedi-humanity-first-i-caritas-u-akciji\/#primaryimage"},"image":{"@id":"https:\/\/www.ahmadiyya-islam.org\/hr\/humanity-first\/humanity-first-hrvatska\/dobri-susjedi-humanity-first-i-caritas-u-akciji\/#primaryimage"},"thumbnailUrl":"https:\/\/www.ahmadiyya-islam.org\/hr\/wp-content\/uploads\/sites\/22\/2021\/05\/Banner.jpg","datePublished":"2021-05-28T10:39:11+00:00","author":{"@id":"https:\/\/www.ahmadiyya-islam.org\/hr\/#\/schema\/person\/4d74f28572ca6c7fa65111daa316ed65"},"description":"Humanitarna udruga Humanity First Hrvatska, \u010diji je slogan \u00bbU slu\u017ebi \u010dovje\u010danstva\u00ab, svakom svojom donacijom pobje\u0111uje \u00bbkulturu ravnodu\u0161nosti\u00ab","breadcrumb":{"@id":"https:\/\/www.ahmadiyya-islam.org\/hr\/humanity-first\/humanity-first-hrvatska\/dobri-susjedi-humanity-first-i-caritas-u-akciji\/#breadcrumb"},"inLanguage":"hr","potentialAction":[{"@type":"ReadAction","target":["https:\/\/www.ahmadiyya-islam.org\/hr\/humanity-first\/humanity-first-hrvatska\/dobri-susjedi-humanity-first-i-caritas-u-akciji\/"]}]},{"@type":"ImageObject","inLanguage":"hr","@id":"https:\/\/www.ahmadiyya-islam.org\/hr\/humanity-first\/humanity-first-hrvatska\/dobri-susjedi-humanity-first-i-caritas-u-akciji\/#primaryimage","url":"https:\/\/www.ahmadiyya-islam.org\/hr\/wp-content\/uploads\/sites\/22\/2021\/05\/Banner.jpg","contentUrl":"https:\/\/www.ahmadiyya-islam.org\/hr\/wp-content\/uploads\/sites\/22\/2021\/05\/Banner.jpg","width":1650,"height":750,"caption":"Humanity First Caritas"},{"@type":"BreadcrumbList","@id":"https:\/\/www.ahmadiyya-islam.org\/hr\/humanity-first\/humanity-first-hrvatska\/dobri-susjedi-humanity-first-i-caritas-u-akciji\/#breadcrumb","itemListElement":[{"@type":"ListItem","position":1,"name":"Home","item":"https:\/\/www.ahmadiyya-islam.org\/hr\/"},{"@type":"ListItem","position":2,"name":"DOBRI SUSJEDI &#8211; Humanity First i Caritas u akciji"}]},{"@type":"WebSite","@id":"https:\/\/www.ahmadiyya-islam.org\/hr\/#website","url":"https:\/\/www.ahmadiyya-islam.org\/hr\/","name":"Ahmadija muslimanski d\u017eamat","description":"Hrvatska","potentialAction":[{"@type":"SearchAction","target":{"@type":"EntryPoint","urlTemplate":"https:\/\/www.ahmadiyya-islam.org\/hr\/?s={search_term_string}"},"query-input":{"@type":"PropertyValueSpecification","valueRequired":true,"valueName":"search_term_string"}}],"inLanguage":"hr"},{"@type":"Person","@id":"https:\/\/www.ahmadiyya-islam.org\/hr\/#\/schema\/person\/4d74f28572ca6c7fa65111daa316ed65","name":"ranamunawar","url":"https:\/\/www.ahmadiyya-islam.org\/hr\/author\/ranamunawar\/"}]}},"_links":{"self":[{"href":"https:\/\/www.ahmadiyya-islam.org\/hr\/wp-json\/wp\/v2\/posts\/1977","targetHints":{"allow":["GET"]}}],"collection":[{"href":"https:\/\/www.ahmadiyya-islam.org\/hr\/wp-json\/wp\/v2\/posts"}],"about":[{"href":"https:\/\/www.ahmadiyya-islam.org\/hr\/wp-json\/wp\/v2\/types\/post"}],"author":[{"embeddable":true,"href":"https:\/\/www.ahmadiyya-islam.org\/hr\/wp-json\/wp\/v2\/users\/77"}],"replies":[{"embeddable":true,"href":"https:\/\/www.ahmadiyya-islam.org\/hr\/wp-json\/wp\/v2\/comments?post=1977"}],"version-history":[{"count":0,"href":"https:\/\/www.ahmadiyya-islam.org\/hr\/wp-json\/wp\/v2\/posts\/1977\/revisions"}],"wp:featuredmedia":[{"embeddable":true,"href":"https:\/\/www.ahmadiyya-islam.org\/hr\/wp-json\/wp\/v2\/media\/1978"}],"wp:attachment":[{"href":"https:\/\/www.ahmadiyya-islam.org\/hr\/wp-json\/wp\/v2\/media?parent=1977"}],"wp:term":[{"taxonomy":"category","embeddable":true,"href":"https:\/\/www.ahmadiyya-islam.org\/hr\/wp-json\/wp\/v2\/categories?post=1977"},{"taxonomy":"post_tag","embeddable":true,"href":"https:\/\/www.ahmadiyya-islam.org\/hr\/wp-json\/wp\/v2\/tags?post=1977"},{"taxonomy":"topics","embeddable":true,"href":"https:\/\/www.ahmadiyya-islam.org\/hr\/wp-json\/wp\/v2\/topics?post=1977"},{"taxonomy":"authors","embeddable":true,"href":"https:\/\/www.ahmadiyya-islam.org\/hr\/wp-json\/wp\/v2\/authors?post=1977"},{"taxonomy":"geo_locations","embeddable":true,"href":"https:\/\/www.ahmadiyya-islam.org\/hr\/wp-json\/wp\/v2\/geo_locations?post=1977"},{"taxonomy":"content_source","embeddable":true,"href":"https:\/\/www.ahmadiyya-islam.org\/hr\/wp-json\/wp\/v2\/content_source?post=1977"}],"curies":[{"name":"wp","href":"https:\/\/api.w.org\/{rel}","templated":true}]}}