{"id":1972,"date":"2021-05-18T08:54:37","date_gmt":"2021-05-18T08:54:37","guid":{"rendered":"https:\/\/www.ahmadiyya-islam.org\/hr\/?p=1972"},"modified":"2021-05-18T08:54:37","modified_gmt":"2021-05-18T08:54:37","slug":"humanity-first-je-podijelio-pakete-hrane-za-vrijeme-bajrama","status":"publish","type":"post","link":"https:\/\/www.ahmadiyya-islam.org\/hr\/humanity-first\/humanity-first-hrvatska\/humanity-first-je-podijelio-pakete-hrane-za-vrijeme-bajrama\/","title":{"rendered":"Humanity First je podijelio pakete hrane za vrijeme Bajrama"},"content":{"rendered":"<p><strong>ZAGREB, 17. svibnja<\/strong> &#8211; Humanitarna udruga Humanity First Hrvatska i ove je godine nakon blagdana Bajrama, ponovno iskazala svoju humanost. U Brezovici su u subotu podijeljena 72 paketa hrane za potrebite obitelji. Prije toga, u srijedu su podijeljena 32 paketa hrane za obitelji iz Sirije, ali koje \u017eive u Zagrebu, Sisku i u Karlovcu.<\/p>\n<p><img loading=\"lazy\" decoding=\"async\" class=\"aligncenter size-large wp-image-1973\" src=\"http:\/\/www.ahmadiyya-islam.org\/hr\/wp-content\/uploads\/sites\/22\/2021\/05\/Humanity-First-04-1024x682.jpg\" alt=\"Humanity First Karlovac\" width=\"900\" height=\"599\" srcset=\"https:\/\/www.ahmadiyya-islam.org\/hr\/wp-content\/uploads\/sites\/22\/2021\/05\/Humanity-First-04-1024x682.jpg 1024w, https:\/\/www.ahmadiyya-islam.org\/hr\/wp-content\/uploads\/sites\/22\/2021\/05\/Humanity-First-04-300x200.jpg 300w, https:\/\/www.ahmadiyya-islam.org\/hr\/wp-content\/uploads\/sites\/22\/2021\/05\/Humanity-First-04-768x512.jpg 768w, https:\/\/www.ahmadiyya-islam.org\/hr\/wp-content\/uploads\/sites\/22\/2021\/05\/Humanity-First-04.jpg 1037w\" sizes=\"auto, (max-width: 900px) 100vw, 900px\" \/><\/p>\n<p>Pakete je u Brezovici preuzela <strong>Marina Pucevi\u0107<\/strong>, <strong>predsjednica Vije\u0107a gradske \u010detvrti Brezovica<\/strong> koja je sa svojim volonterima odnijela pakete obiteljima slabijeg imovinskog stanja.<\/p>\n<p>Zahvaljuju\u0107i humanitarnoj organizaciji Humanity First na donaciji, Marina Pucevi\u0107 je rekla kako su \u201epakete podijelili volonteri, dosada\u0161nji predsjednici ili potpredsjednici mjesnih odbora i vije\u0107nici Vije\u0107a Gradske \u010detvrti\u201c.<\/p>\n<p>\u201eZahvalnim sugra\u0111anima, uz pakete izru\u010dili smo i pozdrave na\u0161ih dobrotvora\u201c, istaknula je Marina Pucevi\u0107.<\/p>\n<p><img loading=\"lazy\" decoding=\"async\" class=\"aligncenter size-large wp-image-1974\" src=\"http:\/\/www.ahmadiyya-islam.org\/hr\/wp-content\/uploads\/sites\/22\/2021\/05\/22-1024x724.jpg\" alt=\"Humanity First Brezovica\" width=\"900\" height=\"636\" srcset=\"https:\/\/www.ahmadiyya-islam.org\/hr\/wp-content\/uploads\/sites\/22\/2021\/05\/22-1024x724.jpg 1024w, https:\/\/www.ahmadiyya-islam.org\/hr\/wp-content\/uploads\/sites\/22\/2021\/05\/22-300x212.jpg 300w, https:\/\/www.ahmadiyya-islam.org\/hr\/wp-content\/uploads\/sites\/22\/2021\/05\/22-768x543.jpg 768w, https:\/\/www.ahmadiyya-islam.org\/hr\/wp-content\/uploads\/sites\/22\/2021\/05\/22.jpg 1200w\" sizes=\"auto, (max-width: 900px) 100vw, 900px\" \/><\/p>\n<p>U ovoj humanitarnoj akciji, kao novi volonter Humanity Firsta sudjelovao je i 16,5 godi\u0161nji gimnazijalac <strong>Martin.<\/strong> On je rekao kako mu je \u201eiznimna \u010dast volontirati u ovakvoj organizaciji i pomagati ljudima\u201c.<\/p>\n<p>\u201eLjepota je u prijateljstvu, a \u010dovjek se osje\u0107a ispunjen kada zna da je napravio ne\u0161to dobro kao \u0161to mi u Udruzi radimo. Poma\u017eem slagati pakete, nositi ih i obavljati sve \u0161to je potrebno. Osim toga, upoznao sam puno novih ljudi, a raduje me \u0161to smo mi, volonteri u Humanity Firstu ljudi iz raznih krajeva svijeta i raznih vjera. Nakon na\u0161ih akcija, dru\u017eimo se, razmjenjujemo mi\u0161ljenja, i to uvijek uz osmijeh i radost\u201c, rekao je Martin.<\/p>\n<p>Humanity First i dalje nastavlja sa svojim humanitarnim akcijama, a slogan udruge je \u201eu slu\u017ebi \u010dovje\u010danstva\u201c.<\/p>\n","protected":false},"excerpt":{"rendered":"<p>ZAGREB, 17. svibnja &#8211; Humanitarna udruga Humanity First Hrvatska i ove je godine nakon blagdana Bajrama, ponovno iskazala svoju humanost. U Brezovici su u subotu podijeljena 72 paketa hrane za potrebite obitelji. Prije toga, u srijedu su podijeljena 32 paketa hrane za obitelji iz Sirije, ali koje \u017eive u Zagrebu, Sisku i u Karlovcu. Pakete<\/p>\n","protected":false},"author":77,"featured_media":1975,"comment_status":"closed","ping_status":"closed","sticky":false,"template":"","format":"standard","meta":{"_acf_changed":false,"footnotes":""},"categories":[10],"tags":[312,167,86],"topics":[18],"authors":[],"geo_locations":[],"content_source":[],"class_list":["post-1972","post","type-post","status-publish","format-standard","has-post-thumbnail","hentry","category-humanity-first-hrvatska","tag-bajram","tag-donacija","tag-humanity-first","topics-humanity-first"],"acf":[],"yoast_head":"<!-- This site is optimized with the Yoast SEO Premium plugin v21.1 (Yoast SEO v27.4) - https:\/\/yoast.com\/product\/yoast-seo-premium-wordpress\/ -->\n<title>Humanity First je podijelio pakete hrane za vrijeme Bajrama<\/title>\n<meta name=\"description\" content=\"U Brezovici su u subotu podijeljena 72 paketa hrane za potrebite obitelji. Prije toga, u srijedu su podijeljena 32 paketa hrane.\" \/>\n<meta name=\"robots\" content=\"index, follow, max-snippet:-1, max-image-preview:large, max-video-preview:-1\" \/>\n<link rel=\"canonical\" href=\"https:\/\/www.ahmadiyya-islam.org\/hr\/humanity-first\/humanity-first-hrvatska\/humanity-first-je-podijelio-pakete-hrane-za-vrijeme-bajrama\/\" \/>\n<meta property=\"og:locale\" content=\"hr_HR\" \/>\n<meta property=\"og:type\" content=\"article\" \/>\n<meta property=\"og:title\" content=\"Humanity First je podijelio pakete hrane za vrijeme Bajrama\" \/>\n<meta property=\"og:description\" content=\"U Brezovici su u subotu podijeljena 72 paketa hrane za potrebite obitelji. Prije toga, u srijedu su podijeljena 32 paketa hrane.\" \/>\n<meta property=\"og:url\" content=\"https:\/\/www.ahmadiyya-islam.org\/hr\/humanity-first\/humanity-first-hrvatska\/humanity-first-je-podijelio-pakete-hrane-za-vrijeme-bajrama\/\" \/>\n<meta property=\"og:site_name\" content=\"Ahmadija muslimanski d\u017eamat\" \/>\n<meta property=\"article:published_time\" content=\"2021-05-18T08:54:37+00:00\" \/>\n<meta property=\"og:image\" content=\"https:\/\/www.ahmadiyya-islam.org\/hr\/wp-content\/uploads\/sites\/22\/2021\/05\/Humanity-First-02.jpg\" \/>\n\t<meta property=\"og:image:width\" content=\"2048\" \/>\n\t<meta property=\"og:image:height\" content=\"1365\" \/>\n\t<meta property=\"og:image:type\" content=\"image\/jpeg\" \/>\n<meta name=\"author\" content=\"ranamunawar\" \/>\n<meta name=\"twitter:card\" content=\"summary_large_image\" \/>\n<meta name=\"twitter:label1\" content=\"Napisao\/la\" \/>\n\t<meta name=\"twitter:data1\" content=\"ranamunawar\" \/>\n\t<meta name=\"twitter:label2\" content=\"Procijenjeno vrijeme \u010ditanja\" \/>\n\t<meta name=\"twitter:data2\" content=\"2 minute\" \/>\n<script type=\"application\/ld+json\" class=\"yoast-schema-graph\">{\"@context\":\"https:\\\/\\\/schema.org\",\"@graph\":[{\"@type\":\"Article\",\"@id\":\"https:\\\/\\\/www.ahmadiyya-islam.org\\\/hr\\\/humanity-first\\\/humanity-first-hrvatska\\\/humanity-first-je-podijelio-pakete-hrane-za-vrijeme-bajrama\\\/#article\",\"isPartOf\":{\"@id\":\"https:\\\/\\\/www.ahmadiyya-islam.org\\\/hr\\\/humanity-first\\\/humanity-first-hrvatska\\\/humanity-first-je-podijelio-pakete-hrane-za-vrijeme-bajrama\\\/\"},\"author\":{\"name\":\"ranamunawar\",\"@id\":\"https:\\\/\\\/www.ahmadiyya-islam.org\\\/hr\\\/#\\\/schema\\\/person\\\/4d74f28572ca6c7fa65111daa316ed65\"},\"headline\":\"Humanity First je podijelio pakete hrane za vrijeme Bajrama\",\"datePublished\":\"2021-05-18T08:54:37+00:00\",\"mainEntityOfPage\":{\"@id\":\"https:\\\/\\\/www.ahmadiyya-islam.org\\\/hr\\\/humanity-first\\\/humanity-first-hrvatska\\\/humanity-first-je-podijelio-pakete-hrane-za-vrijeme-bajrama\\\/\"},\"wordCount\":262,\"image\":{\"@id\":\"https:\\\/\\\/www.ahmadiyya-islam.org\\\/hr\\\/humanity-first\\\/humanity-first-hrvatska\\\/humanity-first-je-podijelio-pakete-hrane-za-vrijeme-bajrama\\\/#primaryimage\"},\"thumbnailUrl\":\"https:\\\/\\\/www.ahmadiyya-islam.org\\\/hr\\\/wp-content\\\/uploads\\\/sites\\\/22\\\/2021\\\/05\\\/Humanity-First-02.jpg\",\"keywords\":[\"Bajram\",\"donacija\",\"Humanity First\"],\"articleSection\":[\"Humanity First Hrvatska\"],\"inLanguage\":\"hr\"},{\"@type\":\"WebPage\",\"@id\":\"https:\\\/\\\/www.ahmadiyya-islam.org\\\/hr\\\/humanity-first\\\/humanity-first-hrvatska\\\/humanity-first-je-podijelio-pakete-hrane-za-vrijeme-bajrama\\\/\",\"url\":\"https:\\\/\\\/www.ahmadiyya-islam.org\\\/hr\\\/humanity-first\\\/humanity-first-hrvatska\\\/humanity-first-je-podijelio-pakete-hrane-za-vrijeme-bajrama\\\/\",\"name\":\"Humanity First je podijelio pakete hrane za vrijeme Bajrama\",\"isPartOf\":{\"@id\":\"https:\\\/\\\/www.ahmadiyya-islam.org\\\/hr\\\/#website\"},\"primaryImageOfPage\":{\"@id\":\"https:\\\/\\\/www.ahmadiyya-islam.org\\\/hr\\\/humanity-first\\\/humanity-first-hrvatska\\\/humanity-first-je-podijelio-pakete-hrane-za-vrijeme-bajrama\\\/#primaryimage\"},\"image\":{\"@id\":\"https:\\\/\\\/www.ahmadiyya-islam.org\\\/hr\\\/humanity-first\\\/humanity-first-hrvatska\\\/humanity-first-je-podijelio-pakete-hrane-za-vrijeme-bajrama\\\/#primaryimage\"},\"thumbnailUrl\":\"https:\\\/\\\/www.ahmadiyya-islam.org\\\/hr\\\/wp-content\\\/uploads\\\/sites\\\/22\\\/2021\\\/05\\\/Humanity-First-02.jpg\",\"datePublished\":\"2021-05-18T08:54:37+00:00\",\"author\":{\"@id\":\"https:\\\/\\\/www.ahmadiyya-islam.org\\\/hr\\\/#\\\/schema\\\/person\\\/4d74f28572ca6c7fa65111daa316ed65\"},\"description\":\"U Brezovici su u subotu podijeljena 72 paketa hrane za potrebite obitelji. Prije toga, u srijedu su podijeljena 32 paketa hrane.\",\"breadcrumb\":{\"@id\":\"https:\\\/\\\/www.ahmadiyya-islam.org\\\/hr\\\/humanity-first\\\/humanity-first-hrvatska\\\/humanity-first-je-podijelio-pakete-hrane-za-vrijeme-bajrama\\\/#breadcrumb\"},\"inLanguage\":\"hr\",\"potentialAction\":[{\"@type\":\"ReadAction\",\"target\":[\"https:\\\/\\\/www.ahmadiyya-islam.org\\\/hr\\\/humanity-first\\\/humanity-first-hrvatska\\\/humanity-first-je-podijelio-pakete-hrane-za-vrijeme-bajrama\\\/\"]}]},{\"@type\":\"ImageObject\",\"inLanguage\":\"hr\",\"@id\":\"https:\\\/\\\/www.ahmadiyya-islam.org\\\/hr\\\/humanity-first\\\/humanity-first-hrvatska\\\/humanity-first-je-podijelio-pakete-hrane-za-vrijeme-bajrama\\\/#primaryimage\",\"url\":\"https:\\\/\\\/www.ahmadiyya-islam.org\\\/hr\\\/wp-content\\\/uploads\\\/sites\\\/22\\\/2021\\\/05\\\/Humanity-First-02.jpg\",\"contentUrl\":\"https:\\\/\\\/www.ahmadiyya-islam.org\\\/hr\\\/wp-content\\\/uploads\\\/sites\\\/22\\\/2021\\\/05\\\/Humanity-First-02.jpg\",\"width\":2048,\"height\":1365,\"caption\":\"Humanity First Brezovica\"},{\"@type\":\"BreadcrumbList\",\"@id\":\"https:\\\/\\\/www.ahmadiyya-islam.org\\\/hr\\\/humanity-first\\\/humanity-first-hrvatska\\\/humanity-first-je-podijelio-pakete-hrane-za-vrijeme-bajrama\\\/#breadcrumb\",\"itemListElement\":[{\"@type\":\"ListItem\",\"position\":1,\"name\":\"Home\",\"item\":\"https:\\\/\\\/www.ahmadiyya-islam.org\\\/hr\\\/\"},{\"@type\":\"ListItem\",\"position\":2,\"name\":\"Humanity First je podijelio pakete hrane za vrijeme Bajrama\"}]},{\"@type\":\"WebSite\",\"@id\":\"https:\\\/\\\/www.ahmadiyya-islam.org\\\/hr\\\/#website\",\"url\":\"https:\\\/\\\/www.ahmadiyya-islam.org\\\/hr\\\/\",\"name\":\"Ahmadija muslimanski d\u017eamat\",\"description\":\"Hrvatska\",\"potentialAction\":[{\"@type\":\"SearchAction\",\"target\":{\"@type\":\"EntryPoint\",\"urlTemplate\":\"https:\\\/\\\/www.ahmadiyya-islam.org\\\/hr\\\/?s={search_term_string}\"},\"query-input\":{\"@type\":\"PropertyValueSpecification\",\"valueRequired\":true,\"valueName\":\"search_term_string\"}}],\"inLanguage\":\"hr\"},{\"@type\":\"Person\",\"@id\":\"https:\\\/\\\/www.ahmadiyya-islam.org\\\/hr\\\/#\\\/schema\\\/person\\\/4d74f28572ca6c7fa65111daa316ed65\",\"name\":\"ranamunawar\",\"url\":\"https:\\\/\\\/www.ahmadiyya-islam.org\\\/hr\\\/author\\\/ranamunawar\\\/\"}]}<\/script>\n<!-- \/ Yoast SEO Premium plugin. -->","yoast_head_json":{"title":"Humanity First je podijelio pakete hrane za vrijeme Bajrama","description":"U Brezovici su u subotu podijeljena 72 paketa hrane za potrebite obitelji. Prije toga, u srijedu su podijeljena 32 paketa hrane.","robots":{"index":"index","follow":"follow","max-snippet":"max-snippet:-1","max-image-preview":"max-image-preview:large","max-video-preview":"max-video-preview:-1"},"canonical":"https:\/\/www.ahmadiyya-islam.org\/hr\/humanity-first\/humanity-first-hrvatska\/humanity-first-je-podijelio-pakete-hrane-za-vrijeme-bajrama\/","og_locale":"hr_HR","og_type":"article","og_title":"Humanity First je podijelio pakete hrane za vrijeme Bajrama","og_description":"U Brezovici su u subotu podijeljena 72 paketa hrane za potrebite obitelji. Prije toga, u srijedu su podijeljena 32 paketa hrane.","og_url":"https:\/\/www.ahmadiyya-islam.org\/hr\/humanity-first\/humanity-first-hrvatska\/humanity-first-je-podijelio-pakete-hrane-za-vrijeme-bajrama\/","og_site_name":"Ahmadija muslimanski d\u017eamat","article_published_time":"2021-05-18T08:54:37+00:00","og_image":[{"width":2048,"height":1365,"url":"https:\/\/www.ahmadiyya-islam.org\/hr\/wp-content\/uploads\/sites\/22\/2021\/05\/Humanity-First-02.jpg","type":"image\/jpeg"}],"author":"ranamunawar","twitter_card":"summary_large_image","twitter_misc":{"Napisao\/la":"ranamunawar","Procijenjeno vrijeme \u010ditanja":"2 minute"},"schema":{"@context":"https:\/\/schema.org","@graph":[{"@type":"Article","@id":"https:\/\/www.ahmadiyya-islam.org\/hr\/humanity-first\/humanity-first-hrvatska\/humanity-first-je-podijelio-pakete-hrane-za-vrijeme-bajrama\/#article","isPartOf":{"@id":"https:\/\/www.ahmadiyya-islam.org\/hr\/humanity-first\/humanity-first-hrvatska\/humanity-first-je-podijelio-pakete-hrane-za-vrijeme-bajrama\/"},"author":{"name":"ranamunawar","@id":"https:\/\/www.ahmadiyya-islam.org\/hr\/#\/schema\/person\/4d74f28572ca6c7fa65111daa316ed65"},"headline":"Humanity First je podijelio pakete hrane za vrijeme Bajrama","datePublished":"2021-05-18T08:54:37+00:00","mainEntityOfPage":{"@id":"https:\/\/www.ahmadiyya-islam.org\/hr\/humanity-first\/humanity-first-hrvatska\/humanity-first-je-podijelio-pakete-hrane-za-vrijeme-bajrama\/"},"wordCount":262,"image":{"@id":"https:\/\/www.ahmadiyya-islam.org\/hr\/humanity-first\/humanity-first-hrvatska\/humanity-first-je-podijelio-pakete-hrane-za-vrijeme-bajrama\/#primaryimage"},"thumbnailUrl":"https:\/\/www.ahmadiyya-islam.org\/hr\/wp-content\/uploads\/sites\/22\/2021\/05\/Humanity-First-02.jpg","keywords":["Bajram","donacija","Humanity First"],"articleSection":["Humanity First Hrvatska"],"inLanguage":"hr"},{"@type":"WebPage","@id":"https:\/\/www.ahmadiyya-islam.org\/hr\/humanity-first\/humanity-first-hrvatska\/humanity-first-je-podijelio-pakete-hrane-za-vrijeme-bajrama\/","url":"https:\/\/www.ahmadiyya-islam.org\/hr\/humanity-first\/humanity-first-hrvatska\/humanity-first-je-podijelio-pakete-hrane-za-vrijeme-bajrama\/","name":"Humanity First je podijelio pakete hrane za vrijeme Bajrama","isPartOf":{"@id":"https:\/\/www.ahmadiyya-islam.org\/hr\/#website"},"primaryImageOfPage":{"@id":"https:\/\/www.ahmadiyya-islam.org\/hr\/humanity-first\/humanity-first-hrvatska\/humanity-first-je-podijelio-pakete-hrane-za-vrijeme-bajrama\/#primaryimage"},"image":{"@id":"https:\/\/www.ahmadiyya-islam.org\/hr\/humanity-first\/humanity-first-hrvatska\/humanity-first-je-podijelio-pakete-hrane-za-vrijeme-bajrama\/#primaryimage"},"thumbnailUrl":"https:\/\/www.ahmadiyya-islam.org\/hr\/wp-content\/uploads\/sites\/22\/2021\/05\/Humanity-First-02.jpg","datePublished":"2021-05-18T08:54:37+00:00","author":{"@id":"https:\/\/www.ahmadiyya-islam.org\/hr\/#\/schema\/person\/4d74f28572ca6c7fa65111daa316ed65"},"description":"U Brezovici su u subotu podijeljena 72 paketa hrane za potrebite obitelji. Prije toga, u srijedu su podijeljena 32 paketa hrane.","breadcrumb":{"@id":"https:\/\/www.ahmadiyya-islam.org\/hr\/humanity-first\/humanity-first-hrvatska\/humanity-first-je-podijelio-pakete-hrane-za-vrijeme-bajrama\/#breadcrumb"},"inLanguage":"hr","potentialAction":[{"@type":"ReadAction","target":["https:\/\/www.ahmadiyya-islam.org\/hr\/humanity-first\/humanity-first-hrvatska\/humanity-first-je-podijelio-pakete-hrane-za-vrijeme-bajrama\/"]}]},{"@type":"ImageObject","inLanguage":"hr","@id":"https:\/\/www.ahmadiyya-islam.org\/hr\/humanity-first\/humanity-first-hrvatska\/humanity-first-je-podijelio-pakete-hrane-za-vrijeme-bajrama\/#primaryimage","url":"https:\/\/www.ahmadiyya-islam.org\/hr\/wp-content\/uploads\/sites\/22\/2021\/05\/Humanity-First-02.jpg","contentUrl":"https:\/\/www.ahmadiyya-islam.org\/hr\/wp-content\/uploads\/sites\/22\/2021\/05\/Humanity-First-02.jpg","width":2048,"height":1365,"caption":"Humanity First Brezovica"},{"@type":"BreadcrumbList","@id":"https:\/\/www.ahmadiyya-islam.org\/hr\/humanity-first\/humanity-first-hrvatska\/humanity-first-je-podijelio-pakete-hrane-za-vrijeme-bajrama\/#breadcrumb","itemListElement":[{"@type":"ListItem","position":1,"name":"Home","item":"https:\/\/www.ahmadiyya-islam.org\/hr\/"},{"@type":"ListItem","position":2,"name":"Humanity First je podijelio pakete hrane za vrijeme Bajrama"}]},{"@type":"WebSite","@id":"https:\/\/www.ahmadiyya-islam.org\/hr\/#website","url":"https:\/\/www.ahmadiyya-islam.org\/hr\/","name":"Ahmadija muslimanski d\u017eamat","description":"Hrvatska","potentialAction":[{"@type":"SearchAction","target":{"@type":"EntryPoint","urlTemplate":"https:\/\/www.ahmadiyya-islam.org\/hr\/?s={search_term_string}"},"query-input":{"@type":"PropertyValueSpecification","valueRequired":true,"valueName":"search_term_string"}}],"inLanguage":"hr"},{"@type":"Person","@id":"https:\/\/www.ahmadiyya-islam.org\/hr\/#\/schema\/person\/4d74f28572ca6c7fa65111daa316ed65","name":"ranamunawar","url":"https:\/\/www.ahmadiyya-islam.org\/hr\/author\/ranamunawar\/"}]}},"_links":{"self":[{"href":"https:\/\/www.ahmadiyya-islam.org\/hr\/wp-json\/wp\/v2\/posts\/1972","targetHints":{"allow":["GET"]}}],"collection":[{"href":"https:\/\/www.ahmadiyya-islam.org\/hr\/wp-json\/wp\/v2\/posts"}],"about":[{"href":"https:\/\/www.ahmadiyya-islam.org\/hr\/wp-json\/wp\/v2\/types\/post"}],"author":[{"embeddable":true,"href":"https:\/\/www.ahmadiyya-islam.org\/hr\/wp-json\/wp\/v2\/users\/77"}],"replies":[{"embeddable":true,"href":"https:\/\/www.ahmadiyya-islam.org\/hr\/wp-json\/wp\/v2\/comments?post=1972"}],"version-history":[{"count":0,"href":"https:\/\/www.ahmadiyya-islam.org\/hr\/wp-json\/wp\/v2\/posts\/1972\/revisions"}],"wp:featuredmedia":[{"embeddable":true,"href":"https:\/\/www.ahmadiyya-islam.org\/hr\/wp-json\/wp\/v2\/media\/1975"}],"wp:attachment":[{"href":"https:\/\/www.ahmadiyya-islam.org\/hr\/wp-json\/wp\/v2\/media?parent=1972"}],"wp:term":[{"taxonomy":"category","embeddable":true,"href":"https:\/\/www.ahmadiyya-islam.org\/hr\/wp-json\/wp\/v2\/categories?post=1972"},{"taxonomy":"post_tag","embeddable":true,"href":"https:\/\/www.ahmadiyya-islam.org\/hr\/wp-json\/wp\/v2\/tags?post=1972"},{"taxonomy":"topics","embeddable":true,"href":"https:\/\/www.ahmadiyya-islam.org\/hr\/wp-json\/wp\/v2\/topics?post=1972"},{"taxonomy":"authors","embeddable":true,"href":"https:\/\/www.ahmadiyya-islam.org\/hr\/wp-json\/wp\/v2\/authors?post=1972"},{"taxonomy":"geo_locations","embeddable":true,"href":"https:\/\/www.ahmadiyya-islam.org\/hr\/wp-json\/wp\/v2\/geo_locations?post=1972"},{"taxonomy":"content_source","embeddable":true,"href":"https:\/\/www.ahmadiyya-islam.org\/hr\/wp-json\/wp\/v2\/content_source?post=1972"}],"curies":[{"name":"wp","href":"https:\/\/api.w.org\/{rel}","templated":true}]}}