{"id":1906,"date":"2021-04-03T11:33:40","date_gmt":"2021-04-03T11:33:40","guid":{"rendered":"https:\/\/www.ahmadiyya-islam.org\/hr\/?p=1906"},"modified":"2021-04-03T11:34:22","modified_gmt":"2021-04-03T11:34:22","slug":"ahmadija-muslimanska-zajednica-u-humanitarnoj-akciji-prije-uskrsa","status":"publish","type":"post","link":"https:\/\/www.ahmadiyya-islam.org\/hr\/ahmadija\/ahmadija-muslimanska-zajednica-u-humanitarnoj-akciji-prije-uskrsa\/","title":{"rendered":"Ahmadija muslimanska zajednica u humanitarnoj akciji prije Uskrsa"},"content":{"rendered":"<p>Ahmadija muslimanski d\u017eamat nije ni u ovo pandemijsko vrijeme prekinuo tradiciju darivanja potrebitih obitelji i samaca iz Brezovice, u ove blagdanske dane. Kao i pro\u0161lih godine, s najljep\u0161im \u017eeljama za sretan Uskrs, pripremljeno je preko sedamdest paketa sa prigodnim namirnicama, uklju\u010duju\u0107i kako to obi\u010daji nala\u017eu i jaja, i u sradnji s na\u010delnicom g\u0111om Marinom Pucevi\u0107 i volonterima s terena podijeljeno je u lokalnoj zajednici. Tako se nastavila dobra suradnja, briga i suosje\u0107anje za one najpotrebnije u njihovom okru\u017eenju s vjerom da je to u njihove domove unijelo radost i zadovoljstvo. Pokazali su da iskrena humanost ne poznaje granice i razlike i da uvijek ide iz srca.<\/p>\n<p style=\"text-align: center\"><em>&#8220;Ljubav za sve mr\u017enja ni za koga&#8221;<\/em><\/p>\n<p><img loading=\"lazy\" decoding=\"async\" class=\"aligncenter size-large wp-image-1909\" src=\"http:\/\/www.ahmadiyya-islam.org\/hr\/wp-content\/uploads\/sites\/22\/2021\/04\/Ahmadija-Uskrs-3--1024x630.jpg\" alt=\"Sretan Uskrs - Ahmadija\" width=\"900\" height=\"554\" srcset=\"https:\/\/www.ahmadiyya-islam.org\/hr\/wp-content\/uploads\/sites\/22\/2021\/04\/Ahmadija-Uskrs-3--1024x630.jpg 1024w, https:\/\/www.ahmadiyya-islam.org\/hr\/wp-content\/uploads\/sites\/22\/2021\/04\/Ahmadija-Uskrs-3--300x185.jpg 300w, https:\/\/www.ahmadiyya-islam.org\/hr\/wp-content\/uploads\/sites\/22\/2021\/04\/Ahmadija-Uskrs-3--768x472.jpg 768w, https:\/\/www.ahmadiyya-islam.org\/hr\/wp-content\/uploads\/sites\/22\/2021\/04\/Ahmadija-Uskrs-3--1536x945.jpg 1536w, https:\/\/www.ahmadiyya-islam.org\/hr\/wp-content\/uploads\/sites\/22\/2021\/04\/Ahmadija-Uskrs-3-.jpg 1702w\" sizes=\"auto, (max-width: 900px) 100vw, 900px\" \/><\/p>\n","protected":false},"excerpt":{"rendered":"<p>Ahmadija muslimanski d\u017eamat nije ni u ovo pandemijsko vrijeme prekinuo tradiciju darivanja potrebitih obitelji i samaca iz Brezovice, u ove blagdanske dane. Kao i pro\u0161lih godine, s najljep\u0161im \u017eeljama za sretan Uskrs, pripremljeno je preko sedamdest paketa sa prigodnim namirnicama, uklju\u010duju\u0107i kako to obi\u010daji nala\u017eu i jaja, i u sradnji s na\u010delnicom g\u0111om Marinom Pucevi\u0107<\/p>\n","protected":false},"author":77,"featured_media":1908,"comment_status":"closed","ping_status":"closed","sticky":false,"template":"","format":"standard","meta":{"_acf_changed":false,"footnotes":""},"categories":[272],"tags":[35,105,176,301],"topics":[],"authors":[],"geo_locations":[],"content_source":[],"class_list":["post-1906","post","type-post","status-publish","format-standard","has-post-thumbnail","hentry","category-ahmadija","tag-ahmadija","tag-brezovica","tag-humanitarna-akcija","tag-uskrs"],"acf":[],"yoast_head":"<!-- This site is optimized with the Yoast SEO Premium plugin v21.1 (Yoast SEO v27.4) - https:\/\/yoast.com\/product\/yoast-seo-premium-wordpress\/ -->\n<title>Ahmadija muslimanska zajednica u humanitarnoj akciji prije Uskrsa<\/title>\n<meta name=\"description\" content=\"Pripremljeno je preko sedamdest paketa sa prigodnim namirnicama u sradnji s na\u010delnicom g\u0111om Marinom Pucevi\u0107 za lokalnu zajednicu u Brezovici\" \/>\n<meta name=\"robots\" content=\"index, follow, max-snippet:-1, max-image-preview:large, max-video-preview:-1\" \/>\n<link rel=\"canonical\" href=\"https:\/\/www.ahmadiyya-islam.org\/hr\/ahmadija\/ahmadija-muslimanska-zajednica-u-humanitarnoj-akciji-prije-uskrsa\/\" \/>\n<meta property=\"og:locale\" content=\"hr_HR\" \/>\n<meta property=\"og:type\" content=\"article\" \/>\n<meta property=\"og:title\" content=\"Ahmadija muslimanska zajednica u humanitarnoj akciji prije Uskrsa\" \/>\n<meta property=\"og:description\" content=\"Pripremljeno je preko sedamdest paketa sa prigodnim namirnicama u sradnji s na\u010delnicom g\u0111om Marinom Pucevi\u0107 za lokalnu zajednicu u Brezovici\" \/>\n<meta property=\"og:url\" content=\"https:\/\/www.ahmadiyya-islam.org\/hr\/ahmadija\/ahmadija-muslimanska-zajednica-u-humanitarnoj-akciji-prije-uskrsa\/\" \/>\n<meta property=\"og:site_name\" content=\"Ahmadija muslimanski d\u017eamat\" \/>\n<meta property=\"article:published_time\" content=\"2021-04-03T11:33:40+00:00\" \/>\n<meta property=\"article:modified_time\" content=\"2021-04-03T11:34:22+00:00\" \/>\n<meta property=\"og:image\" content=\"https:\/\/www.ahmadiyya-islam.org\/hr\/wp-content\/uploads\/sites\/22\/2021\/04\/Uskrs-web-.jpg\" \/>\n\t<meta property=\"og:image:width\" content=\"1650\" \/>\n\t<meta property=\"og:image:height\" content=\"750\" \/>\n\t<meta property=\"og:image:type\" content=\"image\/jpeg\" \/>\n<meta name=\"author\" content=\"ranamunawar\" \/>\n<meta name=\"twitter:card\" content=\"summary_large_image\" \/>\n<meta name=\"twitter:label1\" content=\"Napisao\/la\" \/>\n\t<meta name=\"twitter:data1\" content=\"ranamunawar\" \/>\n\t<meta name=\"twitter:label2\" content=\"Procijenjeno vrijeme \u010ditanja\" \/>\n\t<meta name=\"twitter:data2\" content=\"1 minuta\" \/>\n<script type=\"application\/ld+json\" class=\"yoast-schema-graph\">{\"@context\":\"https:\\\/\\\/schema.org\",\"@graph\":[{\"@type\":\"Article\",\"@id\":\"https:\\\/\\\/www.ahmadiyya-islam.org\\\/hr\\\/ahmadija\\\/ahmadija-muslimanska-zajednica-u-humanitarnoj-akciji-prije-uskrsa\\\/#article\",\"isPartOf\":{\"@id\":\"https:\\\/\\\/www.ahmadiyya-islam.org\\\/hr\\\/ahmadija\\\/ahmadija-muslimanska-zajednica-u-humanitarnoj-akciji-prije-uskrsa\\\/\"},\"author\":{\"name\":\"ranamunawar\",\"@id\":\"https:\\\/\\\/www.ahmadiyya-islam.org\\\/hr\\\/#\\\/schema\\\/person\\\/4d74f28572ca6c7fa65111daa316ed65\"},\"headline\":\"Ahmadija muslimanska zajednica u humanitarnoj akciji prije Uskrsa\",\"datePublished\":\"2021-04-03T11:33:40+00:00\",\"dateModified\":\"2021-04-03T11:34:22+00:00\",\"mainEntityOfPage\":{\"@id\":\"https:\\\/\\\/www.ahmadiyya-islam.org\\\/hr\\\/ahmadija\\\/ahmadija-muslimanska-zajednica-u-humanitarnoj-akciji-prije-uskrsa\\\/\"},\"wordCount\":133,\"image\":{\"@id\":\"https:\\\/\\\/www.ahmadiyya-islam.org\\\/hr\\\/ahmadija\\\/ahmadija-muslimanska-zajednica-u-humanitarnoj-akciji-prije-uskrsa\\\/#primaryimage\"},\"thumbnailUrl\":\"https:\\\/\\\/www.ahmadiyya-islam.org\\\/hr\\\/wp-content\\\/uploads\\\/sites\\\/22\\\/2021\\\/04\\\/Uskrs-web-.jpg\",\"keywords\":[\"Ahmadija\",\"Brezovica\",\"humanitarna akcija\",\"Uskrs\"],\"articleSection\":[\"Ahmadija\"],\"inLanguage\":\"hr\"},{\"@type\":\"WebPage\",\"@id\":\"https:\\\/\\\/www.ahmadiyya-islam.org\\\/hr\\\/ahmadija\\\/ahmadija-muslimanska-zajednica-u-humanitarnoj-akciji-prije-uskrsa\\\/\",\"url\":\"https:\\\/\\\/www.ahmadiyya-islam.org\\\/hr\\\/ahmadija\\\/ahmadija-muslimanska-zajednica-u-humanitarnoj-akciji-prije-uskrsa\\\/\",\"name\":\"Ahmadija muslimanska zajednica u humanitarnoj akciji prije Uskrsa\",\"isPartOf\":{\"@id\":\"https:\\\/\\\/www.ahmadiyya-islam.org\\\/hr\\\/#website\"},\"primaryImageOfPage\":{\"@id\":\"https:\\\/\\\/www.ahmadiyya-islam.org\\\/hr\\\/ahmadija\\\/ahmadija-muslimanska-zajednica-u-humanitarnoj-akciji-prije-uskrsa\\\/#primaryimage\"},\"image\":{\"@id\":\"https:\\\/\\\/www.ahmadiyya-islam.org\\\/hr\\\/ahmadija\\\/ahmadija-muslimanska-zajednica-u-humanitarnoj-akciji-prije-uskrsa\\\/#primaryimage\"},\"thumbnailUrl\":\"https:\\\/\\\/www.ahmadiyya-islam.org\\\/hr\\\/wp-content\\\/uploads\\\/sites\\\/22\\\/2021\\\/04\\\/Uskrs-web-.jpg\",\"datePublished\":\"2021-04-03T11:33:40+00:00\",\"dateModified\":\"2021-04-03T11:34:22+00:00\",\"author\":{\"@id\":\"https:\\\/\\\/www.ahmadiyya-islam.org\\\/hr\\\/#\\\/schema\\\/person\\\/4d74f28572ca6c7fa65111daa316ed65\"},\"description\":\"Pripremljeno je preko sedamdest paketa sa prigodnim namirnicama u sradnji s na\u010delnicom g\u0111om Marinom Pucevi\u0107 za lokalnu zajednicu u Brezovici\",\"breadcrumb\":{\"@id\":\"https:\\\/\\\/www.ahmadiyya-islam.org\\\/hr\\\/ahmadija\\\/ahmadija-muslimanska-zajednica-u-humanitarnoj-akciji-prije-uskrsa\\\/#breadcrumb\"},\"inLanguage\":\"hr\",\"potentialAction\":[{\"@type\":\"ReadAction\",\"target\":[\"https:\\\/\\\/www.ahmadiyya-islam.org\\\/hr\\\/ahmadija\\\/ahmadija-muslimanska-zajednica-u-humanitarnoj-akciji-prije-uskrsa\\\/\"]}]},{\"@type\":\"ImageObject\",\"inLanguage\":\"hr\",\"@id\":\"https:\\\/\\\/www.ahmadiyya-islam.org\\\/hr\\\/ahmadija\\\/ahmadija-muslimanska-zajednica-u-humanitarnoj-akciji-prije-uskrsa\\\/#primaryimage\",\"url\":\"https:\\\/\\\/www.ahmadiyya-islam.org\\\/hr\\\/wp-content\\\/uploads\\\/sites\\\/22\\\/2021\\\/04\\\/Uskrs-web-.jpg\",\"contentUrl\":\"https:\\\/\\\/www.ahmadiyya-islam.org\\\/hr\\\/wp-content\\\/uploads\\\/sites\\\/22\\\/2021\\\/04\\\/Uskrs-web-.jpg\",\"width\":1650,\"height\":750,\"caption\":\"Sretan Uskrs - Ahmadija\"},{\"@type\":\"BreadcrumbList\",\"@id\":\"https:\\\/\\\/www.ahmadiyya-islam.org\\\/hr\\\/ahmadija\\\/ahmadija-muslimanska-zajednica-u-humanitarnoj-akciji-prije-uskrsa\\\/#breadcrumb\",\"itemListElement\":[{\"@type\":\"ListItem\",\"position\":1,\"name\":\"Home\",\"item\":\"https:\\\/\\\/www.ahmadiyya-islam.org\\\/hr\\\/\"},{\"@type\":\"ListItem\",\"position\":2,\"name\":\"Ahmadija muslimanska zajednica u humanitarnoj akciji prije Uskrsa\"}]},{\"@type\":\"WebSite\",\"@id\":\"https:\\\/\\\/www.ahmadiyya-islam.org\\\/hr\\\/#website\",\"url\":\"https:\\\/\\\/www.ahmadiyya-islam.org\\\/hr\\\/\",\"name\":\"Ahmadija muslimanski d\u017eamat\",\"description\":\"Hrvatska\",\"potentialAction\":[{\"@type\":\"SearchAction\",\"target\":{\"@type\":\"EntryPoint\",\"urlTemplate\":\"https:\\\/\\\/www.ahmadiyya-islam.org\\\/hr\\\/?s={search_term_string}\"},\"query-input\":{\"@type\":\"PropertyValueSpecification\",\"valueRequired\":true,\"valueName\":\"search_term_string\"}}],\"inLanguage\":\"hr\"},{\"@type\":\"Person\",\"@id\":\"https:\\\/\\\/www.ahmadiyya-islam.org\\\/hr\\\/#\\\/schema\\\/person\\\/4d74f28572ca6c7fa65111daa316ed65\",\"name\":\"ranamunawar\",\"url\":\"https:\\\/\\\/www.ahmadiyya-islam.org\\\/hr\\\/author\\\/ranamunawar\\\/\"}]}<\/script>\n<!-- \/ Yoast SEO Premium plugin. -->","yoast_head_json":{"title":"Ahmadija muslimanska zajednica u humanitarnoj akciji prije Uskrsa","description":"Pripremljeno je preko sedamdest paketa sa prigodnim namirnicama u sradnji s na\u010delnicom g\u0111om Marinom Pucevi\u0107 za lokalnu zajednicu u Brezovici","robots":{"index":"index","follow":"follow","max-snippet":"max-snippet:-1","max-image-preview":"max-image-preview:large","max-video-preview":"max-video-preview:-1"},"canonical":"https:\/\/www.ahmadiyya-islam.org\/hr\/ahmadija\/ahmadija-muslimanska-zajednica-u-humanitarnoj-akciji-prije-uskrsa\/","og_locale":"hr_HR","og_type":"article","og_title":"Ahmadija muslimanska zajednica u humanitarnoj akciji prije Uskrsa","og_description":"Pripremljeno je preko sedamdest paketa sa prigodnim namirnicama u sradnji s na\u010delnicom g\u0111om Marinom Pucevi\u0107 za lokalnu zajednicu u Brezovici","og_url":"https:\/\/www.ahmadiyya-islam.org\/hr\/ahmadija\/ahmadija-muslimanska-zajednica-u-humanitarnoj-akciji-prije-uskrsa\/","og_site_name":"Ahmadija muslimanski d\u017eamat","article_published_time":"2021-04-03T11:33:40+00:00","article_modified_time":"2021-04-03T11:34:22+00:00","og_image":[{"width":1650,"height":750,"url":"https:\/\/www.ahmadiyya-islam.org\/hr\/wp-content\/uploads\/sites\/22\/2021\/04\/Uskrs-web-.jpg","type":"image\/jpeg"}],"author":"ranamunawar","twitter_card":"summary_large_image","twitter_misc":{"Napisao\/la":"ranamunawar","Procijenjeno vrijeme \u010ditanja":"1 minuta"},"schema":{"@context":"https:\/\/schema.org","@graph":[{"@type":"Article","@id":"https:\/\/www.ahmadiyya-islam.org\/hr\/ahmadija\/ahmadija-muslimanska-zajednica-u-humanitarnoj-akciji-prije-uskrsa\/#article","isPartOf":{"@id":"https:\/\/www.ahmadiyya-islam.org\/hr\/ahmadija\/ahmadija-muslimanska-zajednica-u-humanitarnoj-akciji-prije-uskrsa\/"},"author":{"name":"ranamunawar","@id":"https:\/\/www.ahmadiyya-islam.org\/hr\/#\/schema\/person\/4d74f28572ca6c7fa65111daa316ed65"},"headline":"Ahmadija muslimanska zajednica u humanitarnoj akciji prije Uskrsa","datePublished":"2021-04-03T11:33:40+00:00","dateModified":"2021-04-03T11:34:22+00:00","mainEntityOfPage":{"@id":"https:\/\/www.ahmadiyya-islam.org\/hr\/ahmadija\/ahmadija-muslimanska-zajednica-u-humanitarnoj-akciji-prije-uskrsa\/"},"wordCount":133,"image":{"@id":"https:\/\/www.ahmadiyya-islam.org\/hr\/ahmadija\/ahmadija-muslimanska-zajednica-u-humanitarnoj-akciji-prije-uskrsa\/#primaryimage"},"thumbnailUrl":"https:\/\/www.ahmadiyya-islam.org\/hr\/wp-content\/uploads\/sites\/22\/2021\/04\/Uskrs-web-.jpg","keywords":["Ahmadija","Brezovica","humanitarna akcija","Uskrs"],"articleSection":["Ahmadija"],"inLanguage":"hr"},{"@type":"WebPage","@id":"https:\/\/www.ahmadiyya-islam.org\/hr\/ahmadija\/ahmadija-muslimanska-zajednica-u-humanitarnoj-akciji-prije-uskrsa\/","url":"https:\/\/www.ahmadiyya-islam.org\/hr\/ahmadija\/ahmadija-muslimanska-zajednica-u-humanitarnoj-akciji-prije-uskrsa\/","name":"Ahmadija muslimanska zajednica u humanitarnoj akciji prije Uskrsa","isPartOf":{"@id":"https:\/\/www.ahmadiyya-islam.org\/hr\/#website"},"primaryImageOfPage":{"@id":"https:\/\/www.ahmadiyya-islam.org\/hr\/ahmadija\/ahmadija-muslimanska-zajednica-u-humanitarnoj-akciji-prije-uskrsa\/#primaryimage"},"image":{"@id":"https:\/\/www.ahmadiyya-islam.org\/hr\/ahmadija\/ahmadija-muslimanska-zajednica-u-humanitarnoj-akciji-prije-uskrsa\/#primaryimage"},"thumbnailUrl":"https:\/\/www.ahmadiyya-islam.org\/hr\/wp-content\/uploads\/sites\/22\/2021\/04\/Uskrs-web-.jpg","datePublished":"2021-04-03T11:33:40+00:00","dateModified":"2021-04-03T11:34:22+00:00","author":{"@id":"https:\/\/www.ahmadiyya-islam.org\/hr\/#\/schema\/person\/4d74f28572ca6c7fa65111daa316ed65"},"description":"Pripremljeno je preko sedamdest paketa sa prigodnim namirnicama u sradnji s na\u010delnicom g\u0111om Marinom Pucevi\u0107 za lokalnu zajednicu u Brezovici","breadcrumb":{"@id":"https:\/\/www.ahmadiyya-islam.org\/hr\/ahmadija\/ahmadija-muslimanska-zajednica-u-humanitarnoj-akciji-prije-uskrsa\/#breadcrumb"},"inLanguage":"hr","potentialAction":[{"@type":"ReadAction","target":["https:\/\/www.ahmadiyya-islam.org\/hr\/ahmadija\/ahmadija-muslimanska-zajednica-u-humanitarnoj-akciji-prije-uskrsa\/"]}]},{"@type":"ImageObject","inLanguage":"hr","@id":"https:\/\/www.ahmadiyya-islam.org\/hr\/ahmadija\/ahmadija-muslimanska-zajednica-u-humanitarnoj-akciji-prije-uskrsa\/#primaryimage","url":"https:\/\/www.ahmadiyya-islam.org\/hr\/wp-content\/uploads\/sites\/22\/2021\/04\/Uskrs-web-.jpg","contentUrl":"https:\/\/www.ahmadiyya-islam.org\/hr\/wp-content\/uploads\/sites\/22\/2021\/04\/Uskrs-web-.jpg","width":1650,"height":750,"caption":"Sretan Uskrs - Ahmadija"},{"@type":"BreadcrumbList","@id":"https:\/\/www.ahmadiyya-islam.org\/hr\/ahmadija\/ahmadija-muslimanska-zajednica-u-humanitarnoj-akciji-prije-uskrsa\/#breadcrumb","itemListElement":[{"@type":"ListItem","position":1,"name":"Home","item":"https:\/\/www.ahmadiyya-islam.org\/hr\/"},{"@type":"ListItem","position":2,"name":"Ahmadija muslimanska zajednica u humanitarnoj akciji prije Uskrsa"}]},{"@type":"WebSite","@id":"https:\/\/www.ahmadiyya-islam.org\/hr\/#website","url":"https:\/\/www.ahmadiyya-islam.org\/hr\/","name":"Ahmadija muslimanski d\u017eamat","description":"Hrvatska","potentialAction":[{"@type":"SearchAction","target":{"@type":"EntryPoint","urlTemplate":"https:\/\/www.ahmadiyya-islam.org\/hr\/?s={search_term_string}"},"query-input":{"@type":"PropertyValueSpecification","valueRequired":true,"valueName":"search_term_string"}}],"inLanguage":"hr"},{"@type":"Person","@id":"https:\/\/www.ahmadiyya-islam.org\/hr\/#\/schema\/person\/4d74f28572ca6c7fa65111daa316ed65","name":"ranamunawar","url":"https:\/\/www.ahmadiyya-islam.org\/hr\/author\/ranamunawar\/"}]}},"_links":{"self":[{"href":"https:\/\/www.ahmadiyya-islam.org\/hr\/wp-json\/wp\/v2\/posts\/1906","targetHints":{"allow":["GET"]}}],"collection":[{"href":"https:\/\/www.ahmadiyya-islam.org\/hr\/wp-json\/wp\/v2\/posts"}],"about":[{"href":"https:\/\/www.ahmadiyya-islam.org\/hr\/wp-json\/wp\/v2\/types\/post"}],"author":[{"embeddable":true,"href":"https:\/\/www.ahmadiyya-islam.org\/hr\/wp-json\/wp\/v2\/users\/77"}],"replies":[{"embeddable":true,"href":"https:\/\/www.ahmadiyya-islam.org\/hr\/wp-json\/wp\/v2\/comments?post=1906"}],"version-history":[{"count":0,"href":"https:\/\/www.ahmadiyya-islam.org\/hr\/wp-json\/wp\/v2\/posts\/1906\/revisions"}],"wp:featuredmedia":[{"embeddable":true,"href":"https:\/\/www.ahmadiyya-islam.org\/hr\/wp-json\/wp\/v2\/media\/1908"}],"wp:attachment":[{"href":"https:\/\/www.ahmadiyya-islam.org\/hr\/wp-json\/wp\/v2\/media?parent=1906"}],"wp:term":[{"taxonomy":"category","embeddable":true,"href":"https:\/\/www.ahmadiyya-islam.org\/hr\/wp-json\/wp\/v2\/categories?post=1906"},{"taxonomy":"post_tag","embeddable":true,"href":"https:\/\/www.ahmadiyya-islam.org\/hr\/wp-json\/wp\/v2\/tags?post=1906"},{"taxonomy":"topics","embeddable":true,"href":"https:\/\/www.ahmadiyya-islam.org\/hr\/wp-json\/wp\/v2\/topics?post=1906"},{"taxonomy":"authors","embeddable":true,"href":"https:\/\/www.ahmadiyya-islam.org\/hr\/wp-json\/wp\/v2\/authors?post=1906"},{"taxonomy":"geo_locations","embeddable":true,"href":"https:\/\/www.ahmadiyya-islam.org\/hr\/wp-json\/wp\/v2\/geo_locations?post=1906"},{"taxonomy":"content_source","embeddable":true,"href":"https:\/\/www.ahmadiyya-islam.org\/hr\/wp-json\/wp\/v2\/content_source?post=1906"}],"curies":[{"name":"wp","href":"https:\/\/api.w.org\/{rel}","templated":true}]}}