{"id":1580,"date":"2020-12-16T16:18:11","date_gmt":"2020-12-16T16:18:11","guid":{"rendered":"https:\/\/www.ahmadiyya-islam.org\/hr\/?p=1580"},"modified":"2020-12-16T16:22:55","modified_gmt":"2020-12-16T16:22:55","slug":"humanity-first-hrvatska-urucila-donaciju-caritasu-zagrebacke-nadbiskupije","status":"publish","type":"post","link":"https:\/\/www.ahmadiyya-islam.org\/hr\/humanity-first\/humanity-first-hrvatska-urucila-donaciju-caritasu-zagrebacke-nadbiskupije\/","title":{"rendered":"Humanity First Hrvatska uru\u010dila donaciju Caritasu Zagreba\u010dke nadbiskupije"},"content":{"rendered":"<p>Donaciju 1.830 konzervi gove\u0111eg gula\u0161a predali su 16. prosinca u Caritasovoj Socijalnoj samoposluzi u Crnojezerskoj 18 u Zagrebu predsjednik Humanity First Hrvatska Munawwar Kahn i Sead Mulabegovi\u0107, zamjenik predsjednika Humanity First. U ime Caritasa Zagreba\u010dke nadbiskupije i potrebitih donaciju je primio i na njoj zahvalio Zvonko Erceg, tajnik Caritasa.<\/p>\n<p>Ovom predblagdanskom donacijom nastavlja se, bez obzira na sve okolnosti, jer su potrebe sve ve\u0107e, uspje\u0161na suradnja kojom Humanity First neprestano poma\u017ee potrebitima, ne gledaju\u0107i na boju, rasu, vjeru i naciju, \u0161to je bit slogana na\u0161e humanitarne udruge: <strong>\u00bbLjubav za sve, mr\u017enja ni za koga\u00ab<\/strong> &#8211; nagla\u0161ava Munawwar Kahn, predsjednik Humanity First, te obja\u0161njava: \u00bbHumanity First Hrvatska nastavlja svoju vi\u0161egodi\u0161nju uspje\u0161nu i dobru suradnju s Caritasom Zagreba\u010dke nadbiskupije, rade\u0107i svoje ili zajedni\u010dke projekte. Obi\u010dno se to doga\u0111a prigodom velikih blagdana, kao \u0161to su Uskrs, Bo\u017ei\u0107 i Bajrami, ali i u drugim situacijama kad je potrebna pomo\u0107 potrebitima i onima za koje skrbi Caritas.<\/p>\n<p>Ovoga Bo\u017ei\u0107a Humanity First Hrvatska je organizirao nekoliko donacija: za potrebite u lokalnoj zajednici Brezovica, u Rijeci, u Sesvetama, kao i obiteljima imigranata u Sisku i Karlovcu, donaciju zimskih kapa za zagreba\u010dke besku\u0107nike i blagdanski ru\u010dak za korisnike i osoblje Caritasove Ku\u0107e bl. Alojzija Stepinca u Brezovici, prve susjede na\u0161ega sjedi\u0161ta, gdje je ve\u0107 ostvareno niz vrijednih projekata. Istovremeno, ve\u0107 je realizirana donacija za Ku\u0107u sv. Josipa za nezbrinutu djecu, koju vodi Dru\u017eba sestara karmeli\u0107anki BSI u Hrvatskom Leskovcu, za \u010dije korisnike smo donirali: mlijeko, \u0161e\u0107er, ulje i \u010dokolino.\u00ab<\/p>\n<p><strong>\u00bbCaritas Zagreba\u010dke nadbiskupije i Humanitarna udruga Humanity First Hrvatska sura\u0111uju ve\u0107 punih pet (5) godina i najbolji su primjer me\u0111ureligijske suradnje i dijaloga<\/strong>. Vjera jest poznavanje vjerskih istina te sudjelovanje u vjerskim obredima. Me\u0111utim vjera se ponajvi\u0161e o\u010dituje u djelima milosr\u0111a, u slu\u017eenju bli\u017enjima u potrebi. Vjernik na svom \u017eivotnom putu propitkuje svoje \u017eivljenje i traga za Bogom. Slu\u017eenje \u010dovjeku najbr\u017ei je put do Boga.<\/p>\n<p>Caritas zahvaljuje Humanity First na ovoj donaciji i raduje se nastavku suradnje\u00ab, rekao je prilikom primopredaje Zvonko Erceg, tajnik Caritasa Zagreba\u010dke nadbiskupje, te se nadovezao: \u00bbOvih dana Caritas dijeli pakete prehrambenih i higijenskih proizvoda korisnicima Socijalne samopoluge. Paketi su pripremljeni zahvaljuju\u0107i donaciji Vlade RH iz robnih zaliha, donacijama proizvo\u0111a\u010da i trgova\u010dkih lanace te nov\u010danim donacijama fizi\u010dkih i pravnih osoba kojima su kupljeni potrebni proizvodi za pakete 1.200 korisnika Socijalne samoposluge. <strong>Hvala svima koji su dio svojih dobara utkali u ovo veliko djelo solidarnosti i blizine prema siroma\u0161nim sugra\u0111anima<\/strong>.\u00ab<\/p>\n<p>posjetite na\u0161u facebook stranicu: <span style=\"color: #3366ff\"><a style=\"color: #3366ff\" href=\"https:\/\/www.facebook.com\/HumanityFirstHrvatska\">facebook.com\/HumanityFirstHrvatska<\/a><\/span><\/p>\n<p><em>Izvor: <a href=\"http:\/\/www.czn.hr\/vijesti\/donacija-za-socijalnu-samoposlugu-vrijedna-16-000-00-kuna\">czn.hr<\/a><\/em><\/p>\n<p><img loading=\"lazy\" decoding=\"async\" class=\"aligncenter wp-image-1582 size-large\" src=\"http:\/\/www.ahmadiyya-islam.org\/hr\/wp-content\/uploads\/sites\/22\/2020\/12\/201216-HFH_zaSamoposlugu-11-ObrCut-small-1024x731.jpg\" alt=\"Humanitarna udruga Humanity First Hrvatska uru\u010dila donaciju vrijednu 16.000,00 kuna Caritasu Zagreba\u010dke nadbiskupije za njegovu Socijalnu samoposlugu iz koje \u0107e tijekom ovoga adventa za potrebite u Gradu Zagrebu biti podijeljeno 1.200 bo\u017ei\u0107nih paketa pomo\u0107i, za obitelji i samce\" width=\"900\" height=\"642\" srcset=\"https:\/\/www.ahmadiyya-islam.org\/hr\/wp-content\/uploads\/sites\/22\/2020\/12\/201216-HFH_zaSamoposlugu-11-ObrCut-small-1024x731.jpg 1024w, https:\/\/www.ahmadiyya-islam.org\/hr\/wp-content\/uploads\/sites\/22\/2020\/12\/201216-HFH_zaSamoposlugu-11-ObrCut-small-300x214.jpg 300w, https:\/\/www.ahmadiyya-islam.org\/hr\/wp-content\/uploads\/sites\/22\/2020\/12\/201216-HFH_zaSamoposlugu-11-ObrCut-small-768x548.jpg 768w, https:\/\/www.ahmadiyya-islam.org\/hr\/wp-content\/uploads\/sites\/22\/2020\/12\/201216-HFH_zaSamoposlugu-11-ObrCut-small.jpg 1483w\" sizes=\"auto, (max-width: 900px) 100vw, 900px\" \/><\/p>\n","protected":false},"excerpt":{"rendered":"<p>Donaciju 1.830 konzervi gove\u0111eg gula\u0161a predali su 16. prosinca u Caritasovoj Socijalnoj samoposluzi u Crnojezerskoj 18 u Zagrebu predsjednik Humanity First Hrvatska Munawwar Kahn i Sead Mulabegovi\u0107, zamjenik predsjednika Humanity First. U ime Caritasa Zagreba\u010dke nadbiskupije i potrebitih donaciju je primio i na njoj zahvalio Zvonko Erceg, tajnik Caritasa. Ovom predblagdanskom donacijom nastavlja se, bez<\/p>\n","protected":false},"author":77,"featured_media":1584,"comment_status":"closed","ping_status":"closed","sticky":false,"template":"","format":"standard","meta":{"_acf_changed":false,"footnotes":""},"categories":[9,10],"tags":[32,188,189,27,105,85,95,86,87,182,185,163,184,181,183,180,94,179],"topics":[18],"authors":[],"geo_locations":[],"content_source":[],"class_list":["post-1580","post","type-post","status-publish","format-standard","has-post-thumbnail","hentry","category-humanity-first","category-humanity-first-hrvatska","tag-advent","tag-alozija-stepinac","tag-blagdani","tag-bozic","tag-brezovica","tag-caritas","tag-hrvatska","tag-humanity-first","tag-humanity-first-hrvatska","tag-karlovac","tag-leskovac","tag-ljubav-za-sve-mrznja-ni-za-koga","tag-rijeka","tag-sesvete","tag-sisak","tag-tajnik-caritasa","tag-zagreb","tag-zvonko-erceg","topics-humanity-first"],"acf":[],"yoast_head":"<!-- This site is optimized with the Yoast SEO Premium plugin v21.1 (Yoast SEO v27.4) - https:\/\/yoast.com\/product\/yoast-seo-premium-wordpress\/ -->\n<title>Humanity First Hrvatska uru\u010dila donaciju Caritasu Zagreba\u010dke nadbiskupije - Ahmadija muslimanski d\u017eamat<\/title>\n<meta name=\"robots\" content=\"index, follow, max-snippet:-1, max-image-preview:large, max-video-preview:-1\" \/>\n<link rel=\"canonical\" href=\"https:\/\/www.ahmadiyya-islam.org\/hr\/humanity-first\/humanity-first-hrvatska-urucila-donaciju-caritasu-zagrebacke-nadbiskupije\/\" \/>\n<meta property=\"og:locale\" content=\"hr_HR\" \/>\n<meta property=\"og:type\" content=\"article\" \/>\n<meta property=\"og:title\" content=\"Humanity First Hrvatska uru\u010dila donaciju Caritasu Zagreba\u010dke nadbiskupije\" \/>\n<meta property=\"og:description\" content=\"Donaciju 1.830 konzervi gove\u0111eg gula\u0161a predali su 16. prosinca u Caritasovoj Socijalnoj samoposluzi u Crnojezerskoj 18 u Zagrebu predsjednik Humanity First Hrvatska Munawwar Kahn i Sead Mulabegovi\u0107, zamjenik predsjednika Humanity First. U ime Caritasa Zagreba\u010dke nadbiskupije i potrebitih donaciju je primio i na njoj zahvalio Zvonko Erceg, tajnik Caritasa. Ovom predblagdanskom donacijom nastavlja se, bez\" \/>\n<meta property=\"og:url\" content=\"https:\/\/www.ahmadiyya-islam.org\/hr\/humanity-first\/humanity-first-hrvatska-urucila-donaciju-caritasu-zagrebacke-nadbiskupije\/\" \/>\n<meta property=\"og:site_name\" content=\"Ahmadija muslimanski d\u017eamat\" \/>\n<meta property=\"article:published_time\" content=\"2020-12-16T16:18:11+00:00\" \/>\n<meta property=\"article:modified_time\" content=\"2020-12-16T16:22:55+00:00\" \/>\n<meta property=\"og:image\" content=\"https:\/\/www.ahmadiyya-islam.org\/hr\/wp-content\/uploads\/sites\/22\/2020\/12\/Humanity-First-Sead-small.jpg\" \/>\n\t<meta property=\"og:image:width\" content=\"1961\" \/>\n\t<meta property=\"og:image:height\" content=\"1003\" \/>\n\t<meta property=\"og:image:type\" content=\"image\/jpeg\" \/>\n<meta name=\"author\" content=\"ranamunawar\" \/>\n<meta name=\"twitter:card\" content=\"summary_large_image\" \/>\n<meta name=\"twitter:label1\" content=\"Napisao\/la\" \/>\n\t<meta name=\"twitter:data1\" content=\"ranamunawar\" \/>\n\t<meta name=\"twitter:label2\" content=\"Procijenjeno vrijeme \u010ditanja\" \/>\n\t<meta name=\"twitter:data2\" content=\"2 minute\" \/>\n<script type=\"application\/ld+json\" class=\"yoast-schema-graph\">{\"@context\":\"https:\\\/\\\/schema.org\",\"@graph\":[{\"@type\":\"Article\",\"@id\":\"https:\\\/\\\/www.ahmadiyya-islam.org\\\/hr\\\/humanity-first\\\/humanity-first-hrvatska-urucila-donaciju-caritasu-zagrebacke-nadbiskupije\\\/#article\",\"isPartOf\":{\"@id\":\"https:\\\/\\\/www.ahmadiyya-islam.org\\\/hr\\\/humanity-first\\\/humanity-first-hrvatska-urucila-donaciju-caritasu-zagrebacke-nadbiskupije\\\/\"},\"author\":{\"name\":\"ranamunawar\",\"@id\":\"https:\\\/\\\/www.ahmadiyya-islam.org\\\/hr\\\/#\\\/schema\\\/person\\\/4d74f28572ca6c7fa65111daa316ed65\"},\"headline\":\"Humanity First Hrvatska uru\u010dila donaciju Caritasu Zagreba\u010dke nadbiskupije\",\"datePublished\":\"2020-12-16T16:18:11+00:00\",\"dateModified\":\"2020-12-16T16:22:55+00:00\",\"mainEntityOfPage\":{\"@id\":\"https:\\\/\\\/www.ahmadiyya-islam.org\\\/hr\\\/humanity-first\\\/humanity-first-hrvatska-urucila-donaciju-caritasu-zagrebacke-nadbiskupije\\\/\"},\"wordCount\":462,\"image\":{\"@id\":\"https:\\\/\\\/www.ahmadiyya-islam.org\\\/hr\\\/humanity-first\\\/humanity-first-hrvatska-urucila-donaciju-caritasu-zagrebacke-nadbiskupije\\\/#primaryimage\"},\"thumbnailUrl\":\"https:\\\/\\\/www.ahmadiyya-islam.org\\\/hr\\\/wp-content\\\/uploads\\\/sites\\\/22\\\/2020\\\/12\\\/Humanity-First-Sead-small.jpg\",\"keywords\":[\"Advent\",\"Alozija Stepinac\",\"blagdani\",\"Bo\u017ei\u0107\",\"Brezovica\",\"Caritas\",\"Hrvatska\",\"Humanity First\",\"Humanity First Hrvatska\",\"Karlovac\",\"Leskovac\",\"ljubav za sve mr\u017enja ni za koga\",\"Rijeka\",\"Sesvete\",\"Sisak\",\"Tajnik Caritasa\",\"Zagreb\",\"Zvonko Erceg\"],\"articleSection\":[\"Humanity First\",\"Humanity First Hrvatska\"],\"inLanguage\":\"hr\"},{\"@type\":\"WebPage\",\"@id\":\"https:\\\/\\\/www.ahmadiyya-islam.org\\\/hr\\\/humanity-first\\\/humanity-first-hrvatska-urucila-donaciju-caritasu-zagrebacke-nadbiskupije\\\/\",\"url\":\"https:\\\/\\\/www.ahmadiyya-islam.org\\\/hr\\\/humanity-first\\\/humanity-first-hrvatska-urucila-donaciju-caritasu-zagrebacke-nadbiskupije\\\/\",\"name\":\"Humanity First Hrvatska uru\u010dila donaciju Caritasu Zagreba\u010dke nadbiskupije - Ahmadija muslimanski d\u017eamat\",\"isPartOf\":{\"@id\":\"https:\\\/\\\/www.ahmadiyya-islam.org\\\/hr\\\/#website\"},\"primaryImageOfPage\":{\"@id\":\"https:\\\/\\\/www.ahmadiyya-islam.org\\\/hr\\\/humanity-first\\\/humanity-first-hrvatska-urucila-donaciju-caritasu-zagrebacke-nadbiskupije\\\/#primaryimage\"},\"image\":{\"@id\":\"https:\\\/\\\/www.ahmadiyya-islam.org\\\/hr\\\/humanity-first\\\/humanity-first-hrvatska-urucila-donaciju-caritasu-zagrebacke-nadbiskupije\\\/#primaryimage\"},\"thumbnailUrl\":\"https:\\\/\\\/www.ahmadiyya-islam.org\\\/hr\\\/wp-content\\\/uploads\\\/sites\\\/22\\\/2020\\\/12\\\/Humanity-First-Sead-small.jpg\",\"datePublished\":\"2020-12-16T16:18:11+00:00\",\"dateModified\":\"2020-12-16T16:22:55+00:00\",\"author\":{\"@id\":\"https:\\\/\\\/www.ahmadiyya-islam.org\\\/hr\\\/#\\\/schema\\\/person\\\/4d74f28572ca6c7fa65111daa316ed65\"},\"breadcrumb\":{\"@id\":\"https:\\\/\\\/www.ahmadiyya-islam.org\\\/hr\\\/humanity-first\\\/humanity-first-hrvatska-urucila-donaciju-caritasu-zagrebacke-nadbiskupije\\\/#breadcrumb\"},\"inLanguage\":\"hr\",\"potentialAction\":[{\"@type\":\"ReadAction\",\"target\":[\"https:\\\/\\\/www.ahmadiyya-islam.org\\\/hr\\\/humanity-first\\\/humanity-first-hrvatska-urucila-donaciju-caritasu-zagrebacke-nadbiskupije\\\/\"]}]},{\"@type\":\"ImageObject\",\"inLanguage\":\"hr\",\"@id\":\"https:\\\/\\\/www.ahmadiyya-islam.org\\\/hr\\\/humanity-first\\\/humanity-first-hrvatska-urucila-donaciju-caritasu-zagrebacke-nadbiskupije\\\/#primaryimage\",\"url\":\"https:\\\/\\\/www.ahmadiyya-islam.org\\\/hr\\\/wp-content\\\/uploads\\\/sites\\\/22\\\/2020\\\/12\\\/Humanity-First-Sead-small.jpg\",\"contentUrl\":\"https:\\\/\\\/www.ahmadiyya-islam.org\\\/hr\\\/wp-content\\\/uploads\\\/sites\\\/22\\\/2020\\\/12\\\/Humanity-First-Sead-small.jpg\",\"width\":1961,\"height\":1003,\"caption\":\"Humanitarna udruga Humanity First Hrvatska uru\u010dila donaciju vrijednu 16.000,00 kuna Caritasu Zagreba\u010dke nadbiskupije za njegovu Socijalnu samoposlugu iz koje \u0107e tijekom ovoga adventa za potrebite u Gradu Zagrebu biti podijeljeno 1.200 bo\u017ei\u0107nih paketa pomo\u0107i, za obitelji i samce\"},{\"@type\":\"BreadcrumbList\",\"@id\":\"https:\\\/\\\/www.ahmadiyya-islam.org\\\/hr\\\/humanity-first\\\/humanity-first-hrvatska-urucila-donaciju-caritasu-zagrebacke-nadbiskupije\\\/#breadcrumb\",\"itemListElement\":[{\"@type\":\"ListItem\",\"position\":1,\"name\":\"Home\",\"item\":\"https:\\\/\\\/www.ahmadiyya-islam.org\\\/hr\\\/\"},{\"@type\":\"ListItem\",\"position\":2,\"name\":\"Humanity First Hrvatska uru\u010dila donaciju Caritasu Zagreba\u010dke nadbiskupije\"}]},{\"@type\":\"WebSite\",\"@id\":\"https:\\\/\\\/www.ahmadiyya-islam.org\\\/hr\\\/#website\",\"url\":\"https:\\\/\\\/www.ahmadiyya-islam.org\\\/hr\\\/\",\"name\":\"Ahmadija muslimanski d\u017eamat\",\"description\":\"Hrvatska\",\"potentialAction\":[{\"@type\":\"SearchAction\",\"target\":{\"@type\":\"EntryPoint\",\"urlTemplate\":\"https:\\\/\\\/www.ahmadiyya-islam.org\\\/hr\\\/?s={search_term_string}\"},\"query-input\":{\"@type\":\"PropertyValueSpecification\",\"valueRequired\":true,\"valueName\":\"search_term_string\"}}],\"inLanguage\":\"hr\"},{\"@type\":\"Person\",\"@id\":\"https:\\\/\\\/www.ahmadiyya-islam.org\\\/hr\\\/#\\\/schema\\\/person\\\/4d74f28572ca6c7fa65111daa316ed65\",\"name\":\"ranamunawar\",\"url\":\"https:\\\/\\\/www.ahmadiyya-islam.org\\\/hr\\\/author\\\/ranamunawar\\\/\"}]}<\/script>\n<!-- \/ Yoast SEO Premium plugin. -->","yoast_head_json":{"title":"Humanity First Hrvatska uru\u010dila donaciju Caritasu Zagreba\u010dke nadbiskupije - Ahmadija muslimanski d\u017eamat","robots":{"index":"index","follow":"follow","max-snippet":"max-snippet:-1","max-image-preview":"max-image-preview:large","max-video-preview":"max-video-preview:-1"},"canonical":"https:\/\/www.ahmadiyya-islam.org\/hr\/humanity-first\/humanity-first-hrvatska-urucila-donaciju-caritasu-zagrebacke-nadbiskupije\/","og_locale":"hr_HR","og_type":"article","og_title":"Humanity First Hrvatska uru\u010dila donaciju Caritasu Zagreba\u010dke nadbiskupije","og_description":"Donaciju 1.830 konzervi gove\u0111eg gula\u0161a predali su 16. prosinca u Caritasovoj Socijalnoj samoposluzi u Crnojezerskoj 18 u Zagrebu predsjednik Humanity First Hrvatska Munawwar Kahn i Sead Mulabegovi\u0107, zamjenik predsjednika Humanity First. U ime Caritasa Zagreba\u010dke nadbiskupije i potrebitih donaciju je primio i na njoj zahvalio Zvonko Erceg, tajnik Caritasa. Ovom predblagdanskom donacijom nastavlja se, bez","og_url":"https:\/\/www.ahmadiyya-islam.org\/hr\/humanity-first\/humanity-first-hrvatska-urucila-donaciju-caritasu-zagrebacke-nadbiskupije\/","og_site_name":"Ahmadija muslimanski d\u017eamat","article_published_time":"2020-12-16T16:18:11+00:00","article_modified_time":"2020-12-16T16:22:55+00:00","og_image":[{"width":1961,"height":1003,"url":"https:\/\/www.ahmadiyya-islam.org\/hr\/wp-content\/uploads\/sites\/22\/2020\/12\/Humanity-First-Sead-small.jpg","type":"image\/jpeg"}],"author":"ranamunawar","twitter_card":"summary_large_image","twitter_misc":{"Napisao\/la":"ranamunawar","Procijenjeno vrijeme \u010ditanja":"2 minute"},"schema":{"@context":"https:\/\/schema.org","@graph":[{"@type":"Article","@id":"https:\/\/www.ahmadiyya-islam.org\/hr\/humanity-first\/humanity-first-hrvatska-urucila-donaciju-caritasu-zagrebacke-nadbiskupije\/#article","isPartOf":{"@id":"https:\/\/www.ahmadiyya-islam.org\/hr\/humanity-first\/humanity-first-hrvatska-urucila-donaciju-caritasu-zagrebacke-nadbiskupije\/"},"author":{"name":"ranamunawar","@id":"https:\/\/www.ahmadiyya-islam.org\/hr\/#\/schema\/person\/4d74f28572ca6c7fa65111daa316ed65"},"headline":"Humanity First Hrvatska uru\u010dila donaciju Caritasu Zagreba\u010dke nadbiskupije","datePublished":"2020-12-16T16:18:11+00:00","dateModified":"2020-12-16T16:22:55+00:00","mainEntityOfPage":{"@id":"https:\/\/www.ahmadiyya-islam.org\/hr\/humanity-first\/humanity-first-hrvatska-urucila-donaciju-caritasu-zagrebacke-nadbiskupije\/"},"wordCount":462,"image":{"@id":"https:\/\/www.ahmadiyya-islam.org\/hr\/humanity-first\/humanity-first-hrvatska-urucila-donaciju-caritasu-zagrebacke-nadbiskupije\/#primaryimage"},"thumbnailUrl":"https:\/\/www.ahmadiyya-islam.org\/hr\/wp-content\/uploads\/sites\/22\/2020\/12\/Humanity-First-Sead-small.jpg","keywords":["Advent","Alozija Stepinac","blagdani","Bo\u017ei\u0107","Brezovica","Caritas","Hrvatska","Humanity First","Humanity First Hrvatska","Karlovac","Leskovac","ljubav za sve mr\u017enja ni za koga","Rijeka","Sesvete","Sisak","Tajnik Caritasa","Zagreb","Zvonko Erceg"],"articleSection":["Humanity First","Humanity First Hrvatska"],"inLanguage":"hr"},{"@type":"WebPage","@id":"https:\/\/www.ahmadiyya-islam.org\/hr\/humanity-first\/humanity-first-hrvatska-urucila-donaciju-caritasu-zagrebacke-nadbiskupije\/","url":"https:\/\/www.ahmadiyya-islam.org\/hr\/humanity-first\/humanity-first-hrvatska-urucila-donaciju-caritasu-zagrebacke-nadbiskupije\/","name":"Humanity First Hrvatska uru\u010dila donaciju Caritasu Zagreba\u010dke nadbiskupije - Ahmadija muslimanski d\u017eamat","isPartOf":{"@id":"https:\/\/www.ahmadiyya-islam.org\/hr\/#website"},"primaryImageOfPage":{"@id":"https:\/\/www.ahmadiyya-islam.org\/hr\/humanity-first\/humanity-first-hrvatska-urucila-donaciju-caritasu-zagrebacke-nadbiskupije\/#primaryimage"},"image":{"@id":"https:\/\/www.ahmadiyya-islam.org\/hr\/humanity-first\/humanity-first-hrvatska-urucila-donaciju-caritasu-zagrebacke-nadbiskupije\/#primaryimage"},"thumbnailUrl":"https:\/\/www.ahmadiyya-islam.org\/hr\/wp-content\/uploads\/sites\/22\/2020\/12\/Humanity-First-Sead-small.jpg","datePublished":"2020-12-16T16:18:11+00:00","dateModified":"2020-12-16T16:22:55+00:00","author":{"@id":"https:\/\/www.ahmadiyya-islam.org\/hr\/#\/schema\/person\/4d74f28572ca6c7fa65111daa316ed65"},"breadcrumb":{"@id":"https:\/\/www.ahmadiyya-islam.org\/hr\/humanity-first\/humanity-first-hrvatska-urucila-donaciju-caritasu-zagrebacke-nadbiskupije\/#breadcrumb"},"inLanguage":"hr","potentialAction":[{"@type":"ReadAction","target":["https:\/\/www.ahmadiyya-islam.org\/hr\/humanity-first\/humanity-first-hrvatska-urucila-donaciju-caritasu-zagrebacke-nadbiskupije\/"]}]},{"@type":"ImageObject","inLanguage":"hr","@id":"https:\/\/www.ahmadiyya-islam.org\/hr\/humanity-first\/humanity-first-hrvatska-urucila-donaciju-caritasu-zagrebacke-nadbiskupije\/#primaryimage","url":"https:\/\/www.ahmadiyya-islam.org\/hr\/wp-content\/uploads\/sites\/22\/2020\/12\/Humanity-First-Sead-small.jpg","contentUrl":"https:\/\/www.ahmadiyya-islam.org\/hr\/wp-content\/uploads\/sites\/22\/2020\/12\/Humanity-First-Sead-small.jpg","width":1961,"height":1003,"caption":"Humanitarna udruga Humanity First Hrvatska uru\u010dila donaciju vrijednu 16.000,00 kuna Caritasu Zagreba\u010dke nadbiskupije za njegovu Socijalnu samoposlugu iz koje \u0107e tijekom ovoga adventa za potrebite u Gradu Zagrebu biti podijeljeno 1.200 bo\u017ei\u0107nih paketa pomo\u0107i, za obitelji i samce"},{"@type":"BreadcrumbList","@id":"https:\/\/www.ahmadiyya-islam.org\/hr\/humanity-first\/humanity-first-hrvatska-urucila-donaciju-caritasu-zagrebacke-nadbiskupije\/#breadcrumb","itemListElement":[{"@type":"ListItem","position":1,"name":"Home","item":"https:\/\/www.ahmadiyya-islam.org\/hr\/"},{"@type":"ListItem","position":2,"name":"Humanity First Hrvatska uru\u010dila donaciju Caritasu Zagreba\u010dke nadbiskupije"}]},{"@type":"WebSite","@id":"https:\/\/www.ahmadiyya-islam.org\/hr\/#website","url":"https:\/\/www.ahmadiyya-islam.org\/hr\/","name":"Ahmadija muslimanski d\u017eamat","description":"Hrvatska","potentialAction":[{"@type":"SearchAction","target":{"@type":"EntryPoint","urlTemplate":"https:\/\/www.ahmadiyya-islam.org\/hr\/?s={search_term_string}"},"query-input":{"@type":"PropertyValueSpecification","valueRequired":true,"valueName":"search_term_string"}}],"inLanguage":"hr"},{"@type":"Person","@id":"https:\/\/www.ahmadiyya-islam.org\/hr\/#\/schema\/person\/4d74f28572ca6c7fa65111daa316ed65","name":"ranamunawar","url":"https:\/\/www.ahmadiyya-islam.org\/hr\/author\/ranamunawar\/"}]}},"_links":{"self":[{"href":"https:\/\/www.ahmadiyya-islam.org\/hr\/wp-json\/wp\/v2\/posts\/1580","targetHints":{"allow":["GET"]}}],"collection":[{"href":"https:\/\/www.ahmadiyya-islam.org\/hr\/wp-json\/wp\/v2\/posts"}],"about":[{"href":"https:\/\/www.ahmadiyya-islam.org\/hr\/wp-json\/wp\/v2\/types\/post"}],"author":[{"embeddable":true,"href":"https:\/\/www.ahmadiyya-islam.org\/hr\/wp-json\/wp\/v2\/users\/77"}],"replies":[{"embeddable":true,"href":"https:\/\/www.ahmadiyya-islam.org\/hr\/wp-json\/wp\/v2\/comments?post=1580"}],"version-history":[{"count":0,"href":"https:\/\/www.ahmadiyya-islam.org\/hr\/wp-json\/wp\/v2\/posts\/1580\/revisions"}],"wp:featuredmedia":[{"embeddable":true,"href":"https:\/\/www.ahmadiyya-islam.org\/hr\/wp-json\/wp\/v2\/media\/1584"}],"wp:attachment":[{"href":"https:\/\/www.ahmadiyya-islam.org\/hr\/wp-json\/wp\/v2\/media?parent=1580"}],"wp:term":[{"taxonomy":"category","embeddable":true,"href":"https:\/\/www.ahmadiyya-islam.org\/hr\/wp-json\/wp\/v2\/categories?post=1580"},{"taxonomy":"post_tag","embeddable":true,"href":"https:\/\/www.ahmadiyya-islam.org\/hr\/wp-json\/wp\/v2\/tags?post=1580"},{"taxonomy":"topics","embeddable":true,"href":"https:\/\/www.ahmadiyya-islam.org\/hr\/wp-json\/wp\/v2\/topics?post=1580"},{"taxonomy":"authors","embeddable":true,"href":"https:\/\/www.ahmadiyya-islam.org\/hr\/wp-json\/wp\/v2\/authors?post=1580"},{"taxonomy":"geo_locations","embeddable":true,"href":"https:\/\/www.ahmadiyya-islam.org\/hr\/wp-json\/wp\/v2\/geo_locations?post=1580"},{"taxonomy":"content_source","embeddable":true,"href":"https:\/\/www.ahmadiyya-islam.org\/hr\/wp-json\/wp\/v2\/content_source?post=1580"}],"curies":[{"name":"wp","href":"https:\/\/api.w.org\/{rel}","templated":true}]}}