{"id":1428,"date":"2019-12-18T11:01:09","date_gmt":"2019-12-18T11:01:09","guid":{"rendered":"https:\/\/www.ahmadiyya-islam.org\/hr\/?p=1428"},"modified":"2021-01-23T12:34:28","modified_gmt":"2021-01-23T12:34:28","slug":"lijepo-kada-ljudi-pomazu-jedni-drugima","status":"publish","type":"post","link":"https:\/\/www.ahmadiyya-islam.org\/hr\/humanity-first\/humanity-first-hrvatska\/lijepo-kada-ljudi-pomazu-jedni-drugima\/","title":{"rendered":"\u201elijepo kada ljudi poma\u017eu jedni drugima&#8221;"},"content":{"rendered":"<p><strong>ZAGREB, 16. prosinca<\/strong> &#8211; Humanitarna udruga <em>Humanity First<\/em> i ove godine tradicionalno organizira donaciju paketa potrebitima, pa je tako danas donirano 10 paketa hrane osobama slabijeg imovinskog cenzusa iz zajednice Sesvete u Sesvetama te jo\u0161 140 paketa korisnicima usluga Dru\u0161tva za pobolj\u0161anje kvalitete \u017eivota siroma\u0161ne i nezbrinute djece \u201eMali zmaj\u201c na Jarunu. Od ukupnog broja paketa doniranih Dru\u0161tvu Mali zmaj, 78 paketa su poslana po\u0161tom obiteljima u potrebi diljem Hrvatske, a 62 ih je osobno darovano \u010dlanovima u prostorijama Dru\u0161tva. Humanitarnoj akciji je uz <strong>predsjednika humanitarne udruge Humanity First Khana Munawwara Muhammada<\/strong>, prisustvovao i <strong>direktor za jugoisto\u010dnu Europe humanitarne udruge Humanity First Zubair Khalil Khan.<\/strong><\/p>\n<p>Kako je istaknuo <strong>Ivan Cikovi\u0107, predsjednik Mjesnog odbora Sesvete<\/strong>, ova se humanitarna akcija odr\u017eala tre\u0107u godinu zaredom. \u201eZahvaljujemo udruzi Humanity First i njenom predsjedniku Khanu Munawwaru Muhammadu na svemu \u0161to je dosad u\u010dinio i \u010dini i dalje za na\u0161e potrebite obitelji i samce! Pro\u0161le godine je, uz podjelu paketa s hranom, bila organizirana dje\u010dja radionica na kojoj je sudjelovalo pedesetak djece koja su bila odu\u0161evljena tom radionicom\u201c, rekao je Cikovi\u0107.<\/p>\n<p>Osvrnuv\u0161i se na humanitarnu akciju, Khan Munawwar Muhammad je naglasio kako se ona provodi s ciljem pru\u017eanja pomo\u0107i socijalno i materijalno ugro\u017eenim osobama, jer je, kako ka\u017ee i slogan njegove udruge \u2013 \u010dovje\u010danstvo na prvom mjestu.<\/p>\n<p><img loading=\"lazy\" decoding=\"async\" class=\"size-full wp-image-1429 aligncenter\" src=\"http:\/\/www.ahmadiyya-islam.org\/hr\/wp-content\/uploads\/sites\/22\/2020\/10\/1_Sesvete.jpg\" alt=\"\" width=\"922\" height=\"628\" srcset=\"https:\/\/www.ahmadiyya-islam.org\/hr\/wp-content\/uploads\/sites\/22\/2020\/10\/1_Sesvete.jpg 922w, https:\/\/www.ahmadiyya-islam.org\/hr\/wp-content\/uploads\/sites\/22\/2020\/10\/1_Sesvete-300x204.jpg 300w, https:\/\/www.ahmadiyya-islam.org\/hr\/wp-content\/uploads\/sites\/22\/2020\/10\/1_Sesvete-768x523.jpg 768w\" sizes=\"auto, (max-width: 922px) 100vw, 922px\" \/><\/p>\n<p>Osobe koje su dobile humanitarne pakete bile su odu\u0161evljene akcijom, a jedna od njih <strong>Biserka Be\u0161tek<\/strong> je rekla kako je \u201elijepo kada ljudi poma\u017eu jedni drugima, a dobro se dobrim vra\u0107a\u201c. Ona je humanitarnu pomo\u0107 dobila prvi put, ali kako je naglasila, ne\u0107e sve ostaviti za sebe, ve\u0107 \u0107e podijeliti s osobama za koje zna da su tako\u0111er u potrebi.<\/p>\n<p>I <strong>Ivan Gabud<\/strong> smatra kako je ovo hvalevrijedna akcija te da treba biti vi\u0161e takvih humanitarnih doga\u0111anja. Unato\u010d te\u0161koj \u017eivotnoj situaciji, nije klonuo duhom. Naime, jedan brat mu je poginuo na rati\u0161tu, drugi je preminuo od zlo\u0107udne bolesti, a tre\u0107i brat se nalazi u Centru za rehabilitaciju Stan\u010di\u0107. Ivan Gabud s jednim bratom \u017eivi u stanu u te\u0161kim materijalnim uvjetima, ali mu nije problem pomo\u0107i i ne\u0161to napraviti kada treba za zajednicu Sesvete i Mjesni odbor Sesvete.<\/p>\n<p>Donacije ljudi velikog srca<\/p>\n<p>Nakon Sesveta, humanitarni paketi podijeljeni su potrebitima iz Dru\u0161tva za pobolj\u0161anje kvalitete \u017eivota i nezbrinute djece \u201eMali zmaj\u201c. To je Dru\u0161tvo osnovano kao interni projekt nekolicine prijatelja 2009. godine, a trenutno se dvoje stalno zaposlenih i \u010detrdesetak volontera brine o obiteljima i samcima u Zagrebu i diljem Hrvatske.<\/p>\n<p>Osim jednogodi\u0161nje suradnje s organizacijom Humanity First, Dru\u0161tvo Mali zmaj osmislilo je trajno doniranje odre\u0111enom djetetu ili obitelji. Postoji pet verzija donacija, me\u0111u kojima se isti\u010du donacije poklona za ro\u0111endan, Bo\u017ei\u0107 i Uskrs.<\/p>\n<p><img loading=\"lazy\" decoding=\"async\" class=\"size-full wp-image-1430 aligncenter\" src=\"http:\/\/www.ahmadiyya-islam.org\/hr\/wp-content\/uploads\/sites\/22\/2020\/10\/2_Mali-Zmaj.jpg\" alt=\"\" width=\"915\" height=\"583\" srcset=\"https:\/\/www.ahmadiyya-islam.org\/hr\/wp-content\/uploads\/sites\/22\/2020\/10\/2_Mali-Zmaj.jpg 915w, https:\/\/www.ahmadiyya-islam.org\/hr\/wp-content\/uploads\/sites\/22\/2020\/10\/2_Mali-Zmaj-300x191.jpg 300w, https:\/\/www.ahmadiyya-islam.org\/hr\/wp-content\/uploads\/sites\/22\/2020\/10\/2_Mali-Zmaj-768x489.jpg 768w\" sizes=\"auto, (max-width: 915px) 100vw, 915px\" \/><\/p>\n<p>Govore\u0107i o humanitarnoj akciji organizacije Humanity First, <strong>Barbara Perkovi\u0107,<\/strong> korisnica usluga Dru\u0161tva Mali zmaj je rekla kako joj to dru\u0161tvo mnogo poma\u017ee, jer joj je te\u0161ko kao samoj i nezaposlenoj osobi brinuti o djetetu s posebnim potrebama. Redovno dolazi po humanitarne pakete, a ovaj bo\u017ei\u0107ni od organizacije Humanity First je posebno pohvalila i zahvalila na tome.<\/p>\n<p>Humanitarna akcija nastavlja se u <strong>utorak, 17. prosinca u 8,45 sati u \u0161koli Brezovica<\/strong> gdje se organizira donacija 10 paketa hrane u\u010denicima u potrebi. Istoga<\/p>\n<p>dana, od <strong>9,00 do 12,30 sati organizira se radionica za djecu Doma Caritasa u Brezovici,<\/strong> uz ru\u010dak i kola\u010de.<\/p>\n<p>Khan Munawwar posebno zahvaljuje studentima hrvatskog jezika sa zagreba\u010dkog Filozofskog fakulteta, koji su tako\u0111er sudjelovali u ovom projektu te su donirali \u010dokolade za humanitarne pakete.<\/p>\n<p>Fotografije: Enver Palali\u0107<\/p>\n","protected":false},"excerpt":{"rendered":"<p>ZAGREB, 16. prosinca &#8211; Humanitarna udruga Humanity First i ove godine tradicionalno organizira donaciju paketa potrebitima, pa je tako danas donirano 10 paketa hrane osobama slabijeg imovinskog cenzusa iz zajednice Sesvete u Sesvetama te jo\u0161 140 paketa korisnicima usluga Dru\u0161tva za pobolj\u0161anje kvalitete \u017eivota siroma\u0161ne i nezbrinute djece \u201eMali zmaj\u201c na Jarunu. Od ukupnog broja<\/p>\n","protected":false},"author":77,"featured_media":1431,"comment_status":"closed","ping_status":"closed","sticky":false,"template":"","format":"standard","meta":{"_acf_changed":false,"footnotes":""},"categories":[10],"tags":[],"topics":[18],"authors":[],"geo_locations":[],"content_source":[],"class_list":["post-1428","post","type-post","status-publish","format-standard","has-post-thumbnail","hentry","category-humanity-first-hrvatska","topics-humanity-first"],"acf":[],"yoast_head":"<!-- This site is optimized with the Yoast SEO Premium plugin v21.1 (Yoast SEO v27.4) - https:\/\/yoast.com\/product\/yoast-seo-premium-wordpress\/ -->\n<title>\u201elijepo kada ljudi poma\u017eu jedni drugima&quot; - Ahmadija muslimanski d\u017eamat<\/title>\n<meta name=\"robots\" content=\"index, follow, max-snippet:-1, max-image-preview:large, max-video-preview:-1\" \/>\n<link rel=\"canonical\" href=\"https:\/\/www.ahmadiyya-islam.org\/hr\/humanity-first\/humanity-first-hrvatska\/lijepo-kada-ljudi-pomazu-jedni-drugima\/\" \/>\n<meta property=\"og:locale\" content=\"hr_HR\" \/>\n<meta property=\"og:type\" content=\"article\" \/>\n<meta property=\"og:title\" content=\"\u201elijepo kada ljudi poma\u017eu jedni drugima&quot;\" \/>\n<meta property=\"og:description\" content=\"ZAGREB, 16. prosinca &#8211; Humanitarna udruga Humanity First i ove godine tradicionalno organizira donaciju paketa potrebitima, pa je tako danas donirano 10 paketa hrane osobama slabijeg imovinskog cenzusa iz zajednice Sesvete u Sesvetama te jo\u0161 140 paketa korisnicima usluga Dru\u0161tva za pobolj\u0161anje kvalitete \u017eivota siroma\u0161ne i nezbrinute djece \u201eMali zmaj\u201c na Jarunu. Od ukupnog broja\" \/>\n<meta property=\"og:url\" content=\"https:\/\/www.ahmadiyya-islam.org\/hr\/humanity-first\/humanity-first-hrvatska\/lijepo-kada-ljudi-pomazu-jedni-drugima\/\" \/>\n<meta property=\"og:site_name\" content=\"Ahmadija muslimanski d\u017eamat\" \/>\n<meta property=\"article:published_time\" content=\"2019-12-18T11:01:09+00:00\" \/>\n<meta property=\"article:modified_time\" content=\"2021-01-23T12:34:28+00:00\" \/>\n<meta property=\"og:image\" content=\"https:\/\/www.ahmadiyya-islam.org\/hr\/wp-content\/uploads\/sites\/22\/2020\/10\/1_Khan-MunawwarIvan-Cikovic.jpg\" \/>\n\t<meta property=\"og:image:width\" content=\"1066\" \/>\n\t<meta property=\"og:image:height\" content=\"653\" \/>\n\t<meta property=\"og:image:type\" content=\"image\/jpeg\" \/>\n<meta name=\"author\" content=\"ranamunawar\" \/>\n<meta name=\"twitter:card\" content=\"summary_large_image\" \/>\n<meta name=\"twitter:label1\" content=\"Napisao\/la\" \/>\n\t<meta name=\"twitter:data1\" content=\"ranamunawar\" \/>\n\t<meta name=\"twitter:label2\" content=\"Procijenjeno vrijeme \u010ditanja\" \/>\n\t<meta name=\"twitter:data2\" content=\"3 minute\" \/>\n<script type=\"application\/ld+json\" class=\"yoast-schema-graph\">{\"@context\":\"https:\\\/\\\/schema.org\",\"@graph\":[{\"@type\":\"Article\",\"@id\":\"https:\\\/\\\/www.ahmadiyya-islam.org\\\/hr\\\/humanity-first\\\/humanity-first-hrvatska\\\/lijepo-kada-ljudi-pomazu-jedni-drugima\\\/#article\",\"isPartOf\":{\"@id\":\"https:\\\/\\\/www.ahmadiyya-islam.org\\\/hr\\\/humanity-first\\\/humanity-first-hrvatska\\\/lijepo-kada-ljudi-pomazu-jedni-drugima\\\/\"},\"author\":{\"name\":\"ranamunawar\",\"@id\":\"https:\\\/\\\/www.ahmadiyya-islam.org\\\/hr\\\/#\\\/schema\\\/person\\\/4d74f28572ca6c7fa65111daa316ed65\"},\"headline\":\"\u201elijepo kada ljudi poma\u017eu jedni drugima&#8221;\",\"datePublished\":\"2019-12-18T11:01:09+00:00\",\"dateModified\":\"2021-01-23T12:34:28+00:00\",\"mainEntityOfPage\":{\"@id\":\"https:\\\/\\\/www.ahmadiyya-islam.org\\\/hr\\\/humanity-first\\\/humanity-first-hrvatska\\\/lijepo-kada-ljudi-pomazu-jedni-drugima\\\/\"},\"wordCount\":614,\"image\":{\"@id\":\"https:\\\/\\\/www.ahmadiyya-islam.org\\\/hr\\\/humanity-first\\\/humanity-first-hrvatska\\\/lijepo-kada-ljudi-pomazu-jedni-drugima\\\/#primaryimage\"},\"thumbnailUrl\":\"https:\\\/\\\/www.ahmadiyya-islam.org\\\/hr\\\/wp-content\\\/uploads\\\/sites\\\/22\\\/2020\\\/10\\\/1_Khan-MunawwarIvan-Cikovic.jpg\",\"articleSection\":[\"Humanity First Hrvatska\"],\"inLanguage\":\"hr\"},{\"@type\":\"WebPage\",\"@id\":\"https:\\\/\\\/www.ahmadiyya-islam.org\\\/hr\\\/humanity-first\\\/humanity-first-hrvatska\\\/lijepo-kada-ljudi-pomazu-jedni-drugima\\\/\",\"url\":\"https:\\\/\\\/www.ahmadiyya-islam.org\\\/hr\\\/humanity-first\\\/humanity-first-hrvatska\\\/lijepo-kada-ljudi-pomazu-jedni-drugima\\\/\",\"name\":\"\u201elijepo kada ljudi poma\u017eu jedni drugima\\\" - Ahmadija muslimanski d\u017eamat\",\"isPartOf\":{\"@id\":\"https:\\\/\\\/www.ahmadiyya-islam.org\\\/hr\\\/#website\"},\"primaryImageOfPage\":{\"@id\":\"https:\\\/\\\/www.ahmadiyya-islam.org\\\/hr\\\/humanity-first\\\/humanity-first-hrvatska\\\/lijepo-kada-ljudi-pomazu-jedni-drugima\\\/#primaryimage\"},\"image\":{\"@id\":\"https:\\\/\\\/www.ahmadiyya-islam.org\\\/hr\\\/humanity-first\\\/humanity-first-hrvatska\\\/lijepo-kada-ljudi-pomazu-jedni-drugima\\\/#primaryimage\"},\"thumbnailUrl\":\"https:\\\/\\\/www.ahmadiyya-islam.org\\\/hr\\\/wp-content\\\/uploads\\\/sites\\\/22\\\/2020\\\/10\\\/1_Khan-MunawwarIvan-Cikovic.jpg\",\"datePublished\":\"2019-12-18T11:01:09+00:00\",\"dateModified\":\"2021-01-23T12:34:28+00:00\",\"author\":{\"@id\":\"https:\\\/\\\/www.ahmadiyya-islam.org\\\/hr\\\/#\\\/schema\\\/person\\\/4d74f28572ca6c7fa65111daa316ed65\"},\"breadcrumb\":{\"@id\":\"https:\\\/\\\/www.ahmadiyya-islam.org\\\/hr\\\/humanity-first\\\/humanity-first-hrvatska\\\/lijepo-kada-ljudi-pomazu-jedni-drugima\\\/#breadcrumb\"},\"inLanguage\":\"hr\",\"potentialAction\":[{\"@type\":\"ReadAction\",\"target\":[\"https:\\\/\\\/www.ahmadiyya-islam.org\\\/hr\\\/humanity-first\\\/humanity-first-hrvatska\\\/lijepo-kada-ljudi-pomazu-jedni-drugima\\\/\"]}]},{\"@type\":\"ImageObject\",\"inLanguage\":\"hr\",\"@id\":\"https:\\\/\\\/www.ahmadiyya-islam.org\\\/hr\\\/humanity-first\\\/humanity-first-hrvatska\\\/lijepo-kada-ljudi-pomazu-jedni-drugima\\\/#primaryimage\",\"url\":\"https:\\\/\\\/www.ahmadiyya-islam.org\\\/hr\\\/wp-content\\\/uploads\\\/sites\\\/22\\\/2020\\\/10\\\/1_Khan-MunawwarIvan-Cikovic.jpg\",\"contentUrl\":\"https:\\\/\\\/www.ahmadiyya-islam.org\\\/hr\\\/wp-content\\\/uploads\\\/sites\\\/22\\\/2020\\\/10\\\/1_Khan-MunawwarIvan-Cikovic.jpg\",\"width\":1066,\"height\":653,\"caption\":\"Khan Munawwar, Ivan Cikovi\u0107 Humanity First Hrvatska Sesvete\"},{\"@type\":\"BreadcrumbList\",\"@id\":\"https:\\\/\\\/www.ahmadiyya-islam.org\\\/hr\\\/humanity-first\\\/humanity-first-hrvatska\\\/lijepo-kada-ljudi-pomazu-jedni-drugima\\\/#breadcrumb\",\"itemListElement\":[{\"@type\":\"ListItem\",\"position\":1,\"name\":\"Home\",\"item\":\"https:\\\/\\\/www.ahmadiyya-islam.org\\\/hr\\\/\"},{\"@type\":\"ListItem\",\"position\":2,\"name\":\"\u201elijepo kada ljudi poma\u017eu jedni drugima&#8221;\"}]},{\"@type\":\"WebSite\",\"@id\":\"https:\\\/\\\/www.ahmadiyya-islam.org\\\/hr\\\/#website\",\"url\":\"https:\\\/\\\/www.ahmadiyya-islam.org\\\/hr\\\/\",\"name\":\"Ahmadija muslimanski d\u017eamat\",\"description\":\"Hrvatska\",\"potentialAction\":[{\"@type\":\"SearchAction\",\"target\":{\"@type\":\"EntryPoint\",\"urlTemplate\":\"https:\\\/\\\/www.ahmadiyya-islam.org\\\/hr\\\/?s={search_term_string}\"},\"query-input\":{\"@type\":\"PropertyValueSpecification\",\"valueRequired\":true,\"valueName\":\"search_term_string\"}}],\"inLanguage\":\"hr\"},{\"@type\":\"Person\",\"@id\":\"https:\\\/\\\/www.ahmadiyya-islam.org\\\/hr\\\/#\\\/schema\\\/person\\\/4d74f28572ca6c7fa65111daa316ed65\",\"name\":\"ranamunawar\",\"url\":\"https:\\\/\\\/www.ahmadiyya-islam.org\\\/hr\\\/author\\\/ranamunawar\\\/\"}]}<\/script>\n<!-- \/ Yoast SEO Premium plugin. -->","yoast_head_json":{"title":"\u201elijepo kada ljudi poma\u017eu jedni drugima\" - Ahmadija muslimanski d\u017eamat","robots":{"index":"index","follow":"follow","max-snippet":"max-snippet:-1","max-image-preview":"max-image-preview:large","max-video-preview":"max-video-preview:-1"},"canonical":"https:\/\/www.ahmadiyya-islam.org\/hr\/humanity-first\/humanity-first-hrvatska\/lijepo-kada-ljudi-pomazu-jedni-drugima\/","og_locale":"hr_HR","og_type":"article","og_title":"\u201elijepo kada ljudi poma\u017eu jedni drugima\"","og_description":"ZAGREB, 16. prosinca &#8211; Humanitarna udruga Humanity First i ove godine tradicionalno organizira donaciju paketa potrebitima, pa je tako danas donirano 10 paketa hrane osobama slabijeg imovinskog cenzusa iz zajednice Sesvete u Sesvetama te jo\u0161 140 paketa korisnicima usluga Dru\u0161tva za pobolj\u0161anje kvalitete \u017eivota siroma\u0161ne i nezbrinute djece \u201eMali zmaj\u201c na Jarunu. Od ukupnog broja","og_url":"https:\/\/www.ahmadiyya-islam.org\/hr\/humanity-first\/humanity-first-hrvatska\/lijepo-kada-ljudi-pomazu-jedni-drugima\/","og_site_name":"Ahmadija muslimanski d\u017eamat","article_published_time":"2019-12-18T11:01:09+00:00","article_modified_time":"2021-01-23T12:34:28+00:00","og_image":[{"width":1066,"height":653,"url":"https:\/\/www.ahmadiyya-islam.org\/hr\/wp-content\/uploads\/sites\/22\/2020\/10\/1_Khan-MunawwarIvan-Cikovic.jpg","type":"image\/jpeg"}],"author":"ranamunawar","twitter_card":"summary_large_image","twitter_misc":{"Napisao\/la":"ranamunawar","Procijenjeno vrijeme \u010ditanja":"3 minute"},"schema":{"@context":"https:\/\/schema.org","@graph":[{"@type":"Article","@id":"https:\/\/www.ahmadiyya-islam.org\/hr\/humanity-first\/humanity-first-hrvatska\/lijepo-kada-ljudi-pomazu-jedni-drugima\/#article","isPartOf":{"@id":"https:\/\/www.ahmadiyya-islam.org\/hr\/humanity-first\/humanity-first-hrvatska\/lijepo-kada-ljudi-pomazu-jedni-drugima\/"},"author":{"name":"ranamunawar","@id":"https:\/\/www.ahmadiyya-islam.org\/hr\/#\/schema\/person\/4d74f28572ca6c7fa65111daa316ed65"},"headline":"\u201elijepo kada ljudi poma\u017eu jedni drugima&#8221;","datePublished":"2019-12-18T11:01:09+00:00","dateModified":"2021-01-23T12:34:28+00:00","mainEntityOfPage":{"@id":"https:\/\/www.ahmadiyya-islam.org\/hr\/humanity-first\/humanity-first-hrvatska\/lijepo-kada-ljudi-pomazu-jedni-drugima\/"},"wordCount":614,"image":{"@id":"https:\/\/www.ahmadiyya-islam.org\/hr\/humanity-first\/humanity-first-hrvatska\/lijepo-kada-ljudi-pomazu-jedni-drugima\/#primaryimage"},"thumbnailUrl":"https:\/\/www.ahmadiyya-islam.org\/hr\/wp-content\/uploads\/sites\/22\/2020\/10\/1_Khan-MunawwarIvan-Cikovic.jpg","articleSection":["Humanity First Hrvatska"],"inLanguage":"hr"},{"@type":"WebPage","@id":"https:\/\/www.ahmadiyya-islam.org\/hr\/humanity-first\/humanity-first-hrvatska\/lijepo-kada-ljudi-pomazu-jedni-drugima\/","url":"https:\/\/www.ahmadiyya-islam.org\/hr\/humanity-first\/humanity-first-hrvatska\/lijepo-kada-ljudi-pomazu-jedni-drugima\/","name":"\u201elijepo kada ljudi poma\u017eu jedni drugima\" - Ahmadija muslimanski d\u017eamat","isPartOf":{"@id":"https:\/\/www.ahmadiyya-islam.org\/hr\/#website"},"primaryImageOfPage":{"@id":"https:\/\/www.ahmadiyya-islam.org\/hr\/humanity-first\/humanity-first-hrvatska\/lijepo-kada-ljudi-pomazu-jedni-drugima\/#primaryimage"},"image":{"@id":"https:\/\/www.ahmadiyya-islam.org\/hr\/humanity-first\/humanity-first-hrvatska\/lijepo-kada-ljudi-pomazu-jedni-drugima\/#primaryimage"},"thumbnailUrl":"https:\/\/www.ahmadiyya-islam.org\/hr\/wp-content\/uploads\/sites\/22\/2020\/10\/1_Khan-MunawwarIvan-Cikovic.jpg","datePublished":"2019-12-18T11:01:09+00:00","dateModified":"2021-01-23T12:34:28+00:00","author":{"@id":"https:\/\/www.ahmadiyya-islam.org\/hr\/#\/schema\/person\/4d74f28572ca6c7fa65111daa316ed65"},"breadcrumb":{"@id":"https:\/\/www.ahmadiyya-islam.org\/hr\/humanity-first\/humanity-first-hrvatska\/lijepo-kada-ljudi-pomazu-jedni-drugima\/#breadcrumb"},"inLanguage":"hr","potentialAction":[{"@type":"ReadAction","target":["https:\/\/www.ahmadiyya-islam.org\/hr\/humanity-first\/humanity-first-hrvatska\/lijepo-kada-ljudi-pomazu-jedni-drugima\/"]}]},{"@type":"ImageObject","inLanguage":"hr","@id":"https:\/\/www.ahmadiyya-islam.org\/hr\/humanity-first\/humanity-first-hrvatska\/lijepo-kada-ljudi-pomazu-jedni-drugima\/#primaryimage","url":"https:\/\/www.ahmadiyya-islam.org\/hr\/wp-content\/uploads\/sites\/22\/2020\/10\/1_Khan-MunawwarIvan-Cikovic.jpg","contentUrl":"https:\/\/www.ahmadiyya-islam.org\/hr\/wp-content\/uploads\/sites\/22\/2020\/10\/1_Khan-MunawwarIvan-Cikovic.jpg","width":1066,"height":653,"caption":"Khan Munawwar, Ivan Cikovi\u0107 Humanity First Hrvatska Sesvete"},{"@type":"BreadcrumbList","@id":"https:\/\/www.ahmadiyya-islam.org\/hr\/humanity-first\/humanity-first-hrvatska\/lijepo-kada-ljudi-pomazu-jedni-drugima\/#breadcrumb","itemListElement":[{"@type":"ListItem","position":1,"name":"Home","item":"https:\/\/www.ahmadiyya-islam.org\/hr\/"},{"@type":"ListItem","position":2,"name":"\u201elijepo kada ljudi poma\u017eu jedni drugima&#8221;"}]},{"@type":"WebSite","@id":"https:\/\/www.ahmadiyya-islam.org\/hr\/#website","url":"https:\/\/www.ahmadiyya-islam.org\/hr\/","name":"Ahmadija muslimanski d\u017eamat","description":"Hrvatska","potentialAction":[{"@type":"SearchAction","target":{"@type":"EntryPoint","urlTemplate":"https:\/\/www.ahmadiyya-islam.org\/hr\/?s={search_term_string}"},"query-input":{"@type":"PropertyValueSpecification","valueRequired":true,"valueName":"search_term_string"}}],"inLanguage":"hr"},{"@type":"Person","@id":"https:\/\/www.ahmadiyya-islam.org\/hr\/#\/schema\/person\/4d74f28572ca6c7fa65111daa316ed65","name":"ranamunawar","url":"https:\/\/www.ahmadiyya-islam.org\/hr\/author\/ranamunawar\/"}]}},"_links":{"self":[{"href":"https:\/\/www.ahmadiyya-islam.org\/hr\/wp-json\/wp\/v2\/posts\/1428","targetHints":{"allow":["GET"]}}],"collection":[{"href":"https:\/\/www.ahmadiyya-islam.org\/hr\/wp-json\/wp\/v2\/posts"}],"about":[{"href":"https:\/\/www.ahmadiyya-islam.org\/hr\/wp-json\/wp\/v2\/types\/post"}],"author":[{"embeddable":true,"href":"https:\/\/www.ahmadiyya-islam.org\/hr\/wp-json\/wp\/v2\/users\/77"}],"replies":[{"embeddable":true,"href":"https:\/\/www.ahmadiyya-islam.org\/hr\/wp-json\/wp\/v2\/comments?post=1428"}],"version-history":[{"count":0,"href":"https:\/\/www.ahmadiyya-islam.org\/hr\/wp-json\/wp\/v2\/posts\/1428\/revisions"}],"wp:featuredmedia":[{"embeddable":true,"href":"https:\/\/www.ahmadiyya-islam.org\/hr\/wp-json\/wp\/v2\/media\/1431"}],"wp:attachment":[{"href":"https:\/\/www.ahmadiyya-islam.org\/hr\/wp-json\/wp\/v2\/media?parent=1428"}],"wp:term":[{"taxonomy":"category","embeddable":true,"href":"https:\/\/www.ahmadiyya-islam.org\/hr\/wp-json\/wp\/v2\/categories?post=1428"},{"taxonomy":"post_tag","embeddable":true,"href":"https:\/\/www.ahmadiyya-islam.org\/hr\/wp-json\/wp\/v2\/tags?post=1428"},{"taxonomy":"topics","embeddable":true,"href":"https:\/\/www.ahmadiyya-islam.org\/hr\/wp-json\/wp\/v2\/topics?post=1428"},{"taxonomy":"authors","embeddable":true,"href":"https:\/\/www.ahmadiyya-islam.org\/hr\/wp-json\/wp\/v2\/authors?post=1428"},{"taxonomy":"geo_locations","embeddable":true,"href":"https:\/\/www.ahmadiyya-islam.org\/hr\/wp-json\/wp\/v2\/geo_locations?post=1428"},{"taxonomy":"content_source","embeddable":true,"href":"https:\/\/www.ahmadiyya-islam.org\/hr\/wp-json\/wp\/v2\/content_source?post=1428"}],"curies":[{"name":"wp","href":"https:\/\/api.w.org\/{rel}","templated":true}]}}