{"id":2941,"date":"2025-11-24T15:20:24","date_gmt":"2025-11-24T15:20:24","guid":{"rendered":"https:\/\/www.ahmadiyya-islam.org\/hr\/?post_type=articles&#038;p=2941"},"modified":"2025-11-24T15:39:49","modified_gmt":"2025-11-24T15:39:49","slug":"predstavljanje-knjige-islam-i-ljudska-prava-interliber-2025","status":"publish","type":"articles","link":"https:\/\/www.ahmadiyya-islam.org\/hr\/clanci\/predstavljanje-knjige-islam-i-ljudska-prava-interliber-2025\/","title":{"rendered":"Predstavljanje knjige &#8220;Islam i ljudska prava&#8221; \u2014 Interliber 2025."},"content":{"rendered":"<p>Interliber je zapo\u010deo 11. studenoga i trajao do 16. studenoga. Ahmadija muslimanska zajednica u Hrvatskoj bila je odu\u0161evljena \u0161to je imala \u0161tand na Interliberu i mogla predstaviti literaturu o islamu. Ahmadija muslimanska zajednica prisutna je na Interliberu ve\u0107 vi\u0161e od desetlje\u0107a te omogu\u0107uje \u010ditateljima da saznaju vi\u0161e o istinskim u\u010denjima islama. Raznolikost naslova i koli\u010dina besplatne literature raste iz godine u godinu. Ahmadija muslimanska zajednica \u017eeli osigurati da svatko \u2014 bez znanja, s malo znanja ili s dubokim znanjem \u2014 mo\u017ee napredovati u svom razumijevanju o islamu.<\/p>\n<p data-start=\"620\" data-end=\"1199\">Zbog toga Ahmadija zajednica nastavlja odgovoriti na pitanja koja ljudi imaju na umu, ali se srame ih postaviti. Jedna od takvih tema je: \u201e\u0160to je s ljudskim pravima u islamu?\u201cKako bi odgovorili na to pitanje, zamolili su Ljiljanu Haidar Diab, autoricu, novinarku, kr\u0161\u0107anku i miroljubivu osobu, da pro\u010dita knjigu \u201e<a href=\"https:\/\/www.ahmadiyya-islam.org\/hr\/knjiznica\/islam-i-ljudska-prava\/\">Islam i ljudska prava<\/a>\u201c i napi\u0161e recenziju.<\/p>\n<p>Na \u017ealost zbog akutnih zdravstvenih problema Ljiljana nije mogla osobno odr\u017eati izlaganje tijekom Interlibera, zato je njezino izlaganje 13. studenoga u 15:00 u Paviljonu 6 predstavila novinarkinja Sanja Plje\u0161a, zajedno s Imamom Mufeez-ur Rahmanom.<\/p>\n<p><img loading=\"lazy\" decoding=\"async\" class=\"aligncenter wp-image-2942\" src=\"http:\/\/www.ahmadiyya-islam.org\/hr\/wp-content\/uploads\/sites\/22\/2025\/11\/Islam-i-ljudska-prava-.jpg\" alt=\"\" width=\"700\" height=\"328\" srcset=\"https:\/\/www.ahmadiyya-islam.org\/hr\/wp-content\/uploads\/sites\/22\/2025\/11\/Islam-i-ljudska-prava-.jpg 1500w, https:\/\/www.ahmadiyya-islam.org\/hr\/wp-content\/uploads\/sites\/22\/2025\/11\/Islam-i-ljudska-prava--300x141.jpg 300w, https:\/\/www.ahmadiyya-islam.org\/hr\/wp-content\/uploads\/sites\/22\/2025\/11\/Islam-i-ljudska-prava--1024x480.jpg 1024w, https:\/\/www.ahmadiyya-islam.org\/hr\/wp-content\/uploads\/sites\/22\/2025\/11\/Islam-i-ljudska-prava--768x360.jpg 768w\" sizes=\"auto, (max-width: 700px) 100vw, 700px\" \/><\/p>\n<h3 data-start=\"1201\" data-end=\"1234\"><span style=\"color: #000000\"><strong>Ljiljana Diab Haidar je rekla:<\/strong><\/span><\/h3>\n<p>Dobar dan svima,<\/p>\n<p>zahvaljujem vam \u0161to ste danas ovdje \u2014 ne samo da \u010dujemo o jednoj knjizi, nego da zajedno promislimo o temi koja je uvijek \u017eiva: o \u010dovjeku, njegovu dostojanstvu i njegovu pravu na slobodu.<\/p>\n<p>Do sada sam na ovakvim susretima naj\u010de\u0161\u0107e predstavljala svoju knjigu &#8220;Ljubav u sjeni ratova, kako je biti supruga ratnog izvjestitelja&#8221;,\u00a0 knjigu o bliskosti me\u0111u ljudima, o boli, ali i o nadi u svijetu podijeljenom sukobima. No danas ne\u0107u govoriti o svojoj pri\u010di, nego o knjizi koja me duboko dirnula i otvorila mi novi pogled na vjeru, pravo i \u010dovjeka.<\/p>\n<p>Danas \u0107u govoriti o knjizi Islam i ljudska prava autora Muhammada Zafrulle Khana.<\/p>\n<p>Ovoj knjizi pristupam kao netko tko nije musliman, nego kr\u0161\u0107anka. Kao netko tko dolazi iz druge duhovne tradicije, ali dijeli istu \u010de\u017enju \u2014 razumjeti svijet, prona\u0107i ono \u0161to nas povezuje, a ne ono \u0161to nas razdvaja. Kao autorica knjige Ljubav u sjeni ratova, i sama sam mnogo puta svjedo\u010dila ljudskoj boli, nepravdi i sukobima. Upravo zato me Khanova knjiga duboko dotaknula \u2014 jer pokazuje da istinska vjera nikada ne poti\u010de mr\u017enju, nego uvijek tra\u017ei pravdu i milosr\u0111e.<\/p>\n<p>Muhammad Zafrulla Khan bio je izniman \u010dovjek 20. stolje\u0107a. Prvi ministar vanjskih poslova Pakistana, predsjednik Op\u0107e skup\u0161tine Ujedinjenih naroda i predsjednik Me\u0111unarodnog suda pravde u Haagu. Dakle, ne samo vjernik, nego i pravnik, mirotvorac i \u010dovjek dubokog morala. Cijeli svoj \u017eivot posvetio je dijalogu me\u0111u narodima i po\u0161tivanju dostojanstva svakog \u010dovjeka.<\/p>\n<p>Njegova knjiga Islam i ljudska prava napisana je iz uvjerenja da islam nije protivnik suvremenih ideja o slobodi i jednakosti, nego da ih u svojoj sr\u017ei nosi ve\u0107 vi\u0161e od \u010detrnaest stolje\u0107a. Khan \u017eeli pokazati da su vrijednosti na kojima danas po\u010divaju Povelje Ujedinjenih naroda o ljudskim pravima zapravo ukorijenjene i u islamskom u\u010denju.<\/p>\n<p>Ne pi\u0161e on kao teolog koji brani vjeru, nego kao mislilac koji tra\u017ei mostove izme\u0111u svjetova. U knjizi govori o tome da su jo\u0161 u Kur\u2019anu i u rije\u010dima Poslanika Muhammeda jasno postavljeni temelji ljudskih prava: dostojanstvo \u010dovjeka, sloboda vjere, za\u0161tita slabih, pravo na pravedno su\u0111enje i zabrana tla\u010denja. Khan podsje\u0107a da je prva islamska zajednica u Medini imala svoj svojevrsni \u201custav\u201d \u2014 Medinski ugovor \u2014 dokument koji je jam\u010dio prava i muslimanima i \u017didovima i kr\u0161\u0107anima, svim stanovnicima toga grada. On ka\u017ee da je to bio \u201cprvi povijesni primjer zajednice utemeljene na na\u010delima jednakosti i slobode\u201d. Khan pi\u0161e:<\/p>\n<blockquote><p>\u201cIslam priznaje \u010dovjeka kao Bo\u017eje stvorenje s neotu\u0111ivim dostojanstvom. Nitko nema pravo nad drugima osim u slu\u017ebi pravde.\u201d<\/p><\/blockquote>\n<p>Koliko je ta misao sna\u017ena! U vremenu u kojem \u017eivimo, kad se \u010desto pozivamo na ljudska prava, a istodobno svjedo\u010dimo nepravdi, ratovima i podjelama, podsjetnik da su prava povezana s odgovorno\u0161\u0107u i moralom \u2014 vi\u0161e je nego potreban. Khan u knjizi \u010desto uspore\u0111uje islamske principe s dokumentima Ujedinjenih naroda. Posebno isti\u010de Op\u0107u deklaraciju o ljudskim pravima iz 1948. godine, u \u010dijem je dono\u0161enju i sam sudjelovao kao diplomat. Nagla\u0161ava da ta Povelja nije izum Zapada, nego zajedni\u010dki izraz ljudskosti \u2014 i da se sli\u010dna na\u010dela nalaze i u drugim vjerama, uklju\u010duju\u0107i islam. On pi\u0161e:<\/p>\n<blockquote><p>\u201cKada Deklaracija ka\u017ee da svi ljudi imaju jednako dostojanstvo i jednaka prava, to je ono \u0161to je islam rekao rije\u010dima: Svi ste vi djeca jednog Boga.\u201d<\/p><\/blockquote>\n<p>Kroz cijelu knjigu provla\u010di se ideja da prava ne smiju biti povlastica, nego temelj zajedni\u010dkog \u017eivota. Posebno se osvr\u0107e na polo\u017eaj \u017eena, siroma\u0161nih, zarobljenika i manjina \u2014 upravo onih koji su naj\u010de\u0161\u0107e zaboravljeni. Podsje\u0107a da je Poslanik Muhammed rekao:<\/p>\n<blockquote><p>\u201cNajbolji me\u0111u vama je onaj koji je najpravedniji prema \u017eenama.\u201d<\/p><\/blockquote>\n<p>I dodaje da islam, ako se ispravno razumije, \u017eeni daje pravo na obrazovanje, imovinu, dostojanstvo i slobodu savjesti.<\/p>\n<p>Kao kr\u0161\u0107anka, u toj sam knjizi prona\u0161la mnogo dodirnih to\u010daka. Kada Khan ka\u017ee da \u201evjera bez pravde nije vjera, nego puka forma\u201c, ne mogu ne pomisliti na rije\u010di Isusa: \u201ePo plodovima \u0107ete ih poznati.\u201c<\/p>\n<p>Obje poruke govore isto \u2014 da se vjera prepoznaje po djelima, po ljubavi, po milosr\u0111u. I da prava vjera nikad ne mo\u017ee opravdati nepravdu. Zato ova knjiga nije samo teolo\u0161ko djelo. Ona je i poziv \u2014 poziv da \u010dovjeka gledamo prije svega kao \u010dovjeka, bez obzira na vjeru, narod ili boju ko\u017ee. Khan ne zatvara o\u010di pred zlom, ali vjeruje da rje\u0161enje nije u sukobu, nego u razgovoru i razumijevanju. On pi\u0161e:<\/p>\n<blockquote><p>\u201cNepravda bilo kome, prijetnja je pravednosti svima.\u201d<\/p><\/blockquote>\n<p>Kada sam \u010ditala te rije\u010di, pomislila sam koliko bi svijet bio druga\u010diji kad bismo ih zaista primjenjivali. Jer upravo to je ono \u0161to i mene i Khana spaja \u2014 vjera u \u010dovjeka, u njegovu sposobnost da voli, da pra\u0161ta i da gradi mir. Khanov \u017eivot svjedo\u010di tome. Radio je me\u0111u narodima koji su se razilazili, ali nikada nije izgubio vjeru u snagu dijaloga. Bio je most izme\u0111u Istoka i Zapada, izme\u0111u islama i kr\u0161\u0107anstva, izme\u0111u prava i duhovnosti. A to je, vjerujem, i glavna poruka ove knjige \u2014 da se mostovi ne grade rije\u010dima, nego srcem. Zato \u0107u ovaj govor zavr\u0161iti njegovim rije\u010dima koje vrijedi zapamtiti:<\/p>\n<blockquote><p>\u201cMir nije odsutnost rata. Mir je prisutnost pravde.\u201d<\/p><\/blockquote>\n<p>I doista \u2014 ako u sebi nemamo pravde, ni sloboda ne\u0107e imati smisla. Hvala vam \u0161to ste danas ovdje i \u0161to ste zajedno sa mnom promislili o \u010dovjeku, vjeri i pravu da budemo ono \u0161to jesmo \u2014 slobodna i dostojanstvena Bo\u017eja bi\u0107a.<\/p>\n<h3>Povezano:<\/h3>\n<ul>\n<li><a href=\"https:\/\/www.ahmadiyya-islam.org\/hr\/clanci\/sir-zafrulla-khan-braneci-palestinska-prava-poziva-svijet\/\"><span style=\"font-size: 16px\">Sir Zafrulla Khan, brane\u0107i palestinska prava \u2013 poziva svijet<\/span><\/a><\/li>\n<li><a href=\"https:\/\/www.ahmadiyya-islam.org\/hr\/clanci\/zidovi-i-arapi-ujedinjeni-u-haifa-ahmadija-dzamiji-u-izraelu\/\">\u017didovi i Arapi ujedinjeni u Haifa Ahmadija d\u017eamiji u Izraelu<\/a><\/li>\n<li><a href=\"https:\/\/www.ahmadiyya-islam.org\/hr\/clanci\/islam-europa-sukob-civilizacija\/\">Islam &amp; Europa \u2013 sukob civilizacija?<\/a><\/li>\n<\/ul>\n","protected":false},"excerpt":{"rendered":"<p>Interliber je zapo\u010deo 11. studenoga i trajao do 16. studenoga. Ahmadija muslimanska zajednica u Hrvatskoj bila je odu\u0161evljena \u0161to je imala \u0161tand na Interliberu i mogla predstaviti literaturu o islamu. Ahmadija muslimanska zajednica prisutna je na Interliberu ve\u0107 vi\u0161e od desetlje\u0107a te omogu\u0107uje \u010ditateljima da saznaju vi\u0161e o istinskim u\u010denjima islama. Raznolikost naslova i koli\u010dina<\/p>\n","protected":false},"featured_media":2945,"parent":0,"template":"","tags":[332,29,271,437],"article-cat":[343],"topics":[220],"authors":[],"content_source":[],"class_list":["post-2941","articles","type-articles","status-publish","has-post-thumbnail","hentry","tag-interliber","tag-islam","tag-pravda","tag-sir-zafrullah-khan","article-cat-clanak","topics-pravda"],"acf":[],"yoast_head":"<!-- This site is optimized with the Yoast SEO Premium plugin v21.1 (Yoast SEO v27.4) - https:\/\/yoast.com\/product\/yoast-seo-premium-wordpress\/ -->\n<title>Predstavljanje knjige &quot;Islam i ljudska prava&quot; \u2014 Interliber 2025. - Ahmadija muslimanski d\u017eamat<\/title>\n<meta name=\"robots\" content=\"index, follow, max-snippet:-1, max-image-preview:large, max-video-preview:-1\" \/>\n<link rel=\"canonical\" href=\"https:\/\/www.ahmadiyya-islam.org\/hr\/clanci\/predstavljanje-knjige-islam-i-ljudska-prava-interliber-2025\/\" \/>\n<meta property=\"og:locale\" content=\"hr_HR\" \/>\n<meta property=\"og:type\" content=\"article\" \/>\n<meta property=\"og:title\" content=\"Predstavljanje knjige &quot;Islam i ljudska prava&quot; \u2014 Interliber 2025.\" \/>\n<meta property=\"og:description\" content=\"Interliber je zapo\u010deo 11. studenoga i trajao do 16. studenoga. Ahmadija muslimanska zajednica u Hrvatskoj bila je odu\u0161evljena \u0161to je imala \u0161tand na Interliberu i mogla predstaviti literaturu o islamu. Ahmadija muslimanska zajednica prisutna je na Interliberu ve\u0107 vi\u0161e od desetlje\u0107a te omogu\u0107uje \u010ditateljima da saznaju vi\u0161e o istinskim u\u010denjima islama. Raznolikost naslova i koli\u010dina\" \/>\n<meta property=\"og:url\" content=\"https:\/\/www.ahmadiyya-islam.org\/hr\/clanci\/predstavljanje-knjige-islam-i-ljudska-prava-interliber-2025\/\" \/>\n<meta property=\"og:site_name\" content=\"Ahmadija muslimanski d\u017eamat\" \/>\n<meta property=\"article:modified_time\" content=\"2025-11-24T15:39:49+00:00\" \/>\n<meta property=\"og:image\" content=\"http:\/\/www.ahmadiyya-islam.org\/hr\/wp-content\/uploads\/sites\/22\/2025\/11\/Interliber-wide-.jpg\" \/>\n\t<meta property=\"og:image:width\" content=\"1500\" \/>\n\t<meta property=\"og:image:height\" content=\"703\" \/>\n\t<meta property=\"og:image:type\" content=\"image\/jpeg\" \/>\n<meta name=\"twitter:card\" content=\"summary_large_image\" \/>\n<meta name=\"twitter:label1\" content=\"Procijenjeno vrijeme \u010ditanja\" \/>\n\t<meta name=\"twitter:data1\" content=\"6 minuta\" \/>\n<script type=\"application\/ld+json\" class=\"yoast-schema-graph\">{\"@context\":\"https:\\\/\\\/schema.org\",\"@graph\":[{\"@type\":\"WebPage\",\"@id\":\"https:\\\/\\\/www.ahmadiyya-islam.org\\\/hr\\\/clanci\\\/predstavljanje-knjige-islam-i-ljudska-prava-interliber-2025\\\/\",\"url\":\"https:\\\/\\\/www.ahmadiyya-islam.org\\\/hr\\\/clanci\\\/predstavljanje-knjige-islam-i-ljudska-prava-interliber-2025\\\/\",\"name\":\"Predstavljanje knjige \\\"Islam i ljudska prava\\\" \u2014 Interliber 2025. - Ahmadija muslimanski d\u017eamat\",\"isPartOf\":{\"@id\":\"https:\\\/\\\/www.ahmadiyya-islam.org\\\/hr\\\/#website\"},\"primaryImageOfPage\":{\"@id\":\"https:\\\/\\\/www.ahmadiyya-islam.org\\\/hr\\\/clanci\\\/predstavljanje-knjige-islam-i-ljudska-prava-interliber-2025\\\/#primaryimage\"},\"image\":{\"@id\":\"https:\\\/\\\/www.ahmadiyya-islam.org\\\/hr\\\/clanci\\\/predstavljanje-knjige-islam-i-ljudska-prava-interliber-2025\\\/#primaryimage\"},\"thumbnailUrl\":\"https:\\\/\\\/www.ahmadiyya-islam.org\\\/hr\\\/wp-content\\\/uploads\\\/sites\\\/22\\\/2025\\\/11\\\/Interliber-wide-.jpg\",\"datePublished\":\"2025-11-24T15:20:24+00:00\",\"dateModified\":\"2025-11-24T15:39:49+00:00\",\"breadcrumb\":{\"@id\":\"https:\\\/\\\/www.ahmadiyya-islam.org\\\/hr\\\/clanci\\\/predstavljanje-knjige-islam-i-ljudska-prava-interliber-2025\\\/#breadcrumb\"},\"inLanguage\":\"hr\",\"potentialAction\":[{\"@type\":\"ReadAction\",\"target\":[\"https:\\\/\\\/www.ahmadiyya-islam.org\\\/hr\\\/clanci\\\/predstavljanje-knjige-islam-i-ljudska-prava-interliber-2025\\\/\"]}]},{\"@type\":\"ImageObject\",\"inLanguage\":\"hr\",\"@id\":\"https:\\\/\\\/www.ahmadiyya-islam.org\\\/hr\\\/clanci\\\/predstavljanje-knjige-islam-i-ljudska-prava-interliber-2025\\\/#primaryimage\",\"url\":\"https:\\\/\\\/www.ahmadiyya-islam.org\\\/hr\\\/wp-content\\\/uploads\\\/sites\\\/22\\\/2025\\\/11\\\/Interliber-wide-.jpg\",\"contentUrl\":\"https:\\\/\\\/www.ahmadiyya-islam.org\\\/hr\\\/wp-content\\\/uploads\\\/sites\\\/22\\\/2025\\\/11\\\/Interliber-wide-.jpg\",\"width\":1500,\"height\":703},{\"@type\":\"BreadcrumbList\",\"@id\":\"https:\\\/\\\/www.ahmadiyya-islam.org\\\/hr\\\/clanci\\\/predstavljanje-knjige-islam-i-ljudska-prava-interliber-2025\\\/#breadcrumb\",\"itemListElement\":[{\"@type\":\"ListItem\",\"position\":1,\"name\":\"Home\",\"item\":\"https:\\\/\\\/www.ahmadiyya-islam.org\\\/hr\\\/\"},{\"@type\":\"ListItem\",\"position\":2,\"name\":\"\u010clanci\",\"item\":\"https:\\\/\\\/www.ahmadiyya-islam.org\\\/hr\\\/clanci\\\/\"},{\"@type\":\"ListItem\",\"position\":3,\"name\":\"Predstavljanje knjige &#8220;Islam i ljudska prava&#8221; \u2014 Interliber 2025.\"}]},{\"@type\":\"WebSite\",\"@id\":\"https:\\\/\\\/www.ahmadiyya-islam.org\\\/hr\\\/#website\",\"url\":\"https:\\\/\\\/www.ahmadiyya-islam.org\\\/hr\\\/\",\"name\":\"Ahmadija muslimanski d\u017eamat\",\"description\":\"Hrvatska\",\"potentialAction\":[{\"@type\":\"SearchAction\",\"target\":{\"@type\":\"EntryPoint\",\"urlTemplate\":\"https:\\\/\\\/www.ahmadiyya-islam.org\\\/hr\\\/?s={search_term_string}\"},\"query-input\":{\"@type\":\"PropertyValueSpecification\",\"valueRequired\":true,\"valueName\":\"search_term_string\"}}],\"inLanguage\":\"hr\"}]}<\/script>\n<!-- \/ Yoast SEO Premium plugin. -->","yoast_head_json":{"title":"Predstavljanje knjige \"Islam i ljudska prava\" \u2014 Interliber 2025. - Ahmadija muslimanski d\u017eamat","robots":{"index":"index","follow":"follow","max-snippet":"max-snippet:-1","max-image-preview":"max-image-preview:large","max-video-preview":"max-video-preview:-1"},"canonical":"https:\/\/www.ahmadiyya-islam.org\/hr\/clanci\/predstavljanje-knjige-islam-i-ljudska-prava-interliber-2025\/","og_locale":"hr_HR","og_type":"article","og_title":"Predstavljanje knjige \"Islam i ljudska prava\" \u2014 Interliber 2025.","og_description":"Interliber je zapo\u010deo 11. studenoga i trajao do 16. studenoga. Ahmadija muslimanska zajednica u Hrvatskoj bila je odu\u0161evljena \u0161to je imala \u0161tand na Interliberu i mogla predstaviti literaturu o islamu. Ahmadija muslimanska zajednica prisutna je na Interliberu ve\u0107 vi\u0161e od desetlje\u0107a te omogu\u0107uje \u010ditateljima da saznaju vi\u0161e o istinskim u\u010denjima islama. Raznolikost naslova i koli\u010dina","og_url":"https:\/\/www.ahmadiyya-islam.org\/hr\/clanci\/predstavljanje-knjige-islam-i-ljudska-prava-interliber-2025\/","og_site_name":"Ahmadija muslimanski d\u017eamat","article_modified_time":"2025-11-24T15:39:49+00:00","og_image":[{"width":1500,"height":703,"url":"http:\/\/www.ahmadiyya-islam.org\/hr\/wp-content\/uploads\/sites\/22\/2025\/11\/Interliber-wide-.jpg","type":"image\/jpeg"}],"twitter_card":"summary_large_image","twitter_misc":{"Procijenjeno vrijeme \u010ditanja":"6 minuta"},"schema":{"@context":"https:\/\/schema.org","@graph":[{"@type":"WebPage","@id":"https:\/\/www.ahmadiyya-islam.org\/hr\/clanci\/predstavljanje-knjige-islam-i-ljudska-prava-interliber-2025\/","url":"https:\/\/www.ahmadiyya-islam.org\/hr\/clanci\/predstavljanje-knjige-islam-i-ljudska-prava-interliber-2025\/","name":"Predstavljanje knjige \"Islam i ljudska prava\" \u2014 Interliber 2025. - Ahmadija muslimanski d\u017eamat","isPartOf":{"@id":"https:\/\/www.ahmadiyya-islam.org\/hr\/#website"},"primaryImageOfPage":{"@id":"https:\/\/www.ahmadiyya-islam.org\/hr\/clanci\/predstavljanje-knjige-islam-i-ljudska-prava-interliber-2025\/#primaryimage"},"image":{"@id":"https:\/\/www.ahmadiyya-islam.org\/hr\/clanci\/predstavljanje-knjige-islam-i-ljudska-prava-interliber-2025\/#primaryimage"},"thumbnailUrl":"https:\/\/www.ahmadiyya-islam.org\/hr\/wp-content\/uploads\/sites\/22\/2025\/11\/Interliber-wide-.jpg","datePublished":"2025-11-24T15:20:24+00:00","dateModified":"2025-11-24T15:39:49+00:00","breadcrumb":{"@id":"https:\/\/www.ahmadiyya-islam.org\/hr\/clanci\/predstavljanje-knjige-islam-i-ljudska-prava-interliber-2025\/#breadcrumb"},"inLanguage":"hr","potentialAction":[{"@type":"ReadAction","target":["https:\/\/www.ahmadiyya-islam.org\/hr\/clanci\/predstavljanje-knjige-islam-i-ljudska-prava-interliber-2025\/"]}]},{"@type":"ImageObject","inLanguage":"hr","@id":"https:\/\/www.ahmadiyya-islam.org\/hr\/clanci\/predstavljanje-knjige-islam-i-ljudska-prava-interliber-2025\/#primaryimage","url":"https:\/\/www.ahmadiyya-islam.org\/hr\/wp-content\/uploads\/sites\/22\/2025\/11\/Interliber-wide-.jpg","contentUrl":"https:\/\/www.ahmadiyya-islam.org\/hr\/wp-content\/uploads\/sites\/22\/2025\/11\/Interliber-wide-.jpg","width":1500,"height":703},{"@type":"BreadcrumbList","@id":"https:\/\/www.ahmadiyya-islam.org\/hr\/clanci\/predstavljanje-knjige-islam-i-ljudska-prava-interliber-2025\/#breadcrumb","itemListElement":[{"@type":"ListItem","position":1,"name":"Home","item":"https:\/\/www.ahmadiyya-islam.org\/hr\/"},{"@type":"ListItem","position":2,"name":"\u010clanci","item":"https:\/\/www.ahmadiyya-islam.org\/hr\/clanci\/"},{"@type":"ListItem","position":3,"name":"Predstavljanje knjige &#8220;Islam i ljudska prava&#8221; \u2014 Interliber 2025."}]},{"@type":"WebSite","@id":"https:\/\/www.ahmadiyya-islam.org\/hr\/#website","url":"https:\/\/www.ahmadiyya-islam.org\/hr\/","name":"Ahmadija muslimanski d\u017eamat","description":"Hrvatska","potentialAction":[{"@type":"SearchAction","target":{"@type":"EntryPoint","urlTemplate":"https:\/\/www.ahmadiyya-islam.org\/hr\/?s={search_term_string}"},"query-input":{"@type":"PropertyValueSpecification","valueRequired":true,"valueName":"search_term_string"}}],"inLanguage":"hr"}]}},"_links":{"self":[{"href":"https:\/\/www.ahmadiyya-islam.org\/hr\/wp-json\/wp\/v2\/articles\/2941","targetHints":{"allow":["GET"]}}],"collection":[{"href":"https:\/\/www.ahmadiyya-islam.org\/hr\/wp-json\/wp\/v2\/articles"}],"about":[{"href":"https:\/\/www.ahmadiyya-islam.org\/hr\/wp-json\/wp\/v2\/types\/articles"}],"version-history":[{"count":2,"href":"https:\/\/www.ahmadiyya-islam.org\/hr\/wp-json\/wp\/v2\/articles\/2941\/revisions"}],"predecessor-version":[{"id":2953,"href":"https:\/\/www.ahmadiyya-islam.org\/hr\/wp-json\/wp\/v2\/articles\/2941\/revisions\/2953"}],"wp:featuredmedia":[{"embeddable":true,"href":"https:\/\/www.ahmadiyya-islam.org\/hr\/wp-json\/wp\/v2\/media\/2945"}],"wp:attachment":[{"href":"https:\/\/www.ahmadiyya-islam.org\/hr\/wp-json\/wp\/v2\/media?parent=2941"}],"wp:term":[{"taxonomy":"post_tag","embeddable":true,"href":"https:\/\/www.ahmadiyya-islam.org\/hr\/wp-json\/wp\/v2\/tags?post=2941"},{"taxonomy":"article-cat","embeddable":true,"href":"https:\/\/www.ahmadiyya-islam.org\/hr\/wp-json\/wp\/v2\/article-cat?post=2941"},{"taxonomy":"topics","embeddable":true,"href":"https:\/\/www.ahmadiyya-islam.org\/hr\/wp-json\/wp\/v2\/topics?post=2941"},{"taxonomy":"authors","embeddable":true,"href":"https:\/\/www.ahmadiyya-islam.org\/hr\/wp-json\/wp\/v2\/authors?post=2941"},{"taxonomy":"content_source","embeddable":true,"href":"https:\/\/www.ahmadiyya-islam.org\/hr\/wp-json\/wp\/v2\/content_source?post=2941"}],"curies":[{"name":"wp","href":"https:\/\/api.w.org\/{rel}","templated":true}]}}