{"id":2874,"date":"2025-04-25T09:33:18","date_gmt":"2025-04-25T09:33:18","guid":{"rendered":"https:\/\/www.ahmadiyya-islam.org\/hr\/?post_type=articles&#038;p=2874"},"modified":"2025-05-12T10:04:37","modified_gmt":"2025-05-12T10:04:37","slug":"papa-franjo-i-ono-sto-je-on-znao-o-istinskom-islamu","status":"publish","type":"articles","link":"https:\/\/www.ahmadiyya-islam.org\/hr\/clanci\/papa-franjo-i-ono-sto-je-on-znao-o-istinskom-islamu\/","title":{"rendered":"Papa Franjo i ono \u0161to je on znao o istinskom islamu"},"content":{"rendered":"<p>Odlazak pape Franje zna\u010di da su dvije kr\u0161\u0107anske denominacije trenutno bez vo\u0111e &#8211; anglikanci, gdje je Justin Welby, nadbiskup Canterburyja, podnio ostavku prije nekoliko mjeseci, i rimokatolici, koji su ranije zgubili svog pontifeksa.<a href=\"#_edn1\" name=\"_ednref1\">[i]<\/a><\/p>\n<p><img loading=\"lazy\" decoding=\"async\" class=\"aligncenter size-full wp-image-2875\" src=\"http:\/\/www.ahmadiyya-islam.org\/hr\/wp-content\/uploads\/sites\/22\/2025\/05\/Screenshot_12.png\" alt=\"\" width=\"761\" height=\"554\" srcset=\"https:\/\/www.ahmadiyya-islam.org\/hr\/wp-content\/uploads\/sites\/22\/2025\/05\/Screenshot_12.png 761w, https:\/\/www.ahmadiyya-islam.org\/hr\/wp-content\/uploads\/sites\/22\/2025\/05\/Screenshot_12-300x218.png 300w\" sizes=\"auto, (max-width: 761px) 100vw, 761px\" \/><\/p>\n<p>U vrijeme kada je kriza vodstva jedno od, ako ne i najve\u0107e pitanje s kojim se svijet suo\u010dava, ovo je nedvojbeno izazovno vrijeme za Vatikan. Shva\u0107aju\u0107i koliko je va\u017eno pitanje vjerskog vodstva, nadamo se da \u0107e uspjeti pro\u0107i kroz procedure i protokole izbora svog vo\u0111e.<\/p>\n<p>Kroz primjer svojih vo\u0111a, zajednica Ahmadija zna da se, unato\u010d vjerskim razlikama, jo\u0161 uvijek mo\u017ee \u017eeljeti dobro ljudima drugih vjera na humanitarnom planu. Hazrat Mirza Masroor Ahmad\u00a0<sup>a.b.a.<\/sup>, poglavar svjetske muslimanske zajednice Ahmadija, napisao je pismo papi Franji kada je preuzeo du\u017enost pape 2013. U detaljnom pismu je napisao:<\/p>\n<p>&#8220;Nadam se i molim da Papa u nadolaze\u0107oj eri iskoristi svoj utjecaj za razvoj mira i sklada u svijetu. Postoji velika potreba da se udru\u017eimo oko na\u0161ih zajedni\u010dkih u\u010denja, a posebno oko jedinstva Boga.&#8221;<a href=\"#_edn2\" name=\"_ednref2\">[ii]<\/a><\/p>\n<p>Ovo je u skladu s kur&#8217;anskim u\u010denjem o pozivanju\u00a0<em>ehle-kitaba<\/em>\u00a0(Ljudi Knjige) na zajedni\u010dke stvari kako bi se rije\u0161ili me\u0111usobni sukobi i nesporazumi. (Sura Aal-e-`Imran, Poglavlje 3: V.65)<\/p>\n<p>U istom pismu hazreti Mirza Masroor Ahmad\u00a0<sup>a.b.a.<\/sup>\u00a0osvrnuo se na ono \u0161to je napisao prethodniku pape Franje:<\/p>\n<p>&#8220;U svom pismu [papi Benediktu XVI.] tako\u0111er sam zamolio da iskoristi svoj veliki utjecaj kako bi okupio ljude svijeta prema miru, pomirenju i me\u0111usobnom razumijevanju te da nastoji sprije\u010diti svijet od uni\u0161tenja. Istu poruku \u0161aljem i novom papi.&#8221;<a href=\"#_edn3\" name=\"_ednref3\">[iii]<\/a><\/p>\n<p>U jesen 2022. dvojica Ahmadi misionara imala su privatnu audijenciju kod pape Franje. Jedan od njih, Marwan Gill, napisao je u svom izvje\u0161taju za\u00a0<em>Al-Hakam<\/em>:<\/p>\n<div id=\"attachment_2876\" style=\"width: 740px\" class=\"wp-caption aligncenter\"><img loading=\"lazy\" decoding=\"async\" aria-describedby=\"caption-attachment-2876\" class=\"wp-image-2876 size-full\" src=\"http:\/\/www.ahmadiyya-islam.org\/hr\/wp-content\/uploads\/sites\/22\/2025\/05\/Screenshot_13.png\" alt=\"\" width=\"730\" height=\"486\" srcset=\"https:\/\/www.ahmadiyya-islam.org\/hr\/wp-content\/uploads\/sites\/22\/2025\/05\/Screenshot_13.png 730w, https:\/\/www.ahmadiyya-islam.org\/hr\/wp-content\/uploads\/sites\/22\/2025\/05\/Screenshot_13-300x200.png 300w\" sizes=\"auto, (max-width: 730px) 100vw, 730px\" \/><p id=\"caption-attachment-2876\" class=\"wp-caption-text\">Ahmadija muslimanski misionari susre\u0107u se s papom Franjom<\/p><\/div>\n<p>&#8220;Nakon \u0161to smo [Papi] detaljno obrazlo\u017eili i predstavili pozadinu na\u0161eg d\u017eemata [zajednice], predstavili smo mu veli\u010danstveni rad hazreti Khaliftul Masih\u00a0V<sup>a.b.a.<\/sup>\u00a0\u00a0kao svjetskog ambasadora mira. Papi smo poklonili talijanski prijevod knjige \u201e<a href=\"https:\/\/www.ahmadiyya-islam.org\/hr\/knjiznica\/svjetska-kriza-i-put-do-mira\/\">Svjetska kriza i put do mira<\/a>\u201c. Tako\u0111er smo mu pokazali pismo koje je hazreti Khaliftul Masih V<sup>a.b.a.<\/sup>\u00a0posebno\u00a0napisao za ovu priliku. Papa je primio pismo s velikim po\u0161tovanjem i zahvalio se za tu gestu Huzura\u00a0<sup>a.b.a.<\/sup>\u00a0\u201d<a href=\"#_edn4\" name=\"_ednref4\">[iv]<\/a><\/p>\n<div id=\"attachment_2877\" style=\"width: 698px\" class=\"wp-caption aligncenter\"><img loading=\"lazy\" decoding=\"async\" aria-describedby=\"caption-attachment-2877\" class=\"wp-image-2877 size-full\" src=\"http:\/\/www.ahmadiyya-islam.org\/hr\/wp-content\/uploads\/sites\/22\/2025\/05\/Screenshot_14.png\" alt=\"\" width=\"688\" height=\"466\" srcset=\"https:\/\/www.ahmadiyya-islam.org\/hr\/wp-content\/uploads\/sites\/22\/2025\/05\/Screenshot_14.png 688w, https:\/\/www.ahmadiyya-islam.org\/hr\/wp-content\/uploads\/sites\/22\/2025\/05\/Screenshot_14-300x203.png 300w\" sizes=\"auto, (max-width: 688px) 100vw, 688px\" \/><p id=\"caption-attachment-2877\" class=\"wp-caption-text\">Lijevo: Pismo hazreti Khaliftul Masih V (a.b.a.) posebno napisano za ovu priliku. Desno: osobni odgovor pape Franje<\/p><\/div>\n<p>Hazrat Mirza Masroor Ahmad<sup>a.b.a.<\/sup>\u00a0je prethodno napisao posebnu poruku za papu Benedikta XVI. koju mu je osobno predao Mohammad Sharif Odeh, predsjednik Ahmadija muslimanskog d\u017eemata u Svetoj zemlji. Dio poruke je glasio:<\/p>\n<p>\u201eSa \u017ealjenjem, ako sada pomno promatramo trenutne okolnosti u svijetu, otkrivamo da je temelj za jo\u0161 jedan svjetski rat ve\u0107 postavljen. Kao posljedica tolikog broja zemalja koje posjeduju nuklearno oru\u017eje, zamjeranja i neprijateljstva rastu, a svijet sjedi na rubu uni\u0161tenja.\u201c<\/p>\n<p>\u201eVjerujem da je klju\u010dno da hitno pove\u0107amo na\u0161e napore da spasimo svijet od ovog uni\u0161tenja. Postoji hitna potreba da \u010dovje\u010danstvo prizna svog Stvoritelja jer je to jedini jamac za opstanak \u010dovje\u010danstva.\u201d<a href=\"#_edn5\" name=\"_ednref5\">[v]<\/a><\/p>\n<p>U gornjim porukama vidimo da je hazreti Mirza Masroor Ahmad<sup>a.b.a.<\/sup>, stavio naglasak na dru\u0161tveni mir i pozvao papu, vo\u0111u oko jedne milijarde ljudi diljem svijeta, da odigra svoju ulogu u izgradnji globalnog mira kroz zajedni\u010dke osnove velikih svjetskih vjera.<\/p>\n<p>Vra\u0107aju\u0107i se ne\u0161to vi\u0161e od sto godina unatrag u povijest, vidimo da su takvi napori Ahmadija muslimanske zajednice ostali sastavni dio njene kampanje izgradnje mira, isti\u010du\u0107i bogato naslje\u0111e za me\u0111uvjerski sklad u svjetlu islamskih u\u010denja.<\/p>\n<p>Na putu za Englesku 1924., drugi poglavar muslimanske zajednice Ahmadija, hazreti Mirza Ba\u0161irudin Mahmud Ahmad<sup>r.a.<\/sup>\u00a0zaustavio se u Rimu. Dok je bio tamo, izrazio je \u017eelju susresti papu Pija XI. Zahtjev je odbijen uz obrazlo\u017eenje da zbog obnove papinskih ureda koja je u tijeku takav susret nije mogu\u0107.<\/p>\n<p>Novinari iz\u00a0<em>La Tribune<\/em>\u00a0intervjuirali su hazrat Mirzu Ba\u0161irudin Mahmud Ahmad<sup>r.a.<\/sup>\u00a0i pitali ga o tome \u0161to je namjeravao u\u010diniti tijekom sastanka, da se taj sastanak odr\u017eao. Odgovorio je da bi Papi, budu\u0107i da je plemenit \u010dovjek, ponudio dar koji prili\u010di njegovom statusu i polo\u017eaju \u2013 dar pozivanja na islamsko u\u010denje.<\/p>\n<div id=\"attachment_2878\" style=\"width: 703px\" class=\"wp-caption aligncenter\"><img loading=\"lazy\" decoding=\"async\" aria-describedby=\"caption-attachment-2878\" class=\"wp-image-2878 size-full\" src=\"http:\/\/www.ahmadiyya-islam.org\/hr\/wp-content\/uploads\/sites\/22\/2025\/05\/Screenshot_15.png\" alt=\"\" width=\"693\" height=\"389\" srcset=\"https:\/\/www.ahmadiyya-islam.org\/hr\/wp-content\/uploads\/sites\/22\/2025\/05\/Screenshot_15.png 693w, https:\/\/www.ahmadiyya-islam.org\/hr\/wp-content\/uploads\/sites\/22\/2025\/05\/Screenshot_15-300x168.png 300w, https:\/\/www.ahmadiyya-islam.org\/hr\/wp-content\/uploads\/sites\/22\/2025\/05\/Screenshot_15-400x225.png 400w\" sizes=\"auto, (max-width: 693px) 100vw, 693px\" \/><p id=\"caption-attachment-2878\" class=\"wp-caption-text\">Pismo Ahmadija muslimanske zajednice Papi iz 1924. | arhiv Vatikana<\/p><\/div>\n<p>Do ovog susreta, me\u0111utim, nije moglo do\u0107i, ali je poruka morala do\u0107i do Pape preko tiska.<\/p>\n<p>Vra\u0107aju\u0107i se jo\u0161 dalje u pro\u0161lost, utemeljitelj muslimanske zajednice Ahmadija, hazreti Mirza Ghulam Ahmad<sup>a.s.<\/sup>\u00a0iz\u00a0Kadiana, pozvao je kraljicu Viktoriju, tada\u0161njeg poglavara Engleske crkve, na poruku islama. Pozvao ju je da organizira konferenciju svjetskih religija u Londonu, srcu Britanskog Carstva, gdje bi sve vjere mogle predstaviti svoja u\u010denja u njihovom pravom obliku \u2013 \u0161to je bila prijeka potreba u vrijeme kada su me\u0111uvjerski sukobi ostavili sve religije mistificiranima kroz maglu propagande, kleveta i dezinformacija.<\/p>\n<div id=\"attachment_2879\" style=\"width: 469px\" class=\"wp-caption aligncenter\"><img loading=\"lazy\" decoding=\"async\" aria-describedby=\"caption-attachment-2879\" class=\"wp-image-2879\" src=\"http:\/\/www.ahmadiyya-islam.org\/hr\/wp-content\/uploads\/sites\/22\/2025\/05\/Screenshot_16.png\" alt=\"\" width=\"459\" height=\"650\" srcset=\"https:\/\/www.ahmadiyya-islam.org\/hr\/wp-content\/uploads\/sites\/22\/2025\/05\/Screenshot_16.png 694w, https:\/\/www.ahmadiyya-islam.org\/hr\/wp-content\/uploads\/sites\/22\/2025\/05\/Screenshot_16-212x300.png 212w, https:\/\/www.ahmadiyya-islam.org\/hr\/wp-content\/uploads\/sites\/22\/2025\/05\/Screenshot_16-200x283.png 200w\" sizes=\"auto, (max-width: 459px) 100vw, 459px\" \/><p id=\"caption-attachment-2879\" class=\"wp-caption-text\">The Star of the Empress &#8211; (Zvijezda carice)<\/p><\/div>\n<p>Konferencija se nije mogla odr\u017eati prije 1924. godine kada je tada\u0161nji poglavar Ahmadija zajednice, hazrat Mirza Ba\u0161irudin Mahmud Ahmad\u00a0<sup>r.a.<\/sup>,\u00a0putovao cijelim putem od Indije do Londona s porukom \u201cAhmadijat, pravi islam\u201d.<\/p>\n<p>Sli\u010dno tome, Justin Welby, (sada biv\u0161i) nadbiskup Canterburyja, posjetio je hazrat Mirzu Masroor Ahmada<sup>a.b.a.<\/sup>\u00a0u londonskom tajni\u0161tvu hazreti Khalifatul Masih V<sup>a.b.a.<\/sup>\u00a0u listopadu 2017. godine.<\/p>\n<p>\u017delimo da Engleska crkva i Rimokatoli\u010dka crkva diljem svijeta mogu odabrati vo\u0111u koji ih mo\u017ee voditi kroz najizazovnija vremena \u2013 izazovna ne samo za obje denominacije ve\u0107 i za svijet u cjelini.<\/p>\n<p>Zavr\u0161avamo ovaj dio s nadom i molitvom da se svjetske vjere uskoro mogu okupiti pod jednom zastavom i te\u017eiti globalnom miru i harmoniji \u2013 poziv koji je uputio hazreti Mirza Masroor Ahmad, Khalifatul Masih V<sup>a.b.a.<\/sup>.<\/p>\n<hr \/>\n<p><strong>Bilje\u0161ke:<\/strong><\/p>\n<p><a href=\"#_ednref1\" name=\"_edn1\">[i]<\/a> \u201cIzjava canterburyjskog nadbiskupa\u201d, <a href=\"www.archbishopofcanterbury.org\">www.archbishopofcanterbury.org<\/a>, 12. studenog 2024.<br \/>\n<a href=\"#_ednref2\" name=\"_edn2\">[ii]<\/a> \u201cSvjetski muslimanski vo\u0111a \u010destita papi Franji i Katoli\u010dkoj crkvi\u201d,\u00a0<a href=\"https:\/\/www.pressahmadiyya.com\/press-releases\/2013\/03\/world-muslim-leader-congratulates-pope-francis-catholic-church\/\"><em>www.pressahmadiyya.com<\/em><\/a>\u00a0, 14. o\u017eujka 2013.<br \/>\n<a href=\"#_ednref3\" name=\"_edn3\">[iii]<\/a> \u201cSvjetski muslimanski vo\u0111a \u010destita papi Franji i Katoli\u010dkoj crkvi\u201d,\u00a0<a href=\"https:\/\/www.pressahmadiyya.com\/press-releases\/2013\/03\/world-muslim-leader-congratulates-pope-francis-catholic-church\/\"><em>www.pressahmadiyya.com<\/em><\/a> , 14. o\u017eujka 2013.<br \/>\n<a href=\"#_ednref4\" name=\"_edn4\">[iv]<\/a> \u201cAhmadi muslimanski misionari susre\u0107u se s papom Franjom, koji odaje po\u010dast hazretu Mirzi Masrooru Ahmadu\u201d,\u00a0<a href=\"https:\/\/www.alhakam.org\/ahmadi-muslim-missionaries-meet-pope-francis-who-pays-homage-to-hazrat-mirza-masroor-ahmad\/\"><em>www.alhakam.org<\/em><\/a>\u00a0, 4. studenog 2022.<br \/>\n<a href=\"#_ednref5\" name=\"_edn5\">[v]<\/a> \u201cSvjetski muslimanski vo\u0111a \u0161alje poruku mira papi Benediktu\u201d,\u00a0<a href=\"https:\/\/ahmadiyyauk.org\/world-muslim-leader-sends-message-of-peace-to-pope-benedict\/\"><em>www.ahmadiyyauk.org<\/em><\/a>\u00a0, 1. sije\u010dnja 2012.<\/p>\n","protected":false},"excerpt":{"rendered":"<p>Odlazak pape Franje zna\u010di da su dvije kr\u0161\u0107anske denominacije trenutno bez vo\u0111e &#8211; anglikanci, gdje je Justin Welby, nadbiskup Canterburyja, podnio ostavku prije nekoliko mjeseci, i rimokatolici, koji su ranije zgubili svog pontifeksa.[i] U vrijeme kada je kriza vodstva jedno od, ako ne i najve\u0107e pitanje s kojim se svijet suo\u010dava, ovo je nedvojbeno izazovno<\/p>\n","protected":false},"featured_media":2880,"parent":0,"template":"","tags":[381,436,435],"article-cat":[346],"topics":[20,23],"authors":[],"content_source":[],"class_list":["post-2874","articles","type-articles","status-publish","has-post-thumbnail","hentry","tag-krscanstvo","tag-papa-franjo","tag-vatikan","article-cat-al-hakam","topics-ahmadija","topics-krscanstvo"],"acf":[],"yoast_head":"<!-- This site is optimized with the Yoast SEO Premium plugin v21.1 (Yoast SEO v27.4) - https:\/\/yoast.com\/product\/yoast-seo-premium-wordpress\/ -->\n<title>Papa Franjo i ono \u0161to je on znao o istinskom islamu<\/title>\n<meta name=\"description\" content=\"Odlazak pape Franje zna\u010di da su dvije kr\u0161\u0107anske denominacije trenutno bez vo\u0111e.\" \/>\n<meta name=\"robots\" content=\"index, follow, max-snippet:-1, max-image-preview:large, max-video-preview:-1\" \/>\n<link rel=\"canonical\" href=\"https:\/\/www.ahmadiyya-islam.org\/hr\/clanci\/papa-franjo-i-ono-sto-je-on-znao-o-istinskom-islamu\/\" \/>\n<meta property=\"og:locale\" content=\"hr_HR\" \/>\n<meta property=\"og:type\" content=\"article\" \/>\n<meta property=\"og:title\" content=\"Papa Franjo i ono \u0161to je on znao o istinskom islamu\" \/>\n<meta property=\"og:description\" content=\"Odlazak pape Franje zna\u010di da su dvije kr\u0161\u0107anske denominacije trenutno bez vo\u0111e.\" \/>\n<meta property=\"og:url\" content=\"https:\/\/www.ahmadiyya-islam.org\/hr\/clanci\/papa-franjo-i-ono-sto-je-on-znao-o-istinskom-islamu\/\" \/>\n<meta property=\"og:site_name\" content=\"Ahmadija muslimanski d\u017eamat\" \/>\n<meta property=\"article:modified_time\" content=\"2025-05-12T10:04:37+00:00\" \/>\n<meta property=\"og:image\" content=\"http:\/\/www.ahmadiyya-islam.org\/hr\/wp-content\/uploads\/sites\/22\/2025\/05\/Papa-Franje-.jpg\" \/>\n\t<meta property=\"og:image:width\" content=\"1500\" \/>\n\t<meta property=\"og:image:height\" content=\"750\" \/>\n\t<meta property=\"og:image:type\" content=\"image\/jpeg\" \/>\n<meta name=\"twitter:card\" content=\"summary_large_image\" \/>\n<meta name=\"twitter:label1\" content=\"Procijenjeno vrijeme \u010ditanja\" \/>\n\t<meta name=\"twitter:data1\" content=\"7 minuta\" \/>\n<script type=\"application\/ld+json\" class=\"yoast-schema-graph\">{\"@context\":\"https:\\\/\\\/schema.org\",\"@graph\":[{\"@type\":\"WebPage\",\"@id\":\"https:\\\/\\\/www.ahmadiyya-islam.org\\\/hr\\\/clanci\\\/papa-franjo-i-ono-sto-je-on-znao-o-istinskom-islamu\\\/\",\"url\":\"https:\\\/\\\/www.ahmadiyya-islam.org\\\/hr\\\/clanci\\\/papa-franjo-i-ono-sto-je-on-znao-o-istinskom-islamu\\\/\",\"name\":\"Papa Franjo i ono \u0161to je on znao o istinskom islamu\",\"isPartOf\":{\"@id\":\"https:\\\/\\\/www.ahmadiyya-islam.org\\\/hr\\\/#website\"},\"primaryImageOfPage\":{\"@id\":\"https:\\\/\\\/www.ahmadiyya-islam.org\\\/hr\\\/clanci\\\/papa-franjo-i-ono-sto-je-on-znao-o-istinskom-islamu\\\/#primaryimage\"},\"image\":{\"@id\":\"https:\\\/\\\/www.ahmadiyya-islam.org\\\/hr\\\/clanci\\\/papa-franjo-i-ono-sto-je-on-znao-o-istinskom-islamu\\\/#primaryimage\"},\"thumbnailUrl\":\"https:\\\/\\\/www.ahmadiyya-islam.org\\\/hr\\\/wp-content\\\/uploads\\\/sites\\\/22\\\/2025\\\/05\\\/Papa-Franje-.jpg\",\"datePublished\":\"2025-04-25T09:33:18+00:00\",\"dateModified\":\"2025-05-12T10:04:37+00:00\",\"description\":\"Odlazak pape Franje zna\u010di da su dvije kr\u0161\u0107anske denominacije trenutno bez vo\u0111e.\",\"breadcrumb\":{\"@id\":\"https:\\\/\\\/www.ahmadiyya-islam.org\\\/hr\\\/clanci\\\/papa-franjo-i-ono-sto-je-on-znao-o-istinskom-islamu\\\/#breadcrumb\"},\"inLanguage\":\"hr\",\"potentialAction\":[{\"@type\":\"ReadAction\",\"target\":[\"https:\\\/\\\/www.ahmadiyya-islam.org\\\/hr\\\/clanci\\\/papa-franjo-i-ono-sto-je-on-znao-o-istinskom-islamu\\\/\"]}]},{\"@type\":\"ImageObject\",\"inLanguage\":\"hr\",\"@id\":\"https:\\\/\\\/www.ahmadiyya-islam.org\\\/hr\\\/clanci\\\/papa-franjo-i-ono-sto-je-on-znao-o-istinskom-islamu\\\/#primaryimage\",\"url\":\"https:\\\/\\\/www.ahmadiyya-islam.org\\\/hr\\\/wp-content\\\/uploads\\\/sites\\\/22\\\/2025\\\/05\\\/Papa-Franje-.jpg\",\"contentUrl\":\"https:\\\/\\\/www.ahmadiyya-islam.org\\\/hr\\\/wp-content\\\/uploads\\\/sites\\\/22\\\/2025\\\/05\\\/Papa-Franje-.jpg\",\"width\":1500,\"height\":750},{\"@type\":\"BreadcrumbList\",\"@id\":\"https:\\\/\\\/www.ahmadiyya-islam.org\\\/hr\\\/clanci\\\/papa-franjo-i-ono-sto-je-on-znao-o-istinskom-islamu\\\/#breadcrumb\",\"itemListElement\":[{\"@type\":\"ListItem\",\"position\":1,\"name\":\"Home\",\"item\":\"https:\\\/\\\/www.ahmadiyya-islam.org\\\/hr\\\/\"},{\"@type\":\"ListItem\",\"position\":2,\"name\":\"\u010clanci\",\"item\":\"https:\\\/\\\/www.ahmadiyya-islam.org\\\/hr\\\/clanci\\\/\"},{\"@type\":\"ListItem\",\"position\":3,\"name\":\"Papa Franjo i ono \u0161to je on znao o istinskom islamu\"}]},{\"@type\":\"WebSite\",\"@id\":\"https:\\\/\\\/www.ahmadiyya-islam.org\\\/hr\\\/#website\",\"url\":\"https:\\\/\\\/www.ahmadiyya-islam.org\\\/hr\\\/\",\"name\":\"Ahmadija muslimanski d\u017eamat\",\"description\":\"Hrvatska\",\"potentialAction\":[{\"@type\":\"SearchAction\",\"target\":{\"@type\":\"EntryPoint\",\"urlTemplate\":\"https:\\\/\\\/www.ahmadiyya-islam.org\\\/hr\\\/?s={search_term_string}\"},\"query-input\":{\"@type\":\"PropertyValueSpecification\",\"valueRequired\":true,\"valueName\":\"search_term_string\"}}],\"inLanguage\":\"hr\"}]}<\/script>\n<!-- \/ Yoast SEO Premium plugin. -->","yoast_head_json":{"title":"Papa Franjo i ono \u0161to je on znao o istinskom islamu","description":"Odlazak pape Franje zna\u010di da su dvije kr\u0161\u0107anske denominacije trenutno bez vo\u0111e.","robots":{"index":"index","follow":"follow","max-snippet":"max-snippet:-1","max-image-preview":"max-image-preview:large","max-video-preview":"max-video-preview:-1"},"canonical":"https:\/\/www.ahmadiyya-islam.org\/hr\/clanci\/papa-franjo-i-ono-sto-je-on-znao-o-istinskom-islamu\/","og_locale":"hr_HR","og_type":"article","og_title":"Papa Franjo i ono \u0161to je on znao o istinskom islamu","og_description":"Odlazak pape Franje zna\u010di da su dvije kr\u0161\u0107anske denominacije trenutno bez vo\u0111e.","og_url":"https:\/\/www.ahmadiyya-islam.org\/hr\/clanci\/papa-franjo-i-ono-sto-je-on-znao-o-istinskom-islamu\/","og_site_name":"Ahmadija muslimanski d\u017eamat","article_modified_time":"2025-05-12T10:04:37+00:00","og_image":[{"width":1500,"height":750,"url":"http:\/\/www.ahmadiyya-islam.org\/hr\/wp-content\/uploads\/sites\/22\/2025\/05\/Papa-Franje-.jpg","type":"image\/jpeg"}],"twitter_card":"summary_large_image","twitter_misc":{"Procijenjeno vrijeme \u010ditanja":"7 minuta"},"schema":{"@context":"https:\/\/schema.org","@graph":[{"@type":"WebPage","@id":"https:\/\/www.ahmadiyya-islam.org\/hr\/clanci\/papa-franjo-i-ono-sto-je-on-znao-o-istinskom-islamu\/","url":"https:\/\/www.ahmadiyya-islam.org\/hr\/clanci\/papa-franjo-i-ono-sto-je-on-znao-o-istinskom-islamu\/","name":"Papa Franjo i ono \u0161to je on znao o istinskom islamu","isPartOf":{"@id":"https:\/\/www.ahmadiyya-islam.org\/hr\/#website"},"primaryImageOfPage":{"@id":"https:\/\/www.ahmadiyya-islam.org\/hr\/clanci\/papa-franjo-i-ono-sto-je-on-znao-o-istinskom-islamu\/#primaryimage"},"image":{"@id":"https:\/\/www.ahmadiyya-islam.org\/hr\/clanci\/papa-franjo-i-ono-sto-je-on-znao-o-istinskom-islamu\/#primaryimage"},"thumbnailUrl":"https:\/\/www.ahmadiyya-islam.org\/hr\/wp-content\/uploads\/sites\/22\/2025\/05\/Papa-Franje-.jpg","datePublished":"2025-04-25T09:33:18+00:00","dateModified":"2025-05-12T10:04:37+00:00","description":"Odlazak pape Franje zna\u010di da su dvije kr\u0161\u0107anske denominacije trenutno bez vo\u0111e.","breadcrumb":{"@id":"https:\/\/www.ahmadiyya-islam.org\/hr\/clanci\/papa-franjo-i-ono-sto-je-on-znao-o-istinskom-islamu\/#breadcrumb"},"inLanguage":"hr","potentialAction":[{"@type":"ReadAction","target":["https:\/\/www.ahmadiyya-islam.org\/hr\/clanci\/papa-franjo-i-ono-sto-je-on-znao-o-istinskom-islamu\/"]}]},{"@type":"ImageObject","inLanguage":"hr","@id":"https:\/\/www.ahmadiyya-islam.org\/hr\/clanci\/papa-franjo-i-ono-sto-je-on-znao-o-istinskom-islamu\/#primaryimage","url":"https:\/\/www.ahmadiyya-islam.org\/hr\/wp-content\/uploads\/sites\/22\/2025\/05\/Papa-Franje-.jpg","contentUrl":"https:\/\/www.ahmadiyya-islam.org\/hr\/wp-content\/uploads\/sites\/22\/2025\/05\/Papa-Franje-.jpg","width":1500,"height":750},{"@type":"BreadcrumbList","@id":"https:\/\/www.ahmadiyya-islam.org\/hr\/clanci\/papa-franjo-i-ono-sto-je-on-znao-o-istinskom-islamu\/#breadcrumb","itemListElement":[{"@type":"ListItem","position":1,"name":"Home","item":"https:\/\/www.ahmadiyya-islam.org\/hr\/"},{"@type":"ListItem","position":2,"name":"\u010clanci","item":"https:\/\/www.ahmadiyya-islam.org\/hr\/clanci\/"},{"@type":"ListItem","position":3,"name":"Papa Franjo i ono \u0161to je on znao o istinskom islamu"}]},{"@type":"WebSite","@id":"https:\/\/www.ahmadiyya-islam.org\/hr\/#website","url":"https:\/\/www.ahmadiyya-islam.org\/hr\/","name":"Ahmadija muslimanski d\u017eamat","description":"Hrvatska","potentialAction":[{"@type":"SearchAction","target":{"@type":"EntryPoint","urlTemplate":"https:\/\/www.ahmadiyya-islam.org\/hr\/?s={search_term_string}"},"query-input":{"@type":"PropertyValueSpecification","valueRequired":true,"valueName":"search_term_string"}}],"inLanguage":"hr"}]}},"_links":{"self":[{"href":"https:\/\/www.ahmadiyya-islam.org\/hr\/wp-json\/wp\/v2\/articles\/2874","targetHints":{"allow":["GET"]}}],"collection":[{"href":"https:\/\/www.ahmadiyya-islam.org\/hr\/wp-json\/wp\/v2\/articles"}],"about":[{"href":"https:\/\/www.ahmadiyya-islam.org\/hr\/wp-json\/wp\/v2\/types\/articles"}],"version-history":[{"count":1,"href":"https:\/\/www.ahmadiyya-islam.org\/hr\/wp-json\/wp\/v2\/articles\/2874\/revisions"}],"predecessor-version":[{"id":2882,"href":"https:\/\/www.ahmadiyya-islam.org\/hr\/wp-json\/wp\/v2\/articles\/2874\/revisions\/2882"}],"wp:featuredmedia":[{"embeddable":true,"href":"https:\/\/www.ahmadiyya-islam.org\/hr\/wp-json\/wp\/v2\/media\/2880"}],"wp:attachment":[{"href":"https:\/\/www.ahmadiyya-islam.org\/hr\/wp-json\/wp\/v2\/media?parent=2874"}],"wp:term":[{"taxonomy":"post_tag","embeddable":true,"href":"https:\/\/www.ahmadiyya-islam.org\/hr\/wp-json\/wp\/v2\/tags?post=2874"},{"taxonomy":"article-cat","embeddable":true,"href":"https:\/\/www.ahmadiyya-islam.org\/hr\/wp-json\/wp\/v2\/article-cat?post=2874"},{"taxonomy":"topics","embeddable":true,"href":"https:\/\/www.ahmadiyya-islam.org\/hr\/wp-json\/wp\/v2\/topics?post=2874"},{"taxonomy":"authors","embeddable":true,"href":"https:\/\/www.ahmadiyya-islam.org\/hr\/wp-json\/wp\/v2\/authors?post=2874"},{"taxonomy":"content_source","embeddable":true,"href":"https:\/\/www.ahmadiyya-islam.org\/hr\/wp-json\/wp\/v2\/content_source?post=2874"}],"curies":[{"name":"wp","href":"https:\/\/api.w.org\/{rel}","templated":true}]}}